{"id":2101286,"date":"2026-08-18T20:06:49","date_gmt":"2026-08-18T17:06:49","guid":{"rendered":"https:\/\/analyse.optim.biz\/?p=2101286"},"modified":"2026-08-18T20:06:49","modified_gmt":"2026-08-18T17:06:49","slug":"mai-multa-transparenta-la-primaria-buzau","status":"publish","type":"post","link":"https:\/\/analyse.optim.biz\/?p=2101286","title":{"rendered":"Mai mult\u0103 transparen\u0163\u0103 la Prim\u0103ria Buz\u0103u?"},"content":{"rendered":"<p>[analyse_image type=&#8221;featured&#8221; src=&#8221;https:\/\/www.tvbuzau.ro\/wp-content\/uploads\/2026\/08\/sddefault-34.jpghttps:\/\/www.tvbuzau.ro\/wp-content\/uploads\/2026\/08\/sddefault-34.jpg&#8221;]<\/p>\n<div class=\"td-ss-main-content\">\n<article id=\"post-120075\" class=\"post-120075 post type-post status-publish format-video has-post-thumbnail hentry category-actualitate post_format-post-format-video\">\n<div class=\"td-post-header\">\n<ul class=\"td-category\">\n<li class=\"entry-category\"><a href=\"https:\/\/www.tvbuzau.ro\/category\/actualitate\/\">Actualitate<\/a><\/li>\n<\/ul>\n<header class=\"td-post-title\">\n<h1 class=\"entry-title\">Mai mult\u0103 transparen\u0163\u0103 la Prim\u0103ria Buz\u0103u?<\/h1>\n<div class=\"td-module-meta-info\">\n<div class=\"td-post-author-name\">De c\u0103tre <a href=\"https:\/\/www.tvbuzau.ro\/author\/mihai-vasilescu\/\">TV Buz\u0103u<\/a> &#8211; <\/div>\n<p><span class=\"td-post-date\"><time class=\"entry-date updated td-module-date\" datetime=\"2026-08-18T20:06:49+00:00\">august 18, 2026<\/time><\/span><\/p>\n<div class=\"td-post-comments\"><a href=\"https:\/\/www.tvbuzau.ro\/mai-multa-transparenta-la-primaria-buzau\/#respond\">0<\/a><\/div>\n<div class=\"td-post-views\"><span class=\"td-nr-views-120075\">3<\/span><\/div>\n<\/div>\n<\/header>\n<\/div>\n<div class=\"td-post-sharing td-post-sharing-top td-with-like\">\n<div class=\"td-default-sharing\"><a class=\"td-social-sharing-buttons td-social-facebook\" href=\"http:\/\/www.facebook.com\/sharer.php?u=https%3A%2F%2Fwww.tvbuzau.ro%2Fmai-multa-transparenta-la-primaria-buzau%2F\"><\/p>\n<div class=\"td-social-but-text\">Distribui\u021bi pe Facebook<\/div>\n<p><\/a><a class=\"td-social-sharing-buttons td-social-twitter\" href=\"https:\/\/twitter.com\/intent\/tweet?text=Mai+mult%C4%83+transparen%C5%A3%C4%83+la+Prim%C4%83ria+Buz%C4%83u%3F&amp;url=https%3A%2F%2Fwww.tvbuzau.ro%2Fmai-multa-transparenta-la-primaria-buzau%2F&amp;via=TV+Buz%C4%83u\"><\/p>\n<div class=\"td-social-but-text\">Distribui\u021bi pe Twitter<\/div>\n<p><\/a><\/div>\n<div class=\"td-classic-sharing\">\n<ul>\n<li class=\"td-classic-facebook\"><iframe frameborder src=\"https:\/\/www.facebook.com\/plugins\/like.php?href=https:\/\/www.tvbuzau.ro\/mai-multa-transparenta-la-primaria-buzau\/&amp;layout=button_count&amp;show_faces=false&amp;width=105&amp;action=like&amp;colorscheme=light&amp;height=21\"><\/iframe><\/li>\n<li class=\"td-classic-twitter\"><a href=\"https:\/\/twitter.com\/share\" class=\"twitter-share-button\" data-url=\"https:\/\/www.tvbuzau.ro\/mai-multa-transparenta-la-primaria-buzau\/\" data-text=\"Mai mult\u0103 transparen\u0163\u0103 la Prim\u0103ria Buz\u0103u?\" data-via data-lang=\"en\">tweet<\/a><\/li>\n<\/ul>\n<\/div>\n<\/div>\n<div class=\"td-post-content\">\n<div class=\"td-featured-image-rec\">\n<div class=\"wpb_video_wrapper\">\n                    <iframe loading=\"lazy\" id=\"td_youtube_player\" width=\"600\" height=\"560\" src=\"https:\/\/www.youtube.com\/embed\/t7qFCxE2jpI?enablejsapi=1&amp;feature=oembed&amp;wmode=opaque&amp;vq=hd720\" frameborder allowfullscreen><\/iframe><\/p><\/div>\n<\/div>\n<p>Toate datele despre investi\u0163ii \u00eentr-un singur loc<br \/>\nConsilierul local municipal buzoian, Lauren\u0163iu Stilpeanu a propus crearea \u00een site-ul Prim\u0103riei Municipiului Buz\u0103u a unei sec\u021biuni intitulate \u201eInvesti\u021bii Publice\u201d, \u00een care s\u0103 se dea publicit\u0103\u0163ii informa\u021bii privind investi\u021biile promovate de c\u0103tre autoritatea local\u0103. Alesul a solicitat transprentizarea denumirii proiectelor, descrierea lucr\u0103rilor, data aprob\u0103rii indicatorilor tehnico-economici, data estimat\u0103 de \u00eencepere, durata proiectelor, valoarea total\u0103 (inclusiv TVA), sursele de finan\u021bare, indicatori de performan\u021b\u0103 \u0219i impact, inclusiv graficul de execu\u021bie \u015fi modific\u0103rile intervenite privind costurile \u015fi termenele, \u00eenso\u021bite de justific\u0103ri. Proiectul alesului local a fost determint de faptul c\u0103 accesul la datele despre investi\u021bii se afl\u0103 \u00een site-ul prim\u0103riei \u00een locuri diferite, iar urm\u0103rirea implement\u0103rii unor investi\u0163ii presupune c\u0103ut\u0103ri multiple, ceea \u0441\u0435 \u00eengreuneaz\u0103 monitorizarea acestora de c\u0103tre publicul larg. Totodat\u0103, \u00een contextul actual al digitaliz\u0103rii administra\u021biei publice \u015fi al cre\u015fterii exigen\u021belor cet\u0103\u021benilor privind transparen\u021ba utiliz\u0103rii fondurilor publice, se impune o actualizare a modului de comunicare a proiectelor de dezvoltare local\u0103.<br \/>\nProiectul a fost sus\u0163inut de ceilal\u0163i consilieri locali.<br \/>\nInforma\u021biile din sec\u021biunea \u201eInvesti\u021bii publice\u201d vor fi transmise \u0219i actualizate periodic. Sec\u0163iunea\u201dInvesti\u021bii publice\u201d se va crea \u00een site la capitolul \u201eTransparen\u021b\u0103\u201d.<\/p>\n<div class=\"post-views post-120075 entry-meta\"><span class=\"post-views-label\">Post Views: <\/span><span class=\"post-views-count\">153<\/span><\/div>\n<\/div>\n<footer>\n<div class=\"td-post-sharing td-post-sharing-bottom td-with-like\"><span class=\"td-post-share-title\">DISTRIBUI\u021aI<\/span><\/p>\n<div class=\"td-default-sharing\"><a class=\"td-social-sharing-buttons td-social-facebook\" href=\"http:\/\/www.facebook.com\/sharer.php?u=https%3A%2F%2Fwww.tvbuzau.ro%2Fmai-multa-transparenta-la-primaria-buzau%2F\"><\/p>\n<div class=\"td-social-but-text\">Facebook<\/div>\n<p><\/a><a class=\"td-social-sharing-buttons td-social-twitter\" href=\"https:\/\/twitter.com\/intent\/tweet?text=Mai+mult%C4%83+transparen%C5%A3%C4%83+la+Prim%C4%83ria+Buz%C4%83u%3F&amp;url=https%3A%2F%2Fwww.tvbuzau.ro%2Fmai-multa-transparenta-la-primaria-buzau%2F&amp;via=TV+Buz%C4%83u\"><\/p>\n<div class=\"td-social-but-text\">Twitter<\/div>\n<p><\/a><\/div>\n<div class=\"td-classic-sharing\">\n<ul>\n<li class=\"td-classic-facebook\"><iframe frameborder src=\"https:\/\/www.facebook.com\/plugins\/like.php?href=https:\/\/www.tvbuzau.ro\/mai-multa-transparenta-la-primaria-buzau\/&amp;layout=button_count&amp;show_faces=false&amp;width=105&amp;action=like&amp;colorscheme=light&amp;height=21\"><\/iframe><\/li>\n<li class=\"td-classic-twitter\"><a href=\"https:\/\/twitter.com\/share\" class=\"twitter-share-button\" data-url=\"https:\/\/www.tvbuzau.ro\/mai-multa-transparenta-la-primaria-buzau\/\" data-text=\"Mai mult\u0103 transparen\u0163\u0103 la Prim\u0103ria Buz\u0103u?\" data-via data-lang=\"en\">tweet<\/a><\/li>\n<\/ul>\n<\/div>\n<\/div>\n<div class=\"td-author-name vcard author\"><span class=\"fn\"><a href=\"https:\/\/www.tvbuzau.ro\/author\/mihai-vasilescu\/\">TV Buz\u0103u<\/a><\/span><\/div>\n<p><span><\/span><span><span><\/span><\/span><span><\/span><\/footer>\n<\/article>\n<div class=\"td_block_wrap td_block_related_posts td_uid_1_6a85ffb351273_rand td_with_ajax_pagination td-pb-border-top\" data-td-block-uid=\"td_uid_1_6a85ffb351273\">\n<h4 class=\"td-related-title\"><a id=\"td_uid_2_6a85ffb356951\" class=\"td-related-left td-cur-simple-item\" data-td_filter_value data-td_block_id=\"td_uid_1_6a85ffb351273\" href=\"https:\/\/www.tvbuzau.ro\/mai-multa-transparenta-la-primaria-buzau\/\">ARTICOLE SIMILARE<\/a><a id=\"td_uid_3_6a85ffb35698d\" class=\"td-related-right\" data-td_filter_value=\"td_related_more_from_author\" data-td_block_id=\"td_uid_1_6a85ffb351273\" href=\"https:\/\/www.tvbuzau.ro\/mai-multa-transparenta-la-primaria-buzau\/\">DE LA ACELA\u0218I AUTOR<\/a><\/h4>\n<div id=\"td_uid_1_6a85ffb351273\" class=\"td_block_inner\">\n<div class=\"td-related-row\">\n<div class=\"td-related-span4\">\n<div class=\"td_module_related_posts td-animation-stack td_mod_related_posts\">\n<div class=\"td-module-image\">\n<div class=\"td-module-thumb\"><a href=\"https:\/\/www.tvbuzau.ro\/95-dintre-pacientii-buzoieni-apreciaza-serviciile-spitalului-judetean\/\" rel=\"bookmark\" title=\"95% dintre pacien\u0163ii buzoieni apreciaz\u0103 serviciile Spitalului Jude\u0163ean\"><img loading=\"lazy\" decoding=\"async\" width=\"218\" height=\"150\" class=\"entry-thumb\" src=\"https:\/\/www.tvbuzau.ro\/wp-content\/uploads\/2026\/08\/hqdefault-26-218x150.jpg\" alt title=\"95% dintre pacien\u0163ii buzoieni apreciaz\u0103 serviciile Spitalului Jude\u0163ean\"><span class=\"td-video-play-ico\"><img loading=\"lazy\" decoding=\"async\" width=\"40\" height=\"40\" class=\"td-retina\" src=\"https:\/\/www.tvbuzau.ro\/wp-content\/themes\/Newspaper\/images\/icons\/ico-video-large.png\" alt=\"video\"><\/span><\/a><\/div>\n<p><a href=\"https:\/\/www.tvbuzau.ro\/category\/actualitate\/\" class=\"td-post-category\">Actualitate<\/a><\/div>\n<div class=\"item-details\">\n<h3 class=\"entry-title td-module-title\"><a href=\"https:\/\/www.tvbuzau.ro\/95-dintre-pacientii-buzoieni-apreciaza-serviciile-spitalului-judetean\/\" rel=\"bookmark\" title=\"95% dintre pacien\u0163ii buzoieni apreciaz\u0103 serviciile Spitalului Jude\u0163ean\">95% dintre pacien\u0163ii buzoieni apreciaz\u0103 serviciile Spitalului Jude\u0163ean<\/a><\/h3>\n<\/div>\n<\/div>\n<\/div>\n<div class=\"td-related-span4\">\n<div class=\"td_module_related_posts td-animation-stack td_mod_related_posts\">\n<div class=\"td-module-image\">\n<div class=\"td-module-thumb\"><a href=\"https:\/\/www.tvbuzau.ro\/nu-au-putut-sa-isi-cumpere-loc-de-parcare-pentru-datorii-de-cativa-lei\/\" rel=\"bookmark\" title=\"Nu au putut s\u0103 \u00ee\u015fi cumpere loc de parcare pentru datorii de c\u00e2\u0163iva lei\"><img loading=\"lazy\" decoding=\"async\" width=\"218\" height=\"150\" class=\"entry-thumb\" src=\"https:\/\/www.tvbuzau.ro\/wp-content\/uploads\/2026\/08\/hqdefault-25-218x150.jpg\" alt title=\"Nu au putut s\u0103 \u00ee\u015fi cumpere loc de parcare pentru datorii de c\u00e2\u0163iva lei\"><span class=\"td-video-play-ico\"><img loading=\"lazy\" decoding=\"async\" width=\"40\" height=\"40\" class=\"td-retina\" src=\"https:\/\/www.tvbuzau.ro\/wp-content\/themes\/Newspaper\/images\/icons\/ico-video-large.png\" alt=\"video\"><\/span><\/a><\/div>\n<p><a href=\"https:\/\/www.tvbuzau.ro\/category\/actualitate\/\" class=\"td-post-category\">Actualitate<\/a><\/div>\n<div class=\"item-details\">\n<h3 class=\"entry-title td-module-title\"><a href=\"https:\/\/www.tvbuzau.ro\/nu-au-putut-sa-isi-cumpere-loc-de-parcare-pentru-datorii-de-cativa-lei\/\" rel=\"bookmark\" title=\"Nu au putut s\u0103 \u00ee\u015fi cumpere loc de parcare pentru datorii de c\u00e2\u0163iva lei\">Nu au putut s\u0103 \u00ee\u015fi cumpere loc de parcare pentru datorii de c\u00e2\u0163iva lei<\/a><\/h3>\n<\/div>\n<\/div>\n<\/div>\n<div class=\"td-related-span4\">\n<div class=\"td_module_related_posts td-animation-stack td_mod_related_posts\">\n<div class=\"td-module-image\">\n<div class=\"td-module-thumb\"><a href=\"https:\/\/www.tvbuzau.ro\/medicii-spitalului-judetean-vorbesc-despre-sarcina-ectopica\/\" rel=\"bookmark\" title=\"Medicii Spitalului Jude\u0163ean vorbesc despre sarcina ectopic\u0103\"><img loading=\"lazy\" decoding=\"async\" width=\"218\" height=\"150\" class=\"entry-thumb\" src=\"https:\/\/www.tvbuzau.ro\/wp-content\/uploads\/2026\/08\/sddefault-36-218x150.jpg\" alt title=\"Medicii Spitalului Jude\u0163ean vorbesc despre sarcina ectopic\u0103\"><span class=\"td-video-play-ico\"><img loading=\"lazy\" decoding=\"async\" width=\"40\" height=\"40\" class=\"td-retina\" src=\"https:\/\/www.tvbuzau.ro\/wp-content\/themes\/Newspaper\/images\/icons\/ico-video-large.png\" alt=\"video\"><\/span><\/a><\/div>\n<p><a href=\"https:\/\/www.tvbuzau.ro\/category\/actualitate\/\" class=\"td-post-category\">Actualitate<\/a><\/div>\n<div class=\"item-details\">\n<h3 class=\"entry-title td-module-title\"><a href=\"https:\/\/www.tvbuzau.ro\/medicii-spitalului-judetean-vorbesc-despre-sarcina-ectopica\/\" rel=\"bookmark\" title=\"Medicii Spitalului Jude\u0163ean vorbesc despre sarcina ectopic\u0103\">Medicii Spitalului Jude\u0163ean vorbesc despre sarcina ectopic\u0103<\/a><\/h3>\n<\/div>\n<\/div>\n<\/div>\n<\/div>\n<div class=\"td-related-row\">\n<div class=\"td-related-span4\">\n<div class=\"td_module_related_posts td-animation-stack td_mod_related_posts\">\n<div class=\"td-module-image\">\n<div class=\"td-module-thumb\"><a href=\"https:\/\/www.tvbuzau.ro\/noi-angajari-la-spitalul-judetean-buzau-2\/\" rel=\"bookmark\" title=\"Noi angaj\u0103ri la Spitalul Jude\u0163ean Buz\u0103u\"><img loading=\"lazy\" decoding=\"async\" width=\"218\" height=\"150\" class=\"entry-thumb\" src=\"https:\/\/www.tvbuzau.ro\/wp-content\/uploads\/2026\/08\/sddefault-35-218x150.jpg\" alt title=\"Noi angaj\u0103ri la Spitalul Jude\u0163ean Buz\u0103u\"><span class=\"td-video-play-ico\"><img loading=\"lazy\" decoding=\"async\" width=\"40\" height=\"40\" class=\"td-retina\" src=\"https:\/\/www.tvbuzau.ro\/wp-content\/themes\/Newspaper\/images\/icons\/ico-video-large.png\" alt=\"video\"><\/span><\/a><\/div>\n<p><a href=\"https:\/\/www.tvbuzau.ro\/category\/actualitate\/\" class=\"td-post-category\">Actualitate<\/a><\/div>\n<div class=\"item-details\">\n<h3 class=\"entry-title td-module-title\"><a href=\"https:\/\/www.tvbuzau.ro\/noi-angajari-la-spitalul-judetean-buzau-2\/\" rel=\"bookmark\" title=\"Noi angaj\u0103ri la Spitalul Jude\u0163ean Buz\u0103u\">Noi angaj\u0103ri la Spitalul Jude\u0163ean Buz\u0103u<\/a><\/h3>\n<\/div>\n<\/div>\n<\/div>\n<div class=\"td-related-span4\">\n<div class=\"td_module_related_posts td-animation-stack td_mod_related_posts\">\n<div class=\"td-module-image\">\n<div class=\"td-module-thumb\"><a href=\"https:\/\/www.tvbuzau.ro\/se-mai-construiesc-blocuri-in-municipiul-buzau\/\" rel=\"bookmark\" title=\"Se mai construiesc blocuri \u00een municipiul Buz\u0103u?\"><img loading=\"lazy\" decoding=\"async\" width=\"218\" height=\"150\" class=\"entry-thumb\" src=\"https:\/\/www.tvbuzau.ro\/wp-content\/uploads\/2026\/08\/hqdefault-24-218x150.jpg\" alt title=\"Se mai construiesc blocuri \u00een municipiul Buz\u0103u?\"><span class=\"td-video-play-ico\"><img loading=\"lazy\" decoding=\"async\" width=\"40\" height=\"40\" class=\"td-retina\" src=\"https:\/\/www.tvbuzau.ro\/wp-content\/themes\/Newspaper\/images\/icons\/ico-video-large.png\" alt=\"video\"><\/span><\/a><\/div>\n<p><a href=\"https:\/\/www.tvbuzau.ro\/category\/actualitate\/\" class=\"td-post-category\">Actualitate<\/a><\/div>\n<div class=\"item-details\">\n<h3 class=\"entry-title td-module-title\"><a href=\"https:\/\/www.tvbuzau.ro\/se-mai-construiesc-blocuri-in-municipiul-buzau\/\" rel=\"bookmark\" title=\"Se mai construiesc blocuri \u00een municipiul Buz\u0103u?\">Se mai construiesc blocuri \u00een municipiul Buz\u0103u?<\/a><\/h3>\n<\/div>\n<\/div>\n<\/div>\n<div class=\"td-related-span4\">\n<div class=\"td_module_related_posts td-animation-stack td_mod_related_posts\">\n<div class=\"td-module-image\">\n<div class=\"td-module-thumb\"><a href=\"https:\/\/www.tvbuzau.ro\/peste-20-000-de-buzoieni-au-ales-factura-verde\/\" rel=\"bookmark\" title=\"Peste 20.000 de buzoieni au ales Factura Verde\"><img loading=\"lazy\" decoding=\"async\" width=\"218\" height=\"150\" class=\"entry-thumb\" src=\"https:\/\/www.tvbuzau.ro\/wp-content\/uploads\/2026\/08\/sddefault-33-218x150.jpg\" alt title=\"Peste 20.000 de buzoieni au ales Factura Verde\"><span class=\"td-video-play-ico\"><img loading=\"lazy\" decoding=\"async\" width=\"40\" height=\"40\" class=\"td-retina\" src=\"https:\/\/www.tvbuzau.ro\/wp-content\/themes\/Newspaper\/images\/icons\/ico-video-large.png\" alt=\"video\"><\/span><\/a><\/div>\n<p><a href=\"https:\/\/www.tvbuzau.ro\/category\/actualitate\/\" class=\"td-post-category\">Actualitate<\/a><\/div>\n<div class=\"item-details\">\n<h3 class=\"entry-title td-module-title\"><a href=\"https:\/\/www.tvbuzau.ro\/peste-20-000-de-buzoieni-au-ales-factura-verde\/\" rel=\"bookmark\" title=\"Peste 20.000 de buzoieni au ales Factura Verde\">Peste 20.000 de buzoieni au ales Factura Verde<\/a><\/h3>\n<\/div>\n<\/div>\n<\/div>\n<\/div>\n<\/div>\n<\/div>\n<div class=\"comments\" id=\"comments\">\n<div id=\"respond\" class=\"comment-respond\">\n<h3 id=\"reply-title\" class=\"comment-reply-title\">L\u0102SA\u021aI UN MESAJ <small><a rel=\"nofollow\" id=\"cancel-comment-reply-link\" href=\"https:\/\/www.tvbuzau.ro\/mai-multa-transparenta-la-primaria-buzau\/#respond\">Renun\u021ba\u021bi la r\u0103spuns<\/a><\/small><\/h3>\n<\/div>\n<\/div>\n<\/div>\n<div class=\"td-post-content\">\n<div class=\"td-featured-image-rec\">\n<div class=\"wpb_video_wrapper\">\n                    <iframe loading=\"lazy\" id=\"td_youtube_player\" width=\"600\" height=\"560\" src=\"https:\/\/www.youtube.com\/embed\/t7qFCxE2jpI?enablejsapi=1&amp;feature=oembed&amp;wmode=opaque&amp;vq=hd720\" frameborder allowfullscreen><\/iframe><\/p><\/div>\n<\/div>\n<p>Toate datele despre investi\u0163ii \u00eentr-un singur loc<br \/>\nConsilierul local municipal buzoian, Lauren\u0163iu Stilpeanu a propus crearea \u00een site-ul Prim\u0103riei Municipiului Buz\u0103u a unei sec\u021biuni intitulate \u201eInvesti\u021bii Publice\u201d, \u00een care s\u0103 se dea publicit\u0103\u0163ii informa\u021bii privind investi\u021biile promovate de c\u0103tre autoritatea local\u0103. Alesul a solicitat transprentizarea denumirii proiectelor, descrierea lucr\u0103rilor, data aprob\u0103rii indicatorilor tehnico-economici, data estimat\u0103 de \u00eencepere, durata proiectelor, valoarea total\u0103 (inclusiv TVA), sursele de finan\u021bare, indicatori de performan\u021b\u0103 \u0219i impact, inclusiv graficul de execu\u021bie \u015fi modific\u0103rile intervenite privind costurile \u015fi termenele, \u00eenso\u021bite de justific\u0103ri. Proiectul alesului local a fost determint de faptul c\u0103 accesul la datele despre investi\u021bii se afl\u0103 \u00een site-ul prim\u0103riei \u00een locuri diferite, iar urm\u0103rirea implement\u0103rii unor investi\u0163ii presupune c\u0103ut\u0103ri multiple, ceea \u0441\u0435 \u00eengreuneaz\u0103 monitorizarea acestora de c\u0103tre publicul larg. Totodat\u0103, \u00een contextul actual al digitaliz\u0103rii administra\u021biei publice \u015fi al cre\u015fterii exigen\u021belor cet\u0103\u021benilor privind transparen\u021ba utiliz\u0103rii fondurilor publice, se impune o actualizare a modului de comunicare a proiectelor de dezvoltare local\u0103.<br \/>\nProiectul a fost sus\u0163inut de ceilal\u0163i consilieri locali.<br \/>\nInforma\u021biile din sec\u021biunea \u201eInvesti\u021bii publice\u201d vor fi transmise \u0219i actualizate periodic. Sec\u0163iunea\u201dInvesti\u021bii publice\u201d se va crea \u00een site la capitolul \u201eTransparen\u021b\u0103\u201d.<\/p>\n<div class=\"post-views post-120075 entry-meta\"><span class=\"post-views-label\">Post Views: <\/span><span class=\"post-views-count\">153<\/span><\/div>\n<\/div>\n<p>[analyse_source url=&#8221;https:\/\/www.tvbuzau.ro\/mai-multa-transparenta-la-primaria-buzau\/&#8221;]<\/p>\n","protected":false},"excerpt":{"rendered":"<p>[analyse_image type=&#8221;featured&#8221; src=&#8221;https:\/\/www.tvbuzau.ro\/wp-content\/uploads\/2026\/08\/sddefault-34.jpghttps:\/\/www.tvbuzau.ro\/wp-content\/uploads\/2026\/08\/sddefault-34.jpg&#8221;] Actualitate Mai mult\u0103 transparen\u0163\u0103 la Prim\u0103ria Buz\u0103u? De c\u0103tre TV Buz\u0103u &#8211; august 18, 2026 0 3 Distribui\u021bi pe Facebook Distribui\u021bi pe Twitter tweet Toate datele despre investi\u0163ii \u00eentr-un singur loc Consilierul local municipal buzoian, Lauren\u0163iu Stilpeanu a propus crearea \u00een site-ul Prim\u0103riei Municipiului Buz\u0103u a unei sec\u021biuni intitulate \u201eInvesti\u021bii Publice\u201d, \u00een [&hellip;]<\/p>\n","protected":false},"author":1,"featured_media":0,"comment_status":"open","ping_status":"","sticky":false,"template":"","format":"standard","meta":{"footnotes":""},"categories":[2],"tags":[226,116],"class_list":["post-2101286","post","type-post","status-publish","format-standard","hentry","category-politics","tag-crawlmanager","tag-tvbuzau-ro"],"_links":{"self":[{"href":"https:\/\/analyse.optim.biz\/index.php?rest_route=\/wp\/v2\/posts\/2101286","targetHints":{"allow":["GET"]}}],"collection":[{"href":"https:\/\/analyse.optim.biz\/index.php?rest_route=\/wp\/v2\/posts"}],"about":[{"href":"https:\/\/analyse.optim.biz\/index.php?rest_route=\/wp\/v2\/types\/post"}],"author":[{"embeddable":true,"href":"https:\/\/analyse.optim.biz\/index.php?rest_route=\/wp\/v2\/users\/1"}],"replies":[{"embeddable":true,"href":"https:\/\/analyse.optim.biz\/index.php?rest_route=%2Fwp%2Fv2%2Fcomments&post=2101286"}],"version-history":[{"count":0,"href":"https:\/\/analyse.optim.biz\/index.php?rest_route=\/wp\/v2\/posts\/2101286\/revisions"}],"wp:attachment":[{"href":"https:\/\/analyse.optim.biz\/index.php?rest_route=%2Fwp%2Fv2%2Fmedia&parent=2101286"}],"wp:term":[{"taxonomy":"category","embeddable":true,"href":"https:\/\/analyse.optim.biz\/index.php?rest_route=%2Fwp%2Fv2%2Fcategories&post=2101286"},{"taxonomy":"post_tag","embeddable":true,"href":"https:\/\/analyse.optim.biz\/index.php?rest_route=%2Fwp%2Fv2%2Ftags&post=2101286"}],"curies":[{"name":"wp","href":"https:\/\/api.w.org\/{rel}","templated":true}]}}