{"id":2101280,"date":"2026-08-18T20:03:48","date_gmt":"2026-08-18T17:03:48","guid":{"rendered":"https:\/\/analyse.optim.biz\/?p=2101280"},"modified":"2026-08-18T20:03:48","modified_gmt":"2026-08-18T17:03:48","slug":"un-drum-afectat-de-alunecarile-de-teren-la-blajani-aproape-refacut","status":"publish","type":"post","link":"https:\/\/analyse.optim.biz\/?p=2101280","title":{"rendered":"Un drum afectat de alunec\u0103rile de teren, la Bl\u0103jani, aproape ref\u0103cut"},"content":{"rendered":"<p>[analyse_image type=&#8221;featured&#8221; src=&#8221;https:\/\/www.tvbuzau.ro\/wp-content\/uploads\/2026\/08\/hqdefault-23.jpghttps:\/\/www.tvbuzau.ro\/wp-content\/uploads\/2026\/08\/hqdefault-23.jpg&#8221;]<\/p>\n<div class=\"td-ss-main-content\">\n<article id=\"post-120069\" class=\"post-120069 post type-post status-publish format-video has-post-thumbnail hentry category-actualitate post_format-post-format-video\">\n<div class=\"td-post-header\">\n<ul class=\"td-category\">\n<li class=\"entry-category\"><a href=\"https:\/\/www.tvbuzau.ro\/category\/actualitate\/\">Actualitate<\/a><\/li>\n<\/ul>\n<header class=\"td-post-title\">\n<h1 class=\"entry-title\">Un drum afectat de alunec\u0103rile de teren, la Bl\u0103jani, aproape ref\u0103cut<\/h1>\n<div class=\"td-module-meta-info\">\n<div class=\"td-post-author-name\">De c\u0103tre <a href=\"https:\/\/www.tvbuzau.ro\/author\/mihai-vasilescu\/\">TV Buz\u0103u<\/a> &#8211; <\/div>\n<p><span class=\"td-post-date\"><time class=\"entry-date updated td-module-date\" datetime=\"2026-08-18T20:03:48+00:00\">august 18, 2026<\/time><\/span><\/p>\n<div class=\"td-post-comments\"><a href=\"https:\/\/www.tvbuzau.ro\/un-drum-afectat-de-alunecarile-de-teren-la-blajani-aproape-refacut\/#respond\">0<\/a><\/div>\n<div class=\"td-post-views\"><span class=\"td-nr-views-120069\">7<\/span><\/div>\n<\/div>\n<\/header>\n<\/div>\n<div class=\"td-post-sharing td-post-sharing-top td-with-like\">\n<div class=\"td-default-sharing\"><a class=\"td-social-sharing-buttons td-social-facebook\" href=\"http:\/\/www.facebook.com\/sharer.php?u=https%3A%2F%2Fwww.tvbuzau.ro%2Fun-drum-afectat-de-alunecarile-de-teren-la-blajani-aproape-refacut%2F\"><\/p>\n<div class=\"td-social-but-text\">Distribui\u021bi pe Facebook<\/div>\n<p><\/a><a class=\"td-social-sharing-buttons td-social-twitter\" href=\"https:\/\/twitter.com\/intent\/tweet?text=Un+drum+afectat+de+alunec%C4%83rile+de+teren%2C+la+Bl%C4%83jani%2C+aproape+ref%C4%83cut&amp;url=https%3A%2F%2Fwww.tvbuzau.ro%2Fun-drum-afectat-de-alunecarile-de-teren-la-blajani-aproape-refacut%2F&amp;via=TV+Buz%C4%83u\"><\/p>\n<div class=\"td-social-but-text\">Distribui\u021bi pe Twitter<\/div>\n<p><\/a><\/div>\n<div class=\"td-classic-sharing\">\n<ul>\n<li class=\"td-classic-facebook\"><iframe frameborder src=\"https:\/\/www.facebook.com\/plugins\/like.php?href=https:\/\/www.tvbuzau.ro\/un-drum-afectat-de-alunecarile-de-teren-la-blajani-aproape-refacut\/&amp;layout=button_count&amp;show_faces=false&amp;width=105&amp;action=like&amp;colorscheme=light&amp;height=21\"><\/iframe><\/li>\n<li class=\"td-classic-twitter\"><a href=\"https:\/\/twitter.com\/share\" class=\"twitter-share-button\" data-url=\"https:\/\/www.tvbuzau.ro\/un-drum-afectat-de-alunecarile-de-teren-la-blajani-aproape-refacut\/\" data-text=\"Un drum afectat de alunec\u0103rile de teren, la Bl\u0103jani, aproape ref\u0103cut\" data-via data-lang=\"en\">tweet<\/a><\/li>\n<\/ul>\n<\/div>\n<\/div>\n<div class=\"td-post-content\">\n<div class=\"td-featured-image-rec\">\n<div class=\"wpb_video_wrapper\">\n                    <iframe loading=\"lazy\" id=\"td_youtube_player\" width=\"600\" height=\"560\" src=\"https:\/\/www.youtube.com\/embed\/cUBjEDM1t68?enablejsapi=1&amp;feature=oembed&amp;wmode=opaque&amp;vq=hd720\" frameborder allowfullscreen><\/iframe><\/p><\/div>\n<\/div>\n<p>Lucr\u0103rile la infrastructura rutier\u0103 continu\u0103 \u00een jude\u0163<br \/>\nPre\u015fedintele Cosiliului Jude\u0163ean Buz\u0103u, Marcel Ciolacu a anun\u0163at c\u0103 un lucr\u0103rile de refacere, pe un drum important afectat de alunec\u0103rile de teren determinate de ploile din ultimele luni, se apropie de sf\u00e2r\u015fit. Este vorba despre drumul jude\u0163ean de la Bl\u0103jani.<\/p>\n<p>\u201cLucr\u0103rile de la Bl\u0103jani, pe DJ 215A, afectat de alunec\u0103rile de teren, se apropie de final. Interven\u021bia pentru consolidarea \u0219i refacerea sectorului de drum a fost finalizat\u0103, iar \u00een perioada urm\u0103toare vor fi executate lucr\u0103rile de asfaltare \u0219i va fi montat parapetul de protec\u021bie. \u00cen maximum o lun\u0103, drumul va putea fi redat circula\u021biei \u00een condi\u021bii de siguran\u021b\u0103. Am spus de la \u00eenceput c\u0103 vom interveni rapid acolo unde drumurile jude\u021bene sunt afectate de calamit\u0103\u021bi. La Bl\u0103jani suntem aproape de final, iar lucr\u0103rile vor continua \u00een toate zonele jude\u021bului \u00een care avem astfel de probleme\u201d, a anun\u0163at pre\u015fedintele CJ Buz\u0103u, Marcel Ciolacu.<br \/>\nDe altfel, CJ Buz\u0103u a alocat mai multe sume de bani pentru infrastructura afectat\u0103 de viituri.<br \/>\nDe-a lungul prim\u0103verii \u015fi \u00een debutul verii mai multe drumuri jude\u0163ene \u015fi s\u0103te\u015fti au fost afectate de viituri \u015fi aluec\u0103ri de teren.<\/p>\n<div class=\"post-views post-120069 entry-meta\"><span class=\"post-views-label\">Post Views: <\/span><span class=\"post-views-count\">166<\/span><\/div>\n<\/div>\n<footer>\n<div class=\"td-post-sharing td-post-sharing-bottom td-with-like\"><span class=\"td-post-share-title\">DISTRIBUI\u021aI<\/span><\/p>\n<div class=\"td-default-sharing\"><a class=\"td-social-sharing-buttons td-social-facebook\" href=\"http:\/\/www.facebook.com\/sharer.php?u=https%3A%2F%2Fwww.tvbuzau.ro%2Fun-drum-afectat-de-alunecarile-de-teren-la-blajani-aproape-refacut%2F\"><\/p>\n<div class=\"td-social-but-text\">Facebook<\/div>\n<p><\/a><a class=\"td-social-sharing-buttons td-social-twitter\" href=\"https:\/\/twitter.com\/intent\/tweet?text=Un+drum+afectat+de+alunec%C4%83rile+de+teren%2C+la+Bl%C4%83jani%2C+aproape+ref%C4%83cut&amp;url=https%3A%2F%2Fwww.tvbuzau.ro%2Fun-drum-afectat-de-alunecarile-de-teren-la-blajani-aproape-refacut%2F&amp;via=TV+Buz%C4%83u\"><\/p>\n<div class=\"td-social-but-text\">Twitter<\/div>\n<p><\/a><\/div>\n<div class=\"td-classic-sharing\">\n<ul>\n<li class=\"td-classic-facebook\"><iframe frameborder src=\"https:\/\/www.facebook.com\/plugins\/like.php?href=https:\/\/www.tvbuzau.ro\/un-drum-afectat-de-alunecarile-de-teren-la-blajani-aproape-refacut\/&amp;layout=button_count&amp;show_faces=false&amp;width=105&amp;action=like&amp;colorscheme=light&amp;height=21\"><\/iframe><\/li>\n<li class=\"td-classic-twitter\"><a href=\"https:\/\/twitter.com\/share\" class=\"twitter-share-button\" data-url=\"https:\/\/www.tvbuzau.ro\/un-drum-afectat-de-alunecarile-de-teren-la-blajani-aproape-refacut\/\" data-text=\"Un drum afectat de alunec\u0103rile de teren, la Bl\u0103jani, aproape ref\u0103cut\" data-via data-lang=\"en\">tweet<\/a><\/li>\n<\/ul>\n<\/div>\n<\/div>\n<div class=\"td-author-name vcard author\"><span class=\"fn\"><a href=\"https:\/\/www.tvbuzau.ro\/author\/mihai-vasilescu\/\">TV Buz\u0103u<\/a><\/span><\/div>\n<p><span><\/span><span><span><\/span><\/span><span><\/span><\/footer>\n<\/article>\n<div class=\"td_block_wrap td_block_related_posts td_uid_1_6a85ff17c46c8_rand td_with_ajax_pagination td-pb-border-top\" data-td-block-uid=\"td_uid_1_6a85ff17c46c8\">\n<h4 class=\"td-related-title\"><a id=\"td_uid_2_6a85ff17ca5d2\" class=\"td-related-left td-cur-simple-item\" data-td_filter_value data-td_block_id=\"td_uid_1_6a85ff17c46c8\" href=\"https:\/\/www.tvbuzau.ro\/un-drum-afectat-de-alunecarile-de-teren-la-blajani-aproape-refacut\/\">ARTICOLE SIMILARE<\/a><a id=\"td_uid_3_6a85ff17ca60c\" class=\"td-related-right\" data-td_filter_value=\"td_related_more_from_author\" data-td_block_id=\"td_uid_1_6a85ff17c46c8\" href=\"https:\/\/www.tvbuzau.ro\/un-drum-afectat-de-alunecarile-de-teren-la-blajani-aproape-refacut\/\">DE LA ACELA\u0218I AUTOR<\/a><\/h4>\n<div id=\"td_uid_1_6a85ff17c46c8\" class=\"td_block_inner\">\n<div class=\"td-related-row\">\n<div class=\"td-related-span4\">\n<div class=\"td_module_related_posts td-animation-stack td_mod_related_posts\">\n<div class=\"td-module-image\">\n<div class=\"td-module-thumb\"><a href=\"https:\/\/www.tvbuzau.ro\/95-dintre-pacientii-buzoieni-apreciaza-serviciile-spitalului-judetean\/\" rel=\"bookmark\" title=\"95% dintre pacien\u0163ii buzoieni apreciaz\u0103 serviciile Spitalului Jude\u0163ean\"><img loading=\"lazy\" decoding=\"async\" width=\"218\" height=\"150\" class=\"entry-thumb\" src=\"https:\/\/www.tvbuzau.ro\/wp-content\/uploads\/2026\/08\/hqdefault-26-218x150.jpg\" alt title=\"95% dintre pacien\u0163ii buzoieni apreciaz\u0103 serviciile Spitalului Jude\u0163ean\"><span class=\"td-video-play-ico\"><img loading=\"lazy\" decoding=\"async\" width=\"40\" height=\"40\" class=\"td-retina\" src=\"https:\/\/www.tvbuzau.ro\/wp-content\/themes\/Newspaper\/images\/icons\/ico-video-large.png\" alt=\"video\"><\/span><\/a><\/div>\n<p><a href=\"https:\/\/www.tvbuzau.ro\/category\/actualitate\/\" class=\"td-post-category\">Actualitate<\/a><\/div>\n<div class=\"item-details\">\n<h3 class=\"entry-title td-module-title\"><a href=\"https:\/\/www.tvbuzau.ro\/95-dintre-pacientii-buzoieni-apreciaza-serviciile-spitalului-judetean\/\" rel=\"bookmark\" title=\"95% dintre pacien\u0163ii buzoieni apreciaz\u0103 serviciile Spitalului Jude\u0163ean\">95% dintre pacien\u0163ii buzoieni apreciaz\u0103 serviciile Spitalului Jude\u0163ean<\/a><\/h3>\n<\/div>\n<\/div>\n<\/div>\n<div class=\"td-related-span4\">\n<div class=\"td_module_related_posts td-animation-stack td_mod_related_posts\">\n<div class=\"td-module-image\">\n<div class=\"td-module-thumb\"><a href=\"https:\/\/www.tvbuzau.ro\/nu-au-putut-sa-isi-cumpere-loc-de-parcare-pentru-datorii-de-cativa-lei\/\" rel=\"bookmark\" title=\"Nu au putut s\u0103 \u00ee\u015fi cumpere loc de parcare pentru datorii de c\u00e2\u0163iva lei\"><img loading=\"lazy\" decoding=\"async\" width=\"218\" height=\"150\" class=\"entry-thumb\" src=\"https:\/\/www.tvbuzau.ro\/wp-content\/uploads\/2026\/08\/hqdefault-25-218x150.jpg\" alt title=\"Nu au putut s\u0103 \u00ee\u015fi cumpere loc de parcare pentru datorii de c\u00e2\u0163iva lei\"><span class=\"td-video-play-ico\"><img loading=\"lazy\" decoding=\"async\" width=\"40\" height=\"40\" class=\"td-retina\" src=\"https:\/\/www.tvbuzau.ro\/wp-content\/themes\/Newspaper\/images\/icons\/ico-video-large.png\" alt=\"video\"><\/span><\/a><\/div>\n<p><a href=\"https:\/\/www.tvbuzau.ro\/category\/actualitate\/\" class=\"td-post-category\">Actualitate<\/a><\/div>\n<div class=\"item-details\">\n<h3 class=\"entry-title td-module-title\"><a href=\"https:\/\/www.tvbuzau.ro\/nu-au-putut-sa-isi-cumpere-loc-de-parcare-pentru-datorii-de-cativa-lei\/\" rel=\"bookmark\" title=\"Nu au putut s\u0103 \u00ee\u015fi cumpere loc de parcare pentru datorii de c\u00e2\u0163iva lei\">Nu au putut s\u0103 \u00ee\u015fi cumpere loc de parcare pentru datorii de c\u00e2\u0163iva lei<\/a><\/h3>\n<\/div>\n<\/div>\n<\/div>\n<div class=\"td-related-span4\">\n<div class=\"td_module_related_posts td-animation-stack td_mod_related_posts\">\n<div class=\"td-module-image\">\n<div class=\"td-module-thumb\"><a href=\"https:\/\/www.tvbuzau.ro\/medicii-spitalului-judetean-vorbesc-despre-sarcina-ectopica\/\" rel=\"bookmark\" title=\"Medicii Spitalului Jude\u0163ean vorbesc despre sarcina ectopic\u0103\"><img loading=\"lazy\" decoding=\"async\" width=\"218\" height=\"150\" class=\"entry-thumb\" src=\"https:\/\/www.tvbuzau.ro\/wp-content\/uploads\/2026\/08\/sddefault-36-218x150.jpg\" alt title=\"Medicii Spitalului Jude\u0163ean vorbesc despre sarcina ectopic\u0103\"><span class=\"td-video-play-ico\"><img loading=\"lazy\" decoding=\"async\" width=\"40\" height=\"40\" class=\"td-retina\" src=\"https:\/\/www.tvbuzau.ro\/wp-content\/themes\/Newspaper\/images\/icons\/ico-video-large.png\" alt=\"video\"><\/span><\/a><\/div>\n<p><a href=\"https:\/\/www.tvbuzau.ro\/category\/actualitate\/\" class=\"td-post-category\">Actualitate<\/a><\/div>\n<div class=\"item-details\">\n<h3 class=\"entry-title td-module-title\"><a href=\"https:\/\/www.tvbuzau.ro\/medicii-spitalului-judetean-vorbesc-despre-sarcina-ectopica\/\" rel=\"bookmark\" title=\"Medicii Spitalului Jude\u0163ean vorbesc despre sarcina ectopic\u0103\">Medicii Spitalului Jude\u0163ean vorbesc despre sarcina ectopic\u0103<\/a><\/h3>\n<\/div>\n<\/div>\n<\/div>\n<\/div>\n<div class=\"td-related-row\">\n<div class=\"td-related-span4\">\n<div class=\"td_module_related_posts td-animation-stack td_mod_related_posts\">\n<div class=\"td-module-image\">\n<div class=\"td-module-thumb\"><a href=\"https:\/\/www.tvbuzau.ro\/noi-angajari-la-spitalul-judetean-buzau-2\/\" rel=\"bookmark\" title=\"Noi angaj\u0103ri la Spitalul Jude\u0163ean Buz\u0103u\"><img loading=\"lazy\" decoding=\"async\" width=\"218\" height=\"150\" class=\"entry-thumb\" src=\"https:\/\/www.tvbuzau.ro\/wp-content\/uploads\/2026\/08\/sddefault-35-218x150.jpg\" alt title=\"Noi angaj\u0103ri la Spitalul Jude\u0163ean Buz\u0103u\"><span class=\"td-video-play-ico\"><img loading=\"lazy\" decoding=\"async\" width=\"40\" height=\"40\" class=\"td-retina\" src=\"https:\/\/www.tvbuzau.ro\/wp-content\/themes\/Newspaper\/images\/icons\/ico-video-large.png\" alt=\"video\"><\/span><\/a><\/div>\n<p><a href=\"https:\/\/www.tvbuzau.ro\/category\/actualitate\/\" class=\"td-post-category\">Actualitate<\/a><\/div>\n<div class=\"item-details\">\n<h3 class=\"entry-title td-module-title\"><a href=\"https:\/\/www.tvbuzau.ro\/noi-angajari-la-spitalul-judetean-buzau-2\/\" rel=\"bookmark\" title=\"Noi angaj\u0103ri la Spitalul Jude\u0163ean Buz\u0103u\">Noi angaj\u0103ri la Spitalul Jude\u0163ean Buz\u0103u<\/a><\/h3>\n<\/div>\n<\/div>\n<\/div>\n<div class=\"td-related-span4\">\n<div class=\"td_module_related_posts td-animation-stack td_mod_related_posts\">\n<div class=\"td-module-image\">\n<div class=\"td-module-thumb\"><a href=\"https:\/\/www.tvbuzau.ro\/se-mai-construiesc-blocuri-in-municipiul-buzau\/\" rel=\"bookmark\" title=\"Se mai construiesc blocuri \u00een municipiul Buz\u0103u?\"><img loading=\"lazy\" decoding=\"async\" width=\"218\" height=\"150\" class=\"entry-thumb\" src=\"https:\/\/www.tvbuzau.ro\/wp-content\/uploads\/2026\/08\/hqdefault-24-218x150.jpg\" alt title=\"Se mai construiesc blocuri \u00een municipiul Buz\u0103u?\"><span class=\"td-video-play-ico\"><img loading=\"lazy\" decoding=\"async\" width=\"40\" height=\"40\" class=\"td-retina\" src=\"https:\/\/www.tvbuzau.ro\/wp-content\/themes\/Newspaper\/images\/icons\/ico-video-large.png\" alt=\"video\"><\/span><\/a><\/div>\n<p><a href=\"https:\/\/www.tvbuzau.ro\/category\/actualitate\/\" class=\"td-post-category\">Actualitate<\/a><\/div>\n<div class=\"item-details\">\n<h3 class=\"entry-title td-module-title\"><a href=\"https:\/\/www.tvbuzau.ro\/se-mai-construiesc-blocuri-in-municipiul-buzau\/\" rel=\"bookmark\" title=\"Se mai construiesc blocuri \u00een municipiul Buz\u0103u?\">Se mai construiesc blocuri \u00een municipiul Buz\u0103u?<\/a><\/h3>\n<\/div>\n<\/div>\n<\/div>\n<div class=\"td-related-span4\">\n<div class=\"td_module_related_posts td-animation-stack td_mod_related_posts\">\n<div class=\"td-module-image\">\n<div class=\"td-module-thumb\"><a href=\"https:\/\/www.tvbuzau.ro\/mai-multa-transparenta-la-primaria-buzau\/\" rel=\"bookmark\" title=\"Mai mult\u0103 transparen\u0163\u0103 la Prim\u0103ria Buz\u0103u?\"><img loading=\"lazy\" decoding=\"async\" width=\"218\" height=\"150\" class=\"entry-thumb\" src=\"https:\/\/www.tvbuzau.ro\/wp-content\/uploads\/2026\/08\/sddefault-34-218x150.jpg\" alt title=\"Mai mult\u0103 transparen\u0163\u0103 la Prim\u0103ria Buz\u0103u?\"><span class=\"td-video-play-ico\"><img loading=\"lazy\" decoding=\"async\" width=\"40\" height=\"40\" class=\"td-retina\" src=\"https:\/\/www.tvbuzau.ro\/wp-content\/themes\/Newspaper\/images\/icons\/ico-video-large.png\" alt=\"video\"><\/span><\/a><\/div>\n<p><a href=\"https:\/\/www.tvbuzau.ro\/category\/actualitate\/\" class=\"td-post-category\">Actualitate<\/a><\/div>\n<div class=\"item-details\">\n<h3 class=\"entry-title td-module-title\"><a href=\"https:\/\/www.tvbuzau.ro\/mai-multa-transparenta-la-primaria-buzau\/\" rel=\"bookmark\" title=\"Mai mult\u0103 transparen\u0163\u0103 la Prim\u0103ria Buz\u0103u?\">Mai mult\u0103 transparen\u0163\u0103 la Prim\u0103ria Buz\u0103u?<\/a><\/h3>\n<\/div>\n<\/div>\n<\/div>\n<\/div>\n<\/div>\n<\/div>\n<div class=\"comments\" id=\"comments\">\n<div id=\"respond\" class=\"comment-respond\">\n<h3 id=\"reply-title\" class=\"comment-reply-title\">L\u0102SA\u021aI UN MESAJ <small><a rel=\"nofollow\" id=\"cancel-comment-reply-link\" href=\"https:\/\/www.tvbuzau.ro\/un-drum-afectat-de-alunecarile-de-teren-la-blajani-aproape-refacut\/#respond\">Renun\u021ba\u021bi la r\u0103spuns<\/a><\/small><\/h3>\n<\/div>\n<\/div>\n<\/div>\n<div class=\"td-post-content\">\n<div class=\"td-featured-image-rec\">\n<div class=\"wpb_video_wrapper\">\n                    <iframe loading=\"lazy\" id=\"td_youtube_player\" width=\"600\" height=\"560\" src=\"https:\/\/www.youtube.com\/embed\/cUBjEDM1t68?enablejsapi=1&amp;feature=oembed&amp;wmode=opaque&amp;vq=hd720\" frameborder allowfullscreen><\/iframe><\/p><\/div>\n<\/div>\n<p>Lucr\u0103rile la infrastructura rutier\u0103 continu\u0103 \u00een jude\u0163<br \/>\nPre\u015fedintele Cosiliului Jude\u0163ean Buz\u0103u, Marcel Ciolacu a anun\u0163at c\u0103 un lucr\u0103rile de refacere, pe un drum important afectat de alunec\u0103rile de teren determinate de ploile din ultimele luni, se apropie de sf\u00e2r\u015fit. Este vorba despre drumul jude\u0163ean de la Bl\u0103jani.<\/p>\n<p>\u201cLucr\u0103rile de la Bl\u0103jani, pe DJ 215A, afectat de alunec\u0103rile de teren, se apropie de final. Interven\u021bia pentru consolidarea \u0219i refacerea sectorului de drum a fost finalizat\u0103, iar \u00een perioada urm\u0103toare vor fi executate lucr\u0103rile de asfaltare \u0219i va fi montat parapetul de protec\u021bie. \u00cen maximum o lun\u0103, drumul va putea fi redat circula\u021biei \u00een condi\u021bii de siguran\u021b\u0103. Am spus de la \u00eenceput c\u0103 vom interveni rapid acolo unde drumurile jude\u021bene sunt afectate de calamit\u0103\u021bi. La Bl\u0103jani suntem aproape de final, iar lucr\u0103rile vor continua \u00een toate zonele jude\u021bului \u00een care avem astfel de probleme\u201d, a anun\u0163at pre\u015fedintele CJ Buz\u0103u, Marcel Ciolacu.<br \/>\nDe altfel, CJ Buz\u0103u a alocat mai multe sume de bani pentru infrastructura afectat\u0103 de viituri.<br \/>\nDe-a lungul prim\u0103verii \u015fi \u00een debutul verii mai multe drumuri jude\u0163ene \u015fi s\u0103te\u015fti au fost afectate de viituri \u015fi aluec\u0103ri de teren.<\/p>\n<div class=\"post-views post-120069 entry-meta\"><span class=\"post-views-label\">Post Views: <\/span><span class=\"post-views-count\">166<\/span><\/div>\n<\/div>\n<p>[analyse_source url=&#8221;https:\/\/www.tvbuzau.ro\/un-drum-afectat-de-alunecarile-de-teren-la-blajani-aproape-refacut\/&#8221;]<\/p>\n","protected":false},"excerpt":{"rendered":"<p>[analyse_image type=&#8221;featured&#8221; src=&#8221;https:\/\/www.tvbuzau.ro\/wp-content\/uploads\/2026\/08\/hqdefault-23.jpghttps:\/\/www.tvbuzau.ro\/wp-content\/uploads\/2026\/08\/hqdefault-23.jpg&#8221;] Actualitate Un drum afectat de alunec\u0103rile de teren, la Bl\u0103jani, aproape ref\u0103cut De c\u0103tre TV Buz\u0103u &#8211; august 18, 2026 0 7 Distribui\u021bi pe Facebook Distribui\u021bi pe Twitter tweet Lucr\u0103rile la infrastructura rutier\u0103 continu\u0103 \u00een jude\u0163 Pre\u015fedintele Cosiliului Jude\u0163ean Buz\u0103u, Marcel Ciolacu a anun\u0163at c\u0103 un lucr\u0103rile de refacere, pe un drum [&hellip;]<\/p>\n","protected":false},"author":1,"featured_media":0,"comment_status":"open","ping_status":"","sticky":false,"template":"","format":"standard","meta":{"footnotes":""},"categories":[2],"tags":[226,116],"class_list":["post-2101280","post","type-post","status-publish","format-standard","hentry","category-politics","tag-crawlmanager","tag-tvbuzau-ro"],"_links":{"self":[{"href":"https:\/\/analyse.optim.biz\/index.php?rest_route=\/wp\/v2\/posts\/2101280","targetHints":{"allow":["GET"]}}],"collection":[{"href":"https:\/\/analyse.optim.biz\/index.php?rest_route=\/wp\/v2\/posts"}],"about":[{"href":"https:\/\/analyse.optim.biz\/index.php?rest_route=\/wp\/v2\/types\/post"}],"author":[{"embeddable":true,"href":"https:\/\/analyse.optim.biz\/index.php?rest_route=\/wp\/v2\/users\/1"}],"replies":[{"embeddable":true,"href":"https:\/\/analyse.optim.biz\/index.php?rest_route=%2Fwp%2Fv2%2Fcomments&post=2101280"}],"version-history":[{"count":0,"href":"https:\/\/analyse.optim.biz\/index.php?rest_route=\/wp\/v2\/posts\/2101280\/revisions"}],"wp:attachment":[{"href":"https:\/\/analyse.optim.biz\/index.php?rest_route=%2Fwp%2Fv2%2Fmedia&parent=2101280"}],"wp:term":[{"taxonomy":"category","embeddable":true,"href":"https:\/\/analyse.optim.biz\/index.php?rest_route=%2Fwp%2Fv2%2Fcategories&post=2101280"},{"taxonomy":"post_tag","embeddable":true,"href":"https:\/\/analyse.optim.biz\/index.php?rest_route=%2Fwp%2Fv2%2Ftags&post=2101280"}],"curies":[{"name":"wp","href":"https:\/\/api.w.org\/{rel}","templated":true}]}}