{"id":2101277,"date":"2026-08-18T20:02:36","date_gmt":"2026-08-18T17:02:36","guid":{"rendered":"https:\/\/analyse.optim.biz\/?p=2101277"},"modified":"2026-08-18T20:02:36","modified_gmt":"2026-08-18T17:02:36","slug":"s-a-dat-lucrator-bancar-si-a-ajuns-in-arest","status":"publish","type":"post","link":"https:\/\/analyse.optim.biz\/?p=2101277","title":{"rendered":"S-a dat lucr\u0103tor bancar \u015fi a ajuns \u00een arest"},"content":{"rendered":"<p>[analyse_image type=&#8221;featured&#8221; src=&#8221;https:\/\/www.tvbuzau.ro\/wp-content\/uploads\/2026\/08\/sddefault-32.jpghttps:\/\/www.tvbuzau.ro\/wp-content\/uploads\/2026\/08\/sddefault-32.jpg&#8221;]<\/p>\n<div class=\"td-ss-main-content\">\n<article id=\"post-120066\" class=\"post-120066 post type-post status-publish format-video has-post-thumbnail hentry category-actualitate post_format-post-format-video\">\n<div class=\"td-post-header\">\n<ul class=\"td-category\">\n<li class=\"entry-category\"><a href=\"https:\/\/www.tvbuzau.ro\/category\/actualitate\/\">Actualitate<\/a><\/li>\n<\/ul>\n<header class=\"td-post-title\">\n<h1 class=\"entry-title\">S-a dat lucr\u0103tor bancar \u015fi a ajuns \u00een arest<\/h1>\n<div class=\"td-module-meta-info\">\n<div class=\"td-post-author-name\">De c\u0103tre <a href=\"https:\/\/www.tvbuzau.ro\/author\/mihai-vasilescu\/\">TV Buz\u0103u<\/a> &#8211; <\/div>\n<p><span class=\"td-post-date\"><time class=\"entry-date updated td-module-date\" datetime=\"2026-08-18T20:02:36+00:00\">august 18, 2026<\/time><\/span><\/p>\n<div class=\"td-post-comments\"><a href=\"https:\/\/www.tvbuzau.ro\/s-a-dat-lucrator-bancar-si-a-ajuns-in-arest\/#respond\">0<\/a><\/div>\n<div class=\"td-post-views\"><span class=\"td-nr-views-120066\">23<\/span><\/div>\n<\/div>\n<\/header>\n<\/div>\n<div class=\"td-post-sharing td-post-sharing-top td-with-like\">\n<div class=\"td-default-sharing\"><a class=\"td-social-sharing-buttons td-social-facebook\" href=\"http:\/\/www.facebook.com\/sharer.php?u=https%3A%2F%2Fwww.tvbuzau.ro%2Fs-a-dat-lucrator-bancar-si-a-ajuns-in-arest%2F\"><\/p>\n<div class=\"td-social-but-text\">Distribui\u021bi pe Facebook<\/div>\n<p><\/a><a class=\"td-social-sharing-buttons td-social-twitter\" href=\"https:\/\/twitter.com\/intent\/tweet?text=S-a+dat+lucr%C4%83tor+bancar+%C5%9Fi+a+ajuns+%C3%AEn+arest&amp;url=https%3A%2F%2Fwww.tvbuzau.ro%2Fs-a-dat-lucrator-bancar-si-a-ajuns-in-arest%2F&amp;via=TV+Buz%C4%83u\"><\/p>\n<div class=\"td-social-but-text\">Distribui\u021bi pe Twitter<\/div>\n<p><\/a><\/div>\n<div class=\"td-classic-sharing\">\n<ul>\n<li class=\"td-classic-facebook\"><iframe frameborder src=\"https:\/\/www.facebook.com\/plugins\/like.php?href=https:\/\/www.tvbuzau.ro\/s-a-dat-lucrator-bancar-si-a-ajuns-in-arest\/&amp;layout=button_count&amp;show_faces=false&amp;width=105&amp;action=like&amp;colorscheme=light&amp;height=21\"><\/iframe><\/li>\n<li class=\"td-classic-twitter\"><a href=\"https:\/\/twitter.com\/share\" class=\"twitter-share-button\" data-url=\"https:\/\/www.tvbuzau.ro\/s-a-dat-lucrator-bancar-si-a-ajuns-in-arest\/\" data-text=\"S-a dat lucr\u0103tor bancar \u015fi a ajuns \u00een arest\" data-via data-lang=\"en\">tweet<\/a><\/li>\n<\/ul>\n<\/div>\n<\/div>\n<div class=\"td-post-content\">\n<div class=\"td-featured-image-rec\">\n<div class=\"wpb_video_wrapper\">\n                    <iframe loading=\"lazy\" id=\"td_youtube_player\" width=\"600\" height=\"560\" src=\"https:\/\/www.youtube.com\/embed\/OZHDioHjTnI?enablejsapi=1&amp;feature=oembed&amp;wmode=opaque&amp;vq=hd720\" frameborder allowfullscreen><\/iframe><\/p><\/div>\n<\/div>\n<p>Ce sume ar fi pretins falsul lucr\u0103tor bancar<br \/>\nPoli\u0163i\u015ftii Biroului de Investiga\u0163ii Criminale din cadrul Poli\u0163iei municipiului Buz\u0103u, sub coordonarea parchetului, au organizat o perchezi\u0163ie domiciliar\u0103, la imobilul unei persoane cercetate pentru \u00een\u015fel\u0103ciune, instigare la \u00een\u015fel\u0103ciune \u015fi inducerea \u00een eroare a organelor judiciare. Faptele ar fi fost sesizate de c\u0103tre persoanele v\u0103t\u0103mate, dou\u0103 femei \u015fi un b\u0103rbat, din Buz\u0103u \u015fi Bucure\u015fti, cu v\u00e2rste cuprinse \u00eentre 24 \u015fi 48 de ani.<\/p>\n<p>\u201eDin cercet\u0103ri s-a stabilit c\u0103, \u00een cursul anului 2025, persoana cercetat\u0103, o femeie de 41 de ani, din Buz\u0103u, prin declinarea calit\u0103\u0163ii mincinoase de lucr\u0103tor bancar, ar fi indus \u00een eroare persoanele v\u0103t\u0103mate cu privire la existen\u0163a procedurii de licita\u0163ie a trei imobile, sens \u00een care ar fi solicitat \u015fi ar fi primit, drept avans pentru participarea la licita\u0163ie, suma total\u0103 de 115.500 de lei. De asemenea, ar fi determinat o femeie de 46 de ani, din Cilibia, s\u0103 contacteze telefonic una dintre persoanele v\u0103t\u0103mate \u015fi s\u0103 o induc\u0103 \u00een eroare prin declinarea calit\u0103\u0163ii mincinoase de lucr\u0103tor bancar, respectiv confirmarea existen\u0163ei procedurii de licita\u0163ie a unui imobil, \u00een acest mod facilit\u00e2nd ob\u0163inerea de c\u0103tre cea \u00een cauz\u0103 a 67.000 de lei, drept avans pentru participarea la licita\u0163ie\u201d, a transmis IPJ Buz\u0103u.<br \/>\nPersoana cercetat\u0103 ar fi f\u0103cut un denun\u0163, scopul fiind cel de a-\u015fi ascunde faptele.<\/p>\n<p>\u201eTotodat\u0103, persoana cercetat\u0103 ar fi formulat un denun\u0163 penal, prin care a sesizat s\u0103v\u00e2r\u015firea infrac\u0163iunii de \u00een\u015fel\u0103ciune \u00een dauna sa, cu scopul de a-\u015fi ascunde propria activitate infrac\u0163ional\u0103 \u015fi de a plasa r\u0103spunderea penal\u0103, concomitent cu \u00eengreunarea cercet\u0103rilor \u00een ceea ce o prive\u015fte. \u00cen baza mandatului de aducere, femeia a fost condus\u0103 la sediul poli\u0163iei pentru audieri, ulterior fiind re\u0163inut\u0103 pentru 24 de ore\u201d, informeaz\u0103 IPJ Buz\u0103u.<\/p>\n<p>Pe numele femeii judec\u0103torul de drepturi \u015fi libert\u0103\u0163i a emis un mandat de arestare preventiv\u0103 pe pentru 30 de zile.<\/p>\n<div class=\"post-views post-120066 entry-meta\"><span class=\"post-views-label\">Post Views: <\/span><span class=\"post-views-count\">184<\/span><\/div>\n<\/div>\n<footer>\n<div class=\"td-post-sharing td-post-sharing-bottom td-with-like\"><span class=\"td-post-share-title\">DISTRIBUI\u021aI<\/span><\/p>\n<div class=\"td-default-sharing\"><a class=\"td-social-sharing-buttons td-social-facebook\" href=\"http:\/\/www.facebook.com\/sharer.php?u=https%3A%2F%2Fwww.tvbuzau.ro%2Fs-a-dat-lucrator-bancar-si-a-ajuns-in-arest%2F\"><\/p>\n<div class=\"td-social-but-text\">Facebook<\/div>\n<p><\/a><a class=\"td-social-sharing-buttons td-social-twitter\" href=\"https:\/\/twitter.com\/intent\/tweet?text=S-a+dat+lucr%C4%83tor+bancar+%C5%9Fi+a+ajuns+%C3%AEn+arest&amp;url=https%3A%2F%2Fwww.tvbuzau.ro%2Fs-a-dat-lucrator-bancar-si-a-ajuns-in-arest%2F&amp;via=TV+Buz%C4%83u\"><\/p>\n<div class=\"td-social-but-text\">Twitter<\/div>\n<p><\/a><\/div>\n<div class=\"td-classic-sharing\">\n<ul>\n<li class=\"td-classic-facebook\"><iframe frameborder src=\"https:\/\/www.facebook.com\/plugins\/like.php?href=https:\/\/www.tvbuzau.ro\/s-a-dat-lucrator-bancar-si-a-ajuns-in-arest\/&amp;layout=button_count&amp;show_faces=false&amp;width=105&amp;action=like&amp;colorscheme=light&amp;height=21\"><\/iframe><\/li>\n<li class=\"td-classic-twitter\"><a href=\"https:\/\/twitter.com\/share\" class=\"twitter-share-button\" data-url=\"https:\/\/www.tvbuzau.ro\/s-a-dat-lucrator-bancar-si-a-ajuns-in-arest\/\" data-text=\"S-a dat lucr\u0103tor bancar \u015fi a ajuns \u00een arest\" data-via data-lang=\"en\">tweet<\/a><\/li>\n<\/ul>\n<\/div>\n<\/div>\n<div class=\"td-author-name vcard author\"><span class=\"fn\"><a href=\"https:\/\/www.tvbuzau.ro\/author\/mihai-vasilescu\/\">TV Buz\u0103u<\/a><\/span><\/div>\n<p><span><\/span><span><span><\/span><\/span><span><\/span><\/footer>\n<\/article>\n<div class=\"td_block_wrap td_block_related_posts td_uid_1_6a85feca029d1_rand td_with_ajax_pagination td-pb-border-top\" data-td-block-uid=\"td_uid_1_6a85feca029d1\">\n<h4 class=\"td-related-title\"><a id=\"td_uid_2_6a85feca0897b\" class=\"td-related-left td-cur-simple-item\" data-td_filter_value data-td_block_id=\"td_uid_1_6a85feca029d1\" href=\"https:\/\/www.tvbuzau.ro\/s-a-dat-lucrator-bancar-si-a-ajuns-in-arest\/\">ARTICOLE SIMILARE<\/a><a id=\"td_uid_3_6a85feca089b7\" class=\"td-related-right\" data-td_filter_value=\"td_related_more_from_author\" data-td_block_id=\"td_uid_1_6a85feca029d1\" href=\"https:\/\/www.tvbuzau.ro\/s-a-dat-lucrator-bancar-si-a-ajuns-in-arest\/\">DE LA ACELA\u0218I AUTOR<\/a><\/h4>\n<div id=\"td_uid_1_6a85feca029d1\" class=\"td_block_inner\">\n<div class=\"td-related-row\">\n<div class=\"td-related-span4\">\n<div class=\"td_module_related_posts td-animation-stack td_mod_related_posts\">\n<div class=\"td-module-image\">\n<div class=\"td-module-thumb\"><a href=\"https:\/\/www.tvbuzau.ro\/95-dintre-pacientii-buzoieni-apreciaza-serviciile-spitalului-judetean\/\" rel=\"bookmark\" title=\"95% dintre pacien\u0163ii buzoieni apreciaz\u0103 serviciile Spitalului Jude\u0163ean\"><img loading=\"lazy\" decoding=\"async\" width=\"218\" height=\"150\" class=\"entry-thumb\" src=\"https:\/\/www.tvbuzau.ro\/wp-content\/uploads\/2026\/08\/hqdefault-26-218x150.jpg\" alt title=\"95% dintre pacien\u0163ii buzoieni apreciaz\u0103 serviciile Spitalului Jude\u0163ean\"><span class=\"td-video-play-ico\"><img loading=\"lazy\" decoding=\"async\" width=\"40\" height=\"40\" class=\"td-retina\" src=\"https:\/\/www.tvbuzau.ro\/wp-content\/themes\/Newspaper\/images\/icons\/ico-video-large.png\" alt=\"video\"><\/span><\/a><\/div>\n<p><a href=\"https:\/\/www.tvbuzau.ro\/category\/actualitate\/\" class=\"td-post-category\">Actualitate<\/a><\/div>\n<div class=\"item-details\">\n<h3 class=\"entry-title td-module-title\"><a href=\"https:\/\/www.tvbuzau.ro\/95-dintre-pacientii-buzoieni-apreciaza-serviciile-spitalului-judetean\/\" rel=\"bookmark\" title=\"95% dintre pacien\u0163ii buzoieni apreciaz\u0103 serviciile Spitalului Jude\u0163ean\">95% dintre pacien\u0163ii buzoieni apreciaz\u0103 serviciile Spitalului Jude\u0163ean<\/a><\/h3>\n<\/div>\n<\/div>\n<\/div>\n<div class=\"td-related-span4\">\n<div class=\"td_module_related_posts td-animation-stack td_mod_related_posts\">\n<div class=\"td-module-image\">\n<div class=\"td-module-thumb\"><a href=\"https:\/\/www.tvbuzau.ro\/nu-au-putut-sa-isi-cumpere-loc-de-parcare-pentru-datorii-de-cativa-lei\/\" rel=\"bookmark\" title=\"Nu au putut s\u0103 \u00ee\u015fi cumpere loc de parcare pentru datorii de c\u00e2\u0163iva lei\"><img loading=\"lazy\" decoding=\"async\" width=\"218\" height=\"150\" class=\"entry-thumb\" src=\"https:\/\/www.tvbuzau.ro\/wp-content\/uploads\/2026\/08\/hqdefault-25-218x150.jpg\" alt title=\"Nu au putut s\u0103 \u00ee\u015fi cumpere loc de parcare pentru datorii de c\u00e2\u0163iva lei\"><span class=\"td-video-play-ico\"><img loading=\"lazy\" decoding=\"async\" width=\"40\" height=\"40\" class=\"td-retina\" src=\"https:\/\/www.tvbuzau.ro\/wp-content\/themes\/Newspaper\/images\/icons\/ico-video-large.png\" alt=\"video\"><\/span><\/a><\/div>\n<p><a href=\"https:\/\/www.tvbuzau.ro\/category\/actualitate\/\" class=\"td-post-category\">Actualitate<\/a><\/div>\n<div class=\"item-details\">\n<h3 class=\"entry-title td-module-title\"><a href=\"https:\/\/www.tvbuzau.ro\/nu-au-putut-sa-isi-cumpere-loc-de-parcare-pentru-datorii-de-cativa-lei\/\" rel=\"bookmark\" title=\"Nu au putut s\u0103 \u00ee\u015fi cumpere loc de parcare pentru datorii de c\u00e2\u0163iva lei\">Nu au putut s\u0103 \u00ee\u015fi cumpere loc de parcare pentru datorii de c\u00e2\u0163iva lei<\/a><\/h3>\n<\/div>\n<\/div>\n<\/div>\n<div class=\"td-related-span4\">\n<div class=\"td_module_related_posts td-animation-stack td_mod_related_posts\">\n<div class=\"td-module-image\">\n<div class=\"td-module-thumb\"><a href=\"https:\/\/www.tvbuzau.ro\/medicii-spitalului-judetean-vorbesc-despre-sarcina-ectopica\/\" rel=\"bookmark\" title=\"Medicii Spitalului Jude\u0163ean vorbesc despre sarcina ectopic\u0103\"><img loading=\"lazy\" decoding=\"async\" width=\"218\" height=\"150\" class=\"entry-thumb\" src=\"https:\/\/www.tvbuzau.ro\/wp-content\/uploads\/2026\/08\/sddefault-36-218x150.jpg\" alt title=\"Medicii Spitalului Jude\u0163ean vorbesc despre sarcina ectopic\u0103\"><span class=\"td-video-play-ico\"><img loading=\"lazy\" decoding=\"async\" width=\"40\" height=\"40\" class=\"td-retina\" src=\"https:\/\/www.tvbuzau.ro\/wp-content\/themes\/Newspaper\/images\/icons\/ico-video-large.png\" alt=\"video\"><\/span><\/a><\/div>\n<p><a href=\"https:\/\/www.tvbuzau.ro\/category\/actualitate\/\" class=\"td-post-category\">Actualitate<\/a><\/div>\n<div class=\"item-details\">\n<h3 class=\"entry-title td-module-title\"><a href=\"https:\/\/www.tvbuzau.ro\/medicii-spitalului-judetean-vorbesc-despre-sarcina-ectopica\/\" rel=\"bookmark\" title=\"Medicii Spitalului Jude\u0163ean vorbesc despre sarcina ectopic\u0103\">Medicii Spitalului Jude\u0163ean vorbesc despre sarcina ectopic\u0103<\/a><\/h3>\n<\/div>\n<\/div>\n<\/div>\n<\/div>\n<div class=\"td-related-row\">\n<div class=\"td-related-span4\">\n<div class=\"td_module_related_posts td-animation-stack td_mod_related_posts\">\n<div class=\"td-module-image\">\n<div class=\"td-module-thumb\"><a href=\"https:\/\/www.tvbuzau.ro\/noi-angajari-la-spitalul-judetean-buzau-2\/\" rel=\"bookmark\" title=\"Noi angaj\u0103ri la Spitalul Jude\u0163ean Buz\u0103u\"><img loading=\"lazy\" decoding=\"async\" width=\"218\" height=\"150\" class=\"entry-thumb\" src=\"https:\/\/www.tvbuzau.ro\/wp-content\/uploads\/2026\/08\/sddefault-35-218x150.jpg\" alt title=\"Noi angaj\u0103ri la Spitalul Jude\u0163ean Buz\u0103u\"><span class=\"td-video-play-ico\"><img loading=\"lazy\" decoding=\"async\" width=\"40\" height=\"40\" class=\"td-retina\" src=\"https:\/\/www.tvbuzau.ro\/wp-content\/themes\/Newspaper\/images\/icons\/ico-video-large.png\" alt=\"video\"><\/span><\/a><\/div>\n<p><a href=\"https:\/\/www.tvbuzau.ro\/category\/actualitate\/\" class=\"td-post-category\">Actualitate<\/a><\/div>\n<div class=\"item-details\">\n<h3 class=\"entry-title td-module-title\"><a href=\"https:\/\/www.tvbuzau.ro\/noi-angajari-la-spitalul-judetean-buzau-2\/\" rel=\"bookmark\" title=\"Noi angaj\u0103ri la Spitalul Jude\u0163ean Buz\u0103u\">Noi angaj\u0103ri la Spitalul Jude\u0163ean Buz\u0103u<\/a><\/h3>\n<\/div>\n<\/div>\n<\/div>\n<div class=\"td-related-span4\">\n<div class=\"td_module_related_posts td-animation-stack td_mod_related_posts\">\n<div class=\"td-module-image\">\n<div class=\"td-module-thumb\"><a href=\"https:\/\/www.tvbuzau.ro\/se-mai-construiesc-blocuri-in-municipiul-buzau\/\" rel=\"bookmark\" title=\"Se mai construiesc blocuri \u00een municipiul Buz\u0103u?\"><img loading=\"lazy\" decoding=\"async\" width=\"218\" height=\"150\" class=\"entry-thumb\" src=\"https:\/\/www.tvbuzau.ro\/wp-content\/uploads\/2026\/08\/hqdefault-24-218x150.jpg\" alt title=\"Se mai construiesc blocuri \u00een municipiul Buz\u0103u?\"><span class=\"td-video-play-ico\"><img loading=\"lazy\" decoding=\"async\" width=\"40\" height=\"40\" class=\"td-retina\" src=\"https:\/\/www.tvbuzau.ro\/wp-content\/themes\/Newspaper\/images\/icons\/ico-video-large.png\" alt=\"video\"><\/span><\/a><\/div>\n<p><a href=\"https:\/\/www.tvbuzau.ro\/category\/actualitate\/\" class=\"td-post-category\">Actualitate<\/a><\/div>\n<div class=\"item-details\">\n<h3 class=\"entry-title td-module-title\"><a href=\"https:\/\/www.tvbuzau.ro\/se-mai-construiesc-blocuri-in-municipiul-buzau\/\" rel=\"bookmark\" title=\"Se mai construiesc blocuri \u00een municipiul Buz\u0103u?\">Se mai construiesc blocuri \u00een municipiul Buz\u0103u?<\/a><\/h3>\n<\/div>\n<\/div>\n<\/div>\n<div class=\"td-related-span4\">\n<div class=\"td_module_related_posts td-animation-stack td_mod_related_posts\">\n<div class=\"td-module-image\">\n<div class=\"td-module-thumb\"><a href=\"https:\/\/www.tvbuzau.ro\/mai-multa-transparenta-la-primaria-buzau\/\" rel=\"bookmark\" title=\"Mai mult\u0103 transparen\u0163\u0103 la Prim\u0103ria Buz\u0103u?\"><img loading=\"lazy\" decoding=\"async\" width=\"218\" height=\"150\" class=\"entry-thumb\" src=\"https:\/\/www.tvbuzau.ro\/wp-content\/uploads\/2026\/08\/sddefault-34-218x150.jpg\" alt title=\"Mai mult\u0103 transparen\u0163\u0103 la Prim\u0103ria Buz\u0103u?\"><span class=\"td-video-play-ico\"><img loading=\"lazy\" decoding=\"async\" width=\"40\" height=\"40\" class=\"td-retina\" src=\"https:\/\/www.tvbuzau.ro\/wp-content\/themes\/Newspaper\/images\/icons\/ico-video-large.png\" alt=\"video\"><\/span><\/a><\/div>\n<p><a href=\"https:\/\/www.tvbuzau.ro\/category\/actualitate\/\" class=\"td-post-category\">Actualitate<\/a><\/div>\n<div class=\"item-details\">\n<h3 class=\"entry-title td-module-title\"><a href=\"https:\/\/www.tvbuzau.ro\/mai-multa-transparenta-la-primaria-buzau\/\" rel=\"bookmark\" title=\"Mai mult\u0103 transparen\u0163\u0103 la Prim\u0103ria Buz\u0103u?\">Mai mult\u0103 transparen\u0163\u0103 la Prim\u0103ria Buz\u0103u?<\/a><\/h3>\n<\/div>\n<\/div>\n<\/div>\n<\/div>\n<\/div>\n<\/div>\n<div class=\"comments\" id=\"comments\">\n<div id=\"respond\" class=\"comment-respond\">\n<h3 id=\"reply-title\" class=\"comment-reply-title\">L\u0102SA\u021aI UN MESAJ <small><a rel=\"nofollow\" id=\"cancel-comment-reply-link\" href=\"https:\/\/www.tvbuzau.ro\/s-a-dat-lucrator-bancar-si-a-ajuns-in-arest\/#respond\">Renun\u021ba\u021bi la r\u0103spuns<\/a><\/small><\/h3>\n<\/div>\n<\/div>\n<\/div>\n<div class=\"td-post-content\">\n<div class=\"td-featured-image-rec\">\n<div class=\"wpb_video_wrapper\">\n                    <iframe loading=\"lazy\" id=\"td_youtube_player\" width=\"600\" height=\"560\" src=\"https:\/\/www.youtube.com\/embed\/OZHDioHjTnI?enablejsapi=1&amp;feature=oembed&amp;wmode=opaque&amp;vq=hd720\" frameborder allowfullscreen><\/iframe><\/p><\/div>\n<\/div>\n<p>Ce sume ar fi pretins falsul lucr\u0103tor bancar<br \/>\nPoli\u0163i\u015ftii Biroului de Investiga\u0163ii Criminale din cadrul Poli\u0163iei municipiului Buz\u0103u, sub coordonarea parchetului, au organizat o perchezi\u0163ie domiciliar\u0103, la imobilul unei persoane cercetate pentru \u00een\u015fel\u0103ciune, instigare la \u00een\u015fel\u0103ciune \u015fi inducerea \u00een eroare a organelor judiciare. Faptele ar fi fost sesizate de c\u0103tre persoanele v\u0103t\u0103mate, dou\u0103 femei \u015fi un b\u0103rbat, din Buz\u0103u \u015fi Bucure\u015fti, cu v\u00e2rste cuprinse \u00eentre 24 \u015fi 48 de ani.<\/p>\n<p>\u201eDin cercet\u0103ri s-a stabilit c\u0103, \u00een cursul anului 2025, persoana cercetat\u0103, o femeie de 41 de ani, din Buz\u0103u, prin declinarea calit\u0103\u0163ii mincinoase de lucr\u0103tor bancar, ar fi indus \u00een eroare persoanele v\u0103t\u0103mate cu privire la existen\u0163a procedurii de licita\u0163ie a trei imobile, sens \u00een care ar fi solicitat \u015fi ar fi primit, drept avans pentru participarea la licita\u0163ie, suma total\u0103 de 115.500 de lei. De asemenea, ar fi determinat o femeie de 46 de ani, din Cilibia, s\u0103 contacteze telefonic una dintre persoanele v\u0103t\u0103mate \u015fi s\u0103 o induc\u0103 \u00een eroare prin declinarea calit\u0103\u0163ii mincinoase de lucr\u0103tor bancar, respectiv confirmarea existen\u0163ei procedurii de licita\u0163ie a unui imobil, \u00een acest mod facilit\u00e2nd ob\u0163inerea de c\u0103tre cea \u00een cauz\u0103 a 67.000 de lei, drept avans pentru participarea la licita\u0163ie\u201d, a transmis IPJ Buz\u0103u.<br \/>\nPersoana cercetat\u0103 ar fi f\u0103cut un denun\u0163, scopul fiind cel de a-\u015fi ascunde faptele.<\/p>\n<p>\u201eTotodat\u0103, persoana cercetat\u0103 ar fi formulat un denun\u0163 penal, prin care a sesizat s\u0103v\u00e2r\u015firea infrac\u0163iunii de \u00een\u015fel\u0103ciune \u00een dauna sa, cu scopul de a-\u015fi ascunde propria activitate infrac\u0163ional\u0103 \u015fi de a plasa r\u0103spunderea penal\u0103, concomitent cu \u00eengreunarea cercet\u0103rilor \u00een ceea ce o prive\u015fte. \u00cen baza mandatului de aducere, femeia a fost condus\u0103 la sediul poli\u0163iei pentru audieri, ulterior fiind re\u0163inut\u0103 pentru 24 de ore\u201d, informeaz\u0103 IPJ Buz\u0103u.<\/p>\n<p>Pe numele femeii judec\u0103torul de drepturi \u015fi libert\u0103\u0163i a emis un mandat de arestare preventiv\u0103 pe pentru 30 de zile.<\/p>\n<div class=\"post-views post-120066 entry-meta\"><span class=\"post-views-label\">Post Views: <\/span><span class=\"post-views-count\">184<\/span><\/div>\n<\/div>\n<p>[analyse_source url=&#8221;https:\/\/www.tvbuzau.ro\/s-a-dat-lucrator-bancar-si-a-ajuns-in-arest\/&#8221;]<\/p>\n","protected":false},"excerpt":{"rendered":"<p>[analyse_image type=&#8221;featured&#8221; src=&#8221;https:\/\/www.tvbuzau.ro\/wp-content\/uploads\/2026\/08\/sddefault-32.jpghttps:\/\/www.tvbuzau.ro\/wp-content\/uploads\/2026\/08\/sddefault-32.jpg&#8221;] Actualitate S-a dat lucr\u0103tor bancar \u015fi a ajuns \u00een arest De c\u0103tre TV Buz\u0103u &#8211; august 18, 2026 0 23 Distribui\u021bi pe Facebook Distribui\u021bi pe Twitter tweet Ce sume ar fi pretins falsul lucr\u0103tor bancar Poli\u0163i\u015ftii Biroului de Investiga\u0163ii Criminale din cadrul Poli\u0163iei municipiului Buz\u0103u, sub coordonarea parchetului, au organizat o perchezi\u0163ie [&hellip;]<\/p>\n","protected":false},"author":1,"featured_media":0,"comment_status":"open","ping_status":"","sticky":false,"template":"","format":"standard","meta":{"footnotes":""},"categories":[2],"tags":[226,116],"class_list":["post-2101277","post","type-post","status-publish","format-standard","hentry","category-politics","tag-crawlmanager","tag-tvbuzau-ro"],"_links":{"self":[{"href":"https:\/\/analyse.optim.biz\/index.php?rest_route=\/wp\/v2\/posts\/2101277","targetHints":{"allow":["GET"]}}],"collection":[{"href":"https:\/\/analyse.optim.biz\/index.php?rest_route=\/wp\/v2\/posts"}],"about":[{"href":"https:\/\/analyse.optim.biz\/index.php?rest_route=\/wp\/v2\/types\/post"}],"author":[{"embeddable":true,"href":"https:\/\/analyse.optim.biz\/index.php?rest_route=\/wp\/v2\/users\/1"}],"replies":[{"embeddable":true,"href":"https:\/\/analyse.optim.biz\/index.php?rest_route=%2Fwp%2Fv2%2Fcomments&post=2101277"}],"version-history":[{"count":0,"href":"https:\/\/analyse.optim.biz\/index.php?rest_route=\/wp\/v2\/posts\/2101277\/revisions"}],"wp:attachment":[{"href":"https:\/\/analyse.optim.biz\/index.php?rest_route=%2Fwp%2Fv2%2Fmedia&parent=2101277"}],"wp:term":[{"taxonomy":"category","embeddable":true,"href":"https:\/\/analyse.optim.biz\/index.php?rest_route=%2Fwp%2Fv2%2Fcategories&post=2101277"},{"taxonomy":"post_tag","embeddable":true,"href":"https:\/\/analyse.optim.biz\/index.php?rest_route=%2Fwp%2Fv2%2Ftags&post=2101277"}],"curies":[{"name":"wp","href":"https:\/\/api.w.org\/{rel}","templated":true}]}}