{"id":2101274,"date":"2026-08-19T18:34:54","date_gmt":"2026-08-19T15:34:54","guid":{"rendered":"https:\/\/analyse.optim.biz\/?p=2101274"},"modified":"2026-08-19T18:34:54","modified_gmt":"2026-08-19T15:34:54","slug":"florin-ceparu-municipiul-ramnicu-sarat-oras-candidat-pentru-capitala-tineretului-din-romania-2028","status":"publish","type":"post","link":"https:\/\/analyse.optim.biz\/?p=2101274","title":{"rendered":"Florin Ceparu: Municipiul R\u00e2mnicu S\u0103rat \u2013 ora\u0219 candidat pentru Capitala Tineretului din Rom\u00e2nia 2028!"},"content":{"rendered":"<p>[analyse_image type=&#8221;featured&#8221; src=&#8221;https:\/\/buzaumedia.ro\/wp-content\/uploads\/2026\/08\/1787139678_Florin-Ceparu-INFORMARE.pnghttps:\/\/buzaumedia.ro\/wp-content\/uploads\/2026\/08\/1787139678_Florin-Ceparu-INFORMARE.png&#8221;]<\/p>\n<div class=\"entry-content rbct clearfix is-highlight-shares\">\n<p>\u00a0<\/p>\n<p>Astazi, \u00een cadrul Complexului Br\u00e2ncovenesc, are loc un eveniment dedicat educa\u021biei, tinerilor \u0219i viitorului comunit\u0103\u021bii noastre:<\/p>\n<p>GALA EXCELEN\u021a\u0102 \u00ceN EDUCA\u021aIE \u2013 \u00een cadrul c\u0103ruia vor fi premiate cele mai bune rezultate \u00een cadrul celor dou\u0103 examene, Bacalaureat \u0219i Evaluare Na\u021bional\u0103.<br \/>\nLansarea candidaturii Municipiului R\u00e2mnicu S\u0103rat \u00een programul CAPITALA TINERETULUI DIN ROM\u00c2NIA 2028<\/p>\n<p>Va fi un moment important pentru ora\u0219ul nostru, \u00een care celebr\u0103m performan\u021ba \u00een educa\u021bie \u0219i, \u00een acela\u0219i timp, facem \u00eempreun\u0103 primul pas \u00eentr-un proiect care \u00ee\u0219i propune s\u0103 pun\u0103 tinerii, ideile \u0219i implicarea lor \u00een centrul dezvolt\u0103rii R\u00e2mnicului.<\/p>\n<p>Credem \u00eentr-un ora\u0219 construit \u00eempreun\u0103 cu tinerii \u0219i pentru tineri. Credem \u00een educa\u021bie, implicare, ini\u021biativ\u0103 \u0219i comunitate. Credem \u00een #RAMifyYOUth!<\/p>\n<p>Complexul Br\u00e2ncovenesc<br \/>\nMiercuri, 19 august 2026<br \/>\nOra 18:00<\/p>\n<p>Eveniment organizat de Zilele Tineretului R\u00e2mnicean 2026.<\/p>\n<p>Vino s\u0103 fii parte din candidatura ora\u0219ului nostru!<\/p>\n<p>Florin Ceparu<\/p>\n<\/div>\n<p>[analyse_source url=&#8221;https:\/\/buzaumedia.ro\/stiri-buzau\/florin-ceparu-municipiul-ramnicu-sarat-oras-candidat-pentru-capitala-tineretului-din-romania-2028\/&#8221;]<\/p>\n","protected":false},"excerpt":{"rendered":"<p>[analyse_image type=&#8221;featured&#8221; src=&#8221;https:\/\/buzaumedia.ro\/wp-content\/uploads\/2026\/08\/1787139678_Florin-Ceparu-INFORMARE.pnghttps:\/\/buzaumedia.ro\/wp-content\/uploads\/2026\/08\/1787139678_Florin-Ceparu-INFORMARE.png&#8221;] \u00a0 Astazi, \u00een cadrul Complexului Br\u00e2ncovenesc, are loc un eveniment dedicat educa\u021biei, tinerilor \u0219i viitorului comunit\u0103\u021bii noastre: GALA EXCELEN\u021a\u0102 \u00ceN EDUCA\u021aIE \u2013 \u00een cadrul c\u0103ruia vor fi premiate cele mai bune rezultate \u00een cadrul celor dou\u0103 examene, Bacalaureat \u0219i Evaluare Na\u021bional\u0103. Lansarea candidaturii Municipiului R\u00e2mnicu S\u0103rat \u00een programul CAPITALA TINERETULUI DIN ROM\u00c2NIA [&hellip;]<\/p>\n","protected":false},"author":1,"featured_media":0,"comment_status":"open","ping_status":"","sticky":false,"template":"","format":"standard","meta":{"footnotes":""},"categories":[2],"tags":[66,226],"class_list":["post-2101274","post","type-post","status-publish","format-standard","hentry","category-politics","tag-buzaumedia-ro","tag-crawlmanager"],"_links":{"self":[{"href":"https:\/\/analyse.optim.biz\/index.php?rest_route=\/wp\/v2\/posts\/2101274","targetHints":{"allow":["GET"]}}],"collection":[{"href":"https:\/\/analyse.optim.biz\/index.php?rest_route=\/wp\/v2\/posts"}],"about":[{"href":"https:\/\/analyse.optim.biz\/index.php?rest_route=\/wp\/v2\/types\/post"}],"author":[{"embeddable":true,"href":"https:\/\/analyse.optim.biz\/index.php?rest_route=\/wp\/v2\/users\/1"}],"replies":[{"embeddable":true,"href":"https:\/\/analyse.optim.biz\/index.php?rest_route=%2Fwp%2Fv2%2Fcomments&post=2101274"}],"version-history":[{"count":0,"href":"https:\/\/analyse.optim.biz\/index.php?rest_route=\/wp\/v2\/posts\/2101274\/revisions"}],"wp:attachment":[{"href":"https:\/\/analyse.optim.biz\/index.php?rest_route=%2Fwp%2Fv2%2Fmedia&parent=2101274"}],"wp:term":[{"taxonomy":"category","embeddable":true,"href":"https:\/\/analyse.optim.biz\/index.php?rest_route=%2Fwp%2Fv2%2Fcategories&post=2101274"},{"taxonomy":"post_tag","embeddable":true,"href":"https:\/\/analyse.optim.biz\/index.php?rest_route=%2Fwp%2Fv2%2Ftags&post=2101274"}],"curies":[{"name":"wp","href":"https:\/\/api.w.org\/{rel}","templated":true}]}}