{"id":2101143,"date":"2026-08-19T15:38:02","date_gmt":"2026-08-19T12:38:02","guid":{"rendered":"https:\/\/analyse.optim.biz\/?p=2101143"},"modified":"2026-08-19T15:38:02","modified_gmt":"2026-08-19T12:38:02","slug":"drone-racheta-prabusita-in-moldova-fragmente-identificate-si-avertismentul-maiei-sandu","status":"publish","type":"post","link":"https:\/\/analyse.optim.biz\/?p=2101143","title":{"rendered":"Drone-rachet\u0103 pr\u0103bu\u0219it\u0103 \u00een Moldova: fragmente identificate \u0219i avertismentul Maiei Sandu"},"content":{"rendered":"<p>[analyse_image type=&#8221;featured&#8221; src=&#8221;https:\/\/news-vaslui.ro\/wp-content\/uploads\/2026\/08\/featured-image-1787153880479.jpg&#8221;]<\/p>\n<div class=\"tdb-block-inner td-fix-index\"><a class=\"tdb-logo-a\" href=\"https:\/\/news-vaslui.ro\/\" title=\"logo\"><span class=\"tdb-logo-img-wrap\"><img decoding=\"async\" class=\"tdb-logo-img td-retina-data\" data-retina=\"https:\/\/news-vaslui.ro\/wp-content\/uploads\/2025\/12\/FACT-CHECKED-NEWS-VASLUI-2-300x85.png\" src=\"https:\/\/news-vaslui.ro\/wp-content\/uploads\/2025\/12\/FACT-CHECKED-NEWS-VASLUI-2-300x85.png\" alt=\"logo\" title=\"logo\"><\/span><\/a><\/div>\n<div class=\"tdb-block-inner td-fix-index\"><a class=\"tdb-logo-a\" href=\"https:\/\/news-vaslui.ro\/\" title=\"logo\"><span class=\"tdb-logo-img-wrap\"><img decoding=\"async\" class=\"tdb-logo-img td-retina-data\" data-retina=\"https:\/\/news-vaslui.ro\/wp-content\/uploads\/2025\/12\/FACT-CHECKED-NEWS-VASLUI-2-300x85.png\" src=\"https:\/\/news-vaslui.ro\/wp-content\/uploads\/2025\/12\/FACT-CHECKED-NEWS-VASLUI-2-300x85.png\" alt=\"logo\" title=\"logo\"><\/span><\/a><\/div>\n<div class=\"tdb-block-inner td-fix-index\"><a class=\"tdb-logo-a\" href=\"https:\/\/news-vaslui.ro\/\" title=\"logo\"><span class=\"tdb-logo-img-wrap\"><img decoding=\"async\" class=\"tdb-logo-img td-retina-data\" data-retina=\"https:\/\/news-vaslui.ro\/wp-content\/uploads\/2025\/12\/FACT-CHECKED-NEWS-VASLUI-2-300x85.png\" src=\"https:\/\/news-vaslui.ro\/wp-content\/uploads\/2025\/12\/FACT-CHECKED-NEWS-VASLUI-2-300x85.png\" alt=\"logo\" title=\"logo\"><\/span><\/a><\/div>\n<div class=\"tdb-block-inner td-fix-index\">\n<div class=\"tdb-head-date-txt\">miercuri, august 19, 2026<\/div>\n<\/div>\n<div class=\"tdb-block-inner td-fix-index\">\n<div class=\"tdb-weather-deg-wrap\" data-block-uid=\"tdb_header_weather_uid\"><span class=\"tdb-weather-deg\">26.4<\/span><span class=\"tdb-weather-unit\">C<\/span><\/div>\n<div class=\"tdb-weather-city\">Vaslui<\/div>\n<\/div>\n<div class=\"tdb-block-inner td-fix-index\">\n<div class=\"tdb-drop-down-search\" aria-labelledby=\"td-header-search-button\">\n<div class=\"tdb-drop-down-search-inner\">\n<div class=\"tdb-search-form-inner\">\n<div class=\"tdb-head-search-placeholder\">type here&#8230;<\/div>\n<\/div>\n<\/div>\n<\/div>\n<\/div>\n<div class=\"tdb-block-inner td-fix-index\"><a class=\"tdb-logo-a\" href=\"https:\/\/news-vaslui.ro\/\" title=\"logo\"><span class=\"tdb-logo-img-wrap\"><img decoding=\"async\" class=\"tdb-logo-img td-retina-data\" data-retina=\"https:\/\/news-vaslui.ro\/wp-content\/uploads\/2025\/12\/FACT-CHECKED-NEWS-VASLUI-2-300x85.png\" src=\"https:\/\/news-vaslui.ro\/wp-content\/uploads\/2025\/12\/FACT-CHECKED-NEWS-VASLUI-2-300x85.png\" alt=\"Vaslui News\" title=\"logo\"><\/span><\/a><\/div>\n<div class=\"tdb-block-inner td-fix-index\"><img loading=\"lazy\" decoding=\"async\" width=\"1068\" height=\"712\" class=\"entry-thumb\" src=\"https:\/\/news-vaslui.ro\/wp-content\/uploads\/2026\/08\/featured-image-1787153880479-1068x712.jpg\" alt title=\"Featured Image\"><\/div>\n<div class=\"tdb-block-inner td-fix-index\"><span class=\"reading-time-number\">1<\/span><span class=\"tdb-minute-text\"> min.<\/span><span class=\"tdb-add-text\">Read<\/span><\/div>\n<div class=\"tdb-block-inner td-fix-index\">\n<h1 class=\"tdb-title-text\">Drone-rachet\u0103 pr\u0103bu\u0219it\u0103 \u00een Moldova: fragmente identificate \u0219i avertismentul Maiei Sandu<\/h1>\n<\/div>\n<div class=\"tdb-block-inner td-fix-index\"><a class=\"tdb-author-photo\" href=\"https:\/\/news-vaslui.ro\/author\/vasluidev\/\" title=\"News Vaslui\"><img decoding=\"async\" alt=\"News Vaslui\" src=\"https:\/\/secure.gravatar.com\/avatar\/7cd75f71af07ac3deeb6cda7fa3e40e8f10cbbf011f111ff652b3ec2cc663f22?s=96&amp;d=mm&amp;r=g\" class=\"avatar avatar-96 photo\" height=\"96\" width=\"96\" loading=\"lazy\"><\/a><\/p>\n<div class=\"tdb-author-name-wrap\"><span class=\"tdb-author-by\">By<\/span><a class=\"tdb-author-name\" href=\"https:\/\/news-vaslui.ro\/author\/vasluidev\/\">News Vaslui<\/a><\/div>\n<\/div>\n<div class=\"tdb-block-inner td-fix-index\"><time class=\"entry-date updated td-module-date\" datetime=\"2026-08-19T15:38:02+00:00\">19 august 2026<\/time><\/div>\n<div class=\"td_block_wrap tdb_single_content tdi_103 td-pb-border-top td_block_template_1 td-post-content tagdiv-type\" data-td-block-uid=\"tdi_103\">\n<div class=\"tdb-block-inner td-fix-index\">\n<div class=\"post-sources-section\">\n<h3>Surse<\/h3>\n<div class=\"sources-list\"><a href=\"https:\/\/vremeanoua.ro\/o-drona-racheta-s-a-prabusit-si-a-explodat-in-republica-moldova-maia-sandu-unele-ajung-din-intamplare-altele-sunt-trimise\" target=\"_blank\" rel=\"noopener\" class=\"source-item\"><\/p>\n<div class=\"source-thumb\"><img decoding=\"async\" src=\"https:\/\/news-vaslui.ro\/wp-content\/uploads\/2025\/12\/vremeanoua.png\" alt=\"O dron\u0103-rachet\u0103 s-a pr\u0103bu\u0219it \u0219i a explodat \u00een Republica Moldova. Maia Sandu:...\" class=\"td-animation-stack-type0-2\"><\/div>\n<div class=\"source-info\"><span class=\"source-publication\">Vremea Noua<\/span><span class=\"source-title\">O dron\u0103-rachet\u0103 s-a pr\u0103bu\u0219it \u0219i a explodat \u00een Republica Moldova. Maia Sandu:&#8230;<\/span><\/p>\n<p class=\"source-date\">18\/08\/2026<\/p>\n<\/div>\n<p><\/a><\/div>\n<\/div>\n<p>Pe 18 august 2026, un obiect aerian neidentificat a p\u0103truns \u00een spa\u021biul aerian al Republicii Moldova \u0219i s-a deplasat pe direc\u021bia Cuciurgan-Tiraspol, determin\u00e2nd \u00eenchiderea temporar\u0103 a spa\u021biului aerian. Ulterior, obiectul a disp\u0103rut din sistemele de monitorizare, iar autorit\u0103\u021bile moldovene au confirmat existen\u021ba unor fragmente la fa\u021ba locului, similare cu cele ale unui dispozitiv de tip dron\u0103-rachet\u0103 cu propulsie turbojet.<\/p>\n<p>Drumul s\u0103u a fost monitorizat \u00een zona Talmaza, iar investiga\u021biile \u00eencep s\u0103 ofere indicii despre natura \u0219i scopul acestui incident. P\u00e2n\u0103 \u00een acest moment nu au fost comunicate cauze certe sau originea exact\u0103 a aparatului, iar echipele competente continu\u0103 verific\u0103rile, inclusiv coordonarea cu partenerii regionali pentru a evalua vulnerabilit\u0103\u021bile spa\u021biului aerian din proximitatea frontierei cu Transnistria.<\/p>\n<p>\u00centr-o er\u0103 marcat\u0103 de tensiuni \u00een regiune, Maia Sandu a avertizat c\u0103 dronele pot p\u0103trunde \u00een spa\u021biul aerian al Moldovei \u0219i al altor state din regiune nu \u00eent\u00e2mpl\u0103tor, ci fiind trimise inten\u021bionat, subliniind necesitatea sporirii vigilen\u021bei \u0219i a colabor\u0103rii interna\u021bionale pentru asigurarea securit\u0103\u021bii. Declara\u021bia sa reflect\u0103 o preocupare crescut\u0103 privind poten\u021bialele utiliz\u0103ri militare sau hibride ale for\u021belor aeriene \u00een vecin\u0103tatea Republicii Moldova.<\/p>\n<p>Incidentul a intervenit \u00eentr-un context \u00een care autorit\u0103\u021bile moldovene au \u00eenchis temporar spa\u021biul aerian \u0219i apoi au eliberat informa\u021bii despre fragmentele detectate la fa\u021ba locului, accentu\u00e2nd suspiciunile legate de o posibil\u0103 modificare a peisajului securit\u0103\u021bii regionale. \u00cen timp ce detaliile despre provenien\u021ba sau cui apar\u021bine obiectul r\u0103m\u00e2n \u00een curs de clarificare, autorit\u0103\u021bile au confirmat continuitatea investiga\u021biilor \u0219i comunicarea public\u0103 deschis\u0103 pentru a oferi clarific\u0103ri suplimentare pe m\u0103sur\u0103 ce apar informa\u021bii noi.<\/p>\n<\/div>\n<\/div>\n<div class=\"tdb-block-inner td-fix-index\">\n<div class=\"post-sources-section\">\n<h3>Surse<\/h3>\n<div class=\"sources-list\"><a href=\"https:\/\/vremeanoua.ro\/o-drona-racheta-s-a-prabusit-si-a-explodat-in-republica-moldova-maia-sandu-unele-ajung-din-intamplare-altele-sunt-trimise\" target=\"_blank\" rel=\"noopener\" class=\"source-item\"><\/p>\n<div class=\"source-thumb\"><img decoding=\"async\" src=\"https:\/\/news-vaslui.ro\/wp-content\/uploads\/2025\/12\/vremeanoua.png\" alt=\"O dron\u0103-rachet\u0103 s-a pr\u0103bu\u0219it \u0219i a explodat \u00een Republica Moldova. Maia Sandu:...\" class=\"td-animation-stack-type0-2\"><\/div>\n<div class=\"source-info\"><span class=\"source-publication\">Vremea Noua<\/span><span class=\"source-title\">O dron\u0103-rachet\u0103 s-a pr\u0103bu\u0219it \u0219i a explodat \u00een Republica Moldova. Maia Sandu:&#8230;<\/span><\/p>\n<p class=\"source-date\">18\/08\/2026<\/p>\n<\/div>\n<p><\/a><\/div>\n<\/div>\n<p>Pe 18 august 2026, un obiect aerian neidentificat a p\u0103truns \u00een spa\u021biul aerian al Republicii Moldova \u0219i s-a deplasat pe direc\u021bia Cuciurgan-Tiraspol, determin\u00e2nd \u00eenchiderea temporar\u0103 a spa\u021biului aerian. Ulterior, obiectul a disp\u0103rut din sistemele de monitorizare, iar autorit\u0103\u021bile moldovene au confirmat existen\u021ba unor fragmente la fa\u021ba locului, similare cu cele ale unui dispozitiv de tip dron\u0103-rachet\u0103 cu propulsie turbojet.<\/p>\n<p>Drumul s\u0103u a fost monitorizat \u00een zona Talmaza, iar investiga\u021biile \u00eencep s\u0103 ofere indicii despre natura \u0219i scopul acestui incident. P\u00e2n\u0103 \u00een acest moment nu au fost comunicate cauze certe sau originea exact\u0103 a aparatului, iar echipele competente continu\u0103 verific\u0103rile, inclusiv coordonarea cu partenerii regionali pentru a evalua vulnerabilit\u0103\u021bile spa\u021biului aerian din proximitatea frontierei cu Transnistria.<\/p>\n<p>\u00centr-o er\u0103 marcat\u0103 de tensiuni \u00een regiune, Maia Sandu a avertizat c\u0103 dronele pot p\u0103trunde \u00een spa\u021biul aerian al Moldovei \u0219i al altor state din regiune nu \u00eent\u00e2mpl\u0103tor, ci fiind trimise inten\u021bionat, subliniind necesitatea sporirii vigilen\u021bei \u0219i a colabor\u0103rii interna\u021bionale pentru asigurarea securit\u0103\u021bii. Declara\u021bia sa reflect\u0103 o preocupare crescut\u0103 privind poten\u021bialele utiliz\u0103ri militare sau hibride ale for\u021belor aeriene \u00een vecin\u0103tatea Republicii Moldova.<\/p>\n<p>Incidentul a intervenit \u00eentr-un context \u00een care autorit\u0103\u021bile moldovene au \u00eenchis temporar spa\u021biul aerian \u0219i apoi au eliberat informa\u021bii despre fragmentele detectate la fa\u021ba locului, accentu\u00e2nd suspiciunile legate de o posibil\u0103 modificare a peisajului securit\u0103\u021bii regionale. \u00cen timp ce detaliile despre provenien\u021ba sau cui apar\u021bine obiectul r\u0103m\u00e2n \u00een curs de clarificare, autorit\u0103\u021bile au confirmat continuitatea investiga\u021biilor \u0219i comunicarea public\u0103 deschis\u0103 pentru a oferi clarific\u0103ri suplimentare pe m\u0103sur\u0103 ce apar informa\u021bii noi.<\/p>\n<\/div>\n<div class=\"tdb-block-inner td-fix-index\">\n<div class=\"tdb-next-post tdb-next-post-bg tdb-post-prev\"><span>Articolul precedent<\/span><\/p>\n<div class=\"td-module-container\">\n<div class=\"td-image-container\"><a class=\"td-image-wrap\" href=\"https:\/\/news-vaslui.ro\/elicopter-prabusit-pe-sifnos-ce-s-a-intamplat-in-momentul-aterizarii\/\"><img decoding=\"async\" class=\"td-next-prev-image td-fix-index\" src=\"https:\/\/news-vaslui.ro\/wp-content\/uploads\/2026\/08\/featured-image-1787153870913-1068x712.jpg\"><\/a><\/div>\n<div class=\"next-prev-title\"><a href=\"https:\/\/news-vaslui.ro\/elicopter-prabusit-pe-sifnos-ce-s-a-intamplat-in-momentul-aterizarii\/\">Elicopter pr\u0103bu\u0219it pe Sifnos: ce s-a \u00eent\u00e2mplat \u00een momentul ateriz\u0103rii<\/a><\/div>\n<\/div>\n<\/div>\n<div class=\"tdb-next-post tdb-next-post-bg tdb-post-next\"><span>Articolul urm\u0103tor<\/span><\/p>\n<div class=\"td-module-container\">\n<div class=\"td-image-container\"><a class=\"td-image-wrap\" href=\"https:\/\/news-vaslui.ro\/dubla-crima-la-comanesti-ce-indica-ancheta-penala-in-desfasurare\/\"><img decoding=\"async\" class=\"td-next-prev-image td-fix-index\" src=\"https:\/\/news-vaslui.ro\/wp-content\/uploads\/2026\/08\/featured-image-1787153887477-1068x712.jpg\"><\/a><\/div>\n<div class=\"next-prev-title\"><a href=\"https:\/\/news-vaslui.ro\/dubla-crima-la-comanesti-ce-indica-ancheta-penala-in-desfasurare\/\">Dubl\u0103 crim\u0103 la Com\u0103ne\u0219ti: ce indic\u0103 ancheta penal\u0103 \u00een desf\u0103\u0219urare<\/a><\/div>\n<\/div>\n<\/div>\n<\/div>\n<div class=\"tdb-block-inner td-fix-index\"><a class=\"tdb-logo-a\" href=\"https:\/\/news-vaslui.ro\/\" title=\"logo\"><span class=\"tdb-logo-img-wrap\"><img decoding=\"async\" class=\"tdb-logo-img td-retina-data\" data-retina=\"https:\/\/news-vaslui.ro\/wp-content\/uploads\/2025\/12\/FACT-CHECKED-NEWS-VASLUI-2-300x85.png\" src=\"https:\/\/news-vaslui.ro\/wp-content\/uploads\/2025\/12\/FACT-CHECKED-NEWS-VASLUI-2-300x85.png\" alt=\"logo\" title=\"logo\"><\/span><\/a><\/div>\n<p>[analyse_source url=&#8221;https:\/\/news-vaslui.ro\/drone-racheta-prabusita-in-moldova-fragmente-identificate-si-avertismentul-maiei-sandu\/#new_tab&#8221;]<\/p>\n","protected":false},"excerpt":{"rendered":"<p>[analyse_image type=&#8221;featured&#8221; src=&#8221;https:\/\/news-vaslui.ro\/wp-content\/uploads\/2026\/08\/featured-image-1787153880479.jpg&#8221;] miercuri, august 19, 2026 26.4C Vaslui type here&#8230; 1 min.Read Drone-rachet\u0103 pr\u0103bu\u0219it\u0103 \u00een Moldova: fragmente identificate \u0219i avertismentul Maiei Sandu ByNews Vaslui 19 august 2026 Surse Vremea NouaO dron\u0103-rachet\u0103 s-a pr\u0103bu\u0219it \u0219i a explodat \u00een Republica Moldova. Maia Sandu:&#8230; 18\/08\/2026 Pe 18 august 2026, un obiect aerian neidentificat a p\u0103truns \u00een spa\u021biul [&hellip;]<\/p>\n","protected":false},"author":1,"featured_media":0,"comment_status":"open","ping_status":"","sticky":false,"template":"","format":"standard","meta":{"footnotes":""},"categories":[89],"tags":[226,217],"class_list":["post-2101143","post","type-post","status-publish","format-standard","hentry","category-romania","tag-crawlmanager","tag-vaslui-robo-stiri-ro"],"_links":{"self":[{"href":"https:\/\/analyse.optim.biz\/index.php?rest_route=\/wp\/v2\/posts\/2101143","targetHints":{"allow":["GET"]}}],"collection":[{"href":"https:\/\/analyse.optim.biz\/index.php?rest_route=\/wp\/v2\/posts"}],"about":[{"href":"https:\/\/analyse.optim.biz\/index.php?rest_route=\/wp\/v2\/types\/post"}],"author":[{"embeddable":true,"href":"https:\/\/analyse.optim.biz\/index.php?rest_route=\/wp\/v2\/users\/1"}],"replies":[{"embeddable":true,"href":"https:\/\/analyse.optim.biz\/index.php?rest_route=%2Fwp%2Fv2%2Fcomments&post=2101143"}],"version-history":[{"count":0,"href":"https:\/\/analyse.optim.biz\/index.php?rest_route=\/wp\/v2\/posts\/2101143\/revisions"}],"wp:attachment":[{"href":"https:\/\/analyse.optim.biz\/index.php?rest_route=%2Fwp%2Fv2%2Fmedia&parent=2101143"}],"wp:term":[{"taxonomy":"category","embeddable":true,"href":"https:\/\/analyse.optim.biz\/index.php?rest_route=%2Fwp%2Fv2%2Fcategories&post=2101143"},{"taxonomy":"post_tag","embeddable":true,"href":"https:\/\/analyse.optim.biz\/index.php?rest_route=%2Fwp%2Fv2%2Ftags&post=2101143"}],"curies":[{"name":"wp","href":"https:\/\/api.w.org\/{rel}","templated":true}]}}