{"id":2101142,"date":"2026-08-19T15:38:11","date_gmt":"2026-08-19T12:38:11","guid":{"rendered":"https:\/\/analyse.optim.biz\/?p=2101142"},"modified":"2026-08-19T15:38:11","modified_gmt":"2026-08-19T12:38:11","slug":"dubla-crima-la-comanesti-ce-indica-ancheta-penala-in-desfasurare","status":"publish","type":"post","link":"https:\/\/analyse.optim.biz\/?p=2101142","title":{"rendered":"Dubl\u0103 crim\u0103 la Com\u0103ne\u0219ti: ce indic\u0103 ancheta penal\u0103 \u00een desf\u0103\u0219urare"},"content":{"rendered":"<p>[analyse_image type=&#8221;featured&#8221; src=&#8221;https:\/\/news-vaslui.ro\/wp-content\/uploads\/2026\/08\/featured-image-1787153887477.jpg&#8221;]<\/p>\n<div class=\"tdb-block-inner td-fix-index\"><a class=\"tdb-logo-a\" href=\"https:\/\/news-vaslui.ro\/\" title=\"logo\"><span class=\"tdb-logo-img-wrap\"><img decoding=\"async\" class=\"tdb-logo-img td-retina-data\" data-retina=\"https:\/\/news-vaslui.ro\/wp-content\/uploads\/2025\/12\/FACT-CHECKED-NEWS-VASLUI-2-300x85.png\" src=\"https:\/\/news-vaslui.ro\/wp-content\/uploads\/2025\/12\/FACT-CHECKED-NEWS-VASLUI-2-300x85.png\" alt=\"logo\" title=\"logo\"><\/span><\/a><\/div>\n<div class=\"tdb-block-inner td-fix-index\"><a class=\"tdb-logo-a\" href=\"https:\/\/news-vaslui.ro\/\" title=\"logo\"><span class=\"tdb-logo-img-wrap\"><img decoding=\"async\" class=\"tdb-logo-img td-retina-data\" data-retina=\"https:\/\/news-vaslui.ro\/wp-content\/uploads\/2025\/12\/FACT-CHECKED-NEWS-VASLUI-2-300x85.png\" src=\"https:\/\/news-vaslui.ro\/wp-content\/uploads\/2025\/12\/FACT-CHECKED-NEWS-VASLUI-2-300x85.png\" alt=\"logo\" title=\"logo\"><\/span><\/a><\/div>\n<div class=\"tdb-block-inner td-fix-index\"><a class=\"tdb-logo-a\" href=\"https:\/\/news-vaslui.ro\/\" title=\"logo\"><span class=\"tdb-logo-img-wrap\"><img decoding=\"async\" class=\"tdb-logo-img td-retina-data\" data-retina=\"https:\/\/news-vaslui.ro\/wp-content\/uploads\/2025\/12\/FACT-CHECKED-NEWS-VASLUI-2-300x85.png\" src=\"https:\/\/news-vaslui.ro\/wp-content\/uploads\/2025\/12\/FACT-CHECKED-NEWS-VASLUI-2-300x85.png\" alt=\"logo\" title=\"logo\"><\/span><\/a><\/div>\n<div class=\"tdb-block-inner td-fix-index\">\n<div class=\"tdb-head-date-txt\">miercuri, august 19, 2026<\/div>\n<\/div>\n<div class=\"tdb-block-inner td-fix-index\">\n<div class=\"tdb-weather-deg-wrap\" data-block-uid=\"tdb_header_weather_uid\"><span class=\"tdb-weather-deg\">26.4<\/span><span class=\"tdb-weather-unit\">C<\/span><\/div>\n<div class=\"tdb-weather-city\">Vaslui<\/div>\n<\/div>\n<div class=\"tdb-block-inner td-fix-index\">\n<div class=\"tdb-drop-down-search\" aria-labelledby=\"td-header-search-button\">\n<div class=\"tdb-drop-down-search-inner\">\n<div class=\"tdb-search-form-inner\">\n<div class=\"tdb-head-search-placeholder\">type here&#8230;<\/div>\n<\/div>\n<\/div>\n<\/div>\n<\/div>\n<div class=\"tdb-block-inner td-fix-index\"><a class=\"tdb-logo-a\" href=\"https:\/\/news-vaslui.ro\/\" title=\"logo\"><span class=\"tdb-logo-img-wrap\"><img decoding=\"async\" class=\"tdb-logo-img td-retina-data\" data-retina=\"https:\/\/news-vaslui.ro\/wp-content\/uploads\/2025\/12\/FACT-CHECKED-NEWS-VASLUI-2-300x85.png\" src=\"https:\/\/news-vaslui.ro\/wp-content\/uploads\/2025\/12\/FACT-CHECKED-NEWS-VASLUI-2-300x85.png\" alt=\"Vaslui News\" title=\"logo\"><\/span><\/a><\/div>\n<div class=\"tdb-block-inner td-fix-index\"><img loading=\"lazy\" decoding=\"async\" width=\"1068\" height=\"712\" class=\"entry-thumb\" src=\"https:\/\/news-vaslui.ro\/wp-content\/uploads\/2026\/08\/featured-image-1787153887477-1068x712.jpg\" alt title=\"Featured Image\"><\/div>\n<div class=\"tdb-block-inner td-fix-index\"><span class=\"reading-time-number\">1<\/span><span class=\"tdb-minute-text\"> min.<\/span><span class=\"tdb-add-text\">Read<\/span><\/div>\n<div class=\"tdb-block-inner td-fix-index\">\n<h1 class=\"tdb-title-text\">Dubl\u0103 crim\u0103 la Com\u0103ne\u0219ti: ce indic\u0103 ancheta penal\u0103 \u00een desf\u0103\u0219urare<\/h1>\n<\/div>\n<div class=\"tdb-block-inner td-fix-index\"><a class=\"tdb-author-photo\" href=\"https:\/\/news-vaslui.ro\/author\/vasluidev\/\" title=\"News Vaslui\"><img decoding=\"async\" alt=\"News Vaslui\" src=\"https:\/\/secure.gravatar.com\/avatar\/7cd75f71af07ac3deeb6cda7fa3e40e8f10cbbf011f111ff652b3ec2cc663f22?s=96&amp;d=mm&amp;r=g\" class=\"avatar avatar-96 photo\" height=\"96\" width=\"96\" loading=\"lazy\"><\/a><\/p>\n<div class=\"tdb-author-name-wrap\"><span class=\"tdb-author-by\">By<\/span><a class=\"tdb-author-name\" href=\"https:\/\/news-vaslui.ro\/author\/vasluidev\/\">News Vaslui<\/a><\/div>\n<\/div>\n<div class=\"tdb-block-inner td-fix-index\"><time class=\"entry-date updated td-module-date\" datetime=\"2026-08-19T15:38:11+00:00\">19 august 2026<\/time><\/div>\n<div class=\"td_block_wrap tdb_single_content tdi_103 td-pb-border-top td_block_template_1 td-post-content tagdiv-type\" data-td-block-uid=\"tdi_103\">\n<div class=\"tdb-block-inner td-fix-index\">\n<div class=\"post-sources-section\">\n<h3>Surse<\/h3>\n<div class=\"sources-list\"><a href=\"https:\/\/vremeanoua.ro\/un-barbat-din-bacau-si-a-masacrat-sotia-si-cumnata-politistii-au-deschis-o-ancheta\" target=\"_blank\" rel=\"noopener\" class=\"source-item\"><\/p>\n<div class=\"source-thumb\"><img decoding=\"async\" src=\"https:\/\/news-vaslui.ro\/wp-content\/uploads\/2025\/12\/vremeanoua.png\" alt=\"Un b\u0103rbat din Bac\u0103u \u0219i-a masacrat so\u021bia \u0219i cumnata. Poli\u021bi\u0219tii au deschis...\" class=\"td-animation-stack-type0-2\"><\/div>\n<div class=\"source-info\"><span class=\"source-publication\">Vremea Noua<\/span><span class=\"source-title\">Un b\u0103rbat din Bac\u0103u \u0219i-a masacrat so\u021bia \u0219i cumnata. Poli\u021bi\u0219tii au deschis&#8230;<\/span><\/p>\n<p class=\"source-date\">18\/08\/2026<\/p>\n<\/div>\n<p><\/a><\/div>\n<\/div>\n<p>La data de 18 august 2026, \u00een ora\u0219ul Com\u0103ne\u0219ti, jude\u021bul Bac\u0103u, a avut loc o dubl\u0103 crim\u0103. Un b\u0103rbat \u00een v\u00e2rst\u0103 de 66 de ani \u0219i-a \u00eenjunghiat mortal so\u021bia \u0219i cumnata, apoi a \u00eencercat s\u0103-\u0219i ia via\u021ba prin electrocutare.<\/p>\n<p>Potrivit informa\u021biilor disponibile, so\u021bia agresorului locuia de aproximativ o s\u0103pt\u0103m\u00e2n\u0103 \u00eempreun\u0103 cu sora sa, la domiciliul acesteia, ca urmare a unor ne\u00een\u021belegeri cu so\u021bul ei, iar p\u00e2n\u0103 \u00een prezent nu a fost \u00eenregistrat\u0103 vreo sesizare. Cele dou\u0103 victime au fost g\u0103site \u00een incinta locuin\u021bei: so\u021bia \u00een cas\u0103, iar cumnata \u00een gr\u0103din\u0103, ambele cu multiple pl\u0103gi \u00eenjunghiate.<\/p>\n<p>Agresorul a fost surprins \u00een momentul incidentului \u0219i arestarea nu este men\u021bionat\u0103 \u00een informa\u021biile disponibile, iar cazul este \u00een curs de desf\u0103\u0219urare. La fa\u021ba locului au intervenit poli\u021bi\u0219ti din cadrul Serviciului de Investiga\u021bii Criminale \u0219i criminologi, sub coordonarea unui procuror criminalist din cadrul Parchetului, iar o anchet\u0103 penal\u0103 a fost deschis\u0103 pentru stabilirea circumstan\u021belor \u0219i a motivelor gestului.<\/p>\n<p>\u00cen raport cu istoricul agresorului, autorit\u0103\u021bile au precizat c\u0103 acesta figureaz\u0103 \u00een eviden\u021bele medicale cu schizofrenie, a avut numeroase intern\u0103ri la psihiatrie \u0219i este cunoscut pentru consumul de alcool, f\u0103r\u0103 a se afirma dac\u0103 a urmat tratamentul prescris. P\u00e2n\u0103 \u00een prezent nu exist\u0103 informa\u021bii despre alte persoane implicate sau despre un motiv oficial stabilit, iar detaliile r\u0103m\u00e2n \u00een aten\u021bia anchetei \u00een desf\u0103\u0219urare.<\/p>\n<\/div>\n<\/div>\n<div class=\"tdb-block-inner td-fix-index\">\n<div class=\"post-sources-section\">\n<h3>Surse<\/h3>\n<div class=\"sources-list\"><a href=\"https:\/\/vremeanoua.ro\/un-barbat-din-bacau-si-a-masacrat-sotia-si-cumnata-politistii-au-deschis-o-ancheta\" target=\"_blank\" rel=\"noopener\" class=\"source-item\"><\/p>\n<div class=\"source-thumb\"><img decoding=\"async\" src=\"https:\/\/news-vaslui.ro\/wp-content\/uploads\/2025\/12\/vremeanoua.png\" alt=\"Un b\u0103rbat din Bac\u0103u \u0219i-a masacrat so\u021bia \u0219i cumnata. Poli\u021bi\u0219tii au deschis...\" class=\"td-animation-stack-type0-2\"><\/div>\n<div class=\"source-info\"><span class=\"source-publication\">Vremea Noua<\/span><span class=\"source-title\">Un b\u0103rbat din Bac\u0103u \u0219i-a masacrat so\u021bia \u0219i cumnata. Poli\u021bi\u0219tii au deschis&#8230;<\/span><\/p>\n<p class=\"source-date\">18\/08\/2026<\/p>\n<\/div>\n<p><\/a><\/div>\n<\/div>\n<p>La data de 18 august 2026, \u00een ora\u0219ul Com\u0103ne\u0219ti, jude\u021bul Bac\u0103u, a avut loc o dubl\u0103 crim\u0103. Un b\u0103rbat \u00een v\u00e2rst\u0103 de 66 de ani \u0219i-a \u00eenjunghiat mortal so\u021bia \u0219i cumnata, apoi a \u00eencercat s\u0103-\u0219i ia via\u021ba prin electrocutare.<\/p>\n<p>Potrivit informa\u021biilor disponibile, so\u021bia agresorului locuia de aproximativ o s\u0103pt\u0103m\u00e2n\u0103 \u00eempreun\u0103 cu sora sa, la domiciliul acesteia, ca urmare a unor ne\u00een\u021belegeri cu so\u021bul ei, iar p\u00e2n\u0103 \u00een prezent nu a fost \u00eenregistrat\u0103 vreo sesizare. Cele dou\u0103 victime au fost g\u0103site \u00een incinta locuin\u021bei: so\u021bia \u00een cas\u0103, iar cumnata \u00een gr\u0103din\u0103, ambele cu multiple pl\u0103gi \u00eenjunghiate.<\/p>\n<p>Agresorul a fost surprins \u00een momentul incidentului \u0219i arestarea nu este men\u021bionat\u0103 \u00een informa\u021biile disponibile, iar cazul este \u00een curs de desf\u0103\u0219urare. La fa\u021ba locului au intervenit poli\u021bi\u0219ti din cadrul Serviciului de Investiga\u021bii Criminale \u0219i criminologi, sub coordonarea unui procuror criminalist din cadrul Parchetului, iar o anchet\u0103 penal\u0103 a fost deschis\u0103 pentru stabilirea circumstan\u021belor \u0219i a motivelor gestului.<\/p>\n<p>\u00cen raport cu istoricul agresorului, autorit\u0103\u021bile au precizat c\u0103 acesta figureaz\u0103 \u00een eviden\u021bele medicale cu schizofrenie, a avut numeroase intern\u0103ri la psihiatrie \u0219i este cunoscut pentru consumul de alcool, f\u0103r\u0103 a se afirma dac\u0103 a urmat tratamentul prescris. P\u00e2n\u0103 \u00een prezent nu exist\u0103 informa\u021bii despre alte persoane implicate sau despre un motiv oficial stabilit, iar detaliile r\u0103m\u00e2n \u00een aten\u021bia anchetei \u00een desf\u0103\u0219urare.<\/p>\n<\/div>\n<div class=\"tdb-block-inner td-fix-index\">\n<div class=\"tdb-next-post tdb-next-post-bg tdb-post-prev\"><span>Articolul precedent<\/span><\/p>\n<div class=\"td-module-container\">\n<div class=\"td-image-container\"><a class=\"td-image-wrap\" href=\"https:\/\/news-vaslui.ro\/drone-racheta-prabusita-in-moldova-fragmente-identificate-si-avertismentul-maiei-sandu\/\"><img decoding=\"async\" class=\"td-next-prev-image td-fix-index\" src=\"https:\/\/news-vaslui.ro\/wp-content\/uploads\/2026\/08\/featured-image-1787153880479-1068x712.jpg\"><\/a><\/div>\n<div class=\"next-prev-title\"><a href=\"https:\/\/news-vaslui.ro\/drone-racheta-prabusita-in-moldova-fragmente-identificate-si-avertismentul-maiei-sandu\/\">Drone-rachet\u0103 pr\u0103bu\u0219it\u0103 \u00een Moldova: fragmente identificate \u0219i avertismentul Maiei Sandu<\/a><\/div>\n<\/div>\n<\/div>\n<div class=\"tdb-next-post tdb-next-post-bg tdb-post-next\"><span>Articolul urm\u0103tor<\/span><\/p>\n<div class=\"td-module-container\">\n<div class=\"td-image-container\"><a class=\"td-image-wrap\" href=\"https:\/\/news-vaslui.ro\/europol-acuza-lipsa-de-reactie-dupa-atacul-asupra-sediului-politiei-din-buhusi-ce-avertizeaza-autoritatea-europeana\/\"><img decoding=\"async\" class=\"td-next-prev-image td-fix-index\" src=\"https:\/\/news-vaslui.ro\/wp-content\/uploads\/2026\/08\/featured-image-1787153895751-1068x712.jpg\"><\/a><\/div>\n<div class=\"next-prev-title\"><a href=\"https:\/\/news-vaslui.ro\/europol-acuza-lipsa-de-reactie-dupa-atacul-asupra-sediului-politiei-din-buhusi-ce-avertizeaza-autoritatea-europeana\/\">Europol acuz\u0103 lipsa de reac\u021bie dup\u0103 atacul asupra sediului Poli\u021biei din Buhu\u0219i: ce avertizeaz\u0103 autoritatea european\u0103<\/a><\/div>\n<\/div>\n<\/div>\n<\/div>\n<div class=\"tdb-block-inner td-fix-index\"><a class=\"tdb-logo-a\" href=\"https:\/\/news-vaslui.ro\/\" title=\"logo\"><span class=\"tdb-logo-img-wrap\"><img decoding=\"async\" class=\"tdb-logo-img td-retina-data\" data-retina=\"https:\/\/news-vaslui.ro\/wp-content\/uploads\/2025\/12\/FACT-CHECKED-NEWS-VASLUI-2-300x85.png\" src=\"https:\/\/news-vaslui.ro\/wp-content\/uploads\/2025\/12\/FACT-CHECKED-NEWS-VASLUI-2-300x85.png\" alt=\"logo\" title=\"logo\"><\/span><\/a><\/div>\n<p>[analyse_source url=&#8221;https:\/\/news-vaslui.ro\/dubla-crima-la-comanesti-ce-indica-ancheta-penala-in-desfasurare\/#new_tab&#8221;]<\/p>\n","protected":false},"excerpt":{"rendered":"<p>[analyse_image type=&#8221;featured&#8221; src=&#8221;https:\/\/news-vaslui.ro\/wp-content\/uploads\/2026\/08\/featured-image-1787153887477.jpg&#8221;] miercuri, august 19, 2026 26.4C Vaslui type here&#8230; 1 min.Read Dubl\u0103 crim\u0103 la Com\u0103ne\u0219ti: ce indic\u0103 ancheta penal\u0103 \u00een desf\u0103\u0219urare ByNews Vaslui 19 august 2026 Surse Vremea NouaUn b\u0103rbat din Bac\u0103u \u0219i-a masacrat so\u021bia \u0219i cumnata. Poli\u021bi\u0219tii au deschis&#8230; 18\/08\/2026 La data de 18 august 2026, \u00een ora\u0219ul Com\u0103ne\u0219ti, jude\u021bul Bac\u0103u, a [&hellip;]<\/p>\n","protected":false},"author":1,"featured_media":0,"comment_status":"open","ping_status":"","sticky":false,"template":"","format":"standard","meta":{"footnotes":""},"categories":[89],"tags":[226,217],"class_list":["post-2101142","post","type-post","status-publish","format-standard","hentry","category-romania","tag-crawlmanager","tag-vaslui-robo-stiri-ro"],"_links":{"self":[{"href":"https:\/\/analyse.optim.biz\/index.php?rest_route=\/wp\/v2\/posts\/2101142","targetHints":{"allow":["GET"]}}],"collection":[{"href":"https:\/\/analyse.optim.biz\/index.php?rest_route=\/wp\/v2\/posts"}],"about":[{"href":"https:\/\/analyse.optim.biz\/index.php?rest_route=\/wp\/v2\/types\/post"}],"author":[{"embeddable":true,"href":"https:\/\/analyse.optim.biz\/index.php?rest_route=\/wp\/v2\/users\/1"}],"replies":[{"embeddable":true,"href":"https:\/\/analyse.optim.biz\/index.php?rest_route=%2Fwp%2Fv2%2Fcomments&post=2101142"}],"version-history":[{"count":0,"href":"https:\/\/analyse.optim.biz\/index.php?rest_route=\/wp\/v2\/posts\/2101142\/revisions"}],"wp:attachment":[{"href":"https:\/\/analyse.optim.biz\/index.php?rest_route=%2Fwp%2Fv2%2Fmedia&parent=2101142"}],"wp:term":[{"taxonomy":"category","embeddable":true,"href":"https:\/\/analyse.optim.biz\/index.php?rest_route=%2Fwp%2Fv2%2Fcategories&post=2101142"},{"taxonomy":"post_tag","embeddable":true,"href":"https:\/\/analyse.optim.biz\/index.php?rest_route=%2Fwp%2Fv2%2Ftags&post=2101142"}],"curies":[{"name":"wp","href":"https:\/\/api.w.org\/{rel}","templated":true}]}}