{"id":2101141,"date":"2026-08-19T15:38:18","date_gmt":"2026-08-19T12:38:18","guid":{"rendered":"https:\/\/analyse.optim.biz\/?p=2101141"},"modified":"2026-08-19T15:38:18","modified_gmt":"2026-08-19T12:38:18","slug":"europol-acuza-lipsa-de-reactie-dupa-atacul-asupra-sediului-politiei-din-buhusi-ce-avertizeaza-autoritatea-europeana","status":"publish","type":"post","link":"https:\/\/analyse.optim.biz\/?p=2101141","title":{"rendered":"Europol acuz\u0103 lipsa de reac\u021bie dup\u0103 atacul asupra sediului Poli\u021biei din Buhu\u0219i: ce avertizeaz\u0103 autoritatea european\u0103"},"content":{"rendered":"<p>[analyse_image type=&#8221;featured&#8221; src=&#8221;https:\/\/news-vaslui.ro\/wp-content\/uploads\/2026\/08\/featured-image-1787153895751.jpg&#8221;]<\/p>\n<div class=\"tdb-block-inner td-fix-index\"><a class=\"tdb-logo-a\" href=\"https:\/\/news-vaslui.ro\/\" title=\"logo\"><span class=\"tdb-logo-img-wrap\"><img decoding=\"async\" class=\"tdb-logo-img td-retina-data\" data-retina=\"https:\/\/news-vaslui.ro\/wp-content\/uploads\/2025\/12\/FACT-CHECKED-NEWS-VASLUI-2-300x85.png\" src=\"https:\/\/news-vaslui.ro\/wp-content\/uploads\/2025\/12\/FACT-CHECKED-NEWS-VASLUI-2-300x85.png\" alt=\"logo\" title=\"logo\"><\/span><\/a><\/div>\n<div class=\"tdb-block-inner td-fix-index\"><a class=\"tdb-logo-a\" href=\"https:\/\/news-vaslui.ro\/\" title=\"logo\"><span class=\"tdb-logo-img-wrap\"><img decoding=\"async\" class=\"tdb-logo-img td-retina-data\" data-retina=\"https:\/\/news-vaslui.ro\/wp-content\/uploads\/2025\/12\/FACT-CHECKED-NEWS-VASLUI-2-300x85.png\" src=\"https:\/\/news-vaslui.ro\/wp-content\/uploads\/2025\/12\/FACT-CHECKED-NEWS-VASLUI-2-300x85.png\" alt=\"logo\" title=\"logo\"><\/span><\/a><\/div>\n<div class=\"tdb-block-inner td-fix-index\"><a class=\"tdb-logo-a\" href=\"https:\/\/news-vaslui.ro\/\" title=\"logo\"><span class=\"tdb-logo-img-wrap\"><img decoding=\"async\" class=\"tdb-logo-img td-retina-data\" data-retina=\"https:\/\/news-vaslui.ro\/wp-content\/uploads\/2025\/12\/FACT-CHECKED-NEWS-VASLUI-2-300x85.png\" src=\"https:\/\/news-vaslui.ro\/wp-content\/uploads\/2025\/12\/FACT-CHECKED-NEWS-VASLUI-2-300x85.png\" alt=\"logo\" title=\"logo\"><\/span><\/a><\/div>\n<div class=\"tdb-block-inner td-fix-index\">\n<div class=\"tdb-head-date-txt\">miercuri, august 19, 2026<\/div>\n<\/div>\n<div class=\"tdb-block-inner td-fix-index\">\n<div class=\"tdb-weather-deg-wrap\" data-block-uid=\"tdb_header_weather_uid\"><span class=\"tdb-weather-deg\">26.4<\/span><span class=\"tdb-weather-unit\">C<\/span><\/div>\n<div class=\"tdb-weather-city\">Vaslui<\/div>\n<\/div>\n<div class=\"tdb-block-inner td-fix-index\">\n<div class=\"tdb-drop-down-search\" aria-labelledby=\"td-header-search-button\">\n<div class=\"tdb-drop-down-search-inner\">\n<div class=\"tdb-search-form-inner\">\n<div class=\"tdb-head-search-placeholder\">type here&#8230;<\/div>\n<\/div>\n<\/div>\n<\/div>\n<\/div>\n<div class=\"tdb-block-inner td-fix-index\"><a class=\"tdb-logo-a\" href=\"https:\/\/news-vaslui.ro\/\" title=\"logo\"><span class=\"tdb-logo-img-wrap\"><img decoding=\"async\" class=\"tdb-logo-img td-retina-data\" data-retina=\"https:\/\/news-vaslui.ro\/wp-content\/uploads\/2025\/12\/FACT-CHECKED-NEWS-VASLUI-2-300x85.png\" src=\"https:\/\/news-vaslui.ro\/wp-content\/uploads\/2025\/12\/FACT-CHECKED-NEWS-VASLUI-2-300x85.png\" alt=\"Vaslui News\" title=\"logo\"><\/span><\/a><\/div>\n<div class=\"tdb-block-inner td-fix-index\"><img loading=\"lazy\" decoding=\"async\" width=\"1068\" height=\"712\" class=\"entry-thumb\" src=\"https:\/\/news-vaslui.ro\/wp-content\/uploads\/2026\/08\/featured-image-1787153895751-1068x712.jpg\" alt title=\"Featured Image\"><\/div>\n<div class=\"tdb-block-inner td-fix-index\"><span class=\"reading-time-number\">1<\/span><span class=\"tdb-minute-text\"> min.<\/span><span class=\"tdb-add-text\">Read<\/span><\/div>\n<div class=\"tdb-block-inner td-fix-index\">\n<h1 class=\"tdb-title-text\">Europol acuz\u0103 lipsa de reac\u021bie dup\u0103 atacul asupra sediului Poli\u021biei din Buhu\u0219i: ce avertizeaz\u0103 autoritatea european\u0103<\/h1>\n<\/div>\n<div class=\"tdb-block-inner td-fix-index\"><a class=\"tdb-author-photo\" href=\"https:\/\/news-vaslui.ro\/author\/vasluidev\/\" title=\"News Vaslui\"><img decoding=\"async\" alt=\"News Vaslui\" src=\"https:\/\/secure.gravatar.com\/avatar\/7cd75f71af07ac3deeb6cda7fa3e40e8f10cbbf011f111ff652b3ec2cc663f22?s=96&amp;d=mm&amp;r=g\" class=\"avatar avatar-96 photo\" height=\"96\" width=\"96\" loading=\"lazy\"><\/a><\/p>\n<div class=\"tdb-author-name-wrap\"><span class=\"tdb-author-by\">By<\/span><a class=\"tdb-author-name\" href=\"https:\/\/news-vaslui.ro\/author\/vasluidev\/\">News Vaslui<\/a><\/div>\n<\/div>\n<div class=\"tdb-block-inner td-fix-index\"><time class=\"entry-date updated td-module-date\" datetime=\"2026-08-19T15:38:18+00:00\">19 august 2026<\/time><\/div>\n<div class=\"td_block_wrap tdb_single_content tdi_103 td-pb-border-top td_block_template_1 td-post-content tagdiv-type\" data-td-block-uid=\"tdi_103\">\n<div class=\"tdb-block-inner td-fix-index\">\n<div class=\"post-sources-section\">\n<h3>Surse<\/h3>\n<div class=\"sources-list\"><a href=\"https:\/\/vremeanoua.ro\/europol-acuza-lipsa-de-reactie-dupa-atacul-asupra-sediului-politiei-din-buhusi-intimidarea-functioneaza\" target=\"_blank\" rel=\"noopener\" class=\"source-item\"><\/p>\n<div class=\"source-thumb\"><img decoding=\"async\" src=\"https:\/\/news-vaslui.ro\/wp-content\/uploads\/2025\/12\/vremeanoua.png\" alt=\"Europol acuz\u0103 lipsa de reac\u021bie dup\u0103 atacul asupra sediului Poli\u021biei din Buhu\u0219i:...\" class=\"td-animation-stack-type0-2\"><\/div>\n<div class=\"source-info\"><span class=\"source-publication\">Vremea Noua<\/span><span class=\"source-title\">Europol acuz\u0103 lipsa de reac\u021bie dup\u0103 atacul asupra sediului Poli\u021biei din Buhu\u0219i:&#8230;<\/span><\/p>\n<p class=\"source-date\">18\/08\/2026<\/p>\n<\/div>\n<p><\/a><\/div>\n<\/div>\n<p>Un incident tensionat a zguduit sediul Poli\u021biei din Buhu\u0219i \u00een seara de 12 august, \u00een jurul orei 20:00. Potrivit IPJ Bac\u0103u, un t\u00e2n\u0103r de 18 ani, acuzat c\u0103 \u0219i-a agresat concubina pe o strad\u0103 din ora\u0219, a fost adus la audieri.<\/p>\n<p>\u00cen timp ce se afla \u00een fa\u021ba institu\u021biei, mai multe persoane s-au adunat, au adresat injurii \u0219i amenin\u021b\u0103ri poli\u021bi\u0219tilor, au aruncat cu obiecte \u0219i au spart geamul unui autoturism al unui agent. Dup\u0103 administrarea probatoriului, t\u00e2n\u0103rului i-a fost dispus\u0103 m\u0103sura re\u021binerii pentru 24 de ore, fiind introdus \u00een Centrul de Re\u021binere \u0219i Arestare.<\/p>\n<p>Incidentul, descris de martori ca o manifestare a tensiunilor generate de audierile sale, a pus \u00een eviden\u021b\u0103 dificult\u0103\u021bi \u00een gestionarea reac\u021biilor publice \u00een proximitatea sediilor poli\u021biei. IPJ Bac\u0103u a precizat c\u0103 ordinul de protec\u021bie provizoriu impune persoanei s\u0103 p\u0103streze o distan\u021b\u0103 minim\u0103 de 50 de metri fa\u021b\u0103 de concubin\u0103 \u0219i de locuin\u021ba acesteia, un spa\u021biu de securitate pentru victim\u0103 \u00een contextul procedurilor.<\/p>\n<p>\u00centr-un context \u00een care se discut\u0103 despre modul \u00een care autorit\u0103\u021bile r\u0103spund amenin\u021b\u0103rilor la adresa personalului s\u0103u, Europol a reac\u021bionat printr-un comunicat \u00een care acuz\u0103 lipsa de reac\u021bie \u00een astfel de situa\u021bii, ad\u0103ug\u00e2nd c\u0103 afirma\u021bia \u201eintimidarea func\u021bioneaz\u0103\u201d surprinde un risc real pentru ordinea public\u0103. Oficialit\u0103\u021bile rom\u00e2ne au indicat c\u0103 interven\u021bia a fost realizat\u0103 \u00een cadrul legal, iar m\u0103surile de protec\u021bie au fost aplicate conform procedurilor.<\/p>\n<p>Evenimentul se \u00eenscrie \u00eentr-un context mai amplu de analiz\u0103 a modului \u00een care autorit\u0103\u021bile gestioneaz\u0103 violen\u021ba \u0219i presiunile \u00een fa\u021ba sediilor de poli\u021bie, iar reac\u021biile locale \u0219i la nivel european vor continua s\u0103 fie monitorizate de comunitate \u0219i de autorit\u0103\u021bi.<\/p>\n<\/div>\n<\/div>\n<div class=\"tdb-block-inner td-fix-index\">\n<div class=\"post-sources-section\">\n<h3>Surse<\/h3>\n<div class=\"sources-list\"><a href=\"https:\/\/vremeanoua.ro\/europol-acuza-lipsa-de-reactie-dupa-atacul-asupra-sediului-politiei-din-buhusi-intimidarea-functioneaza\" target=\"_blank\" rel=\"noopener\" class=\"source-item\"><\/p>\n<div class=\"source-thumb\"><img decoding=\"async\" src=\"https:\/\/news-vaslui.ro\/wp-content\/uploads\/2025\/12\/vremeanoua.png\" alt=\"Europol acuz\u0103 lipsa de reac\u021bie dup\u0103 atacul asupra sediului Poli\u021biei din Buhu\u0219i:...\" class=\"td-animation-stack-type0-2\"><\/div>\n<div class=\"source-info\"><span class=\"source-publication\">Vremea Noua<\/span><span class=\"source-title\">Europol acuz\u0103 lipsa de reac\u021bie dup\u0103 atacul asupra sediului Poli\u021biei din Buhu\u0219i:&#8230;<\/span><\/p>\n<p class=\"source-date\">18\/08\/2026<\/p>\n<\/div>\n<p><\/a><\/div>\n<\/div>\n<p>Un incident tensionat a zguduit sediul Poli\u021biei din Buhu\u0219i \u00een seara de 12 august, \u00een jurul orei 20:00. Potrivit IPJ Bac\u0103u, un t\u00e2n\u0103r de 18 ani, acuzat c\u0103 \u0219i-a agresat concubina pe o strad\u0103 din ora\u0219, a fost adus la audieri.<\/p>\n<p>\u00cen timp ce se afla \u00een fa\u021ba institu\u021biei, mai multe persoane s-au adunat, au adresat injurii \u0219i amenin\u021b\u0103ri poli\u021bi\u0219tilor, au aruncat cu obiecte \u0219i au spart geamul unui autoturism al unui agent. Dup\u0103 administrarea probatoriului, t\u00e2n\u0103rului i-a fost dispus\u0103 m\u0103sura re\u021binerii pentru 24 de ore, fiind introdus \u00een Centrul de Re\u021binere \u0219i Arestare.<\/p>\n<p>Incidentul, descris de martori ca o manifestare a tensiunilor generate de audierile sale, a pus \u00een eviden\u021b\u0103 dificult\u0103\u021bi \u00een gestionarea reac\u021biilor publice \u00een proximitatea sediilor poli\u021biei. IPJ Bac\u0103u a precizat c\u0103 ordinul de protec\u021bie provizoriu impune persoanei s\u0103 p\u0103streze o distan\u021b\u0103 minim\u0103 de 50 de metri fa\u021b\u0103 de concubin\u0103 \u0219i de locuin\u021ba acesteia, un spa\u021biu de securitate pentru victim\u0103 \u00een contextul procedurilor.<\/p>\n<p>\u00centr-un context \u00een care se discut\u0103 despre modul \u00een care autorit\u0103\u021bile r\u0103spund amenin\u021b\u0103rilor la adresa personalului s\u0103u, Europol a reac\u021bionat printr-un comunicat \u00een care acuz\u0103 lipsa de reac\u021bie \u00een astfel de situa\u021bii, ad\u0103ug\u00e2nd c\u0103 afirma\u021bia \u201eintimidarea func\u021bioneaz\u0103\u201d surprinde un risc real pentru ordinea public\u0103. Oficialit\u0103\u021bile rom\u00e2ne au indicat c\u0103 interven\u021bia a fost realizat\u0103 \u00een cadrul legal, iar m\u0103surile de protec\u021bie au fost aplicate conform procedurilor.<\/p>\n<p>Evenimentul se \u00eenscrie \u00eentr-un context mai amplu de analiz\u0103 a modului \u00een care autorit\u0103\u021bile gestioneaz\u0103 violen\u021ba \u0219i presiunile \u00een fa\u021ba sediilor de poli\u021bie, iar reac\u021biile locale \u0219i la nivel european vor continua s\u0103 fie monitorizate de comunitate \u0219i de autorit\u0103\u021bi.<\/p>\n<\/div>\n<div class=\"tdb-block-inner td-fix-index\">\n<div class=\"tdb-next-post tdb-next-post-bg tdb-post-prev\"><span>Articolul precedent<\/span><\/p>\n<div class=\"td-module-container\">\n<div class=\"td-image-container\"><a class=\"td-image-wrap\" href=\"https:\/\/news-vaslui.ro\/dubla-crima-la-comanesti-ce-indica-ancheta-penala-in-desfasurare\/\"><img decoding=\"async\" class=\"td-next-prev-image td-fix-index\" src=\"https:\/\/news-vaslui.ro\/wp-content\/uploads\/2026\/08\/featured-image-1787153887477-1068x712.jpg\"><\/a><\/div>\n<div class=\"next-prev-title\"><a href=\"https:\/\/news-vaslui.ro\/dubla-crima-la-comanesti-ce-indica-ancheta-penala-in-desfasurare\/\">Dubl\u0103 crim\u0103 la Com\u0103ne\u0219ti: ce indic\u0103 ancheta penal\u0103 \u00een desf\u0103\u0219urare<\/a><\/div>\n<\/div>\n<\/div>\n<div class=\"tdb-next-post tdb-next-post-bg tdb-post-next\"><span>Articolul urm\u0103tor<\/span><\/p>\n<div class=\"td-module-container\">\n<div class=\"td-image-container\"><a class=\"td-image-wrap\" href=\"https:\/\/news-vaslui.ro\/muncitori-asiatici-surprinsi-scaldandu-se-pe-raul-ciorogarla-ce-mesaj-ascund-imaginile-virale\/\"><img decoding=\"async\" class=\"td-next-prev-image td-fix-index\" src=\"https:\/\/news-vaslui.ro\/wp-content\/uploads\/2026\/08\/featured-image-1787153902317-1068x712.jpg\"><\/a><\/div>\n<div class=\"next-prev-title\"><a href=\"https:\/\/news-vaslui.ro\/muncitori-asiatici-surprinsi-scaldandu-se-pe-raul-ciorogarla-ce-mesaj-ascund-imaginile-virale\/\">Muncitori asiatici surprin\u0219i sc\u0103ld\u00e2ndu-se pe r\u00e2ul Ciorog\u00e2rla: ce mesaj ascund imaginile virale<\/a><\/div>\n<\/div>\n<\/div>\n<\/div>\n<div class=\"tdb-block-inner td-fix-index\"><a class=\"tdb-logo-a\" href=\"https:\/\/news-vaslui.ro\/\" title=\"logo\"><span class=\"tdb-logo-img-wrap\"><img decoding=\"async\" class=\"tdb-logo-img td-retina-data\" data-retina=\"https:\/\/news-vaslui.ro\/wp-content\/uploads\/2025\/12\/FACT-CHECKED-NEWS-VASLUI-2-300x85.png\" src=\"https:\/\/news-vaslui.ro\/wp-content\/uploads\/2025\/12\/FACT-CHECKED-NEWS-VASLUI-2-300x85.png\" alt=\"logo\" title=\"logo\"><\/span><\/a><\/div>\n<p>[analyse_source url=&#8221;https:\/\/news-vaslui.ro\/europol-acuza-lipsa-de-reactie-dupa-atacul-asupra-sediului-politiei-din-buhusi-ce-avertizeaza-autoritatea-europeana\/#new_tab&#8221;]<\/p>\n","protected":false},"excerpt":{"rendered":"<p>[analyse_image type=&#8221;featured&#8221; src=&#8221;https:\/\/news-vaslui.ro\/wp-content\/uploads\/2026\/08\/featured-image-1787153895751.jpg&#8221;] miercuri, august 19, 2026 26.4C Vaslui type here&#8230; 1 min.Read Europol acuz\u0103 lipsa de reac\u021bie dup\u0103 atacul asupra sediului Poli\u021biei din Buhu\u0219i: ce avertizeaz\u0103 autoritatea european\u0103 ByNews Vaslui 19 august 2026 Surse Vremea NouaEuropol acuz\u0103 lipsa de reac\u021bie dup\u0103 atacul asupra sediului Poli\u021biei din Buhu\u0219i:&#8230; 18\/08\/2026 Un incident tensionat a zguduit sediul [&hellip;]<\/p>\n","protected":false},"author":1,"featured_media":0,"comment_status":"open","ping_status":"","sticky":false,"template":"","format":"standard","meta":{"footnotes":""},"categories":[89],"tags":[226,217],"class_list":["post-2101141","post","type-post","status-publish","format-standard","hentry","category-romania","tag-crawlmanager","tag-vaslui-robo-stiri-ro"],"_links":{"self":[{"href":"https:\/\/analyse.optim.biz\/index.php?rest_route=\/wp\/v2\/posts\/2101141","targetHints":{"allow":["GET"]}}],"collection":[{"href":"https:\/\/analyse.optim.biz\/index.php?rest_route=\/wp\/v2\/posts"}],"about":[{"href":"https:\/\/analyse.optim.biz\/index.php?rest_route=\/wp\/v2\/types\/post"}],"author":[{"embeddable":true,"href":"https:\/\/analyse.optim.biz\/index.php?rest_route=\/wp\/v2\/users\/1"}],"replies":[{"embeddable":true,"href":"https:\/\/analyse.optim.biz\/index.php?rest_route=%2Fwp%2Fv2%2Fcomments&post=2101141"}],"version-history":[{"count":0,"href":"https:\/\/analyse.optim.biz\/index.php?rest_route=\/wp\/v2\/posts\/2101141\/revisions"}],"wp:attachment":[{"href":"https:\/\/analyse.optim.biz\/index.php?rest_route=%2Fwp%2Fv2%2Fmedia&parent=2101141"}],"wp:term":[{"taxonomy":"category","embeddable":true,"href":"https:\/\/analyse.optim.biz\/index.php?rest_route=%2Fwp%2Fv2%2Fcategories&post=2101141"},{"taxonomy":"post_tag","embeddable":true,"href":"https:\/\/analyse.optim.biz\/index.php?rest_route=%2Fwp%2Fv2%2Ftags&post=2101141"}],"curies":[{"name":"wp","href":"https:\/\/api.w.org\/{rel}","templated":true}]}}