{"id":2101129,"date":"2026-08-19T15:37:54","date_gmt":"2026-08-19T12:37:54","guid":{"rendered":"https:\/\/analyse.optim.biz\/?p=2101129"},"modified":"2026-08-19T15:37:54","modified_gmt":"2026-08-19T12:37:54","slug":"elicopter-prabusit-pe-sifnos-ce-s-a-intamplat-in-momentul-aterizarii","status":"publish","type":"post","link":"https:\/\/analyse.optim.biz\/?p=2101129","title":{"rendered":"Elicopter pr\u0103bu\u0219it pe Sifnos: ce s-a \u00eent\u00e2mplat \u00een momentul ateriz\u0103rii"},"content":{"rendered":"<p>[analyse_image type=&#8221;featured&#8221; src=&#8221;https:\/\/news-vaslui.ro\/wp-content\/uploads\/2026\/08\/featured-image-1787153870913.jpg&#8221;]<\/p>\n<div class=\"tdb-block-inner td-fix-index\"><a class=\"tdb-logo-a\" href=\"https:\/\/news-vaslui.ro\/\" title=\"logo\"><span class=\"tdb-logo-img-wrap\"><img decoding=\"async\" class=\"tdb-logo-img td-retina-data\" data-retina=\"https:\/\/news-vaslui.ro\/wp-content\/uploads\/2025\/12\/FACT-CHECKED-NEWS-VASLUI-2-300x85.png\" src=\"https:\/\/news-vaslui.ro\/wp-content\/uploads\/2025\/12\/FACT-CHECKED-NEWS-VASLUI-2-300x85.png\" alt=\"logo\" title=\"logo\"><\/span><\/a><\/div>\n<div class=\"tdb-block-inner td-fix-index\"><a class=\"tdb-logo-a\" href=\"https:\/\/news-vaslui.ro\/\" title=\"logo\"><span class=\"tdb-logo-img-wrap\"><img decoding=\"async\" class=\"tdb-logo-img td-retina-data\" data-retina=\"https:\/\/news-vaslui.ro\/wp-content\/uploads\/2025\/12\/FACT-CHECKED-NEWS-VASLUI-2-300x85.png\" src=\"https:\/\/news-vaslui.ro\/wp-content\/uploads\/2025\/12\/FACT-CHECKED-NEWS-VASLUI-2-300x85.png\" alt=\"logo\" title=\"logo\"><\/span><\/a><\/div>\n<div class=\"tdb-block-inner td-fix-index\"><a class=\"tdb-logo-a\" href=\"https:\/\/news-vaslui.ro\/\" title=\"logo\"><span class=\"tdb-logo-img-wrap\"><img decoding=\"async\" class=\"tdb-logo-img td-retina-data\" data-retina=\"https:\/\/news-vaslui.ro\/wp-content\/uploads\/2025\/12\/FACT-CHECKED-NEWS-VASLUI-2-300x85.png\" src=\"https:\/\/news-vaslui.ro\/wp-content\/uploads\/2025\/12\/FACT-CHECKED-NEWS-VASLUI-2-300x85.png\" alt=\"logo\" title=\"logo\"><\/span><\/a><\/div>\n<div class=\"tdb-block-inner td-fix-index\">\n<div class=\"tdb-head-date-txt\">miercuri, august 19, 2026<\/div>\n<\/div>\n<div class=\"tdb-block-inner td-fix-index\">\n<div class=\"tdb-weather-deg-wrap\" data-block-uid=\"tdb_header_weather_uid\"><span class=\"tdb-weather-deg\">26.4<\/span><span class=\"tdb-weather-unit\">C<\/span><\/div>\n<div class=\"tdb-weather-city\">Vaslui<\/div>\n<\/div>\n<div class=\"tdb-block-inner td-fix-index\">\n<div class=\"tdb-drop-down-search\" aria-labelledby=\"td-header-search-button\">\n<div class=\"tdb-drop-down-search-inner\">\n<div class=\"tdb-search-form-inner\">\n<div class=\"tdb-head-search-placeholder\">type here&#8230;<\/div>\n<\/div>\n<\/div>\n<\/div>\n<\/div>\n<div class=\"tdb-block-inner td-fix-index\"><a class=\"tdb-logo-a\" href=\"https:\/\/news-vaslui.ro\/\" title=\"logo\"><span class=\"tdb-logo-img-wrap\"><img decoding=\"async\" class=\"tdb-logo-img td-retina-data\" data-retina=\"https:\/\/news-vaslui.ro\/wp-content\/uploads\/2025\/12\/FACT-CHECKED-NEWS-VASLUI-2-300x85.png\" src=\"https:\/\/news-vaslui.ro\/wp-content\/uploads\/2025\/12\/FACT-CHECKED-NEWS-VASLUI-2-300x85.png\" alt=\"Vaslui News\" title=\"logo\"><\/span><\/a><\/div>\n<div class=\"tdb-block-inner td-fix-index\"><img loading=\"lazy\" decoding=\"async\" width=\"1068\" height=\"712\" class=\"entry-thumb\" src=\"https:\/\/news-vaslui.ro\/wp-content\/uploads\/2026\/08\/featured-image-1787153870913-1068x712.jpg\" alt title=\"Featured Image\"><\/div>\n<div class=\"tdb-block-inner td-fix-index\"><span class=\"reading-time-number\">1<\/span><span class=\"tdb-minute-text\"> min.<\/span><span class=\"tdb-add-text\">Read<\/span><\/div>\n<div class=\"tdb-block-inner td-fix-index\">\n<h1 class=\"tdb-title-text\">Elicopter pr\u0103bu\u0219it pe Sifnos: ce s-a \u00eent\u00e2mplat \u00een momentul ateriz\u0103rii<\/h1>\n<\/div>\n<div class=\"tdb-block-inner td-fix-index\"><a class=\"tdb-author-photo\" href=\"https:\/\/news-vaslui.ro\/author\/vasluidev\/\" title=\"News Vaslui\"><img decoding=\"async\" alt=\"News Vaslui\" src=\"https:\/\/secure.gravatar.com\/avatar\/7cd75f71af07ac3deeb6cda7fa3e40e8f10cbbf011f111ff652b3ec2cc663f22?s=96&amp;d=mm&amp;r=g\" class=\"avatar avatar-96 photo\" height=\"96\" width=\"96\" loading=\"lazy\"><\/a><\/p>\n<div class=\"tdb-author-name-wrap\"><span class=\"tdb-author-by\">By<\/span><a class=\"tdb-author-name\" href=\"https:\/\/news-vaslui.ro\/author\/vasluidev\/\">News Vaslui<\/a><\/div>\n<\/div>\n<div class=\"tdb-block-inner td-fix-index\"><time class=\"entry-date updated td-module-date\" datetime=\"2026-08-19T15:37:54+00:00\">19 august 2026<\/time><\/div>\n<div class=\"td_block_wrap tdb_single_content tdi_103 td-pb-border-top td_block_template_1 td-post-content tagdiv-type\" data-td-block-uid=\"tdi_103\">\n<div class=\"tdb-block-inner td-fix-index\">\n<div class=\"post-sources-section\">\n<h3>Surse<\/h3>\n<div class=\"sources-list\"><a href=\"https:\/\/vremeanoua.ro\/imagini-dramatice-in-grecia-un-elicopter-s-a-prabusit-pe-o-insula-turistica-un-cuplu-in-luna-de-miere-si-pilotul-au-murit\" target=\"_blank\" rel=\"noopener\" class=\"source-item\"><\/p>\n<div class=\"source-thumb\"><img decoding=\"async\" src=\"https:\/\/news-vaslui.ro\/wp-content\/uploads\/2025\/12\/vremeanoua.png\" alt=\"Imagini dramatice \u00een Grecia: Un elicopter s-a pr\u0103bu\u0219it pe o insul\u0103 turistic\u0103...\" class=\"td-animation-stack-type0-2\"><\/div>\n<div class=\"source-info\"><span class=\"source-publication\">Vremea Noua<\/span><span class=\"source-title\">Imagini dramatice \u00een Grecia: Un elicopter s-a pr\u0103bu\u0219it pe o insul\u0103 turistic\u0103&#8230;<\/span><\/p>\n<p class=\"source-date\">18\/08\/2026<\/p>\n<\/div>\n<p><\/a><\/div>\n<\/div>\n<p>Tragedie aviatic\u0103 pe insula elen\u0103 Sifnos: un elicopter s-a pr\u0103bu\u0219it \u00een apropierea pistei \u00een timp ce se preg\u0103tea s\u0103 aterizeze. Aeronava a decolat din Markopoulo, l\u00e2ng\u0103 Atena, cu destina\u021bia insulei turistice, potrivit relat\u0103rilor interna\u021bionale.<\/p>\n<p>La ora aproximativ\u0103 18:15, chiar \u00eenainte de aterizare, elicopterul s-a izbit de sol la doar c\u00e2\u021biva metri de locuin\u021be, iar localnicii au auzit un zgomot ciudat al motorului \u00een momentul impactului. Poli\u021bia greac\u0103 a confirmat c\u0103 cele trei persoane aflate la bord au murit pe loc: un cuplu britanic aflat \u00een luna de miere \u0219i pilotul, un cet\u0103\u021bean grec.<\/p>\n<p>Numele cuplului a fost dezv\u0103luit de presa elen\u0103 ca fiind Alexander Cromie \u0219i Marie Ebert. Martorii au descris imaginea aeronavei pr\u0103bu\u0219ite \u00een apropierea caselor \u0219i au spus c\u0103 zgomotul motorului s-a intensificat \u00eenainte de impact.<\/p>\n<p>Autorit\u0103\u021bile au deschis o anchet\u0103 pentru a stabili cauzele exacte ale accidentului; p\u00e2n\u0103 \u00een acest moment nu au fost furnizate detalii despre defec\u021biuni tehnice sau condi\u021bii meteorologice. Incidentul a fost urm\u0103rit de presa interna\u021bional\u0103, iar un oficial de rang \u00eenalt din poli\u021bie a declarat pentru The Times c\u0103 accidentul s-a produs \u00eenainte de ora planificat\u0103 de aterizare.<\/p>\n<p>Insula Sifnos, renumit\u0103 pentru plaje \u0219i peisaje turistice, \u00ee\u0219i \u00eendreapt\u0103 acum sprijinul c\u0103tre familiile \u00eendurerate pe durata anchetei. Orice informa\u021bii suplimentare despre identitatea pilotului grec \u0219i circumstan\u021bele zborului vor fi comunicate de autorit\u0103\u021bi \u00een cursul anchetei.<\/p>\n<\/div>\n<\/div>\n<div class=\"tdb-block-inner td-fix-index\">\n<div class=\"post-sources-section\">\n<h3>Surse<\/h3>\n<div class=\"sources-list\"><a href=\"https:\/\/vremeanoua.ro\/imagini-dramatice-in-grecia-un-elicopter-s-a-prabusit-pe-o-insula-turistica-un-cuplu-in-luna-de-miere-si-pilotul-au-murit\" target=\"_blank\" rel=\"noopener\" class=\"source-item\"><\/p>\n<div class=\"source-thumb\"><img decoding=\"async\" src=\"https:\/\/news-vaslui.ro\/wp-content\/uploads\/2025\/12\/vremeanoua.png\" alt=\"Imagini dramatice \u00een Grecia: Un elicopter s-a pr\u0103bu\u0219it pe o insul\u0103 turistic\u0103...\" class=\"td-animation-stack-type0-2\"><\/div>\n<div class=\"source-info\"><span class=\"source-publication\">Vremea Noua<\/span><span class=\"source-title\">Imagini dramatice \u00een Grecia: Un elicopter s-a pr\u0103bu\u0219it pe o insul\u0103 turistic\u0103&#8230;<\/span><\/p>\n<p class=\"source-date\">18\/08\/2026<\/p>\n<\/div>\n<p><\/a><\/div>\n<\/div>\n<p>Tragedie aviatic\u0103 pe insula elen\u0103 Sifnos: un elicopter s-a pr\u0103bu\u0219it \u00een apropierea pistei \u00een timp ce se preg\u0103tea s\u0103 aterizeze. Aeronava a decolat din Markopoulo, l\u00e2ng\u0103 Atena, cu destina\u021bia insulei turistice, potrivit relat\u0103rilor interna\u021bionale.<\/p>\n<p>La ora aproximativ\u0103 18:15, chiar \u00eenainte de aterizare, elicopterul s-a izbit de sol la doar c\u00e2\u021biva metri de locuin\u021be, iar localnicii au auzit un zgomot ciudat al motorului \u00een momentul impactului. Poli\u021bia greac\u0103 a confirmat c\u0103 cele trei persoane aflate la bord au murit pe loc: un cuplu britanic aflat \u00een luna de miere \u0219i pilotul, un cet\u0103\u021bean grec.<\/p>\n<p>Numele cuplului a fost dezv\u0103luit de presa elen\u0103 ca fiind Alexander Cromie \u0219i Marie Ebert. Martorii au descris imaginea aeronavei pr\u0103bu\u0219ite \u00een apropierea caselor \u0219i au spus c\u0103 zgomotul motorului s-a intensificat \u00eenainte de impact.<\/p>\n<p>Autorit\u0103\u021bile au deschis o anchet\u0103 pentru a stabili cauzele exacte ale accidentului; p\u00e2n\u0103 \u00een acest moment nu au fost furnizate detalii despre defec\u021biuni tehnice sau condi\u021bii meteorologice. Incidentul a fost urm\u0103rit de presa interna\u021bional\u0103, iar un oficial de rang \u00eenalt din poli\u021bie a declarat pentru The Times c\u0103 accidentul s-a produs \u00eenainte de ora planificat\u0103 de aterizare.<\/p>\n<p>Insula Sifnos, renumit\u0103 pentru plaje \u0219i peisaje turistice, \u00ee\u0219i \u00eendreapt\u0103 acum sprijinul c\u0103tre familiile \u00eendurerate pe durata anchetei. Orice informa\u021bii suplimentare despre identitatea pilotului grec \u0219i circumstan\u021bele zborului vor fi comunicate de autorit\u0103\u021bi \u00een cursul anchetei.<\/p>\n<\/div>\n<div class=\"tdb-block-inner td-fix-index\">\n<div class=\"tdb-next-post tdb-next-post-bg tdb-post-prev\"><span>Articolul precedent<\/span><\/p>\n<div class=\"td-module-container\">\n<div class=\"td-image-container\"><a class=\"td-image-wrap\" href=\"https:\/\/news-vaslui.ro\/cas-vaslui-informeaza-furnizorii-despre-noile-prevederi-ale-contractul-cadru-ce-modificari-se-pregatesc\/\"><img decoding=\"async\" class=\"td-next-prev-image td-fix-index\" src=\"https:\/\/news-vaslui.ro\/wp-content\/uploads\/2026\/08\/featured-image-1787067621323-1068x712.jpg\"><\/a><\/div>\n<div class=\"next-prev-title\"><a href=\"https:\/\/news-vaslui.ro\/cas-vaslui-informeaza-furnizorii-despre-noile-prevederi-ale-contractul-cadru-ce-modificari-se-pregatesc\/\">CAS Vaslui informeaz\u0103 furnizorii despre noile prevederi ale CONTRACTUL-CADRU \u2014 ce modific\u0103ri se preg\u0103tesc?<\/a><\/div>\n<\/div>\n<\/div>\n<div class=\"tdb-next-post tdb-next-post-bg tdb-post-next\"><span>Articolul urm\u0103tor<\/span><\/p>\n<div class=\"td-module-container\">\n<div class=\"td-image-container\"><a class=\"td-image-wrap\" href=\"https:\/\/news-vaslui.ro\/drone-racheta-prabusita-in-moldova-fragmente-identificate-si-avertismentul-maiei-sandu\/\"><img decoding=\"async\" class=\"td-next-prev-image td-fix-index\" src=\"https:\/\/news-vaslui.ro\/wp-content\/uploads\/2026\/08\/featured-image-1787153880479-1068x712.jpg\"><\/a><\/div>\n<div class=\"next-prev-title\"><a href=\"https:\/\/news-vaslui.ro\/drone-racheta-prabusita-in-moldova-fragmente-identificate-si-avertismentul-maiei-sandu\/\">Drone-rachet\u0103 pr\u0103bu\u0219it\u0103 \u00een Moldova: fragmente identificate \u0219i avertismentul Maiei Sandu<\/a><\/div>\n<\/div>\n<\/div>\n<\/div>\n<div class=\"tdb-block-inner td-fix-index\"><a class=\"tdb-logo-a\" href=\"https:\/\/news-vaslui.ro\/\" title=\"logo\"><span class=\"tdb-logo-img-wrap\"><img decoding=\"async\" class=\"tdb-logo-img td-retina-data\" data-retina=\"https:\/\/news-vaslui.ro\/wp-content\/uploads\/2025\/12\/FACT-CHECKED-NEWS-VASLUI-2-300x85.png\" src=\"https:\/\/news-vaslui.ro\/wp-content\/uploads\/2025\/12\/FACT-CHECKED-NEWS-VASLUI-2-300x85.png\" alt=\"logo\" title=\"logo\"><\/span><\/a><\/div>\n<p>[analyse_source url=&#8221;https:\/\/news-vaslui.ro\/elicopter-prabusit-pe-sifnos-ce-s-a-intamplat-in-momentul-aterizarii\/#new_tab&#8221;]<\/p>\n","protected":false},"excerpt":{"rendered":"<p>[analyse_image type=&#8221;featured&#8221; src=&#8221;https:\/\/news-vaslui.ro\/wp-content\/uploads\/2026\/08\/featured-image-1787153870913.jpg&#8221;] miercuri, august 19, 2026 26.4C Vaslui type here&#8230; 1 min.Read Elicopter pr\u0103bu\u0219it pe Sifnos: ce s-a \u00eent\u00e2mplat \u00een momentul ateriz\u0103rii ByNews Vaslui 19 august 2026 Surse Vremea NouaImagini dramatice \u00een Grecia: Un elicopter s-a pr\u0103bu\u0219it pe o insul\u0103 turistic\u0103&#8230; 18\/08\/2026 Tragedie aviatic\u0103 pe insula elen\u0103 Sifnos: un elicopter s-a pr\u0103bu\u0219it \u00een apropierea [&hellip;]<\/p>\n","protected":false},"author":1,"featured_media":0,"comment_status":"open","ping_status":"","sticky":false,"template":"","format":"standard","meta":{"footnotes":""},"categories":[89],"tags":[226,217],"class_list":["post-2101129","post","type-post","status-publish","format-standard","hentry","category-romania","tag-crawlmanager","tag-vaslui-robo-stiri-ro"],"_links":{"self":[{"href":"https:\/\/analyse.optim.biz\/index.php?rest_route=\/wp\/v2\/posts\/2101129","targetHints":{"allow":["GET"]}}],"collection":[{"href":"https:\/\/analyse.optim.biz\/index.php?rest_route=\/wp\/v2\/posts"}],"about":[{"href":"https:\/\/analyse.optim.biz\/index.php?rest_route=\/wp\/v2\/types\/post"}],"author":[{"embeddable":true,"href":"https:\/\/analyse.optim.biz\/index.php?rest_route=\/wp\/v2\/users\/1"}],"replies":[{"embeddable":true,"href":"https:\/\/analyse.optim.biz\/index.php?rest_route=%2Fwp%2Fv2%2Fcomments&post=2101129"}],"version-history":[{"count":0,"href":"https:\/\/analyse.optim.biz\/index.php?rest_route=\/wp\/v2\/posts\/2101129\/revisions"}],"wp:attachment":[{"href":"https:\/\/analyse.optim.biz\/index.php?rest_route=%2Fwp%2Fv2%2Fmedia&parent=2101129"}],"wp:term":[{"taxonomy":"category","embeddable":true,"href":"https:\/\/analyse.optim.biz\/index.php?rest_route=%2Fwp%2Fv2%2Fcategories&post=2101129"},{"taxonomy":"post_tag","embeddable":true,"href":"https:\/\/analyse.optim.biz\/index.php?rest_route=%2Fwp%2Fv2%2Ftags&post=2101129"}],"curies":[{"name":"wp","href":"https:\/\/api.w.org\/{rel}","templated":true}]}}