{"id":2101111,"date":"2026-08-19T15:30:18","date_gmt":"2026-08-19T12:30:18","guid":{"rendered":"https:\/\/analyse.optim.biz\/?p=2101111"},"modified":"2026-08-19T15:30:18","modified_gmt":"2026-08-19T12:30:18","slug":"la-policlinica-din-suceava-va-fi-amenajata-o-noua-statie-de-autobuz-lunga-de-8-metri-dotata-cu-banca-mare","status":"publish","type":"post","link":"https:\/\/analyse.optim.biz\/?p=2101111","title":{"rendered":"La Policlinica din Suceava va fi amenajat\u0103 o nou\u0103 sta\u021bie de autobuz lung\u0103 de 8 metri dotat\u0103 cu banc\u0103 mare"},"content":{"rendered":"<p>[analyse_image type=&#8221;featured&#8221; src=&#8221;https:\/\/img.svnews.ro\/foto\/2026\/08\/19\/554541\/9a6ad0340d739879d023ae2a2.jpg&#8221;]<\/p>\n<div class=\"entry\"><img loading=\"lazy\" decoding=\"async\" width=\"650\" height=\"325\" src=\"https:\/\/img.svnews.ro\/foto\/2026\/08\/19\/554541\/9a6ad0340d739879d023ae2a206500325.jpg\" alt><\/p>\n<div class=\"entry_content\">\n<p>\u00cen sta\u021bia de la Policlinic\u0103 din municipiul Suceava \u00een locul celor cinci chio\u0219curi, a fost ref\u0103cut \u00eentregul spa\u021biu verde. A fost ref\u0103cut\u0103 zona verde \u0219i montat un sistem de iriga\u021bii, precum \u0219i o ci\u0219mea. Totodat\u0103, au fost ref\u0103cute trotuarele din zon\u0103. Lucr\u0103rile vor continua cu plantarea de flori \u0219i copaci (in toamn\u0103).<\/p>\n<p>De asemenea, urmeaz\u0103 s\u0103 fie montat\u0103 o sta\u021bie de autobuz nou\u0103, cu o lungime de 8 metri, precum \u0219i o banc\u0103 lung\u0103 pentru c\u0103l\u0103tori. \u201dTransform\u0103m treptat zonele aglomerate ale ora\u0219ului \u00een spa\u021bii mai curate, mai verzi \u0219i mai pl\u0103cute pentru suceveni\u201d, a transmis Prim\u0103ria Suceava.<\/p>\n<p><img loading=\"lazy\" decoding=\"async\" class=\"alignnone size-medium wp-image-554543\" src=\"https:\/\/img.svnews.ro\/foto\/2026\/08\/19\/554541\/b7aaa558b7ce2e65d895e1b4806500488.jpg\" alt width=\"650\" height=\"488\"><\/p>\n<p><img loading=\"lazy\" decoding=\"async\" class=\"alignnone size-medium wp-image-554544\" src=\"https:\/\/img.svnews.ro\/foto\/2026\/08\/19\/554541\/ded97d79ff00c30201e2a5ef906500488.jpg\" alt width=\"650\" height=\"488\"><\/p>\n<p><img decoding=\"async\" loading=\"lazy\" class=\"alignnone size-medium wp-image-554546\" src=\"https:\/\/img.svnews.ro\/foto\/2026\/08\/19\/554541\/dff07f2bb49a407ae86f23bbd06500867.jpg\" alt width=\"650\" height=\"867\"><\/p>\n<p><img decoding=\"async\" loading=\"lazy\" class=\"alignnone size-medium wp-image-554547\" src=\"https:\/\/img.svnews.ro\/foto\/2026\/08\/19\/554541\/89bf9c0c8ba2b95d73775249206500488.jpg\" alt width=\"650\" height=\"488\"><\/p>\n<p><img decoding=\"async\" loading=\"lazy\" class=\"alignnone size-medium wp-image-554548\" src=\"https:\/\/img.svnews.ro\/foto\/2026\/08\/19\/554541\/ad5129835878da77810aefa3506500488.jpg\" alt width=\"650\" height=\"488\"><\/p>\n<p><img decoding=\"async\" loading=\"lazy\" class=\"alignnone size-medium wp-image-554549\" src=\"https:\/\/img.svnews.ro\/foto\/2026\/08\/19\/554541\/cb3ea233816568da3647c702006500488.jpg\" alt width=\"650\" height=\"488\"><\/p>\n<p><img decoding=\"async\" loading=\"lazy\" class=\"alignnone size-medium wp-image-554550\" src=\"https:\/\/img.svnews.ro\/foto\/2026\/08\/19\/554541\/790101545d67452e24441d21e06500488.jpg\" alt width=\"650\" height=\"488\"><\/p>\n<\/div>\n<div>\n<div>VN:F [1.9.22_1171]<\/div>\n<div class=\"ratingblock \">\n<div class=\"ratingstars \">\n<div id=\"article_loader_554541\" class=\"ratingloaderarticle\">\n<div class=\"loader arrows \">\n<div class=\"loaderinner\">se actualizeaz\u0103&#8230;<\/div>\n<\/div>\n<\/div>\n<\/div>\n<div class=\"ratingtext \">\n<div id=\"gdr_text_a554541\">Rating: 0.0\/<strong>10<\/strong> (0 votes cast)<\/div>\n<\/div>\n<\/div>\n<\/div>\n<\/div>\n<div class=\"entry_content\">\n<p>\u00cen sta\u021bia de la Policlinic\u0103 din municipiul Suceava \u00een locul celor cinci chio\u0219curi, a fost ref\u0103cut \u00eentregul spa\u021biu verde. A fost ref\u0103cut\u0103 zona verde \u0219i montat un sistem de iriga\u021bii, precum \u0219i o ci\u0219mea. Totodat\u0103, au fost ref\u0103cute trotuarele din zon\u0103. Lucr\u0103rile vor continua cu plantarea de flori \u0219i copaci (in toamn\u0103).<\/p>\n<p>De asemenea, urmeaz\u0103 s\u0103 fie montat\u0103 o sta\u021bie de autobuz nou\u0103, cu o lungime de 8 metri, precum \u0219i o banc\u0103 lung\u0103 pentru c\u0103l\u0103tori. \u201dTransform\u0103m treptat zonele aglomerate ale ora\u0219ului \u00een spa\u021bii mai curate, mai verzi \u0219i mai pl\u0103cute pentru suceveni\u201d, a transmis Prim\u0103ria Suceava.<\/p>\n<p><img loading=\"lazy\" decoding=\"async\" class=\"alignnone size-medium wp-image-554543\" src=\"https:\/\/img.svnews.ro\/foto\/2026\/08\/19\/554541\/b7aaa558b7ce2e65d895e1b4806500488.jpg\" alt width=\"650\" height=\"488\"><\/p>\n<p><img loading=\"lazy\" decoding=\"async\" class=\"alignnone size-medium wp-image-554544\" src=\"https:\/\/img.svnews.ro\/foto\/2026\/08\/19\/554541\/ded97d79ff00c30201e2a5ef906500488.jpg\" alt width=\"650\" height=\"488\"><\/p>\n<p><img decoding=\"async\" loading=\"lazy\" class=\"alignnone size-medium wp-image-554546\" src=\"https:\/\/img.svnews.ro\/foto\/2026\/08\/19\/554541\/dff07f2bb49a407ae86f23bbd06500867.jpg\" alt width=\"650\" height=\"867\"><\/p>\n<p><img decoding=\"async\" loading=\"lazy\" class=\"alignnone size-medium wp-image-554547\" src=\"https:\/\/img.svnews.ro\/foto\/2026\/08\/19\/554541\/89bf9c0c8ba2b95d73775249206500488.jpg\" alt width=\"650\" height=\"488\"><\/p>\n<p><img decoding=\"async\" loading=\"lazy\" class=\"alignnone size-medium wp-image-554548\" src=\"https:\/\/img.svnews.ro\/foto\/2026\/08\/19\/554541\/ad5129835878da77810aefa3506500488.jpg\" alt width=\"650\" height=\"488\"><\/p>\n<p><img decoding=\"async\" loading=\"lazy\" class=\"alignnone size-medium wp-image-554549\" src=\"https:\/\/img.svnews.ro\/foto\/2026\/08\/19\/554541\/cb3ea233816568da3647c702006500488.jpg\" alt width=\"650\" height=\"488\"><\/p>\n<p><img decoding=\"async\" loading=\"lazy\" class=\"alignnone size-medium wp-image-554550\" src=\"https:\/\/img.svnews.ro\/foto\/2026\/08\/19\/554541\/790101545d67452e24441d21e06500488.jpg\" alt width=\"650\" height=\"488\"><\/p>\n<\/div>\n<p>[analyse_source url=&#8221;https:\/\/www.svnews.ro\/la-policlinica-din-suceava-va-fi-amenajata-o-noua-statie-de-autobuz-lunga-de-8-metri-dotata-cu-banca-mare\/554541\/&#8221;]<\/p>\n","protected":false},"excerpt":{"rendered":"<p>[analyse_image type=&#8221;featured&#8221; src=&#8221;https:\/\/img.svnews.ro\/foto\/2026\/08\/19\/554541\/9a6ad0340d739879d023ae2a2.jpg&#8221;] \u00cen sta\u021bia de la Policlinic\u0103 din municipiul Suceava \u00een locul celor cinci chio\u0219curi, a fost ref\u0103cut \u00eentregul spa\u021biu verde. A fost ref\u0103cut\u0103 zona verde \u0219i montat un sistem de iriga\u021bii, precum \u0219i o ci\u0219mea. Totodat\u0103, au fost ref\u0103cute trotuarele din zon\u0103. Lucr\u0103rile vor continua cu plantarea de flori \u0219i copaci (in toamn\u0103). [&hellip;]<\/p>\n","protected":false},"author":1,"featured_media":0,"comment_status":"open","ping_status":"","sticky":false,"template":"","format":"standard","meta":{"footnotes":""},"categories":[89],"tags":[226,175],"class_list":["post-2101111","post","type-post","status-publish","format-standard","hentry","category-romania","tag-crawlmanager","tag-svnews-ro"],"_links":{"self":[{"href":"https:\/\/analyse.optim.biz\/index.php?rest_route=\/wp\/v2\/posts\/2101111","targetHints":{"allow":["GET"]}}],"collection":[{"href":"https:\/\/analyse.optim.biz\/index.php?rest_route=\/wp\/v2\/posts"}],"about":[{"href":"https:\/\/analyse.optim.biz\/index.php?rest_route=\/wp\/v2\/types\/post"}],"author":[{"embeddable":true,"href":"https:\/\/analyse.optim.biz\/index.php?rest_route=\/wp\/v2\/users\/1"}],"replies":[{"embeddable":true,"href":"https:\/\/analyse.optim.biz\/index.php?rest_route=%2Fwp%2Fv2%2Fcomments&post=2101111"}],"version-history":[{"count":0,"href":"https:\/\/analyse.optim.biz\/index.php?rest_route=\/wp\/v2\/posts\/2101111\/revisions"}],"wp:attachment":[{"href":"https:\/\/analyse.optim.biz\/index.php?rest_route=%2Fwp%2Fv2%2Fmedia&parent=2101111"}],"wp:term":[{"taxonomy":"category","embeddable":true,"href":"https:\/\/analyse.optim.biz\/index.php?rest_route=%2Fwp%2Fv2%2Fcategories&post=2101111"},{"taxonomy":"post_tag","embeddable":true,"href":"https:\/\/analyse.optim.biz\/index.php?rest_route=%2Fwp%2Fv2%2Ftags&post=2101111"}],"curies":[{"name":"wp","href":"https:\/\/api.w.org\/{rel}","templated":true}]}}