{"id":2101098,"date":"2026-08-19T06:49:05","date_gmt":"2026-08-19T03:49:05","guid":{"rendered":"https:\/\/analyse.optim.biz\/?p=2101098"},"modified":"2026-08-19T06:49:05","modified_gmt":"2026-08-19T03:49:05","slug":"reuters-meta-acuzata-ca-a-vrut-sa-i-faca-pe-copii-dependenti-de-facebook-si-instagram-miza-uriasa-a-procesului","status":"publish","type":"post","link":"https:\/\/analyse.optim.biz\/?p=2101098","title":{"rendered":"Reuters: Meta, acuzat\u0103 c\u0103 a vrut s\u0103-i fac\u0103 pe copii dependen\u021bi de Facebook \u0219i Instagram. Miza uria\u0219\u0103 a procesului"},"content":{"rendered":"<p>[analyse_image type=&#8221;featured&#8221; src=&#8221;https:\/\/60m.ro\/wp-content\/uploads\/2026\/06\/meta.webp&#8221;]<\/p>\n<div class=\"articleBody\" data-key=\"articleBody\">\nMeta Platforms a urm\u0103rit \u00een mod inten\u0163ionat s\u0103-i fac\u0103 pe copii dependen\u0163i de\u00a0Facebook\u00a0\u015fi Instagram pentru a-i determina s\u0103 petreac\u0103 mai mult timp pe platforme, a sus\u0163inut mar\u0163i un avocat al statului\u00a0California, la \u00eenceputul unui proces de referin\u0163\u0103 care ar putea obliga compania s\u0103 \u00ee\u015fi modifice semnificativ serviciile, transmite Reuters, citat de news.ro.<\/p>\n<p>Un grup bipartizan format din 29 de state americane a dat Meta \u00een judecat\u0103, solicit\u00e2nd desp\u0103gubiri care ar putea ajunge la zeci sau chiar sute de miliarde de dolari, precum \u015fi schimb\u0103ri \u00een modul de func\u0163ionare a Facebook \u015fi Instagram.<\/p>\n<p>California, Colorado, Kentucky \u015fi New Jersey, cele patru state care conduc ac\u0163iunea, acuz\u0103 Meta c\u0103 a conceput platformele astfel \u00eenc\u00e2t s\u0103 creeze dependen\u0163\u0103 \u00een r\u00e2ndul utilizatorilor tineri, contribuind la anxietate, depresie \u015fi chiar sinucidere, \u015fi c\u0103 a indus publicul \u00een eroare \u00een privin\u0163a siguran\u0163ei acestora.<\/p>\n<p>Toate cele 29 de state sus\u0163in, de asemenea, c\u0103 Meta a \u00eenc\u0103lcat legisla\u0163ia federal\u0103 prin colectarea \u015fi utilizarea necorespunz\u0103toare a datelor personale ale copiilor.<\/p>\n<p>Acuza\u021biile aduse Meta: \u201eA func\u0163ionat deosebit de bine \u00een cazul copiilor\u201d<\/p>\n<p>Megan O&#8217;Neill, procuror general adjunct al Californiei, a declarat \u00een fa\u0163a juriului din Oakland c\u0103 modelul de afaceri al Meta urm\u0103rea s\u0103 atrag\u0103 utilizatorii, s\u0103 \u00eei \u0163in\u0103 c\u00e2t mai mult timp pe platforme, s\u0103 le colecteze datele \u015fi apoi s\u0103 ascund\u0103 adev\u0103rul de public.<\/p>\n<p>\u201dA func\u0163ionat deosebit de bine \u00een cazul copiilor\u201d, a afirmat O&#8217;Neill, sus\u0163in\u00e2nd c\u0103 Meta avea nevoie de utilizatori tineri \u015fi, \u00een acela\u015fi timp, trebuia s\u0103 \u00eei conving\u0103 pe p\u0103rin\u0163i \u015fi pe ceilal\u0163i adul\u0163i preocupa\u0163i de siguran\u0163a acestora c\u0103 platformele sunt sigure.<\/p>\n<p>Acuzarea sus\u0163ine c\u0103 Meta a cercetat inclusiv modul \u00een care func\u0163ioneaz\u0103 creierul copiilor \u015fi reac\u0163iile acestora la stimulii online \u015fi a urm\u0103rit interac\u0163iunile minorilor cu aplica\u0163iile sale.<\/p>\n<p>Angaja\u021bii ar fi comparat Instagram cu \u201eun drog\u201d<\/p>\n<p>O&#8217;Neill a prezentat juriului un e-mail intern trimis directorului Instagram, Adam Mosseri, \u00een care timpul petrecut de adolescen\u0163i pe platform\u0103 era indicat drept un obiectiv al companiei. Potrivit acuz\u0103rii, unii angaja\u0163i comparau Instagram cu \u201dun drog\u201d, iar pe ei \u00een\u015fi\u015fi cu \u201ddealerii\u201d.<\/p>\n<p>Statele cer, printre altele, introducerea unor restric\u0163ii de v\u00e2rst\u0103 \u015fi eliminarea func\u0163iei de derulare infinit\u0103, care \u00eencurajeaz\u0103 utilizatorii s\u0103 continue s\u0103 consulte con\u0163inut.<\/p>\n<p>Meta respinge acuza\u021biile. Zuckerberg \u0219i Mosseri, a\u0219tepta\u021bi s\u0103 depun\u0103 m\u0103rturie<\/p>\n<p>Meta respinge acuza\u0163iile \u015fi sus\u0163ine c\u0103 a depus eforturi considerabile pentru protejarea copiilor \u015fi adolescen\u0163ilor \u00een mediul online. Compania afirm\u0103 c\u0103 statele nu au demonstrat c\u0103 utilizatorii au fost indu\u015fi \u00een eroare sau c\u0103 au suferit prejudicii.<\/p>\n<p>Procesul este programat s\u0103 dureze \u015fase s\u0103pt\u0103m\u00e2ni, iar CEO-ul Meta, Mark Zuckerberg, \u015fi directorul Instagram, Adam Mosseri, sunt a\u015ftepta\u0163i s\u0103 depun\u0103 m\u0103rturie.<\/p>\n<p>Juriul va emite un verdict consultativ, \u00eens\u0103 judec\u0103toarea federal\u0103 Yvonne Gonzalez Rogers va decide dac\u0103 Meta este r\u0103spunz\u0103toare. \u00cen cazul unei decizii nefavorabile companiei, aceasta ar putea impune at\u00e2t sanc\u0163iuni financiare, c\u00e2t \u015fi modific\u0103ri ale Facebook \u015fi Instagram.<\/p>\n<p>Meta risc\u0103 sanc\u021biuni de sute de miliarde de dolari<\/p>\n<p>Meta estimeaz\u0103 c\u0103 sanc\u0163iunile ar putea ajunge p\u00e2n\u0103 la 1.400 de miliarde de dolari, o sum\u0103 apropiat\u0103 de valoarea de pia\u0163\u0103 a companiei. Procurorii generali nu au stabilit \u00eenc\u0103 o valoare exact\u0103, dar au indicat c\u0103 aceasta s-ar putea situa mai degrab\u0103 \u00een jurul a 200 de miliarde de dolari.<\/p>\n<p>Procesul, ini\u0163iat \u00een 2023, este considerat unul dintre cele mai importante teste juridice de p\u00e2n\u0103 acum privind efectele re\u0163elelor sociale asupra copiilor \u015fi adolescen\u0163ilor.<\/p>\n<p>Meta \u015fi alte mari companii din domeniu se confrunt\u0103 cu mii de procese intentate \u00een SUA de state, autorit\u0103\u0163i locale, districte \u015fcolare \u015fi persoane fizice \u00een leg\u0103tur\u0103 cu presupusele efecte nocive ale platformelor asupra utilizatorilor tineri.\n<\/p><\/div>\n<p>[analyse_source url=&#8221;https:\/\/60m.ro\/reuters-meta-acuzata-ca-a-vrut-sa-i-faca-pe-copii-dependenti-de-facebook-si-instagram-miza-uriasa-a-procesului\/&#8221;]<\/p>\n","protected":false},"excerpt":{"rendered":"<p>[analyse_image type=&#8221;featured&#8221; src=&#8221;https:\/\/60m.ro\/wp-content\/uploads\/2026\/06\/meta.webp&#8221;] Meta Platforms a urm\u0103rit \u00een mod inten\u0163ionat s\u0103-i fac\u0103 pe copii dependen\u0163i de\u00a0Facebook\u00a0\u015fi Instagram pentru a-i determina s\u0103 petreac\u0103 mai mult timp pe platforme, a sus\u0163inut mar\u0163i un avocat al statului\u00a0California, la \u00eenceputul unui proces de referin\u0163\u0103 care ar putea obliga compania s\u0103 \u00ee\u015fi modifice semnificativ serviciile, transmite Reuters, citat de news.ro. [&hellip;]<\/p>\n","protected":false},"author":1,"featured_media":0,"comment_status":"open","ping_status":"","sticky":false,"template":"","format":"standard","meta":{"footnotes":""},"categories":[89],"tags":[100,226],"class_list":["post-2101098","post","type-post","status-publish","format-standard","hentry","category-romania","tag-60m-ro","tag-crawlmanager"],"_links":{"self":[{"href":"https:\/\/analyse.optim.biz\/index.php?rest_route=\/wp\/v2\/posts\/2101098","targetHints":{"allow":["GET"]}}],"collection":[{"href":"https:\/\/analyse.optim.biz\/index.php?rest_route=\/wp\/v2\/posts"}],"about":[{"href":"https:\/\/analyse.optim.biz\/index.php?rest_route=\/wp\/v2\/types\/post"}],"author":[{"embeddable":true,"href":"https:\/\/analyse.optim.biz\/index.php?rest_route=\/wp\/v2\/users\/1"}],"replies":[{"embeddable":true,"href":"https:\/\/analyse.optim.biz\/index.php?rest_route=%2Fwp%2Fv2%2Fcomments&post=2101098"}],"version-history":[{"count":0,"href":"https:\/\/analyse.optim.biz\/index.php?rest_route=\/wp\/v2\/posts\/2101098\/revisions"}],"wp:attachment":[{"href":"https:\/\/analyse.optim.biz\/index.php?rest_route=%2Fwp%2Fv2%2Fmedia&parent=2101098"}],"wp:term":[{"taxonomy":"category","embeddable":true,"href":"https:\/\/analyse.optim.biz\/index.php?rest_route=%2Fwp%2Fv2%2Fcategories&post=2101098"},{"taxonomy":"post_tag","embeddable":true,"href":"https:\/\/analyse.optim.biz\/index.php?rest_route=%2Fwp%2Fv2%2Ftags&post=2101098"}],"curies":[{"name":"wp","href":"https:\/\/api.w.org\/{rel}","templated":true}]}}