{"id":2101093,"date":"2026-08-19T06:42:56","date_gmt":"2026-08-19T03:42:56","guid":{"rendered":"https:\/\/analyse.optim.biz\/?p=2101093"},"modified":"2026-08-19T06:42:56","modified_gmt":"2026-08-19T03:42:56","slug":"cardurile-de-sanatate-vor-disparea-din-romania-schimbarea-incepe-treptat-de-la-1-septembrie","status":"publish","type":"post","link":"https:\/\/analyse.optim.biz\/?p=2101093","title":{"rendered":"Cardurile de s\u0103n\u0103tate vor disp\u0103rea din Rom\u00e2nia: Schimbarea \u00eencepe, treptat, de la 1 septembrie"},"content":{"rendered":"<p>[analyse_image type=&#8221;featured&#8221; src=&#8221;https:\/\/60m.ro\/wp-content\/uploads\/2026\/08\/Card-de-sanatate.webp&#8221;]<\/p>\n<div class=\"articleBody\" data-key=\"articleBody\">\nV\u0103 mai aminti\u021bi de dischete, CD-uri, DVD-playere sau stick-uri de memorie? Ei bine, toate au fost la vremea lor acceosorii f\u0103r\u0103 de care mul\u021bi nu \u0219i-ar fi imaginat o zi obi\u0219nuit\u0103, dar au disp\u0103rut. Asta va fi \u0219i soarta cardului de\u00a0s\u0103n\u0103tate, care de la 1 septembrie va fi \u00eenlocuit cu un alt sistem. Nu v\u0103 impacienta\u021bi, c\u0103 schimbarea se va produce treptat.<\/p>\n<p>CNAS\u00a0explic\u0103:<\/p>\n<p>Adio card de s\u0103n\u0103tate. Pre\u0219edintele Casei Na\u021bionale de Asigur\u0103ri de S\u0103n\u0103tate (CNAS), Hora\u021biu-Remus Moldovan, a explicat c\u0103 noua carte electronic\u0103 de identitate va putea prelua func\u021bia actualului card de s\u0103n\u0103tate, iar cele dou\u0103 documente vor putea fi folosite \u00een paralel \u00een perioada de tranzi\u021bie.<\/p>\n<p>Cardul de s\u0103n\u0103tate, \u00eenlocuit cu buletinul electronic<\/p>\n<p>\u201dPutem s\u0103 sc\u0103p\u0103m de cardul de s\u0103n\u0103tate. Mergem la Eviden\u021ba Popula\u021biei \u0219i ne schimb\u0103m buletinul \u0219i lu\u0103m noua carte electronic\u0103 de identitate care devine \u0219i card de s\u0103n\u0103tate. S\u0103 ne \u00een\u021belegem: nu stocheaz\u0103 nicio informa\u021bie nici pentru componenta de s\u0103n\u0103tate, nici pentru cealalt\u0103 component\u0103, dec\u00e2t o semn\u0103tur\u0103 digital\u0103 \u0219i c\u00e2teva facilit\u0103\u021bi care permit comunicarea cu Eviden\u021ba Popula\u021biei\u201d, a explicat Hora\u021biu Moldovan, potrivit\u00a0Agerpres.<\/p>\n<p>Ce date nu se stocheaz\u0103 pe cardul de s\u0103n\u0103tate<\/p>\n<p>Potrivit pre\u0219edintelui CNAS, CEI nu va stoca pe cip date medicale precum diagnostice, analize, re\u021bete sau istoricul consulta\u021biilor. Documentul va permite, \u00een schimb, identificarea \u0219i autentificarea titularului \u00een sistemele informatice ale statului.<\/p>\n<p>Hora\u021biu Moldovan precizat c\u0103 actualul card de s\u0103n\u0103tate \u0219i noua carte electronic\u0103 de identitate vor putea fi folosite \u00een paralel pentru o anumit\u0103 perioad\u0103. Nu au fost \u00eens\u0103 prezentate \u00een detaliu durata acestei perioade, procedurile pentru persoanele care au deja CEI \u0219i calendarul complet al retragerii cardurilor actuale.<\/p>\n<p>Rom\u00e2nii care nu au primit o carte electronic\u0103 de identitate trebuie s\u0103 p\u0103streze cardul na\u021bional \u0219i s\u0103 \u00eel prezinte \u00een continuare furnizorilor de servicii medicale.<\/p>\n<p>Cardul este folosit pentru confirmarea prezen\u021bei asiguratului la cabinet, laborator, spital sau farmacie \u0219i pentru validarea serviciilor medicale care urmeaz\u0103 s\u0103 fie decontate prin sistemul public de asigur\u0103ri de s\u0103n\u0103tate.<\/p>\n<p>Prin urmare, 1 septembrie 2026 nu reprezint\u0103 o dat\u0103 la care toate cardurile de s\u0103n\u0103tate devin automat invalide. Schimbarea se va face gradual, \u00een func\u021bie de emiterea noilor acte de identitate \u0219i de adaptarea sistemelor informatice.\n<\/p><\/div>\n<p>[analyse_source url=&#8221;https:\/\/60m.ro\/cardurile-de-sanatate-vor-disparea-din-romania-schimbarea-incepe-treptat-de-la-1-septembrie\/&#8221;]<\/p>\n","protected":false},"excerpt":{"rendered":"<p>[analyse_image type=&#8221;featured&#8221; src=&#8221;https:\/\/60m.ro\/wp-content\/uploads\/2026\/08\/Card-de-sanatate.webp&#8221;] V\u0103 mai aminti\u021bi de dischete, CD-uri, DVD-playere sau stick-uri de memorie? Ei bine, toate au fost la vremea lor acceosorii f\u0103r\u0103 de care mul\u021bi nu \u0219i-ar fi imaginat o zi obi\u0219nuit\u0103, dar au disp\u0103rut. Asta va fi \u0219i soarta cardului de\u00a0s\u0103n\u0103tate, care de la 1 septembrie va fi \u00eenlocuit cu un alt [&hellip;]<\/p>\n","protected":false},"author":1,"featured_media":0,"comment_status":"open","ping_status":"","sticky":false,"template":"","format":"standard","meta":{"footnotes":""},"categories":[89],"tags":[100,226],"class_list":["post-2101093","post","type-post","status-publish","format-standard","hentry","category-romania","tag-60m-ro","tag-crawlmanager"],"_links":{"self":[{"href":"https:\/\/analyse.optim.biz\/index.php?rest_route=\/wp\/v2\/posts\/2101093","targetHints":{"allow":["GET"]}}],"collection":[{"href":"https:\/\/analyse.optim.biz\/index.php?rest_route=\/wp\/v2\/posts"}],"about":[{"href":"https:\/\/analyse.optim.biz\/index.php?rest_route=\/wp\/v2\/types\/post"}],"author":[{"embeddable":true,"href":"https:\/\/analyse.optim.biz\/index.php?rest_route=\/wp\/v2\/users\/1"}],"replies":[{"embeddable":true,"href":"https:\/\/analyse.optim.biz\/index.php?rest_route=%2Fwp%2Fv2%2Fcomments&post=2101093"}],"version-history":[{"count":0,"href":"https:\/\/analyse.optim.biz\/index.php?rest_route=\/wp\/v2\/posts\/2101093\/revisions"}],"wp:attachment":[{"href":"https:\/\/analyse.optim.biz\/index.php?rest_route=%2Fwp%2Fv2%2Fmedia&parent=2101093"}],"wp:term":[{"taxonomy":"category","embeddable":true,"href":"https:\/\/analyse.optim.biz\/index.php?rest_route=%2Fwp%2Fv2%2Fcategories&post=2101093"},{"taxonomy":"post_tag","embeddable":true,"href":"https:\/\/analyse.optim.biz\/index.php?rest_route=%2Fwp%2Fv2%2Ftags&post=2101093"}],"curies":[{"name":"wp","href":"https:\/\/api.w.org\/{rel}","templated":true}]}}