{"id":2101090,"date":"2026-08-19T06:35:54","date_gmt":"2026-08-19T03:35:54","guid":{"rendered":"https:\/\/analyse.optim.biz\/?p=2101090"},"modified":"2026-08-19T06:35:54","modified_gmt":"2026-08-19T03:35:54","slug":"avocata-silvia-uscov-cand-demnitarii-nu-si-inteleg-functia-costul-este-platit-de-cetateni","status":"publish","type":"post","link":"https:\/\/analyse.optim.biz\/?p=2101090","title":{"rendered":"Avocata Silvia Uscov: \u201eC\u00e2nd demnitarii nu-\u0219i \u00een\u021beleg func\u021bia, costul este pl\u0103tit de cet\u0103\u021beni\u201d"},"content":{"rendered":"<p>[analyse_image type=&#8221;featured&#8221; src=&#8221;https:\/\/60m.ro\/wp-content\/uploads\/2026\/08\/silvia.jpg&#8221;]<\/p>\n<div class=\"articleBody\" data-key=\"articleBody\">\nO recent\u0103 \u00eent\u00e2lnire controversat\u0103 \u00eentre Pre\u0219edintele Cur\u021bii Constitu\u021bionale, Simina T\u0103n\u0103sescu, \u0219i liderul politic Ilie Bolojan a st\u00e2rnit un val de reac\u021bii \u00een spa\u021biul public. \u00centr-o analiz\u0103 publicat\u0103 recent, avocata Silvia Uscov atrage aten\u021bia asupra gravelor prejudicii de imagine aduse Cur\u021bii Constitu\u021bionale \u0219i asupra modului defectuos \u00een care cei doi oficiali au ales s\u0103 gestioneze lipsa de transparen\u021b\u0103, subliniind c\u0103 decredibilizarea institu\u021biilor va fi decontat\u0103, \u00een cele din urm\u0103, de \u00eentreaga societate.<\/p>\n<p>Avocata o critic\u0103 \u00een primul r\u00e2nd pe Simina T\u0103n\u0103sescu pentru modul \u00een care a r\u0103spuns \u00eentreb\u0103rilor legitime din spa\u021biul public legate de ini\u021biatorul \u0219i scopul \u00eent\u00e2lnirii. \u00cen loc s\u0103 ofere clarific\u0103ri transparente, \u0219efa CCR s-a refugiat \u00een invocarea propriului profil profesional. Silvia Uscov subliniaz\u0103 c\u0103 profesorul de drept Simina T\u0103n\u0103sescu \u00ee\u0219i poate ap\u0103ra reputa\u021bia personal\u0103, \u00eens\u0103 Pre\u0219edintele Cur\u021bii Constitu\u021bionale administreaz\u0103 o credibilitate care apar\u021bine strict institu\u021biei. \u00cen opinia sa, \u00eencrederea public\u0103 se ap\u0103r\u0103 prin fapte verificabile \u0219i conduit\u0103 institu\u021bional\u0103, nu cer\u00e2nd cet\u0103\u021benilor un act de \u00eencredere oarb\u0103 \u00een persoana care ocup\u0103 temporar func\u021bia.<\/p>\n<p>Cel de-al doilea vizat de criticile avocatei este Ilie Bolojan, acuzat c\u0103 \u0219i-a construit \u00een mod fals imaginea unui politician responsabil, preocupat de reguli. Uscov eviden\u021biaz\u0103 gravitatea contextului \u00een care a avut loc discu\u021bia, subliniind c\u0103 liderul politic a participat la o \u00eent\u00e2lnire cu judec\u0103torul raportor exact \u00eentr-un dosar \u00een care partidul s\u0103u formulase o sesizare de neconstitu\u021bionalitate. Mai mult, politicianul este taxat pentru lipsa de asumare. Acesta a preferat s\u0103 p\u0103streze t\u0103cerea, l\u0103s\u00e2nd-o pe Simina T\u0103n\u0103sescu s\u0103 suporte singur\u0103 costul public al episodului, de\u0219i responsabilitatea politic\u0103 ar trebui demonstrat\u0103 mai ales atunci c\u00e2nd asumarea aduce costuri, nu doar capital de imagine.<\/p>\n<p>Dincolo de carierele celor implica\u021bi, Silvia Uscov avertizeaz\u0103 c\u0103 lipsa de transparen\u021b\u0103 genereaz\u0103 costuri sistemice grave pentru \u021bar\u0103. C\u00e2nd cet\u0103\u021benii percep c\u0103 lucrurile importante se discut\u0103 \u00een birouri \u00eenchise, \u00eentre oameni care se cunosc, efectele se traduc printr-un mediu investi\u021bional mai pu\u021bin predictibil \u0219i costuri mai mari de finan\u021bare. De asemenea, apar dificult\u0103\u021bi \u00een rela\u021bia cu partenerii europeni din cauza \u00eendoielilor privind statul de drept. Cel mai periculos efect r\u0103m\u00e2ne \u00eens\u0103 erodarea \u00eencrederii \u00een democra\u021bie, care devine un teren fertil pentru populism.<\/p>\n<p>\u00cen concluzie, avocata reaminte\u0219te c\u0103 func\u021biile publice de acest nivel nu sunt recompense sau extensii ale personalit\u0103\u021bii demnitarilor, ci obliga\u021bii stricte. Cei care le ocup\u0103 datoreaz\u0103 institu\u021biilor credibilitate, pruden\u021b\u0103 \u0219i asumare, pentru c\u0103, atunci c\u00e2nd uit\u0103 acest lucru, factura nu r\u0103m\u00e2ne niciodat\u0103 \u00een biroul \u00een care s-au \u00eent\u00e2lnit, ci este pl\u0103tit\u0103 de cet\u0103\u021beni.<\/p>\n<\/div>\n<p>[analyse_source url=&#8221;https:\/\/60m.ro\/avocata-silvia-uscov-cand-demnitarii-nu-si-inteleg-functia-costul-este-platit-de-cetateni\/&#8221;]<\/p>\n","protected":false},"excerpt":{"rendered":"<p>[analyse_image type=&#8221;featured&#8221; src=&#8221;https:\/\/60m.ro\/wp-content\/uploads\/2026\/08\/silvia.jpg&#8221;] O recent\u0103 \u00eent\u00e2lnire controversat\u0103 \u00eentre Pre\u0219edintele Cur\u021bii Constitu\u021bionale, Simina T\u0103n\u0103sescu, \u0219i liderul politic Ilie Bolojan a st\u00e2rnit un val de reac\u021bii \u00een spa\u021biul public. \u00centr-o analiz\u0103 publicat\u0103 recent, avocata Silvia Uscov atrage aten\u021bia asupra gravelor prejudicii de imagine aduse Cur\u021bii Constitu\u021bionale \u0219i asupra modului defectuos \u00een care cei doi oficiali au ales [&hellip;]<\/p>\n","protected":false},"author":1,"featured_media":0,"comment_status":"open","ping_status":"","sticky":false,"template":"","format":"standard","meta":{"footnotes":""},"categories":[89],"tags":[100,226],"class_list":["post-2101090","post","type-post","status-publish","format-standard","hentry","category-romania","tag-60m-ro","tag-crawlmanager"],"_links":{"self":[{"href":"https:\/\/analyse.optim.biz\/index.php?rest_route=\/wp\/v2\/posts\/2101090","targetHints":{"allow":["GET"]}}],"collection":[{"href":"https:\/\/analyse.optim.biz\/index.php?rest_route=\/wp\/v2\/posts"}],"about":[{"href":"https:\/\/analyse.optim.biz\/index.php?rest_route=\/wp\/v2\/types\/post"}],"author":[{"embeddable":true,"href":"https:\/\/analyse.optim.biz\/index.php?rest_route=\/wp\/v2\/users\/1"}],"replies":[{"embeddable":true,"href":"https:\/\/analyse.optim.biz\/index.php?rest_route=%2Fwp%2Fv2%2Fcomments&post=2101090"}],"version-history":[{"count":0,"href":"https:\/\/analyse.optim.biz\/index.php?rest_route=\/wp\/v2\/posts\/2101090\/revisions"}],"wp:attachment":[{"href":"https:\/\/analyse.optim.biz\/index.php?rest_route=%2Fwp%2Fv2%2Fmedia&parent=2101090"}],"wp:term":[{"taxonomy":"category","embeddable":true,"href":"https:\/\/analyse.optim.biz\/index.php?rest_route=%2Fwp%2Fv2%2Fcategories&post=2101090"},{"taxonomy":"post_tag","embeddable":true,"href":"https:\/\/analyse.optim.biz\/index.php?rest_route=%2Fwp%2Fv2%2Ftags&post=2101090"}],"curies":[{"name":"wp","href":"https:\/\/api.w.org\/{rel}","templated":true}]}}