{"id":2101085,"date":"2026-08-18T09:27:57","date_gmt":"2026-08-18T06:27:57","guid":{"rendered":"https:\/\/analyse.optim.biz\/?p=2101085"},"modified":"2026-08-18T09:27:57","modified_gmt":"2026-08-18T06:27:57","slug":"liber-pentru-comisia-de-constitutionalitate-de-la-senat-sa-ancheteze-intalnirea-dintre-presedinta-ccr-si-premierul-demis-ilie-bolojan","status":"publish","type":"post","link":"https:\/\/analyse.optim.biz\/?p=2101085","title":{"rendered":"Liber pentru Comisia de Constitu\u0163ionalitate de la Senat s\u0103 ancheteze \u00eent\u00e2lnirea dintre pre\u015fedinta CCR \u015fi premierul demis Ilie Bolojan"},"content":{"rendered":"<p>[analyse_image type=&#8221;featured&#8221; src=&#8221;https:\/\/60m.ro\/wp-content\/uploads\/2026\/08\/Bolojan-si-sefa-CCR.jpg&#8221;]<\/p>\n<div class=\"articleBody\" data-key=\"articleBody\">\nCu 6 voturi pentru, 3 voturi \u00eempotriv\u0103 \u015fi nicio ab\u0163inere, Comisia de Constitu\u0163ionalitate a Senatului Rom\u00e2niei va demara anchetarea\u00a0\u00eent\u00e2lnirii secrete dintre pre\u015fedinta Cur\u0163ii Constitu\u0163ionale a Rom\u00e2niei \u015fi premierul demis, Ilie Bolojan, \u00een biroul pre\u015fedintelui Senatului Rom\u00e2niei, Mircea Abrudean.<\/p>\n<p>Comisia de Constitu\u0163ionalitate, convocat\u0103 \u00een format hibrid<\/p>\n<p>Eveniment care a determinat Biroul Permanent al Senatului s\u0103 convoace, mar\u0163i, Comisia de Constitu\u0163ionalitate, \u00een format hibrid.<\/p>\n<p>Sesizarea Biroului a fost f\u0103cut\u0103 de c\u0103tre senatorul PACE, Ninel Peia, dup\u0103 ce, ini\u0163ial, grupul parlamentar nu a reu\u015fit s\u0103 adune cele 45 de semn\u0103turi necesare pentru ca Senatul s\u0103 poat\u0103 clarifica, printr-o comisie parlamentar\u0103, aceea\u015fi chestiune.<\/p>\n<p>Senatorii au \u00een vedere ini\u0163ierea unei anchete parlamentare care s\u0103 elucideze natura \u015fi scopul, temele \u015fi obiectivele \u00eent\u00e2lnirii, cu termen de raport de 2 s\u0103pt\u0103m\u00e2ni \u015fi cu posibilitate de prelungire.<\/p>\n<p>Se are \u00een vedere o anchet\u0103 \u00een cadrul Comsiei de Constitu\u0163ionalitate, \u00een care se cere\u00a0audierea pre\u015fedintei CCR, Simina T\u0103n\u0103sescu, a premierului demis Ilie Bolojan, ba chiar \u015fi a SPP-istului care p\u0103ze\u015fte u\u015fa pre\u015fedintelui Senatului, Mircea Abrudean.<\/p>\n<p>Surse din cadrul Senatului spun c\u0103 Mircea Abrudean chiar a afirmat \u00een cadrul unui Birou Permanent c\u0103 i-ar fi spus premierului demis c\u0103 \u00eei poate folosi biroul oric\u00e2nd.<\/p>\n<p>\u00cen cazul \u00een care cei viza\u0163i nu se vor prezenta, vor exista \u015fi sanc\u0163iuni, d\u0103 asigur\u0103ri pre\u015fedinta Comisiei, senatorul Cosmina Cerva.<\/p>\n<\/div>\n<p>[analyse_source url=&#8221;https:\/\/60m.ro\/liber-pentru-comisia-de-constitutionalitate-de-la-senat-sa-ancheteze-intalnirea-dintre-presedinta-ccr-si-premierul-demis-ilie-bolojan\/&#8221;]<\/p>\n","protected":false},"excerpt":{"rendered":"<p>[analyse_image type=&#8221;featured&#8221; src=&#8221;https:\/\/60m.ro\/wp-content\/uploads\/2026\/08\/Bolojan-si-sefa-CCR.jpg&#8221;] Cu 6 voturi pentru, 3 voturi \u00eempotriv\u0103 \u015fi nicio ab\u0163inere, Comisia de Constitu\u0163ionalitate a Senatului Rom\u00e2niei va demara anchetarea\u00a0\u00eent\u00e2lnirii secrete dintre pre\u015fedinta Cur\u0163ii Constitu\u0163ionale a Rom\u00e2niei \u015fi premierul demis, Ilie Bolojan, \u00een biroul pre\u015fedintelui Senatului Rom\u00e2niei, Mircea Abrudean. Comisia de Constitu\u0163ionalitate, convocat\u0103 \u00een format hibrid Eveniment care a determinat Biroul Permanent al [&hellip;]<\/p>\n","protected":false},"author":1,"featured_media":0,"comment_status":"open","ping_status":"","sticky":false,"template":"","format":"standard","meta":{"footnotes":""},"categories":[89],"tags":[100,226],"class_list":["post-2101085","post","type-post","status-publish","format-standard","hentry","category-romania","tag-60m-ro","tag-crawlmanager"],"_links":{"self":[{"href":"https:\/\/analyse.optim.biz\/index.php?rest_route=\/wp\/v2\/posts\/2101085","targetHints":{"allow":["GET"]}}],"collection":[{"href":"https:\/\/analyse.optim.biz\/index.php?rest_route=\/wp\/v2\/posts"}],"about":[{"href":"https:\/\/analyse.optim.biz\/index.php?rest_route=\/wp\/v2\/types\/post"}],"author":[{"embeddable":true,"href":"https:\/\/analyse.optim.biz\/index.php?rest_route=\/wp\/v2\/users\/1"}],"replies":[{"embeddable":true,"href":"https:\/\/analyse.optim.biz\/index.php?rest_route=%2Fwp%2Fv2%2Fcomments&post=2101085"}],"version-history":[{"count":0,"href":"https:\/\/analyse.optim.biz\/index.php?rest_route=\/wp\/v2\/posts\/2101085\/revisions"}],"wp:attachment":[{"href":"https:\/\/analyse.optim.biz\/index.php?rest_route=%2Fwp%2Fv2%2Fmedia&parent=2101085"}],"wp:term":[{"taxonomy":"category","embeddable":true,"href":"https:\/\/analyse.optim.biz\/index.php?rest_route=%2Fwp%2Fv2%2Fcategories&post=2101085"},{"taxonomy":"post_tag","embeddable":true,"href":"https:\/\/analyse.optim.biz\/index.php?rest_route=%2Fwp%2Fv2%2Ftags&post=2101085"}],"curies":[{"name":"wp","href":"https:\/\/api.w.org\/{rel}","templated":true}]}}