{"id":2101084,"date":"2026-08-18T09:14:09","date_gmt":"2026-08-18T06:14:09","guid":{"rendered":"https:\/\/analyse.optim.biz\/?p=2101084"},"modified":"2026-08-18T09:14:09","modified_gmt":"2026-08-18T06:14:09","slug":"intalnirea-ilie-bolojan-simina-tanasescu-psd-aur-si-pace-au-votat-in-senat-initierea-unei-anchete-parlamentare-primele-audieri-pe-26-august","status":"publish","type":"post","link":"https:\/\/analyse.optim.biz\/?p=2101084","title":{"rendered":"\u00cent\u00e2lnirea Ilie Bolojan \u2013 Simina T\u0103n\u0103sescu: PSD, AUR \u0219i PACE au votat \u00een Senat ini\u021bierea unei anchete parlamentare. Primele audieri, pe 26 august"},"content":{"rendered":"<p>[analyse_image type=&#8221;featured&#8221; src=&#8221;https:\/\/60m.ro\/wp-content\/uploads\/2026\/08\/comisia-pentru-constitutionalitate-din-senat_ZUj2w.webp&#8221;]<\/p>\n<div class=\"articleBody\" data-key=\"articleBody\">\nMembrii Comisiei pentru constitu\u021bionalitate din Senat au aprobat, mar\u021bi, ini\u021bierea unei anchete parlamentare privind circumstan\u021bele \u00eent\u00e2lnirii dintre premierul demis Ilie Bolojan \u0219i pre\u0219edintele CCR, Elena-Simina T\u0103n\u0103sescu. Decizia a fost aprobat\u0103 cu voturile PSD, AUR \u0219i PACE, \u00een timp ce PNL \u0219i USR s-au opus.<\/p>\n<p>Primele audieri sunt programate s\u0103 aib\u0103 loc \u00eencep\u00e2nd cu data de 26 august. Urmeaz\u0103 ca ancheta comisiei s\u0103 fie aprobat\u0103 de conducerea Senatului \u00een regim de urgen\u021b\u0103.<\/p>\n<p>La audieri vor fi invita\u021bi, spun surse senatoriale, Bolojan, T\u0103n\u0103sescu, precum \u0219i func\u021bionari parlamentari de la biroul \u00een care a avut loc \u00eent\u00e2lnirea.<\/p>\n<p>\u201eApreciem c\u0103 sunt necesare clarific\u0103ri cu privire la \u00eemprejur\u0103rile \u00een care a avut loc \u00eent\u00e2lnirea, natura \u0219i scopul acesteia, motivul pentru care \u00eentrevederea s-a desf\u0103\u0219urat \u00een biroul pre\u0219edintelui Senatului, precum \u0219i temele discutate\u201d, conform comisiei senatoriale.<\/p>\n<p>Clarificarea este necesar\u0103 pentru protejarea autorit\u0103\u021bii Cur\u021bii Constitu\u021bionale \u0219i pentru men\u021binerea \u00eencrederii publice \u00een impar\u021bialitatea \u0219i integritatea actului s\u0103u jurisdic\u021bional, mai arat\u0103 Comisia pentru constitu\u021bionalitate din Senat.<\/p>\n<p>Conform regulamentului Senatului, \u00een vederea desf\u0103\u0219ur\u0103rii anchetei, comisia permanent\u0103 poate invita orice demnitar, orice func\u021bionar sau orice angajat al Guvernului \u0219i al celorlalte organe ale administra\u021biei publice.<\/p>\n<p>Persoanele invitate pentru audiere vor fi \u00een\u0219tiin\u021bate despre subiectul, data \u0219i condi\u021biile audierii cu cel pu\u021bin 5 zile \u00eenainte.<\/p>\n<p>Bolojan: Se \u00eencearc\u0103 s\u0103 se fac\u0103 din \u0163\u00e2n\u0163ar arm\u0103sar<\/p>\n<p>Premierul a declarat luni, la Oradea, \u00eentrebat despre \u00eent\u00e2lnirea pe care a avut-o cu pre\u015fedinta Cur\u0163ii Constitu\u0163ionale, c\u0103 se \u00eencearc\u0103 s\u0103 se fac\u0103 din \u0163\u00e2n\u0163ar arm\u0103sar.<\/p>\n<p>\u201eVede\u0163i, de multe ori, se \u00eencearc\u0103 s\u0103 se fac\u0103 din \u0163\u00e2n\u0163ar arm\u0103sar. Suntem \u00eentr-un caz de genul acesta, \u00een care se \u00eencearc\u0103 aceast\u0103 schem\u0103\u201d, a spus Ilie Bolojan.<\/p>\n<p>El a ad\u0103ugat c\u0103 \u201eatunci c\u00e2nd ocupi o func\u0163ie public\u0103, \u00een mod evident ai \u00eent\u00e2lniri cu reprezentan\u0163i de institu\u0163ii, companii, \u00een a\u015fa fel \u00eenc\u00e2t s\u0103 rezolvi problemele\u201d.<\/p>\n<p>\u0218efa CCR: \u201eNu demisionez\u201d<\/p>\n<p>\u0218efa CCR, Simina T\u0103n\u0103sescu, a reac\u021bioneaz\u0103 s\u00e2mb\u0103t\u0103 dup\u0103 ce \u0218TIRIPESURSE.ro a dezv\u0103luit, \u00een exclusivitate, c\u0103 a avut o \u00eent\u00e2lnire cu premierul Ilie Bolojan, cu numai c\u00e2teva zile \u00eenainte de analiza CCR a unor legi extrem de importante pentru PNRR \u0219i regimul integrit\u0103\u021bii demnitarilor.<\/p>\n<p>\u201ePre\u0219edinta Cur\u021bii Constitu\u021bionale a Rom\u00e2niei, doamna prof. univ. dr. Elena-Simina T\u0103n\u0103sescu, respinge ferm \u0219i categoric orice speculatie privind discutarea cauzelor aflate pe rolul Curtii in afara cadrului strict legal\u201d, a transmis \u0219efa CCR.<\/p>\n<p>Ulterior, \u0219efa Cur\u021bii Constitu\u021bionale a reac\u021bionat dup\u0103 ce magistra\u021bii i-au cerut explica\u021bii privind \u00eent\u00e2lnirea privat\u0103 avut\u0103 cu Ilie Bolojan. T\u0103n\u0103sescu spune c\u0103\u00a0trecutul ei corect o este o garan\u021bie c\u0103 nu a negociat nimic\u00a0privind viitoarele decizii pe care CCR trebuie s\u0103 le ia luni pe mai multe proiecte privind PNRR, adoptate de Parlament.<\/p>\n<p>Luni, Simina T\u0103n\u0103sescu a explicat c\u0103 \u00eent\u00e2lnirea ar fi avut ca subiect doar\u00a0nevoia CCR de a i se atribui spa\u021bii \u00een plus sau un spa\u021biu mai adecvat activit\u0103\u021bii.<\/p>\n<p>Discu\u021bia din biroul pre\u0219edintelui Senatului<\/p>\n<p>Potrivit informa\u021biilor ob\u021binute de STIRIPESURSE.RO, Simina T\u0103n\u0103sescu \u0219i Ilie Bolojan au avut vinerea trecut\u0103 o \u00eent\u00e2lnire \u00een biroul pre\u0219edintelui Senatului, Mircea Abrudean.<\/p>\n<p>\u00cent\u00e2lnirea s-a \u00eencheiat \u00een jurul orei 14.30, c\u00e2nd pre\u0219edinta Cur\u021bii Constitu\u021bionale \u0219i premierul demis au fost v\u0103zu\u021bi ie\u0219ind, pe r\u00e2nd, din biroul pre\u0219edintelui Senatului.<\/p>\n<p>Cei doi nu au negat \u00eent\u00e2lnirea.<\/p>\n<\/div>\n<p>[analyse_source url=&#8221;https:\/\/60m.ro\/intalnirea-ilie-bolojan-simina-tanasescu-psd-aur-si-pace-au-votat-in-senat-initierea-unei-anchete-parlamentare-primele-audieri-pe-26-august\/&#8221;]<\/p>\n","protected":false},"excerpt":{"rendered":"<p>[analyse_image type=&#8221;featured&#8221; src=&#8221;https:\/\/60m.ro\/wp-content\/uploads\/2026\/08\/comisia-pentru-constitutionalitate-din-senat_ZUj2w.webp&#8221;] Membrii Comisiei pentru constitu\u021bionalitate din Senat au aprobat, mar\u021bi, ini\u021bierea unei anchete parlamentare privind circumstan\u021bele \u00eent\u00e2lnirii dintre premierul demis Ilie Bolojan \u0219i pre\u0219edintele CCR, Elena-Simina T\u0103n\u0103sescu. Decizia a fost aprobat\u0103 cu voturile PSD, AUR \u0219i PACE, \u00een timp ce PNL \u0219i USR s-au opus. Primele audieri sunt programate s\u0103 aib\u0103 loc \u00eencep\u00e2nd [&hellip;]<\/p>\n","protected":false},"author":1,"featured_media":0,"comment_status":"open","ping_status":"","sticky":false,"template":"","format":"standard","meta":{"footnotes":""},"categories":[89],"tags":[100,226],"class_list":["post-2101084","post","type-post","status-publish","format-standard","hentry","category-romania","tag-60m-ro","tag-crawlmanager"],"_links":{"self":[{"href":"https:\/\/analyse.optim.biz\/index.php?rest_route=\/wp\/v2\/posts\/2101084","targetHints":{"allow":["GET"]}}],"collection":[{"href":"https:\/\/analyse.optim.biz\/index.php?rest_route=\/wp\/v2\/posts"}],"about":[{"href":"https:\/\/analyse.optim.biz\/index.php?rest_route=\/wp\/v2\/types\/post"}],"author":[{"embeddable":true,"href":"https:\/\/analyse.optim.biz\/index.php?rest_route=\/wp\/v2\/users\/1"}],"replies":[{"embeddable":true,"href":"https:\/\/analyse.optim.biz\/index.php?rest_route=%2Fwp%2Fv2%2Fcomments&post=2101084"}],"version-history":[{"count":0,"href":"https:\/\/analyse.optim.biz\/index.php?rest_route=\/wp\/v2\/posts\/2101084\/revisions"}],"wp:attachment":[{"href":"https:\/\/analyse.optim.biz\/index.php?rest_route=%2Fwp%2Fv2%2Fmedia&parent=2101084"}],"wp:term":[{"taxonomy":"category","embeddable":true,"href":"https:\/\/analyse.optim.biz\/index.php?rest_route=%2Fwp%2Fv2%2Fcategories&post=2101084"},{"taxonomy":"post_tag","embeddable":true,"href":"https:\/\/analyse.optim.biz\/index.php?rest_route=%2Fwp%2Fv2%2Ftags&post=2101084"}],"curies":[{"name":"wp","href":"https:\/\/api.w.org\/{rel}","templated":true}]}}