{"id":2101083,"date":"2026-08-18T06:45:23","date_gmt":"2026-08-18T03:45:23","guid":{"rendered":"https:\/\/analyse.optim.biz\/?p=2101083"},"modified":"2026-08-18T06:45:23","modified_gmt":"2026-08-18T03:45:23","slug":"george-simion-a-lansat-tema-suspendarii-presedintelui-doar-pentru-ai-face-pe-plac-lui-bolojan","status":"publish","type":"post","link":"https:\/\/analyse.optim.biz\/?p=2101083","title":{"rendered":"George Simion a lansat tema suspend\u0103rii pre\u0219edintelui doar pentru ai face pe plac lui Bolojan"},"content":{"rendered":"<p>[analyse_image type=&#8221;featured&#8221; src=&#8221;https:\/\/60m.ro\/wp-content\/uploads\/2026\/08\/de0fee2b-e061-4017-aa41-35308e6e09bf.png&#8221;]<\/p>\n<div class=\"articleBody\" data-key=\"articleBody\">\nRecenta campanie furibund\u0103 lansat\u0103 de George Simion pentru suspendarea pre\u0219edintelui nu este nici pe departe actul de curaj anti-sistem pe care \u00eencearc\u0103 s\u0103-l v\u00e2nd\u0103 electoratului s\u0103u. \u00cen spatele discursurilor \u00eenfl\u0103c\u0103rate \u0219i al populismului asurzitor se ascunde o realitate cinic\u0103: liderul AUR a lansat aceast\u0103 tem\u0103 exclusiv pentru a-i face pe plac lui Ilie Bolojan, devenind astfel un simplu instrument \u00een jocurile de putere ale sistemului pe care clameaz\u0103, ipocrit, c\u0103 \u00eel ur\u0103\u0219te.<\/p>\n<p>Conflictul dintre palate \u0219i utilitatea unui fals opozant<\/p>\n<p>A\u0219a-zisul \u201econflict dintre palate\u201d \u2013 lupta surd\u0103 pentru control \u0219i influen\u021b\u0103 la cel mai \u00eenalt nivel al statului \u2013 avea nevoie de un factor extern de presiune, de un berbec politic care s\u0103 loveasc\u0103 orbeste f\u0103r\u0103 a implica direct taberele tradi\u021bionale. Aici intervine George Simion. De\u0219i pozeaz\u0103 \u00een liderul independent \u0219i incoruptibil, ac\u021biunile sale din ultimele zile demonstreaz\u0103 o sincronizare suspect\u0103 \u0219i de-a dreptul toxic\u0103 cu interesele din umbr\u0103 ale taberei liberale, mai exact cu aripa coordonat\u0103 de Ilie Bolojan.<\/p>\n<p>Liderul AUR a aruncat pe pia\u021b\u0103 fumigena suspend\u0103rii pre\u0219edintelui exact \u00een momentul \u00een care acest scandal servea cel mai bine la sl\u0103birea polilor adversi de putere. Nu este o ac\u021biune pentru popor, nu este o lupt\u0103 pentru constitu\u021bionalitate, ci o banal\u0103 manevr\u0103 de culise menit\u0103 s\u0103 destabilizeze institu\u021bia preziden\u021bial\u0103 \u0219i s\u0103 alimenteze un r\u0103zboi care nu apar\u021bine rom\u00e2nilor.<\/p>\n<p>Cum \u00eel ajut\u0103 aceast\u0103 campanie pe Ilie Bolojan<\/p>\n<p>Dac\u0103 analiz\u0103m la rece, campania de suspendare a pre\u0219edintelui nu aduce niciun beneficiu real cet\u0103\u021beanului de r\u00e2nd \u0219i nu pune nicio p\u00e2ine pe masa electoratului s\u0103r\u0103cit. Aceast\u0103 criz\u0103 artificial\u0103 are un singur mare c\u00e2\u0219tig\u0103tor: Ilie Bolojan.<\/p>\n<p>Prin crearea haosului institu\u021bional \u0219i prin mutarea aten\u021biei publice c\u0103tre o fals\u0103 apocalips\u0103 constitu\u021bional\u0103, Bolojan \u00ee\u0219i poate consolida pozi\u021bia \u0219i influen\u021ba f\u0103r\u0103 a fi expus direct \u00een lumina reflectoarelor. Simion s-a oferit voluntar s\u0103 fac\u0103 munca murdar\u0103. El \u00eencaseaz\u0103 loviturile mediatice, el url\u0103 la microfoane \u0219i agit\u0103 masele, \u00een timp ce adev\u0103ratul beneficiar al acestei crize st\u0103 lini\u0219tit \u00een umbr\u0103 \u0219i culege roadele sl\u0103birii adversarilor s\u0103i politici. Este un blat politic de propor\u021bii, \u00een care simpatizan\u021bii na\u021bionali\u0219ti sunt folosi\u021bi ca simpl\u0103 mas\u0103 de manevr\u0103 pentru a regla conturile \u00een \u201econflictul dintre palate\u201d.<\/p>\n<p>Tr\u0103d\u0103torul cauzei na\u021bionale: Un suveranist \u00een blan\u0103 de lup<\/p>\n<p>Acest episod ru\u0219inos confirm\u0103 ceea ce criticii s\u0103i sus\u021bineau de mult: George Simion este, \u00een esen\u021b\u0103, un tr\u0103d\u0103tor al cauzei na\u021bionale. A confiscat un discurs patriotic, sf\u00e2nt pentru mul\u021bi rom\u00e2ni, doar pentru a-l tranzac\u021biona la bursa intereselor meschine de partid. C\u00e2nd liderul unei mi\u0219c\u0103ri care pretinde c\u0103 lupt\u0103 \u00eempotriva \u201esistemului\u201d se transform\u0103 \u00een agentul de execu\u021bie al unuia dintre cei mai influen\u021bi actori ai acestui sistem, masca a c\u0103zut definitiv.<\/p>\n<p>George Simion nu mai este vocea rom\u00e2nilor nemul\u021bumi\u021bi; a dovedit c\u0103 este doar un suveranist \u00een blan\u0103 de lup. Sub poleiala discursului patriotic se ascunde un politician la fel de tranzac\u021bional, cinic \u0219i dispus la compromisuri ca \u0219i cei pe care \u00eei condamn\u0103 zi de zi. Sacrificarea stabilit\u0103\u021bii \u021b\u0103rii \u0219i aruncarea scenei politice \u00een aer doar pentru a-i asigura un avantaj tactic lui Ilie Bolojan reprezint\u0103 dovada suprem\u0103 a tr\u0103d\u0103rii principiilor suveraniste. Votantul de bun\u0103-credin\u021b\u0103 este ast\u0103zi min\u021bit \u0219i v\u00e2ndut la kilogram de cel care i-a promis o altfel de politic\u0103, dar care a sf\u00e2r\u0219it prin a fi doar o alt\u0103 roti\u021b\u0103 util\u0103 \u00een ma\u0219in\u0103ria sistemului.\n<\/p><\/div>\n<p>[analyse_source url=&#8221;https:\/\/60m.ro\/george-simion-a-lansat-tema-suspendarii-presedintelui-doar-pentru-ai-face-pe-plac-lui-bolojan\/&#8221;]<\/p>\n","protected":false},"excerpt":{"rendered":"<p>[analyse_image type=&#8221;featured&#8221; src=&#8221;https:\/\/60m.ro\/wp-content\/uploads\/2026\/08\/de0fee2b-e061-4017-aa41-35308e6e09bf.png&#8221;] Recenta campanie furibund\u0103 lansat\u0103 de George Simion pentru suspendarea pre\u0219edintelui nu este nici pe departe actul de curaj anti-sistem pe care \u00eencearc\u0103 s\u0103-l v\u00e2nd\u0103 electoratului s\u0103u. \u00cen spatele discursurilor \u00eenfl\u0103c\u0103rate \u0219i al populismului asurzitor se ascunde o realitate cinic\u0103: liderul AUR a lansat aceast\u0103 tem\u0103 exclusiv pentru a-i face pe plac lui [&hellip;]<\/p>\n","protected":false},"author":1,"featured_media":0,"comment_status":"open","ping_status":"","sticky":false,"template":"","format":"standard","meta":{"footnotes":""},"categories":[89],"tags":[100,226],"class_list":["post-2101083","post","type-post","status-publish","format-standard","hentry","category-romania","tag-60m-ro","tag-crawlmanager"],"_links":{"self":[{"href":"https:\/\/analyse.optim.biz\/index.php?rest_route=\/wp\/v2\/posts\/2101083","targetHints":{"allow":["GET"]}}],"collection":[{"href":"https:\/\/analyse.optim.biz\/index.php?rest_route=\/wp\/v2\/posts"}],"about":[{"href":"https:\/\/analyse.optim.biz\/index.php?rest_route=\/wp\/v2\/types\/post"}],"author":[{"embeddable":true,"href":"https:\/\/analyse.optim.biz\/index.php?rest_route=\/wp\/v2\/users\/1"}],"replies":[{"embeddable":true,"href":"https:\/\/analyse.optim.biz\/index.php?rest_route=%2Fwp%2Fv2%2Fcomments&post=2101083"}],"version-history":[{"count":0,"href":"https:\/\/analyse.optim.biz\/index.php?rest_route=\/wp\/v2\/posts\/2101083\/revisions"}],"wp:attachment":[{"href":"https:\/\/analyse.optim.biz\/index.php?rest_route=%2Fwp%2Fv2%2Fmedia&parent=2101083"}],"wp:term":[{"taxonomy":"category","embeddable":true,"href":"https:\/\/analyse.optim.biz\/index.php?rest_route=%2Fwp%2Fv2%2Fcategories&post=2101083"},{"taxonomy":"post_tag","embeddable":true,"href":"https:\/\/analyse.optim.biz\/index.php?rest_route=%2Fwp%2Fv2%2Ftags&post=2101083"}],"curies":[{"name":"wp","href":"https:\/\/api.w.org\/{rel}","templated":true}]}}