{"id":2101082,"date":"2026-08-18T06:07:31","date_gmt":"2026-08-18T03:07:31","guid":{"rendered":"https:\/\/analyse.optim.biz\/?p=2101082"},"modified":"2026-08-18T06:07:31","modified_gmt":"2026-08-18T03:07:31","slug":"george-buhnici-il-ataca-bolojan-pe-tema-dispecerizarii-bateriilor-prosumatorilor-nu-ne-faceti-ca-pe-oi","status":"publish","type":"post","link":"https:\/\/analyse.optim.biz\/?p=2101082","title":{"rendered":"George Buhnici \u00eel atac\u0103 Bolojan pe tema \u201edispeceriz\u0103rii\u201d bateriilor prosumatorilor: \u201dNu ne face\u021bi ca pe oi\u201d"},"content":{"rendered":"<p>[analyse_image type=&#8221;featured&#8221; src=&#8221;https:\/\/60m.ro\/wp-content\/uploads\/2026\/08\/george-buhnicic-ilie-bolojan.webp&#8221;]<\/p>\n<div class=\"articleBody\" data-key=\"articleBody\">\n\u00centr-o interven\u021bie la Digi24, George Buhnici l-a atacat dur pe\u00a0Ilie Bolojan\u00a0pentru ideea \u201edispeceriz\u0103rii\u201d bateriilor prosumatorilor, sus\u021bin\u00e2nd c\u0103 statul nu poate controla f\u0103r\u0103 acord \u0219i f\u0103r\u0103 o plat\u0103 corespunz\u0103toare echipamentele cump\u0103rate din bani priva\u021bi.<\/p>\n<p>Interven\u021bia televizat\u0103 vine \u00een aceea\u0219i zi \u00een care\u00a0Buhnici i-a adresat lui Bolojan o ampl\u0103 scrisoare deschis\u0103, \u00een care sus\u021bine c\u0103 aproximativ 360.000 de familii risc\u0103 s\u0103 devin\u0103 \u201ebateria de rezerv\u0103\u201d a unui sistem energetic pe care \u00eel descrie drept \u201edep\u0103\u0219it, incompetent \u0219i corupt\u201d.<\/p>\n<p>Miza scandalului o reprezint\u0103 declara\u021biile recente ale premierului privind introducerea bateriilor prosumatorilor \u00eentr-o \u201eformul\u0103 de dispecerizare\u201d. Deocamdat\u0103, nu a fost prezentat public un mecanism juridic concret care s\u0103 arate dac\u0103 participarea ar urma s\u0103 fie voluntar\u0103 sau obligatorie, cine ar controla echipamentele \u0219i cum ar fi remunera\u021bi proprietarii.<\/p>\n<p>Buhnici: \u201eNe comport\u0103m ca ni\u0219te drumari lua\u021bi prin surprindere de iarn\u0103\u201d<\/p>\n<p>George Buhnici\u00a0sus\u021bine c\u0103 actuala criz\u0103 nu poate fi pus\u0103 exclusiv pe seama secetei, a debitului redus al Dun\u0103rii sau a problemelor de la Centrala Nuclear\u0103 Cernavod\u0103. \u00cen opinia sa, autorit\u0103\u021bile \u0219tiau de ani \u00eentregi c\u0103 cererea de energie va cre\u0219te, dar nu au construit suficiente capacit\u0103\u021bi noi de produc\u021bie \u0219i stocare.<\/p>\n<p>\u201eProblema este veche \u0219i nu se va rezolva cur\u00e2nd. Avem promisiuni pentru 2027, apropo, deci anul acesta cu siguran\u021b\u0103 nu sc\u0103p\u0103m. Avem o cerere \u00een cre\u0219tere de energie, lucru pe care \u00eel \u0219tim de ani de zile, iar aceast\u0103 cerere va continua s\u0103 creasc\u0103\u201d, a declarat Buhnici.<\/p>\n<p>Acesta a comparat reac\u021bia autorit\u0103\u021bilor cu cea a drumarilor surprin\u0219i \u00een fiecare an de venirea iernii.<\/p>\n<p>\u201eAvem problemele de la Cernavod\u0103 \u0219i problemele de pe Dun\u0103re, care, din nou, nu sunt noi. Ne comport\u0103m ca ni\u0219te drumari lua\u021bi prin surprindere de iarn\u0103. Iar acum, \u00eentr-o situa\u021bie aparent\u0103 de panic\u0103, lu\u0103m m\u0103suri \u00een prip\u0103, care mai degrab\u0103 miros a socialism dec\u00e2t a liberalism\u201d, a afirmat el.<\/p>\n<p>Acuza\u021bia privind energia cump\u0103rat\u0103 de la Bulgaria<\/p>\n<p>Buhnici sus\u021bine c\u0103 Rom\u00e2nia export\u0103 energie ieftin\u0103 \u00een timpul zilei, c\u00e2nd produc\u021bia fotovoltaic\u0103 este ridicat\u0103, dar ajunge s\u0103 o cumpere \u00eenapoi, mai scump, dup\u0103 apus.<\/p>\n<p>\u201eNu merge Cernavod\u0103, nu avem suficient\u0103 ap\u0103 pe Dun\u0103re, trebuie s\u0103 lu\u0103m de undeva curentul acela. Chiar la ora la care vorbim, noi lu\u0103m curent. De unde? Din nou, de la bulgari\u201d, a spus vloggerul.<\/p>\n<p>Acesta a avansat un adaos de 77%, dar a precizat chiar el c\u0103 informa\u021bia depinde de corectitudinea cifrelor consultate \u00eenaintea emisiunii:<\/p>\n<p>\u201eBulgarii de unde au curentul acela? De la noi. L-au luat la pr\u00e2nz \u0219i ni-l rev\u00e2nd acum, dac\u0103 cifrele pe care le-am v\u0103zut pu\u021bin mai devreme sunt corecte, cu un adaos de 77%.\u201d<\/p>\n<p>\u201eS\u0103 ne v\u00e2nd\u0103 castrave\u021bii no\u0219tri, pe care ni i-au luat la pr\u00e2nz, cu un adaos de 77% seara \u00eenseamn\u0103 c\u0103 ne-au luat bulgarii la inteligen\u021b\u0103\u201d, a continuat\u00a0George Buhnici.<\/p>\n<p>Afirma\u021bia trebuie \u00eens\u0103 citit\u0103 cu precau\u021bie. \u00centr-o pia\u021b\u0103 regional\u0103 interconectat\u0103 nu poate fi urm\u0103rit\u0103 fizic \u201eaceea\u0219i energie\u201d v\u00e2ndut\u0103 \u0219i apoi r\u0103scump\u0103rat\u0103. Este vorba, \u00een realitate, despre diferen\u021bele dintre pre\u021burile \u0219i fluxurile comerciale de la pr\u00e2nz \u0219i cele din orele de v\u00e2rf.<\/p>\n<p>Mai mult, procentul de 77% ap\u0103rut \u00een relat\u0103rile despre succesul Bulgariei se refer\u0103 la capacitatea sistemului s\u0103u de stocare de a transfera energia solar\u0103 c\u0103tre orele f\u0103r\u0103 soare, nu dovede\u0219te automat existen\u021ba unui adaos comercial de 77% aplicat Rom\u00e2niei. Buhnici nu a indicat \u00een emisiune intervalul, tranzac\u021biile sau datele OPCOM pe care \u0219i-a bazat calculul.<\/p>\n<p>Dispecerizarea, acceptat\u0103 numai dac\u0103 este voluntar\u0103 \u0219i pl\u0103tit\u0103<\/p>\n<p>Buhnici nu respinge \u00een totalitate ideea dispeceriz\u0103rii bateriilor private. El sus\u021bine \u00eens\u0103 c\u0103 un asemenea mecanism trebuie s\u0103 fie voluntar \u0219i s\u0103 le ofere proprietarilor o remunera\u021bie corespunz\u0103toare.<\/p>\n<p>\u201eDispecerizarea este o idee foarte bun\u0103. \u00centrebarea este cum o facem. O facem ca \u00een secolul trecut sau o facem, poate, cum face deja Australia? De bun\u0103voie. Dac\u0103 vrei s\u0103-mi controlezi bateria, este \u00een regul\u0103, dar pl\u0103te\u0219te-m\u0103 rezonabil pentru asta\u201d, a explicat el.<\/p>\n<p>Potrivit acestuia, statul nu poate decide unilateral c\u00e2nd un prosumator are voie s\u0103 produc\u0103 sau s\u0103 livreze energie:<\/p>\n<p>\u201ePrin dispecerizare ar \u00eensemna ca un domn, o doamn\u0103, ni\u0219te speciali\u0219ti dintr-un birou s\u0103 spun\u0103: \u00abTu acum ai voie s\u0103 produci\u00bb sau \u00abTu nu ai voie s\u0103 produci\u00bb. Pe investi\u021bia mea, pe bateria mea, pe fotovoltaicele mele, pe munca mea.\u201d<\/p>\n<p>Vloggerul sus\u021bine c\u0103 exist\u0103 deja peste 350.000 de prosumatori \u00een Rom\u00e2nia \u0219i c\u0103 aproximativ o treime dintre ace\u0219tia de\u021bin \u0219i baterii. Cifra de 97% invocat\u0103 de Buhnici pentru ponderea noilor prosumatori din 2026 care \u0219i-ar fi instalat stocare nu a fost \u00eenso\u021bit\u0103 \u00een emisiune de documentele sau metodologia statistic\u0103 folosit\u0103.<\/p>\n<p>Scrisoare deschis\u0103 pentru Bolojan: \u201eA\u021bi g\u0103sit ce s\u0103 rechizi\u021biona\u021bi\u201d<\/p>\n<p>Tonul folosit de Buhnici a fost \u00eens\u0103 chiar mai agresiv \u00een scrisoarea publicat\u0103 \u00eenaintea interven\u021biei televizate.<\/p>\n<p>\u201e360.000 de familii \u0219i-au pus banii \u0219i pielea la b\u0103taie, iar acum li se cere s\u0103 predea cheile sistemelor. Prosumatorii nu sunt \u00eens\u0103 problema\u201d, \u0219i-a \u00eenceput acesta mesajul.<\/p>\n<p>Buhnici \u00eel acuz\u0103 pe\u00a0Ilie Bolojan\u00a0c\u0103, dup\u0103 ce a promis cre\u0219terea capacit\u0103\u021bii de stocare, \u00eencearc\u0103 s\u0103 foloseasc\u0103 bateriile cump\u0103rate de popula\u021bie \u00een locul unor investi\u021bii publice.<\/p>\n<p>\u201e\u00cen aprilie a\u021bi promis cre\u0219terea capacit\u0103\u021bii de stocare a Rom\u00e2niei. \u00cen august, stocarea pe care o vede\u021bi este cea din garajele noastre. \u00cen patru luni de interimat nu a\u021bi construit nimic, dar a\u021bi g\u0103sit ce s\u0103 rechizi\u021biona\u021bi\u201d, a scris el.<\/p>\n<p>\u00cen scrisoare, Buhnici formuleaz\u0103 zece \u00eentreb\u0103ri pentru premier, referitoare la investi\u021biile \u00eencepute, blocajele din stocare, informa\u021biile primite de la Transelectrica \u0219i companiile din energie, situa\u021bia centralelor pe c\u0103rbune \u0219i efectul concret al prosumatorilor asupra re\u021belei.<\/p>\n<p>\u201eInvertorul din garajul meu nu este infrastructur\u0103 na\u021bional\u0103. Infrastructur\u0103 na\u021bional\u0103 este re\u021beaua aceea c\u0103pu\u0219at\u0103 sub ochii binevoitori ai guvernan\u021bilor\u201d, afirm\u0103 acesta.<\/p>\n<p>Atac direct la premier: patru explica\u021bii posibile<\/p>\n<p>Buhnici \u00eei atribuie lui Bolojan patru posibile explica\u021bii pentru pozi\u021bia exprimat\u0103 \u00een privin\u021ba prosumatorilor.<\/p>\n<p>\u201eFie sunte\u021bi prost informat. Fie sunte\u021bi dezinformat. Fie sunte\u021bi manipulat de cei care v\u0103 au urechea. Fie, \u0219i aceasta ar fi varianta cea mai grav\u0103, manipula\u021bi chiar dumneavoastr\u0103, cu inten\u021bie. Una dintre acestea patru este adev\u0103rat\u0103\u201d, a scris el.<\/p>\n<p>Separat, distribuind o postare a fostei deputate Cristina Prun\u0103 despre \u00eent\u00e2rzierea legisla\u021biei privind stocarea, Buhnici a transmis un nou mesaj: \u201eNu subestima\u021bi mafia din energie care \u021bine liderii politici \u00een buzunar\u201d.<\/p>\n<p>Cristina Prun\u0103 sus\u021bine c\u0103 un proiect care elimina dubla taxare a energiei stocate a fost blocat \u00een Parlament de PNL \u0219i PSD la finalul anului 2023, iar o m\u0103sur\u0103 similar\u0103 a fost adoptat\u0103 abia la sf\u00e2r\u0219itul anului 2024 prin ordonan\u021b\u0103 de urgen\u021b\u0103. Afirma\u021bia privind responsabilitatea partidelor \u00eei apar\u021bine fostei parlamentare \u0219i trebuie tratat\u0103 ca acuza\u021bie politic\u0103.<\/p>\n<p>Ce a propus, de fapt, Bolojan<\/p>\n<p>Ilie Bolojan\u00a0a vorbit despre dou\u0103 direc\u021bii: obligativitatea instal\u0103rii unor capacit\u0103\u021bi de stocare pentru viitorii prosumatori \u0219i includerea bateriilor \u0219i invertoarelor existente \u00eentr-o formul\u0103 de dispecerizare.<\/p>\n<p>Premierul nu a prezentat \u00eens\u0103 un proiect de lege \u0219i nici nu a anun\u021bat c\u0103 statul va prelua pur \u0219i simplu controlul echipamentelor. Nu sunt cunoscute, \u00een acest moment, condi\u021biile de participare, modalitatea de comand\u0103, responsabilitatea \u00een cazul defec\u021biunilor sau sistemul de remunerare.<\/p>\n<p>Asocia\u021bia Prosumatorilor \u0219i Comunit\u0103\u021bilor de Energie a respins ferm varianta unei interven\u021bii obligatorii, avertiz\u00e2nd c\u0103 bateriile \u0219i invertoarele reprezint\u0103 proprietate privat\u0103.<\/p>\n<p>Disputa apare \u00eentr-un moment \u00een care\u00a0Rom\u00e2nia produce excedent de energie fotovoltaic\u0103 la pr\u00e2nz, dar poate reveni la importuri dup\u0103 apus. Aceast\u0103 diferen\u021b\u0103 arat\u0103 problema real\u0103 din spatele scandalului: Rom\u00e2nia are produc\u021bie solar\u0103, dar nu de\u021bine suficiente capacit\u0103\u021bi pentru a p\u0103stra energia p\u00e2n\u0103 \u00een orele de consum maxim.<\/p>\n<p>De la scandalul celulitei la lec\u021biile despre Sistemul Energetic Na\u021bional<\/p>\n<p>Actuala ofensiv\u0103 a lui George Buhnici vine dup\u0103 un scandal public care i-a afectat puternic imaginea. \u00cen 2022, acesta a f\u0103cut comentarii despre femeile cu celulit\u0103 \u0219i vergeturi, declara\u021bii pentru care a fost sanc\u021bionat de Consiliul Na\u021bional pentru Combaterea Discrimin\u0103rii.<\/p>\n<p>\u00cen 2023, Curtea de Apel Bucure\u0219ti a men\u021binut existen\u021ba sanc\u021biunii, dar a redus amenda de la 20.000 la 3.000 de lei. Hot\u0103r\u00e2rea nu era definitiv\u0103 la momentul pronun\u021b\u0103rii.<\/p>\n<p>Acum, Buhnici se prezint\u0103 \u00een primul r\u00e2nd \u00een calitate de prosumator \u0219i jurnalist specializat \u00een tehnologie \u0219i cere ca statul s\u0103 negocieze cu proprietarii bateriilor, nu s\u0103 decid\u0103 unilateral \u00een locul lor.<\/p>\n<p>\u201eProsumatorii pot fi parteneri cu drepturi egale. Dar nu sunt bateria de rezerv\u0103 a unui sistem dep\u0103\u0219it, incompetent \u0219i corupt\u201d, a transmis el.<\/p>\n<p>Interven\u021bia lui George Buhnici de la Digi24 s-a \u00eencheiat \u00een acela\u0219i registru: \u201eNu ne face\u021bi ca pe oi. Hai s\u0103 facem aceste mecanisme sustenabile. Hai s\u0103 le facem liberale. Hai s\u0103 le facem moderne. Hai s\u0103 le facem ca \u00een 2026, nu ca \u00een 1989.\u201d\n<\/p><\/div>\n<p>[analyse_source url=&#8221;https:\/\/60m.ro\/george-buhnici-il-ataca-bolojan-pe-tema-dispecerizarii-bateriilor-prosumatorilor-nu-ne-faceti-ca-pe-oi\/&#8221;]<\/p>\n","protected":false},"excerpt":{"rendered":"<p>[analyse_image type=&#8221;featured&#8221; src=&#8221;https:\/\/60m.ro\/wp-content\/uploads\/2026\/08\/george-buhnicic-ilie-bolojan.webp&#8221;] \u00centr-o interven\u021bie la Digi24, George Buhnici l-a atacat dur pe\u00a0Ilie Bolojan\u00a0pentru ideea \u201edispeceriz\u0103rii\u201d bateriilor prosumatorilor, sus\u021bin\u00e2nd c\u0103 statul nu poate controla f\u0103r\u0103 acord \u0219i f\u0103r\u0103 o plat\u0103 corespunz\u0103toare echipamentele cump\u0103rate din bani priva\u021bi. Interven\u021bia televizat\u0103 vine \u00een aceea\u0219i zi \u00een care\u00a0Buhnici i-a adresat lui Bolojan o ampl\u0103 scrisoare deschis\u0103, \u00een care sus\u021bine [&hellip;]<\/p>\n","protected":false},"author":1,"featured_media":0,"comment_status":"open","ping_status":"","sticky":false,"template":"","format":"standard","meta":{"footnotes":""},"categories":[89],"tags":[100,226],"class_list":["post-2101082","post","type-post","status-publish","format-standard","hentry","category-romania","tag-60m-ro","tag-crawlmanager"],"_links":{"self":[{"href":"https:\/\/analyse.optim.biz\/index.php?rest_route=\/wp\/v2\/posts\/2101082","targetHints":{"allow":["GET"]}}],"collection":[{"href":"https:\/\/analyse.optim.biz\/index.php?rest_route=\/wp\/v2\/posts"}],"about":[{"href":"https:\/\/analyse.optim.biz\/index.php?rest_route=\/wp\/v2\/types\/post"}],"author":[{"embeddable":true,"href":"https:\/\/analyse.optim.biz\/index.php?rest_route=\/wp\/v2\/users\/1"}],"replies":[{"embeddable":true,"href":"https:\/\/analyse.optim.biz\/index.php?rest_route=%2Fwp%2Fv2%2Fcomments&post=2101082"}],"version-history":[{"count":0,"href":"https:\/\/analyse.optim.biz\/index.php?rest_route=\/wp\/v2\/posts\/2101082\/revisions"}],"wp:attachment":[{"href":"https:\/\/analyse.optim.biz\/index.php?rest_route=%2Fwp%2Fv2%2Fmedia&parent=2101082"}],"wp:term":[{"taxonomy":"category","embeddable":true,"href":"https:\/\/analyse.optim.biz\/index.php?rest_route=%2Fwp%2Fv2%2Fcategories&post=2101082"},{"taxonomy":"post_tag","embeddable":true,"href":"https:\/\/analyse.optim.biz\/index.php?rest_route=%2Fwp%2Fv2%2Ftags&post=2101082"}],"curies":[{"name":"wp","href":"https:\/\/api.w.org\/{rel}","templated":true}]}}