{"id":2101079,"date":"2026-08-18T06:01:53","date_gmt":"2026-08-18T03:01:53","guid":{"rendered":"https:\/\/analyse.optim.biz\/?p=2101079"},"modified":"2026-08-18T06:01:53","modified_gmt":"2026-08-18T03:01:53","slug":"fostul-judecator-ccr-petre-lazaroiu-desfiinteaza-explicatiile-siminei-tanasescu-despre-intalnirea-cu-bolojan-este-o-poveste-de-adormit-copiii","status":"publish","type":"post","link":"https:\/\/analyse.optim.biz\/?p=2101079","title":{"rendered":"Fostul judec\u0103tor CCR Petre L\u0103z\u0103roiu desfiin\u021beaz\u0103 explica\u021biile Siminei T\u0103n\u0103sescu despre \u00eent\u00e2lnirea cu Bolojan: \u201eEste o poveste de adormit copiii\u201d"},"content":{"rendered":"<p>[analyse_image type=&#8221;featured&#8221; src=&#8221;https:\/\/60m.ro\/wp-content\/uploads\/2023\/05\/lazaroiu.jpg&#8221;]<\/p>\n<div class=\"articleBody\" data-key=\"articleBody\">\nFostul judec\u0103tor al Cur\u021bii Constitu\u021bionale\u00a0Petre L\u0103z\u0103roiu\u00a0critic\u0103 dur \u00eent\u00e2lnirea dintre pre\u0219edinta CCR,\u00a0Simina T\u0103n\u0103sescu, \u0219i premierul demis Ilie Bolojan, desf\u0103\u0219urat\u0103 vineri, cu doar trei zile \u00eenaintea unor decizii importante ale Cur\u021bii. L\u0103z\u0103roiu calific\u0103 explica\u021biile oferite de \u0219efa CCR drept \u201eo poveste de adormit copiii\u201d \u0219i sus\u021bine c\u0103, dac\u0103 \u00eentrevederea a fost una oficial\u0103, plenul Cur\u021bii ar fi trebuit informat despre \u00eent\u00e2lnire \u0219i despre tema discu\u021biei.<\/p>\n<p>Fostul judec\u0103tor CCR Petre L\u0103z\u0103roiu a comentat luni sear\u0103, la Antena 3 CNN, controversa provocat\u0103 de \u00eent\u00e2lnirea dintre Simina T\u0103n\u0103sescu \u0219i Ilie Bolojan.<\/p>\n<p>\u201eProbabil \u00eei plac \u00eent\u00e2lnirile\u201d, a spus L\u0103z\u0103roiu.<\/p>\n<p>\u00centrebat despre explica\u021biile oferite de pre\u0219edinta Cur\u021bii Constitu\u021bionale, fostul judec\u0103tor CCR a lansat critici dure \u0219i a sus\u021binut c\u0103 Simina T\u0103n\u0103sescu nu avea motive pentru a discuta direct cu Ilie Bolojan problema spa\u021biilor suplimentare solicitate de institu\u021bie.<\/p>\n<p>\u201eEste o poveste de adormit copiii aici. Este evident o mare gre\u0219eal\u0103 din partea doamnei Simina T\u0103n\u0103sescu. \u00cen niciun caz nu a\u0219 fi f\u0103cut a\u0219a ceva, dar cred c\u0103, prin explica\u021bia d\u00e2nsei c\u0103 nu Bolojan a f\u0103cut presiuni ca s\u0103 o vad\u0103, ci invers, iar\u0103\u0219i se pare c\u0103 doamna \u00eel ap\u0103r\u0103 pe premierul Bolojan. Nu avea niciun interes s\u0103 se vad\u0103 cu Ilie Bolojan. Nu era o problem\u0103 at\u00e2t de important\u0103 \u00eenc\u00e2t s\u0103 trebuiasc\u0103 luat\u0103 atunci o hot\u0103r\u00e2re \u0219i, oricum, nu o putea lua. Deci, lucrurile nu se rezolv\u0103 \u00een felul acesta. Dac\u0103 era o \u00eent\u00e2lnire oficial\u0103, trebuia ca ea s\u0103 anun\u021be plenul despre aceast\u0103 \u00eent\u00e2lnire \u0219i care este tema de discu\u021bie. Dac\u0103 era o \u00eent\u00e2lnire neoficial\u0103, putea s\u0103 se vad\u0103 undeva, \u00een Her\u0103str\u0103u, la o cafea sau pe Calea Victoriei. Nu era nevoie de&#8230; \u0219i nu o \u00eentreba nimeni nici pe ea, nici pe Ilie Bolojan de ce s-a v\u0103zut cu Simina T\u0103n\u0103sescu la o cafea. Dar probabil erau chestiuni care trebuiau discutate t\u00eate-\u00e0-t\u00eate, pentru c\u0103, vede\u021bi dumneavoastr\u0103, nimeni nu o s\u0103 \u0219tie ce au discutat ei acolo. Astea-s chestiuni pe care le \u0219tiu doar d\u00e2n\u0219ii\u201d, a declarat Petre L\u0103z\u0103roiu.<\/p>\n<p>Simina T\u0103n\u0103sescu a explicat de ce s-a \u00eent\u00e2lnit cu Ilie Bolojan<\/p>\n<p>Declara\u021biile fostului judec\u0103tor CCR vin dup\u0103 ce Simina T\u0103n\u0103sescu a oferit public propria versiune asupra \u00eent\u00e2lnirii de vineri cu Ilie Bolojan. Pre\u0219edinta CCR a sus\u021binut c\u0103 discu\u021bia a vizat necesitatea ob\u021binerii unor spa\u021bii administrative suplimentare pentru Curtea Constitu\u021bional\u0103.<\/p>\n<p>\u201eAm adresat o \u00eentrebare dac\u0103 ar fi posibil ca din toat\u0103 cl\u0103direa aceea, pe cinci-\u0219ase etaje, s\u0103 fie alocate, nu \u0219tiu, una, dou\u0103 \u00eenc\u0103, spa\u021bii administrative \u0219i pentru Curtea Constitu\u021bional\u0103. Unele chestiuni se pot rezolva \u0219i prin schimb de documente, prin coresponden\u021b\u0103. Altele se pot rezolva telefonic, dar aspectele acestea legate de care birouri, unde \u0219i cum, pentru astea chiar trebuie s\u0103 discu\u021bi\u201d, a explicat \u0219efa CCR \u00eentr-un interviu Recorder.<\/p>\n<p>\u00centrebat\u0103 dac\u0103 ea a solicitat \u00eentrevederea cu premierul interimar, T\u0103n\u0103sescu a r\u0103spuns: \u201eNu, n-am cerut-o \u00een mod particular. Am adresat o \u00eentrebare la Secretariatul General al Guvernului, dar pentru a stabili modul \u00een care ar fi posibil, fie \u0219i doar teoretic, s\u0103 beneficiem de spa\u021bii adi\u021bionale, era necesar\u0103 o \u00eent\u00e2lnire.\u201d<\/p>\n<p>De ce \u00eent\u00e2lnirea nu a fost anun\u021bat\u0103 public<\/p>\n<p>Pre\u0219edinta CCR a explicat c\u0103 \u00eentre \u0219edin\u021ba extraordinar\u0103 a Guvernului \u00een care fusese abordat\u0103 problema \u0219i \u00eent\u00e2lnirea cu Bolojan ar fi trecut foarte pu\u021bin timp.<\/p>\n<p>\u201eDa. O \u0219edin\u021b\u0103 a Guvernului \u00een care s-a aprobat acest lucru. \u00cen\u021beleg c\u0103 a fost o \u0219edin\u021b\u0103 extraordinar\u0103. Am aflat de ordinea de zi prin mijloacele uzuale, iar \u00eentre momentul \u00een care s-a terminat \u0219edin\u021ba de Guvern \u0219i momentul \u00een care a avut loc \u00eent\u00e2lnirea nici nu \u0219tiu dac\u0103 a trecut mai mult de o or\u0103, o or\u0103 \u0219i ceva. Fizic n-aveam c\u00e2nd s\u0103 anun\u021b\u201d, a explicat T\u0103n\u0103sescu.<\/p>\n<p>\u00centrebat\u0103 dac\u0103 problema spa\u021biilor CCR nu ar fi putut a\u0219tepta, av\u00e2nd \u00een vedere momentul sensibil \u00een care s-a produs \u00eent\u00e2lnirea, Simina T\u0103n\u0103sescu a declarat: \u201ePoate fi \u0219i asta o \u00eentrebare legitim\u0103. Numai c\u0103 o zi sau dou\u0103 sau trei, desigur. Numai c\u0103 situa\u021bia foarte constr\u00e2ng\u0103toare \u00een care ne afl\u0103m nu dateaz\u0103 doar de o zi, de dou\u0103, dateaz\u0103 de un an de zile. Ea a devenit extrem de acut\u0103 de la \u00eenceputul lunii august, iar hot\u0103r\u00e2rea de Guvern s-a adoptat \u00een acea zi. Lectura mea, cel pu\u021bin, a fost c\u0103 urmeaz\u0103 repartizarea spa\u021biilor, iar o repartizare a spa\u021biilor deja realizat\u0103 mai greu s\u0103 fie dup\u0103 aceea \u00eentoars\u0103 din drum.\u201d<\/p>\n<p>\u0218efa CCR: \u201eNu am discutat nimic legat de dosare\u201d<\/p>\n<p>Simina T\u0103n\u0103sescu a negat explicit c\u0103 \u00een cadrul \u00eent\u00e2lnirii cu Ilie Bolojan ar fi fost abordat vreunul dintre dosarele aflate pe rolul Cur\u021bii Constitu\u021bionale.<\/p>\n<p>\u201eAm f\u0103cut afirma\u021bia aceasta \u00een dou\u0103 r\u00e2nduri, \u00een scris. O pot face ori de c\u00e2te ori e nevoie. Nu cred c\u0103 \u00ee\u0219i poate cineva imagina c\u0103 discu\u021bii referitoare la dosarele Cur\u021bii se pot purta \u00een afara cadrelor legale sau, cel pu\u021bin, imagina\u021bia mea nu poate ajunge p\u00e2n\u0103 acolo. Nu am discutat nimic legat de dosare.\u201d<\/p>\n<p>\u00centrebat\u0103 dac\u0103 ia \u00een calcul demisia \u00een urma controversei, pre\u0219edinta CCR a exclus aceast\u0103 variant\u0103:<\/p>\n<p>\u201eEu nu am luat-o niciodat\u0103.\u201d<\/p>\n<p>\u00cent\u00e2lnirea T\u0103n\u0103sescu-Bolojan, cu trei zile \u00eenaintea deciziilor CCR<\/p>\n<p>Simina T\u0103n\u0103sescu \u0219i Ilie Bolojan s-au \u00eent\u00e2lnit vineri, 14 august, \u00een biroul pre\u0219edintelui Senatului, Mircea Abrudean. \u00cent\u00e2lnirea nu a fost anun\u021bat\u0103 public \u0219i a avut loc cu numai trei zile \u00eenainte ca judec\u0103torii CCR s\u0103 se reuneasc\u0103 pentru a decide asupra unor legi cu miz\u0103 politic\u0103 \u0219i financiar\u0103 major\u0103, inclusiv noua Lege a integrit\u0103\u021bii.<\/p>\n<p>\u00centrevederea s-a \u00eencheiat \u00een jurul orei 14:30, c\u00e2nd Simina T\u0103n\u0103sescu \u0219i Ilie Bolojan au fost v\u0103zu\u021bi ie\u0219ind, pe r\u00e2nd, din biroul pre\u0219edintelui Senatului.<\/p>\n<p>Momentul \u00eent\u00e2lnirii a generat controverse \u00een condi\u021biile \u00een care CCR urma s\u0103 se pronun\u021be pe 17 august asupra sesiz\u0103rilor referitoare la Legea integrit\u0103\u021bii \u0219i asupra legii privind Strategia na\u021bional\u0103 pentru conservarea biodiversit\u0103\u021bii, acte normative legate de jaloane importante din PNRR.<\/p>\n<p>Precedentul din 2018: T\u0103n\u0103sescu a demisionat dup\u0103 controversa unei alte \u00eent\u00e2lniri cu Petre L\u0103z\u0103roiu<\/p>\n<p>Actuala controvers\u0103 readuce \u00een aten\u021bie un episod din 2018, c\u00e2nd Simina T\u0103n\u0103sescu era consilier preziden\u021bial al lui Klaus Iohannis. \u00cen iunie 2018, aceasta s-a \u00eent\u00e2lnit cu Petre L\u0103z\u0103roiu, pe atunci judec\u0103tor al Cur\u021bii Constitu\u021bionale, la Facultatea de Drept a Universit\u0103\u021bii din Bucure\u0219ti. Discu\u021bia a vizat inclusiv problema mandatului acestuia la CCR. L\u0103z\u0103roiu a precizat ulterior c\u0103 T\u0103n\u0103sescu nu \u00eei ceruse s\u0103 demisioneze \u0219i c\u0103 nu se sim\u021bise personal presat de aceasta.<\/p>\n<p>Controversa a ajuns atunci \u00een interiorul Cur\u021bii Constitu\u021bionale, iar plenul CCR a decis sesizarea Comisiei de la Vene\u021bia. La 20 iunie 2018, la c\u00e2teva zile dup\u0103 izbucnirea scandalului, Simina T\u0103n\u0103sescu \u0219i-a dat demisia din func\u021bia de consilier preziden\u021bial.<\/p>\n<p>Administra\u021bia Preziden\u021bial\u0103 respingea la acel moment acuza\u021biile privind exercitarea unor presiuni asupra judec\u0103torului CCR, \u00eens\u0103 considera inadmisibil\u0103 existen\u021ba \u00een spa\u021biul public a \u201esuspiciunii unei posibile imixtiuni\u201d \u00een activitatea Cur\u021bii Constitu\u021bionale.<\/p>\n<p>Un an mai t\u00e2rziu, \u00een 2019, Klaus Iohannis a numit-o pe Simina T\u0103n\u0103sescu judec\u0103tor al Cur\u021bii Constitu\u021bionale, chiar pe locul devenit vacant dup\u0103 \u00eencheierea mandatului lui Petre L\u0103z\u0103roiu.\n<\/p><\/div>\n<p>[analyse_source url=&#8221;https:\/\/60m.ro\/fostul-judecator-ccr-petre-lazaroiu-desfiinteaza-explicatiile-siminei-tanasescu-despre-intalnirea-cu-bolojan-este-o-poveste-de-adormit-copiii\/&#8221;]<\/p>\n","protected":false},"excerpt":{"rendered":"<p>[analyse_image type=&#8221;featured&#8221; src=&#8221;https:\/\/60m.ro\/wp-content\/uploads\/2023\/05\/lazaroiu.jpg&#8221;] Fostul judec\u0103tor al Cur\u021bii Constitu\u021bionale\u00a0Petre L\u0103z\u0103roiu\u00a0critic\u0103 dur \u00eent\u00e2lnirea dintre pre\u0219edinta CCR,\u00a0Simina T\u0103n\u0103sescu, \u0219i premierul demis Ilie Bolojan, desf\u0103\u0219urat\u0103 vineri, cu doar trei zile \u00eenaintea unor decizii importante ale Cur\u021bii. L\u0103z\u0103roiu calific\u0103 explica\u021biile oferite de \u0219efa CCR drept \u201eo poveste de adormit copiii\u201d \u0219i sus\u021bine c\u0103, dac\u0103 \u00eentrevederea a fost una oficial\u0103, plenul [&hellip;]<\/p>\n","protected":false},"author":1,"featured_media":0,"comment_status":"open","ping_status":"","sticky":false,"template":"","format":"standard","meta":{"footnotes":""},"categories":[89],"tags":[100,226],"class_list":["post-2101079","post","type-post","status-publish","format-standard","hentry","category-romania","tag-60m-ro","tag-crawlmanager"],"_links":{"self":[{"href":"https:\/\/analyse.optim.biz\/index.php?rest_route=\/wp\/v2\/posts\/2101079","targetHints":{"allow":["GET"]}}],"collection":[{"href":"https:\/\/analyse.optim.biz\/index.php?rest_route=\/wp\/v2\/posts"}],"about":[{"href":"https:\/\/analyse.optim.biz\/index.php?rest_route=\/wp\/v2\/types\/post"}],"author":[{"embeddable":true,"href":"https:\/\/analyse.optim.biz\/index.php?rest_route=\/wp\/v2\/users\/1"}],"replies":[{"embeddable":true,"href":"https:\/\/analyse.optim.biz\/index.php?rest_route=%2Fwp%2Fv2%2Fcomments&post=2101079"}],"version-history":[{"count":0,"href":"https:\/\/analyse.optim.biz\/index.php?rest_route=\/wp\/v2\/posts\/2101079\/revisions"}],"wp:attachment":[{"href":"https:\/\/analyse.optim.biz\/index.php?rest_route=%2Fwp%2Fv2%2Fmedia&parent=2101079"}],"wp:term":[{"taxonomy":"category","embeddable":true,"href":"https:\/\/analyse.optim.biz\/index.php?rest_route=%2Fwp%2Fv2%2Fcategories&post=2101079"},{"taxonomy":"post_tag","embeddable":true,"href":"https:\/\/analyse.optim.biz\/index.php?rest_route=%2Fwp%2Fv2%2Ftags&post=2101079"}],"curies":[{"name":"wp","href":"https:\/\/api.w.org\/{rel}","templated":true}]}}