{"id":2101074,"date":"2026-08-18T05:51:42","date_gmt":"2026-08-18T02:51:42","guid":{"rendered":"https:\/\/analyse.optim.biz\/?p=2101074"},"modified":"2026-08-18T05:51:42","modified_gmt":"2026-08-18T02:51:42","slug":"viorica-dancila-il-pune-la-zid-pe-ilie-bolojan-complet-desprins-de-realitatea-din-romania","status":"publish","type":"post","link":"https:\/\/analyse.optim.biz\/?p=2101074","title":{"rendered":"Viorica D\u0103ncil\u0103 \u00eel pune la zid pe Ilie Bolojan: \u201eComplet desprins de realitatea din Rom\u00e2nia\u201d"},"content":{"rendered":"<p>[analyse_image type=&#8221;featured&#8221; src=&#8221;https:\/\/60m.ro\/wp-content\/uploads\/2026\/08\/bolojan_dancila.webp&#8221;]<\/p>\n<div class=\"articleBody\" data-key=\"articleBody\">\nFostul premier\u00a0Viorica D\u0103ncil\u0103\u00a0l-a criticat dur pe prim-ministrul interimar Ilie Bolojan, despre care sus\u021bine c\u0103 este \u201ecomplet desprins de realitatea din Rom\u00e2nia\u201d \u0219i c\u0103 se comport\u0103 ca \u0219i cum s-ar afla \u00een campanie electoral\u0103. Fosta \u0219ef\u0103 a Guvernului a atacat \u0219i \u00eent\u00e2lnirea dintre Bolojan \u0219i pre\u0219edinta Cur\u021bii Constitu\u021bionale, Simina T\u0103n\u0103sescu, afirm\u00e2nd c\u0103 \u201eJusti\u021bia nu i se subordoneaz\u0103\u201d \u0219i c\u0103 astfel de \u00eentrevederi trebuie f\u0103cute publice.<\/p>\n<p>Viorica D\u0103ncil\u0103 a lansat luni o serie de critici la adresa premierului interimar Ilie Bolojan, at\u00e2t \u00een ceea ce prive\u0219te modul \u00een care acesta \u00ee\u0219i exercit\u0103 mandatul, c\u00e2t \u0219i pe tema controversatei \u00eent\u00e2lniri cu pre\u0219edinta CCR, Simina T\u0103n\u0103sescu.<\/p>\n<p>D\u0103ncil\u0103: Bolojan este \u201ecomplet desprins de realitatea din Rom\u00e2nia\u201d<\/p>\n<p>Fostul premier sus\u021bine c\u0103 Ilie Bolojan pare mai degrab\u0103 preocupat de propria imagine dec\u00e2t de problemele cu care se confrunt\u0103 Rom\u00e2nia \u0219i \u00eel acuz\u0103 c\u0103 se comport\u0103 ca \u00eentr-o campanie electoral\u0103.<\/p>\n<p>\u201e\u0218i arogant, dar mie mi se pare c\u0103 d\u00e2nsul este \u00eentr-o campanie electoral\u0103. Adic\u0103 d\u00e2nsul este complet desprins de realitatea din Rom\u00e2nia. Tocmai vorbeam de crizele suprapuse. D\u00e2nsul inaugureaz\u0103 cre\u0219e, pasaje \u00een condi\u021biile \u00een care provoc\u0103rile cu care se confrunt\u0103 Rom\u00e2nia sunt foarte mari. Deci mie mi se pare c\u0103 d\u00e2nsul, \u00een loc s\u0103 dea un r\u0103spuns problemelor pe care le au rom\u00e2nii, d\u00e2nsul \u00eencearc\u0103 s\u0103 se duc\u0103 \u00een alte zone legate mai mult de imaginea d\u00e2nsului\u201d, a declarat Viorica D\u0103ncil\u0103 \u00een cadrul emisiunii \u201eSubiectul Zilei cu R\u0103zvan Dumitrescu\u201d.<\/p>\n<p>Viorica D\u0103ncil\u0103 \u00eel atac\u0103 pe Bolojan dup\u0103 \u00eent\u00e2lnirea cu Simina T\u0103n\u0103sescu<\/p>\n<p>Fosta \u0219ef\u0103 a Executivului a criticat \u0219i explica\u021biile oferite \u00een leg\u0103tur\u0103 cu \u00eent\u00e2lnirea dintre Ilie Bolojan \u0219i pre\u0219edinta Cur\u021bii Constitu\u021bionale. D\u0103ncil\u0103 sus\u021bine c\u0103 o \u00eentrevedere cu \u0219eful CCR nu poate fi pus\u0103 pe acela\u0219i plan cu o \u00eent\u00e2lnire pe care premierul ar avea-o cu reprezentantul unei companii \u0219i invoc\u0103 principiul separa\u021biei puterilor \u00een stat.<\/p>\n<p>\u201ePe de alt\u0103 parte, aceast\u0103 abordare a d\u00e2nsului, c\u0103 trebuie s\u0103 ne \u00eent\u00e2lnim cu \u0219ef de companie, p\u0103i nu po\u021bi s\u0103 pui egalitate \u00eentre pre\u0219edintele Cur\u021bii Constitu\u021bionale \u0219i un \u0219ef de companie. Adic\u0103, totu\u0219i, repet, este o separare a puterilor \u00een stat. Nu mai exist\u0103 \u0219i tot d\u00e2nsul a fost cel care a transformat executivul \u00een legislativ. S\u0103 nu uit\u0103m c\u0103 d\u00e2nsul, de c\u00e2nd a venit la putere, a guvernat prin asumarea r\u0103spunderii \u0219i ordonan\u021be de urgen\u021b\u0103. Parlamentul pentru d\u00e2nsul nu prea a existat. Iar acum face acela\u0219i lucru \u00een ceea ce prive\u0219te justi\u021bia. Justi\u021bia nu i se subordoneaz\u0103. Justi\u021bia trebuie s\u0103 fie independent\u0103. Iar astfel de \u00eent\u00e2lniri trebuie f\u0103cute publice, dac\u0103 nu au nimic de ascuns\u201d, a precizat Viorica D\u0103ncil\u0103.<\/p>\n<p>\u00cent\u00e2lnirea Bolojan\u2013T\u0103n\u0103sescu, \u00eenaintea deciziilor CCR<\/p>\n<p>Reac\u021bia fostului premier vine pe fondul controverselor generate de \u00eent\u00e2lnirea dintre Ilie Bolojan \u0219i pre\u0219edinta Cur\u021bii Constitu\u021bionale, Elena-Simina T\u0103n\u0103sescu.<\/p>\n<p>\u00centrevederea a avut loc vineri, \u00eenainte ca CCR s\u0103 se reuneasc\u0103 luni pentru a se pronun\u021ba asupra Legii integrit\u0103\u021bii \u0219i a altor dosare aflate pe rolul Cur\u021bii.<\/p>\n<p>Consiliul Superior al Magistraturii a solicitat clarific\u0103ri publice privind \u00eemprejur\u0103rile \u00een care s-a desf\u0103\u0219urat \u00eent\u00e2lnirea, natura acesteia, motivul pentru care \u00eentrevederea ar fi avut loc \u00een biroul pre\u0219edintelui Senatului \u0219i subiectele abordate. CSM a ar\u0103tat c\u0103 informa\u021biile ap\u0103rute \u00een spa\u021biul public au generat \u201e\u00eentreb\u0103ri legitime\u201d, \u00een condi\u021biile \u00een care \u00eent\u00e2lnirea s-a produs \u00eentr-o perioad\u0103 \u00een care Curtea Constitu\u021bional\u0103 urma s\u0103 solu\u021bioneze cauze cu relevan\u021b\u0103 institu\u021bional\u0103.<\/p>\n<p>CCR a transmis duminic\u0103 seara c\u0103 \u00eent\u00e2lnirile pre\u0219edintei Cur\u021bii cu reprezentan\u021bii autorit\u0103\u021bii executive au exclusiv caracter administrativ \u0219i organizatoric.\n<\/p><\/div>\n<p>[analyse_source url=&#8221;https:\/\/60m.ro\/viorica-dancila-il-pune-la-zid-pe-ilie-bolojan-complet-desprins-de-realitatea-din-romania\/&#8221;]<\/p>\n","protected":false},"excerpt":{"rendered":"<p>[analyse_image type=&#8221;featured&#8221; src=&#8221;https:\/\/60m.ro\/wp-content\/uploads\/2026\/08\/bolojan_dancila.webp&#8221;] Fostul premier\u00a0Viorica D\u0103ncil\u0103\u00a0l-a criticat dur pe prim-ministrul interimar Ilie Bolojan, despre care sus\u021bine c\u0103 este \u201ecomplet desprins de realitatea din Rom\u00e2nia\u201d \u0219i c\u0103 se comport\u0103 ca \u0219i cum s-ar afla \u00een campanie electoral\u0103. Fosta \u0219ef\u0103 a Guvernului a atacat \u0219i \u00eent\u00e2lnirea dintre Bolojan \u0219i pre\u0219edinta Cur\u021bii Constitu\u021bionale, Simina T\u0103n\u0103sescu, afirm\u00e2nd c\u0103 \u201eJusti\u021bia [&hellip;]<\/p>\n","protected":false},"author":1,"featured_media":0,"comment_status":"open","ping_status":"","sticky":false,"template":"","format":"standard","meta":{"footnotes":""},"categories":[89],"tags":[100,226],"class_list":["post-2101074","post","type-post","status-publish","format-standard","hentry","category-romania","tag-60m-ro","tag-crawlmanager"],"_links":{"self":[{"href":"https:\/\/analyse.optim.biz\/index.php?rest_route=\/wp\/v2\/posts\/2101074","targetHints":{"allow":["GET"]}}],"collection":[{"href":"https:\/\/analyse.optim.biz\/index.php?rest_route=\/wp\/v2\/posts"}],"about":[{"href":"https:\/\/analyse.optim.biz\/index.php?rest_route=\/wp\/v2\/types\/post"}],"author":[{"embeddable":true,"href":"https:\/\/analyse.optim.biz\/index.php?rest_route=\/wp\/v2\/users\/1"}],"replies":[{"embeddable":true,"href":"https:\/\/analyse.optim.biz\/index.php?rest_route=%2Fwp%2Fv2%2Fcomments&post=2101074"}],"version-history":[{"count":0,"href":"https:\/\/analyse.optim.biz\/index.php?rest_route=\/wp\/v2\/posts\/2101074\/revisions"}],"wp:attachment":[{"href":"https:\/\/analyse.optim.biz\/index.php?rest_route=%2Fwp%2Fv2%2Fmedia&parent=2101074"}],"wp:term":[{"taxonomy":"category","embeddable":true,"href":"https:\/\/analyse.optim.biz\/index.php?rest_route=%2Fwp%2Fv2%2Fcategories&post=2101074"},{"taxonomy":"post_tag","embeddable":true,"href":"https:\/\/analyse.optim.biz\/index.php?rest_route=%2Fwp%2Fv2%2Ftags&post=2101074"}],"curies":[{"name":"wp","href":"https:\/\/api.w.org\/{rel}","templated":true}]}}