{"id":2100801,"date":"2026-08-19T12:46:29","date_gmt":"2026-08-19T09:46:29","guid":{"rendered":"https:\/\/analyse.optim.biz\/?p=2100801"},"modified":"2026-08-19T12:46:29","modified_gmt":"2026-08-19T09:46:29","slug":"bataie-in-noapte-in-parcarea-unui-fast-food-din-radauti-de-la-randul-la-mancare-stiri-suceava","status":"publish","type":"post","link":"https:\/\/analyse.optim.biz\/?p=2100801","title":{"rendered":"B\u0103taie \u00een noapte, \u00een parcarea unui fast food din R\u0103d\u0103u\u021bi, de la r\u00e2ndul la m\u00e2ncare &#8211; Stiri Suceava"},"content":{"rendered":"<p>[analyse_image type=&#8221;featured&#8221; src=&#8221;https:\/\/www.informatiata.ro\/wp-content\/uploads\/2026\/08\/mascatii-1024&#215;564.jpg&#8221;]<\/p>\n<div class=\"td-post-content tagdiv-type\">\n<div class=\"td-post-featured-image\"><a href=\"https:\/\/www.informatiata.ro\/wp-content\/uploads\/2026\/08\/mascatii-scaled.jpg\" data-caption><img loading=\"lazy\" decoding=\"async\" width=\"696\" height=\"383\" class=\"entry-thumb td-modal-image\" src=\"https:\/\/www.informatiata.ro\/wp-content\/uploads\/2026\/08\/mascatii-696x383.jpg\" alt title=\"mascatii\"><img loading=\"lazy\" decoding=\"async\" width=\"696\" height=\"383\" class=\"entry-thumb td-modal-image\" src=\"https:\/\/www.informatiata.ro\/wp-content\/uploads\/2026\/08\/mascatii-696x383.jpg\" alt title=\"mascatii\"><\/a><\/div>\n<p>Patru tineri au fost re\u021binu\u021bi dup\u0103 o b\u0103taie \u00een noapte, \u00een parcarea unui fast food din R\u0103d\u0103u\u021bi, de la r\u00e2ndul la m\u00e2ncare. <\/p>\n<p>Scandalul a izbucnit \u00een noaptea de 17 august, \u00een parcarea unui fast-food din municipiul R\u0103d\u0103u\u021bi, a degenerat \u00eentr-o b\u0103taie general\u0103. <\/p>\n<div class=\"td-a-rec td-a-rec-id-content_inlineright  tdi_7 td_block_template_1\"><img loading=\"lazy\" decoding=\"async\" class=\"aligncenter size-full wp-image-66032\" src=\"https:\/\/www.informatiata.ro\/wp-content\/uploads\/2026\/08\/SAVCOM-MOD.gif\" alt width=\"299\" height=\"250\"><img loading=\"lazy\" decoding=\"async\" class=\"aligncenter size-full wp-image-66032\" src=\"https:\/\/www.informatiata.ro\/wp-content\/uploads\/2026\/08\/SAVCOM-MOD.gif\" alt width=\"299\" height=\"250\"><img loading=\"lazy\" decoding=\"async\" class=\"aligncenter size-full wp-image-66033\" src=\"https:\/\/www.informatiata.ro\/wp-content\/uploads\/2026\/08\/FACOS-3-3.gif\" alt width=\"300\" height=\"250\"><img loading=\"lazy\" decoding=\"async\" class=\"aligncenter size-full wp-image-66033\" src=\"https:\/\/www.informatiata.ro\/wp-content\/uploads\/2026\/08\/FACOS-3-3.gif\" alt width=\"300\" height=\"250\"><\/div>\n<p>Potrivit poli\u021bi\u0219tilor, incidentul a avut loc \u00een jurul orei 01.20, dup\u0103 ce un grup de persoane s-a deplasat la un fast-food de pe strada Calea Bucovinei, pentru a cump\u0103ra m\u00e2ncare. Acolo ar fi izbucnit un conflict verbal cu alte dou\u0103 persoane, pe fondul unui diferend privind ordinea \u00een care urmau s\u0103 fie plasate comenzile.<\/p>\n<p>Disputa a escaladat, iar participan\u021bii s-ar fi lovit reciproc. \u00cen urma alterca\u021biei, mai multe persoane au suferit leziuni fizice.<\/p>\n<p>Anchetatorii au stabilit c\u0103, \u00een timpul incidentului, cinci persoane au participat la actele de violen\u021b\u0103 \u0219i au tulburat ordinea \u0219i lini\u0219tea public\u0103 \u00eentr-un loc accesibil publicului.<\/p>\n<p>\u00cen urma audierii martorilor \u0219i a celorlalte activit\u0103\u021bi desf\u0103\u0219urate de poli\u021bi\u0219ti, la 18 august a fost dispus\u0103 continuarea urm\u0103ririi penale fa\u021b\u0103 de cinci suspec\u021bi, pentru infrac\u021biunile de \u201elovirea sau alte violen\u021be\u201d \u0219i \u201etulburarea ordinii \u0219i lini\u0219tii publice\u201d.<\/p>\n<p>Patru dintre suspec\u021bi au fost re\u021binu\u021bi pentru 24 de ore \u0219i au fost introdu\u0219i \u00een Centrul de Re\u021binere \u0219i Arestare Preventiv\u0103 al Inspectoratului de Poli\u021bie Jude\u021bean Suceava.<\/p>\n<p>Un al cincilea suspect, \u00een v\u00e2rst\u0103 de 27 de ani, din comuna Satu Mare, a fost citat pentru audiere, urm\u00e2nd ca anchetatorii s\u0103 analizeze \u0219i \u00een cazul s\u0103u oportunitatea dispunerii unei m\u0103suri privative de libertate.<\/p>\n<p>Persoanele implicate nu au solicitat emiterea unui ordin de protec\u021bie provizoriu, fiindu-le pus la dispozi\u021bie formularul necesar pentru formularea unei cereri de ordin de protec\u021bie adresate instan\u021bei.<\/p>\n<p>Cercet\u0103rile continu\u0103 \u00een cadrul dosarului penal instrumentat de poli\u021bi\u0219tii din R\u0103d\u0103u\u021bi, pentru stabilirea cu exactitate a situa\u021biei de fapt \u0219i administrarea \u00eentregului probatoriu. <\/p>\n<div class=\"td-a-rec td-a-rec-id-content_bottom  td-rec-hide-on-m tdi_8 td_block_template_1\"><img loading=\"lazy\" decoding=\"async\" class=\"aligncenter size-full wp-image-65603\" src=\"https:\/\/www.informatiata.ro\/wp-content\/uploads\/2026\/07\/SAVCOM-19.gif\" alt width=\"299\" height=\"250\"><img loading=\"lazy\" decoding=\"async\" class=\"aligncenter size-full wp-image-65603\" src=\"https:\/\/www.informatiata.ro\/wp-content\/uploads\/2026\/07\/SAVCOM-19.gif\" alt width=\"299\" height=\"250\"><img loading=\"lazy\" decoding=\"async\" class=\"aligncenter size-full wp-image-65604\" src=\"https:\/\/www.informatiata.ro\/wp-content\/uploads\/2026\/07\/FACOS-16.gif\" alt width=\"300\" height=\"250\"><img loading=\"lazy\" decoding=\"async\" class=\"aligncenter size-full wp-image-65604\" src=\"https:\/\/www.informatiata.ro\/wp-content\/uploads\/2026\/07\/FACOS-16.gif\" alt width=\"300\" height=\"250\"><\/div>\n<\/div>\n<p>[analyse_source url=&#8221;https:\/\/www.informatiata.ro\/bataie-fastfood-radauti-de-la-rand-mancare\/&#8221;]<\/p>\n","protected":false},"excerpt":{"rendered":"<p>[analyse_image type=&#8221;featured&#8221; src=&#8221;https:\/\/www.informatiata.ro\/wp-content\/uploads\/2026\/08\/mascatii-1024&#215;564.jpg&#8221;] Patru tineri au fost re\u021binu\u021bi dup\u0103 o b\u0103taie \u00een noapte, \u00een parcarea unui fast food din R\u0103d\u0103u\u021bi, de la r\u00e2ndul la m\u00e2ncare. Scandalul a izbucnit \u00een noaptea de 17 august, \u00een parcarea unui fast-food din municipiul R\u0103d\u0103u\u021bi, a degenerat \u00eentr-o b\u0103taie general\u0103. Potrivit poli\u021bi\u0219tilor, incidentul a avut loc \u00een jurul orei 01.20, [&hellip;]<\/p>\n","protected":false},"author":1,"featured_media":0,"comment_status":"open","ping_status":"","sticky":false,"template":"","format":"standard","meta":{"footnotes":""},"categories":[89],"tags":[226,167],"class_list":["post-2100801","post","type-post","status-publish","format-standard","hentry","category-romania","tag-crawlmanager","tag-informatiata-ro"],"_links":{"self":[{"href":"https:\/\/analyse.optim.biz\/index.php?rest_route=\/wp\/v2\/posts\/2100801","targetHints":{"allow":["GET"]}}],"collection":[{"href":"https:\/\/analyse.optim.biz\/index.php?rest_route=\/wp\/v2\/posts"}],"about":[{"href":"https:\/\/analyse.optim.biz\/index.php?rest_route=\/wp\/v2\/types\/post"}],"author":[{"embeddable":true,"href":"https:\/\/analyse.optim.biz\/index.php?rest_route=\/wp\/v2\/users\/1"}],"replies":[{"embeddable":true,"href":"https:\/\/analyse.optim.biz\/index.php?rest_route=%2Fwp%2Fv2%2Fcomments&post=2100801"}],"version-history":[{"count":0,"href":"https:\/\/analyse.optim.biz\/index.php?rest_route=\/wp\/v2\/posts\/2100801\/revisions"}],"wp:attachment":[{"href":"https:\/\/analyse.optim.biz\/index.php?rest_route=%2Fwp%2Fv2%2Fmedia&parent=2100801"}],"wp:term":[{"taxonomy":"category","embeddable":true,"href":"https:\/\/analyse.optim.biz\/index.php?rest_route=%2Fwp%2Fv2%2Fcategories&post=2100801"},{"taxonomy":"post_tag","embeddable":true,"href":"https:\/\/analyse.optim.biz\/index.php?rest_route=%2Fwp%2Fv2%2Ftags&post=2100801"}],"curies":[{"name":"wp","href":"https:\/\/api.w.org\/{rel}","templated":true}]}}