{"id":2100790,"date":"2026-08-17T09:34:51","date_gmt":"2026-08-17T06:34:51","guid":{"rendered":"https:\/\/analyse.optim.biz\/?p=2100790"},"modified":"2026-08-17T09:34:51","modified_gmt":"2026-08-17T06:34:51","slug":"cristiano-ronaldo-anunta-ca-acest-an-va-fi-probabil-ultimul-din-cariera-sa","status":"publish","type":"post","link":"https:\/\/analyse.optim.biz\/?p=2100790","title":{"rendered":"Cristiano Ronaldo anun\u021b\u0103 c\u0103 acest an va fi \u201eprobabil\u201d ultimul din cariera sa"},"content":{"rendered":"<p>[analyse_image type=&#8221;featured&#8221; src=&#8221;https:\/\/radiogoldfm.ro\/wp-content\/uploads\/2026\/08\/Ronaldo_Portugalia_230626-768&#215;512-1.jpghttps:\/\/radiogoldfm.ro\/wp-content\/uploads\/2026\/08\/Ronaldo_Portugalia_230626-768&#215;512-1.jpg&#8221;]<\/p>\n<div class=\"qt-the-content\">\n<p>Fotbalistul portughez Cristiano Ronaldo a anun\u021bat, \u00eentr-un interviu difuzat duminic\u0103 de revista Vogue, c\u0103 acest an va fi \u201eprobabil\u201d ultimul din cariera sa de fotbalist profesionist, informeaz\u0103 AFP.<\/p>\n<p>\u201eAcesta este probabil ultimul meu an de fotbal \u0219i vreau s\u0103 las o mo\u0219tenire spectaculoas\u0103\u201d, a spus atacantul \u00een v\u00e2rst\u0103 de 41 de ani, ad\u0103ug\u00e2nd c\u0103 viitorul s\u0103u dup\u0103 ce va ag\u0103\u021ba ghetele \u00een cui este \u201edeja complet planificat\u201d.<\/p>\n<p>\u201e\u00centruc\u00e2t fotbalul poate l\u0103sa un gol mare, trebuie s\u0103-\u021bi umpli timpul \u00een moduri diferite, nu doar unul singur\u201d, a estimat CR7, cit\u00e2nd padelul \u0219i c\u0103l\u0103toriile printre planurile sale de dup\u0103 retragere.<\/p>\n<p>\u201eAm at\u00e2t de multe lucruri care s\u0103 m\u0103 \u021bin\u0103 ocupat, \u00eenc\u00e2t este dificil s\u0103 v\u0103 spun doar unul\u201d, a declarat el pentru publica\u021bia american\u0103, cu ocazia c\u0103s\u0103toriei sale care a avut loc mar\u021bi \u00een Portugalia, \u00een cadrul unei ceremonii private, dar foarte mediatizate, cu partenera sa de lung\u0103 durat\u0103 Georgina Rodriguez.<\/p>\n<p>Ronaldo, cvintuplu c\u00e2\u0219tig\u0103tor al Balonului de Aur, evolueaz\u0103 \u00een prezent \u00een Arabia Saudit\u0103, la Al-Nassr, dup\u0103 ce \u0219i-a petrecut cea mai mare parte a carierei la Real Madrid, clubul cu care a ob\u021binut cele mai mari succese din carier\u0103.<\/p>\n<p>Fotbalistul lusitan, care \u0219i-a f\u0103cut debutul la Sporting Lisabona, sub comanda antrenorului Ladislau Boloni, a mai jucat, de asemenea, la Manchester United \u0219i Juventus Torino.<\/p>\n<p>Cristiano Ronaldo a marcat peste 970 de goluri \u00een aproximativ 1.300 de meciuri disputate \u0219i a c\u00e2\u0219tigat 32 de trofee ca fotbalist.<\/p>\n<p>El este juc\u0103tor cu cele mai multe meciuri \u0219i goluri marcate pentru o echip\u0103 na\u021bional\u0103, la nivel mondial, fiind totodat\u0103 golgheterul istoric al Ligii Campionilor.<\/p>\n<p>\u00cen aceast\u0103 var\u0103, Ronaldo a disputat a \u0219asea Cup\u0103 Mondial\u0103 din cariera sau cu selec\u021bionata Portugaliei, eliminat\u0103 \u00een optimile de final\u0103 de Spania (0-1), viitoarea campioan\u0103 a lumii.<\/p>\n<p>Atacantul argentinian Lionel Messi (ex-FC Barcelona), octuplu c\u00e2\u0219tig\u0103tor al Balonului de Aur, cu care Ronaldo s-a aflat \u00eentr-o mare rivalitate \u00een perioada \u00een care ambii evoluau \u00een campionatul Spaniei, a recunoscut de asemenea, miercuri, c\u0103 nu este sigur c\u0103 va mai jucat fotbal \u201efoarte mult timp\u201d, dup\u0103 decesul tat\u0103lui s\u0103u, produs cu c\u00e2teva zile mai devreme.<\/p>\n<p><em><strong>surs\u0103: <a href=\"https:\/\/ziua.md\/cristiano-ronaldo-anunta-ca-acest-an-va-fi-probabil-ultimul-din-cariera-sa\/\">ziua.md<\/a><\/strong><\/em><\/p>\n<div class=\"tagcloud qt-spacer-m\"><span class=\"qt-title\">Tagged as <\/span><a href=\"https:\/\/radiogoldfm.ro\/tag\/cr7\/\" rel=\"tag\">cr7<\/a><a href=\"https:\/\/radiogoldfm.ro\/tag\/cristiano-ronaldo\/\" rel=\"tag\">cristiano ronaldo<\/a><a href=\"https:\/\/radiogoldfm.ro\/tag\/gold-fm\/\" rel=\"tag\">GOLD FM<\/a><a href=\"https:\/\/radiogoldfm.ro\/tag\/portugalia\/\" rel=\"tag\">portugalia<\/a><a href=\"https:\/\/radiogoldfm.ro\/tag\/romania\/\" rel=\"tag\">romania<\/a><\/div>\n<div class=\"qt-post-author qt-card\">\n<div class=\"row\">\n<div class=\"qt-post-author-data col s10 m7 l7\">\n<h6>Profil<\/h6>\n<h4><a href=\"https:\/\/radiogoldfm.ro\/cristiano-ronaldo-anunta-ca-acest-an-va-fi-probabil-ultimul-din-cariera-sa\/#author_page\">Gold FM Radio<\/a><\/h4>\n<\/div>\n<div class=\"qt-post-author-link col s12 m3 l4 \"><a href=\"https:\/\/radiogoldfm.ro\/author\/gold-fm\/\" class=\"qt-btn qt-btn-large qt-btn-primary aligncenter\">Arhiva postari<\/a><\/div>\n<\/div>\n<\/div>\n<\/div>\n<p>[analyse_source url=&#8221;https:\/\/radiogoldfm.ro\/cristiano-ronaldo-anunta-ca-acest-an-va-fi-probabil-ultimul-din-cariera-sa\/&#8221;]<\/p>\n","protected":false},"excerpt":{"rendered":"<p>[analyse_image type=&#8221;featured&#8221; src=&#8221;https:\/\/radiogoldfm.ro\/wp-content\/uploads\/2026\/08\/Ronaldo_Portugalia_230626-768&#215;512-1.jpghttps:\/\/radiogoldfm.ro\/wp-content\/uploads\/2026\/08\/Ronaldo_Portugalia_230626-768&#215;512-1.jpg&#8221;] Fotbalistul portughez Cristiano Ronaldo a anun\u021bat, \u00eentr-un interviu difuzat duminic\u0103 de revista Vogue, c\u0103 acest an va fi \u201eprobabil\u201d ultimul din cariera sa de fotbalist profesionist, informeaz\u0103 AFP. \u201eAcesta este probabil ultimul meu an de fotbal \u0219i vreau s\u0103 las o mo\u0219tenire spectaculoas\u0103\u201d, a spus atacantul \u00een v\u00e2rst\u0103 de 41 de ani, [&hellip;]<\/p>\n","protected":false},"author":1,"featured_media":0,"comment_status":"open","ping_status":"","sticky":false,"template":"","format":"standard","meta":{"footnotes":""},"categories":[89],"tags":[226,96],"class_list":["post-2100790","post","type-post","status-publish","format-standard","hentry","category-romania","tag-crawlmanager","tag-radiogoldfm-ro"],"_links":{"self":[{"href":"https:\/\/analyse.optim.biz\/index.php?rest_route=\/wp\/v2\/posts\/2100790","targetHints":{"allow":["GET"]}}],"collection":[{"href":"https:\/\/analyse.optim.biz\/index.php?rest_route=\/wp\/v2\/posts"}],"about":[{"href":"https:\/\/analyse.optim.biz\/index.php?rest_route=\/wp\/v2\/types\/post"}],"author":[{"embeddable":true,"href":"https:\/\/analyse.optim.biz\/index.php?rest_route=\/wp\/v2\/users\/1"}],"replies":[{"embeddable":true,"href":"https:\/\/analyse.optim.biz\/index.php?rest_route=%2Fwp%2Fv2%2Fcomments&post=2100790"}],"version-history":[{"count":0,"href":"https:\/\/analyse.optim.biz\/index.php?rest_route=\/wp\/v2\/posts\/2100790\/revisions"}],"wp:attachment":[{"href":"https:\/\/analyse.optim.biz\/index.php?rest_route=%2Fwp%2Fv2%2Fmedia&parent=2100790"}],"wp:term":[{"taxonomy":"category","embeddable":true,"href":"https:\/\/analyse.optim.biz\/index.php?rest_route=%2Fwp%2Fv2%2Fcategories&post=2100790"},{"taxonomy":"post_tag","embeddable":true,"href":"https:\/\/analyse.optim.biz\/index.php?rest_route=%2Fwp%2Fv2%2Ftags&post=2100790"}],"curies":[{"name":"wp","href":"https:\/\/api.w.org\/{rel}","templated":true}]}}