{"id":2100623,"date":"2026-08-19T08:18:56","date_gmt":"2026-08-19T05:18:56","guid":{"rendered":"https:\/\/analyse.optim.biz\/?p=2100623"},"modified":"2026-08-19T08:18:56","modified_gmt":"2026-08-19T05:18:56","slug":"tu-ce-lasi-in-urma-ta-vasluienii-chemati-sa-participe-la-ziua-de-curatenie-nationala","status":"publish","type":"post","link":"https:\/\/analyse.optim.biz\/?p=2100623","title":{"rendered":"\u201dTu ce la\u0219i \u00een urma ta?\u201d Vasluienii, chema\u021bi s\u0103 participe la Ziua de Cur\u0103\u021benie Na\u021bional\u0103"},"content":{"rendered":"<p>[analyse_image type=&#8221;featured&#8221; src=&#8221;https:\/\/vasluianul.ro\/wp-content\/uploads\/2024\/02\/gunoaie-bloc-32-21.jpg&#8221;]<\/p>\n<div class=\"tdb-block-inner td-fix-index\"><time class=\"entry-date updated td-module-date\" datetime=\"2026-08-19T11:18:56+03:00\">august 19, 2026<\/time><\/div>\n<div class=\"tdb-block-inner td-fix-index\"><span>Updated:<\/span><time class=\"entry-date updated td-module-date\" datetime=\"2026-08-19T11:18:56+03:00\">august 19, 2026<\/time><\/div>\n<div class=\"tdb-block-inner td-fix-index\">\n<h1 class=\"tdb-title-text\">\u201dTu ce la\u0219i \u00een urma ta?\u201d Vasluienii, chema\u021bi s\u0103 participe la Ziua de Cur\u0103\u021benie Na\u021bional\u0103<\/h1>\n<\/div>\n<div class=\"tdb-block-inner td-fix-index\"><a class=\"tdb-author-photo\" href=\"https:\/\/vasluianul.ro\/author\/mambutul\/\" title=\"admin\"><img loading=\"lazy\" decoding=\"async\" alt=\"admin\" src=\"https:\/\/secure.gravatar.com\/avatar\/96214ba59a3904a87e4c1403dcd2c5787166527e7b72e0707dffdad663f4ffdd?s=34&amp;d=identicon&amp;r=g\" class=\"avatar avatar-34 photo\" height=\"34\" width=\"34\" data-eio=\"l\"><\/a><\/p>\n<div class=\"tdb-author-name-wrap\"><span class=\"tdb-author-by\">By<\/span><a class=\"tdb-author-name\" href=\"https:\/\/vasluianul.ro\/author\/mambutul\/\">admin<\/a><\/div>\n<\/div>\n<div class=\"tdb-block-inner td-fix-index\"><a href=\"https:\/\/vasluianul.ro\/wp-content\/uploads\/2024\/02\/gunoaie-bloc-32-21.jpg\" data-caption><img loading=\"lazy\" decoding=\"async\" width=\"1068\" height=\"678\" class=\"entry-thumb td-modal-image\" src=\"https:\/\/vasluianul.ro\/wp-content\/uploads\/2024\/02\/gunoaie-bloc-32-21-1068x678.jpg\" alt title=\"gunoaie bloc 32 21\" data-eio=\"l\"><\/a><\/div>\n<div class=\"td_block_wrap tdb_single_content tdi_75 td-pb-border-top td_block_template_1 td-post-content tagdiv-type\" data-td-block-uid=\"tdi_75\">\n<div class=\"tdb-block-inner td-fix-index\">\n<div class=\"vtp-article-views\" aria-label=\"Num\u0103r vizualiz\u0103ri articol\"><span class=\"vtp-eye\" aria-hidden=\"true\">\ud83d\udc41<\/span><strong>20<\/strong> vizualiz\u0103ri<\/div>\n<p class=\"isSelectedEnd\"><span>Jude\u021bul Vaslui se preg\u0103te\u0219te pentru o nou\u0103 edi\u021bie a <strong>Zilei de Cur\u0103\u021benie Na\u021bional\u0103<\/strong>, programat\u0103 pe 19 septembrie. Inspectoratul pentru Situa\u021bii de Urgen\u021b\u0103 \u201ePodul \u00cenalt\u201d Vaslui se al\u0103tur\u0103 campaniei \u0219i \u00eei \u00eendeamn\u0103 pe vasluieni s\u0103 participe la ac\u021biunile de voluntariat.<\/span><\/p>\n<div class=\"code-block code-block-1\"><a href=\"https:\/\/vasluianul.ro\/ziua-curatenie-nationala-vaslui-2026\/DESTINATION\"><img decoding=\"async\" src=\"https:\/\/vasluianul.ro\/wp-content\/uploads\/2022\/06\/reclama-vechia-roma-2.jpeg%0A\" data-eio=\"l\"><\/a><\/div>\n<p class=\"isSelectedEnd\"><span>Sub mesajul <strong>\u201eTu ce la\u0219i \u00een urma ta?\u201d<\/strong>, Let\u2019s Do It, Romania! organizeaz\u0103 cea de-a 13-a edi\u021bie a campaniei, desf\u0103\u0219urat\u0103 simultan cu World Cleanup Day, al\u0103turi de participan\u021bi din aproximativ 190 de \u021b\u0103ri.<\/span><\/p>\n<p class=\"isSelectedEnd\"><span>Ziua de Cur\u0103\u021benie Na\u021bional\u0103 este recunoscut\u0103 oficial prin Legea nr. 266\/2024. Potrivit organizatorilor, \u00een cei 15 ani de activitate ai Let\u2019s Do It, Romania!, peste 2,9 milioane de voluntari s-au implicat \u00een ac\u021biunile de ecologizare.<\/span><\/p>\n<aside class=\"vva-wrap\" aria-label=\"PUBLICITATE\">\n<div class=\"vva-label\">PUBLICITATE<\/div>\n<p><a class=\"vva-link\" href=\"https:\/\/www.facebook.com\/FamiliaSafir\" target=\"_blank\" rel=\"noopener sponsored\"><video class=\"vva-video\" data-max-seconds=\"21\" playsinline preload=\"metadata\" autoplay muted controls><source src=\"https:\/\/vasluianul.ro\/wp-content\/uploads\/2026\/07\/safir-campanie-iulie-2026.mp4\" \/><\/video><\/a><\/aside>\n<div class=\"vam4-ad vam4-device-mobile\" data-ad-id=\"6\">\n<div class=\"vam4-label\">PUBLICITATE<\/div>\n<div class=\"vam4-frame\"><img decoding=\"async\" src=\"https:\/\/vasluianul.ro\/wp-content\/uploads\/2026\/06\/concurs-familia-safir-.png\" alt=\"Safir\" loading=\"lazy\" data-eio=\"l\"><\/div>\n<\/div>\n<p class=\"isSelectedEnd\"><span>La edi\u021bia din 2025 au participat peste 270.000 de persoane, care au str\u00e2ns aproximativ 427.000 de saci cu de\u0219euri. Pentru acest an, \u021binta este dep\u0103\u0219irea pragului de <strong>300.000 de voluntari<\/strong>.<\/span><\/p>\n<h3><span>ISU Vaslui \u00eei \u00eendeamn\u0103 pe vasluieni s\u0103 participe<\/span><\/h3>\n<p class=\"isSelectedEnd\"><span>Campania este deschis\u0103 tuturor celor care vor s\u0103 se implice: persoane fizice, familii, elevi \u0219i profesori, ONG-uri, institu\u021bii publice \u0219i companii.<\/span><\/p>\n<p class=\"isSelectedEnd\"><span>ISU Vaslui \u0219i-a anun\u021bat participarea \u0219i \u00een acest an, iar inspectorul-\u0219ef al institu\u021biei, col. Ioan C\u0103t\u0103lin Oloeriu, \u00eei \u00eencurajeaz\u0103 pe vasluieni s\u0103 se al\u0103ture ac\u021biunii.<\/span><\/p>\n<p class=\"isSelectedEnd\"><span>\u201dGrija fa\u021b\u0103 de mediul \u00eenconjur\u0103tor este o responsabilitate pe care o \u00eemp\u0103r\u021bim cu to\u021bii. Un mediu curat \u00eenseamn\u0103 comunit\u0103\u021bi mai s\u0103n\u0103toase, mai sigure \u0219i mai bine preg\u0103tite pentru viitor\u201d, spune \u0219eful ISU Vaslui.<\/span><\/p>\n<\/div>\n<\/div>\n<div class=\"tdb-block-inner td-fix-index\">\n<div class=\"vtp-article-views\" aria-label=\"Num\u0103r vizualiz\u0103ri articol\"><span class=\"vtp-eye\" aria-hidden=\"true\">\ud83d\udc41<\/span><strong>20<\/strong> vizualiz\u0103ri<\/div>\n<p class=\"isSelectedEnd\"><span>Jude\u021bul Vaslui se preg\u0103te\u0219te pentru o nou\u0103 edi\u021bie a <strong>Zilei de Cur\u0103\u021benie Na\u021bional\u0103<\/strong>, programat\u0103 pe 19 septembrie. Inspectoratul pentru Situa\u021bii de Urgen\u021b\u0103 \u201ePodul \u00cenalt\u201d Vaslui se al\u0103tur\u0103 campaniei \u0219i \u00eei \u00eendeamn\u0103 pe vasluieni s\u0103 participe la ac\u021biunile de voluntariat.<\/span><\/p>\n<div class=\"code-block code-block-1\"><a href=\"https:\/\/vasluianul.ro\/ziua-curatenie-nationala-vaslui-2026\/DESTINATION\"><img decoding=\"async\" src=\"https:\/\/vasluianul.ro\/wp-content\/uploads\/2022\/06\/reclama-vechia-roma-2.jpeg%0A\" data-eio=\"l\"><\/a><\/div>\n<p class=\"isSelectedEnd\"><span>Sub mesajul <strong>\u201eTu ce la\u0219i \u00een urma ta?\u201d<\/strong>, Let\u2019s Do It, Romania! organizeaz\u0103 cea de-a 13-a edi\u021bie a campaniei, desf\u0103\u0219urat\u0103 simultan cu World Cleanup Day, al\u0103turi de participan\u021bi din aproximativ 190 de \u021b\u0103ri.<\/span><\/p>\n<p class=\"isSelectedEnd\"><span>Ziua de Cur\u0103\u021benie Na\u021bional\u0103 este recunoscut\u0103 oficial prin Legea nr. 266\/2024. Potrivit organizatorilor, \u00een cei 15 ani de activitate ai Let\u2019s Do It, Romania!, peste 2,9 milioane de voluntari s-au implicat \u00een ac\u021biunile de ecologizare.<\/span><\/p>\n<aside class=\"vva-wrap\" aria-label=\"PUBLICITATE\">\n<div class=\"vva-label\">PUBLICITATE<\/div>\n<p><a class=\"vva-link\" href=\"https:\/\/www.facebook.com\/FamiliaSafir\" target=\"_blank\" rel=\"noopener sponsored\"><video class=\"vva-video\" data-max-seconds=\"21\" playsinline preload=\"metadata\" autoplay muted controls><source src=\"https:\/\/vasluianul.ro\/wp-content\/uploads\/2026\/07\/safir-campanie-iulie-2026.mp4\" \/><\/video><\/a><\/aside>\n<div class=\"vam4-ad vam4-device-mobile\" data-ad-id=\"6\">\n<div class=\"vam4-label\">PUBLICITATE<\/div>\n<div class=\"vam4-frame\"><img decoding=\"async\" src=\"https:\/\/vasluianul.ro\/wp-content\/uploads\/2026\/06\/concurs-familia-safir-.png\" alt=\"Safir\" loading=\"lazy\" data-eio=\"l\"><\/div>\n<\/div>\n<p class=\"isSelectedEnd\"><span>La edi\u021bia din 2025 au participat peste 270.000 de persoane, care au str\u00e2ns aproximativ 427.000 de saci cu de\u0219euri. Pentru acest an, \u021binta este dep\u0103\u0219irea pragului de <strong>300.000 de voluntari<\/strong>.<\/span><\/p>\n<h3><span>ISU Vaslui \u00eei \u00eendeamn\u0103 pe vasluieni s\u0103 participe<\/span><\/h3>\n<p class=\"isSelectedEnd\"><span>Campania este deschis\u0103 tuturor celor care vor s\u0103 se implice: persoane fizice, familii, elevi \u0219i profesori, ONG-uri, institu\u021bii publice \u0219i companii.<\/span><\/p>\n<p class=\"isSelectedEnd\"><span>ISU Vaslui \u0219i-a anun\u021bat participarea \u0219i \u00een acest an, iar inspectorul-\u0219ef al institu\u021biei, col. Ioan C\u0103t\u0103lin Oloeriu, \u00eei \u00eencurajeaz\u0103 pe vasluieni s\u0103 se al\u0103ture ac\u021biunii.<\/span><\/p>\n<p class=\"isSelectedEnd\"><span>\u201dGrija fa\u021b\u0103 de mediul \u00eenconjur\u0103tor este o responsabilitate pe care o \u00eemp\u0103r\u021bim cu to\u021bii. Un mediu curat \u00eenseamn\u0103 comunit\u0103\u021bi mai s\u0103n\u0103toase, mai sigure \u0219i mai bine preg\u0103tite pentru viitor\u201d, spune \u0219eful ISU Vaslui.<\/span><\/p>\n<\/div>\n<div class=\"tdb-block-inner td-fix-index\"><a href=\"https:\/\/vasluianul.ro\/author\/mambutul\/\" class=\"tdb-author-photo\" title=\"admin\"><img loading=\"lazy\" decoding=\"async\" alt=\"admin\" src=\"https:\/\/secure.gravatar.com\/avatar\/96214ba59a3904a87e4c1403dcd2c5787166527e7b72e0707dffdad663f4ffdd?s=96&amp;d=identicon&amp;r=g\" class=\"avatar avatar-96 photo\" height=\"96\" width=\"96\" data-eio=\"l\"><\/a><\/p>\n<div class=\"tdb-author-info\"><a href=\"https:\/\/vasluianul.ro\/author\/mambutul\/\" class=\"tdb-author-name\">admin<\/a><\/div>\n<\/div>\n<div class=\"tdb-block-inner td-fix-index\">\n<div class=\"comments\" id=\"comments\">\n<div id=\"respond\" class=\"comment-respond\">\n<h3 id=\"reply-title\" class=\"comment-reply-title\">L\u0102SA\u021aI UN MESAJ <small><a rel=\"nofollow\" id=\"cancel-comment-reply-link\" href=\"https:\/\/vasluianul.ro\/ziua-curatenie-nationala-vaslui-2026\/#respond\">Renun\u021ba\u021bi la r\u0103spuns<\/a><\/small><\/h3>\n<div class=\"comment-form-input-wrap td-form-comment\">\n<div class=\"td-warning-comment\">V\u0103 rug\u0103m s\u0103 introduce\u021bi comentariul dvs.!<\/div>\n<\/div>\n<div class=\"comment-form-input-wrap td-form-author\">\n<div class=\"td-warning-author\">Introduce\u021bi aici numele dvs.<\/div>\n<\/div>\n<div class=\"comment-form-input-wrap td-form-email\">\n<div class=\"td-warning-email-error\">A\u021bi introdus o adres\u0103 de e-mail incorect\u0103!<\/div>\n<div class=\"td-warning-email\">V\u0103 rug\u0103m s\u0103 introduce\u021bi adresa dvs. de e-mail aici<\/div>\n<\/div>\n<\/div>\n<\/div>\n<\/div>\n<p>[analyse_source url=&#8221;https:\/\/vasluianul.ro\/ziua-curatenie-nationala-vaslui-2026\/#new_tab&#8221;]<\/p>\n","protected":false},"excerpt":{"rendered":"<p>[analyse_image type=&#8221;featured&#8221; src=&#8221;https:\/\/vasluianul.ro\/wp-content\/uploads\/2024\/02\/gunoaie-bloc-32-21.jpg&#8221;] august 19, 2026 Updated:august 19, 2026 \u201dTu ce la\u0219i \u00een urma ta?\u201d Vasluienii, chema\u021bi s\u0103 participe la Ziua de Cur\u0103\u021benie Na\u021bional\u0103 Byadmin \ud83d\udc4120 vizualiz\u0103ri Jude\u021bul Vaslui se preg\u0103te\u0219te pentru o nou\u0103 edi\u021bie a Zilei de Cur\u0103\u021benie Na\u021bional\u0103, programat\u0103 pe 19 septembrie. Inspectoratul pentru Situa\u021bii de Urgen\u021b\u0103 \u201ePodul \u00cenalt\u201d Vaslui se al\u0103tur\u0103 campaniei [&hellip;]<\/p>\n","protected":false},"author":1,"featured_media":0,"comment_status":"open","ping_status":"","sticky":false,"template":"","format":"standard","meta":{"footnotes":""},"categories":[89],"tags":[226,217],"class_list":["post-2100623","post","type-post","status-publish","format-standard","hentry","category-romania","tag-crawlmanager","tag-vaslui-robo-stiri-ro"],"_links":{"self":[{"href":"https:\/\/analyse.optim.biz\/index.php?rest_route=\/wp\/v2\/posts\/2100623","targetHints":{"allow":["GET"]}}],"collection":[{"href":"https:\/\/analyse.optim.biz\/index.php?rest_route=\/wp\/v2\/posts"}],"about":[{"href":"https:\/\/analyse.optim.biz\/index.php?rest_route=\/wp\/v2\/types\/post"}],"author":[{"embeddable":true,"href":"https:\/\/analyse.optim.biz\/index.php?rest_route=\/wp\/v2\/users\/1"}],"replies":[{"embeddable":true,"href":"https:\/\/analyse.optim.biz\/index.php?rest_route=%2Fwp%2Fv2%2Fcomments&post=2100623"}],"version-history":[{"count":0,"href":"https:\/\/analyse.optim.biz\/index.php?rest_route=\/wp\/v2\/posts\/2100623\/revisions"}],"wp:attachment":[{"href":"https:\/\/analyse.optim.biz\/index.php?rest_route=%2Fwp%2Fv2%2Fmedia&parent=2100623"}],"wp:term":[{"taxonomy":"category","embeddable":true,"href":"https:\/\/analyse.optim.biz\/index.php?rest_route=%2Fwp%2Fv2%2Fcategories&post=2100623"},{"taxonomy":"post_tag","embeddable":true,"href":"https:\/\/analyse.optim.biz\/index.php?rest_route=%2Fwp%2Fv2%2Ftags&post=2100623"}],"curies":[{"name":"wp","href":"https:\/\/api.w.org\/{rel}","templated":true}]}}