{"id":2100554,"date":"2026-08-19T07:25:04","date_gmt":"2026-08-19T04:25:04","guid":{"rendered":"https:\/\/analyse.optim.biz\/?p=2100554"},"modified":"2026-08-19T07:25:04","modified_gmt":"2026-08-19T04:25:04","slug":"se-intoarce-canicula-un-nou-val-de-caldura-va-cuprinde-aproape-toata-tara","status":"publish","type":"post","link":"https:\/\/analyse.optim.biz\/?p=2100554","title":{"rendered":"Se \u00eentoarce canicula. Un nou val de c\u0103ldur\u0103 va cuprinde aproape toat\u0103 \u021bara"},"content":{"rendered":"<p>[analyse_image type=&#8221;featured&#8221; src=&#8221;https:\/\/ziardesuceava.ro\/wp-content\/uploads\/2026\/07\/canicula-3.jpg&#8221;]<\/p>\n<div class=\"post-content clearfix\">\n<div class=\"blog-post-thumb\"><img loading=\"lazy\" decoding=\"async\" width=\"559\" height=\"373\" src=\"https:\/\/ziardesuceava.ro\/wp-content\/uploads\/2026\/07\/canicula-3.jpg\" class=\"attachment-inhype-blog-thumb size-inhype-blog-thumb wp-post-image\" alt><\/div>\n<div class=\"entry-content\">\n<p class=\"first-paragraph\">Meteorologii anun\u0163\u0103 c\u0103, \u00eencep\u00e2nd de joi, un val de c\u0103ldur\u0103 se va extinde \u015fi se va intensifica \u00een cea mai mare parte a \u0163\u0103rii, cu temperaturi maxime \u00eentre 34 \u015fi 39 de grade \u015fi nop\u0163i tropicale. Joi, aproape toat\u0103 \u0163ara se va afla sub Cod galben de canicul\u0103, iar \u00een opt jude\u0163e din Banat, vestul \u015fi sudul Olteniei, sudul Cri\u015fanei \u015fi sud-vestul Transilvaniei va fi Cod portocaliu. \u00cen Bucure\u015fti, vremea va deveni canicular\u0103 joi \u015fi se va men\u0163ine astfel pe perioada weekendului.<\/p>\n<div>\n<p>Administra\u0163ia Na\u0163ional\u0103 de Meteorologie (ANM) a emis o informare valabil\u0103 de joi, de la ora 10.00, p\u00e2n\u0103 luni, la aceea\u015fi or\u0103, aceasta viz\u00e2nd un val de c\u0103ldur\u0103, temperaturi deosebit de ridicate, canicul\u0103, disconfort termic accentuat \u015fi nop\u0163i tropicale.<\/p>\n<\/div>\n<p>\u00cen intervalul men\u0163ionat, un val de c\u0103ldur\u0103 se va extinde \u015fi se va intensifica \u00een cea mai mare parte a \u0163\u0103rii. Vor fi temperaturi maxime deosebit de ridicate, ce se vor situa \u00een general \u00eentre 34 \u015fi 39 de grade, cu cele mai ridicate valori \u00een vest \u015fi \u00een sud-vest. Va fi canicul\u0103 \u015fi disconfort termic accentuat, iar indicele temperatur\u0103-umezeal\u0103 (ITU), pe arii extinse, va atinge \u015fi va dep\u0103\u015fi pragul critic de 80 de unit\u0103\u0163i.<\/p>\n<p>Local, nop\u0163ile vor deveni tropicale, cu temperaturi minime \u00een general de 20\u202623 de grade, cele mai mari valori urm\u00e2nd s\u0103 se \u00eenregistreze \u00een Dealurile de Vest (24\u202626 de grade).<\/p>\n<p>Totodat\u0103, a fost emis\u0103 o avertizare Cod galben de temperaturi deosebit de ridicate, canicul\u0103, disconfort termic, noapte tropical\u0103, valabil\u0103 de joi, de la ora 10.00, p\u00e2n\u0103 vineri, la aceea\u015fi or\u0103.<\/p>\n<figure><img decoding=\"async\" src=\"https:\/\/i0.1616.ro\/media\/2\/2701\/33586\/22643364\/2\/coduri-galben-si-portocaliu-canicula-19-aug-26.jpg?width=540\" alt><\/figure>\n<p>Astfel, joi, \u00een Moldova, Maramure\u015f, Muntenia, cea mai mare parte a Transilvaniei, nordul Olteniei \u015fi al Cri\u015fanei temperaturile maxime vor fi deosebit de ridicate \u015fi se vor situa \u00een general \u00eentre 34 \u015fi 37 de grade, pe arii extinse va fi canicul\u0103, disconfort termic, iar indicele temperatur\u0103-umezeal\u0103 (ITU) va atinge \u015fi va dep\u0103\u015fi u\u015for pragul critic de 80 de unit\u0103\u0163i. Local tempraturile minime nu vor cobor\u00ee sub 20 de grade \u015fi vor caracteriza o noapte tropical\u0103.<\/p>\n<p>\u00cen acela\u015fi interval, va fi Cod portocaliu \u2013 temperaturi deosebit de ridicate, canicul\u0103, disconfort termic accentuat, noapte tropical\u0103, \u00een jude\u0163ele Arad, Timi\u015f, Alba, Hunedoara, Cara\u015f-Severin, Mehedin\u0163i, Dolj \u015fi Olt.<\/p>\n<p>\u201d\u00cen Banat, vestul \u015fi sudul Olteniei, sudul Cri\u015fanei \u015fi sud-vestul Transilvaniei vor fi temperaturi maxime deosebit de ridicate ce se vor situa \u00eentre 35 \u015fi 39 de grade, cu cele mai ridicate valori \u00een extremitatea de vest \u015fi sud-vest. Va fi canicul\u0103, disconfort termic accentuat, iar indicele temperatur\u0103-umezeal\u0103 (ITU) va dep\u0103\u015fi pragul critic de 80 de unit\u0103\u0163i. Local noaptea va fi tropical\u0103, cu minime de 20\u202626 de grade\u201d, a transmis ANM.<\/p>\n<p>\u00cen zona municipiului Bucure\u015fti, joi vremea va deveni canicular\u0103, cu disconfort termic \u00een cre\u015ftere \u015fi indice temperatur\u0103-umezeal\u0103 (ITU) ce va dep\u0103\u015fi u\u015for pragul critic de 80 de unit\u0103\u0163i. Cerul va fi mai mult senin, iar v\u00e2ntul va sufla \u00een general slab. Temperatura maxim\u0103 se va situa \u00een jurul valorii de 36 de grade, iar cea minim\u0103 va fi de 17\u202620 de grade.<\/p>\n<p>Vineri, vor fi canicul\u0103 \u015fi disconfort termic ridicat, iar indicele temperatur\u0103-umezeal\u0103 (ITU) va dep\u0103\u015fi pragul critic de 80 de unit\u0103\u0163i. Cerul va fi senin, iar v\u00e2ntul va sufla \u00een general slab. Temperatura maxim\u0103 va fi de 37\u202638 de grade, iar cea minim\u0103 de 16\u202619 grade.<\/p>\n<p>S\u00e2mb\u0103t\u0103, vremea va fi \u00een continuare canicular\u0103, cu disconfort termic ridicat, iar indicele temperatur\u0103-umezeal\u0103 (ITU) va atinge pragul critic de 80 de unit\u0103\u0163i. Cerul va fi mai mult senin, iar v\u00e2ntul va sufla slab. Temperatura maxim\u0103 va fi de 35\u202637 de grade, iar cea minim\u0103 de 16\u202619 grade.<\/p>\n<p>Duminic\u0103, valul de c\u0103ldur\u0103 va persista, va fi canicul\u0103 \u015fi disconfort termic ridicat, iar noaptea va fi tropical\u0103. Cerul va fi variabil \u015fi v\u00e2ntul va sufla \u00een general slab. Temperatura maxim\u0103 va fi de 36\u202637 de grade, iar cea minim\u0103 de 19\u202621 de grade.<\/p>\n<\/div>\n<div class=\"inhype-social-share-fixed sidebar-position-right\">\n<div class=\"post-social-wrapper\">\n<div class=\"post-social-title\"><span class=\"post-social-title-text\">Share<\/span><\/div>\n<\/div>\n<\/div>\n<\/div>\n<p>[analyse_source url=&#8221;https:\/\/ziardesuceava.ro\/se-intoarce-canicula-un-nou-val-de-caldura-va-cuprinde-aproape-toata-tara\/&#8221;]<\/p>\n","protected":false},"excerpt":{"rendered":"<p>[analyse_image type=&#8221;featured&#8221; src=&#8221;https:\/\/ziardesuceava.ro\/wp-content\/uploads\/2026\/07\/canicula-3.jpg&#8221;] Meteorologii anun\u0163\u0103 c\u0103, \u00eencep\u00e2nd de joi, un val de c\u0103ldur\u0103 se va extinde \u015fi se va intensifica \u00een cea mai mare parte a \u0163\u0103rii, cu temperaturi maxime \u00eentre 34 \u015fi 39 de grade \u015fi nop\u0163i tropicale. Joi, aproape toat\u0103 \u0163ara se va afla sub Cod galben de canicul\u0103, iar \u00een opt jude\u0163e [&hellip;]<\/p>\n","protected":false},"author":1,"featured_media":0,"comment_status":"open","ping_status":"","sticky":false,"template":"","format":"standard","meta":{"footnotes":""},"categories":[89],"tags":[226,171],"class_list":["post-2100554","post","type-post","status-publish","format-standard","hentry","category-romania","tag-crawlmanager","tag-ziardesuceava-ro"],"_links":{"self":[{"href":"https:\/\/analyse.optim.biz\/index.php?rest_route=\/wp\/v2\/posts\/2100554","targetHints":{"allow":["GET"]}}],"collection":[{"href":"https:\/\/analyse.optim.biz\/index.php?rest_route=\/wp\/v2\/posts"}],"about":[{"href":"https:\/\/analyse.optim.biz\/index.php?rest_route=\/wp\/v2\/types\/post"}],"author":[{"embeddable":true,"href":"https:\/\/analyse.optim.biz\/index.php?rest_route=\/wp\/v2\/users\/1"}],"replies":[{"embeddable":true,"href":"https:\/\/analyse.optim.biz\/index.php?rest_route=%2Fwp%2Fv2%2Fcomments&post=2100554"}],"version-history":[{"count":0,"href":"https:\/\/analyse.optim.biz\/index.php?rest_route=\/wp\/v2\/posts\/2100554\/revisions"}],"wp:attachment":[{"href":"https:\/\/analyse.optim.biz\/index.php?rest_route=%2Fwp%2Fv2%2Fmedia&parent=2100554"}],"wp:term":[{"taxonomy":"category","embeddable":true,"href":"https:\/\/analyse.optim.biz\/index.php?rest_route=%2Fwp%2Fv2%2Fcategories&post=2100554"},{"taxonomy":"post_tag","embeddable":true,"href":"https:\/\/analyse.optim.biz\/index.php?rest_route=%2Fwp%2Fv2%2Ftags&post=2100554"}],"curies":[{"name":"wp","href":"https:\/\/api.w.org\/{rel}","templated":true}]}}