{"id":2100550,"date":"2026-08-18T10:53:58","date_gmt":"2026-08-18T07:53:58","guid":{"rendered":"https:\/\/analyse.optim.biz\/?p=2100550"},"modified":"2026-08-18T10:53:58","modified_gmt":"2026-08-18T07:53:58","slug":"bogdan-ivan-preturile-la-motorina-au-luat-o-razna-premierul-trebuie-sa-intervina-imediat","status":"publish","type":"post","link":"https:\/\/analyse.optim.biz\/?p=2100550","title":{"rendered":"Bogdan Ivan: Pre\u021burile la motorin\u0103 au luat-o razna, premierul trebuie s\u0103 intervin\u0103 imediat"},"content":{"rendered":"<p>[analyse_image type=&#8221;featured&#8221; src=&#8221;https:\/\/ziardesuceava.ro\/wp-content\/uploads\/2026\/04\/bogdan-ivan-1.jpg&#8221;]<\/p>\n<div class=\"post-content clearfix\">\n<div class=\"blog-post-thumb\"><img loading=\"lazy\" decoding=\"async\" width=\"887\" height=\"590\" src=\"https:\/\/ziardesuceava.ro\/wp-content\/uploads\/2026\/04\/bogdan-ivan-1.jpg\" class=\"attachment-inhype-blog-thumb size-inhype-blog-thumb wp-post-image\" alt><\/div>\n<div class=\"entry-content\">\n<p class=\"first-paragraph\">Fostul ministru al Energiei, deputatul PSD Bogdan Ivan declar\u0103, mar\u0163i, c\u0103 pre\u0163urile la motorin\u0103 au luat-o razna \u015fi cresc de la o zi la alta \u015fi, \u00een unele cazuri, chiar de la o or\u0103 la alta, la aceea\u015fi benzin\u0103rie, el cer\u00e2nd premierului \u015fi ministrulului Energiei s\u0103 intervin\u0103 imediat, iar Ministerul Finan\u0163elor, ANAF \u015fi Consiliul Concuren\u0163ei trebuie s\u0103 verifice de urgen\u0163\u0103 modul \u00een care sunt formate aceste pre\u0163uri \u015fi dac\u0103 asist\u0103m la cre\u015fteri speculative.<\/p>\n<div>\n<div dir=\"auto\">\u201dPre\u0163urile la motorin\u0103 au luat-o razna. Cresc de la o zi la alta \u015fi, \u00een unele cazuri, chiar de la o or\u0103 la alta, la aceea\u015fi benzin\u0103rie. \u00cen ritmul acesta, orice m\u0103sur\u0103 luat\u0103 pentru a-i proteja pe rom\u00e2ni risc\u0103 s\u0103 fie anulat\u0103 de scumpiri succesive, iar nota de plat\u0103 ajunge, din nou, tot \u00een buzunarul oamenilor\u201d, scrie Bogdan Ivan \u00eentr-o postare pe Facebook.<\/div>\n<div dir=\"auto\">Fostul ministru al Energiei apreciaz\u0103 c\u0103 premierul \u015fi ministrul Energiei trebuie s\u0103 intervin\u0103 imediat iar Ministerul Finan\u0163elor, ANAF \u015fi Consiliul Concuren\u0163ei trebuie s\u0103 verifice de urgen\u0163\u0103 modul \u00een care sunt formate aceste pre\u0163uri \u015fi s\u0103 stabileasc\u0103 dac\u0103 major\u0103rile au un fundament economic real sau dac\u0103 asist\u0103m la cre\u015fteri speculative.<\/div>\n<\/div>\n<div>\n<div dir=\"auto\">\u201dNu putem accepta ca benzin\u0103riile s\u0103 majoreze pre\u0163urile dup\u0103 bunul plac, iar institu\u0163iile statului s\u0103 priveasc\u0103 de pe margine. Este nevoie de controale, explica\u0163ii \u015fi de decizii rapide\u201d. mai spune Ivan.<\/div>\n<div dir=\"auto\">\n<p class=\"first-paragraph\">Premierul interimar Ilie Bolojan a declarat, luni, despre majorarea pre\u0163urilor la motorin\u0103, c\u0103 oric\u00e2t ne-am dori, nu avem cum s\u0103 control\u0103m lucruri care nu pot fi controlate de noi, el subliniind c\u0103 cre\u015fterea pre\u0163urilor la combustibil are un efect asupra infla\u0163iei.<\/p>\n<\/div>\n<\/div>\n<\/div>\n<div class=\"inhype-social-share-fixed sidebar-position-right\">\n<div class=\"post-social-wrapper\">\n<div class=\"post-social-title\"><span class=\"post-social-title-text\">Share<\/span><\/div>\n<\/div>\n<\/div>\n<\/div>\n<p>[analyse_source url=&#8221;https:\/\/ziardesuceava.ro\/bogdan-ivan-preturile-la-motorina-au-luat-o-razna-premierul-trebuie-sa-intervina-imediat\/&#8221;]<\/p>\n","protected":false},"excerpt":{"rendered":"<p>[analyse_image type=&#8221;featured&#8221; src=&#8221;https:\/\/ziardesuceava.ro\/wp-content\/uploads\/2026\/04\/bogdan-ivan-1.jpg&#8221;] Fostul ministru al Energiei, deputatul PSD Bogdan Ivan declar\u0103, mar\u0163i, c\u0103 pre\u0163urile la motorin\u0103 au luat-o razna \u015fi cresc de la o zi la alta \u015fi, \u00een unele cazuri, chiar de la o or\u0103 la alta, la aceea\u015fi benzin\u0103rie, el cer\u00e2nd premierului \u015fi ministrulului Energiei s\u0103 intervin\u0103 imediat, iar Ministerul Finan\u0163elor, ANAF [&hellip;]<\/p>\n","protected":false},"author":1,"featured_media":0,"comment_status":"open","ping_status":"","sticky":false,"template":"","format":"standard","meta":{"footnotes":""},"categories":[89],"tags":[226,171],"class_list":["post-2100550","post","type-post","status-publish","format-standard","hentry","category-romania","tag-crawlmanager","tag-ziardesuceava-ro"],"_links":{"self":[{"href":"https:\/\/analyse.optim.biz\/index.php?rest_route=\/wp\/v2\/posts\/2100550","targetHints":{"allow":["GET"]}}],"collection":[{"href":"https:\/\/analyse.optim.biz\/index.php?rest_route=\/wp\/v2\/posts"}],"about":[{"href":"https:\/\/analyse.optim.biz\/index.php?rest_route=\/wp\/v2\/types\/post"}],"author":[{"embeddable":true,"href":"https:\/\/analyse.optim.biz\/index.php?rest_route=\/wp\/v2\/users\/1"}],"replies":[{"embeddable":true,"href":"https:\/\/analyse.optim.biz\/index.php?rest_route=%2Fwp%2Fv2%2Fcomments&post=2100550"}],"version-history":[{"count":0,"href":"https:\/\/analyse.optim.biz\/index.php?rest_route=\/wp\/v2\/posts\/2100550\/revisions"}],"wp:attachment":[{"href":"https:\/\/analyse.optim.biz\/index.php?rest_route=%2Fwp%2Fv2%2Fmedia&parent=2100550"}],"wp:term":[{"taxonomy":"category","embeddable":true,"href":"https:\/\/analyse.optim.biz\/index.php?rest_route=%2Fwp%2Fv2%2Fcategories&post=2100550"},{"taxonomy":"post_tag","embeddable":true,"href":"https:\/\/analyse.optim.biz\/index.php?rest_route=%2Fwp%2Fv2%2Ftags&post=2100550"}],"curies":[{"name":"wp","href":"https:\/\/api.w.org\/{rel}","templated":true}]}}