{"id":2100526,"date":"2026-08-18T21:10:45","date_gmt":"2026-08-18T18:10:45","guid":{"rendered":"https:\/\/analyse.optim.biz\/?p=2100526"},"modified":"2026-08-18T21:10:45","modified_gmt":"2026-08-18T18:10:45","slug":"polonia-a-intrat-oficial-in-clubul-economiilor-de-un-trilion-de-dolari","status":"publish","type":"post","link":"https:\/\/analyse.optim.biz\/?p=2100526","title":{"rendered":"Polonia a intrat oficial \u00een clubul economiilor de un trilion de dolari"},"content":{"rendered":"<p>[analyse_image type=&#8221;featured&#8221; src=&#8221;https:\/\/ortodoxinfo.ro\/wp-content\/uploads\/2026\/08\/https___www.gandul.ro__wp-content_uploads_2025_12_polonia.webphttps:\/\/ortodoxinfo.ro\/wp-content\/uploads\/2026\/08\/https___www.gandul.ro__wp-content_uploads_2025_12_polonia.webp&#8221;]<\/p>\n<article id=\"post-259344\" class=\"post-259344 post type-post status-publish format-standard has-post-thumbnail category-suveranism\">\n<header class=\"single-header\">\n<aside class=\"breadcrumb-wrap breadcrumb-yoast s-breadcrumb\">\n<div class=\"breadcrumb-inner\"><span><span><a href=\"https:\/\/ortodoxinfo.ro\/\">Prima pagin\u0103<\/a><\/span> \u00bb <span><a href=\"https:\/\/ortodoxinfo.ro\/blog\/\">Blog<\/a><\/span> \u00bb <span class=\"breadcrumb_last\" aria-current=\"page\">Polonia a intrat oficial \u00een clubul economiilor de un trilion de dolari<\/span><\/span><\/div>\n<\/aside>\n<h1 class=\"s-title fw-headline\">Polonia a intrat oficial \u00een clubul economiilor de un trilion de dolari<\/h1>\n<div class=\"single-meta meta-s-default yes-0\">\n<div class=\"smeta-in\"><a class=\"meta-el meta-avatar\" href=\"https:\/\/ortodoxinfo.ro\/author\/redactor\/\"><img loading=\"lazy\" decoding=\"async\" alt=\"OrtodoxINFO\" src=\"https:\/\/secure.gravatar.com\/avatar\/21010332354a182ce4de6016685c5586f21c51866d0ec5bc8ef383240b3c3e02?s=120&amp;r=g\" class=\"avatar avatar-120 photo\" height=\"120\" width=\"120\"><\/a><\/p>\n<div class=\"smeta-sec\">\n<div class=\"p-meta\">\n<div class=\"meta-inner is-meta\"><span class=\"meta-el meta-date\"><time datetime=\"2026-08-19T00:10:45+03:00\">19 august 2026<\/time><\/span><span class=\"meta-el meta-category meta-bold\"><a class=\"meta-separate category-20289\" href=\"https:\/\/ortodoxinfo.ro\/category\/suveranism\/\">Suveranism<\/a><\/span><span class=\"meta-el meta-view\">3.8k vizualiz\u0103ri\t\t<\/span><span class=\"meta-el meta-comment mobile-last-meta tablet-last-meta\"><a href=\"https:\/\/ortodoxinfo.ro\/2026\/08\/19\/polonia-a-intrat-oficial-in-clubul-economiilor-de-un-trilion-de-dolari\/#respond\">Comentarii<\/a><\/span><\/div>\n<\/div>\n<\/div>\n<\/div>\n<div class=\"smeta-extra\">\n<div class=\"t-shared-sec tooltips-n has-read-meta is-color\">\n<div class=\"t-shared-header is-meta\"><span class=\"share-label\">Share<\/span><\/div>\n<\/div>\n<div class=\"single-right-meta single-time-read is-meta\"><span class=\"meta-el meta-read\">4 Min Read<\/span><\/div>\n<\/div>\n<\/div>\n<\/header>\n<div class=\"grid-container\">\n<div class=\"s-ct\">\n<div class=\"s-feat-outer\">\n<div class=\"s-feat\">\n<div class=\"featured-lightbox-trigger\" data-source=\"https:\/\/ortodoxinfo.ro\/wp-content\/uploads\/2026\/08\/https___www.gandul.ro__wp-content_uploads_2025_12_polonia.webp\" data-caption data-attribution><img fetchpriority=\"high\" decoding=\"async\" width=\"860\" height=\"484\" src=\"https:\/\/ortodoxinfo.ro\/wp-content\/uploads\/2026\/08\/https___www.gandul.ro__wp-content_uploads_2025_12_polonia-860x484.webp\" class=\"attachment-foxiz_crop_o1 size-foxiz_crop_o1 wp-post-image\" alt loading=\"eager\"><\/div>\n<\/div>\n<\/div>\n<div class=\"s-ct-wrap has-lsl\">\n<div class=\"s-ct-inner\">\n<div class=\"l-shared-sec-outer show-mobile\">\n<div class=\"l-shared-sec\">\n<div class=\"l-shared-header meta-text\"><span class=\"share-label\">SHARE<\/span><\/div>\n<\/div>\n<\/div>\n<div class=\"e-ct-outer\">\n<div class=\"entry-top\">\n<div id=\"custom_html-3\" class=\"widget_text widget entry-widget clearfix widget_custom_html\">\n<div class=\"textwidget custom-html-widget\">\n<div><small><br \/>\n    OrtodoxINFO este supus unui sabotaj sistematic din partea reprezentan\u021bilor Google Rom\u00e2nia, at\u00e2t la afi\u0219\u0103ri c\u00e2t \u0219i \u00een rezultatele de c\u0103utare.<br \/>\n        Astfel c\u0103 veniturile din publicitate au sc\u0103zut de p\u00e2n\u0103 la <strong>10 ori<\/strong>. Situa\u021bia este similar\u0103 \u0219i pe Facebook.<\/p>\n<p>        V\u0103 invit\u0103m s\u0103 accesa\u021bi direct site-ul \u0219i s\u0103 v\u0103 abona\u021bi la notific\u0103ri.<\/p>\n<p>    Dac\u0103 dori\u021bi s\u0103 ne sus\u021bine\u021bi \u00een aceast\u0103 perioad\u0103 dificil\u0103, orice <a href=\"https:\/\/ortodoxinfo.ro\/donatii\/\">dona\u021bie<\/a> este binevenit\u0103.<br \/>\n    Dumnezeu s\u0103 v\u0103 r\u0103spl\u0103teasc\u0103!<br \/>\n<\/small><\/div>\n<\/div>\n<\/div>\n<\/div>\n<div class=\"entry-content rbct clearfix is-highlight-shares\">\n<p>Un moment istoric. O lec\u021bie dur\u0103. \u0218i o oglind\u0103 \u00een care Rom\u00e2nia ar trebui s\u0103 se priveasc\u0103 f\u0103r\u0103 mil\u0103.<\/p>\n<p>Produsul Intern Brut nominal al Poloniei a dep\u0103\u0219it pragul de un trilion de dolari. \u021aara se afl\u0103 acum printre cele mai mari 20 de economii ale lumii. Nu e o \u00eent\u00e2mplare. E rezultatul unor decenii de cre\u0219tere solid\u0103, de politici clare \u0219i de voin\u021b\u0103 politic\u0103.<\/p>\n<p>Sus\u021bin\u0103torii acestui model subliniaz\u0103 un lucru esen\u021bial: Polonia a ajuns aici f\u0103r\u0103 grani\u021be deschise, f\u0103r\u0103 s\u0103-\u0219i abandoneze mo\u0219tenirea cre\u0219tin\u0103 \u0219i f\u0103r\u0103 s\u0103-\u0219i demonteze tradi\u021biile na\u021bionale \u0219i identitatea cultural\u0103. Progresul economic \u0219i p\u0103strarea suveranit\u0103\u021bii, a credin\u021bei \u0219i a coeziunii sociale pot merge m\u00e2n\u0103 \u00een m\u00e2n\u0103. Polonia o demonstreaz\u0103.<\/p>\n<p>Acum privi\u021bi spre noi.<\/p>\n<p>De 36 de ani, Rom\u00e2nia este condus\u0103, cu pu\u021bine excep\u021bii, de o clas\u0103 politic\u0103 incapabil\u0103, corupt\u0103 \u0219i lipsit\u0103 de viziune na\u021bional\u0103. Am avut tot ce trebuia: resurse, pozi\u021bie geografic\u0103, un popor muncitor \u0219i o istorie grea care ar fi trebuit s\u0103 ne \u00eenve\u021be ceva. \u0218i totu\u0219i am r\u0103mas \u00een urm\u0103. Mult \u00een urm\u0103.<\/p>\n<p>\u00cen timp ce Polonia construia, noi demontam. \u00cen timp ce ei protejau identitatea, noi o negociam. \u00cen timp ce ei \u021bineau grani\u021bele sub control \u0219i familia ca fundament, noi am acceptat, r\u00e2nd pe r\u00e2nd, experimente care ne-au golit satele, ne-au trimis milioane de oameni la munc\u0103 \u00een str\u0103in\u0103tate \u0219i ne-au l\u0103sat cu o demografie \u00een c\u0103dere liber\u0103.<\/p>\n<p>Polonia a \u00een\u021beles c\u0103 suveranitatea nu e slogan. E condi\u021bie. Noi am tratat-o ca pe o piedic\u0103 \u00een calea \u201evalorilor europene\u201d pe care al\u021bii le-au inventat dup\u0103 ce \u0219i-au consolidat deja puterea.<\/p>\n<p>Rezultatul se vede \u00een cifre. Polonia are o economie de peste un trilion de dolari. Rom\u00e2nia se chinuie la mai pu\u021bin de jum\u0103tate. Nu pentru c\u0103 rom\u00e2nii ar fi mai pro\u0219ti sau mai lene\u0219i. Ci pentru c\u0103 am fost condu\u0219i de oameni care au confiscat statul, au v\u00e2ndut industriile pe nimic, au umplut institu\u021biile cu clientel\u0103 \u0219i au preferat s\u0103 gestioneze s\u0103r\u0103cia dec\u00e2t s\u0103 construiasc\u0103 bog\u0103\u021bie.<\/p>\n<p>De 36 de ani auzim acelea\u0219i promisiuni. De 36 de ani vedem acelea\u0219i fe\u021be sau acelea\u0219i mentalit\u0103\u021bi. \u0218i de 36 de ani ne uit\u0103m cu invidie la vecinii care au ales alt drum: m\u00e2ndrie na\u021bional\u0103, ordine, respect pentru tradi\u021bie \u0219i un capitalism care nu distruge identitatea.<\/p>\n<div class=\"inline-single-ad ad_single_3_index alignfull\">\n<div class=\"ad-wrap ad-script-wrap\">\n<div class=\"ad-script non-adsense edge-padding\">\n<div>\n\u203c\ufe0f\u203c\ufe0f NU recunoa\u0219tem ca pre\u0219edinte al Rom\u00e2niei pe marioneta retard\u0103 Nicu\u0219or Dan! Rom\u00e2ni, boicota\u021bi aceast\u0103 f\u0103c\u0103tur\u0103, care ne face \u021bara de r\u00e2s! NU rom\u00e2nii l-au votat pe Nicusoro\u0219 &#8211; cu unele excep\u021bii de persoane infantile, manipulabile \u0219i chiar idioate &#8211; ci l-au ajutat Maia Soro\u0219, Emanuel Macrou \u0219i tr\u0103d\u0103torii de la B.E.C. \u0219i CCR!<br \/>\n La \u00eenchisoare cu cei care au fraudat alegerile!\n<\/div>\n<\/div>\n<\/div>\n<\/div>\n<p>Polonia arat\u0103 c\u0103 se poate. Se poate cre\u0219te f\u0103r\u0103 a te dilua. Se poate fi bogat f\u0103r\u0103 a te ru\u0219ina de cruce \u0219i de steagul t\u0103u. Se poate fi european f\u0103r\u0103 a deveni o provincie f\u0103r\u0103 chip.<\/p>\n<p>Rom\u00e2nia are nevoie de o schimbare de direc\u021bie. Nu de \u00eenc\u0103 un guvern care gestioneaz\u0103 declinul. Are nevoie de o conducere care pune interesul na\u021bional pe primul loc, care protejeaz\u0103 grani\u021bele, care sprijin\u0103 familia rom\u00e2neasc\u0103 \u0219i care nu se mai scuz\u0103 pentru faptul c\u0103 exist\u0103.<\/p>\n<p>P\u00e2n\u0103 atunci, succesul Poloniei r\u0103m\u00e2ne o oglind\u0103 crud\u0103. \u0218i o acuza\u021bie t\u0103cut\u0103 la adresa celor care au risipit 36 de ani din istoria noastr\u0103.<\/p>\n<\/div>\n<div class=\"entry-bottom\">\n<div id=\"block-9\" class=\"widget entry-widget clearfix widget_block\">\n<div><a href=\"https:\/\/suspend.ro\" target=\"_blank\" rel=\"noopener noreferrer\"><img decoding=\"async\" src=\"https:\/\/ortodoxinfo.ro\/wp-content\/uploads\/2026\/08\/FB_IMG_1786185261439.jpg\" alt=\"Verific\u0103 pe suspend.ro \u2013 Parlamentarii din jude\u021bul t\u0103u sus\u021bin suspendarea lui Nicu\u0219or Dan?\"><\/a><\/div>\n<\/div>\n<\/div>\n<\/div>\n<\/div>\n<div class=\"e-shared-sec entry-sec\">\n<div class=\"e-shared-header h4\"><span>Distribuie<\/span><\/div>\n<div class=\"rbbsl tooltips-n effect-fadeout is-bg\"><a class=\"share-action share-trigger icon-facebook\" aria-label=\"Share on Facebook\" href=\"https:\/\/www.facebook.com\/sharer.php?u=https%3A%2F%2Fortodoxinfo.ro%2F2026%2F08%2F19%2Fpolonia-a-intrat-oficial-in-clubul-economiilor-de-un-trilion-de-dolari%2F\" data-title=\"Facebook\" rel=\"nofollow\"><span>Facebook<\/span><\/a><a class=\"share-action share-trigger icon-twitter\" aria-label=\"Share on X\" href=\"https:\/\/twitter.com\/intent\/tweet?text=Polonia+a+intrat+oficial+%C3%AEn+clubul+economiilor+de+un+trilion+de+dolari&amp;url=https%3A%2F%2Fortodoxinfo.ro%2F2026%2F08%2F19%2Fpolonia-a-intrat-oficial-in-clubul-economiilor-de-un-trilion-de-dolari%2F&amp;via=ortodoxinforo\" data-title=\"X\" rel=\"nofollow\"><span>X<\/span><\/a><a class=\"share-action icon-whatsapp is-web\" aria-label=\"Share on Whatsapp\" href=\"https:\/\/web.whatsapp.com\/send?text=Polonia+a+intrat+oficial+%C3%AEn+clubul+economiilor+de+un+trilion+de+dolari%20%E2%98%9E%20https%3A%2F%2Fortodoxinfo.ro%2F2026%2F08%2F19%2Fpolonia-a-intrat-oficial-in-clubul-economiilor-de-un-trilion-de-dolari%2F\" target=\"_blank\" data-title=\"WhatsApp\" rel=\"nofollow\"><span>Whatsapp<\/span><\/a><a class=\"share-action icon-whatsapp is-mobile\" aria-label=\"Share on Whatsapp\" href=\"\/\/send?text=Polonia+a+intrat+oficial+%C3%AEn+clubul+economiilor+de+un+trilion+de+dolari%20%E2%98%9E%20https%3A%2F%2Fortodoxinfo.ro%2F2026%2F08%2F19%2Fpolonia-a-intrat-oficial-in-clubul-economiilor-de-un-trilion-de-dolari%2F\" target=\"_blank\" data-title=\"WhatsApp\" rel=\"nofollow\"><span>Whatsapp<\/span><\/a><a class=\"share-action share-trigger icon-telegram\" aria-label=\"Share on Telegram\" href=\"https:\/\/t.me\/share\/?url=https%3A%2F%2Fortodoxinfo.ro%2F2026%2F08%2F19%2Fpolonia-a-intrat-oficial-in-clubul-economiilor-de-un-trilion-de-dolari%2F&amp;text=Polonia+a+intrat+oficial+%C3%AEn+clubul+economiilor+de+un+trilion+de+dolari\" data-title=\"Telegram\" rel=\"nofollow\"><span>Telegram<\/span><\/a><a class=\"share-action icon-copy copy-trigger\" aria-label=\"Copy Link\" href=\"https:\/\/ortodoxinfo.ro\/2026\/08\/19\/polonia-a-intrat-oficial-in-clubul-economiilor-de-un-trilion-de-dolari\/\" data-copied=\"Copied!\" data-link=\"https:\/\/ortodoxinfo.ro\/2026\/08\/19\/polonia-a-intrat-oficial-in-clubul-economiilor-de-un-trilion-de-dolari\/\" rel=\"nofollow\" data-copy=\"Copy Link\"><span>Copy Link<\/span><\/a><a class=\"share-action icon-print\" aria-label=\"Print\" rel=\"nofollow\" data-title=\"Print\"><span>Print<\/span><\/a><\/div>\n<\/div>\n<\/div>\n<div id=\"tabs\" class=\"dntplgn_form_wrapper\"><span><\/p>\n<h2>\u0218tirile sunt sub cenzur\u0103! Sprijini\u021bi OrtodoxINFO!<\/h2>\n<p>Guvernul nu dore\u0219te aflarea adev\u0103rului despre lovitura de stat \u0219i \u00eengenuncherea Rom\u00e2niei. \u00cencerc\u0103m s\u0103 men\u021binem viu acest site \u0219i s\u0103 v\u0103 punem la dispozi\u021bie informa\u021bii care s\u0103 fac\u0103 lumin\u0103 \u00een cea mai mare provocare pe care o tr\u0103im. Jurnalismul independent al portalului OrtodoxINFO func\u021bioneaz\u0103 strict cu ajutorul cititorilor.<br \/>\nNe pute\u021bi sprijini printr-o <b><a href=\"https:\/\/ortodoxinfo.ro\/donatii\/\">dona\u021bie bancar\u0103<\/a> sau prin PayPal, complet\u00e2nd formularul de mai jos.<\/b><\/span><\/p>\n<ul>\n<li><a href=\"https:\/\/ortodoxinfo.ro\/2026\/08\/19\/polonia-a-intrat-oficial-in-clubul-economiilor-de-un-trilion-de-dolari\/#tabs-1\">Dona\u021bie lunar\u0103<\/a><\/li>\n<li><a href=\"https:\/\/ortodoxinfo.ro\/2026\/08\/19\/polonia-a-intrat-oficial-in-clubul-economiilor-de-un-trilion-de-dolari\/#tabs-2\">Doar acum<\/a><\/li>\n<\/ul>\n<div id=\"tabs-1\"><img loading=\"lazy\" decoding=\"async\" alt border=\"0\" src=\"https:\/\/www.paypalobjects.com\/en_US\/i\/scr\/pixel.gif\" width=\"1\" height=\"1\"><\/div>\n<div id=\"tabs-2\">\n<p>\t\t     \u20ac<\/p>\n<p>\t\t    <img loading=\"lazy\" decoding=\"async\" alt border=\"0\" src=\"https:\/\/www.paypalobjects.com\/en_US\/i\/scr\/pixel.gif\" width=\"1\" height=\"1\"><\/div>\n<p>Mul\u021bumim celor care ne-au ajutat p\u00e2n\u0103 acum!\n\t<\/p><\/div>\n<div class=\"comment-box-wrap entry-sec\">\n<div class=\"comment-box-header\"><span class=\"h3\">Las\u0103 un comentariu<\/span><\/div>\n<div class=\"comment-holder no-comment\">\n<div id=\"comments\" class=\"comments-area\">\n<div id=\"respond\" class=\"comment-respond\">\n<h3 id=\"reply-title\" class=\"comment-reply-title\">Las\u0103 un r\u0103spuns <small><a rel=\"nofollow\" id=\"cancel-comment-reply-link\" href=\"https:\/\/ortodoxinfo.ro\/2026\/08\/19\/polonia-a-intrat-oficial-in-clubul-economiilor-de-un-trilion-de-dolari\/#respond\">Anuleaz\u0103 r\u0103spunsul<\/a><\/small><\/h3>\n<p class=\"comment-notes\"><span id=\"email-notes\">Adresa ta de email nu va fi publicat\u0103.<\/span><span class=\"required-field-message\">C\u00e2mpurile obligatorii sunt marcate cu <span class=\"required\">*<\/span><\/span><\/p>\n<\/div>\n<\/div>\n<\/div>\n<\/div>\n<\/div>\n<div class=\"sidebar-wrap single-sidebar\">\n<div class=\"sidebar-inner clearfix\">\n<div id=\"widget-post-2\" class=\"widget rb-section w-sidebar clearfix widget-post\">\n<div class=\"block-h widget-heading heading-layout-1\">\n<div class=\"heading-inner\">\n<h4 class=\"heading-title\"><span>Articole recente<\/span><\/h4>\n<\/div>\n<\/div>\n<div class=\"widget-p-listing\">\n<div class=\"p-wrap p-small p-list-small-2\" data-pid=\"259443\">\n<div class=\"feat-holder\">\n<div class=\"p-featured ratio-v1\"><a class=\"p-flink\" href=\"https:\/\/ortodoxinfo.ro\/2026\/08\/19\/cnn-iranul-pierde-controlul-asupra-stramtorii-ormuz-ruta-secreta-prin-care-statele-din-golf-scot-petrolul-incercand-sa-evite-presiunile-teheranului\/\" title=\"CNN: Iranul pierde controlul asupra Str\u00e2mtorii Ormuz. Ruta secret\u0103 prin care statele din Golf scot petrolul \u00eencerc\u00e2nd s\u0103 evite presiunile Teheranului\"><img decoding=\"async\" width=\"150\" height=\"150\" src=\"https:\/\/ortodoxinfo.ro\/wp-content\/uploads\/2026\/08\/iran-hormuz-jpg-1280x720-150x150.jpeg\" class=\"featured-img wp-post-image\" alt loading=\"lazy\"><\/a><\/div>\n<\/div>\n<div class=\"p-content\">\n<h5 class=\"entry-title\"><a class=\"p-url\" href=\"https:\/\/ortodoxinfo.ro\/2026\/08\/19\/cnn-iranul-pierde-controlul-asupra-stramtorii-ormuz-ruta-secreta-prin-care-statele-din-golf-scot-petrolul-incercand-sa-evite-presiunile-teheranului\/\" rel=\"bookmark\">CNN: Iranul pierde controlul asupra Str\u00e2mtorii Ormuz. Ruta secret\u0103 prin care statele din Golf scot petrolul \u00eencerc\u00e2nd s\u0103 evite presiunile Teheranului<\/a><\/h5>\n<div class=\"p-meta\">\n<div class=\"meta-inner is-meta\"><span class=\"meta-el meta-date\"><time datetime=\"2026-08-19T12:20:58+03:00\">19 august 2026<\/time><\/span><span class=\"meta-el meta-category meta-bold\"><a class=\"meta-separate category-20293\" href=\"https:\/\/ortodoxinfo.ro\/category\/anti-sistem\/al-iii-lea-razboi-mondial\/iran\/\">IRAN<\/a><\/span><span class=\"meta-el meta-view\">1.2k vizualiz\u0103ri\t\t<\/span><\/div>\n<\/div>\n<\/div>\n<\/div>\n<div class=\"p-wrap p-small p-list-small-2\" data-pid=\"259341\">\n<div class=\"feat-holder\">\n<div class=\"p-featured ratio-v1\"><a class=\"p-flink\" href=\"https:\/\/ortodoxinfo.ro\/2026\/08\/19\/degeneratul-nicusor-dan-a-promis-ca-va-lamuri-anularea-alegerilor-din-2024-raportul-a-ajuns-sa-cerceteze-rusia-din-ultimii-20-de-ani\/\" title=\"Degeneratul Nicu\u0219or Dan a promis c\u0103 va l\u0103muri anularea alegerilor din 2024 \u2013 Raportul a ajuns s\u0103 cerceteze Rusia din ultimii 20 de ani\"><img decoding=\"async\" width=\"150\" height=\"150\" src=\"https:\/\/ortodoxinfo.ro\/wp-content\/uploads\/2026\/08\/nicusor-dan-123123-150x150.png\" class=\"featured-img wp-post-image\" alt loading=\"lazy\"><\/a><\/div>\n<\/div>\n<div class=\"p-content\">\n<h5 class=\"entry-title\"><a class=\"p-url\" href=\"https:\/\/ortodoxinfo.ro\/2026\/08\/19\/degeneratul-nicusor-dan-a-promis-ca-va-lamuri-anularea-alegerilor-din-2024-raportul-a-ajuns-sa-cerceteze-rusia-din-ultimii-20-de-ani\/\" rel=\"bookmark\">Degeneratul Nicu\u0219or Dan a promis c\u0103 va l\u0103muri anularea alegerilor din 2024 \u2013 Raportul a ajuns s\u0103 cerceteze Rusia din ultimii 20 de ani<\/a><\/h5>\n<div class=\"p-meta\">\n<div class=\"meta-inner is-meta\"><span class=\"meta-el meta-date\"><time datetime=\"2026-08-19T00:13:25+03:00\">19 august 2026<\/time><\/span><span class=\"meta-el meta-category meta-bold\"><a class=\"meta-separate category-19885\" href=\"https:\/\/ortodoxinfo.ro\/category\/anti-sistem\/anti-romanism\/asasinii-tarii\/\">Asasinii \u021b\u0103rii<\/a><\/span><span class=\"meta-el meta-view\">4.5k vizualiz\u0103ri\t\t<\/span><\/div>\n<\/div>\n<\/div>\n<\/div>\n<div class=\"p-wrap p-small p-list-small-2\" data-pid=\"259221\">\n<div class=\"feat-holder\">\n<div class=\"p-featured ratio-v1\"><a class=\"p-flink\" href=\"https:\/\/ortodoxinfo.ro\/2026\/08\/18\/manevra-schizo-securistoida-a-lui-ctp-vrea-excluderea-din-ue-ca-sa-dea-gravitate-ejectarii-lui-fritz-de-la-primarie-dar-anularea-a-9-milioane-de-voturi-fara-probe-este-compatibila-cu-valorile-ue\/\" title=\"Manevr\u0103 schizo-securistoid\u0103 a lui CTP: Vrea excluderea din UE, ca s\u0103 dea gravitate eject\u0103rii lui Fritz de la prim\u0103rie! Dar anularea a 9 MILIOANE de voturi, f\u0103r\u0103 PROBE, este compatibil\u0103 cu valorile UE?\"><img decoding=\"async\" width=\"150\" height=\"150\" src=\"https:\/\/ortodoxinfo.ro\/wp-content\/uploads\/2026\/08\/ctp-fara-anticipate-nu-cred-ca-se-poate-merge-mai-departe-chiar-daca-in-aceste-alegeri-se-va-alege-p-150x150.jpeg\" class=\"featured-img wp-post-image\" alt loading=\"lazy\"><\/a><\/div>\n<\/div>\n<div class=\"p-content\">\n<h5 class=\"entry-title\"><a class=\"p-url\" href=\"https:\/\/ortodoxinfo.ro\/2026\/08\/18\/manevra-schizo-securistoida-a-lui-ctp-vrea-excluderea-din-ue-ca-sa-dea-gravitate-ejectarii-lui-fritz-de-la-primarie-dar-anularea-a-9-milioane-de-voturi-fara-probe-este-compatibila-cu-valorile-ue\/\" rel=\"bookmark\">Manevr\u0103 schizo-securistoid\u0103 a lui CTP: Vrea excluderea din UE, ca s\u0103 dea gravitate eject\u0103rii lui Fritz de la prim\u0103rie! Dar anularea a 9 MILIOANE de voturi, f\u0103r\u0103 PROBE, este compatibil\u0103 cu valorile UE?<\/a><\/h5>\n<div class=\"p-meta\">\n<div class=\"meta-inner is-meta\"><span class=\"meta-el meta-date\"><time datetime=\"2026-08-18T18:21:10+03:00\">18 august 2026<\/time><\/span><span class=\"meta-el meta-category meta-bold\"><a class=\"meta-separate category-19885\" href=\"https:\/\/ortodoxinfo.ro\/category\/anti-sistem\/anti-romanism\/asasinii-tarii\/\">Asasinii \u021b\u0103rii<\/a><\/span><span class=\"meta-el meta-view\">22k vizualiz\u0103ri\t\t<\/span><\/div>\n<\/div>\n<\/div>\n<\/div>\n<div class=\"p-wrap p-small p-list-small-2\" data-pid=\"259188\">\n<div class=\"feat-holder\">\n<div class=\"p-featured ratio-v1\"><a class=\"p-flink\" href=\"https:\/\/ortodoxinfo.ro\/2026\/08\/18\/mark-zuckerberg-risca-daune-de-14-trilioane-de-dolari-intr-un-proces-istoric-privind-dependenta-adolescentilor-de-instagram\/\" title=\"Mark Zuckerberg risc\u0103 daune de 1,4 trilioane de dolari \u00eentr-un proces istoric privind dependen\u021ba adolescen\u021bilor de Instagram\"><img decoding=\"async\" width=\"150\" height=\"150\" src=\"https:\/\/ortodoxinfo.ro\/wp-content\/uploads\/2026\/08\/mark-zuckerberg-risca-daune-de-1-4-trilioane-de-dolari-intr-un-proces-istoric-privind-dependenta-ado-150x150.jpeg\" class=\"featured-img wp-post-image\" alt loading=\"lazy\"><\/a><\/div>\n<\/div>\n<div class=\"p-content\">\n<h5 class=\"entry-title\"><a class=\"p-url\" href=\"https:\/\/ortodoxinfo.ro\/2026\/08\/18\/mark-zuckerberg-risca-daune-de-14-trilioane-de-dolari-intr-un-proces-istoric-privind-dependenta-adolescentilor-de-instagram\/\" rel=\"bookmark\">Mark Zuckerberg risc\u0103 daune de 1,4 trilioane de dolari \u00eentr-un proces istoric privind dependen\u021ba adolescen\u021bilor de Instagram<\/a><\/h5>\n<div class=\"p-meta\">\n<div class=\"meta-inner is-meta\"><span class=\"meta-el meta-date\"><time datetime=\"2026-08-18T17:48:34+03:00\">18 august 2026<\/time><\/span><span class=\"meta-el meta-category meta-bold\"><a class=\"meta-separate category-1596\" href=\"https:\/\/ortodoxinfo.ro\/category\/anti-sistem\/big-brother\/\">Big brother<\/a><\/span><span class=\"meta-el meta-view\">3.6k vizualiz\u0103ri\t\t<\/span><\/div>\n<\/div>\n<\/div>\n<\/div>\n<\/div>\n<\/div>\n<div id=\"custom_html-2\" class=\"widget_text widget rb-section w-sidebar clearfix widget_custom_html\">\n<div class=\"block-h widget-heading heading-layout-1\">\n<div class=\"heading-inner\">\n<h4 class=\"heading-title\"><span>DONA\u021aII \u00een cont bancar<\/span><\/h4>\n<\/div>\n<\/div>\n<div class=\"textwidget custom-html-widget\">\n<table class=\"donatii\">\n<tbody>\n<tr>\n<th colspan=\"2\"><strong><span>Asicia\u021bia SMI-B<\/span><\/strong><\/th>\n<\/tr>\n<tr>\n<th>Cont LEI<\/th>\n<td>RO67CECEB00030RON2081955<\/td>\n<\/tr>\n<tr>\n<th>Cont EURO<\/th>\n<td>RO33CECEB000C1EUR2081978<\/td>\n<\/tr>\n<tr>\n<th>Cod SWIFT<\/th>\n<td>CECEROBU<\/td>\n<\/tr>\n<tr>\n<th colspan=\"2\"><strong>CEC BANK SA<\/strong><\/th>\n<\/tr>\n<\/tbody>\n<\/table>\n<\/div>\n<\/div>\n<\/div>\n<\/div>\n<\/div>\n<\/article>\n<div class=\"entry-content rbct clearfix is-highlight-shares\">\n<p>Un moment istoric. O lec\u021bie dur\u0103. \u0218i o oglind\u0103 \u00een care Rom\u00e2nia ar trebui s\u0103 se priveasc\u0103 f\u0103r\u0103 mil\u0103.<\/p>\n<p>Produsul Intern Brut nominal al Poloniei a dep\u0103\u0219it pragul de un trilion de dolari. \u021aara se afl\u0103 acum printre cele mai mari 20 de economii ale lumii. Nu e o \u00eent\u00e2mplare. E rezultatul unor decenii de cre\u0219tere solid\u0103, de politici clare \u0219i de voin\u021b\u0103 politic\u0103.<\/p>\n<p>Sus\u021bin\u0103torii acestui model subliniaz\u0103 un lucru esen\u021bial: Polonia a ajuns aici f\u0103r\u0103 grani\u021be deschise, f\u0103r\u0103 s\u0103-\u0219i abandoneze mo\u0219tenirea cre\u0219tin\u0103 \u0219i f\u0103r\u0103 s\u0103-\u0219i demonteze tradi\u021biile na\u021bionale \u0219i identitatea cultural\u0103. Progresul economic \u0219i p\u0103strarea suveranit\u0103\u021bii, a credin\u021bei \u0219i a coeziunii sociale pot merge m\u00e2n\u0103 \u00een m\u00e2n\u0103. Polonia o demonstreaz\u0103.<\/p>\n<p>Acum privi\u021bi spre noi.<\/p>\n<p>De 36 de ani, Rom\u00e2nia este condus\u0103, cu pu\u021bine excep\u021bii, de o clas\u0103 politic\u0103 incapabil\u0103, corupt\u0103 \u0219i lipsit\u0103 de viziune na\u021bional\u0103. Am avut tot ce trebuia: resurse, pozi\u021bie geografic\u0103, un popor muncitor \u0219i o istorie grea care ar fi trebuit s\u0103 ne \u00eenve\u021be ceva. \u0218i totu\u0219i am r\u0103mas \u00een urm\u0103. Mult \u00een urm\u0103.<\/p>\n<p>\u00cen timp ce Polonia construia, noi demontam. \u00cen timp ce ei protejau identitatea, noi o negociam. \u00cen timp ce ei \u021bineau grani\u021bele sub control \u0219i familia ca fundament, noi am acceptat, r\u00e2nd pe r\u00e2nd, experimente care ne-au golit satele, ne-au trimis milioane de oameni la munc\u0103 \u00een str\u0103in\u0103tate \u0219i ne-au l\u0103sat cu o demografie \u00een c\u0103dere liber\u0103.<\/p>\n<p>Polonia a \u00een\u021beles c\u0103 suveranitatea nu e slogan. E condi\u021bie. Noi am tratat-o ca pe o piedic\u0103 \u00een calea \u201evalorilor europene\u201d pe care al\u021bii le-au inventat dup\u0103 ce \u0219i-au consolidat deja puterea.<\/p>\n<p>Rezultatul se vede \u00een cifre. Polonia are o economie de peste un trilion de dolari. Rom\u00e2nia se chinuie la mai pu\u021bin de jum\u0103tate. Nu pentru c\u0103 rom\u00e2nii ar fi mai pro\u0219ti sau mai lene\u0219i. Ci pentru c\u0103 am fost condu\u0219i de oameni care au confiscat statul, au v\u00e2ndut industriile pe nimic, au umplut institu\u021biile cu clientel\u0103 \u0219i au preferat s\u0103 gestioneze s\u0103r\u0103cia dec\u00e2t s\u0103 construiasc\u0103 bog\u0103\u021bie.<\/p>\n<p>De 36 de ani auzim acelea\u0219i promisiuni. De 36 de ani vedem acelea\u0219i fe\u021be sau acelea\u0219i mentalit\u0103\u021bi. \u0218i de 36 de ani ne uit\u0103m cu invidie la vecinii care au ales alt drum: m\u00e2ndrie na\u021bional\u0103, ordine, respect pentru tradi\u021bie \u0219i un capitalism care nu distruge identitatea.<\/p>\n<div class=\"inline-single-ad ad_single_3_index alignfull\">\n<div class=\"ad-wrap ad-script-wrap\">\n<div class=\"ad-script non-adsense edge-padding\">\n<div>\n\u203c\ufe0f\u203c\ufe0f NU recunoa\u0219tem ca pre\u0219edinte al Rom\u00e2niei pe marioneta retard\u0103 Nicu\u0219or Dan! Rom\u00e2ni, boicota\u021bi aceast\u0103 f\u0103c\u0103tur\u0103, care ne face \u021bara de r\u00e2s! NU rom\u00e2nii l-au votat pe Nicusoro\u0219 &#8211; cu unele excep\u021bii de persoane infantile, manipulabile \u0219i chiar idioate &#8211; ci l-au ajutat Maia Soro\u0219, Emanuel Macrou \u0219i tr\u0103d\u0103torii de la B.E.C. \u0219i CCR!<br \/>\n La \u00eenchisoare cu cei care au fraudat alegerile!\n<\/div>\n<\/div>\n<\/div>\n<\/div>\n<p>Polonia arat\u0103 c\u0103 se poate. Se poate cre\u0219te f\u0103r\u0103 a te dilua. Se poate fi bogat f\u0103r\u0103 a te ru\u0219ina de cruce \u0219i de steagul t\u0103u. Se poate fi european f\u0103r\u0103 a deveni o provincie f\u0103r\u0103 chip.<\/p>\n<p>Rom\u00e2nia are nevoie de o schimbare de direc\u021bie. Nu de \u00eenc\u0103 un guvern care gestioneaz\u0103 declinul. Are nevoie de o conducere care pune interesul na\u021bional pe primul loc, care protejeaz\u0103 grani\u021bele, care sprijin\u0103 familia rom\u00e2neasc\u0103 \u0219i care nu se mai scuz\u0103 pentru faptul c\u0103 exist\u0103.<\/p>\n<p>P\u00e2n\u0103 atunci, succesul Poloniei r\u0103m\u00e2ne o oglind\u0103 crud\u0103. \u0218i o acuza\u021bie t\u0103cut\u0103 la adresa celor care au risipit 36 de ani din istoria noastr\u0103.<\/p>\n<\/div>\n<p>[analyse_source url=&#8221;https:\/\/ortodoxinfo.ro\/2026\/08\/19\/polonia-a-intrat-oficial-in-clubul-economiilor-de-un-trilion-de-dolari\/&#8221;]<\/p>\n","protected":false},"excerpt":{"rendered":"<p>[analyse_image type=&#8221;featured&#8221; src=&#8221;https:\/\/ortodoxinfo.ro\/wp-content\/uploads\/2026\/08\/https___www.gandul.ro__wp-content_uploads_2025_12_polonia.webphttps:\/\/ortodoxinfo.ro\/wp-content\/uploads\/2026\/08\/https___www.gandul.ro__wp-content_uploads_2025_12_polonia.webp&#8221;] Prima pagin\u0103 \u00bb Blog \u00bb Polonia a intrat oficial \u00een clubul economiilor de un trilion de dolari Polonia a intrat oficial \u00een clubul economiilor de un trilion de dolari 19 august 2026Suveranism3.8k vizualiz\u0103ri Comentarii Share 4 Min Read SHARE OrtodoxINFO este supus unui sabotaj sistematic din partea reprezentan\u021bilor Google Rom\u00e2nia, at\u00e2t la [&hellip;]<\/p>\n","protected":false},"author":1,"featured_media":0,"comment_status":"open","ping_status":"","sticky":false,"template":"","format":"standard","meta":{"footnotes":""},"categories":[89],"tags":[226,94],"class_list":["post-2100526","post","type-post","status-publish","format-standard","hentry","category-romania","tag-crawlmanager","tag-ortodoxinfo-ro"],"_links":{"self":[{"href":"https:\/\/analyse.optim.biz\/index.php?rest_route=\/wp\/v2\/posts\/2100526","targetHints":{"allow":["GET"]}}],"collection":[{"href":"https:\/\/analyse.optim.biz\/index.php?rest_route=\/wp\/v2\/posts"}],"about":[{"href":"https:\/\/analyse.optim.biz\/index.php?rest_route=\/wp\/v2\/types\/post"}],"author":[{"embeddable":true,"href":"https:\/\/analyse.optim.biz\/index.php?rest_route=\/wp\/v2\/users\/1"}],"replies":[{"embeddable":true,"href":"https:\/\/analyse.optim.biz\/index.php?rest_route=%2Fwp%2Fv2%2Fcomments&post=2100526"}],"version-history":[{"count":0,"href":"https:\/\/analyse.optim.biz\/index.php?rest_route=\/wp\/v2\/posts\/2100526\/revisions"}],"wp:attachment":[{"href":"https:\/\/analyse.optim.biz\/index.php?rest_route=%2Fwp%2Fv2%2Fmedia&parent=2100526"}],"wp:term":[{"taxonomy":"category","embeddable":true,"href":"https:\/\/analyse.optim.biz\/index.php?rest_route=%2Fwp%2Fv2%2Fcategories&post=2100526"},{"taxonomy":"post_tag","embeddable":true,"href":"https:\/\/analyse.optim.biz\/index.php?rest_route=%2Fwp%2Fv2%2Ftags&post=2100526"}],"curies":[{"name":"wp","href":"https:\/\/api.w.org\/{rel}","templated":true}]}}