{"id":2100525,"date":"2026-08-18T15:21:10","date_gmt":"2026-08-18T12:21:10","guid":{"rendered":"https:\/\/analyse.optim.biz\/?p=2100525"},"modified":"2026-08-18T15:21:10","modified_gmt":"2026-08-18T12:21:10","slug":"manevra-schizo-securistoida-a-lui-ctp-vrea-excluderea-din-ue-ca-sa-dea-gravitate-ejectarii-lui-fritz-de-la-primarie-dar-anularea-a-9-milioane-de-voturi-fara-probe-este-compatibila-cu-valorile-ue","status":"publish","type":"post","link":"https:\/\/analyse.optim.biz\/?p=2100525","title":{"rendered":"Manevr\u0103 schizo-securistoid\u0103 a lui CTP: Vrea excluderea din UE, ca s\u0103 dea gravitate eject\u0103rii lui Fritz de la prim\u0103rie! Dar anularea a 9 MILIOANE de voturi, f\u0103r\u0103 PROBE, este compatibil\u0103 cu valorile UE?"},"content":{"rendered":"<p>[analyse_image type=&#8221;featured&#8221; src=&#8221;https:\/\/ortodoxinfo.ro\/wp-content\/uploads\/2026\/08\/ctp-fara-anticipate-nu-cred-ca-se-poate-merge-mai-departe-chiar-daca-in-aceste-alegeri-se-va-alege-p.jpeghttps:\/\/ortodoxinfo.ro\/wp-content\/uploads\/2026\/08\/ctp-fara-anticipate-nu-cred-ca-se-poate-merge-mai-departe-chiar-daca-in-aceste-alegeri-se-va-alege-p.jpeg&#8221;]<\/p>\n<article id=\"post-259221\" class=\"post-259221 post type-post status-publish format-standard has-post-thumbnail category-asasinii-tarii\">\n<header class=\"single-header\">\n<aside class=\"breadcrumb-wrap breadcrumb-yoast s-breadcrumb\">\n<div class=\"breadcrumb-inner\"><span><span><a href=\"https:\/\/ortodoxinfo.ro\/\">Prima pagin\u0103<\/a><\/span> \u00bb <span><a href=\"https:\/\/ortodoxinfo.ro\/blog\/\">Blog<\/a><\/span> \u00bb <span class=\"breadcrumb_last\" aria-current=\"page\">Manevr\u0103 schizo-securistoid\u0103 a lui CTP: Vrea excluderea din UE, ca s\u0103 dea gravitate eject\u0103rii lui Fritz de la prim\u0103rie! Dar anularea a 9 MILIOANE de voturi, f\u0103r\u0103 PROBE, este compatibil\u0103 cu valorile UE?<\/span><\/span><\/div>\n<\/aside>\n<h1 class=\"s-title fw-headline\">Manevr\u0103 schizo-securistoid\u0103 a lui CTP: Vrea excluderea din UE, ca s\u0103 dea gravitate eject\u0103rii lui Fritz de la prim\u0103rie! Dar anularea a 9 MILIOANE de voturi, f\u0103r\u0103 PROBE, este compatibil\u0103 cu valorile UE?<\/h1>\n<div class=\"single-meta meta-s-default yes-0\">\n<div class=\"smeta-in\"><a class=\"meta-el meta-avatar\" href=\"https:\/\/ortodoxinfo.ro\/author\/redactor\/\"><img loading=\"lazy\" decoding=\"async\" alt=\"OrtodoxINFO\" src=\"https:\/\/secure.gravatar.com\/avatar\/21010332354a182ce4de6016685c5586f21c51866d0ec5bc8ef383240b3c3e02?s=120&amp;r=g\" class=\"avatar avatar-120 photo\" height=\"120\" width=\"120\"><\/a><\/p>\n<div class=\"smeta-sec\">\n<div class=\"p-meta\">\n<div class=\"meta-inner is-meta\"><span class=\"meta-el meta-date\"><time datetime=\"2026-08-18T18:21:10+03:00\">18 august 2026<\/time><\/span><span class=\"meta-el meta-category meta-bold\"><a class=\"meta-separate category-19885\" href=\"https:\/\/ortodoxinfo.ro\/category\/anti-sistem\/anti-romanism\/asasinii-tarii\/\">Asasinii \u021b\u0103rii<\/a><\/span><span class=\"meta-el meta-view\">22k vizualiz\u0103ri\t\t<\/span><span class=\"meta-el meta-comment mobile-last-meta tablet-last-meta\"><a href=\"https:\/\/ortodoxinfo.ro\/2026\/08\/18\/manevra-schizo-securistoida-a-lui-ctp-vrea-excluderea-din-ue-ca-sa-dea-gravitate-ejectarii-lui-fritz-de-la-primarie-dar-anularea-a-9-milioane-de-voturi-fara-probe-este-compatibila-cu-valorile-ue\/#respond\">Comentarii<\/a><\/span><\/div>\n<\/div>\n<\/div>\n<\/div>\n<div class=\"smeta-extra\">\n<div class=\"t-shared-sec tooltips-n has-read-meta is-color\">\n<div class=\"t-shared-header is-meta\"><span class=\"share-label\">Share<\/span><\/div>\n<\/div>\n<div class=\"single-right-meta single-time-read is-meta\"><span class=\"meta-el meta-read\">4 Min Read<\/span><\/div>\n<\/div>\n<\/div>\n<\/header>\n<div class=\"grid-container\">\n<div class=\"s-ct\">\n<div class=\"s-feat-outer\">\n<div class=\"s-feat\">\n<div class=\"featured-lightbox-trigger\" data-source=\"https:\/\/ortodoxinfo.ro\/wp-content\/uploads\/2026\/08\/ctp-fara-anticipate-nu-cred-ca-se-poate-merge-mai-departe-chiar-daca-in-aceste-alegeri-se-va-alege-p.jpeg\" data-caption data-attribution><img fetchpriority=\"high\" decoding=\"async\" width=\"860\" height=\"574\" src=\"https:\/\/ortodoxinfo.ro\/wp-content\/uploads\/2026\/08\/ctp-fara-anticipate-nu-cred-ca-se-poate-merge-mai-departe-chiar-daca-in-aceste-alegeri-se-va-alege-p-860x574.jpeg\" class=\"attachment-foxiz_crop_o1 size-foxiz_crop_o1 wp-post-image\" alt loading=\"eager\"><\/div>\n<\/div>\n<\/div>\n<div class=\"s-ct-wrap has-lsl\">\n<div class=\"s-ct-inner\">\n<div class=\"l-shared-sec-outer show-mobile\">\n<div class=\"l-shared-sec\">\n<div class=\"l-shared-header meta-text\"><span class=\"share-label\">SHARE<\/span><\/div>\n<\/div>\n<\/div>\n<div class=\"e-ct-outer\">\n<div class=\"entry-top\">\n<div id=\"custom_html-3\" class=\"widget_text widget entry-widget clearfix widget_custom_html\">\n<div class=\"textwidget custom-html-widget\">\n<div><small><br \/>\n    OrtodoxINFO este supus unui sabotaj sistematic din partea reprezentan\u021bilor Google Rom\u00e2nia, at\u00e2t la afi\u0219\u0103ri c\u00e2t \u0219i \u00een rezultatele de c\u0103utare.<br \/>\n        Astfel c\u0103 veniturile din publicitate au sc\u0103zut de p\u00e2n\u0103 la <strong>10 ori<\/strong>. Situa\u021bia este similar\u0103 \u0219i pe Facebook.<\/p>\n<p>        V\u0103 invit\u0103m s\u0103 accesa\u021bi direct site-ul \u0219i s\u0103 v\u0103 abona\u021bi la notific\u0103ri.<\/p>\n<p>    Dac\u0103 dori\u021bi s\u0103 ne sus\u021bine\u021bi \u00een aceast\u0103 perioad\u0103 dificil\u0103, orice <a href=\"https:\/\/ortodoxinfo.ro\/donatii\/\">dona\u021bie<\/a> este binevenit\u0103.<br \/>\n    Dumnezeu s\u0103 v\u0103 r\u0103spl\u0103teasc\u0103!<br \/>\n<\/small><\/div>\n<\/div>\n<\/div>\n<\/div>\n<div class=\"entry-content rbct clearfix is-highlight-shares\">\n<p>Cristian Tudor Popescu, care ani de zile s-a erijat \u00een ap\u0103r\u0103torul absolut al \u201ecordonului sanitar\u201d \u0219i al europeismului f\u0103r\u0103 fisur\u0103, a ajuns s\u0103 cear\u0103 pe Facebook excluderea de facto a Rom\u00e2niei din Uniunea European\u0103 \u0219i din Consiliul Europei. Motivul? Decizia Cur\u021bii Constitu\u021bionale din 17 august 2026, care a declarat constitu\u021bional amendamentul prin care Dominic Fritz, primarul Timi\u0219oarei, \u00ee\u0219i poate pierde mandatul.<\/p>\n<p>Fritz a pierdut definitiv, \u00een iunie 2026, procesul cu ANI. \u00cenalta Curte a confirmat c\u0103 s-a aflat \u00een conflict de interese: a aprobat un document urbanistic care a adus beneficii unei persoane de la care primise un \u00eemprumut de 25.000 de lei \u00een campania electoral\u0103. Decizie judec\u0103toreasc\u0103. Probe. Conflict de interese demonstrat. Nu \u201epresupuneri\u201d, nu \u201enote informative\u201d \u021binute la secret.<\/p>\n<p>\u0218i totu\u0219i, pentru acest caz local, CTP descoper\u0103 brusc c\u0103 Rom\u00e2nia nu mai merit\u0103 s\u0103 stea \u00een UE. Cere expulzarea. Exact acela\u0219i CTP care, pe 6 decembrie 2024, c\u00e2nd Curtea Constitu\u021bional\u0103 a anulat \u00eentregul proces electoral preziden\u021bial \u2013 votul a aproape 9 milioane de rom\u00e2ni \u2013 a t\u0103cut sau a relativizat. Atunci, pe baza unor documente desecretizate de CSAT (unde se aflau \u0219i Iohannis, \u0219i Ciolacu), s-a aruncat la co\u0219 un scrutin na\u021bional. P\u00e2n\u0103 azi, la aproape doi ani distan\u021b\u0103, nimeni nu a pus pe mas\u0103, \u00een mod public \u0219i conving\u0103tor, probele concrete care s\u0103 justifice o asemenea decizie de o gravitate democratic\u0103 uria\u0219\u0103. Doar acuza\u021bii, note, \u201einterferen\u021be\u201d. F\u0103r\u0103 proces, f\u0103r\u0103 dovezi solide prezentate cet\u0103\u021benilor.<\/p>\n<p>Aici se vede dublul standard \u00een toat\u0103 goliciunea lui. Anularea alegerilor \u2013 un act care love\u0219te \u00een suveranitatea popular\u0103, \u00een dreptul de a alege \u2013 a fost acceptat\u0103 sau trecut\u0103 sub t\u0103cere de mul\u021bi dintre cei care azi url\u0103. Ciolacu \u0219i Iohannis, membri CSAT, poart\u0103 responsabilitatea. Unul dintre motivele reale, pe care toat\u0103 lumea \u00eel \u0219tie, a fost faptul c\u0103 Ciolacu nu a ajuns \u00een turul al doilea, \u00een ciuda resurselor aruncate din buget.<\/p>\n<p>Acum, c\u00e2nd un primar pierde mandatul pe baza unei hot\u0103r\u00e2ri judec\u0103tore\u0219ti definitive, CTP cere expulzarea \u021b\u0103rii din UE \u0219i din Consiliul Europei. Un organism care, teoretic, ap\u0103r\u0103 democra\u021bia \u0219i drepturile omului. Pentru un conflict de interese local, cu probe, se cere pedeapsa capital\u0103 politic\u0103 a Rom\u00e2niei. Pentru anularea votului a milioane de oameni, f\u0103r\u0103 probe publice conving\u0103toare, s-a t\u0103cut.<\/p>\n<p>A\u0219a arat\u0103 presa de sistem. Ap\u0103r\u0103 interesele de cast\u0103, nu principiile. C\u00e2nd puterea love\u0219te \u00een \u201eai no\u0219tri\u201d, democra\u021bia e relativ\u0103. C\u00e2nd love\u0219te \u00een \u201eai lor\u201d, democra\u021bia e sacrosanct\u0103 \u0219i merit\u0103 s\u0103 arunce \u021bara afar\u0103 din Europa.<\/p>\n<p>Iar toat\u0103 aceast\u0103 ie\u0219ire a lui CTP nu e dec\u00e2t o manevr\u0103 viclean\u0103, calculat\u0103. Vrea s\u0103 scandalizeze societatea, s\u0103 o \u00eemping\u0103 de partea lui Dominic Fritz, s\u0103 creeze panic\u0103 \u0219i indignare artificial\u0103. Crede c\u0103 mai func\u021bioneaz\u0103 vechile metode securistice pe care le-a mai folosit: urlete, catastrofism, acuza\u021bii de \u201ederapaj democratic\u201d, tot arsenalul de intimidare \u0219i manipulare. Numai c\u0103 nu mai \u021bin. CTP n-are nicio influen\u021b\u0103 real\u0103 la Bruxelles. Nimeni de acolo nu bag\u0103 \u00een seam\u0103 o asemenea propunere venit\u0103 de la un gazetar din Bucure\u0219ti. Iar poporul rom\u00e2n e mult mai informat acum. Nu mai d\u0103 doi bani pe toat\u0103 gargara lui. R\u0103m\u00e2ne vizibil doar \u00een bula lui progresist\u0103, extremist\u0103, radical neomarxist\u0103, undeva la 5-6 procente. Acolo se aude. \u00cen restul \u021b\u0103rii, nu. Deci, \u0219i-a luat banii degeaba.<\/p>\n<\/div>\n<div class=\"entry-bottom\">\n<div id=\"block-9\" class=\"widget entry-widget clearfix widget_block\">\n<div><a href=\"https:\/\/suspend.ro\" target=\"_blank\" rel=\"noopener noreferrer\"><img decoding=\"async\" src=\"https:\/\/ortodoxinfo.ro\/wp-content\/uploads\/2026\/08\/FB_IMG_1786185261439.jpg\" alt=\"Verific\u0103 pe suspend.ro \u2013 Parlamentarii din jude\u021bul t\u0103u sus\u021bin suspendarea lui Nicu\u0219or Dan?\"><\/a><\/div>\n<\/div>\n<\/div>\n<\/div>\n<\/div>\n<div class=\"e-shared-sec entry-sec\">\n<div class=\"e-shared-header h4\"><span>Distribuie<\/span><\/div>\n<div class=\"rbbsl tooltips-n effect-fadeout is-bg\"><a class=\"share-action share-trigger icon-facebook\" aria-label=\"Share on Facebook\" href=\"https:\/\/www.facebook.com\/sharer.php?u=https%3A%2F%2Fortodoxinfo.ro%2F2026%2F08%2F18%2Fmanevra-schizo-securistoida-a-lui-ctp-vrea-excluderea-din-ue-ca-sa-dea-gravitate-ejectarii-lui-fritz-de-la-primarie-dar-anularea-a-9-milioane-de-voturi-fara-probe-este-compatibila-cu-valorile-ue%2F\" data-title=\"Facebook\" rel=\"nofollow\"><span>Facebook<\/span><\/a><a class=\"share-action share-trigger icon-twitter\" aria-label=\"Share on X\" href=\"https:\/\/twitter.com\/intent\/tweet?text=Manevr%C4%83+schizo-securistoid%C4%83+a+lui+CTP%3A+Vrea+excluderea+din+UE%2C+ca+s%C4%83+dea+gravitate+eject%C4%83rii+lui+Fritz+de+la+prim%C4%83rie%21+Dar+anularea+a+9+MILIOANE+de+voturi%2C+f%C4%83r%C4%83+PROBE%2C+este+compatibil%C4%83+cu+valorile+UE%3F&amp;url=https%3A%2F%2Fortodoxinfo.ro%2F2026%2F08%2F18%2Fmanevra-schizo-securistoida-a-lui-ctp-vrea-excluderea-din-ue-ca-sa-dea-gravitate-ejectarii-lui-fritz-de-la-primarie-dar-anularea-a-9-milioane-de-voturi-fara-probe-este-compatibila-cu-valorile-ue%2F&amp;via=ortodoxinforo\" data-title=\"X\" rel=\"nofollow\"><span>X<\/span><\/a><a class=\"share-action icon-whatsapp is-web\" aria-label=\"Share on Whatsapp\" href=\"https:\/\/web.whatsapp.com\/send?text=Manevr%C4%83+schizo-securistoid%C4%83+a+lui+CTP%3A+Vrea+excluderea+din+UE%2C+ca+s%C4%83+dea+gravitate+eject%C4%83rii+lui+Fritz+de+la+prim%C4%83rie%21+Dar+anularea+a+9+MILIOANE+de+voturi%2C+f%C4%83r%C4%83+PROBE%2C+este+compatibil%C4%83+cu+valorile+UE%3F%20%E2%98%9E%20https%3A%2F%2Fortodoxinfo.ro%2F2026%2F08%2F18%2Fmanevra-schizo-securistoida-a-lui-ctp-vrea-excluderea-din-ue-ca-sa-dea-gravitate-ejectarii-lui-fritz-de-la-primarie-dar-anularea-a-9-milioane-de-voturi-fara-probe-este-compatibila-cu-valorile-ue%2F\" target=\"_blank\" data-title=\"WhatsApp\" rel=\"nofollow\"><span>Whatsapp<\/span><\/a><a class=\"share-action icon-whatsapp is-mobile\" aria-label=\"Share on Whatsapp\" href=\"\/\/send?text=Manevr%C4%83+schizo-securistoid%C4%83+a+lui+CTP%3A+Vrea+excluderea+din+UE%2C+ca+s%C4%83+dea+gravitate+eject%C4%83rii+lui+Fritz+de+la+prim%C4%83rie%21+Dar+anularea+a+9+MILIOANE+de+voturi%2C+f%C4%83r%C4%83+PROBE%2C+este+compatibil%C4%83+cu+valorile+UE%3F%20%E2%98%9E%20https%3A%2F%2Fortodoxinfo.ro%2F2026%2F08%2F18%2Fmanevra-schizo-securistoida-a-lui-ctp-vrea-excluderea-din-ue-ca-sa-dea-gravitate-ejectarii-lui-fritz-de-la-primarie-dar-anularea-a-9-milioane-de-voturi-fara-probe-este-compatibila-cu-valorile-ue%2F\" target=\"_blank\" data-title=\"WhatsApp\" rel=\"nofollow\"><span>Whatsapp<\/span><\/a><a class=\"share-action share-trigger icon-telegram\" aria-label=\"Share on Telegram\" href=\"https:\/\/t.me\/share\/?url=https%3A%2F%2Fortodoxinfo.ro%2F2026%2F08%2F18%2Fmanevra-schizo-securistoida-a-lui-ctp-vrea-excluderea-din-ue-ca-sa-dea-gravitate-ejectarii-lui-fritz-de-la-primarie-dar-anularea-a-9-milioane-de-voturi-fara-probe-este-compatibila-cu-valorile-ue%2F&amp;text=Manevr%C4%83+schizo-securistoid%C4%83+a+lui+CTP%3A+Vrea+excluderea+din+UE%2C+ca+s%C4%83+dea+gravitate+eject%C4%83rii+lui+Fritz+de+la+prim%C4%83rie%21+Dar+anularea+a+9+MILIOANE+de+voturi%2C+f%C4%83r%C4%83+PROBE%2C+este+compatibil%C4%83+cu+valorile+UE%3F\" data-title=\"Telegram\" rel=\"nofollow\"><span>Telegram<\/span><\/a><a class=\"share-action icon-copy copy-trigger\" aria-label=\"Copy Link\" href=\"https:\/\/ortodoxinfo.ro\/2026\/08\/18\/manevra-schizo-securistoida-a-lui-ctp-vrea-excluderea-din-ue-ca-sa-dea-gravitate-ejectarii-lui-fritz-de-la-primarie-dar-anularea-a-9-milioane-de-voturi-fara-probe-este-compatibila-cu-valorile-ue\/\" data-copied=\"Copied!\" data-link=\"https:\/\/ortodoxinfo.ro\/2026\/08\/18\/manevra-schizo-securistoida-a-lui-ctp-vrea-excluderea-din-ue-ca-sa-dea-gravitate-ejectarii-lui-fritz-de-la-primarie-dar-anularea-a-9-milioane-de-voturi-fara-probe-este-compatibila-cu-valorile-ue\/\" rel=\"nofollow\" data-copy=\"Copy Link\"><span>Copy Link<\/span><\/a><a class=\"share-action icon-print\" aria-label=\"Print\" rel=\"nofollow\" data-title=\"Print\"><span>Print<\/span><\/a><\/div>\n<\/div>\n<\/div>\n<div id=\"tabs\" class=\"dntplgn_form_wrapper\"><span><\/p>\n<h2>\u0218tirile sunt sub cenzur\u0103! Sprijini\u021bi OrtodoxINFO!<\/h2>\n<p>Guvernul nu dore\u0219te aflarea adev\u0103rului despre lovitura de stat \u0219i \u00eengenuncherea Rom\u00e2niei. \u00cencerc\u0103m s\u0103 men\u021binem viu acest site \u0219i s\u0103 v\u0103 punem la dispozi\u021bie informa\u021bii care s\u0103 fac\u0103 lumin\u0103 \u00een cea mai mare provocare pe care o tr\u0103im. Jurnalismul independent al portalului OrtodoxINFO func\u021bioneaz\u0103 strict cu ajutorul cititorilor.<br \/>\nNe pute\u021bi sprijini printr-o <b><a href=\"https:\/\/ortodoxinfo.ro\/donatii\/\">dona\u021bie bancar\u0103<\/a> sau prin PayPal, complet\u00e2nd formularul de mai jos.<\/b><\/span><\/p>\n<ul>\n<li><a href=\"https:\/\/ortodoxinfo.ro\/2026\/08\/18\/manevra-schizo-securistoida-a-lui-ctp-vrea-excluderea-din-ue-ca-sa-dea-gravitate-ejectarii-lui-fritz-de-la-primarie-dar-anularea-a-9-milioane-de-voturi-fara-probe-este-compatibila-cu-valorile-ue\/#tabs-1\">Dona\u021bie lunar\u0103<\/a><\/li>\n<li><a href=\"https:\/\/ortodoxinfo.ro\/2026\/08\/18\/manevra-schizo-securistoida-a-lui-ctp-vrea-excluderea-din-ue-ca-sa-dea-gravitate-ejectarii-lui-fritz-de-la-primarie-dar-anularea-a-9-milioane-de-voturi-fara-probe-este-compatibila-cu-valorile-ue\/#tabs-2\">Doar acum<\/a><\/li>\n<\/ul>\n<div id=\"tabs-1\"><img loading=\"lazy\" decoding=\"async\" alt border=\"0\" src=\"https:\/\/www.paypalobjects.com\/en_US\/i\/scr\/pixel.gif\" width=\"1\" height=\"1\"><\/div>\n<div id=\"tabs-2\">\n<p>\t\t     \u20ac<\/p>\n<p>\t\t    <img loading=\"lazy\" decoding=\"async\" alt border=\"0\" src=\"https:\/\/www.paypalobjects.com\/en_US\/i\/scr\/pixel.gif\" width=\"1\" height=\"1\"><\/div>\n<p>Mul\u021bumim celor care ne-au ajutat p\u00e2n\u0103 acum!\n\t<\/p><\/div>\n<div class=\"comment-box-wrap entry-sec\">\n<div class=\"comment-box-header\"><span class=\"h3\">Las\u0103 un comentariu<\/span><\/div>\n<div class=\"comment-holder no-comment\">\n<div id=\"comments\" class=\"comments-area\">\n<div id=\"respond\" class=\"comment-respond\">\n<h3 id=\"reply-title\" class=\"comment-reply-title\">Las\u0103 un r\u0103spuns <small><a rel=\"nofollow\" id=\"cancel-comment-reply-link\" href=\"https:\/\/ortodoxinfo.ro\/2026\/08\/18\/manevra-schizo-securistoida-a-lui-ctp-vrea-excluderea-din-ue-ca-sa-dea-gravitate-ejectarii-lui-fritz-de-la-primarie-dar-anularea-a-9-milioane-de-voturi-fara-probe-este-compatibila-cu-valorile-ue\/#respond\">Anuleaz\u0103 r\u0103spunsul<\/a><\/small><\/h3>\n<p class=\"comment-notes\"><span id=\"email-notes\">Adresa ta de email nu va fi publicat\u0103.<\/span><span class=\"required-field-message\">C\u00e2mpurile obligatorii sunt marcate cu <span class=\"required\">*<\/span><\/span><\/p>\n<\/div>\n<\/div>\n<\/div>\n<\/div>\n<\/div>\n<div class=\"sidebar-wrap single-sidebar\">\n<div class=\"sidebar-inner clearfix\">\n<div id=\"widget-post-2\" class=\"widget rb-section w-sidebar clearfix widget-post\">\n<div class=\"block-h widget-heading heading-layout-1\">\n<div class=\"heading-inner\">\n<h4 class=\"heading-title\"><span>Articole recente<\/span><\/h4>\n<\/div>\n<\/div>\n<div class=\"widget-p-listing\">\n<div class=\"p-wrap p-small p-list-small-2\" data-pid=\"259443\">\n<div class=\"feat-holder\">\n<div class=\"p-featured ratio-v1\"><a class=\"p-flink\" href=\"https:\/\/ortodoxinfo.ro\/2026\/08\/19\/cnn-iranul-pierde-controlul-asupra-stramtorii-ormuz-ruta-secreta-prin-care-statele-din-golf-scot-petrolul-incercand-sa-evite-presiunile-teheranului\/\" title=\"CNN: Iranul pierde controlul asupra Str\u00e2mtorii Ormuz. Ruta secret\u0103 prin care statele din Golf scot petrolul \u00eencerc\u00e2nd s\u0103 evite presiunile Teheranului\"><img decoding=\"async\" width=\"150\" height=\"150\" src=\"https:\/\/ortodoxinfo.ro\/wp-content\/uploads\/2026\/08\/iran-hormuz-jpg-1280x720-150x150.jpeg\" class=\"featured-img wp-post-image\" alt loading=\"lazy\"><\/a><\/div>\n<\/div>\n<div class=\"p-content\">\n<h5 class=\"entry-title\"><a class=\"p-url\" href=\"https:\/\/ortodoxinfo.ro\/2026\/08\/19\/cnn-iranul-pierde-controlul-asupra-stramtorii-ormuz-ruta-secreta-prin-care-statele-din-golf-scot-petrolul-incercand-sa-evite-presiunile-teheranului\/\" rel=\"bookmark\">CNN: Iranul pierde controlul asupra Str\u00e2mtorii Ormuz. Ruta secret\u0103 prin care statele din Golf scot petrolul \u00eencerc\u00e2nd s\u0103 evite presiunile Teheranului<\/a><\/h5>\n<div class=\"p-meta\">\n<div class=\"meta-inner is-meta\"><span class=\"meta-el meta-date\"><time datetime=\"2026-08-19T12:20:58+03:00\">19 august 2026<\/time><\/span><span class=\"meta-el meta-category meta-bold\"><a class=\"meta-separate category-20293\" href=\"https:\/\/ortodoxinfo.ro\/category\/anti-sistem\/al-iii-lea-razboi-mondial\/iran\/\">IRAN<\/a><\/span><span class=\"meta-el meta-view\">1.1k vizualiz\u0103ri\t\t<\/span><\/div>\n<\/div>\n<\/div>\n<\/div>\n<div class=\"p-wrap p-small p-list-small-2\" data-pid=\"259341\">\n<div class=\"feat-holder\">\n<div class=\"p-featured ratio-v1\"><a class=\"p-flink\" href=\"https:\/\/ortodoxinfo.ro\/2026\/08\/19\/degeneratul-nicusor-dan-a-promis-ca-va-lamuri-anularea-alegerilor-din-2024-raportul-a-ajuns-sa-cerceteze-rusia-din-ultimii-20-de-ani\/\" title=\"Degeneratul Nicu\u0219or Dan a promis c\u0103 va l\u0103muri anularea alegerilor din 2024 \u2013 Raportul a ajuns s\u0103 cerceteze Rusia din ultimii 20 de ani\"><img decoding=\"async\" width=\"150\" height=\"150\" src=\"https:\/\/ortodoxinfo.ro\/wp-content\/uploads\/2026\/08\/nicusor-dan-123123-150x150.png\" class=\"featured-img wp-post-image\" alt loading=\"lazy\"><\/a><\/div>\n<\/div>\n<div class=\"p-content\">\n<h5 class=\"entry-title\"><a class=\"p-url\" href=\"https:\/\/ortodoxinfo.ro\/2026\/08\/19\/degeneratul-nicusor-dan-a-promis-ca-va-lamuri-anularea-alegerilor-din-2024-raportul-a-ajuns-sa-cerceteze-rusia-din-ultimii-20-de-ani\/\" rel=\"bookmark\">Degeneratul Nicu\u0219or Dan a promis c\u0103 va l\u0103muri anularea alegerilor din 2024 \u2013 Raportul a ajuns s\u0103 cerceteze Rusia din ultimii 20 de ani<\/a><\/h5>\n<div class=\"p-meta\">\n<div class=\"meta-inner is-meta\"><span class=\"meta-el meta-date\"><time datetime=\"2026-08-19T00:13:25+03:00\">19 august 2026<\/time><\/span><span class=\"meta-el meta-category meta-bold\"><a class=\"meta-separate category-19885\" href=\"https:\/\/ortodoxinfo.ro\/category\/anti-sistem\/anti-romanism\/asasinii-tarii\/\">Asasinii \u021b\u0103rii<\/a><\/span><span class=\"meta-el meta-view\">4.5k vizualiz\u0103ri\t\t<\/span><\/div>\n<\/div>\n<\/div>\n<\/div>\n<div class=\"p-wrap p-small p-list-small-2\" data-pid=\"259344\">\n<div class=\"feat-holder\">\n<div class=\"p-featured ratio-v1\"><a class=\"p-flink\" href=\"https:\/\/ortodoxinfo.ro\/2026\/08\/19\/polonia-a-intrat-oficial-in-clubul-economiilor-de-un-trilion-de-dolari\/\" title=\"Polonia a intrat oficial \u00een clubul economiilor de un trilion de dolari\"><img decoding=\"async\" width=\"150\" height=\"150\" src=\"https:\/\/ortodoxinfo.ro\/wp-content\/uploads\/2026\/08\/https___www.gandul.ro__wp-content_uploads_2025_12_polonia-150x150.webp\" class=\"featured-img wp-post-image\" alt loading=\"lazy\"><\/a><\/div>\n<\/div>\n<div class=\"p-content\">\n<h5 class=\"entry-title\"><a class=\"p-url\" href=\"https:\/\/ortodoxinfo.ro\/2026\/08\/19\/polonia-a-intrat-oficial-in-clubul-economiilor-de-un-trilion-de-dolari\/\" rel=\"bookmark\">Polonia a intrat oficial \u00een clubul economiilor de un trilion de dolari<\/a><\/h5>\n<div class=\"p-meta\">\n<div class=\"meta-inner is-meta\"><span class=\"meta-el meta-date\"><time datetime=\"2026-08-19T00:10:45+03:00\">19 august 2026<\/time><\/span><span class=\"meta-el meta-category meta-bold\"><a class=\"meta-separate category-20289\" href=\"https:\/\/ortodoxinfo.ro\/category\/suveranism\/\">Suveranism<\/a><\/span><span class=\"meta-el meta-view\">3.8k vizualiz\u0103ri\t\t<\/span><\/div>\n<\/div>\n<\/div>\n<\/div>\n<div class=\"p-wrap p-small p-list-small-2\" data-pid=\"259188\">\n<div class=\"feat-holder\">\n<div class=\"p-featured ratio-v1\"><a class=\"p-flink\" href=\"https:\/\/ortodoxinfo.ro\/2026\/08\/18\/mark-zuckerberg-risca-daune-de-14-trilioane-de-dolari-intr-un-proces-istoric-privind-dependenta-adolescentilor-de-instagram\/\" title=\"Mark Zuckerberg risc\u0103 daune de 1,4 trilioane de dolari \u00eentr-un proces istoric privind dependen\u021ba adolescen\u021bilor de Instagram\"><img decoding=\"async\" width=\"150\" height=\"150\" src=\"https:\/\/ortodoxinfo.ro\/wp-content\/uploads\/2026\/08\/mark-zuckerberg-risca-daune-de-1-4-trilioane-de-dolari-intr-un-proces-istoric-privind-dependenta-ado-150x150.jpeg\" class=\"featured-img wp-post-image\" alt loading=\"lazy\"><\/a><\/div>\n<\/div>\n<div class=\"p-content\">\n<h5 class=\"entry-title\"><a class=\"p-url\" href=\"https:\/\/ortodoxinfo.ro\/2026\/08\/18\/mark-zuckerberg-risca-daune-de-14-trilioane-de-dolari-intr-un-proces-istoric-privind-dependenta-adolescentilor-de-instagram\/\" rel=\"bookmark\">Mark Zuckerberg risc\u0103 daune de 1,4 trilioane de dolari \u00eentr-un proces istoric privind dependen\u021ba adolescen\u021bilor de Instagram<\/a><\/h5>\n<div class=\"p-meta\">\n<div class=\"meta-inner is-meta\"><span class=\"meta-el meta-date\"><time datetime=\"2026-08-18T17:48:34+03:00\">18 august 2026<\/time><\/span><span class=\"meta-el meta-category meta-bold\"><a class=\"meta-separate category-1596\" href=\"https:\/\/ortodoxinfo.ro\/category\/anti-sistem\/big-brother\/\">Big brother<\/a><\/span><span class=\"meta-el meta-view\">3.6k vizualiz\u0103ri\t\t<\/span><\/div>\n<\/div>\n<\/div>\n<\/div>\n<\/div>\n<\/div>\n<div id=\"custom_html-2\" class=\"widget_text widget rb-section w-sidebar clearfix widget_custom_html\">\n<div class=\"block-h widget-heading heading-layout-1\">\n<div class=\"heading-inner\">\n<h4 class=\"heading-title\"><span>DONA\u021aII \u00een cont bancar<\/span><\/h4>\n<\/div>\n<\/div>\n<div class=\"textwidget custom-html-widget\">\n<table class=\"donatii\">\n<tbody>\n<tr>\n<th colspan=\"2\"><strong><span>Asicia\u021bia SMI-B<\/span><\/strong><\/th>\n<\/tr>\n<tr>\n<th>Cont LEI<\/th>\n<td>RO67CECEB00030RON2081955<\/td>\n<\/tr>\n<tr>\n<th>Cont EURO<\/th>\n<td>RO33CECEB000C1EUR2081978<\/td>\n<\/tr>\n<tr>\n<th>Cod SWIFT<\/th>\n<td>CECEROBU<\/td>\n<\/tr>\n<tr>\n<th colspan=\"2\"><strong>CEC BANK SA<\/strong><\/th>\n<\/tr>\n<\/tbody>\n<\/table>\n<\/div>\n<\/div>\n<\/div>\n<\/div>\n<\/div>\n<\/article>\n<div class=\"entry-content rbct clearfix is-highlight-shares\">\n<p>Cristian Tudor Popescu, care ani de zile s-a erijat \u00een ap\u0103r\u0103torul absolut al \u201ecordonului sanitar\u201d \u0219i al europeismului f\u0103r\u0103 fisur\u0103, a ajuns s\u0103 cear\u0103 pe Facebook excluderea de facto a Rom\u00e2niei din Uniunea European\u0103 \u0219i din Consiliul Europei. Motivul? Decizia Cur\u021bii Constitu\u021bionale din 17 august 2026, care a declarat constitu\u021bional amendamentul prin care Dominic Fritz, primarul Timi\u0219oarei, \u00ee\u0219i poate pierde mandatul.<\/p>\n<p>Fritz a pierdut definitiv, \u00een iunie 2026, procesul cu ANI. \u00cenalta Curte a confirmat c\u0103 s-a aflat \u00een conflict de interese: a aprobat un document urbanistic care a adus beneficii unei persoane de la care primise un \u00eemprumut de 25.000 de lei \u00een campania electoral\u0103. Decizie judec\u0103toreasc\u0103. Probe. Conflict de interese demonstrat. Nu \u201epresupuneri\u201d, nu \u201enote informative\u201d \u021binute la secret.<\/p>\n<p>\u0218i totu\u0219i, pentru acest caz local, CTP descoper\u0103 brusc c\u0103 Rom\u00e2nia nu mai merit\u0103 s\u0103 stea \u00een UE. Cere expulzarea. Exact acela\u0219i CTP care, pe 6 decembrie 2024, c\u00e2nd Curtea Constitu\u021bional\u0103 a anulat \u00eentregul proces electoral preziden\u021bial \u2013 votul a aproape 9 milioane de rom\u00e2ni \u2013 a t\u0103cut sau a relativizat. Atunci, pe baza unor documente desecretizate de CSAT (unde se aflau \u0219i Iohannis, \u0219i Ciolacu), s-a aruncat la co\u0219 un scrutin na\u021bional. P\u00e2n\u0103 azi, la aproape doi ani distan\u021b\u0103, nimeni nu a pus pe mas\u0103, \u00een mod public \u0219i conving\u0103tor, probele concrete care s\u0103 justifice o asemenea decizie de o gravitate democratic\u0103 uria\u0219\u0103. Doar acuza\u021bii, note, \u201einterferen\u021be\u201d. F\u0103r\u0103 proces, f\u0103r\u0103 dovezi solide prezentate cet\u0103\u021benilor.<\/p>\n<p>Aici se vede dublul standard \u00een toat\u0103 goliciunea lui. Anularea alegerilor \u2013 un act care love\u0219te \u00een suveranitatea popular\u0103, \u00een dreptul de a alege \u2013 a fost acceptat\u0103 sau trecut\u0103 sub t\u0103cere de mul\u021bi dintre cei care azi url\u0103. Ciolacu \u0219i Iohannis, membri CSAT, poart\u0103 responsabilitatea. Unul dintre motivele reale, pe care toat\u0103 lumea \u00eel \u0219tie, a fost faptul c\u0103 Ciolacu nu a ajuns \u00een turul al doilea, \u00een ciuda resurselor aruncate din buget.<\/p>\n<p>Acum, c\u00e2nd un primar pierde mandatul pe baza unei hot\u0103r\u00e2ri judec\u0103tore\u0219ti definitive, CTP cere expulzarea \u021b\u0103rii din UE \u0219i din Consiliul Europei. Un organism care, teoretic, ap\u0103r\u0103 democra\u021bia \u0219i drepturile omului. Pentru un conflict de interese local, cu probe, se cere pedeapsa capital\u0103 politic\u0103 a Rom\u00e2niei. Pentru anularea votului a milioane de oameni, f\u0103r\u0103 probe publice conving\u0103toare, s-a t\u0103cut.<\/p>\n<p>A\u0219a arat\u0103 presa de sistem. Ap\u0103r\u0103 interesele de cast\u0103, nu principiile. C\u00e2nd puterea love\u0219te \u00een \u201eai no\u0219tri\u201d, democra\u021bia e relativ\u0103. C\u00e2nd love\u0219te \u00een \u201eai lor\u201d, democra\u021bia e sacrosanct\u0103 \u0219i merit\u0103 s\u0103 arunce \u021bara afar\u0103 din Europa.<\/p>\n<p>Iar toat\u0103 aceast\u0103 ie\u0219ire a lui CTP nu e dec\u00e2t o manevr\u0103 viclean\u0103, calculat\u0103. Vrea s\u0103 scandalizeze societatea, s\u0103 o \u00eemping\u0103 de partea lui Dominic Fritz, s\u0103 creeze panic\u0103 \u0219i indignare artificial\u0103. Crede c\u0103 mai func\u021bioneaz\u0103 vechile metode securistice pe care le-a mai folosit: urlete, catastrofism, acuza\u021bii de \u201ederapaj democratic\u201d, tot arsenalul de intimidare \u0219i manipulare. Numai c\u0103 nu mai \u021bin. CTP n-are nicio influen\u021b\u0103 real\u0103 la Bruxelles. Nimeni de acolo nu bag\u0103 \u00een seam\u0103 o asemenea propunere venit\u0103 de la un gazetar din Bucure\u0219ti. Iar poporul rom\u00e2n e mult mai informat acum. Nu mai d\u0103 doi bani pe toat\u0103 gargara lui. R\u0103m\u00e2ne vizibil doar \u00een bula lui progresist\u0103, extremist\u0103, radical neomarxist\u0103, undeva la 5-6 procente. Acolo se aude. \u00cen restul \u021b\u0103rii, nu. Deci, \u0219i-a luat banii degeaba.<\/p>\n<\/div>\n<p>[analyse_source url=&#8221;https:\/\/ortodoxinfo.ro\/2026\/08\/18\/manevra-schizo-securistoida-a-lui-ctp-vrea-excluderea-din-ue-ca-sa-dea-gravitate-ejectarii-lui-fritz-de-la-primarie-dar-anularea-a-9-milioane-de-voturi-fara-probe-este-compatibila-cu-valorile-ue\/&#8221;]<\/p>\n","protected":false},"excerpt":{"rendered":"<p>[analyse_image type=&#8221;featured&#8221; src=&#8221;https:\/\/ortodoxinfo.ro\/wp-content\/uploads\/2026\/08\/ctp-fara-anticipate-nu-cred-ca-se-poate-merge-mai-departe-chiar-daca-in-aceste-alegeri-se-va-alege-p.jpeghttps:\/\/ortodoxinfo.ro\/wp-content\/uploads\/2026\/08\/ctp-fara-anticipate-nu-cred-ca-se-poate-merge-mai-departe-chiar-daca-in-aceste-alegeri-se-va-alege-p.jpeg&#8221;] Prima pagin\u0103 \u00bb Blog \u00bb Manevr\u0103 schizo-securistoid\u0103 a lui CTP: Vrea excluderea din UE, ca s\u0103 dea gravitate eject\u0103rii lui Fritz de la prim\u0103rie! Dar anularea a 9 MILIOANE de voturi, f\u0103r\u0103 PROBE, este compatibil\u0103 cu valorile UE? Manevr\u0103 schizo-securistoid\u0103 a lui CTP: Vrea excluderea din UE, ca s\u0103 dea gravitate eject\u0103rii [&hellip;]<\/p>\n","protected":false},"author":1,"featured_media":0,"comment_status":"open","ping_status":"","sticky":false,"template":"","format":"standard","meta":{"footnotes":""},"categories":[89],"tags":[226,94],"class_list":["post-2100525","post","type-post","status-publish","format-standard","hentry","category-romania","tag-crawlmanager","tag-ortodoxinfo-ro"],"_links":{"self":[{"href":"https:\/\/analyse.optim.biz\/index.php?rest_route=\/wp\/v2\/posts\/2100525","targetHints":{"allow":["GET"]}}],"collection":[{"href":"https:\/\/analyse.optim.biz\/index.php?rest_route=\/wp\/v2\/posts"}],"about":[{"href":"https:\/\/analyse.optim.biz\/index.php?rest_route=\/wp\/v2\/types\/post"}],"author":[{"embeddable":true,"href":"https:\/\/analyse.optim.biz\/index.php?rest_route=\/wp\/v2\/users\/1"}],"replies":[{"embeddable":true,"href":"https:\/\/analyse.optim.biz\/index.php?rest_route=%2Fwp%2Fv2%2Fcomments&post=2100525"}],"version-history":[{"count":0,"href":"https:\/\/analyse.optim.biz\/index.php?rest_route=\/wp\/v2\/posts\/2100525\/revisions"}],"wp:attachment":[{"href":"https:\/\/analyse.optim.biz\/index.php?rest_route=%2Fwp%2Fv2%2Fmedia&parent=2100525"}],"wp:term":[{"taxonomy":"category","embeddable":true,"href":"https:\/\/analyse.optim.biz\/index.php?rest_route=%2Fwp%2Fv2%2Fcategories&post=2100525"},{"taxonomy":"post_tag","embeddable":true,"href":"https:\/\/analyse.optim.biz\/index.php?rest_route=%2Fwp%2Fv2%2Ftags&post=2100525"}],"curies":[{"name":"wp","href":"https:\/\/api.w.org\/{rel}","templated":true}]}}