{"id":2100524,"date":"2026-08-19T05:11:14","date_gmt":"2026-08-19T02:11:14","guid":{"rendered":"https:\/\/analyse.optim.biz\/?p=2100524"},"modified":"2026-08-19T05:11:14","modified_gmt":"2026-08-19T02:11:14","slug":"degeneratul-nicusor-dan-a-promis-ca-va-lamuri-anularea-alegerilor-din-2024-raportul-a-ajuns-sa-cerceteze-rusia-din-ultimii-20-de-ani","status":"publish","type":"post","link":"https:\/\/analyse.optim.biz\/?p=2100524","title":{"rendered":"Degeneratul Nicu\u0219or Dan a promis c\u0103 va l\u0103muri anularea alegerilor din 2024 \u2013 Raportul a ajuns s\u0103 cerceteze Rusia din ultimii 20 de ani"},"content":{"rendered":"<p>[analyse_image type=&#8221;featured&#8221; src=&#8221;https:\/\/ortodoxinfo.ro\/wp-content\/uploads\/2026\/08\/nicusor-dan-123123.pnghttps:\/\/ortodoxinfo.ro\/wp-content\/uploads\/2026\/08\/nicusor-dan-123123.png&#8221;]<\/p>\n<article id=\"post-259341\" class=\"post-259341 post type-post status-publish format-standard has-post-thumbnail category-asasinii-tarii\">\n<header class=\"single-header\">\n<aside class=\"breadcrumb-wrap breadcrumb-yoast s-breadcrumb\">\n<div class=\"breadcrumb-inner\"><span><span><a href=\"https:\/\/ortodoxinfo.ro\/\">Prima pagin\u0103<\/a><\/span> \u00bb <span><a href=\"https:\/\/ortodoxinfo.ro\/blog\/\">Blog<\/a><\/span> \u00bb <span class=\"breadcrumb_last\" aria-current=\"page\">Degeneratul Nicu\u0219or Dan a promis c\u0103 va l\u0103muri anularea alegerilor din 2024 \u2013 Raportul a ajuns s\u0103 cerceteze Rusia din ultimii 20 de ani<\/span><\/span><\/div>\n<\/aside>\n<h1 class=\"s-title fw-headline\">Degeneratul Nicu\u0219or Dan a promis c\u0103 va l\u0103muri anularea alegerilor din 2024 \u2013 Raportul a ajuns s\u0103 cerceteze Rusia din ultimii 20 de ani<\/h1>\n<div class=\"single-meta meta-s-default yes-0\">\n<div class=\"smeta-in\"><a class=\"meta-el meta-avatar\" href=\"https:\/\/ortodoxinfo.ro\/author\/redactor\/\"><img loading=\"lazy\" decoding=\"async\" alt=\"OrtodoxINFO\" src=\"https:\/\/secure.gravatar.com\/avatar\/21010332354a182ce4de6016685c5586f21c51866d0ec5bc8ef383240b3c3e02?s=120&amp;r=g\" class=\"avatar avatar-120 photo\" height=\"120\" width=\"120\"><\/a><\/p>\n<div class=\"smeta-sec\">\n<div class=\"p-meta\">\n<div class=\"meta-inner is-meta\"><span class=\"meta-el meta-date\"><time datetime=\"2026-08-19T00:13:25+03:00\">19 august 2026<\/time><\/span><span class=\"meta-el meta-category meta-bold\"><a class=\"meta-separate category-19885\" href=\"https:\/\/ortodoxinfo.ro\/category\/anti-sistem\/anti-romanism\/asasinii-tarii\/\">Asasinii \u021b\u0103rii<\/a><\/span><span class=\"meta-el meta-view\">4.5k vizualiz\u0103ri\t\t<\/span><span class=\"meta-el meta-comment mobile-last-meta tablet-last-meta\"><a href=\"https:\/\/ortodoxinfo.ro\/2026\/08\/19\/degeneratul-nicusor-dan-a-promis-ca-va-lamuri-anularea-alegerilor-din-2024-raportul-a-ajuns-sa-cerceteze-rusia-din-ultimii-20-de-ani\/#respond\">Comentarii<\/a><\/span><\/div>\n<\/div>\n<\/div>\n<\/div>\n<div class=\"smeta-extra\">\n<div class=\"t-shared-sec tooltips-n has-read-meta is-color\">\n<div class=\"t-shared-header is-meta\"><span class=\"share-label\">Share<\/span><\/div>\n<\/div>\n<div class=\"single-right-meta single-time-read is-meta\"><span class=\"meta-el meta-read\">11 Min Read<\/span><\/div>\n<\/div>\n<\/div>\n<\/header>\n<div class=\"grid-container\">\n<div class=\"s-ct\">\n<div class=\"s-feat-outer\">\n<div class=\"s-feat\">\n<div class=\"featured-lightbox-trigger\" data-source=\"https:\/\/ortodoxinfo.ro\/wp-content\/uploads\/2026\/08\/nicusor-dan-123123.png\" data-caption data-attribution><img fetchpriority=\"high\" decoding=\"async\" width=\"860\" height=\"462\" src=\"https:\/\/ortodoxinfo.ro\/wp-content\/uploads\/2026\/08\/nicusor-dan-123123-860x462.png\" class=\"attachment-foxiz_crop_o1 size-foxiz_crop_o1 wp-post-image\" alt loading=\"eager\"><\/div>\n<\/div>\n<\/div>\n<div class=\"s-ct-wrap has-lsl\">\n<div class=\"s-ct-inner\">\n<div class=\"l-shared-sec-outer show-mobile\">\n<div class=\"l-shared-sec\">\n<div class=\"l-shared-header meta-text\"><span class=\"share-label\">SHARE<\/span><\/div>\n<\/div>\n<\/div>\n<div class=\"e-ct-outer\">\n<div class=\"entry-top\">\n<div id=\"custom_html-3\" class=\"widget_text widget entry-widget clearfix widget_custom_html\">\n<div class=\"textwidget custom-html-widget\">\n<div><small><br \/>\n    OrtodoxINFO este supus unui sabotaj sistematic din partea reprezentan\u021bilor Google Rom\u00e2nia, at\u00e2t la afi\u0219\u0103ri c\u00e2t \u0219i \u00een rezultatele de c\u0103utare.<br \/>\n        Astfel c\u0103 veniturile din publicitate au sc\u0103zut de p\u00e2n\u0103 la <strong>10 ori<\/strong>. Situa\u021bia este similar\u0103 \u0219i pe Facebook.<\/p>\n<p>        V\u0103 invit\u0103m s\u0103 accesa\u021bi direct site-ul \u0219i s\u0103 v\u0103 abona\u021bi la notific\u0103ri.<\/p>\n<p>    Dac\u0103 dori\u021bi s\u0103 ne sus\u021bine\u021bi \u00een aceast\u0103 perioad\u0103 dificil\u0103, orice <a href=\"https:\/\/ortodoxinfo.ro\/donatii\/\">dona\u021bie<\/a> este binevenit\u0103.<br \/>\n    Dumnezeu s\u0103 v\u0103 r\u0103spl\u0103teasc\u0103!<br \/>\n<\/small><\/div>\n<\/div>\n<\/div>\n<\/div>\n<div class=\"entry-content rbct clearfix is-highlight-shares\">\n<div class=\"ruby-table-contents rbtoc table-left table-fw-single-col\">\n<div class=\"toc-header\"><span class=\"h3\">Sumar<\/span><\/div>\n<div class=\"toc-content h5\"><a href=\"https:\/\/ortodoxinfo.ro\/2026\/08\/19\/degeneratul-nicusor-dan-a-promis-ca-va-lamuri-anularea-alegerilor-din-2024-raportul-a-ajuns-sa-cerceteze-rusia-din-ultimii-20-de-ani\/#de-la-in-cel-mai-scurt-timp-la-nu-putem-estima-o-data\" class=\"table-link no-link anchor-link\" data-index=\"rb-heading-index-0\">De la \u201e\u00een cel mai scurt timp\u201d la \u201enu putem estima o dat\u0103\u201d<\/a><a href=\"https:\/\/ortodoxinfo.ro\/2026\/08\/19\/degeneratul-nicusor-dan-a-promis-ca-va-lamuri-anularea-alegerilor-din-2024-raportul-a-ajuns-sa-cerceteze-rusia-din-ultimii-20-de-ani\/#raportul-despre-noiembrie-2024-incepe-aparent-prin-2006\" class=\"table-link no-link anchor-link\" data-index=\"rb-heading-index-1\">Raportul despre noiembrie 2024 \u00eencepe, aparent, prin 2006<\/a><a href=\"https:\/\/ortodoxinfo.ro\/2026\/08\/19\/degeneratul-nicusor-dan-a-promis-ca-va-lamuri-anularea-alegerilor-din-2024-raportul-a-ajuns-sa-cerceteze-rusia-din-ultimii-20-de-ani\/#sri-sie-dgia-si-structurile-mai-lucreaza-la-marele-raport\" class=\"table-link no-link anchor-link\" data-index=\"rb-heading-index-2\">SRI, SIE, DGIA \u0219i structurile MAI lucreaz\u0103 la marele raport<\/a><a href=\"https:\/\/ortodoxinfo.ro\/2026\/08\/19\/degeneratul-nicusor-dan-a-promis-ca-va-lamuri-anularea-alegerilor-din-2024-raportul-a-ajuns-sa-cerceteze-rusia-din-ultimii-20-de-ani\/#in-campanie-problema-parea-mult-mai-simpla\" class=\"table-link no-link anchor-link\" data-index=\"rb-heading-index-3\">\u00cen campanie, problema p\u0103rea mult mai simpl\u0103<\/a><a href=\"https:\/\/ortodoxinfo.ro\/2026\/08\/19\/degeneratul-nicusor-dan-a-promis-ca-va-lamuri-anularea-alegerilor-din-2024-raportul-a-ajuns-sa-cerceteze-rusia-din-ultimii-20-de-ani\/#mai-intai-in-cel-mai-scurt-timp-apoi-la-momentul-potrivit\" class=\"table-link no-link anchor-link\" data-index=\"rb-heading-index-4\">Mai \u00eent\u00e2i \u201e\u00een cel mai scurt timp\u201d. Apoi \u201ela momentul potrivit\u201d<\/a><a href=\"https:\/\/ortodoxinfo.ro\/2026\/08\/19\/degeneratul-nicusor-dan-a-promis-ca-va-lamuri-anularea-alegerilor-din-2024-raportul-a-ajuns-sa-cerceteze-rusia-din-ultimii-20-de-ani\/#in-decembrie-trebuia-sa-dureze-douatrei-luni\" class=\"table-link no-link anchor-link\" data-index=\"rb-heading-index-5\">\u00cen decembrie trebuia s\u0103 dureze dou\u0103-trei luni<\/a><a href=\"https:\/\/ortodoxinfo.ro\/2026\/08\/19\/degeneratul-nicusor-dan-a-promis-ca-va-lamuri-anularea-alegerilor-din-2024-raportul-a-ajuns-sa-cerceteze-rusia-din-ultimii-20-de-ani\/#si-totusi-intrebarea-initiala-ramane-foarte-simpla\" class=\"table-link no-link anchor-link\" data-index=\"rb-heading-index-6\">\u0218i totu\u0219i, \u00eentrebarea ini\u021bial\u0103 r\u0103m\u00e2ne foarte simpl\u0103<\/a><a href=\"https:\/\/ortodoxinfo.ro\/2026\/08\/19\/degeneratul-nicusor-dan-a-promis-ca-va-lamuri-anularea-alegerilor-din-2024-raportul-a-ajuns-sa-cerceteze-rusia-din-ultimii-20-de-ani\/#de-ce-aveau-liderii-europeni-raport-iar-romanii-inca-il-asteptau\" class=\"table-link no-link anchor-link\" data-index=\"rb-heading-index-7\">De ce aveau liderii europeni raport, iar rom\u00e2nii \u00eenc\u0103 \u00eel a\u0219teptau<\/a><a href=\"https:\/\/ortodoxinfo.ro\/2026\/08\/19\/degeneratul-nicusor-dan-a-promis-ca-va-lamuri-anularea-alegerilor-din-2024-raportul-a-ajuns-sa-cerceteze-rusia-din-ultimii-20-de-ani\/#nicusor-dan-spunea-ca-explicatia-este-necesara-pentru-increderea-in-democratie\" class=\"table-link no-link anchor-link\" data-index=\"rb-heading-index-8\">Nicu\u0219or Dan spunea c\u0103 explica\u021bia este necesar\u0103 pentru \u00eencrederea \u00een democra\u021bie<\/a><a href=\"https:\/\/ortodoxinfo.ro\/2026\/08\/19\/degeneratul-nicusor-dan-a-promis-ca-va-lamuri-anularea-alegerilor-din-2024-raportul-a-ajuns-sa-cerceteze-rusia-din-ultimii-20-de-ani\/#marele-raport-despre-rusia-poate-ajunge-mai-lung-decat-episodul-pe-care-trebuia-sal-explice\" class=\"table-link no-link anchor-link\" data-index=\"rb-heading-index-9\">Marele raport despre Rusia poate ajunge mai lung dec\u00e2t episodul pe care trebuia s\u0103-l explice<\/a><\/div>\n<\/div>\n<p class=\"wp-block-paragraph\">Nicu\u0219or Dan a intrat la Cotroceni promi\u021b\u00e2nd c\u0103 rom\u00e2nii vor afla ce s-a \u00eent\u00e2mplat cu alegerile preziden\u021biale anulate \u00een 2024. \u00cen campania din 2025 spunea c\u0103 este sarcina pre\u0219edintelui Rom\u00e2niei \u201es\u0103 l\u0103mureasc\u0103 deplin aceast\u0103 chestiune\u201d, iar imediat dup\u0103 c\u00e2\u0219tigarea alegerilor vorbea despre clarific\u0103ri \u201e\u00een cel mai scurt timp\u201d.<\/p>\n<p class=\"wp-block-paragraph\">Suntem \u00een august 2026.<\/p>\n<p class=\"wp-block-paragraph\">Raportul nu este gata.<\/p>\n<p class=\"wp-block-paragraph\">Nu mai exist\u0103 nici m\u0103car un termen estimativ.<\/p>\n<p class=\"wp-block-paragraph\">\u00cen schimb, proiectul a crescut spectaculos: de la explicarea unui scrutin desf\u0103\u0219urat \u00een noiembrie 2024 s-a ajuns la documentarea a <strong>20 de ani de r\u0103zboi hibrid \u0219i manipulare informa\u021bional\u0103 ruseasc\u0103 \u00een Rom\u00e2nia \u0219i Europa<\/strong>.<\/p>\n<p class=\"wp-block-paragraph\">\u00cen ritmul acesta, p\u00e2n\u0103 apare raportul despre alegerile din 2024, exist\u0103 riscul s\u0103 afl\u0103m \u0219i ce f\u0103cea Ivan cel Groaznic pentru destabilizarea spa\u021biului european.<\/p>\n<h2 id=\"de-la-in-cel-mai-scurt-timp-la-nu-putem-estima-o-data\" class=\"rb-heading-index-0 wp-block-heading\">De la \u201e\u00een cel mai scurt timp\u201d la \u201enu putem estima o dat\u0103\u201d<\/h2>\n<p class=\"wp-block-paragraph\">Cronologia promisiunilor este aproape un material de comedie politic\u0103 \u00een sine.<\/p>\n<p class=\"wp-block-paragraph\">\u00cen mai 2025, imediat dup\u0103 c\u00e2\u0219tigarea alegerilor, Nicu\u0219or Dan spunea c\u0103 problema trebuie clarificat\u0103 \u201e\u00een cel mai scurt timp\u201d.<\/p>\n<p class=\"wp-block-paragraph\">Pe 4 iunie 2025, explica faptul c\u0103 subiectul va deveni prioritar dup\u0103 \u201euna-dou\u0103 s\u0103pt\u0103m\u00e2ni\u201d.<\/p>\n<div class=\"inline-single-ad ad_single_3_index alignfull\">\n<div class=\"ad-wrap ad-script-wrap\">\n<div class=\"ad-script non-adsense edge-padding\">\n<div>\n\u203c\ufe0f\u203c\ufe0f NU recunoa\u0219tem ca pre\u0219edinte al Rom\u00e2niei pe marioneta retard\u0103 Nicu\u0219or Dan! Rom\u00e2ni, boicota\u021bi aceast\u0103 f\u0103c\u0103tur\u0103, care ne face \u021bara de r\u00e2s! NU rom\u00e2nii l-au votat pe Nicusoro\u0219 &#8211; cu unele excep\u021bii de persoane infantile, manipulabile \u0219i chiar idioate &#8211; ci l-au ajutat Maia Soro\u0219, Emanuel Macrou \u0219i tr\u0103d\u0103torii de la B.E.C. \u0219i CCR!<br \/>\n La \u00eenchisoare cu cei care au fraudat alegerile!\n<\/div>\n<\/div>\n<\/div>\n<\/div>\n<p class=\"wp-block-paragraph\">\u00cen noiembrie 2025, rom\u00e2nii urmau s\u0103 primeasc\u0103 datele \u201e\u00een scurt timp\u201d.<\/p>\n<p class=\"wp-block-paragraph\">Pe 3 decembrie 2025, raportul urma s\u0103 vin\u0103 \u201ecel mai probabil, la finalul lunii ianuarie\u201d.<\/p>\n<p class=\"wp-block-paragraph\">C\u00e2teva zile mai t\u00e2rziu, termenul devenise \u201edou\u0103-trei luni\u201d.<\/p>\n<p class=\"wp-block-paragraph\">\u00cen aprilie 2026, promisiunea se l\u0103rgea confortabil la \u201eanul acesta, \u00een mod categoric\u201d.<\/p>\n<p class=\"wp-block-paragraph\">\u00cen iunie 2026 am ajuns la misteriosul \u201etermen rezonabil\u201d.<\/p>\n<p class=\"wp-block-paragraph\">Iar acum, \u00een august, Administra\u021bia Preziden\u021bial\u0103 spune pur \u0219i simplu c\u0103 <strong>nu poate estima data public\u0103rii<\/strong>.<\/p>\n<p class=\"wp-block-paragraph\">A trecut, practic, un an \u00een care raportul a fost c\u00e2nd dup\u0103 col\u021b, c\u00e2nd la sf\u00e2r\u0219itul lui ianuarie, c\u00e2nd peste dou\u0103-trei luni, c\u00e2nd \u201eanul acesta\u201d, c\u00e2nd \u00eentr-un termen rezonabil.<\/p>\n<p class=\"wp-block-paragraph\">Acum termenul rezonabil nu mai are termen.<\/p>\n<h2 id=\"raportul-despre-noiembrie-2024-incepe-aparent-prin-2006\" class=\"rb-heading-index-1 wp-block-heading\">Raportul despre noiembrie 2024 \u00eencepe, aparent, prin 2006<\/h2>\n<p class=\"wp-block-paragraph\">\u0218i aici apare partea cu adev\u0103rat spectaculoas\u0103.<\/p>\n<p class=\"wp-block-paragraph\">Rom\u00e2nii a\u0219teptau o explica\u021bie relativ precis\u0103:<\/p>\n<p class=\"wp-block-paragraph\"><strong>De ce au fost anulate alegerile preziden\u021biale din 2024?<\/strong><\/p>\n<p class=\"wp-block-paragraph\">Ce informa\u021bii concrete existau?<\/p>\n<p class=\"wp-block-paragraph\">Ce \u0219tiau serviciile \u00eenaintea scrutinului?<\/p>\n<p class=\"wp-block-paragraph\">Ce a aflat CSAT?<\/p>\n<p class=\"wp-block-paragraph\">Care au fost probele?<\/p>\n<p class=\"wp-block-paragraph\">Ce s-a \u00eent\u00e2mplat cu TikTok?<\/p>\n<p class=\"wp-block-paragraph\">Cine a finan\u021bat opera\u021biunile?<\/p>\n<p class=\"wp-block-paragraph\">Care a fost amploarea interven\u021biei externe?<\/p>\n<p class=\"wp-block-paragraph\">\u00cen schimb, Cotroceniul ne anun\u021b\u0103 acum c\u0103 raportul va documenta aproximativ <strong>dou\u0103 decenii de ac\u021biuni hibride ale Federa\u021biei Ruse<\/strong> \u00eempotriva Rom\u00e2niei \u0219i statelor europene. Alegerile din 2024 vor primi \u0219i ele o sec\u021biune dedicat\u0103.<\/p>\n<p class=\"wp-block-paragraph\">Adic\u0103 am pornit s\u0103 afl\u0103m ce s-a \u00eent\u00e2mplat \u00eentr-o lun\u0103 din 2024 \u0219i am ajuns la o lucrare despre geopolitica rus\u0103 din ultimele dou\u0103 decenii.<\/p>\n<p class=\"wp-block-paragraph\">Este ca \u0219i cum ai \u00eentreba de ce s-a stricat liftul mar\u021bi, iar administratorul blocului \u00ee\u021bi r\u0103spunde dup\u0103 un an c\u0103 preg\u0103te\u0219te o istorie complet\u0103 a transportului vertical de la Arhimede p\u00e2n\u0103 \u00een prezent.<\/p>\n<p class=\"wp-block-paragraph\">Foarte interesant\u0103 lucrare.<\/p>\n<p class=\"wp-block-paragraph\">Dar liftul de mar\u021bi?<\/p>\n<h2 id=\"sri-sie-dgia-si-structurile-mai-lucreaza-la-marele-raport\" class=\"rb-heading-index-2 wp-block-heading\">SRI, SIE, DGIA \u0219i structurile MAI lucreaz\u0103 la marele raport<\/h2>\n<p class=\"wp-block-paragraph\">Documentul este coordonat de Administra\u021bia Preziden\u021bial\u0103 \u0219i beneficiaz\u0103 de contribu\u021bia institu\u021biilor statului cu atribu\u021bii \u00een domeniul informa\u021biilor \u0219i securit\u0103\u021bii. Cotroceniul spune c\u0103 volumul materialului este at\u00e2t de mare \u00eenc\u00e2t nu mai poate estima c\u00e2nd va fi terminat\u0103 redactarea.<\/p>\n<p class=\"wp-block-paragraph\">Avem, a\u0219adar, serviciile statului, Administra\u021bia Preziden\u021bial\u0103, informa\u021bii clasificate, surse publice, investiga\u021bii de pres\u0103 \u0219i dou\u0103 decenii de activit\u0103\u021bi ruse\u0219ti.<\/p>\n<p class=\"wp-block-paragraph\">Tot arsenalul.<\/p>\n<p class=\"wp-block-paragraph\">Mai lipse\u0219te doar Institutul de Arheologie, \u00een eventualitatea \u00een care ingerin\u021ba a \u00eenceput mai devreme dec\u00e2t credeam.<\/p>\n<p class=\"wp-block-paragraph\">Ironia este c\u0103 tocmai extinderea continu\u0103 a obiectului raportului ofer\u0103 o explica\u021bie perfect\u0103 pentru am\u00e2nare: cu c\u00e2t trebuie s\u0103 r\u0103spunzi mai pu\u021bin concret unei \u00eentreb\u0103ri, cu at\u00e2t po\u021bi scrie mai mult despre context.<\/p>\n<h2 id=\"in-campanie-problema-parea-mult-mai-simpla\" class=\"rb-heading-index-3 wp-block-heading\">\u00cen campanie, problema p\u0103rea mult mai simpl\u0103<\/h2>\n<p class=\"wp-block-paragraph\">\u00cen aprilie 2025, Nicu\u0219or Dan formula lucrurile foarte clar: viitorul pre\u0219edinte trebuie s\u0103 \u201el\u0103mureasc\u0103 deplin aceast\u0103 chestiune\u201d pentru ca rom\u00e2nii s\u0103-\u0219i recapete \u00eencrederea \u00een democra\u021bie.<\/p>\n<p class=\"wp-block-paragraph\">Dup\u0103 c\u00e2\u0219tigarea alegerilor, spunea c\u0103 Rom\u00e2nia este datoare s\u0103 explice at\u00e2t cet\u0103\u021benilor, c\u00e2t \u0219i alia\u021bilor cauza anul\u0103rii scrutinului \u0219i lega chiar credibilitatea \u021b\u0103rii de aceast\u0103 clarificare.<\/p>\n<p class=\"wp-block-paragraph\">Era o idee foarte bun\u0103.<\/p>\n<p class=\"wp-block-paragraph\">Doar c\u0103 \u00eentre timp explica\u021bia pentru rom\u00e2ni pare s\u0103 fi devenit tez\u0103 de doctorat.<\/p>\n<p class=\"wp-block-paragraph\">\u0218i nu orice tez\u0103.<\/p>\n<p class=\"wp-block-paragraph\">Una interdisciplinar\u0103.<\/p>\n<p class=\"wp-block-paragraph\">Cu Rusia, Europa, r\u0103zboi hibrid, TikTok, servicii, manipulare, dou\u0103 decenii de istorie \u0219i bibliografie probabil suficient\u0103 pentru un raft \u00eentreg.<\/p>\n<h2 id=\"mai-intai-in-cel-mai-scurt-timp-apoi-la-momentul-potrivit\" class=\"rb-heading-index-4 wp-block-heading\">Mai \u00eent\u00e2i \u201e\u00een cel mai scurt timp\u201d. Apoi \u201ela momentul potrivit\u201d<\/h2>\n<p class=\"wp-block-paragraph\">\u00cen septembrie 2025, pre\u0219edintele era deja mult mai prudent.<\/p>\n<p class=\"wp-block-paragraph\">\u00centrebat despre desecretizarea informa\u021biilor din CSAT, Nicu\u0219or Dan r\u0103spundea: <strong>\u201eLa momentul potrivit\u201d<\/strong> \u0219i spunea c\u0103 peste c\u00e2teva luni vor exista probe suplimentare.<\/p>\n<p class=\"wp-block-paragraph\">A\u0219adar, \u201ecel mai scurt timp\u201d se transformase \u00een \u201emomentul potrivit\u201d.<\/p>\n<p class=\"wp-block-paragraph\">Apoi \u201emomentul potrivit\u201d s-a transformat \u00een \u201esf\u00e2r\u0219itul lui ianuarie\u201d.<\/p>\n<p class=\"wp-block-paragraph\">Sf\u00e2r\u0219itul lui ianuarie s-a transformat \u00een \u201edou\u0103-trei luni\u201d.<\/p>\n<p class=\"wp-block-paragraph\">Cele dou\u0103-trei luni au devenit \u201eanul acesta\u201d.<\/p>\n<p class=\"wp-block-paragraph\">\u201eAnul acesta\u201d a devenit \u201etermen rezonabil\u201d.<\/p>\n<p class=\"wp-block-paragraph\">Iar \u201etermen rezonabil\u201d a devenit acum:<\/p>\n<p class=\"wp-block-paragraph\"><strong>\u201eNu putem estima \u00een acest moment o dat\u0103 a public\u0103rii.\u201d<\/strong><\/p>\n<p class=\"wp-block-paragraph\">Este una dintre rarele situa\u021bii \u00een care calendarul politic merge at\u00e2t de \u00eencet \u00eenc\u00e2t \u00eencepe s\u0103 se deplaseze \u00eenapoi \u00een timp. P\u00e2n\u0103 la urm\u0103, raportul a ajuns deja cu analiza \u00een urm\u0103 cu 20 de ani.<\/p>\n<h2 id=\"in-decembrie-trebuia-sa-dureze-douatrei-luni\" class=\"rb-heading-index-5 wp-block-heading\">\u00cen decembrie trebuia s\u0103 dureze dou\u0103-trei luni<\/h2>\n<p class=\"wp-block-paragraph\">Pe 16 decembrie 2025, Nicu\u0219or Dan era destul de precis.<\/p>\n<p class=\"wp-block-paragraph\">\u201eProbabil c\u0103 \u00een dou\u0103-trei luni vom fi preg\u0103ti\u021bi s\u0103 ie\u0219im cu un raport\u201d, declara pre\u0219edintele. Desecretizarea \u0219edin\u021bei CSAT era prezentat\u0103 atunci drept numai \u201eo pietricic\u0103 \u00een tot ansamblul\u201d.<\/p>\n<p class=\"wp-block-paragraph\">Dou\u0103-trei luni \u00eensemnau aproximativ februarie-martie 2026.<\/p>\n<p class=\"wp-block-paragraph\">Suntem pe 18 august 2026.<\/p>\n<p class=\"wp-block-paragraph\">Raportul nu numai c\u0103 nu a ap\u0103rut, dar nici nu mai are dat\u0103.<\/p>\n<p class=\"wp-block-paragraph\">Pietricica pare s\u0103 fi devenit \u00eentre timp Carpa\u021bii Orientali.<\/p>\n<h2 id=\"si-totusi-intrebarea-initiala-ramane-foarte-simpla\" class=\"rb-heading-index-6 wp-block-heading\">\u0218i totu\u0219i, \u00eentrebarea ini\u021bial\u0103 r\u0103m\u00e2ne foarte simpl\u0103<\/h2>\n<p class=\"wp-block-paragraph\">Nimeni nu contest\u0103 c\u0103 ac\u021biunile hibride ale Federa\u021biei Ruse merit\u0103 analizate.<\/p>\n<p class=\"wp-block-paragraph\">Dac\u0103 Rusia desf\u0103\u0219oar\u0103 de dou\u0103 decenii opera\u021biuni de influen\u021b\u0103 \u00een Rom\u00e2nia, este chiar foarte important ca statul s\u0103 le documenteze \u0219i s\u0103 le prezinte public \u00een limitele permise de securitatea na\u021bional\u0103.<\/p>\n<p class=\"wp-block-paragraph\">Dar acesta este un subiect distinct de obliga\u021bia de a explica anularea unui scrutin preziden\u021bial.<\/p>\n<p class=\"wp-block-paragraph\">Alegerile din Rom\u00e2nia nu au fost anulate pentru c\u0103 cineva a demonstrat generic c\u0103 Rusia desf\u0103\u0219oar\u0103 opera\u021biuni de influen\u021b\u0103 de 20 de ani.<\/p>\n<p class=\"wp-block-paragraph\">Au fost anulate \u00een urma unor evenimente \u0219i informa\u021bii concrete din 2024.<\/p>\n<p class=\"wp-block-paragraph\">Tocmai acestea trebuie explicate.<\/p>\n<p class=\"wp-block-paragraph\">Altfel, exist\u0103 riscul ca \u00een jurul unei \u00eentreb\u0103ri foarte precise s\u0103 fie construit un raport at\u00e2t de gigantic \u00eenc\u00e2t r\u0103spunsul propriu-zis s\u0103 devin\u0103 un subcapitol.<\/p>\n<h2 id=\"de-ce-aveau-liderii-europeni-raport-iar-romanii-inca-il-asteptau\" class=\"rb-heading-index-7 wp-block-heading\">De ce aveau liderii europeni raport, iar rom\u00e2nii \u00eenc\u0103 \u00eel a\u0219teptau<\/h2>\n<p class=\"wp-block-paragraph\">Situa\u021bia este \u0219i mai ironic\u0103 dac\u0103 ne uit\u0103m la toamna anului trecut.<\/p>\n<p class=\"wp-block-paragraph\">\u00cen septembrie-octombrie 2025, Nicu\u0219or Dan a mers la Copenhaga cu un document privind interferen\u021bele \u0219i l-a prezentat liderilor europeni. Spunea atunci c\u0103 exist\u0103 deja o prob\u0103 oficial\u0103 privind utilizarea unor conturi \u0219i firme din Rusia, dar c\u0103 pentru \u201eimaginea complet\u0103\u201d mai sunt necesare c\u00e2teva luni.<\/p>\n<p class=\"wp-block-paragraph\">A\u0219adar, partenerilor europeni li s-a putut prezenta material.<\/p>\n<p class=\"wp-block-paragraph\">Pentru cet\u0103\u021benii rom\u00e2ni, fotografia complet\u0103 continu\u0103 \u00eens\u0103 s\u0103 se developze.<\/p>\n<p class=\"wp-block-paragraph\">Foarte \u00eencet.<\/p>\n<p class=\"wp-block-paragraph\">At\u00e2t de \u00eencet \u00eenc\u00e2t p\u00e2n\u0103 termin\u0103m fotografia din 2024 s-ar putea s\u0103 avem nevoie de una nou\u0103 pentru alegerile din 2028.<\/p>\n<h2 id=\"nicusor-dan-spunea-ca-explicatia-este-necesara-pentru-increderea-in-democratie\" class=\"rb-heading-index-8 wp-block-heading\">Nicu\u0219or Dan spunea c\u0103 explica\u021bia este necesar\u0103 pentru \u00eencrederea \u00een democra\u021bie<\/h2>\n<p class=\"wp-block-paragraph\">Aici gluma se termin\u0103.<\/p>\n<p class=\"wp-block-paragraph\">Pentru c\u0103 exact acesta era argumentul lui Nicu\u0219or Dan \u00een campanie.<\/p>\n<p class=\"wp-block-paragraph\">Nu vorbea despre raport ca despre un moft jurnalistic.<\/p>\n<p class=\"wp-block-paragraph\">Spunea c\u0103 l\u0103murirea anul\u0103rii alegerilor este necesar\u0103 pentru <strong>rec\u00e2\u0219tigarea \u00eencrederii rom\u00e2nilor \u00een democra\u021bie<\/strong>.<\/p>\n<p class=\"wp-block-paragraph\">Avea dreptate.<\/p>\n<p class=\"wp-block-paragraph\">Anularea alegerilor preziden\u021biale este una dintre cele mai grave m\u0103suri pe care le poate lua un stat democratic.<\/p>\n<p class=\"wp-block-paragraph\">Poate exista o justificare perfect solid\u0103 pentru o asemenea decizie.<\/p>\n<p class=\"wp-block-paragraph\">Dar atunci justificarea trebuie prezentat\u0103 conving\u0103tor cet\u0103\u021benilor.<\/p>\n<p class=\"wp-block-paragraph\">Cu c\u00e2t explica\u021bia \u00eent\u00e2rzie mai mult, cu at\u00e2t spa\u021biul este ocupat de suspiciuni, teorii \u0219i ne\u00eencredere.<\/p>\n<p class=\"wp-block-paragraph\">Iar dup\u0103 aproape doi ani de la scrutinul din noiembrie 2024, formula \u201emai lucr\u0103m la raport\u201d \u00eencepe s\u0103 fie tot mai greu de v\u00e2ndut drept transparen\u021b\u0103.<\/p>\n<h2 id=\"marele-raport-despre-rusia-poate-ajunge-mai-lung-decat-episodul-pe-care-trebuia-sal-explice\" class=\"rb-heading-index-9 wp-block-heading\">Marele raport despre Rusia poate ajunge mai lung dec\u00e2t episodul pe care trebuia s\u0103-l explice<\/h2>\n<p class=\"wp-block-paragraph\">Poate c\u0103 documentul final va fi extraordinar.<\/p>\n<p class=\"wp-block-paragraph\">Poate vom afla cum au func\u021bionat re\u021belele ruse\u0219ti din 2006, ce pagini de Facebook au ap\u0103rut \u00een 2012, ce site-uri au fost finan\u021bate \u00een 2016, cine a manipulat TikTok \u00een 2024 \u0219i ce conturi false comentau despre facturile la gaze \u00een 2019.<\/p>\n<p class=\"wp-block-paragraph\">Poate va avea 600 de pagini.<\/p>\n<p class=\"wp-block-paragraph\">Anexe.<\/p>\n<p class=\"wp-block-paragraph\">Grafice.<\/p>\n<p class=\"wp-block-paragraph\">H\u0103r\u021bi.<\/p>\n<p class=\"wp-block-paragraph\">Bibliografie.<\/p>\n<p class=\"wp-block-paragraph\">Indice de nume.<\/p>\n<p class=\"wp-block-paragraph\">Eventual \u0219i edi\u021bie cartonat\u0103.<\/p>\n<p class=\"wp-block-paragraph\">Dar Nicu\u0219or Dan a candidat \u00een 2025 promi\u021b\u00e2nd rom\u00e2nilor ceva mult mai simplu: <strong>s\u0103 l\u0103mureasc\u0103 ce s-a \u00eent\u00e2mplat cu alegerile din 2024.<\/strong><\/p>\n<p class=\"wp-block-paragraph\">Pe 18 august 2026, r\u0103spunsul este \u00eenc\u0103 \u00een redactare.<\/p>\n<p class=\"wp-block-paragraph\">Iar acum, pentru a explica noiembrie 2024, statul rom\u00e2n trebuie aparent s\u0103 \u00eenceap\u0103 povestea cu dou\u0103 decenii mai devreme.<\/p>\n<p class=\"wp-block-paragraph\">\u00cen ritmul acesta, vestea bun\u0103 este c\u0103 raportul va fi foarte complet.<\/p>\n<p class=\"wp-block-paragraph\">Vestea proast\u0103 este c\u0103 s-ar putea s\u0103-l citeasc\u0103 urm\u0103torul pre\u0219edinte.<\/p>\n<\/div>\n<div class=\"entry-bottom\">\n<div id=\"block-9\" class=\"widget entry-widget clearfix widget_block\">\n<div><a href=\"https:\/\/suspend.ro\" target=\"_blank\" rel=\"noopener noreferrer\"><img decoding=\"async\" src=\"https:\/\/ortodoxinfo.ro\/wp-content\/uploads\/2026\/08\/FB_IMG_1786185261439.jpg\" alt=\"Verific\u0103 pe suspend.ro \u2013 Parlamentarii din jude\u021bul t\u0103u sus\u021bin suspendarea lui Nicu\u0219or Dan?\"><\/a><\/div>\n<\/div>\n<\/div>\n<\/div>\n<\/div>\n<div class=\"e-shared-sec entry-sec\">\n<div class=\"e-shared-header h4\"><span>Distribuie<\/span><\/div>\n<div class=\"rbbsl tooltips-n effect-fadeout is-bg\"><a class=\"share-action share-trigger icon-facebook\" aria-label=\"Share on Facebook\" href=\"https:\/\/www.facebook.com\/sharer.php?u=https%3A%2F%2Fortodoxinfo.ro%2F2026%2F08%2F19%2Fdegeneratul-nicusor-dan-a-promis-ca-va-lamuri-anularea-alegerilor-din-2024-raportul-a-ajuns-sa-cerceteze-rusia-din-ultimii-20-de-ani%2F\" data-title=\"Facebook\" rel=\"nofollow\"><span>Facebook<\/span><\/a><a class=\"share-action share-trigger icon-twitter\" aria-label=\"Share on X\" href=\"https:\/\/twitter.com\/intent\/tweet?text=Degeneratul+Nicu%C8%99or+Dan+a+promis+c%C4%83+va+l%C4%83muri+anularea+alegerilor+din+2024+%E2%80%93+Raportul+a+ajuns+s%C4%83+cerceteze+Rusia+din+ultimii+20+de+ani&amp;url=https%3A%2F%2Fortodoxinfo.ro%2F2026%2F08%2F19%2Fdegeneratul-nicusor-dan-a-promis-ca-va-lamuri-anularea-alegerilor-din-2024-raportul-a-ajuns-sa-cerceteze-rusia-din-ultimii-20-de-ani%2F&amp;via=ortodoxinforo\" data-title=\"X\" rel=\"nofollow\"><span>X<\/span><\/a><a class=\"share-action icon-whatsapp is-web\" aria-label=\"Share on Whatsapp\" href=\"https:\/\/web.whatsapp.com\/send?text=Degeneratul+Nicu%C8%99or+Dan+a+promis+c%C4%83+va+l%C4%83muri+anularea+alegerilor+din+2024+%E2%80%93+Raportul+a+ajuns+s%C4%83+cerceteze+Rusia+din+ultimii+20+de+ani%20%E2%98%9E%20https%3A%2F%2Fortodoxinfo.ro%2F2026%2F08%2F19%2Fdegeneratul-nicusor-dan-a-promis-ca-va-lamuri-anularea-alegerilor-din-2024-raportul-a-ajuns-sa-cerceteze-rusia-din-ultimii-20-de-ani%2F\" target=\"_blank\" data-title=\"WhatsApp\" rel=\"nofollow\"><span>Whatsapp<\/span><\/a><a class=\"share-action icon-whatsapp is-mobile\" aria-label=\"Share on Whatsapp\" href=\"\/\/send?text=Degeneratul+Nicu%C8%99or+Dan+a+promis+c%C4%83+va+l%C4%83muri+anularea+alegerilor+din+2024+%E2%80%93+Raportul+a+ajuns+s%C4%83+cerceteze+Rusia+din+ultimii+20+de+ani%20%E2%98%9E%20https%3A%2F%2Fortodoxinfo.ro%2F2026%2F08%2F19%2Fdegeneratul-nicusor-dan-a-promis-ca-va-lamuri-anularea-alegerilor-din-2024-raportul-a-ajuns-sa-cerceteze-rusia-din-ultimii-20-de-ani%2F\" target=\"_blank\" data-title=\"WhatsApp\" rel=\"nofollow\"><span>Whatsapp<\/span><\/a><a class=\"share-action share-trigger icon-telegram\" aria-label=\"Share on Telegram\" href=\"https:\/\/t.me\/share\/?url=https%3A%2F%2Fortodoxinfo.ro%2F2026%2F08%2F19%2Fdegeneratul-nicusor-dan-a-promis-ca-va-lamuri-anularea-alegerilor-din-2024-raportul-a-ajuns-sa-cerceteze-rusia-din-ultimii-20-de-ani%2F&amp;text=Degeneratul+Nicu%C8%99or+Dan+a+promis+c%C4%83+va+l%C4%83muri+anularea+alegerilor+din+2024+%E2%80%93+Raportul+a+ajuns+s%C4%83+cerceteze+Rusia+din+ultimii+20+de+ani\" data-title=\"Telegram\" rel=\"nofollow\"><span>Telegram<\/span><\/a><a class=\"share-action icon-copy copy-trigger\" aria-label=\"Copy Link\" href=\"https:\/\/ortodoxinfo.ro\/2026\/08\/19\/degeneratul-nicusor-dan-a-promis-ca-va-lamuri-anularea-alegerilor-din-2024-raportul-a-ajuns-sa-cerceteze-rusia-din-ultimii-20-de-ani\/\" data-copied=\"Copied!\" data-link=\"https:\/\/ortodoxinfo.ro\/2026\/08\/19\/degeneratul-nicusor-dan-a-promis-ca-va-lamuri-anularea-alegerilor-din-2024-raportul-a-ajuns-sa-cerceteze-rusia-din-ultimii-20-de-ani\/\" rel=\"nofollow\" data-copy=\"Copy Link\"><span>Copy Link<\/span><\/a><a class=\"share-action icon-print\" aria-label=\"Print\" rel=\"nofollow\" data-title=\"Print\"><span>Print<\/span><\/a><\/div>\n<\/div>\n<\/div>\n<div id=\"tabs\" class=\"dntplgn_form_wrapper\"><span><\/p>\n<h2>\u0218tirile sunt sub cenzur\u0103! Sprijini\u021bi OrtodoxINFO!<\/h2>\n<p>Guvernul nu dore\u0219te aflarea adev\u0103rului despre lovitura de stat \u0219i \u00eengenuncherea Rom\u00e2niei. \u00cencerc\u0103m s\u0103 men\u021binem viu acest site \u0219i s\u0103 v\u0103 punem la dispozi\u021bie informa\u021bii care s\u0103 fac\u0103 lumin\u0103 \u00een cea mai mare provocare pe care o tr\u0103im. Jurnalismul independent al portalului OrtodoxINFO func\u021bioneaz\u0103 strict cu ajutorul cititorilor.<br \/>\nNe pute\u021bi sprijini printr-o <b><a href=\"https:\/\/ortodoxinfo.ro\/donatii\/\">dona\u021bie bancar\u0103<\/a> sau prin PayPal, complet\u00e2nd formularul de mai jos.<\/b><\/span><\/p>\n<ul>\n<li><a href=\"https:\/\/ortodoxinfo.ro\/2026\/08\/19\/degeneratul-nicusor-dan-a-promis-ca-va-lamuri-anularea-alegerilor-din-2024-raportul-a-ajuns-sa-cerceteze-rusia-din-ultimii-20-de-ani\/#tabs-1\">Dona\u021bie lunar\u0103<\/a><\/li>\n<li><a href=\"https:\/\/ortodoxinfo.ro\/2026\/08\/19\/degeneratul-nicusor-dan-a-promis-ca-va-lamuri-anularea-alegerilor-din-2024-raportul-a-ajuns-sa-cerceteze-rusia-din-ultimii-20-de-ani\/#tabs-2\">Doar acum<\/a><\/li>\n<\/ul>\n<div id=\"tabs-1\"><img loading=\"lazy\" decoding=\"async\" alt border=\"0\" src=\"https:\/\/www.paypalobjects.com\/en_US\/i\/scr\/pixel.gif\" width=\"1\" height=\"1\"><\/div>\n<div id=\"tabs-2\">\n<p>\t\t     \u20ac<\/p>\n<p>\t\t    <img loading=\"lazy\" decoding=\"async\" alt border=\"0\" src=\"https:\/\/www.paypalobjects.com\/en_US\/i\/scr\/pixel.gif\" width=\"1\" height=\"1\"><\/div>\n<p>Mul\u021bumim celor care ne-au ajutat p\u00e2n\u0103 acum!\n\t<\/p><\/div>\n<div class=\"comment-box-wrap entry-sec\">\n<div class=\"comment-box-header\"><span class=\"h3\">Las\u0103 un comentariu<\/span><\/div>\n<div class=\"comment-holder no-comment\">\n<div id=\"comments\" class=\"comments-area\">\n<div id=\"respond\" class=\"comment-respond\">\n<h3 id=\"reply-title\" class=\"comment-reply-title\">Las\u0103 un r\u0103spuns <small><a rel=\"nofollow\" id=\"cancel-comment-reply-link\" href=\"https:\/\/ortodoxinfo.ro\/2026\/08\/19\/degeneratul-nicusor-dan-a-promis-ca-va-lamuri-anularea-alegerilor-din-2024-raportul-a-ajuns-sa-cerceteze-rusia-din-ultimii-20-de-ani\/#respond\">Anuleaz\u0103 r\u0103spunsul<\/a><\/small><\/h3>\n<p class=\"comment-notes\"><span id=\"email-notes\">Adresa ta de email nu va fi publicat\u0103.<\/span><span class=\"required-field-message\">C\u00e2mpurile obligatorii sunt marcate cu <span class=\"required\">*<\/span><\/span><\/p>\n<\/div>\n<\/div>\n<\/div>\n<\/div>\n<\/div>\n<div class=\"sidebar-wrap single-sidebar\">\n<div class=\"sidebar-inner clearfix\">\n<div id=\"widget-post-2\" class=\"widget rb-section w-sidebar clearfix widget-post\">\n<div class=\"block-h widget-heading heading-layout-1\">\n<div class=\"heading-inner\">\n<h4 class=\"heading-title\"><span>Articole recente<\/span><\/h4>\n<\/div>\n<\/div>\n<div class=\"widget-p-listing\">\n<div class=\"p-wrap p-small p-list-small-2\" data-pid=\"259443\">\n<div class=\"feat-holder\">\n<div class=\"p-featured ratio-v1\"><a class=\"p-flink\" href=\"https:\/\/ortodoxinfo.ro\/2026\/08\/19\/cnn-iranul-pierde-controlul-asupra-stramtorii-ormuz-ruta-secreta-prin-care-statele-din-golf-scot-petrolul-incercand-sa-evite-presiunile-teheranului\/\" title=\"CNN: Iranul pierde controlul asupra Str\u00e2mtorii Ormuz. Ruta secret\u0103 prin care statele din Golf scot petrolul \u00eencerc\u00e2nd s\u0103 evite presiunile Teheranului\"><img decoding=\"async\" width=\"150\" height=\"150\" src=\"https:\/\/ortodoxinfo.ro\/wp-content\/uploads\/2026\/08\/iran-hormuz-jpg-1280x720-150x150.jpeg\" class=\"featured-img wp-post-image\" alt loading=\"lazy\"><\/a><\/div>\n<\/div>\n<div class=\"p-content\">\n<h5 class=\"entry-title\"><a class=\"p-url\" href=\"https:\/\/ortodoxinfo.ro\/2026\/08\/19\/cnn-iranul-pierde-controlul-asupra-stramtorii-ormuz-ruta-secreta-prin-care-statele-din-golf-scot-petrolul-incercand-sa-evite-presiunile-teheranului\/\" rel=\"bookmark\">CNN: Iranul pierde controlul asupra Str\u00e2mtorii Ormuz. Ruta secret\u0103 prin care statele din Golf scot petrolul \u00eencerc\u00e2nd s\u0103 evite presiunile Teheranului<\/a><\/h5>\n<div class=\"p-meta\">\n<div class=\"meta-inner is-meta\"><span class=\"meta-el meta-date\"><time datetime=\"2026-08-19T12:20:58+03:00\">19 august 2026<\/time><\/span><span class=\"meta-el meta-category meta-bold\"><a class=\"meta-separate category-20293\" href=\"https:\/\/ortodoxinfo.ro\/category\/anti-sistem\/al-iii-lea-razboi-mondial\/iran\/\">IRAN<\/a><\/span><span class=\"meta-el meta-view\">1.1k vizualiz\u0103ri\t\t<\/span><\/div>\n<\/div>\n<\/div>\n<\/div>\n<div class=\"p-wrap p-small p-list-small-2\" data-pid=\"259344\">\n<div class=\"feat-holder\">\n<div class=\"p-featured ratio-v1\"><a class=\"p-flink\" href=\"https:\/\/ortodoxinfo.ro\/2026\/08\/19\/polonia-a-intrat-oficial-in-clubul-economiilor-de-un-trilion-de-dolari\/\" title=\"Polonia a intrat oficial \u00een clubul economiilor de un trilion de dolari\"><img decoding=\"async\" width=\"150\" height=\"150\" src=\"https:\/\/ortodoxinfo.ro\/wp-content\/uploads\/2026\/08\/https___www.gandul.ro__wp-content_uploads_2025_12_polonia-150x150.webp\" class=\"featured-img wp-post-image\" alt loading=\"lazy\"><\/a><\/div>\n<\/div>\n<div class=\"p-content\">\n<h5 class=\"entry-title\"><a class=\"p-url\" href=\"https:\/\/ortodoxinfo.ro\/2026\/08\/19\/polonia-a-intrat-oficial-in-clubul-economiilor-de-un-trilion-de-dolari\/\" rel=\"bookmark\">Polonia a intrat oficial \u00een clubul economiilor de un trilion de dolari<\/a><\/h5>\n<div class=\"p-meta\">\n<div class=\"meta-inner is-meta\"><span class=\"meta-el meta-date\"><time datetime=\"2026-08-19T00:10:45+03:00\">19 august 2026<\/time><\/span><span class=\"meta-el meta-category meta-bold\"><a class=\"meta-separate category-20289\" href=\"https:\/\/ortodoxinfo.ro\/category\/suveranism\/\">Suveranism<\/a><\/span><span class=\"meta-el meta-view\">3.8k vizualiz\u0103ri\t\t<\/span><\/div>\n<\/div>\n<\/div>\n<\/div>\n<div class=\"p-wrap p-small p-list-small-2\" data-pid=\"259221\">\n<div class=\"feat-holder\">\n<div class=\"p-featured ratio-v1\"><a class=\"p-flink\" href=\"https:\/\/ortodoxinfo.ro\/2026\/08\/18\/manevra-schizo-securistoida-a-lui-ctp-vrea-excluderea-din-ue-ca-sa-dea-gravitate-ejectarii-lui-fritz-de-la-primarie-dar-anularea-a-9-milioane-de-voturi-fara-probe-este-compatibila-cu-valorile-ue\/\" title=\"Manevr\u0103 schizo-securistoid\u0103 a lui CTP: Vrea excluderea din UE, ca s\u0103 dea gravitate eject\u0103rii lui Fritz de la prim\u0103rie! Dar anularea a 9 MILIOANE de voturi, f\u0103r\u0103 PROBE, este compatibil\u0103 cu valorile UE?\"><img decoding=\"async\" width=\"150\" height=\"150\" src=\"https:\/\/ortodoxinfo.ro\/wp-content\/uploads\/2026\/08\/ctp-fara-anticipate-nu-cred-ca-se-poate-merge-mai-departe-chiar-daca-in-aceste-alegeri-se-va-alege-p-150x150.jpeg\" class=\"featured-img wp-post-image\" alt loading=\"lazy\"><\/a><\/div>\n<\/div>\n<div class=\"p-content\">\n<h5 class=\"entry-title\"><a class=\"p-url\" href=\"https:\/\/ortodoxinfo.ro\/2026\/08\/18\/manevra-schizo-securistoida-a-lui-ctp-vrea-excluderea-din-ue-ca-sa-dea-gravitate-ejectarii-lui-fritz-de-la-primarie-dar-anularea-a-9-milioane-de-voturi-fara-probe-este-compatibila-cu-valorile-ue\/\" rel=\"bookmark\">Manevr\u0103 schizo-securistoid\u0103 a lui CTP: Vrea excluderea din UE, ca s\u0103 dea gravitate eject\u0103rii lui Fritz de la prim\u0103rie! Dar anularea a 9 MILIOANE de voturi, f\u0103r\u0103 PROBE, este compatibil\u0103 cu valorile UE?<\/a><\/h5>\n<div class=\"p-meta\">\n<div class=\"meta-inner is-meta\"><span class=\"meta-el meta-date\"><time datetime=\"2026-08-18T18:21:10+03:00\">18 august 2026<\/time><\/span><span class=\"meta-el meta-category meta-bold\"><a class=\"meta-separate category-19885\" href=\"https:\/\/ortodoxinfo.ro\/category\/anti-sistem\/anti-romanism\/asasinii-tarii\/\">Asasinii \u021b\u0103rii<\/a><\/span><span class=\"meta-el meta-view\">22k vizualiz\u0103ri\t\t<\/span><\/div>\n<\/div>\n<\/div>\n<\/div>\n<div class=\"p-wrap p-small p-list-small-2\" data-pid=\"259188\">\n<div class=\"feat-holder\">\n<div class=\"p-featured ratio-v1\"><a class=\"p-flink\" href=\"https:\/\/ortodoxinfo.ro\/2026\/08\/18\/mark-zuckerberg-risca-daune-de-14-trilioane-de-dolari-intr-un-proces-istoric-privind-dependenta-adolescentilor-de-instagram\/\" title=\"Mark Zuckerberg risc\u0103 daune de 1,4 trilioane de dolari \u00eentr-un proces istoric privind dependen\u021ba adolescen\u021bilor de Instagram\"><img decoding=\"async\" width=\"150\" height=\"150\" src=\"https:\/\/ortodoxinfo.ro\/wp-content\/uploads\/2026\/08\/mark-zuckerberg-risca-daune-de-1-4-trilioane-de-dolari-intr-un-proces-istoric-privind-dependenta-ado-150x150.jpeg\" class=\"featured-img wp-post-image\" alt loading=\"lazy\"><\/a><\/div>\n<\/div>\n<div class=\"p-content\">\n<h5 class=\"entry-title\"><a class=\"p-url\" href=\"https:\/\/ortodoxinfo.ro\/2026\/08\/18\/mark-zuckerberg-risca-daune-de-14-trilioane-de-dolari-intr-un-proces-istoric-privind-dependenta-adolescentilor-de-instagram\/\" rel=\"bookmark\">Mark Zuckerberg risc\u0103 daune de 1,4 trilioane de dolari \u00eentr-un proces istoric privind dependen\u021ba adolescen\u021bilor de Instagram<\/a><\/h5>\n<div class=\"p-meta\">\n<div class=\"meta-inner is-meta\"><span class=\"meta-el meta-date\"><time datetime=\"2026-08-18T17:48:34+03:00\">18 august 2026<\/time><\/span><span class=\"meta-el meta-category meta-bold\"><a class=\"meta-separate category-1596\" href=\"https:\/\/ortodoxinfo.ro\/category\/anti-sistem\/big-brother\/\">Big brother<\/a><\/span><span class=\"meta-el meta-view\">3.6k vizualiz\u0103ri\t\t<\/span><\/div>\n<\/div>\n<\/div>\n<\/div>\n<\/div>\n<\/div>\n<div id=\"custom_html-2\" class=\"widget_text widget rb-section w-sidebar clearfix widget_custom_html\">\n<div class=\"block-h widget-heading heading-layout-1\">\n<div class=\"heading-inner\">\n<h4 class=\"heading-title\"><span>DONA\u021aII \u00een cont bancar<\/span><\/h4>\n<\/div>\n<\/div>\n<div class=\"textwidget custom-html-widget\">\n<table class=\"donatii\">\n<tbody>\n<tr>\n<th colspan=\"2\"><strong><span>Asicia\u021bia SMI-B<\/span><\/strong><\/th>\n<\/tr>\n<tr>\n<th>Cont LEI<\/th>\n<td>RO67CECEB00030RON2081955<\/td>\n<\/tr>\n<tr>\n<th>Cont EURO<\/th>\n<td>RO33CECEB000C1EUR2081978<\/td>\n<\/tr>\n<tr>\n<th>Cod SWIFT<\/th>\n<td>CECEROBU<\/td>\n<\/tr>\n<tr>\n<th colspan=\"2\"><strong>CEC BANK SA<\/strong><\/th>\n<\/tr>\n<\/tbody>\n<\/table>\n<\/div>\n<\/div>\n<\/div>\n<\/div>\n<\/div>\n<\/article>\n<div class=\"entry-content rbct clearfix is-highlight-shares\">\n<div class=\"ruby-table-contents rbtoc table-left table-fw-single-col\">\n<div class=\"toc-header\"><span class=\"h3\">Sumar<\/span><\/div>\n<div class=\"toc-content h5\"><a href=\"https:\/\/ortodoxinfo.ro\/2026\/08\/19\/degeneratul-nicusor-dan-a-promis-ca-va-lamuri-anularea-alegerilor-din-2024-raportul-a-ajuns-sa-cerceteze-rusia-din-ultimii-20-de-ani\/#de-la-in-cel-mai-scurt-timp-la-nu-putem-estima-o-data\" class=\"table-link no-link anchor-link\" data-index=\"rb-heading-index-0\">De la \u201e\u00een cel mai scurt timp\u201d la \u201enu putem estima o dat\u0103\u201d<\/a><a href=\"https:\/\/ortodoxinfo.ro\/2026\/08\/19\/degeneratul-nicusor-dan-a-promis-ca-va-lamuri-anularea-alegerilor-din-2024-raportul-a-ajuns-sa-cerceteze-rusia-din-ultimii-20-de-ani\/#raportul-despre-noiembrie-2024-incepe-aparent-prin-2006\" class=\"table-link no-link anchor-link\" data-index=\"rb-heading-index-1\">Raportul despre noiembrie 2024 \u00eencepe, aparent, prin 2006<\/a><a href=\"https:\/\/ortodoxinfo.ro\/2026\/08\/19\/degeneratul-nicusor-dan-a-promis-ca-va-lamuri-anularea-alegerilor-din-2024-raportul-a-ajuns-sa-cerceteze-rusia-din-ultimii-20-de-ani\/#sri-sie-dgia-si-structurile-mai-lucreaza-la-marele-raport\" class=\"table-link no-link anchor-link\" data-index=\"rb-heading-index-2\">SRI, SIE, DGIA \u0219i structurile MAI lucreaz\u0103 la marele raport<\/a><a href=\"https:\/\/ortodoxinfo.ro\/2026\/08\/19\/degeneratul-nicusor-dan-a-promis-ca-va-lamuri-anularea-alegerilor-din-2024-raportul-a-ajuns-sa-cerceteze-rusia-din-ultimii-20-de-ani\/#in-campanie-problema-parea-mult-mai-simpla\" class=\"table-link no-link anchor-link\" data-index=\"rb-heading-index-3\">\u00cen campanie, problema p\u0103rea mult mai simpl\u0103<\/a><a href=\"https:\/\/ortodoxinfo.ro\/2026\/08\/19\/degeneratul-nicusor-dan-a-promis-ca-va-lamuri-anularea-alegerilor-din-2024-raportul-a-ajuns-sa-cerceteze-rusia-din-ultimii-20-de-ani\/#mai-intai-in-cel-mai-scurt-timp-apoi-la-momentul-potrivit\" class=\"table-link no-link anchor-link\" data-index=\"rb-heading-index-4\">Mai \u00eent\u00e2i \u201e\u00een cel mai scurt timp\u201d. Apoi \u201ela momentul potrivit\u201d<\/a><a href=\"https:\/\/ortodoxinfo.ro\/2026\/08\/19\/degeneratul-nicusor-dan-a-promis-ca-va-lamuri-anularea-alegerilor-din-2024-raportul-a-ajuns-sa-cerceteze-rusia-din-ultimii-20-de-ani\/#in-decembrie-trebuia-sa-dureze-douatrei-luni\" class=\"table-link no-link anchor-link\" data-index=\"rb-heading-index-5\">\u00cen decembrie trebuia s\u0103 dureze dou\u0103-trei luni<\/a><a href=\"https:\/\/ortodoxinfo.ro\/2026\/08\/19\/degeneratul-nicusor-dan-a-promis-ca-va-lamuri-anularea-alegerilor-din-2024-raportul-a-ajuns-sa-cerceteze-rusia-din-ultimii-20-de-ani\/#si-totusi-intrebarea-initiala-ramane-foarte-simpla\" class=\"table-link no-link anchor-link\" data-index=\"rb-heading-index-6\">\u0218i totu\u0219i, \u00eentrebarea ini\u021bial\u0103 r\u0103m\u00e2ne foarte simpl\u0103<\/a><a href=\"https:\/\/ortodoxinfo.ro\/2026\/08\/19\/degeneratul-nicusor-dan-a-promis-ca-va-lamuri-anularea-alegerilor-din-2024-raportul-a-ajuns-sa-cerceteze-rusia-din-ultimii-20-de-ani\/#de-ce-aveau-liderii-europeni-raport-iar-romanii-inca-il-asteptau\" class=\"table-link no-link anchor-link\" data-index=\"rb-heading-index-7\">De ce aveau liderii europeni raport, iar rom\u00e2nii \u00eenc\u0103 \u00eel a\u0219teptau<\/a><a href=\"https:\/\/ortodoxinfo.ro\/2026\/08\/19\/degeneratul-nicusor-dan-a-promis-ca-va-lamuri-anularea-alegerilor-din-2024-raportul-a-ajuns-sa-cerceteze-rusia-din-ultimii-20-de-ani\/#nicusor-dan-spunea-ca-explicatia-este-necesara-pentru-increderea-in-democratie\" class=\"table-link no-link anchor-link\" data-index=\"rb-heading-index-8\">Nicu\u0219or Dan spunea c\u0103 explica\u021bia este necesar\u0103 pentru \u00eencrederea \u00een democra\u021bie<\/a><a href=\"https:\/\/ortodoxinfo.ro\/2026\/08\/19\/degeneratul-nicusor-dan-a-promis-ca-va-lamuri-anularea-alegerilor-din-2024-raportul-a-ajuns-sa-cerceteze-rusia-din-ultimii-20-de-ani\/#marele-raport-despre-rusia-poate-ajunge-mai-lung-decat-episodul-pe-care-trebuia-sal-explice\" class=\"table-link no-link anchor-link\" data-index=\"rb-heading-index-9\">Marele raport despre Rusia poate ajunge mai lung dec\u00e2t episodul pe care trebuia s\u0103-l explice<\/a><\/div>\n<\/div>\n<p class=\"wp-block-paragraph\">Nicu\u0219or Dan a intrat la Cotroceni promi\u021b\u00e2nd c\u0103 rom\u00e2nii vor afla ce s-a \u00eent\u00e2mplat cu alegerile preziden\u021biale anulate \u00een 2024. \u00cen campania din 2025 spunea c\u0103 este sarcina pre\u0219edintelui Rom\u00e2niei \u201es\u0103 l\u0103mureasc\u0103 deplin aceast\u0103 chestiune\u201d, iar imediat dup\u0103 c\u00e2\u0219tigarea alegerilor vorbea despre clarific\u0103ri \u201e\u00een cel mai scurt timp\u201d.<\/p>\n<p class=\"wp-block-paragraph\">Suntem \u00een august 2026.<\/p>\n<p class=\"wp-block-paragraph\">Raportul nu este gata.<\/p>\n<p class=\"wp-block-paragraph\">Nu mai exist\u0103 nici m\u0103car un termen estimativ.<\/p>\n<p class=\"wp-block-paragraph\">\u00cen schimb, proiectul a crescut spectaculos: de la explicarea unui scrutin desf\u0103\u0219urat \u00een noiembrie 2024 s-a ajuns la documentarea a <strong>20 de ani de r\u0103zboi hibrid \u0219i manipulare informa\u021bional\u0103 ruseasc\u0103 \u00een Rom\u00e2nia \u0219i Europa<\/strong>.<\/p>\n<p class=\"wp-block-paragraph\">\u00cen ritmul acesta, p\u00e2n\u0103 apare raportul despre alegerile din 2024, exist\u0103 riscul s\u0103 afl\u0103m \u0219i ce f\u0103cea Ivan cel Groaznic pentru destabilizarea spa\u021biului european.<\/p>\n<h2 id=\"de-la-in-cel-mai-scurt-timp-la-nu-putem-estima-o-data\" class=\"rb-heading-index-0 wp-block-heading\">De la \u201e\u00een cel mai scurt timp\u201d la \u201enu putem estima o dat\u0103\u201d<\/h2>\n<p class=\"wp-block-paragraph\">Cronologia promisiunilor este aproape un material de comedie politic\u0103 \u00een sine.<\/p>\n<p class=\"wp-block-paragraph\">\u00cen mai 2025, imediat dup\u0103 c\u00e2\u0219tigarea alegerilor, Nicu\u0219or Dan spunea c\u0103 problema trebuie clarificat\u0103 \u201e\u00een cel mai scurt timp\u201d.<\/p>\n<p class=\"wp-block-paragraph\">Pe 4 iunie 2025, explica faptul c\u0103 subiectul va deveni prioritar dup\u0103 \u201euna-dou\u0103 s\u0103pt\u0103m\u00e2ni\u201d.<\/p>\n<div class=\"inline-single-ad ad_single_3_index alignfull\">\n<div class=\"ad-wrap ad-script-wrap\">\n<div class=\"ad-script non-adsense edge-padding\">\n<div>\n\u203c\ufe0f\u203c\ufe0f NU recunoa\u0219tem ca pre\u0219edinte al Rom\u00e2niei pe marioneta retard\u0103 Nicu\u0219or Dan! Rom\u00e2ni, boicota\u021bi aceast\u0103 f\u0103c\u0103tur\u0103, care ne face \u021bara de r\u00e2s! NU rom\u00e2nii l-au votat pe Nicusoro\u0219 &#8211; cu unele excep\u021bii de persoane infantile, manipulabile \u0219i chiar idioate &#8211; ci l-au ajutat Maia Soro\u0219, Emanuel Macrou \u0219i tr\u0103d\u0103torii de la B.E.C. \u0219i CCR!<br \/>\n La \u00eenchisoare cu cei care au fraudat alegerile!\n<\/div>\n<\/div>\n<\/div>\n<\/div>\n<p class=\"wp-block-paragraph\">\u00cen noiembrie 2025, rom\u00e2nii urmau s\u0103 primeasc\u0103 datele \u201e\u00een scurt timp\u201d.<\/p>\n<p class=\"wp-block-paragraph\">Pe 3 decembrie 2025, raportul urma s\u0103 vin\u0103 \u201ecel mai probabil, la finalul lunii ianuarie\u201d.<\/p>\n<p class=\"wp-block-paragraph\">C\u00e2teva zile mai t\u00e2rziu, termenul devenise \u201edou\u0103-trei luni\u201d.<\/p>\n<p class=\"wp-block-paragraph\">\u00cen aprilie 2026, promisiunea se l\u0103rgea confortabil la \u201eanul acesta, \u00een mod categoric\u201d.<\/p>\n<p class=\"wp-block-paragraph\">\u00cen iunie 2026 am ajuns la misteriosul \u201etermen rezonabil\u201d.<\/p>\n<p class=\"wp-block-paragraph\">Iar acum, \u00een august, Administra\u021bia Preziden\u021bial\u0103 spune pur \u0219i simplu c\u0103 <strong>nu poate estima data public\u0103rii<\/strong>.<\/p>\n<p class=\"wp-block-paragraph\">A trecut, practic, un an \u00een care raportul a fost c\u00e2nd dup\u0103 col\u021b, c\u00e2nd la sf\u00e2r\u0219itul lui ianuarie, c\u00e2nd peste dou\u0103-trei luni, c\u00e2nd \u201eanul acesta\u201d, c\u00e2nd \u00eentr-un termen rezonabil.<\/p>\n<p class=\"wp-block-paragraph\">Acum termenul rezonabil nu mai are termen.<\/p>\n<h2 id=\"raportul-despre-noiembrie-2024-incepe-aparent-prin-2006\" class=\"rb-heading-index-1 wp-block-heading\">Raportul despre noiembrie 2024 \u00eencepe, aparent, prin 2006<\/h2>\n<p class=\"wp-block-paragraph\">\u0218i aici apare partea cu adev\u0103rat spectaculoas\u0103.<\/p>\n<p class=\"wp-block-paragraph\">Rom\u00e2nii a\u0219teptau o explica\u021bie relativ precis\u0103:<\/p>\n<p class=\"wp-block-paragraph\"><strong>De ce au fost anulate alegerile preziden\u021biale din 2024?<\/strong><\/p>\n<p class=\"wp-block-paragraph\">Ce informa\u021bii concrete existau?<\/p>\n<p class=\"wp-block-paragraph\">Ce \u0219tiau serviciile \u00eenaintea scrutinului?<\/p>\n<p class=\"wp-block-paragraph\">Ce a aflat CSAT?<\/p>\n<p class=\"wp-block-paragraph\">Care au fost probele?<\/p>\n<p class=\"wp-block-paragraph\">Ce s-a \u00eent\u00e2mplat cu TikTok?<\/p>\n<p class=\"wp-block-paragraph\">Cine a finan\u021bat opera\u021biunile?<\/p>\n<p class=\"wp-block-paragraph\">Care a fost amploarea interven\u021biei externe?<\/p>\n<p class=\"wp-block-paragraph\">\u00cen schimb, Cotroceniul ne anun\u021b\u0103 acum c\u0103 raportul va documenta aproximativ <strong>dou\u0103 decenii de ac\u021biuni hibride ale Federa\u021biei Ruse<\/strong> \u00eempotriva Rom\u00e2niei \u0219i statelor europene. Alegerile din 2024 vor primi \u0219i ele o sec\u021biune dedicat\u0103.<\/p>\n<p class=\"wp-block-paragraph\">Adic\u0103 am pornit s\u0103 afl\u0103m ce s-a \u00eent\u00e2mplat \u00eentr-o lun\u0103 din 2024 \u0219i am ajuns la o lucrare despre geopolitica rus\u0103 din ultimele dou\u0103 decenii.<\/p>\n<p class=\"wp-block-paragraph\">Este ca \u0219i cum ai \u00eentreba de ce s-a stricat liftul mar\u021bi, iar administratorul blocului \u00ee\u021bi r\u0103spunde dup\u0103 un an c\u0103 preg\u0103te\u0219te o istorie complet\u0103 a transportului vertical de la Arhimede p\u00e2n\u0103 \u00een prezent.<\/p>\n<p class=\"wp-block-paragraph\">Foarte interesant\u0103 lucrare.<\/p>\n<p class=\"wp-block-paragraph\">Dar liftul de mar\u021bi?<\/p>\n<h2 id=\"sri-sie-dgia-si-structurile-mai-lucreaza-la-marele-raport\" class=\"rb-heading-index-2 wp-block-heading\">SRI, SIE, DGIA \u0219i structurile MAI lucreaz\u0103 la marele raport<\/h2>\n<p class=\"wp-block-paragraph\">Documentul este coordonat de Administra\u021bia Preziden\u021bial\u0103 \u0219i beneficiaz\u0103 de contribu\u021bia institu\u021biilor statului cu atribu\u021bii \u00een domeniul informa\u021biilor \u0219i securit\u0103\u021bii. Cotroceniul spune c\u0103 volumul materialului este at\u00e2t de mare \u00eenc\u00e2t nu mai poate estima c\u00e2nd va fi terminat\u0103 redactarea.<\/p>\n<p class=\"wp-block-paragraph\">Avem, a\u0219adar, serviciile statului, Administra\u021bia Preziden\u021bial\u0103, informa\u021bii clasificate, surse publice, investiga\u021bii de pres\u0103 \u0219i dou\u0103 decenii de activit\u0103\u021bi ruse\u0219ti.<\/p>\n<p class=\"wp-block-paragraph\">Tot arsenalul.<\/p>\n<p class=\"wp-block-paragraph\">Mai lipse\u0219te doar Institutul de Arheologie, \u00een eventualitatea \u00een care ingerin\u021ba a \u00eenceput mai devreme dec\u00e2t credeam.<\/p>\n<p class=\"wp-block-paragraph\">Ironia este c\u0103 tocmai extinderea continu\u0103 a obiectului raportului ofer\u0103 o explica\u021bie perfect\u0103 pentru am\u00e2nare: cu c\u00e2t trebuie s\u0103 r\u0103spunzi mai pu\u021bin concret unei \u00eentreb\u0103ri, cu at\u00e2t po\u021bi scrie mai mult despre context.<\/p>\n<h2 id=\"in-campanie-problema-parea-mult-mai-simpla\" class=\"rb-heading-index-3 wp-block-heading\">\u00cen campanie, problema p\u0103rea mult mai simpl\u0103<\/h2>\n<p class=\"wp-block-paragraph\">\u00cen aprilie 2025, Nicu\u0219or Dan formula lucrurile foarte clar: viitorul pre\u0219edinte trebuie s\u0103 \u201el\u0103mureasc\u0103 deplin aceast\u0103 chestiune\u201d pentru ca rom\u00e2nii s\u0103-\u0219i recapete \u00eencrederea \u00een democra\u021bie.<\/p>\n<p class=\"wp-block-paragraph\">Dup\u0103 c\u00e2\u0219tigarea alegerilor, spunea c\u0103 Rom\u00e2nia este datoare s\u0103 explice at\u00e2t cet\u0103\u021benilor, c\u00e2t \u0219i alia\u021bilor cauza anul\u0103rii scrutinului \u0219i lega chiar credibilitatea \u021b\u0103rii de aceast\u0103 clarificare.<\/p>\n<p class=\"wp-block-paragraph\">Era o idee foarte bun\u0103.<\/p>\n<p class=\"wp-block-paragraph\">Doar c\u0103 \u00eentre timp explica\u021bia pentru rom\u00e2ni pare s\u0103 fi devenit tez\u0103 de doctorat.<\/p>\n<p class=\"wp-block-paragraph\">\u0218i nu orice tez\u0103.<\/p>\n<p class=\"wp-block-paragraph\">Una interdisciplinar\u0103.<\/p>\n<p class=\"wp-block-paragraph\">Cu Rusia, Europa, r\u0103zboi hibrid, TikTok, servicii, manipulare, dou\u0103 decenii de istorie \u0219i bibliografie probabil suficient\u0103 pentru un raft \u00eentreg.<\/p>\n<h2 id=\"mai-intai-in-cel-mai-scurt-timp-apoi-la-momentul-potrivit\" class=\"rb-heading-index-4 wp-block-heading\">Mai \u00eent\u00e2i \u201e\u00een cel mai scurt timp\u201d. Apoi \u201ela momentul potrivit\u201d<\/h2>\n<p class=\"wp-block-paragraph\">\u00cen septembrie 2025, pre\u0219edintele era deja mult mai prudent.<\/p>\n<p class=\"wp-block-paragraph\">\u00centrebat despre desecretizarea informa\u021biilor din CSAT, Nicu\u0219or Dan r\u0103spundea: <strong>\u201eLa momentul potrivit\u201d<\/strong> \u0219i spunea c\u0103 peste c\u00e2teva luni vor exista probe suplimentare.<\/p>\n<p class=\"wp-block-paragraph\">A\u0219adar, \u201ecel mai scurt timp\u201d se transformase \u00een \u201emomentul potrivit\u201d.<\/p>\n<p class=\"wp-block-paragraph\">Apoi \u201emomentul potrivit\u201d s-a transformat \u00een \u201esf\u00e2r\u0219itul lui ianuarie\u201d.<\/p>\n<p class=\"wp-block-paragraph\">Sf\u00e2r\u0219itul lui ianuarie s-a transformat \u00een \u201edou\u0103-trei luni\u201d.<\/p>\n<p class=\"wp-block-paragraph\">Cele dou\u0103-trei luni au devenit \u201eanul acesta\u201d.<\/p>\n<p class=\"wp-block-paragraph\">\u201eAnul acesta\u201d a devenit \u201etermen rezonabil\u201d.<\/p>\n<p class=\"wp-block-paragraph\">Iar \u201etermen rezonabil\u201d a devenit acum:<\/p>\n<p class=\"wp-block-paragraph\"><strong>\u201eNu putem estima \u00een acest moment o dat\u0103 a public\u0103rii.\u201d<\/strong><\/p>\n<p class=\"wp-block-paragraph\">Este una dintre rarele situa\u021bii \u00een care calendarul politic merge at\u00e2t de \u00eencet \u00eenc\u00e2t \u00eencepe s\u0103 se deplaseze \u00eenapoi \u00een timp. P\u00e2n\u0103 la urm\u0103, raportul a ajuns deja cu analiza \u00een urm\u0103 cu 20 de ani.<\/p>\n<h2 id=\"in-decembrie-trebuia-sa-dureze-douatrei-luni\" class=\"rb-heading-index-5 wp-block-heading\">\u00cen decembrie trebuia s\u0103 dureze dou\u0103-trei luni<\/h2>\n<p class=\"wp-block-paragraph\">Pe 16 decembrie 2025, Nicu\u0219or Dan era destul de precis.<\/p>\n<p class=\"wp-block-paragraph\">\u201eProbabil c\u0103 \u00een dou\u0103-trei luni vom fi preg\u0103ti\u021bi s\u0103 ie\u0219im cu un raport\u201d, declara pre\u0219edintele. Desecretizarea \u0219edin\u021bei CSAT era prezentat\u0103 atunci drept numai \u201eo pietricic\u0103 \u00een tot ansamblul\u201d.<\/p>\n<p class=\"wp-block-paragraph\">Dou\u0103-trei luni \u00eensemnau aproximativ februarie-martie 2026.<\/p>\n<p class=\"wp-block-paragraph\">Suntem pe 18 august 2026.<\/p>\n<p class=\"wp-block-paragraph\">Raportul nu numai c\u0103 nu a ap\u0103rut, dar nici nu mai are dat\u0103.<\/p>\n<p class=\"wp-block-paragraph\">Pietricica pare s\u0103 fi devenit \u00eentre timp Carpa\u021bii Orientali.<\/p>\n<h2 id=\"si-totusi-intrebarea-initiala-ramane-foarte-simpla\" class=\"rb-heading-index-6 wp-block-heading\">\u0218i totu\u0219i, \u00eentrebarea ini\u021bial\u0103 r\u0103m\u00e2ne foarte simpl\u0103<\/h2>\n<p class=\"wp-block-paragraph\">Nimeni nu contest\u0103 c\u0103 ac\u021biunile hibride ale Federa\u021biei Ruse merit\u0103 analizate.<\/p>\n<p class=\"wp-block-paragraph\">Dac\u0103 Rusia desf\u0103\u0219oar\u0103 de dou\u0103 decenii opera\u021biuni de influen\u021b\u0103 \u00een Rom\u00e2nia, este chiar foarte important ca statul s\u0103 le documenteze \u0219i s\u0103 le prezinte public \u00een limitele permise de securitatea na\u021bional\u0103.<\/p>\n<p class=\"wp-block-paragraph\">Dar acesta este un subiect distinct de obliga\u021bia de a explica anularea unui scrutin preziden\u021bial.<\/p>\n<p class=\"wp-block-paragraph\">Alegerile din Rom\u00e2nia nu au fost anulate pentru c\u0103 cineva a demonstrat generic c\u0103 Rusia desf\u0103\u0219oar\u0103 opera\u021biuni de influen\u021b\u0103 de 20 de ani.<\/p>\n<p class=\"wp-block-paragraph\">Au fost anulate \u00een urma unor evenimente \u0219i informa\u021bii concrete din 2024.<\/p>\n<p class=\"wp-block-paragraph\">Tocmai acestea trebuie explicate.<\/p>\n<p class=\"wp-block-paragraph\">Altfel, exist\u0103 riscul ca \u00een jurul unei \u00eentreb\u0103ri foarte precise s\u0103 fie construit un raport at\u00e2t de gigantic \u00eenc\u00e2t r\u0103spunsul propriu-zis s\u0103 devin\u0103 un subcapitol.<\/p>\n<h2 id=\"de-ce-aveau-liderii-europeni-raport-iar-romanii-inca-il-asteptau\" class=\"rb-heading-index-7 wp-block-heading\">De ce aveau liderii europeni raport, iar rom\u00e2nii \u00eenc\u0103 \u00eel a\u0219teptau<\/h2>\n<p class=\"wp-block-paragraph\">Situa\u021bia este \u0219i mai ironic\u0103 dac\u0103 ne uit\u0103m la toamna anului trecut.<\/p>\n<p class=\"wp-block-paragraph\">\u00cen septembrie-octombrie 2025, Nicu\u0219or Dan a mers la Copenhaga cu un document privind interferen\u021bele \u0219i l-a prezentat liderilor europeni. Spunea atunci c\u0103 exist\u0103 deja o prob\u0103 oficial\u0103 privind utilizarea unor conturi \u0219i firme din Rusia, dar c\u0103 pentru \u201eimaginea complet\u0103\u201d mai sunt necesare c\u00e2teva luni.<\/p>\n<p class=\"wp-block-paragraph\">A\u0219adar, partenerilor europeni li s-a putut prezenta material.<\/p>\n<p class=\"wp-block-paragraph\">Pentru cet\u0103\u021benii rom\u00e2ni, fotografia complet\u0103 continu\u0103 \u00eens\u0103 s\u0103 se developze.<\/p>\n<p class=\"wp-block-paragraph\">Foarte \u00eencet.<\/p>\n<p class=\"wp-block-paragraph\">At\u00e2t de \u00eencet \u00eenc\u00e2t p\u00e2n\u0103 termin\u0103m fotografia din 2024 s-ar putea s\u0103 avem nevoie de una nou\u0103 pentru alegerile din 2028.<\/p>\n<h2 id=\"nicusor-dan-spunea-ca-explicatia-este-necesara-pentru-increderea-in-democratie\" class=\"rb-heading-index-8 wp-block-heading\">Nicu\u0219or Dan spunea c\u0103 explica\u021bia este necesar\u0103 pentru \u00eencrederea \u00een democra\u021bie<\/h2>\n<p class=\"wp-block-paragraph\">Aici gluma se termin\u0103.<\/p>\n<p class=\"wp-block-paragraph\">Pentru c\u0103 exact acesta era argumentul lui Nicu\u0219or Dan \u00een campanie.<\/p>\n<p class=\"wp-block-paragraph\">Nu vorbea despre raport ca despre un moft jurnalistic.<\/p>\n<p class=\"wp-block-paragraph\">Spunea c\u0103 l\u0103murirea anul\u0103rii alegerilor este necesar\u0103 pentru <strong>rec\u00e2\u0219tigarea \u00eencrederii rom\u00e2nilor \u00een democra\u021bie<\/strong>.<\/p>\n<p class=\"wp-block-paragraph\">Avea dreptate.<\/p>\n<p class=\"wp-block-paragraph\">Anularea alegerilor preziden\u021biale este una dintre cele mai grave m\u0103suri pe care le poate lua un stat democratic.<\/p>\n<p class=\"wp-block-paragraph\">Poate exista o justificare perfect solid\u0103 pentru o asemenea decizie.<\/p>\n<p class=\"wp-block-paragraph\">Dar atunci justificarea trebuie prezentat\u0103 conving\u0103tor cet\u0103\u021benilor.<\/p>\n<p class=\"wp-block-paragraph\">Cu c\u00e2t explica\u021bia \u00eent\u00e2rzie mai mult, cu at\u00e2t spa\u021biul este ocupat de suspiciuni, teorii \u0219i ne\u00eencredere.<\/p>\n<p class=\"wp-block-paragraph\">Iar dup\u0103 aproape doi ani de la scrutinul din noiembrie 2024, formula \u201emai lucr\u0103m la raport\u201d \u00eencepe s\u0103 fie tot mai greu de v\u00e2ndut drept transparen\u021b\u0103.<\/p>\n<h2 id=\"marele-raport-despre-rusia-poate-ajunge-mai-lung-decat-episodul-pe-care-trebuia-sal-explice\" class=\"rb-heading-index-9 wp-block-heading\">Marele raport despre Rusia poate ajunge mai lung dec\u00e2t episodul pe care trebuia s\u0103-l explice<\/h2>\n<p class=\"wp-block-paragraph\">Poate c\u0103 documentul final va fi extraordinar.<\/p>\n<p class=\"wp-block-paragraph\">Poate vom afla cum au func\u021bionat re\u021belele ruse\u0219ti din 2006, ce pagini de Facebook au ap\u0103rut \u00een 2012, ce site-uri au fost finan\u021bate \u00een 2016, cine a manipulat TikTok \u00een 2024 \u0219i ce conturi false comentau despre facturile la gaze \u00een 2019.<\/p>\n<p class=\"wp-block-paragraph\">Poate va avea 600 de pagini.<\/p>\n<p class=\"wp-block-paragraph\">Anexe.<\/p>\n<p class=\"wp-block-paragraph\">Grafice.<\/p>\n<p class=\"wp-block-paragraph\">H\u0103r\u021bi.<\/p>\n<p class=\"wp-block-paragraph\">Bibliografie.<\/p>\n<p class=\"wp-block-paragraph\">Indice de nume.<\/p>\n<p class=\"wp-block-paragraph\">Eventual \u0219i edi\u021bie cartonat\u0103.<\/p>\n<p class=\"wp-block-paragraph\">Dar Nicu\u0219or Dan a candidat \u00een 2025 promi\u021b\u00e2nd rom\u00e2nilor ceva mult mai simplu: <strong>s\u0103 l\u0103mureasc\u0103 ce s-a \u00eent\u00e2mplat cu alegerile din 2024.<\/strong><\/p>\n<p class=\"wp-block-paragraph\">Pe 18 august 2026, r\u0103spunsul este \u00eenc\u0103 \u00een redactare.<\/p>\n<p class=\"wp-block-paragraph\">Iar acum, pentru a explica noiembrie 2024, statul rom\u00e2n trebuie aparent s\u0103 \u00eenceap\u0103 povestea cu dou\u0103 decenii mai devreme.<\/p>\n<p class=\"wp-block-paragraph\">\u00cen ritmul acesta, vestea bun\u0103 este c\u0103 raportul va fi foarte complet.<\/p>\n<p class=\"wp-block-paragraph\">Vestea proast\u0103 este c\u0103 s-ar putea s\u0103-l citeasc\u0103 urm\u0103torul pre\u0219edinte.<\/p>\n<\/div>\n<p>[analyse_source url=&#8221;https:\/\/ortodoxinfo.ro\/2026\/08\/19\/degeneratul-nicusor-dan-a-promis-ca-va-lamuri-anularea-alegerilor-din-2024-raportul-a-ajuns-sa-cerceteze-rusia-din-ultimii-20-de-ani\/&#8221;]<\/p>\n","protected":false},"excerpt":{"rendered":"<p>[analyse_image type=&#8221;featured&#8221; src=&#8221;https:\/\/ortodoxinfo.ro\/wp-content\/uploads\/2026\/08\/nicusor-dan-123123.pnghttps:\/\/ortodoxinfo.ro\/wp-content\/uploads\/2026\/08\/nicusor-dan-123123.png&#8221;] Prima pagin\u0103 \u00bb Blog \u00bb Degeneratul Nicu\u0219or Dan a promis c\u0103 va l\u0103muri anularea alegerilor din 2024 \u2013 Raportul a ajuns s\u0103 cerceteze Rusia din ultimii 20 de ani Degeneratul Nicu\u0219or Dan a promis c\u0103 va l\u0103muri anularea alegerilor din 2024 \u2013 Raportul a ajuns s\u0103 cerceteze Rusia din ultimii 20 de [&hellip;]<\/p>\n","protected":false},"author":1,"featured_media":0,"comment_status":"open","ping_status":"","sticky":false,"template":"","format":"standard","meta":{"footnotes":""},"categories":[89],"tags":[226,94],"class_list":["post-2100524","post","type-post","status-publish","format-standard","hentry","category-romania","tag-crawlmanager","tag-ortodoxinfo-ro"],"_links":{"self":[{"href":"https:\/\/analyse.optim.biz\/index.php?rest_route=\/wp\/v2\/posts\/2100524","targetHints":{"allow":["GET"]}}],"collection":[{"href":"https:\/\/analyse.optim.biz\/index.php?rest_route=\/wp\/v2\/posts"}],"about":[{"href":"https:\/\/analyse.optim.biz\/index.php?rest_route=\/wp\/v2\/types\/post"}],"author":[{"embeddable":true,"href":"https:\/\/analyse.optim.biz\/index.php?rest_route=\/wp\/v2\/users\/1"}],"replies":[{"embeddable":true,"href":"https:\/\/analyse.optim.biz\/index.php?rest_route=%2Fwp%2Fv2%2Fcomments&post=2100524"}],"version-history":[{"count":0,"href":"https:\/\/analyse.optim.biz\/index.php?rest_route=\/wp\/v2\/posts\/2100524\/revisions"}],"wp:attachment":[{"href":"https:\/\/analyse.optim.biz\/index.php?rest_route=%2Fwp%2Fv2%2Fmedia&parent=2100524"}],"wp:term":[{"taxonomy":"category","embeddable":true,"href":"https:\/\/analyse.optim.biz\/index.php?rest_route=%2Fwp%2Fv2%2Fcategories&post=2100524"},{"taxonomy":"post_tag","embeddable":true,"href":"https:\/\/analyse.optim.biz\/index.php?rest_route=%2Fwp%2Fv2%2Ftags&post=2100524"}],"curies":[{"name":"wp","href":"https:\/\/api.w.org\/{rel}","templated":true}]}}