{"id":2100508,"date":"2026-08-19T06:22:48","date_gmt":"2026-08-19T03:22:48","guid":{"rendered":"https:\/\/analyse.optim.biz\/?p=2100508"},"modified":"2026-08-19T06:22:48","modified_gmt":"2026-08-19T03:22:48","slug":"interviurile-observatorului-se-fac-si-la-despre-rugby","status":"publish","type":"post","link":"https:\/\/analyse.optim.biz\/?p=2100508","title":{"rendered":"\u201eInterviurile Observatorului\u201d se fac \u0219i la\/despre rugby"},"content":{"rendered":"<p>[analyse_image type=&#8221;featured&#8221; src=&#8221;https:\/\/www.observatorulbuzoian.ro\/wp-content\/uploads\/2026\/08\/maxresdefault-8-scaled.jpg&#8221;]<\/p>\n<div class=\"td-post-content tagdiv-type\">\n<p>\u0218tiam deja de ani buni c\u0103 Adrian Diaconu face dou\u0103 sporturi simultan. Tat\u0103l lui ( Cristi ) \u00eemi umplea \u00een fiecare var\u0103 telefonul cu clipuri de la meciurile lui \u201d Tarzan \u201e, a\u0219a cum \u00eel alint\u0103 pe micu\u021bul de 1,75 m deja la 12 ani.<\/p>\n<p>Prin 2024 i-am \u00eent\u00e2lnit la arenele de tenis ale lui Gabriel Caloian , spectatori la un turneu de juniori. Am \u0219i \u00eenregistrat un interviu cu cei doi, iar la final micul rugbist (\u0219i boxer) m-a provocat la un Skanderbeg. Era s\u0103-mi rup\u0103 m\u00e2na. Avea 10 ani. Acum, la 12 \u0219i 6 luni este deja deja un fl\u0103c\u0103u c\u00e2t mine de \u00eenalt \u0219i al naibii de puternic. Continu\u0103 s\u0103 mearg\u0103 de dou\u0103 ori pe s\u0103pt\u0103m\u00e2n\u0103 \u00een sala de box \u0219i \u00een alte dou\u0103 zile pe terenul de rugby. C\u0103pitan de echip\u0103 la Clontarf \u0219i cu numele notat cu litere mari \u00een agendele tuturor scouterilor din bran\u0219\u0103, Adi e timid \u00een fa\u021ba camerei, dar c\u0103 un bivol s\u0103lbatic \u00een aren\u0103.<br \/>\nLa invita\u021bia pre\u0219edintelui George Georgescu , se va antrena dou\u0103 zile cu echipa U15 a Gloriei Buz\u0103u p\u00e2n\u0103 c\u00e2nd se va \u00eentoarce la Dublin . Acas\u0103, pentru el.<\/p>\n<p>Text \u0219i imagini: Vali Mocanu \u0219i Mihai Chiriazi<\/p>\n<\/div>\n<p>[analyse_source url=&#8221;https:\/\/www.observatorulbuzoian.ro\/interviurile-observatorului-se-fac-si-la-despre-rugby\/&#8221;]<\/p>\n","protected":false},"excerpt":{"rendered":"<p>[analyse_image type=&#8221;featured&#8221; src=&#8221;https:\/\/www.observatorulbuzoian.ro\/wp-content\/uploads\/2026\/08\/maxresdefault-8-scaled.jpg&#8221;] \u0218tiam deja de ani buni c\u0103 Adrian Diaconu face dou\u0103 sporturi simultan. Tat\u0103l lui ( Cristi ) \u00eemi umplea \u00een fiecare var\u0103 telefonul cu clipuri de la meciurile lui \u201d Tarzan \u201e, a\u0219a cum \u00eel alint\u0103 pe micu\u021bul de 1,75 m deja la 12 ani. Prin 2024 i-am \u00eent\u00e2lnit la arenele de [&hellip;]<\/p>\n","protected":false},"author":1,"featured_media":0,"comment_status":"open","ping_status":"","sticky":false,"template":"","format":"standard","meta":{"footnotes":""},"categories":[2],"tags":[226,82],"class_list":["post-2100508","post","type-post","status-publish","format-standard","hentry","category-politics","tag-crawlmanager","tag-observatorulbuzoian-ro"],"_links":{"self":[{"href":"https:\/\/analyse.optim.biz\/index.php?rest_route=\/wp\/v2\/posts\/2100508","targetHints":{"allow":["GET"]}}],"collection":[{"href":"https:\/\/analyse.optim.biz\/index.php?rest_route=\/wp\/v2\/posts"}],"about":[{"href":"https:\/\/analyse.optim.biz\/index.php?rest_route=\/wp\/v2\/types\/post"}],"author":[{"embeddable":true,"href":"https:\/\/analyse.optim.biz\/index.php?rest_route=\/wp\/v2\/users\/1"}],"replies":[{"embeddable":true,"href":"https:\/\/analyse.optim.biz\/index.php?rest_route=%2Fwp%2Fv2%2Fcomments&post=2100508"}],"version-history":[{"count":0,"href":"https:\/\/analyse.optim.biz\/index.php?rest_route=\/wp\/v2\/posts\/2100508\/revisions"}],"wp:attachment":[{"href":"https:\/\/analyse.optim.biz\/index.php?rest_route=%2Fwp%2Fv2%2Fmedia&parent=2100508"}],"wp:term":[{"taxonomy":"category","embeddable":true,"href":"https:\/\/analyse.optim.biz\/index.php?rest_route=%2Fwp%2Fv2%2Fcategories&post=2100508"},{"taxonomy":"post_tag","embeddable":true,"href":"https:\/\/analyse.optim.biz\/index.php?rest_route=%2Fwp%2Fv2%2Ftags&post=2100508"}],"curies":[{"name":"wp","href":"https:\/\/api.w.org\/{rel}","templated":true}]}}