{"id":2100489,"date":"2026-08-18T18:22:55","date_gmt":"2026-08-18T15:22:55","guid":{"rendered":"https:\/\/analyse.optim.biz\/?p=2100489"},"modified":"2026-08-18T18:22:55","modified_gmt":"2026-08-18T15:22:55","slug":"quinn-simmons-luke-lamperti-maggie-coles-lyster-and-kristen-faulkner-among-worldtour-riders-confirmed-for-philadelphia-cycling-classic","status":"publish","type":"post","link":"https:\/\/analyse.optim.biz\/?p=2100489","title":{"rendered":"Quinn Simmons, Luke Lamperti, Maggie Coles-Lyster and Kristen Faulkner among WorldTour riders confirmed for Philadelphia Cycling Classic"},"content":{"rendered":"<p>[analyse_image type=&#8221;featured&#8221; src=&#8221;https:\/\/cdn.mos.cms.futurecdn.net\/ZWLJj9gfmCjg62TMpCFt2d-2560-80.jpg&#8221;]<\/p>\n<article class=\"m-0 box-border flex flex-row items-center pr-2.5 gap-[15px] w-[278px] h-20 flex-none upnext-article-divider\" role=\"listitem\" aria-label=\"Recommended article 1 of 3\">\n<div class=\"relative flex-none w-20 h-20\">\n    <source type=\"image\/webp\" srcset=\"https:\/\/cdn.mos.cms.futurecdn.net\/yJ5aUr4FYgPPi8KC77ZVcW-160-80.jpg.webp 160w, https:\/\/cdn.mos.cms.futurecdn.net\/yJ5aUr4FYgPPi8KC77ZVcW-80-80.jpg.webp 80w\" sizes=\"80px\" \/><\/p>\n<div class=\"flex items-center justify-center absolute w-4 h-6 left-0 top-0 bg-white\/90 flex-none z-[1]\" aria-hidden=\"true\"><span class=\"font-normal text-base leading-[17px] tracking-[1.3px] uppercase text-black flex-none\">1<\/span><\/div>\n<\/div>\n<div class=\"flex flex-col items-center justify-center gap-1.5 w-[173px] h-20 flex-none\">\n<p class=\"font-article-heading font-medium text-base leading-[21px] text-gray-800 w-[173px] line-clamp-3 group-hover:underline\">\n                                    Leadville Trail 100 MTB contenders 2026 &#8211; Can anyone unseat Keegan Swenson and who can take the top spot vacated by Kate Courtney?\n                                <\/p>\n<\/div>\n<\/article>\n<article class=\"m-0 box-border flex flex-row items-center pr-2.5 gap-[15px] w-[278px] h-20 flex-none upnext-article-divider\" role=\"listitem\" aria-label=\"Recommended article 2 of 3\">\n<div class=\"relative flex-none w-20 h-20\">\n    <source type=\"image\/webp\" srcset=\"https:\/\/cdn.mos.cms.futurecdn.net\/qHAc3KmE4Ak5KqwVFuKpCF-160-80.jpg.webp 160w, https:\/\/cdn.mos.cms.futurecdn.net\/qHAc3KmE4Ak5KqwVFuKpCF-80-80.jpg.webp 80w\" sizes=\"80px\" \/><\/p>\n<div class=\"flex items-center justify-center absolute w-[18px] h-6 left-0 top-0 bg-white\/90 flex-none z-[1]\" aria-hidden=\"true\"><span class=\"font-normal text-base leading-[17px] tracking-[1.3px] uppercase text-black flex-none\">2<\/span><\/div>\n<\/div>\n<div class=\"flex flex-col items-center justify-center gap-1.5 w-[173px] h-20 flex-none\">\n<p class=\"font-article-heading font-medium text-base leading-[21px] text-gray-800 w-[173px] line-clamp-3 group-hover:underline\">\n                                    Quinn Simmons returns to Leadville Trail 100 MTB seven years on from his extraordinary teenage debut\n                                <\/p>\n<\/div>\n<\/article>\n<article class=\"m-0 box-border flex flex-row items-center pr-2.5 gap-[15px] w-[278px] h-20 flex-none\" role=\"listitem\" aria-label=\"Recommended article 3 of 3\">\n<div class=\"relative flex-none w-20 h-20\">\n    <source type=\"image\/webp\" srcset=\"https:\/\/cdn.mos.cms.futurecdn.net\/JbdtRhSzSmfnMu7pTobY6T-160-80.jpg.webp 160w, https:\/\/cdn.mos.cms.futurecdn.net\/JbdtRhSzSmfnMu7pTobY6T-80-80.jpg.webp 80w\" sizes=\"80px\" \/><\/p>\n<div class=\"flex items-center justify-center absolute w-[18px] h-6 left-0 top-0 bg-white\/90 flex-none z-[1]\" aria-hidden=\"true\"><span class=\"font-normal text-base leading-[17px] tracking-[1.3px] uppercase text-black flex-none\">3<\/span><\/div>\n<\/div>\n<div class=\"flex flex-col items-center justify-center gap-1.5 w-[173px] h-20 flex-none\">\n<p class=\"font-article-heading font-medium text-base leading-[21px] text-gray-800 w-[173px] line-clamp-3 group-hover:underline\">\n                                    Vollering&#8217;s World Championships quest, Courtney&#8217;s WorldTour debut and big transfer intrigue \u2013 Six compelling storylines to follow in women&#8217;s cycling for the rest of 2026\n                                <\/p>\n<\/div>\n<\/article>\n<article class=\"page-content-onecol flex-1\nnews-article article\n\"><\/p>\n<div class=\"widget-area-group widget-area-group-2col flex flex-wrap box-border\">\n<div id=\"widgetArea16\" class=\"widget-area basis-full md:basis-2\/3 widget-area-g-md-vp-2-3 widget-area-g-lg-vp-2-3 widget-area-g-xl-vp-2-3 page-widget-area-16\">\n<div data-widget-type=\"hero\" id=\"hero\" class=\"clear-both widget widget-hero widget-hero widget-hero-hero widget-hero widget-hero-fter-news\">\n<div class=\"news-article\">\n<header data-component-name=\"Article:Hero\">\n<nav class=\"breadcrumb\" aria-label=\"Breadcrumbs\">\n<ol>\n<li>\nPro Cycling\n<\/li>\n<li>\nTeams &amp; Riders\n<\/li>\n<li>\nRacing\n<\/li>\n<li>\nRoad\n<\/li>\n<\/ol>\n<\/nav>\n<h1>Quinn Simmons, Luke Lamperti, Maggie Coles-Lyster and Kristen Faulkner among WorldTour riders confirmed for Philadelphia Cycling Classic<\/h1>\n<div class=\"byline-social\">\n<div class=\"vds-byline-block flex flex-row flex-nowrap my-1.5 gap-2 text-left items-start justify-start\" data-component-name=\"Article:BylineBlock\">\n<p>News<\/p>\n<div class=\"my-auto vds-simple-byline\"><span class=\"inline-block vds-author\"><br \/>\nBy<br \/>\nJackie Tyson <\/span><\/p>\n<div class=\"flex gap-1 vds-byline-with-avatar__meta\"><span class=\"vds-date block font-normal tracking-normal normal-case text-xs\"><br \/>\nPublished<br \/>\n<time data-component-name=\"UI:DateTime\" datetime=\"2026-08-18T18:22:55Z\" class=\"relative-date\"><br \/>\n18 August 2026<br \/>\n<\/time><\/span><\/div>\n<\/div>\n<\/div>\n<p class=\"strapline\">2016 elite women&#8217;s winner Megan Guarnier makes return as co-director for CCB Kenetik women&#8217;s squad<\/p>\n<\/div>\n<aside class=\"text-gray-700 flex items-center mx-0 my-5 p-0 justify-start text-left\" id=\"affiliate-disclaimer\" data-component-name=\"AffiliateDisclaimer\" data-hawk-message=\"Affiliate disclaimer removed because hawk deemed there are no affiliate links on this page\">\n<p class=\"text-[color:var(--affiliate-disclaimer--text-color,inherit)] mb-2 text-[length:var(--affiliate-disclaimer--font-size,0.75rem)] leading-[18px] md:text-[13px] [&amp;&gt;a]:text-inherit [&amp;&gt;a]:underline\">\nWhen you purchase through links on our site, we may earn an affiliate commission. Here\u2019s how it works.\n<\/p>\n<\/aside>\n<\/header>\n<\/div>\n<\/div>\n<div data-widget-type=\"contentparsed\" id=\"content\" class=\"clear-both widget widget-contentparsed widget-content widget-contentparsed-content widget-content-parsed widget-content-parsed-content_document \">\n<div class=\"wcp-item-content\">\n<section class=\"content-wrapper\">\n<div class=\"box less-space hero-image-wrapper\">\n<figure class=\"mb-0\">\n<source type=\"image\/webp\" srcset=\"https:\/\/cdn.mos.cms.futurecdn.net\/ZWLJj9gfmCjg62TMpCFt2d-1920-80.jpg.webp 1920w, https:\/\/cdn.mos.cms.futurecdn.net\/ZWLJj9gfmCjg62TMpCFt2d-1600-80.jpg.webp 1600w, https:\/\/cdn.mos.cms.futurecdn.net\/ZWLJj9gfmCjg62TMpCFt2d-1200-80.jpg.webp 1200w, https:\/\/cdn.mos.cms.futurecdn.net\/ZWLJj9gfmCjg62TMpCFt2d-1024-80.jpg.webp 1024w, https:\/\/cdn.mos.cms.futurecdn.net\/ZWLJj9gfmCjg62TMpCFt2d-970-80.jpg.webp 970w, https:\/\/cdn.mos.cms.futurecdn.net\/ZWLJj9gfmCjg62TMpCFt2d-750-80.jpg.webp 750w, https:\/\/cdn.mos.cms.futurecdn.net\/ZWLJj9gfmCjg62TMpCFt2d-650-80.jpg.webp 650w, https:\/\/cdn.mos.cms.futurecdn.net\/ZWLJj9gfmCjg62TMpCFt2d-480-80.jpg.webp 480w, https:\/\/cdn.mos.cms.futurecdn.net\/ZWLJj9gfmCjg62TMpCFt2d-320-80.jpg.webp 320w\" sizes=\"(min-width: 1000px) 600px, 100vw\" \/><figcaption class=\"font-article-copy text-(--image--text--color) font-article-copy mt-2\"><span class=\"caption-text font-article-copy\">Kristen Faulkner<\/span><span class=\"credit font-article-copy\">(Image credit: Getty Images)<\/span><\/figcaption><\/figure>\n<\/div>\n<div data-component-name=\"Article:JumpTo\" class=\"contents\" data-only-inline=\"1\">\n<div class=\"visible flex flex-row flex-nowrap sticky max-lg:-ml-5 top-[var(--site-header-height,60px)] sm:top-0 z-[9994] w-screen lg:w-full h-[50px] bg-white p-0 mb-5 border-neutral-200 border border-solid\" data-component-name=\"Article:JumpTo:Variants:Inline\" data-analytics-id=\"sticky-nav\" id=\"sticky-nav--inline\" data-mrf-recirculation=\"sticky-nav\">\n<div class=\"flex flex-row w-full h-full overflow-x-scroll overflow-y-hidden tracking-normal overscroll-x-contain\" id=\"sticky-nav__scroll-container\"><span class=\"pl-4 my-auto text-base font-semibold font-article-heading lg:pl-3 lg:text-sm whitespace-nowrap uppercase\">Jump To:<\/span><\/p>\n<ul class=\"flex flex-row w-auto border-y-0\">\n<li class=\"inline-flex after:content-[&apos;&apos;] after:inline-block after:relative after:h-3\/6 after:w-px after:bg-neutral-200 after:top-1\/4\nborder-b-[3px] border-b-(--jumpto-underline-color) border-solid font-semibold \" data-component-name=\"Article:JumpTo:Inline:Link\">\n<p>Philadelphia Cycling Classic 2026 women&#8217;s teams<\/p>\n<\/li>\n<li class=\"inline-flex after:content-[&apos;&apos;] after:inline-block after:relative after:h-3\/6 after:w-px after:bg-neutral-200 after:top-1\/4\n\" data-component-name=\"Article:JumpTo:Inline:Link\">\n<p>Philadelphia Cycling Classic 2026 men&#8217;s teams<\/p>\n<\/li>\n<\/ul>\n<\/div>\n<\/div>\n<\/div>\n<div id=\"article-body\" class=\"text-copy bodyCopy auto paywall-locker\">\n<div data-analytics-id=\"utility-bar\" id=\"utility-bar\" class=\"font-ui-heading flex justify-between items-center py-2 border-t border-b border-gray-300 border-solid mb-5 mx-auto\" data-component-name=\"UtilityBar\" data-mrf-recirculation=\"utility-bar\">\n<div class=\"flex gap-2 text-[#333] subcontainer\">\n<div class=\"relative tooltip-container\" role=\"tooltip\">\n<div data-component-name=\"Social:Dropdown\" role=\"menu\" id=\"utilitybar__dropdown--share\" aria-labelledby=\"utilitybar__button--share\" class=\"absolute left-0 top-full w-44 bg-white rounded-md shadow-md border border-neutral-200 z-[9996] list-none m-0 py-2 px-3 border-solid\">\n<ul class=\"m-0!\">\n<li class=\"!p-0 !m-0 list-none border-b border-gray-200 border-solid\">\n<li class=\"!p-0 !m-0 list-none border-b border-gray-200 border-solid\">\n<p>Facebook<\/p>\n<\/li>\n<li class=\"!p-0 !m-0 list-none border-b border-gray-200 border-solid\">\n<p>X<\/p>\n<\/li>\n<li class=\"!p-0 !m-0 list-none border-b border-gray-200 border-solid\">\n<p>Pinterest<\/p>\n<\/li>\n<li class=\"!p-0 !m-0 list-none border-b border-gray-200 border-solid\">\n<p>Email<\/p>\n<\/li>\n<\/ul>\n<\/div>\n<div class=\"font-ui-heading max-sm:hidden tooltip absolute left-1\/2 bg-gray-900 text-white text-xs leading-none px-3 py-1.5 rounded-md z-[10001] whitespace-nowrap\" id=\"tooltip-share-this-article\" role=\"tooltip\" aria-hidden=\"true\">\nShare this article\n<\/div>\n<\/div>\n<div class=\"relative tooltip-container\" role=\"tooltip\"><span class=\"ml-1 inline-flex h-5 px-2 shrink-0 items-center justify-center self-center overflow-hidden whitespace-nowrap rounded-[10px] bg-primary-500 text-[11px] leading-none font-ui-heading font-semibold text-white\">0<\/span><\/p>\n<div class=\"font-ui-heading max-sm:hidden tooltip absolute left-1\/2 bg-gray-900 text-white text-xs leading-none px-3 py-1.5 rounded-md z-[10001] whitespace-nowrap\" id=\"tooltip-join-the-conversation\" role=\"tooltip\" aria-hidden=\"true\">\nJoin the conversation\n<\/div>\n<\/div>\n<\/div>\n<div class=\"flex gap-2 text-[#333] subcontainer\">\n<div class=\"relative tooltip-container\" role=\"tooltip\">\n<p>Follow us<\/p>\n<div class=\"font-ui-heading max-sm:hidden tooltip absolute left-1\/2 bg-gray-900 text-white text-xs leading-none px-3 py-1.5 rounded-md z-[10001] whitespace-nowrap\" id=\"tooltip-add-us-as-a-preferred-source-on-google\" role=\"tooltip\" aria-hidden=\"true\">\nAdd us as a preferred source on Google\n<\/div>\n<\/div>\n<div class=\"relative tooltip-container\" role=\"tooltip\">\n<div class=\"font-ui-heading max-sm:hidden tooltip absolute left-1\/2 bg-gray-900 text-white text-xs leading-none px-3 py-1.5 rounded-md z-[10001] whitespace-nowrap\" id=\"tooltip-subscribe-to-our-newsletter\" role=\"tooltip\" aria-hidden=\"true\">\nSubscribe to our newsletter\n<\/div>\n<\/div>\n<\/div>\n<\/div>\n<p id=\"elk-4bd2f1a2-9b2d-11f1-baf2-c74b7a6a53d2\">Early rider confirmations began to surface this week for the women&#8217;s and men&#8217;s elite fields at the Philadelphia Cycling Classic p\/b AmeriGas on August 30, with reigning USPro road race champion Quinn Simmons (Lidl-Trek) and current Canadian road race champion Maggie Coles-Lyster (Human Powered Health) were announced by race organisers to compete in the pair of UCI 1.1 races.<\/p>\n<p>Three-time Olympic gold medalist Kristen Faulkner (EF Education-Oatly) and three-time USPro criterium champion Luke Lamperti (EF Education-EasyPost) also headline WorldTour team rosters.<\/p>\n<p id=\"elk-4bd2f1a2-9b2d-11f1-baf2-c74b7a6a53d2-2\" aria-hidden=\"true\" class=\"kiosq-b\">Joining Simmons at Lidl-Trek are 2020 Giro d\u2019Italia winner Tao Geoghegan Hart of Great Britain and Canadian Derek Gee-West, who was fifth overall at this year&#8217;s Giro d&#8217;Italia. Riding alongside Lamperti will be former USPro road race champion Sean Quinn.<\/p>\n<div class=\"my-6 w-full overflow-hidden rounded-[10px] lg:my-8\" data-component-name=\"JwPlayer:Carousel\" data-jwp-carousel data-jwp-carousel-payload=\"{&quot;ids&quot;:{&quot;playerID&quot;:&quot;jYDCcabO&quot;,&quot;searchPlaylistID&quot;:&quot;gwjdoYHD&quot;,&quot;divID&quot;:&quot;botr_gwjdoYHD_jYDCcabO_div&quot;,&quot;fallbackPlaylistID&quot;:&quot;gwjdoYHD&quot;,&quot;fallbackDivID&quot;:&quot;botr_gwjdoYHD_jYDCcabO_div&quot;,&quot;key&quot;:&quot;X9\/mXVGac0NphghLH9hZaqWA5d3dhAM\/Ih07grnEyMLjuO2E&quot;,&quot;tintLogo&quot;:true,&quot;useSearchPlaylist&quot;:false,&quot;enabled&quot;:true},&quot;signPostingEnabled&quot;:true,&quot;signPostingLinkEnabled&quot;:true,&quot;waitForAdLoad&quot;:false,&quot;hidePlayerOnDesktop&quot;:false,&quot;hidePlayerOnMobile&quot;:false,&quot;hidePlayerOnTablet&quot;:false}\">\n<div class=\"flex flex-nowrap items-center justify-between gap-3 bg-zinc-900 px-[14px] py-3\" data-jwp-carousel-header>\n<div class=\"flex min-w-0 shrink items-center\"><span class=\"inline-flex items-center gap-1.5 text-sm font-article-heading capitalize leading-5 text-white whitespace-nowrap\"><span class=\"jwp-carousel-title-desktop\">Latest Videos From<\/span><span class=\"jwp-carousel-brand\">Cyclingnews<\/span><\/span><\/div>\n<\/div>\n<div class=\"min-h-[44px] bg-zinc-900 px-[14px] py-3\" data-jwp-carousel-signposting><a class=\"invisible block truncate text-sm font-bold leading-5 text-white underline decoration-solid underline-offset-2\" data-jwp-carousel-signposting-link href target=\"_blank\" rel=\"noopener noreferrer\"><span data-jwp-carousel-signposting-title>Watch full video here: <\/span><\/a><\/div>\n<\/div>\n<p aria-hidden=\"true\" class=\"kiosq-b\">In the men&#8217;s field of 15 teams, there are a total of five WorldTour squads &#8211; EF Education EasyPost, Lidl-Trek, Lotto\u2013Intermarch\u00e9, NSN Cycling Team, Jayco AlUla &#8211; plus three ProTeams and seven Continental teams.<\/p>\n<p aria-hidden=\"true\" class=\"kiosq-b\">Canyon-SRAM joins EF Education-Oatly and Human Powered Health from the Women&#8217;s WorldTour, with four Continental and 13 elite teams rounding out a 20-team lineup for the women&#8217;s field.<\/p>\n<aside data-component-name=\"Recirculation:ArticleRiver\" data-recirculation-type=\"inline\" data-mrf-recirculation=\"Trending Bar\" data-nosnippet class=\"clear-both pt-2 pb-0 mb-4\"><span class=\"\n            flex\n            after:content-[&apos;&apos;] after:flex-1 after:ml-4 after:my-[0.7rem] after:border-t after:border-solid after:border-t-[#ccc]\n            before:content-[&apos;&apos;] before:flex-1 before:mr-4 before:my-[0.7rem] before:border-t before:border-solid before:border-t-[#ccc]\n            font-article-heading pb-0 text-[length:var(--article-river-title--font-size,1em)] uppercase sm:text-[length:var(--article-river-title--font-size,0.875em)] font-bold\n        \"><br \/>\n            You may like<br \/>\n        <\/span><\/p>\n<ul class=\"flex flex-col gap-0 m-0 max-w-full\">\n<li class=\"m-0 list-none border-b border-solid border-[#ededed] py-2\" data-recirculation-id=\"recirculation-card-1\" id=\"recirculation-inline-1\" data-analytics-id=\"recirculation-inline-1\" data-mrf-recirculation=\"recirculation-inline-1\">\n    <source type=\"image\/webp\" srcset=\"https:\/\/cdn.mos.cms.futurecdn.net\/QnpMiA23HXwhj3osep5Ur4-250-80.jpg.webp 250w, https:\/\/cdn.mos.cms.futurecdn.net\/QnpMiA23HXwhj3osep5Ur4-150-80.jpg.webp 150w\" sizes=\"150px\" \/><span class=\"w-full text-base font-[var(--article-river-item--font-weight,500)] font-article-heading line-clamp-3 md:line-clamp-2\">Riders from Canada, Cuba, Mexico and USA among 13 North Americans in the 2026 Tour de France Femmes<\/span><\/li>\n<li class=\"m-0 list-none border-b border-solid border-[#ededed] py-2\" data-recirculation-id=\"recirculation-card-2\" id=\"recirculation-inline-2\" data-analytics-id=\"recirculation-inline-2\" data-mrf-recirculation=\"recirculation-inline-2\">\n    <source type=\"image\/webp\" srcset=\"https:\/\/cdn.mos.cms.futurecdn.net\/JbdtRhSzSmfnMu7pTobY6T-250-80.jpg.webp 250w, https:\/\/cdn.mos.cms.futurecdn.net\/JbdtRhSzSmfnMu7pTobY6T-150-80.jpg.webp 150w\" sizes=\"150px\" \/><span class=\"w-full text-base font-[var(--article-river-item--font-weight,500)] font-article-heading line-clamp-3 md:line-clamp-2\">Vollering&#8217;s World Championships quest, Courtney&#8217;s WorldTour debut and big transfer intrigue \u2013 Six compelling storylines to follow in women&#8217;s cycling for the rest of 2026<\/span><\/li>\n<li class=\"m-0 list-none border-b border-solid border-[#ccc] py-2\" data-recirculation-id=\"recirculation-card-3\" id=\"recirculation-inline-3\" data-analytics-id=\"recirculation-inline-3\" data-mrf-recirculation=\"recirculation-inline-3\">\n    <source type=\"image\/webp\" srcset=\"https:\/\/cdn.mos.cms.futurecdn.net\/F2rWbFBuCXJYe7mUQLzKVd-250-80.jpg.webp 250w, https:\/\/cdn.mos.cms.futurecdn.net\/F2rWbFBuCXJYe7mUQLzKVd-150-80.jpg.webp 150w\" sizes=\"150px\" \/><span class=\"w-full text-base font-[var(--article-river-item--font-weight,500)] font-article-heading line-clamp-3 md:line-clamp-2\">&#8216;We can all take our opportunities&#8217; \u2013 EF Education-Oatly and world champion Magdeleine Vallieres go stage hunting at Giro d&#8217;Italia Women<\/span><\/li>\n<\/ul>\n<\/aside>\n<p aria-hidden=\"true\" class=\"kiosq-b\">Two notable members of US women&#8217;s domestic squads will be Megan Guarnier, who won the last edition of the women&#8217;s Philadelphia Cycling Classic 10 years ago, and former USPro road champion Lauren Stephens, who was seventh in 2013.<\/p>\n<p aria-hidden=\"true\" class=\"kiosq-b\"><em>Cyclingnews<\/em> confirmed Guarnier will return to the &#8216;Philly&#8217; race as a co-director for CCB Kenetik p\/b Levine Law Group, while Stephens will line up alongside Emma Langley for the Aegis x Leaders of Enchantment squad. Langley won the USPro road title in 2022, a year after Stephens.<\/p>\n<div id=\"slice-container-newsletterForm-articleInbodyContent-KNDH26s4LRBArknrHRQ3se\" class=\"slice-container newsletter-inbodyContent-slice newsletterForm-articleInbodyContent-KNDH26s4LRBArknrHRQ3se slice-container-newsletterForm\">\n<div data-hydrate=\"true\" class=\"newsletter-form__wrapper newsletter-form__wrapper--inbodyContent\">\n<div class=\"newsletter-form__container\">\n<section class=\"newsletter-form__top-bar\">\n<div class=\"newsletter-form__header\">Get The Leadout Newsletter<\/div>\n<\/section>\n<section class=\"newsletter-form__main-section\">\n<p class=\"newsletter-form__strapline\">The latest race content, interviews, features, reviews and expert buying guides, direct to your inbox!<\/p>\n<footer class=\"newsletter-form__footer \">By submitting your information you agree to the Terms &amp; Conditions and Privacy Policy and are aged 16 or over.<\/footer>\n<\/section>\n<\/div>\n<\/div>\n<\/div>\n<p aria-hidden=\"true\" class=\"kiosq-b\">The women\u2019s race begins at 8:30 a.m. EDT on Saturday, August 30, with riders taking on a 14.4-mile (23.1km) circuit four times for a total of 62 miles (100km). The men&#8217;s race follows at 12:00 p.m. EDT, with the men completing eight circuits for nearly 120 miles (200km) of racing. Elite women and men will share a total prize purse of $150,000, split equally.<\/p>\n<p aria-hidden=\"true\" class=\"kiosq-b\">Beginning in 1985 for men and then adding a women&#8217;s race nine years later called The Liberty Classic, the Philadelphia races became a staple for the US calendar. Both races featured the signature 500-metre climb in the Manayunk neighbourhood, the gradient reaching 17% and known as the Manayunk Wall. That climb, and the Lemon Hill section, return for the middle of the course, which begins and ends on the Benjamin Franklin Parkway in Philadelphia on a circuit that replicates the original route.<\/p>\n<p aria-hidden=\"true\" class=\"kiosq-b\">\u201cWe\u2019re bringing the stadium to the streets, giving fans a chance to experience elite cycling up close and be part of the action in a way you simply can\u2019t in most other sports,&#8221; Carlos Rogers, a member of Race Street Partners, which owns the Philadelphia Cycling Classic, said in a recent press release.<\/p>\n<p aria-hidden=\"true\" class=\"kiosq-b\">Both races will be streamed live on 6abc.com, with special updates throughout the day for local television viewers in the Philadelphia market. Viewers across the US and internationally will also have access to the ABC coverage using paid subscriptions with Hulu and Disney+, according to organisers.<\/p>\n<h3 class=\"article-body__section kiosq-b\" id=\"section-philadelphia-cycling-classic-2026-women-s-teams\" aria-hidden=\"true\"><span>Philadelphia Cycling Classic 2026 women&#8217;s teams <\/span><\/h3>\n<h2 id=\"women-s-worldtour-teams-3\" aria-hidden=\"true\" class=\"kiosq-b\">Women&#8217;s WorldTour teams<\/h2>\n<ul id=\"elk-4bd2f346-9b2d-11f1-8edf-b1973bda1150\" aria-hidden=\"true\" class=\"kiosq-b\">\n<li>Canyon-SRAM (GER)<\/li>\n<li>EF Education-Oatly (USA)<\/li>\n<li>Human Powered Health (USA)<\/li>\n<\/ul>\n<h2 id=\"continental-teams-5\" aria-hidden=\"true\" class=\"kiosq-b\">Continental teams<\/h2>\n<ul id=\"elk-4bd2f44a-9b2d-11f1-af19-094ed315d13c\" aria-hidden=\"true\" class=\"kiosq-b\">\n<li>Vini Fantini &#8211; BePink (ITA)<\/li>\n<li>PatoBike-BMC (MEX)<\/li>\n<li>Virginia&#8217;s Blue Ridge TWENTY28 (USA)<\/li>\n<li>XDS China (CHN)<\/li>\n<\/ul>\n<h2 id=\"elite-teams-5\" aria-hidden=\"true\" class=\"kiosq-b\">Elite teams<\/h2>\n<ul id=\"elk-4bd2f602-9b2d-11f1-9bac-67b476dceb73\" aria-hidden=\"true\" class=\"kiosq-b\">\n<li>1KFlips-FTP Racing Jakroo Mixed (USA)<\/li>\n<li>Aegis x Leaders of Enchantment (USA)<\/li>\n<li>AUTOMATIC Racing (USA)<\/li>\n<li>CCB Kenetik p\/b Levine Law Group (USA)<\/li>\n<li>Competitive Edge Racing (USA)<\/li>\n<li>Cyclery Racing &#8211; Abacus Data (CAN)<\/li>\n<li>E\u0301quipe Dynamiks F\u00e9minine (CAN)<\/li>\n<li>Fearless Femme Racing p\/b The Beasley Firm (USA)<\/li>\n<li>HigherDOSE | Renova (USA)<\/li>\n<li>Kingdom Elite Racing (USA)<\/li>\n<li>Milton Revolution Women\u2019s U23 Project (CAN)<\/li>\n<li>Team Winston Salem (USA)<\/li>\n<li>United Cycling (USA)<\/li>\n<\/ul>\n<h3 class=\"article-body__section kiosq-b\" id=\"section-philadelphia-cycling-classic-2026-men-s-teams\" aria-hidden=\"true\"><span>Philadelphia Cycling Classic 2026 men&#8217;s teams <\/span><\/h3>\n<h2 id=\"worldtour-teams-3\" aria-hidden=\"true\" class=\"kiosq-b\">WorldTour teams<\/h2>\n<ul id=\"elk-4bd2f788-9b2d-11f1-ae0b-e1ebdcaf5235\" aria-hidden=\"true\" class=\"kiosq-b\">\n<li>EF Education EasyPost (USA)<\/li>\n<li>Lidl-Trek (GER)<\/li>\n<li>Lotto\u2013Intermarch\u00e9 (BEL)<\/li>\n<li>NSN Cycling Team (SUI)<\/li>\n<li>Team Jayco AlUla (AUS)<\/li>\n<\/ul>\n<h2 id=\"continental-teams-6\" aria-hidden=\"true\" class=\"kiosq-b\">Continental teams<\/h2>\n<ul id=\"elk-4bd2f882-9b2d-11f1-8512-09cb0b534638\" aria-hidden=\"true\" class=\"kiosq-b\">\n<li>Bardiani-CSF 7 Saber (ITA)<\/li>\n<li>Modern Adventure Pro Cycling (USA)<\/li>\n<li>Team Novo Nordisk (USA)<\/li>\n<\/ul>\n<h2 id=\"elite-teams-6\" aria-hidden=\"true\" class=\"kiosq-b\">Elite teams<\/h2>\n<ul id=\"elk-4bd2f986-9b2d-11f1-899a-89e4c5210a92\" aria-hidden=\"true\" class=\"kiosq-b\">\n<li>APS Pro Cycling by Team Cadence Cyclery (USA)<\/li>\n<li>Competitive Edge Racing (USA)<\/li>\n<li>L39ION of Los Angeles (USA)<\/li>\n<li>Meridian Racing p\/b de la Uz (USA)<\/li>\n<li>Nu Colombia (COL)<\/li>\n<li>Project Echelon Racing (USA)<\/li>\n<li>Team Skyline (USA)<\/li>\n<\/ul>\n<p id=\"elk-cf2aa576-9b1f-11f1-a64c-3bac10e3ad09\" aria-hidden=\"true\" class=\"kiosq-b\"><em><strong>For unbeatable coverage across road, gravel and tech, subscribe to Cyclingnews. You&#8217;ll get comprehensive race coverage of La Vuelta a Espa\u00f1a, subscriber-exclusive analysis from our expert columnists, in-depth features and industry-leading tech insight. Plus, the Cyclingnews app lets you follow the action wherever you go!<\/strong><\/em><em><strong>Join today<\/strong><\/em><em><strong>. <\/strong><\/em><\/p>\n<\/div>\n<div class=\"block mb-5\" id=\"articleTag\" data-component-name=\"PostArticleLinks\" data-nosnippet data-mrf-recirculation=\"post-article-links\">\n<div class=\"border-b border-b-black border-solid py-2.5 text-black font-bold uppercase\">TOPICS<\/div>\n<nav class=\"py-2.5 flex gap-2.5 flex-wrap\" data-analytics-id=\"article-tag\" data-mrf-recirculation=\"article-tag\">\n<p>North American<\/p>\n<p>Philadelphia Cycling Classic Women<\/p>\n<p>Philadelphia Cycling Classic<\/p>\n<\/nav>\n<\/div>\n<div class=\"block mb-5\" id=\"articleTag\" data-component-name=\"PostArticleLinks\" data-nosnippet data-mrf-recirculation=\"post-article-links\">\n<div class=\"border-b border-b-black border-solid py-2.5 text-black font-bold uppercase\">CATEGORIES<\/div>\n<nav class=\"py-2.5 flex gap-2.5 flex-wrap\" data-analytics-id=\"article-tag\" data-mrf-recirculation=\"article-tag\">\n<p>Women&#8217;s Cycling<\/p>\n<p>Racing<\/p>\n<\/nav>\n<\/div>\n<div id=\"slice-container-authorBio-KNDH26s4LRBArknrHRQ3se\" class=\"slice-container slice-author-bio authorBio-KNDH26s4LRBArknrHRQ3se slice-container-authorBio\">\n<div class=\"author author__default-layout author--separator author--collapsible\" data-hydrate=\"true\">\n<div class=\"author__header\">\n<div class=\"author__avatar-block\">\n<figure class=\"image-wrapped__wrapper\" data-bordeaux-image-check=\"false\">\n<div class=\"image-wrapped__widthsetter\">\n<div class=\"image-wrapped__aspect-padding\">\n<div><source class=\"author__avatar image-wrapped__image image__image\" type=\"image\/gif\" srcset=\"https:\/\/cdn.mos.cms.futurecdn.net\/fnfpSfuM3neaK9DtSrBcKF-140-80.gif 140w\" sizes=\"99vw\" data-normal=\"https:\/\/cdn.mos.cms.futurecdn.net\/fnfpSfuM3neaK9DtSrBcKF.gif\" data-original-mos=\"https:\/\/cdn.mos.cms.futurecdn.net\/fnfpSfuM3neaK9DtSrBcKF.gif\" data-pin-media=\"https:\/\/cdn.mos.cms.futurecdn.net\/fnfpSfuM3neaK9DtSrBcKF.gif\" data-pin-nopin=\"true\" data-slice-image=\"true\" \/><\/div>\n<\/div>\n<\/div>\n<\/figure>\n<\/div>\n<div class=\"author__heading\">\n<div class=\"author__name\">Jackie Tyson<\/div>\n<div class=\"author__social\">\n<nav class=\"button-social-group author__social-buttons\" aria-labelledby=\"button-social-group- author__social-buttons\">\n<div id=\"button-social-group- author__social-buttons\">Social Links Navigation<\/div>\n<\/nav>\n<\/div>\n<div class=\"author__role\">North American Editor<\/div>\n<\/div>\n<\/div>\n<div class=\"author__bio-wrapper\">\n<div class=\"author__biography\">\n<p>Jackie has been involved in professional sports for more than 30 years in news reporting, sports marketing and public relations. She founded Peloton Sports in 1998, a sports marketing and public relations agency, which managed projects for Tour de Georgia, Larry H. Miller Tour of Utah and USA Cycling. She also founded Bike Alpharetta Inc, a Georgia non-profit to promote safe cycling. She is proud to have worked in professional baseball for six years &#8211; from selling advertising to pulling the tarp for several minor league teams. On the bike, she has climbed l&#8217;Alpe d&#8217;Huez three times (not fast), and spends time on gravel around horse farms in north Georgia.<\/p>\n<\/div>\n<\/div>\n<\/div>\n<\/div>\n<\/section>\n<div class=\"relative max-w-[1070px] viafoura-twig-component mt-6 mx-4 lg:mx-0\" data-component-name=\"Viafoura:Comments\" data-nosnippet data-community-guidelines-text=\"&lt;p class=&apos;vfcustom-community-guidelines&apos;&gt;Please follow our &lt;a href=&quot;https:\/\/www.cyclingnews.com\/about\/#section-community-guidelines&quot; target=&quot;_blank&quot;&gt;community guidelines&lt;\/a&gt;.&lt;\/p&gt;\" data-join-the-conversation-text=\"Join the Conversation\">\n<div class=\"absolute top-0 left-0 w-full h-full flex items-center justify-center z-50 bg-white\/90 border-1 rounded-b-[var(--comment-widget-border-radius,0)]\">\n<div class=\"p-2 text-center\">\n<p class=\"mb-3 text-lg!\">You must confirm your public display name before commenting<\/p>\n<p class=\"mb-3 text-sm!\">Please logout and then login again, you will then be prompted to enter your display name.<\/p>\n<\/div>\n<\/div>\n<\/div>\n<section class=\"mx-2 my-5 sm:mx-0\">\n<aside class=\"w-full\" data-nosnippet data-mrf-recirculation=\"article-river-stacked\">\n<div data-recirc-id=\"article-river-stacked-adviser:hybrid\">\n<div class=\"text-white py-4 px-3 mb-4 bg-[#333] uppercase font-bold custom-header-styles\">Read more<\/div>\n<div class=\"grid grid-cols-1 gap-4 mt-4 mb-5\">\n<div>\n<div class=\"aspect-[var(--img-listing-aspect-ratio,16\/9)] relative mb-3.5\">\n    <source type=\"image\/webp\" srcset=\"https:\/\/cdn.mos.cms.futurecdn.net\/QnpMiA23HXwhj3osep5Ur4-840-80.jpg.webp 840w, https:\/\/cdn.mos.cms.futurecdn.net\/QnpMiA23HXwhj3osep5Ur4-650-80.jpg.webp 650w, https:\/\/cdn.mos.cms.futurecdn.net\/QnpMiA23HXwhj3osep5Ur4-500-80.jpg.webp 500w, https:\/\/cdn.mos.cms.futurecdn.net\/QnpMiA23HXwhj3osep5Ur4-450-80.jpg.webp 450w, https:\/\/cdn.mos.cms.futurecdn.net\/QnpMiA23HXwhj3osep5Ur4-320-80.jpg.webp 320w\" sizes=\"(min-width: 900px) 925px, (min-width: 700px) 450px, calc(100vw - 48px)\" \/><\/div>\n<p><span class=\"custom-subheading-styles\">Women&#8217;s Cycling<\/span><span class=\"text-base text-black font-bold mx-0 my-2.5 p-0 block custom-text-styles\">Riders from Canada, Cuba, Mexico and USA among 13 North Americans in the 2026 Tour de France Femmes<\/span><\/div>\n<div class=\"relative recirc-feed sponsored-card min-h-[250px]\" data-recirc-id=\"article-river-stacked-ads:native-cards\" data-mrf-recirculation=\"article-river-ads\" data-nosnippet data-ad-slot-path=\"feed-sponsored-post\" data-attribute-device=\"all\">\n<div class=\"max-w-full sponsored-post--placeholder animate-pulse\">\n<div class=\"relative!\"><span class=\"text-base text-black font-bold mx-0 my-2.5 p-0 block bg-gray-100\">\u00a0<br \/>\u00a0<\/span><\/div>\n<\/div>\n<\/div>\n<div>\n<div class=\"aspect-[var(--img-listing-aspect-ratio,16\/9)] relative mb-3.5\">\n    <source type=\"image\/webp\" srcset=\"https:\/\/cdn.mos.cms.futurecdn.net\/JbdtRhSzSmfnMu7pTobY6T-840-80.jpg.webp 840w, https:\/\/cdn.mos.cms.futurecdn.net\/JbdtRhSzSmfnMu7pTobY6T-650-80.jpg.webp 650w, https:\/\/cdn.mos.cms.futurecdn.net\/JbdtRhSzSmfnMu7pTobY6T-500-80.jpg.webp 500w, https:\/\/cdn.mos.cms.futurecdn.net\/JbdtRhSzSmfnMu7pTobY6T-450-80.jpg.webp 450w, https:\/\/cdn.mos.cms.futurecdn.net\/JbdtRhSzSmfnMu7pTobY6T-320-80.jpg.webp 320w\" sizes=\"(min-width: 900px) 925px, (min-width: 700px) 450px, calc(100vw - 48px)\" \/><\/div>\n<p><span class=\"custom-subheading-styles\">Women&#8217;s Cycling<\/span><span class=\"text-base text-black font-bold mx-0 my-2.5 p-0 block custom-text-styles\">Vollering&#8217;s World Championships quest, Courtney&#8217;s WorldTour debut and big transfer intrigue \u2013 Six compelling storylines to follow in women&#8217;s cycling for the rest of 2026<\/span><\/div>\n<div class=\"relative recirc-feed sponsored-card min-h-[250px]\" data-recirc-id=\"article-river-stacked-ads:native-cards\" data-mrf-recirculation=\"article-river-ads\" data-nosnippet data-ad-slot-path=\"feed-sponsored-post\" data-attribute-device=\"all\">\n<div class=\"max-w-full sponsored-post--placeholder animate-pulse\">\n<div class=\"relative!\"><span class=\"text-base text-black font-bold mx-0 my-2.5 p-0 block bg-gray-100\">\u00a0<br \/>\u00a0<\/span><\/div>\n<\/div>\n<\/div>\n<div>\n<div class=\"aspect-[var(--img-listing-aspect-ratio,16\/9)] relative mb-3.5\">\n    <source type=\"image\/webp\" srcset=\"https:\/\/cdn.mos.cms.futurecdn.net\/F2rWbFBuCXJYe7mUQLzKVd-840-80.jpg.webp 840w, https:\/\/cdn.mos.cms.futurecdn.net\/F2rWbFBuCXJYe7mUQLzKVd-650-80.jpg.webp 650w, https:\/\/cdn.mos.cms.futurecdn.net\/F2rWbFBuCXJYe7mUQLzKVd-500-80.jpg.webp 500w, https:\/\/cdn.mos.cms.futurecdn.net\/F2rWbFBuCXJYe7mUQLzKVd-450-80.jpg.webp 450w, https:\/\/cdn.mos.cms.futurecdn.net\/F2rWbFBuCXJYe7mUQLzKVd-320-80.jpg.webp 320w\" sizes=\"(min-width: 900px) 925px, (min-width: 700px) 450px, calc(100vw - 48px)\" \/><\/div>\n<p><span class=\"custom-subheading-styles\">Women&#8217;s Cycling<\/span><span class=\"text-base text-black font-bold mx-0 my-2.5 p-0 block custom-text-styles\">&#8216;We can all take our opportunities&#8217; \u2013 EF Education-Oatly and world champion Magdeleine Vallieres go stage hunting at Giro d&#8217;Italia Women<\/span><\/div>\n<div class=\"relative recirc-feed sponsored-card min-h-[250px]\" data-recirc-id=\"article-river-stacked-ads:native-cards\" data-mrf-recirculation=\"article-river-ads\" data-nosnippet data-ad-slot-path=\"feed-sponsored-post\" data-attribute-device=\"all\">\n<div class=\"max-w-full sponsored-post--placeholder animate-pulse\">\n<div class=\"relative!\"><span class=\"text-base text-black font-bold mx-0 my-2.5 p-0 block bg-gray-100\">\u00a0<br \/>\u00a0<\/span><\/div>\n<\/div>\n<\/div>\n<div>\n<div class=\"aspect-[var(--img-listing-aspect-ratio,16\/9)] relative mb-3.5\">\n    <source type=\"image\/webp\" srcset=\"https:\/\/cdn.mos.cms.futurecdn.net\/kMoMca9WffoSrbYm3J9wNY-840-80.jpg.webp 840w, https:\/\/cdn.mos.cms.futurecdn.net\/kMoMca9WffoSrbYm3J9wNY-650-80.jpg.webp 650w, https:\/\/cdn.mos.cms.futurecdn.net\/kMoMca9WffoSrbYm3J9wNY-500-80.jpg.webp 500w, https:\/\/cdn.mos.cms.futurecdn.net\/kMoMca9WffoSrbYm3J9wNY-450-80.jpg.webp 450w, https:\/\/cdn.mos.cms.futurecdn.net\/kMoMca9WffoSrbYm3J9wNY-320-80.jpg.webp 320w\" sizes=\"(min-width: 900px) 925px, (min-width: 700px) 450px, calc(100vw - 48px)\" \/><\/div>\n<p><span class=\"custom-subheading-styles\">Teams &amp; Riders<\/span><span class=\"text-base text-black font-bold mx-0 my-2.5 p-0 block custom-text-styles\">Former mountain bike World Champion set to line up at UCI Gravel Worlds in Nannup, while USPro U23 ITT champion DQ&#8217;d at FoCo Fondo &#8211; Gravel Bits<\/span><\/div>\n<div class=\"relative recirc-feed sponsored-card min-h-[250px]\" data-recirc-id=\"article-river-stacked-ads:native-cards\" data-mrf-recirculation=\"article-river-ads\" data-nosnippet data-ad-slot-path=\"feed-sponsored-post\" data-attribute-device=\"all\">\n<div class=\"max-w-full sponsored-post--placeholder animate-pulse\">\n<div class=\"relative!\"><span class=\"text-base text-black font-bold mx-0 my-2.5 p-0 block bg-gray-100\">\u00a0<br \/>\u00a0<\/span><\/div>\n<\/div>\n<\/div>\n<div>\n<div class=\"aspect-[var(--img-listing-aspect-ratio,16\/9)] relative mb-3.5\">\n    <source type=\"image\/webp\" srcset=\"https:\/\/cdn.mos.cms.futurecdn.net\/yJ5aUr4FYgPPi8KC77ZVcW-840-80.jpg.webp 840w, https:\/\/cdn.mos.cms.futurecdn.net\/yJ5aUr4FYgPPi8KC77ZVcW-650-80.jpg.webp 650w, https:\/\/cdn.mos.cms.futurecdn.net\/yJ5aUr4FYgPPi8KC77ZVcW-500-80.jpg.webp 500w, https:\/\/cdn.mos.cms.futurecdn.net\/yJ5aUr4FYgPPi8KC77ZVcW-450-80.jpg.webp 450w, https:\/\/cdn.mos.cms.futurecdn.net\/yJ5aUr4FYgPPi8KC77ZVcW-320-80.jpg.webp 320w\" sizes=\"(min-width: 900px) 925px, (min-width: 700px) 450px, calc(100vw - 48px)\" \/><\/div>\n<p><span class=\"custom-subheading-styles\">Racing<\/span><span class=\"text-base text-black font-bold mx-0 my-2.5 p-0 block custom-text-styles\">Leadville Trail 100 MTB contenders 2026 &#8211; Can anyone unseat Keegan Swenson and who can take the top spot vacated by Kate Courtney?<\/span><\/div>\n<div class=\"relative recirc-feed sponsored-card min-h-[250px]\" data-recirc-id=\"article-river-stacked-ads:native-cards\" data-mrf-recirculation=\"article-river-ads\" data-nosnippet data-ad-slot-path=\"feed-sponsored-post\" data-attribute-device=\"all\">\n<div class=\"max-w-full sponsored-post--placeholder animate-pulse\">\n<div class=\"relative!\"><span class=\"text-base text-black font-bold mx-0 my-2.5 p-0 block bg-gray-100\">\u00a0<br \/>\u00a0<\/span><\/div>\n<\/div>\n<\/div>\n<div>\n<div class=\"aspect-[var(--img-listing-aspect-ratio,16\/9)] relative mb-3.5\">\n    <source type=\"image\/webp\" srcset=\"https:\/\/cdn.mos.cms.futurecdn.net\/JRw6CkvpotZyXhkVRoNWfH-840-80.jpg.webp 840w, https:\/\/cdn.mos.cms.futurecdn.net\/JRw6CkvpotZyXhkVRoNWfH-650-80.jpg.webp 650w, https:\/\/cdn.mos.cms.futurecdn.net\/JRw6CkvpotZyXhkVRoNWfH-500-80.jpg.webp 500w, https:\/\/cdn.mos.cms.futurecdn.net\/JRw6CkvpotZyXhkVRoNWfH-450-80.jpg.webp 450w, https:\/\/cdn.mos.cms.futurecdn.net\/JRw6CkvpotZyXhkVRoNWfH-320-80.jpg.webp 320w\" sizes=\"(min-width: 900px) 925px, (min-width: 700px) 450px, calc(100vw - 48px)\" \/><\/div>\n<p><span class=\"custom-subheading-styles\">Women&#8217;s Cycling<\/span><span class=\"text-base text-black font-bold mx-0 my-2.5 p-0 block custom-text-styles\">Marlen Reusser to lead Movistar Team for Tour de France Femmes<\/span><\/div>\n<div class=\"relative recirc-feed sponsored-card min-h-[250px]\" data-recirc-id=\"article-river-stacked-ads:native-cards\" data-mrf-recirculation=\"article-river-ads\" data-nosnippet data-ad-slot-path=\"feed-sponsored-post\" data-attribute-device=\"all\">\n<div class=\"max-w-full sponsored-post--placeholder animate-pulse\">\n<div class=\"relative!\"><span class=\"text-base text-black font-bold mx-0 my-2.5 p-0 block bg-gray-100\">\u00a0<br \/>\u00a0<\/span><\/div>\n<\/div>\n<\/div>\n<\/div>\n<\/div>\n<\/aside>\n<aside class=\"w-full\" data-nosnippet data-mrf-recirculation=\"article-river-stacked\">\n<div data-recirc-id=\"article-river-stacked-solr:latest-category\">\n<div class=\"text-white py-4 px-3 mb-4 bg-[#333] uppercase font-bold custom-header-styles\">Latest in Teams &amp; Riders<\/div>\n<div class=\"grid grid-cols-1 gap-4 mt-4 mb-5\">\n<div>\n<div class=\"aspect-[var(--img-listing-aspect-ratio,16\/9)] relative mb-3.5\">\n    <source type=\"image\/webp\" srcset=\"https:\/\/cdn.mos.cms.futurecdn.net\/QL4TfcDkAYHJLFp34Pqnma-840-80.jpg.webp 840w, https:\/\/cdn.mos.cms.futurecdn.net\/QL4TfcDkAYHJLFp34Pqnma-650-80.jpg.webp 650w, https:\/\/cdn.mos.cms.futurecdn.net\/QL4TfcDkAYHJLFp34Pqnma-500-80.jpg.webp 500w, https:\/\/cdn.mos.cms.futurecdn.net\/QL4TfcDkAYHJLFp34Pqnma-450-80.jpg.webp 450w, https:\/\/cdn.mos.cms.futurecdn.net\/QL4TfcDkAYHJLFp34Pqnma-320-80.jpg.webp 320w\" sizes=\"(min-width: 900px) 925px, (min-width: 700px) 450px, calc(100vw - 48px)\" \/><\/div>\n<p><span class=\"custom-subheading-styles\">Teams &amp; Riders<\/span><span class=\"text-base text-black font-bold mx-0 my-2.5 p-0 block custom-text-styles\">&#8216;I think my season&#8217;s over&#8217; &#8211; Lucas Bourgoyne misses momentum at American Criterium Cup with appendectomy<\/span><\/div>\n<div class=\"relative recirc-feed sponsored-card min-h-[250px]\" data-recirc-id=\"article-river-stacked-ads:native-cards\" data-mrf-recirculation=\"article-river-ads\" data-nosnippet data-ad-slot-path=\"feed-sponsored-post\" data-attribute-device=\"all\">\n<div class=\"max-w-full sponsored-post--placeholder animate-pulse\">\n<div class=\"relative!\"><span class=\"text-base text-black font-bold mx-0 my-2.5 p-0 block bg-gray-100\">\u00a0<br \/>\u00a0<\/span><\/div>\n<\/div>\n<\/div>\n<div>\n<div class=\"aspect-[var(--img-listing-aspect-ratio,16\/9)] relative mb-3.5\">\n    <source type=\"image\/webp\" srcset=\"https:\/\/cdn.mos.cms.futurecdn.net\/bxke9g2XnLi8f4L8R2Rpv7-840-80.jpg.webp 840w, https:\/\/cdn.mos.cms.futurecdn.net\/bxke9g2XnLi8f4L8R2Rpv7-650-80.jpg.webp 650w, https:\/\/cdn.mos.cms.futurecdn.net\/bxke9g2XnLi8f4L8R2Rpv7-500-80.jpg.webp 500w, https:\/\/cdn.mos.cms.futurecdn.net\/bxke9g2XnLi8f4L8R2Rpv7-450-80.jpg.webp 450w, https:\/\/cdn.mos.cms.futurecdn.net\/bxke9g2XnLi8f4L8R2Rpv7-320-80.jpg.webp 320w\" sizes=\"(min-width: 900px) 925px, (min-width: 700px) 450px, calc(100vw - 48px)\" \/><\/div>\n<p><span class=\"custom-subheading-styles\">Teams &amp; Riders<\/span><span class=\"text-base text-black font-bold mx-0 my-2.5 p-0 block custom-text-styles\">No Grand Tour send-off for Nairo Quintana as veteran climber misses Movistar selection for Vuelta a Espa\u00f1a<\/span><\/div>\n<div class=\"relative recirc-feed sponsored-card min-h-[250px]\" data-recirc-id=\"article-river-stacked-ads:native-cards\" data-mrf-recirculation=\"article-river-ads\" data-nosnippet data-ad-slot-path=\"feed-sponsored-post\" data-attribute-device=\"all\">\n<div class=\"max-w-full sponsored-post--placeholder animate-pulse\">\n<div class=\"relative!\"><span class=\"text-base text-black font-bold mx-0 my-2.5 p-0 block bg-gray-100\">\u00a0<br \/>\u00a0<\/span><\/div>\n<\/div>\n<\/div>\n<div>\n<div class=\"aspect-[var(--img-listing-aspect-ratio,16\/9)] relative mb-3.5\">\n    <source type=\"image\/webp\" srcset=\"https:\/\/cdn.mos.cms.futurecdn.net\/mekquUgc6QK5c55XaBzarY-840-80.jpg.webp 840w, https:\/\/cdn.mos.cms.futurecdn.net\/mekquUgc6QK5c55XaBzarY-650-80.jpg.webp 650w, https:\/\/cdn.mos.cms.futurecdn.net\/mekquUgc6QK5c55XaBzarY-500-80.jpg.webp 500w, https:\/\/cdn.mos.cms.futurecdn.net\/mekquUgc6QK5c55XaBzarY-450-80.jpg.webp 450w, https:\/\/cdn.mos.cms.futurecdn.net\/mekquUgc6QK5c55XaBzarY-320-80.jpg.webp 320w\" sizes=\"(min-width: 900px) 925px, (min-width: 700px) 450px, calc(100vw - 48px)\" \/><\/div>\n<p><span class=\"custom-subheading-styles\">Teams &amp; Riders<\/span><span class=\"text-base text-black font-bold mx-0 my-2.5 p-0 block custom-text-styles\">&#8216;We have to be realistic&#8217; \u2013 Red Bull-Bora-Hansgrohe focus on Vuelta a Espa\u00f1a stage wins, Primo\u017e Rogli\u010d\u2019s form will be &#8216;assessed progressively&#8217;<\/span><\/div>\n<div class=\"relative recirc-feed sponsored-card min-h-[250px]\" data-recirc-id=\"article-river-stacked-ads:native-cards\" data-mrf-recirculation=\"article-river-ads\" data-nosnippet data-ad-slot-path=\"feed-sponsored-post\" data-attribute-device=\"all\">\n<div class=\"max-w-full sponsored-post--placeholder animate-pulse\">\n<div class=\"relative!\"><span class=\"text-base text-black font-bold mx-0 my-2.5 p-0 block bg-gray-100\">\u00a0<br \/>\u00a0<\/span><\/div>\n<\/div>\n<\/div>\n<div>\n<div class=\"aspect-[var(--img-listing-aspect-ratio,16\/9)] relative mb-3.5\">\n    <source type=\"image\/webp\" srcset=\"https:\/\/cdn.mos.cms.futurecdn.net\/S8XBVXkADYwhYuZWL5XML3-840-80.jpg.webp 840w, https:\/\/cdn.mos.cms.futurecdn.net\/S8XBVXkADYwhYuZWL5XML3-650-80.jpg.webp 650w, https:\/\/cdn.mos.cms.futurecdn.net\/S8XBVXkADYwhYuZWL5XML3-500-80.jpg.webp 500w, https:\/\/cdn.mos.cms.futurecdn.net\/S8XBVXkADYwhYuZWL5XML3-450-80.jpg.webp 450w, https:\/\/cdn.mos.cms.futurecdn.net\/S8XBVXkADYwhYuZWL5XML3-320-80.jpg.webp 320w\" sizes=\"(min-width: 900px) 925px, (min-width: 700px) 450px, calc(100vw - 48px)\" \/><\/div>\n<p><span class=\"custom-subheading-styles\">Transfers<\/span><span class=\"text-base text-black font-bold mx-0 my-2.5 p-0 block custom-text-styles\">Tadej Poga\u010dar gets a new teammate for 2027 as UAE Team Emirates-XRG sign Italian all-rounder<\/span><\/div>\n<div class=\"relative recirc-feed sponsored-card min-h-[250px]\" data-recirc-id=\"article-river-stacked-ads:native-cards\" data-mrf-recirculation=\"article-river-ads\" data-nosnippet data-ad-slot-path=\"feed-sponsored-post\" data-attribute-device=\"all\">\n<div class=\"max-w-full sponsored-post--placeholder animate-pulse\">\n<div class=\"relative!\"><span class=\"text-base text-black font-bold mx-0 my-2.5 p-0 block bg-gray-100\">\u00a0<br \/>\u00a0<\/span><\/div>\n<\/div>\n<\/div>\n<div>\n<div class=\"aspect-[var(--img-listing-aspect-ratio,16\/9)] relative mb-3.5\">\n    <source type=\"image\/webp\" srcset=\"https:\/\/cdn.mos.cms.futurecdn.net\/N9pFoLkReg7BfAfct59wW4-840-80.jpg.webp 840w, https:\/\/cdn.mos.cms.futurecdn.net\/N9pFoLkReg7BfAfct59wW4-650-80.jpg.webp 650w, https:\/\/cdn.mos.cms.futurecdn.net\/N9pFoLkReg7BfAfct59wW4-500-80.jpg.webp 500w, https:\/\/cdn.mos.cms.futurecdn.net\/N9pFoLkReg7BfAfct59wW4-450-80.jpg.webp 450w, https:\/\/cdn.mos.cms.futurecdn.net\/N9pFoLkReg7BfAfct59wW4-320-80.jpg.webp 320w\" sizes=\"(min-width: 900px) 925px, (min-width: 700px) 450px, calc(100vw - 48px)\" \/><\/div>\n<p><span class=\"custom-subheading-styles\">Teams &amp; Riders<\/span><span class=\"text-base text-black font-bold mx-0 my-2.5 p-0 block custom-text-styles\">Visma-Lease a Bike to be led by Wout van Aert, Matthew Brennan and Sepp Kuss at Vuelta a Espana<\/span><\/div>\n<div class=\"relative recirc-feed sponsored-card min-h-[250px]\" data-recirc-id=\"article-river-stacked-ads:native-cards\" data-mrf-recirculation=\"article-river-ads\" data-nosnippet data-ad-slot-path=\"feed-sponsored-post\" data-attribute-device=\"all\">\n<div class=\"max-w-full sponsored-post--placeholder animate-pulse\">\n<div class=\"relative!\"><span class=\"text-base text-black font-bold mx-0 my-2.5 p-0 block bg-gray-100\">\u00a0<br \/>\u00a0<\/span><\/div>\n<\/div>\n<\/div>\n<div>\n<div class=\"aspect-[var(--img-listing-aspect-ratio,16\/9)] relative mb-3.5\">\n    <source type=\"image\/webp\" srcset=\"https:\/\/cdn.mos.cms.futurecdn.net\/6ntNBKnYyenk3bn9BZe4gm-840-80.jpg.webp 840w, https:\/\/cdn.mos.cms.futurecdn.net\/6ntNBKnYyenk3bn9BZe4gm-650-80.jpg.webp 650w, https:\/\/cdn.mos.cms.futurecdn.net\/6ntNBKnYyenk3bn9BZe4gm-500-80.jpg.webp 500w, https:\/\/cdn.mos.cms.futurecdn.net\/6ntNBKnYyenk3bn9BZe4gm-450-80.jpg.webp 450w, https:\/\/cdn.mos.cms.futurecdn.net\/6ntNBKnYyenk3bn9BZe4gm-320-80.jpg.webp 320w\" sizes=\"(min-width: 900px) 925px, (min-width: 700px) 450px, calc(100vw - 48px)\" \/><\/div>\n<p><span class=\"custom-subheading-styles\">Teams &amp; Riders<\/span><span class=\"text-base text-black font-bold mx-0 my-2.5 p-0 block custom-text-styles\">&#8216;A more difficult period&#8217; \u2013 Groupama-FDJ United looks for answers after David Gaudu delivers another DNF at La Polynormande<\/span><\/div>\n<div class=\"relative recirc-feed sponsored-card min-h-[250px]\" data-recirc-id=\"article-river-stacked-ads:native-cards\" data-mrf-recirculation=\"article-river-ads\" data-nosnippet data-ad-slot-path=\"feed-sponsored-post\" data-attribute-device=\"all\">\n<div class=\"max-w-full sponsored-post--placeholder animate-pulse\">\n<div class=\"relative!\"><span class=\"text-base text-black font-bold mx-0 my-2.5 p-0 block bg-gray-100\">\u00a0<br \/>\u00a0<\/span><\/div>\n<\/div>\n<\/div>\n<\/div>\n<\/div>\n<\/aside>\n<aside class=\"w-full\" data-nosnippet data-mrf-recirculation=\"article-river-stacked\">\n<div data-recirc-id=\"article-river-stacked-solr:latest-articletype\">\n<div class=\"text-white py-4 px-3 mb-4 bg-[#333] uppercase font-bold custom-header-styles\">Latest in News<\/div>\n<div class=\"grid grid-cols-1 gap-4 mt-4 mb-5\">\n<div>\n<div class=\"aspect-[var(--img-listing-aspect-ratio,16\/9)] relative mb-3.5\">\n    <source type=\"image\/webp\" srcset=\"https:\/\/cdn.mos.cms.futurecdn.net\/QL4TfcDkAYHJLFp34Pqnma-840-80.jpg.webp 840w, https:\/\/cdn.mos.cms.futurecdn.net\/QL4TfcDkAYHJLFp34Pqnma-650-80.jpg.webp 650w, https:\/\/cdn.mos.cms.futurecdn.net\/QL4TfcDkAYHJLFp34Pqnma-500-80.jpg.webp 500w, https:\/\/cdn.mos.cms.futurecdn.net\/QL4TfcDkAYHJLFp34Pqnma-450-80.jpg.webp 450w, https:\/\/cdn.mos.cms.futurecdn.net\/QL4TfcDkAYHJLFp34Pqnma-320-80.jpg.webp 320w\" sizes=\"(min-width: 900px) 925px, (min-width: 700px) 450px, calc(100vw - 48px)\" \/><\/div>\n<p><span class=\"custom-subheading-styles\">Teams &amp; Riders<\/span><span class=\"text-base text-black font-bold mx-0 my-2.5 p-0 block custom-text-styles\">&#8216;I think my season&#8217;s over&#8217; &#8211; Lucas Bourgoyne misses momentum at American Criterium Cup with appendectomy<\/span><\/div>\n<div class=\"relative recirc-feed sponsored-card min-h-[250px]\" data-recirc-id=\"article-river-stacked-ads:native-cards\" data-mrf-recirculation=\"article-river-ads\" data-nosnippet data-ad-slot-path=\"feed-sponsored-post\" data-attribute-device=\"all\">\n<div class=\"max-w-full sponsored-post--placeholder animate-pulse\">\n<div class=\"relative!\"><span class=\"text-base text-black font-bold mx-0 my-2.5 p-0 block bg-gray-100\">\u00a0<br \/>\u00a0<\/span><\/div>\n<\/div>\n<\/div>\n<div>\n<div class=\"aspect-[var(--img-listing-aspect-ratio,16\/9)] relative mb-3.5\">\n    <source type=\"image\/webp\" srcset=\"https:\/\/cdn.mos.cms.futurecdn.net\/fJJxXLdzBYSDFcWRkPpb7j-840-80.png.webp 840w, https:\/\/cdn.mos.cms.futurecdn.net\/fJJxXLdzBYSDFcWRkPpb7j-650-80.png.webp 650w, https:\/\/cdn.mos.cms.futurecdn.net\/fJJxXLdzBYSDFcWRkPpb7j-500-80.png.webp 500w, https:\/\/cdn.mos.cms.futurecdn.net\/fJJxXLdzBYSDFcWRkPpb7j-450-80.png.webp 450w, https:\/\/cdn.mos.cms.futurecdn.net\/fJJxXLdzBYSDFcWRkPpb7j-320-80.png.webp 320w\" sizes=\"(min-width: 900px) 925px, (min-width: 700px) 450px, calc(100vw - 48px)\" \/><\/div>\n<p><span class=\"custom-subheading-styles\">Streaming<\/span><span class=\"text-base text-black font-bold mx-0 my-2.5 p-0 block custom-text-styles\">How to watch Vuelta a Espa\u00f1a 2026 \u2013 Live streams and official broadcasters<\/span><\/div>\n<div class=\"relative recirc-feed sponsored-card min-h-[250px]\" data-recirc-id=\"article-river-stacked-ads:native-cards\" data-mrf-recirculation=\"article-river-ads\" data-nosnippet data-ad-slot-path=\"feed-sponsored-post\" data-attribute-device=\"all\">\n<div class=\"max-w-full sponsored-post--placeholder animate-pulse\">\n<div class=\"relative!\"><span class=\"text-base text-black font-bold mx-0 my-2.5 p-0 block bg-gray-100\">\u00a0<br \/>\u00a0<\/span><\/div>\n<\/div>\n<\/div>\n<div>\n<div class=\"aspect-[var(--img-listing-aspect-ratio,16\/9)] relative mb-3.5\">\n    <source type=\"image\/webp\" srcset=\"https:\/\/cdn.mos.cms.futurecdn.net\/bxke9g2XnLi8f4L8R2Rpv7-840-80.jpg.webp 840w, https:\/\/cdn.mos.cms.futurecdn.net\/bxke9g2XnLi8f4L8R2Rpv7-650-80.jpg.webp 650w, https:\/\/cdn.mos.cms.futurecdn.net\/bxke9g2XnLi8f4L8R2Rpv7-500-80.jpg.webp 500w, https:\/\/cdn.mos.cms.futurecdn.net\/bxke9g2XnLi8f4L8R2Rpv7-450-80.jpg.webp 450w, https:\/\/cdn.mos.cms.futurecdn.net\/bxke9g2XnLi8f4L8R2Rpv7-320-80.jpg.webp 320w\" sizes=\"(min-width: 900px) 925px, (min-width: 700px) 450px, calc(100vw - 48px)\" \/><\/div>\n<p><span class=\"custom-subheading-styles\">Teams &amp; Riders<\/span><span class=\"text-base text-black font-bold mx-0 my-2.5 p-0 block custom-text-styles\">No Grand Tour send-off for Nairo Quintana as veteran climber misses Movistar selection for Vuelta a Espa\u00f1a<\/span><\/div>\n<div class=\"relative recirc-feed sponsored-card min-h-[250px]\" data-recirc-id=\"article-river-stacked-ads:native-cards\" data-mrf-recirculation=\"article-river-ads\" data-nosnippet data-ad-slot-path=\"feed-sponsored-post\" data-attribute-device=\"all\">\n<div class=\"max-w-full sponsored-post--placeholder animate-pulse\">\n<div class=\"relative!\"><span class=\"text-base text-black font-bold mx-0 my-2.5 p-0 block bg-gray-100\">\u00a0<br \/>\u00a0<\/span><\/div>\n<\/div>\n<\/div>\n<div>\n<div class=\"aspect-[var(--img-listing-aspect-ratio,16\/9)] relative mb-3.5\">\n    <source type=\"image\/webp\" srcset=\"https:\/\/cdn.mos.cms.futurecdn.net\/mekquUgc6QK5c55XaBzarY-840-80.jpg.webp 840w, https:\/\/cdn.mos.cms.futurecdn.net\/mekquUgc6QK5c55XaBzarY-650-80.jpg.webp 650w, https:\/\/cdn.mos.cms.futurecdn.net\/mekquUgc6QK5c55XaBzarY-500-80.jpg.webp 500w, https:\/\/cdn.mos.cms.futurecdn.net\/mekquUgc6QK5c55XaBzarY-450-80.jpg.webp 450w, https:\/\/cdn.mos.cms.futurecdn.net\/mekquUgc6QK5c55XaBzarY-320-80.jpg.webp 320w\" sizes=\"(min-width: 900px) 925px, (min-width: 700px) 450px, calc(100vw - 48px)\" \/><\/div>\n<p><span class=\"custom-subheading-styles\">Teams &amp; Riders<\/span><span class=\"text-base text-black font-bold mx-0 my-2.5 p-0 block custom-text-styles\">&#8216;We have to be realistic&#8217; \u2013 Red Bull-Bora-Hansgrohe focus on Vuelta a Espa\u00f1a stage wins, Primo\u017e Rogli\u010d\u2019s form will be &#8216;assessed progressively&#8217;<\/span><\/div>\n<div class=\"relative recirc-feed sponsored-card min-h-[250px]\" data-recirc-id=\"article-river-stacked-ads:native-cards\" data-mrf-recirculation=\"article-river-ads\" data-nosnippet data-ad-slot-path=\"feed-sponsored-post\" data-attribute-device=\"all\">\n<div class=\"max-w-full sponsored-post--placeholder animate-pulse\">\n<div class=\"relative!\"><span class=\"text-base text-black font-bold mx-0 my-2.5 p-0 block bg-gray-100\">\u00a0<br \/>\u00a0<\/span><\/div>\n<\/div>\n<\/div>\n<div>\n<div class=\"aspect-[var(--img-listing-aspect-ratio,16\/9)] relative mb-3.5\">\n    <source type=\"image\/webp\" srcset=\"https:\/\/cdn.mos.cms.futurecdn.net\/S8XBVXkADYwhYuZWL5XML3-840-80.jpg.webp 840w, https:\/\/cdn.mos.cms.futurecdn.net\/S8XBVXkADYwhYuZWL5XML3-650-80.jpg.webp 650w, https:\/\/cdn.mos.cms.futurecdn.net\/S8XBVXkADYwhYuZWL5XML3-500-80.jpg.webp 500w, https:\/\/cdn.mos.cms.futurecdn.net\/S8XBVXkADYwhYuZWL5XML3-450-80.jpg.webp 450w, https:\/\/cdn.mos.cms.futurecdn.net\/S8XBVXkADYwhYuZWL5XML3-320-80.jpg.webp 320w\" sizes=\"(min-width: 900px) 925px, (min-width: 700px) 450px, calc(100vw - 48px)\" \/><\/div>\n<p><span class=\"custom-subheading-styles\">Transfers<\/span><span class=\"text-base text-black font-bold mx-0 my-2.5 p-0 block custom-text-styles\">Tadej Poga\u010dar gets a new teammate for 2027 as UAE Team Emirates-XRG sign Italian all-rounder<\/span><\/div>\n<div class=\"relative recirc-feed sponsored-card min-h-[250px]\" data-recirc-id=\"article-river-stacked-ads:native-cards\" data-mrf-recirculation=\"article-river-ads\" data-nosnippet data-ad-slot-path=\"feed-sponsored-post\" data-attribute-device=\"all\">\n<div class=\"max-w-full sponsored-post--placeholder animate-pulse\">\n<div class=\"relative!\"><span class=\"text-base text-black font-bold mx-0 my-2.5 p-0 block bg-gray-100\">\u00a0<br \/>\u00a0<\/span><\/div>\n<\/div>\n<\/div>\n<div>\n<div class=\"aspect-[var(--img-listing-aspect-ratio,16\/9)] relative mb-3.5\">\n    <source type=\"image\/webp\" srcset=\"https:\/\/cdn.mos.cms.futurecdn.net\/N9pFoLkReg7BfAfct59wW4-840-80.jpg.webp 840w, https:\/\/cdn.mos.cms.futurecdn.net\/N9pFoLkReg7BfAfct59wW4-650-80.jpg.webp 650w, https:\/\/cdn.mos.cms.futurecdn.net\/N9pFoLkReg7BfAfct59wW4-500-80.jpg.webp 500w, https:\/\/cdn.mos.cms.futurecdn.net\/N9pFoLkReg7BfAfct59wW4-450-80.jpg.webp 450w, https:\/\/cdn.mos.cms.futurecdn.net\/N9pFoLkReg7BfAfct59wW4-320-80.jpg.webp 320w\" sizes=\"(min-width: 900px) 925px, (min-width: 700px) 450px, calc(100vw - 48px)\" \/><\/div>\n<p><span class=\"custom-subheading-styles\">Teams &amp; Riders<\/span><span class=\"text-base text-black font-bold mx-0 my-2.5 p-0 block custom-text-styles\">Visma-Lease a Bike to be led by Wout van Aert, Matthew Brennan and Sepp Kuss at Vuelta a Espana<\/span><\/div>\n<div class=\"relative recirc-feed sponsored-card min-h-[250px]\" data-recirc-id=\"article-river-stacked-ads:native-cards\" data-mrf-recirculation=\"article-river-ads\" data-nosnippet data-ad-slot-path=\"feed-sponsored-post\" data-attribute-device=\"all\">\n<div class=\"max-w-full sponsored-post--placeholder animate-pulse\">\n<div class=\"relative!\"><span class=\"text-base text-black font-bold mx-0 my-2.5 p-0 block bg-gray-100\">\u00a0<br \/>\u00a0<\/span><\/div>\n<\/div>\n<\/div>\n<\/div>\n<\/div>\n<\/aside>\n<\/section>\n<\/div>\n<\/div>\n<\/div>\n<div id=\"widgetArea17\" class=\"widget-area md:basis-1\/3 widget-area-g-md-vp-1-3 widget-area-g-lg-vp-1-3 widget-area-g-xl-vp-1-3 page-widget-area-17\">\n<div data-widget-type=\"dynamic\" id=\"popular-data\" class=\"clear-both widget widget-dynamic widget-popular-data widget-dynamic-popular-data widget-dynamic-fter-popular-box\">\n<div class=\"wdn-fte-pb pos-relative space-t20\n\"><\/p>\n<div class=\"slice-container popular-box-slice\">\n<section class=\"popular-box\" data-component-name=\"Slice:PopularBox\">\n<div class=\"popular-box__label\">\n<div class=\"popular-box__label__tab popular-box__label__tab--active\" role=\"heading\">\nLATEST ARTICLES\n<\/div>\n<\/div>\n<ol class=\"popular-box__articles-list popular-box__articles-list--active\">\n<li class=\"popular-box__article-list\">\n<div class=\"popular-box__article-list__container\">\n<div class=\"popular-box__article-list__image-wrapper\">\n<div>\n<source type=\"image\/webp\" srcset=\"https:\/\/cdn.mos.cms.futurecdn.net\/QL4TfcDkAYHJLFp34Pqnma-1280-80.jpg.webp 1280w, https:\/\/cdn.mos.cms.futurecdn.net\/QL4TfcDkAYHJLFp34Pqnma-720-80.jpg.webp 720w, https:\/\/cdn.mos.cms.futurecdn.net\/QL4TfcDkAYHJLFp34Pqnma-640-80.jpg.webp 640w, https:\/\/cdn.mos.cms.futurecdn.net\/QL4TfcDkAYHJLFp34Pqnma-320-80.jpg.webp 320w\" sizes=\"99vw\" \/><\/div>\n<\/div>\n<div class=\"popular-box__article-list__content\">\n<div class=\"popular-box__article-list__number-text\">1<\/div>\n<div class=\"popular-box__article-list__heading\">\n<p>&#8216;I think my season&#8217;s over&#8217; &#8211; Lucas Bourgoyne misses momentum at American Criterium Cup with appendectomy<\/p>\n<\/div>\n<\/div>\n<\/div>\n<\/li>\n<li class=\"popular-box__article-list\">\n<div class=\"popular-box__article-list__container\">\n<div class=\"popular-box__article-list__content\">\n<div class=\"popular-box__article-list__number-text\">2<\/div>\n<div class=\"popular-box__article-list__heading\">\n<p>Quinn Simmons, Luke Lamperti, Maggie Coles-Lyster and Kristen Faulkner among WorldTour riders confirmed for Philadelphia Cycling Classic<\/p>\n<\/div>\n<\/div>\n<\/div>\n<\/li>\n<li class=\"popular-box__article-list\">\n<div class=\"popular-box__article-list__container\">\n<div class=\"popular-box__article-list__content\">\n<div class=\"popular-box__article-list__number-text\">3<\/div>\n<div class=\"popular-box__article-list__heading\">\n<p>How to watch Vuelta a Espa\u00f1a 2026 \u2013 Live streams and official broadcasters<\/p>\n<\/div>\n<\/div>\n<\/div>\n<\/li>\n<li class=\"popular-box__article-list\">\n<div class=\"popular-box__article-list__container\">\n<div class=\"popular-box__article-list__content\">\n<div class=\"popular-box__article-list__number-text\">4<\/div>\n<div class=\"popular-box__article-list__heading\">\n<p>Used bibs, \u00a32 jerseys, and fake Rapha wares \u2013 Inside the wild west of buying second-hand cycling kit<\/p>\n<\/div>\n<\/div>\n<\/div>\n<\/li>\n<li class=\"popular-box__article-list\">\n<div class=\"popular-box__article-list__container\">\n<div class=\"popular-box__article-list__content\">\n<div class=\"popular-box__article-list__number-text\">5<\/div>\n<div class=\"popular-box__article-list__heading\">\n<p>Tour du Limousin: 21-year-old Noa Isidore sprints to first pro victory on stage 1 uphill finish<\/p>\n<\/div>\n<\/div>\n<\/div>\n<\/li>\n<\/ol>\n<\/section>\n<\/div>\n<\/div>\n<\/div>\n<\/div>\n<\/div>\n<\/article>\n<article class=\"page-content-onecol flex-1\nnews-article article\n\"><\/p>\n<div class=\"widget-area-group widget-area-group-2col flex flex-wrap box-border\">\n<div id=\"widgetArea16\" class=\"widget-area basis-full md:basis-2\/3 widget-area-g-md-vp-2-3 widget-area-g-lg-vp-2-3 widget-area-g-xl-vp-2-3 page-widget-area-16\">\n<div data-widget-type=\"hero\" id=\"hero\" class=\"clear-both widget widget-hero widget-hero widget-hero-hero widget-hero widget-hero-fter-news\">\n<div class=\"news-article\">\n<header data-component-name=\"Article:Hero\">\n<nav class=\"breadcrumb\" aria-label=\"Breadcrumbs\">\n<ol>\n<li>\nPro Cycling\n<\/li>\n<li>\nTeams &amp; Riders\n<\/li>\n<li>\nRacing\n<\/li>\n<li>\nRoad\n<\/li>\n<\/ol>\n<\/nav>\n<h1>Quinn Simmons, Luke Lamperti, Maggie Coles-Lyster and Kristen Faulkner among WorldTour riders confirmed for Philadelphia Cycling Classic<\/h1>\n<div class=\"byline-social\">\n<div class=\"vds-byline-block flex flex-row flex-nowrap my-1.5 gap-2 text-left items-start justify-start\" data-component-name=\"Article:BylineBlock\">\n<p>News<\/p>\n<div class=\"my-auto vds-simple-byline\"><span class=\"inline-block vds-author\"><br \/>\nBy<br \/>\nJackie Tyson <\/span><\/p>\n<div class=\"flex gap-1 vds-byline-with-avatar__meta\"><span class=\"vds-date block font-normal tracking-normal normal-case text-xs\"><br \/>\nPublished<br \/>\n<time data-component-name=\"UI:DateTime\" datetime=\"2026-08-18T18:22:55Z\" class=\"relative-date\"><br \/>\n18 August 2026<br \/>\n<\/time><\/span><\/div>\n<\/div>\n<\/div>\n<p class=\"strapline\">2016 elite women&#8217;s winner Megan Guarnier makes return as co-director for CCB Kenetik women&#8217;s squad<\/p>\n<\/div>\n<aside class=\"text-gray-700 flex items-center mx-0 my-5 p-0 justify-start text-left\" id=\"affiliate-disclaimer\" data-component-name=\"AffiliateDisclaimer\" data-hawk-message=\"Affiliate disclaimer removed because hawk deemed there are no affiliate links on this page\">\n<p class=\"text-[color:var(--affiliate-disclaimer--text-color,inherit)] mb-2 text-[length:var(--affiliate-disclaimer--font-size,0.75rem)] leading-[18px] md:text-[13px] [&amp;&gt;a]:text-inherit [&amp;&gt;a]:underline\">\nWhen you purchase through links on our site, we may earn an affiliate commission. Here\u2019s how it works.\n<\/p>\n<\/aside>\n<\/header>\n<\/div>\n<\/div>\n<div data-widget-type=\"contentparsed\" id=\"content\" class=\"clear-both widget widget-contentparsed widget-content widget-contentparsed-content widget-content-parsed widget-content-parsed-content_document \">\n<div class=\"wcp-item-content\">\n<section class=\"content-wrapper\">\n<div class=\"box less-space hero-image-wrapper\">\n<figure class=\"mb-0\">\n<source type=\"image\/webp\" srcset=\"https:\/\/cdn.mos.cms.futurecdn.net\/ZWLJj9gfmCjg62TMpCFt2d-1920-80.jpg.webp 1920w, https:\/\/cdn.mos.cms.futurecdn.net\/ZWLJj9gfmCjg62TMpCFt2d-1600-80.jpg.webp 1600w, https:\/\/cdn.mos.cms.futurecdn.net\/ZWLJj9gfmCjg62TMpCFt2d-1200-80.jpg.webp 1200w, https:\/\/cdn.mos.cms.futurecdn.net\/ZWLJj9gfmCjg62TMpCFt2d-1024-80.jpg.webp 1024w, https:\/\/cdn.mos.cms.futurecdn.net\/ZWLJj9gfmCjg62TMpCFt2d-970-80.jpg.webp 970w, https:\/\/cdn.mos.cms.futurecdn.net\/ZWLJj9gfmCjg62TMpCFt2d-750-80.jpg.webp 750w, https:\/\/cdn.mos.cms.futurecdn.net\/ZWLJj9gfmCjg62TMpCFt2d-650-80.jpg.webp 650w, https:\/\/cdn.mos.cms.futurecdn.net\/ZWLJj9gfmCjg62TMpCFt2d-480-80.jpg.webp 480w, https:\/\/cdn.mos.cms.futurecdn.net\/ZWLJj9gfmCjg62TMpCFt2d-320-80.jpg.webp 320w\" sizes=\"(min-width: 1000px) 600px, 100vw\" \/><figcaption class=\"font-article-copy text-(--image--text--color) font-article-copy mt-2\"><span class=\"caption-text font-article-copy\">Kristen Faulkner<\/span><span class=\"credit font-article-copy\">(Image credit: Getty Images)<\/span><\/figcaption><\/figure>\n<\/div>\n<div data-component-name=\"Article:JumpTo\" class=\"contents\" data-only-inline=\"1\">\n<div class=\"visible flex flex-row flex-nowrap sticky max-lg:-ml-5 top-[var(--site-header-height,60px)] sm:top-0 z-[9994] w-screen lg:w-full h-[50px] bg-white p-0 mb-5 border-neutral-200 border border-solid\" data-component-name=\"Article:JumpTo:Variants:Inline\" data-analytics-id=\"sticky-nav\" id=\"sticky-nav--inline\" data-mrf-recirculation=\"sticky-nav\">\n<div class=\"flex flex-row w-full h-full overflow-x-scroll overflow-y-hidden tracking-normal overscroll-x-contain\" id=\"sticky-nav__scroll-container\"><span class=\"pl-4 my-auto text-base font-semibold font-article-heading lg:pl-3 lg:text-sm whitespace-nowrap uppercase\">Jump To:<\/span><\/p>\n<ul class=\"flex flex-row w-auto border-y-0\">\n<li class=\"inline-flex after:content-[&apos;&apos;] after:inline-block after:relative after:h-3\/6 after:w-px after:bg-neutral-200 after:top-1\/4\nborder-b-[3px] border-b-(--jumpto-underline-color) border-solid font-semibold \" data-component-name=\"Article:JumpTo:Inline:Link\">\n<p>Philadelphia Cycling Classic 2026 women&#8217;s teams<\/p>\n<\/li>\n<li class=\"inline-flex after:content-[&apos;&apos;] after:inline-block after:relative after:h-3\/6 after:w-px after:bg-neutral-200 after:top-1\/4\n\" data-component-name=\"Article:JumpTo:Inline:Link\">\n<p>Philadelphia Cycling Classic 2026 men&#8217;s teams<\/p>\n<\/li>\n<\/ul>\n<\/div>\n<\/div>\n<\/div>\n<div id=\"article-body\" class=\"text-copy bodyCopy auto paywall-locker\">\n<div data-analytics-id=\"utility-bar\" id=\"utility-bar\" class=\"font-ui-heading flex justify-between items-center py-2 border-t border-b border-gray-300 border-solid mb-5 mx-auto\" data-component-name=\"UtilityBar\" data-mrf-recirculation=\"utility-bar\">\n<div class=\"flex gap-2 text-[#333] subcontainer\">\n<div class=\"relative tooltip-container\" role=\"tooltip\">\n<div data-component-name=\"Social:Dropdown\" role=\"menu\" id=\"utilitybar__dropdown--share\" aria-labelledby=\"utilitybar__button--share\" class=\"absolute left-0 top-full w-44 bg-white rounded-md shadow-md border border-neutral-200 z-[9996] list-none m-0 py-2 px-3 border-solid\">\n<ul class=\"m-0!\">\n<li class=\"!p-0 !m-0 list-none border-b border-gray-200 border-solid\">\n<li class=\"!p-0 !m-0 list-none border-b border-gray-200 border-solid\">\n<p>Facebook<\/p>\n<\/li>\n<li class=\"!p-0 !m-0 list-none border-b border-gray-200 border-solid\">\n<p>X<\/p>\n<\/li>\n<li class=\"!p-0 !m-0 list-none border-b border-gray-200 border-solid\">\n<p>Pinterest<\/p>\n<\/li>\n<li class=\"!p-0 !m-0 list-none border-b border-gray-200 border-solid\">\n<p>Email<\/p>\n<\/li>\n<\/ul>\n<\/div>\n<div class=\"font-ui-heading max-sm:hidden tooltip absolute left-1\/2 bg-gray-900 text-white text-xs leading-none px-3 py-1.5 rounded-md z-[10001] whitespace-nowrap\" id=\"tooltip-share-this-article\" role=\"tooltip\" aria-hidden=\"true\">\nShare this article\n<\/div>\n<\/div>\n<div class=\"relative tooltip-container\" role=\"tooltip\"><span class=\"ml-1 inline-flex h-5 px-2 shrink-0 items-center justify-center self-center overflow-hidden whitespace-nowrap rounded-[10px] bg-primary-500 text-[11px] leading-none font-ui-heading font-semibold text-white\">0<\/span><\/p>\n<div class=\"font-ui-heading max-sm:hidden tooltip absolute left-1\/2 bg-gray-900 text-white text-xs leading-none px-3 py-1.5 rounded-md z-[10001] whitespace-nowrap\" id=\"tooltip-join-the-conversation\" role=\"tooltip\" aria-hidden=\"true\">\nJoin the conversation\n<\/div>\n<\/div>\n<\/div>\n<div class=\"flex gap-2 text-[#333] subcontainer\">\n<div class=\"relative tooltip-container\" role=\"tooltip\">\n<p>Follow us<\/p>\n<div class=\"font-ui-heading max-sm:hidden tooltip absolute left-1\/2 bg-gray-900 text-white text-xs leading-none px-3 py-1.5 rounded-md z-[10001] whitespace-nowrap\" id=\"tooltip-add-us-as-a-preferred-source-on-google\" role=\"tooltip\" aria-hidden=\"true\">\nAdd us as a preferred source on Google\n<\/div>\n<\/div>\n<div class=\"relative tooltip-container\" role=\"tooltip\">\n<div class=\"font-ui-heading max-sm:hidden tooltip absolute left-1\/2 bg-gray-900 text-white text-xs leading-none px-3 py-1.5 rounded-md z-[10001] whitespace-nowrap\" id=\"tooltip-subscribe-to-our-newsletter\" role=\"tooltip\" aria-hidden=\"true\">\nSubscribe to our newsletter\n<\/div>\n<\/div>\n<\/div>\n<\/div>\n<p id=\"elk-4bd2f1a2-9b2d-11f1-baf2-c74b7a6a53d2\">Early rider confirmations began to surface this week for the women&#8217;s and men&#8217;s elite fields at the Philadelphia Cycling Classic p\/b AmeriGas on August 30, with reigning USPro road race champion Quinn Simmons (Lidl-Trek) and current Canadian road race champion Maggie Coles-Lyster (Human Powered Health) were announced by race organisers to compete in the pair of UCI 1.1 races.<\/p>\n<p>Three-time Olympic gold medalist Kristen Faulkner (EF Education-Oatly) and three-time USPro criterium champion Luke Lamperti (EF Education-EasyPost) also headline WorldTour team rosters.<\/p>\n<p id=\"elk-4bd2f1a2-9b2d-11f1-baf2-c74b7a6a53d2-2\" aria-hidden=\"true\" class=\"kiosq-b\">Joining Simmons at Lidl-Trek are 2020 Giro d\u2019Italia winner Tao Geoghegan Hart of Great Britain and Canadian Derek Gee-West, who was fifth overall at this year&#8217;s Giro d&#8217;Italia. Riding alongside Lamperti will be former USPro road race champion Sean Quinn.<\/p>\n<div class=\"my-6 w-full overflow-hidden rounded-[10px] lg:my-8\" data-component-name=\"JwPlayer:Carousel\" data-jwp-carousel data-jwp-carousel-payload=\"{&quot;ids&quot;:{&quot;playerID&quot;:&quot;jYDCcabO&quot;,&quot;searchPlaylistID&quot;:&quot;gwjdoYHD&quot;,&quot;divID&quot;:&quot;botr_gwjdoYHD_jYDCcabO_div&quot;,&quot;fallbackPlaylistID&quot;:&quot;gwjdoYHD&quot;,&quot;fallbackDivID&quot;:&quot;botr_gwjdoYHD_jYDCcabO_div&quot;,&quot;key&quot;:&quot;X9\/mXVGac0NphghLH9hZaqWA5d3dhAM\/Ih07grnEyMLjuO2E&quot;,&quot;tintLogo&quot;:true,&quot;useSearchPlaylist&quot;:false,&quot;enabled&quot;:true},&quot;signPostingEnabled&quot;:true,&quot;signPostingLinkEnabled&quot;:true,&quot;waitForAdLoad&quot;:false,&quot;hidePlayerOnDesktop&quot;:false,&quot;hidePlayerOnMobile&quot;:false,&quot;hidePlayerOnTablet&quot;:false}\">\n<div class=\"flex flex-nowrap items-center justify-between gap-3 bg-zinc-900 px-[14px] py-3\" data-jwp-carousel-header>\n<div class=\"flex min-w-0 shrink items-center\"><span class=\"inline-flex items-center gap-1.5 text-sm font-article-heading capitalize leading-5 text-white whitespace-nowrap\"><span class=\"jwp-carousel-title-desktop\">Latest Videos From<\/span><span class=\"jwp-carousel-brand\">Cyclingnews<\/span><\/span><\/div>\n<\/div>\n<div class=\"min-h-[44px] bg-zinc-900 px-[14px] py-3\" data-jwp-carousel-signposting><a class=\"invisible block truncate text-sm font-bold leading-5 text-white underline decoration-solid underline-offset-2\" data-jwp-carousel-signposting-link href target=\"_blank\" rel=\"noopener noreferrer\"><span data-jwp-carousel-signposting-title>Watch full video here: <\/span><\/a><\/div>\n<\/div>\n<p aria-hidden=\"true\" class=\"kiosq-b\">In the men&#8217;s field of 15 teams, there are a total of five WorldTour squads &#8211; EF Education EasyPost, Lidl-Trek, Lotto\u2013Intermarch\u00e9, NSN Cycling Team, Jayco AlUla &#8211; plus three ProTeams and seven Continental teams.<\/p>\n<p aria-hidden=\"true\" class=\"kiosq-b\">Canyon-SRAM joins EF Education-Oatly and Human Powered Health from the Women&#8217;s WorldTour, with four Continental and 13 elite teams rounding out a 20-team lineup for the women&#8217;s field.<\/p>\n<aside data-component-name=\"Recirculation:ArticleRiver\" data-recirculation-type=\"inline\" data-mrf-recirculation=\"Trending Bar\" data-nosnippet class=\"clear-both pt-2 pb-0 mb-4\"><span class=\"\n            flex\n            after:content-[&apos;&apos;] after:flex-1 after:ml-4 after:my-[0.7rem] after:border-t after:border-solid after:border-t-[#ccc]\n            before:content-[&apos;&apos;] before:flex-1 before:mr-4 before:my-[0.7rem] before:border-t before:border-solid before:border-t-[#ccc]\n            font-article-heading pb-0 text-[length:var(--article-river-title--font-size,1em)] uppercase sm:text-[length:var(--article-river-title--font-size,0.875em)] font-bold\n        \"><br \/>\n            You may like<br \/>\n        <\/span><\/p>\n<ul class=\"flex flex-col gap-0 m-0 max-w-full\">\n<li class=\"m-0 list-none border-b border-solid border-[#ededed] py-2\" data-recirculation-id=\"recirculation-card-1\" id=\"recirculation-inline-1\" data-analytics-id=\"recirculation-inline-1\" data-mrf-recirculation=\"recirculation-inline-1\">\n    <source type=\"image\/webp\" srcset=\"https:\/\/cdn.mos.cms.futurecdn.net\/QnpMiA23HXwhj3osep5Ur4-250-80.jpg.webp 250w, https:\/\/cdn.mos.cms.futurecdn.net\/QnpMiA23HXwhj3osep5Ur4-150-80.jpg.webp 150w\" sizes=\"150px\" \/><span class=\"w-full text-base font-[var(--article-river-item--font-weight,500)] font-article-heading line-clamp-3 md:line-clamp-2\">Riders from Canada, Cuba, Mexico and USA among 13 North Americans in the 2026 Tour de France Femmes<\/span><\/li>\n<li class=\"m-0 list-none border-b border-solid border-[#ededed] py-2\" data-recirculation-id=\"recirculation-card-2\" id=\"recirculation-inline-2\" data-analytics-id=\"recirculation-inline-2\" data-mrf-recirculation=\"recirculation-inline-2\">\n    <source type=\"image\/webp\" srcset=\"https:\/\/cdn.mos.cms.futurecdn.net\/JbdtRhSzSmfnMu7pTobY6T-250-80.jpg.webp 250w, https:\/\/cdn.mos.cms.futurecdn.net\/JbdtRhSzSmfnMu7pTobY6T-150-80.jpg.webp 150w\" sizes=\"150px\" \/><span class=\"w-full text-base font-[var(--article-river-item--font-weight,500)] font-article-heading line-clamp-3 md:line-clamp-2\">Vollering&#8217;s World Championships quest, Courtney&#8217;s WorldTour debut and big transfer intrigue \u2013 Six compelling storylines to follow in women&#8217;s cycling for the rest of 2026<\/span><\/li>\n<li class=\"m-0 list-none border-b border-solid border-[#ccc] py-2\" data-recirculation-id=\"recirculation-card-3\" id=\"recirculation-inline-3\" data-analytics-id=\"recirculation-inline-3\" data-mrf-recirculation=\"recirculation-inline-3\">\n    <source type=\"image\/webp\" srcset=\"https:\/\/cdn.mos.cms.futurecdn.net\/F2rWbFBuCXJYe7mUQLzKVd-250-80.jpg.webp 250w, https:\/\/cdn.mos.cms.futurecdn.net\/F2rWbFBuCXJYe7mUQLzKVd-150-80.jpg.webp 150w\" sizes=\"150px\" \/><span class=\"w-full text-base font-[var(--article-river-item--font-weight,500)] font-article-heading line-clamp-3 md:line-clamp-2\">&#8216;We can all take our opportunities&#8217; \u2013 EF Education-Oatly and world champion Magdeleine Vallieres go stage hunting at Giro d&#8217;Italia Women<\/span><\/li>\n<\/ul>\n<\/aside>\n<p aria-hidden=\"true\" class=\"kiosq-b\">Two notable members of US women&#8217;s domestic squads will be Megan Guarnier, who won the last edition of the women&#8217;s Philadelphia Cycling Classic 10 years ago, and former USPro road champion Lauren Stephens, who was seventh in 2013.<\/p>\n<p aria-hidden=\"true\" class=\"kiosq-b\"><em>Cyclingnews<\/em> confirmed Guarnier will return to the &#8216;Philly&#8217; race as a co-director for CCB Kenetik p\/b Levine Law Group, while Stephens will line up alongside Emma Langley for the Aegis x Leaders of Enchantment squad. Langley won the USPro road title in 2022, a year after Stephens.<\/p>\n<div id=\"slice-container-newsletterForm-articleInbodyContent-KNDH26s4LRBArknrHRQ3se\" class=\"slice-container newsletter-inbodyContent-slice newsletterForm-articleInbodyContent-KNDH26s4LRBArknrHRQ3se slice-container-newsletterForm\">\n<div data-hydrate=\"true\" class=\"newsletter-form__wrapper newsletter-form__wrapper--inbodyContent\">\n<div class=\"newsletter-form__container\">\n<section class=\"newsletter-form__top-bar\">\n<div class=\"newsletter-form__header\">Get The Leadout Newsletter<\/div>\n<\/section>\n<section class=\"newsletter-form__main-section\">\n<p class=\"newsletter-form__strapline\">The latest race content, interviews, features, reviews and expert buying guides, direct to your inbox!<\/p>\n<footer class=\"newsletter-form__footer \">By submitting your information you agree to the Terms &amp; Conditions and Privacy Policy and are aged 16 or over.<\/footer>\n<\/section>\n<\/div>\n<\/div>\n<\/div>\n<p aria-hidden=\"true\" class=\"kiosq-b\">The women\u2019s race begins at 8:30 a.m. EDT on Saturday, August 30, with riders taking on a 14.4-mile (23.1km) circuit four times for a total of 62 miles (100km). The men&#8217;s race follows at 12:00 p.m. EDT, with the men completing eight circuits for nearly 120 miles (200km) of racing. Elite women and men will share a total prize purse of $150,000, split equally.<\/p>\n<p aria-hidden=\"true\" class=\"kiosq-b\">Beginning in 1985 for men and then adding a women&#8217;s race nine years later called The Liberty Classic, the Philadelphia races became a staple for the US calendar. Both races featured the signature 500-metre climb in the Manayunk neighbourhood, the gradient reaching 17% and known as the Manayunk Wall. That climb, and the Lemon Hill section, return for the middle of the course, which begins and ends on the Benjamin Franklin Parkway in Philadelphia on a circuit that replicates the original route.<\/p>\n<p aria-hidden=\"true\" class=\"kiosq-b\">\u201cWe\u2019re bringing the stadium to the streets, giving fans a chance to experience elite cycling up close and be part of the action in a way you simply can\u2019t in most other sports,&#8221; Carlos Rogers, a member of Race Street Partners, which owns the Philadelphia Cycling Classic, said in a recent press release.<\/p>\n<p aria-hidden=\"true\" class=\"kiosq-b\">Both races will be streamed live on 6abc.com, with special updates throughout the day for local television viewers in the Philadelphia market. Viewers across the US and internationally will also have access to the ABC coverage using paid subscriptions with Hulu and Disney+, according to organisers.<\/p>\n<h3 class=\"article-body__section kiosq-b\" id=\"section-philadelphia-cycling-classic-2026-women-s-teams\" aria-hidden=\"true\"><span>Philadelphia Cycling Classic 2026 women&#8217;s teams <\/span><\/h3>\n<h2 id=\"women-s-worldtour-teams-3\" aria-hidden=\"true\" class=\"kiosq-b\">Women&#8217;s WorldTour teams<\/h2>\n<ul id=\"elk-4bd2f346-9b2d-11f1-8edf-b1973bda1150\" aria-hidden=\"true\" class=\"kiosq-b\">\n<li>Canyon-SRAM (GER)<\/li>\n<li>EF Education-Oatly (USA)<\/li>\n<li>Human Powered Health (USA)<\/li>\n<\/ul>\n<h2 id=\"continental-teams-5\" aria-hidden=\"true\" class=\"kiosq-b\">Continental teams<\/h2>\n<ul id=\"elk-4bd2f44a-9b2d-11f1-af19-094ed315d13c\" aria-hidden=\"true\" class=\"kiosq-b\">\n<li>Vini Fantini &#8211; BePink (ITA)<\/li>\n<li>PatoBike-BMC (MEX)<\/li>\n<li>Virginia&#8217;s Blue Ridge TWENTY28 (USA)<\/li>\n<li>XDS China (CHN)<\/li>\n<\/ul>\n<h2 id=\"elite-teams-5\" aria-hidden=\"true\" class=\"kiosq-b\">Elite teams<\/h2>\n<ul id=\"elk-4bd2f602-9b2d-11f1-9bac-67b476dceb73\" aria-hidden=\"true\" class=\"kiosq-b\">\n<li>1KFlips-FTP Racing Jakroo Mixed (USA)<\/li>\n<li>Aegis x Leaders of Enchantment (USA)<\/li>\n<li>AUTOMATIC Racing (USA)<\/li>\n<li>CCB Kenetik p\/b Levine Law Group (USA)<\/li>\n<li>Competitive Edge Racing (USA)<\/li>\n<li>Cyclery Racing &#8211; Abacus Data (CAN)<\/li>\n<li>E\u0301quipe Dynamiks F\u00e9minine (CAN)<\/li>\n<li>Fearless Femme Racing p\/b The Beasley Firm (USA)<\/li>\n<li>HigherDOSE | Renova (USA)<\/li>\n<li>Kingdom Elite Racing (USA)<\/li>\n<li>Milton Revolution Women\u2019s U23 Project (CAN)<\/li>\n<li>Team Winston Salem (USA)<\/li>\n<li>United Cycling (USA)<\/li>\n<\/ul>\n<h3 class=\"article-body__section kiosq-b\" id=\"section-philadelphia-cycling-classic-2026-men-s-teams\" aria-hidden=\"true\"><span>Philadelphia Cycling Classic 2026 men&#8217;s teams <\/span><\/h3>\n<h2 id=\"worldtour-teams-3\" aria-hidden=\"true\" class=\"kiosq-b\">WorldTour teams<\/h2>\n<ul id=\"elk-4bd2f788-9b2d-11f1-ae0b-e1ebdcaf5235\" aria-hidden=\"true\" class=\"kiosq-b\">\n<li>EF Education EasyPost (USA)<\/li>\n<li>Lidl-Trek (GER)<\/li>\n<li>Lotto\u2013Intermarch\u00e9 (BEL)<\/li>\n<li>NSN Cycling Team (SUI)<\/li>\n<li>Team Jayco AlUla (AUS)<\/li>\n<\/ul>\n<h2 id=\"continental-teams-6\" aria-hidden=\"true\" class=\"kiosq-b\">Continental teams<\/h2>\n<ul id=\"elk-4bd2f882-9b2d-11f1-8512-09cb0b534638\" aria-hidden=\"true\" class=\"kiosq-b\">\n<li>Bardiani-CSF 7 Saber (ITA)<\/li>\n<li>Modern Adventure Pro Cycling (USA)<\/li>\n<li>Team Novo Nordisk (USA)<\/li>\n<\/ul>\n<h2 id=\"elite-teams-6\" aria-hidden=\"true\" class=\"kiosq-b\">Elite teams<\/h2>\n<ul id=\"elk-4bd2f986-9b2d-11f1-899a-89e4c5210a92\" aria-hidden=\"true\" class=\"kiosq-b\">\n<li>APS Pro Cycling by Team Cadence Cyclery (USA)<\/li>\n<li>Competitive Edge Racing (USA)<\/li>\n<li>L39ION of Los Angeles (USA)<\/li>\n<li>Meridian Racing p\/b de la Uz (USA)<\/li>\n<li>Nu Colombia (COL)<\/li>\n<li>Project Echelon Racing (USA)<\/li>\n<li>Team Skyline (USA)<\/li>\n<\/ul>\n<p id=\"elk-cf2aa576-9b1f-11f1-a64c-3bac10e3ad09\" aria-hidden=\"true\" class=\"kiosq-b\"><em><strong>For unbeatable coverage across road, gravel and tech, subscribe to Cyclingnews. You&#8217;ll get comprehensive race coverage of La Vuelta a Espa\u00f1a, subscriber-exclusive analysis from our expert columnists, in-depth features and industry-leading tech insight. Plus, the Cyclingnews app lets you follow the action wherever you go!<\/strong><\/em><em><strong>Join today<\/strong><\/em><em><strong>. <\/strong><\/em><\/p>\n<\/div>\n<div class=\"block mb-5\" id=\"articleTag\" data-component-name=\"PostArticleLinks\" data-nosnippet data-mrf-recirculation=\"post-article-links\">\n<div class=\"border-b border-b-black border-solid py-2.5 text-black font-bold uppercase\">TOPICS<\/div>\n<nav class=\"py-2.5 flex gap-2.5 flex-wrap\" data-analytics-id=\"article-tag\" data-mrf-recirculation=\"article-tag\">\n<p>North American<\/p>\n<p>Philadelphia Cycling Classic Women<\/p>\n<p>Philadelphia Cycling Classic<\/p>\n<\/nav>\n<\/div>\n<div class=\"block mb-5\" id=\"articleTag\" data-component-name=\"PostArticleLinks\" data-nosnippet data-mrf-recirculation=\"post-article-links\">\n<div class=\"border-b border-b-black border-solid py-2.5 text-black font-bold uppercase\">CATEGORIES<\/div>\n<nav class=\"py-2.5 flex gap-2.5 flex-wrap\" data-analytics-id=\"article-tag\" data-mrf-recirculation=\"article-tag\">\n<p>Women&#8217;s Cycling<\/p>\n<p>Racing<\/p>\n<\/nav>\n<\/div>\n<div id=\"slice-container-authorBio-KNDH26s4LRBArknrHRQ3se\" class=\"slice-container slice-author-bio authorBio-KNDH26s4LRBArknrHRQ3se slice-container-authorBio\">\n<div class=\"author author__default-layout author--separator author--collapsible\" data-hydrate=\"true\">\n<div class=\"author__header\">\n<div class=\"author__avatar-block\">\n<figure class=\"image-wrapped__wrapper\" data-bordeaux-image-check=\"false\">\n<div class=\"image-wrapped__widthsetter\">\n<div class=\"image-wrapped__aspect-padding\">\n<div><source class=\"author__avatar image-wrapped__image image__image\" type=\"image\/gif\" srcset=\"https:\/\/cdn.mos.cms.futurecdn.net\/fnfpSfuM3neaK9DtSrBcKF-140-80.gif 140w\" sizes=\"99vw\" data-normal=\"https:\/\/cdn.mos.cms.futurecdn.net\/fnfpSfuM3neaK9DtSrBcKF.gif\" data-original-mos=\"https:\/\/cdn.mos.cms.futurecdn.net\/fnfpSfuM3neaK9DtSrBcKF.gif\" data-pin-media=\"https:\/\/cdn.mos.cms.futurecdn.net\/fnfpSfuM3neaK9DtSrBcKF.gif\" data-pin-nopin=\"true\" data-slice-image=\"true\" \/><\/div>\n<\/div>\n<\/div>\n<\/figure>\n<\/div>\n<div class=\"author__heading\">\n<div class=\"author__name\">Jackie Tyson<\/div>\n<div class=\"author__social\">\n<nav class=\"button-social-group author__social-buttons\" aria-labelledby=\"button-social-group- author__social-buttons\">\n<div id=\"button-social-group- author__social-buttons\">Social Links Navigation<\/div>\n<\/nav>\n<\/div>\n<div class=\"author__role\">North American Editor<\/div>\n<\/div>\n<\/div>\n<div class=\"author__bio-wrapper\">\n<div class=\"author__biography\">\n<p>Jackie has been involved in professional sports for more than 30 years in news reporting, sports marketing and public relations. She founded Peloton Sports in 1998, a sports marketing and public relations agency, which managed projects for Tour de Georgia, Larry H. Miller Tour of Utah and USA Cycling. She also founded Bike Alpharetta Inc, a Georgia non-profit to promote safe cycling. She is proud to have worked in professional baseball for six years &#8211; from selling advertising to pulling the tarp for several minor league teams. On the bike, she has climbed l&#8217;Alpe d&#8217;Huez three times (not fast), and spends time on gravel around horse farms in north Georgia.<\/p>\n<\/div>\n<\/div>\n<\/div>\n<\/div>\n<\/section>\n<div class=\"relative max-w-[1070px] viafoura-twig-component mt-6 mx-4 lg:mx-0\" data-component-name=\"Viafoura:Comments\" data-nosnippet data-community-guidelines-text=\"&lt;p class=&apos;vfcustom-community-guidelines&apos;&gt;Please follow our &lt;a href=&quot;https:\/\/www.cyclingnews.com\/about\/#section-community-guidelines&quot; target=&quot;_blank&quot;&gt;community guidelines&lt;\/a&gt;.&lt;\/p&gt;\" data-join-the-conversation-text=\"Join the Conversation\">\n<div class=\"absolute top-0 left-0 w-full h-full flex items-center justify-center z-50 bg-white\/90 border-1 rounded-b-[var(--comment-widget-border-radius,0)]\">\n<div class=\"p-2 text-center\">\n<p class=\"mb-3 text-lg!\">You must confirm your public display name before commenting<\/p>\n<p class=\"mb-3 text-sm!\">Please logout and then login again, you will then be prompted to enter your display name.<\/p>\n<\/div>\n<\/div>\n<\/div>\n<section class=\"mx-2 my-5 sm:mx-0\">\n<aside class=\"w-full\" data-nosnippet data-mrf-recirculation=\"article-river-stacked\">\n<div data-recirc-id=\"article-river-stacked-adviser:hybrid\">\n<div class=\"text-white py-4 px-3 mb-4 bg-[#333] uppercase font-bold custom-header-styles\">Read more<\/div>\n<div class=\"grid grid-cols-1 gap-4 mt-4 mb-5\">\n<div>\n<div class=\"aspect-[var(--img-listing-aspect-ratio,16\/9)] relative mb-3.5\">\n    <source type=\"image\/webp\" srcset=\"https:\/\/cdn.mos.cms.futurecdn.net\/QnpMiA23HXwhj3osep5Ur4-840-80.jpg.webp 840w, https:\/\/cdn.mos.cms.futurecdn.net\/QnpMiA23HXwhj3osep5Ur4-650-80.jpg.webp 650w, https:\/\/cdn.mos.cms.futurecdn.net\/QnpMiA23HXwhj3osep5Ur4-500-80.jpg.webp 500w, https:\/\/cdn.mos.cms.futurecdn.net\/QnpMiA23HXwhj3osep5Ur4-450-80.jpg.webp 450w, https:\/\/cdn.mos.cms.futurecdn.net\/QnpMiA23HXwhj3osep5Ur4-320-80.jpg.webp 320w\" sizes=\"(min-width: 900px) 925px, (min-width: 700px) 450px, calc(100vw - 48px)\" \/><\/div>\n<p><span class=\"custom-subheading-styles\">Women&#8217;s Cycling<\/span><span class=\"text-base text-black font-bold mx-0 my-2.5 p-0 block custom-text-styles\">Riders from Canada, Cuba, Mexico and USA among 13 North Americans in the 2026 Tour de France Femmes<\/span><\/div>\n<div class=\"relative recirc-feed sponsored-card min-h-[250px]\" data-recirc-id=\"article-river-stacked-ads:native-cards\" data-mrf-recirculation=\"article-river-ads\" data-nosnippet data-ad-slot-path=\"feed-sponsored-post\" data-attribute-device=\"all\">\n<div class=\"max-w-full sponsored-post--placeholder animate-pulse\">\n<div class=\"relative!\"><span class=\"text-base text-black font-bold mx-0 my-2.5 p-0 block bg-gray-100\">\u00a0<br \/>\u00a0<\/span><\/div>\n<\/div>\n<\/div>\n<div>\n<div class=\"aspect-[var(--img-listing-aspect-ratio,16\/9)] relative mb-3.5\">\n    <source type=\"image\/webp\" srcset=\"https:\/\/cdn.mos.cms.futurecdn.net\/JbdtRhSzSmfnMu7pTobY6T-840-80.jpg.webp 840w, https:\/\/cdn.mos.cms.futurecdn.net\/JbdtRhSzSmfnMu7pTobY6T-650-80.jpg.webp 650w, https:\/\/cdn.mos.cms.futurecdn.net\/JbdtRhSzSmfnMu7pTobY6T-500-80.jpg.webp 500w, https:\/\/cdn.mos.cms.futurecdn.net\/JbdtRhSzSmfnMu7pTobY6T-450-80.jpg.webp 450w, https:\/\/cdn.mos.cms.futurecdn.net\/JbdtRhSzSmfnMu7pTobY6T-320-80.jpg.webp 320w\" sizes=\"(min-width: 900px) 925px, (min-width: 700px) 450px, calc(100vw - 48px)\" \/><\/div>\n<p><span class=\"custom-subheading-styles\">Women&#8217;s Cycling<\/span><span class=\"text-base text-black font-bold mx-0 my-2.5 p-0 block custom-text-styles\">Vollering&#8217;s World Championships quest, Courtney&#8217;s WorldTour debut and big transfer intrigue \u2013 Six compelling storylines to follow in women&#8217;s cycling for the rest of 2026<\/span><\/div>\n<div class=\"relative recirc-feed sponsored-card min-h-[250px]\" data-recirc-id=\"article-river-stacked-ads:native-cards\" data-mrf-recirculation=\"article-river-ads\" data-nosnippet data-ad-slot-path=\"feed-sponsored-post\" data-attribute-device=\"all\">\n<div class=\"max-w-full sponsored-post--placeholder animate-pulse\">\n<div class=\"relative!\"><span class=\"text-base text-black font-bold mx-0 my-2.5 p-0 block bg-gray-100\">\u00a0<br \/>\u00a0<\/span><\/div>\n<\/div>\n<\/div>\n<div>\n<div class=\"aspect-[var(--img-listing-aspect-ratio,16\/9)] relative mb-3.5\">\n    <source type=\"image\/webp\" srcset=\"https:\/\/cdn.mos.cms.futurecdn.net\/F2rWbFBuCXJYe7mUQLzKVd-840-80.jpg.webp 840w, https:\/\/cdn.mos.cms.futurecdn.net\/F2rWbFBuCXJYe7mUQLzKVd-650-80.jpg.webp 650w, https:\/\/cdn.mos.cms.futurecdn.net\/F2rWbFBuCXJYe7mUQLzKVd-500-80.jpg.webp 500w, https:\/\/cdn.mos.cms.futurecdn.net\/F2rWbFBuCXJYe7mUQLzKVd-450-80.jpg.webp 450w, https:\/\/cdn.mos.cms.futurecdn.net\/F2rWbFBuCXJYe7mUQLzKVd-320-80.jpg.webp 320w\" sizes=\"(min-width: 900px) 925px, (min-width: 700px) 450px, calc(100vw - 48px)\" \/><\/div>\n<p><span class=\"custom-subheading-styles\">Women&#8217;s Cycling<\/span><span class=\"text-base text-black font-bold mx-0 my-2.5 p-0 block custom-text-styles\">&#8216;We can all take our opportunities&#8217; \u2013 EF Education-Oatly and world champion Magdeleine Vallieres go stage hunting at Giro d&#8217;Italia Women<\/span><\/div>\n<div class=\"relative recirc-feed sponsored-card min-h-[250px]\" data-recirc-id=\"article-river-stacked-ads:native-cards\" data-mrf-recirculation=\"article-river-ads\" data-nosnippet data-ad-slot-path=\"feed-sponsored-post\" data-attribute-device=\"all\">\n<div class=\"max-w-full sponsored-post--placeholder animate-pulse\">\n<div class=\"relative!\"><span class=\"text-base text-black font-bold mx-0 my-2.5 p-0 block bg-gray-100\">\u00a0<br \/>\u00a0<\/span><\/div>\n<\/div>\n<\/div>\n<div>\n<div class=\"aspect-[var(--img-listing-aspect-ratio,16\/9)] relative mb-3.5\">\n    <source type=\"image\/webp\" srcset=\"https:\/\/cdn.mos.cms.futurecdn.net\/kMoMca9WffoSrbYm3J9wNY-840-80.jpg.webp 840w, https:\/\/cdn.mos.cms.futurecdn.net\/kMoMca9WffoSrbYm3J9wNY-650-80.jpg.webp 650w, https:\/\/cdn.mos.cms.futurecdn.net\/kMoMca9WffoSrbYm3J9wNY-500-80.jpg.webp 500w, https:\/\/cdn.mos.cms.futurecdn.net\/kMoMca9WffoSrbYm3J9wNY-450-80.jpg.webp 450w, https:\/\/cdn.mos.cms.futurecdn.net\/kMoMca9WffoSrbYm3J9wNY-320-80.jpg.webp 320w\" sizes=\"(min-width: 900px) 925px, (min-width: 700px) 450px, calc(100vw - 48px)\" \/><\/div>\n<p><span class=\"custom-subheading-styles\">Teams &amp; Riders<\/span><span class=\"text-base text-black font-bold mx-0 my-2.5 p-0 block custom-text-styles\">Former mountain bike World Champion set to line up at UCI Gravel Worlds in Nannup, while USPro U23 ITT champion DQ&#8217;d at FoCo Fondo &#8211; Gravel Bits<\/span><\/div>\n<div class=\"relative recirc-feed sponsored-card min-h-[250px]\" data-recirc-id=\"article-river-stacked-ads:native-cards\" data-mrf-recirculation=\"article-river-ads\" data-nosnippet data-ad-slot-path=\"feed-sponsored-post\" data-attribute-device=\"all\">\n<div class=\"max-w-full sponsored-post--placeholder animate-pulse\">\n<div class=\"relative!\"><span class=\"text-base text-black font-bold mx-0 my-2.5 p-0 block bg-gray-100\">\u00a0<br \/>\u00a0<\/span><\/div>\n<\/div>\n<\/div>\n<div>\n<div class=\"aspect-[var(--img-listing-aspect-ratio,16\/9)] relative mb-3.5\">\n    <source type=\"image\/webp\" srcset=\"https:\/\/cdn.mos.cms.futurecdn.net\/yJ5aUr4FYgPPi8KC77ZVcW-840-80.jpg.webp 840w, https:\/\/cdn.mos.cms.futurecdn.net\/yJ5aUr4FYgPPi8KC77ZVcW-650-80.jpg.webp 650w, https:\/\/cdn.mos.cms.futurecdn.net\/yJ5aUr4FYgPPi8KC77ZVcW-500-80.jpg.webp 500w, https:\/\/cdn.mos.cms.futurecdn.net\/yJ5aUr4FYgPPi8KC77ZVcW-450-80.jpg.webp 450w, https:\/\/cdn.mos.cms.futurecdn.net\/yJ5aUr4FYgPPi8KC77ZVcW-320-80.jpg.webp 320w\" sizes=\"(min-width: 900px) 925px, (min-width: 700px) 450px, calc(100vw - 48px)\" \/><\/div>\n<p><span class=\"custom-subheading-styles\">Racing<\/span><span class=\"text-base text-black font-bold mx-0 my-2.5 p-0 block custom-text-styles\">Leadville Trail 100 MTB contenders 2026 &#8211; Can anyone unseat Keegan Swenson and who can take the top spot vacated by Kate Courtney?<\/span><\/div>\n<div class=\"relative recirc-feed sponsored-card min-h-[250px]\" data-recirc-id=\"article-river-stacked-ads:native-cards\" data-mrf-recirculation=\"article-river-ads\" data-nosnippet data-ad-slot-path=\"feed-sponsored-post\" data-attribute-device=\"all\">\n<div class=\"max-w-full sponsored-post--placeholder animate-pulse\">\n<div class=\"relative!\"><span class=\"text-base text-black font-bold mx-0 my-2.5 p-0 block bg-gray-100\">\u00a0<br \/>\u00a0<\/span><\/div>\n<\/div>\n<\/div>\n<div>\n<div class=\"aspect-[var(--img-listing-aspect-ratio,16\/9)] relative mb-3.5\">\n    <source type=\"image\/webp\" srcset=\"https:\/\/cdn.mos.cms.futurecdn.net\/JRw6CkvpotZyXhkVRoNWfH-840-80.jpg.webp 840w, https:\/\/cdn.mos.cms.futurecdn.net\/JRw6CkvpotZyXhkVRoNWfH-650-80.jpg.webp 650w, https:\/\/cdn.mos.cms.futurecdn.net\/JRw6CkvpotZyXhkVRoNWfH-500-80.jpg.webp 500w, https:\/\/cdn.mos.cms.futurecdn.net\/JRw6CkvpotZyXhkVRoNWfH-450-80.jpg.webp 450w, https:\/\/cdn.mos.cms.futurecdn.net\/JRw6CkvpotZyXhkVRoNWfH-320-80.jpg.webp 320w\" sizes=\"(min-width: 900px) 925px, (min-width: 700px) 450px, calc(100vw - 48px)\" \/><\/div>\n<p><span class=\"custom-subheading-styles\">Women&#8217;s Cycling<\/span><span class=\"text-base text-black font-bold mx-0 my-2.5 p-0 block custom-text-styles\">Marlen Reusser to lead Movistar Team for Tour de France Femmes<\/span><\/div>\n<div class=\"relative recirc-feed sponsored-card min-h-[250px]\" data-recirc-id=\"article-river-stacked-ads:native-cards\" data-mrf-recirculation=\"article-river-ads\" data-nosnippet data-ad-slot-path=\"feed-sponsored-post\" data-attribute-device=\"all\">\n<div class=\"max-w-full sponsored-post--placeholder animate-pulse\">\n<div class=\"relative!\"><span class=\"text-base text-black font-bold mx-0 my-2.5 p-0 block bg-gray-100\">\u00a0<br \/>\u00a0<\/span><\/div>\n<\/div>\n<\/div>\n<\/div>\n<\/div>\n<\/aside>\n<aside class=\"w-full\" data-nosnippet data-mrf-recirculation=\"article-river-stacked\">\n<div data-recirc-id=\"article-river-stacked-solr:latest-category\">\n<div class=\"text-white py-4 px-3 mb-4 bg-[#333] uppercase font-bold custom-header-styles\">Latest in Teams &amp; Riders<\/div>\n<div class=\"grid grid-cols-1 gap-4 mt-4 mb-5\">\n<div>\n<div class=\"aspect-[var(--img-listing-aspect-ratio,16\/9)] relative mb-3.5\">\n    <source type=\"image\/webp\" srcset=\"https:\/\/cdn.mos.cms.futurecdn.net\/QL4TfcDkAYHJLFp34Pqnma-840-80.jpg.webp 840w, https:\/\/cdn.mos.cms.futurecdn.net\/QL4TfcDkAYHJLFp34Pqnma-650-80.jpg.webp 650w, https:\/\/cdn.mos.cms.futurecdn.net\/QL4TfcDkAYHJLFp34Pqnma-500-80.jpg.webp 500w, https:\/\/cdn.mos.cms.futurecdn.net\/QL4TfcDkAYHJLFp34Pqnma-450-80.jpg.webp 450w, https:\/\/cdn.mos.cms.futurecdn.net\/QL4TfcDkAYHJLFp34Pqnma-320-80.jpg.webp 320w\" sizes=\"(min-width: 900px) 925px, (min-width: 700px) 450px, calc(100vw - 48px)\" \/><\/div>\n<p><span class=\"custom-subheading-styles\">Teams &amp; Riders<\/span><span class=\"text-base text-black font-bold mx-0 my-2.5 p-0 block custom-text-styles\">&#8216;I think my season&#8217;s over&#8217; &#8211; Lucas Bourgoyne misses momentum at American Criterium Cup with appendectomy<\/span><\/div>\n<div class=\"relative recirc-feed sponsored-card min-h-[250px]\" data-recirc-id=\"article-river-stacked-ads:native-cards\" data-mrf-recirculation=\"article-river-ads\" data-nosnippet data-ad-slot-path=\"feed-sponsored-post\" data-attribute-device=\"all\">\n<div class=\"max-w-full sponsored-post--placeholder animate-pulse\">\n<div class=\"relative!\"><span class=\"text-base text-black font-bold mx-0 my-2.5 p-0 block bg-gray-100\">\u00a0<br \/>\u00a0<\/span><\/div>\n<\/div>\n<\/div>\n<div>\n<div class=\"aspect-[var(--img-listing-aspect-ratio,16\/9)] relative mb-3.5\">\n    <source type=\"image\/webp\" srcset=\"https:\/\/cdn.mos.cms.futurecdn.net\/bxke9g2XnLi8f4L8R2Rpv7-840-80.jpg.webp 840w, https:\/\/cdn.mos.cms.futurecdn.net\/bxke9g2XnLi8f4L8R2Rpv7-650-80.jpg.webp 650w, https:\/\/cdn.mos.cms.futurecdn.net\/bxke9g2XnLi8f4L8R2Rpv7-500-80.jpg.webp 500w, https:\/\/cdn.mos.cms.futurecdn.net\/bxke9g2XnLi8f4L8R2Rpv7-450-80.jpg.webp 450w, https:\/\/cdn.mos.cms.futurecdn.net\/bxke9g2XnLi8f4L8R2Rpv7-320-80.jpg.webp 320w\" sizes=\"(min-width: 900px) 925px, (min-width: 700px) 450px, calc(100vw - 48px)\" \/><\/div>\n<p><span class=\"custom-subheading-styles\">Teams &amp; Riders<\/span><span class=\"text-base text-black font-bold mx-0 my-2.5 p-0 block custom-text-styles\">No Grand Tour send-off for Nairo Quintana as veteran climber misses Movistar selection for Vuelta a Espa\u00f1a<\/span><\/div>\n<div class=\"relative recirc-feed sponsored-card min-h-[250px]\" data-recirc-id=\"article-river-stacked-ads:native-cards\" data-mrf-recirculation=\"article-river-ads\" data-nosnippet data-ad-slot-path=\"feed-sponsored-post\" data-attribute-device=\"all\">\n<div class=\"max-w-full sponsored-post--placeholder animate-pulse\">\n<div class=\"relative!\"><span class=\"text-base text-black font-bold mx-0 my-2.5 p-0 block bg-gray-100\">\u00a0<br \/>\u00a0<\/span><\/div>\n<\/div>\n<\/div>\n<div>\n<div class=\"aspect-[var(--img-listing-aspect-ratio,16\/9)] relative mb-3.5\">\n    <source type=\"image\/webp\" srcset=\"https:\/\/cdn.mos.cms.futurecdn.net\/mekquUgc6QK5c55XaBzarY-840-80.jpg.webp 840w, https:\/\/cdn.mos.cms.futurecdn.net\/mekquUgc6QK5c55XaBzarY-650-80.jpg.webp 650w, https:\/\/cdn.mos.cms.futurecdn.net\/mekquUgc6QK5c55XaBzarY-500-80.jpg.webp 500w, https:\/\/cdn.mos.cms.futurecdn.net\/mekquUgc6QK5c55XaBzarY-450-80.jpg.webp 450w, https:\/\/cdn.mos.cms.futurecdn.net\/mekquUgc6QK5c55XaBzarY-320-80.jpg.webp 320w\" sizes=\"(min-width: 900px) 925px, (min-width: 700px) 450px, calc(100vw - 48px)\" \/><\/div>\n<p><span class=\"custom-subheading-styles\">Teams &amp; Riders<\/span><span class=\"text-base text-black font-bold mx-0 my-2.5 p-0 block custom-text-styles\">&#8216;We have to be realistic&#8217; \u2013 Red Bull-Bora-Hansgrohe focus on Vuelta a Espa\u00f1a stage wins, Primo\u017e Rogli\u010d\u2019s form will be &#8216;assessed progressively&#8217;<\/span><\/div>\n<div class=\"relative recirc-feed sponsored-card min-h-[250px]\" data-recirc-id=\"article-river-stacked-ads:native-cards\" data-mrf-recirculation=\"article-river-ads\" data-nosnippet data-ad-slot-path=\"feed-sponsored-post\" data-attribute-device=\"all\">\n<div class=\"max-w-full sponsored-post--placeholder animate-pulse\">\n<div class=\"relative!\"><span class=\"text-base text-black font-bold mx-0 my-2.5 p-0 block bg-gray-100\">\u00a0<br \/>\u00a0<\/span><\/div>\n<\/div>\n<\/div>\n<div>\n<div class=\"aspect-[var(--img-listing-aspect-ratio,16\/9)] relative mb-3.5\">\n    <source type=\"image\/webp\" srcset=\"https:\/\/cdn.mos.cms.futurecdn.net\/S8XBVXkADYwhYuZWL5XML3-840-80.jpg.webp 840w, https:\/\/cdn.mos.cms.futurecdn.net\/S8XBVXkADYwhYuZWL5XML3-650-80.jpg.webp 650w, https:\/\/cdn.mos.cms.futurecdn.net\/S8XBVXkADYwhYuZWL5XML3-500-80.jpg.webp 500w, https:\/\/cdn.mos.cms.futurecdn.net\/S8XBVXkADYwhYuZWL5XML3-450-80.jpg.webp 450w, https:\/\/cdn.mos.cms.futurecdn.net\/S8XBVXkADYwhYuZWL5XML3-320-80.jpg.webp 320w\" sizes=\"(min-width: 900px) 925px, (min-width: 700px) 450px, calc(100vw - 48px)\" \/><\/div>\n<p><span class=\"custom-subheading-styles\">Transfers<\/span><span class=\"text-base text-black font-bold mx-0 my-2.5 p-0 block custom-text-styles\">Tadej Poga\u010dar gets a new teammate for 2027 as UAE Team Emirates-XRG sign Italian all-rounder<\/span><\/div>\n<div class=\"relative recirc-feed sponsored-card min-h-[250px]\" data-recirc-id=\"article-river-stacked-ads:native-cards\" data-mrf-recirculation=\"article-river-ads\" data-nosnippet data-ad-slot-path=\"feed-sponsored-post\" data-attribute-device=\"all\">\n<div class=\"max-w-full sponsored-post--placeholder animate-pulse\">\n<div class=\"relative!\"><span class=\"text-base text-black font-bold mx-0 my-2.5 p-0 block bg-gray-100\">\u00a0<br \/>\u00a0<\/span><\/div>\n<\/div>\n<\/div>\n<div>\n<div class=\"aspect-[var(--img-listing-aspect-ratio,16\/9)] relative mb-3.5\">\n    <source type=\"image\/webp\" srcset=\"https:\/\/cdn.mos.cms.futurecdn.net\/N9pFoLkReg7BfAfct59wW4-840-80.jpg.webp 840w, https:\/\/cdn.mos.cms.futurecdn.net\/N9pFoLkReg7BfAfct59wW4-650-80.jpg.webp 650w, https:\/\/cdn.mos.cms.futurecdn.net\/N9pFoLkReg7BfAfct59wW4-500-80.jpg.webp 500w, https:\/\/cdn.mos.cms.futurecdn.net\/N9pFoLkReg7BfAfct59wW4-450-80.jpg.webp 450w, https:\/\/cdn.mos.cms.futurecdn.net\/N9pFoLkReg7BfAfct59wW4-320-80.jpg.webp 320w\" sizes=\"(min-width: 900px) 925px, (min-width: 700px) 450px, calc(100vw - 48px)\" \/><\/div>\n<p><span class=\"custom-subheading-styles\">Teams &amp; Riders<\/span><span class=\"text-base text-black font-bold mx-0 my-2.5 p-0 block custom-text-styles\">Visma-Lease a Bike to be led by Wout van Aert, Matthew Brennan and Sepp Kuss at Vuelta a Espana<\/span><\/div>\n<div class=\"relative recirc-feed sponsored-card min-h-[250px]\" data-recirc-id=\"article-river-stacked-ads:native-cards\" data-mrf-recirculation=\"article-river-ads\" data-nosnippet data-ad-slot-path=\"feed-sponsored-post\" data-attribute-device=\"all\">\n<div class=\"max-w-full sponsored-post--placeholder animate-pulse\">\n<div class=\"relative!\"><span class=\"text-base text-black font-bold mx-0 my-2.5 p-0 block bg-gray-100\">\u00a0<br \/>\u00a0<\/span><\/div>\n<\/div>\n<\/div>\n<div>\n<div class=\"aspect-[var(--img-listing-aspect-ratio,16\/9)] relative mb-3.5\">\n    <source type=\"image\/webp\" srcset=\"https:\/\/cdn.mos.cms.futurecdn.net\/6ntNBKnYyenk3bn9BZe4gm-840-80.jpg.webp 840w, https:\/\/cdn.mos.cms.futurecdn.net\/6ntNBKnYyenk3bn9BZe4gm-650-80.jpg.webp 650w, https:\/\/cdn.mos.cms.futurecdn.net\/6ntNBKnYyenk3bn9BZe4gm-500-80.jpg.webp 500w, https:\/\/cdn.mos.cms.futurecdn.net\/6ntNBKnYyenk3bn9BZe4gm-450-80.jpg.webp 450w, https:\/\/cdn.mos.cms.futurecdn.net\/6ntNBKnYyenk3bn9BZe4gm-320-80.jpg.webp 320w\" sizes=\"(min-width: 900px) 925px, (min-width: 700px) 450px, calc(100vw - 48px)\" \/><\/div>\n<p><span class=\"custom-subheading-styles\">Teams &amp; Riders<\/span><span class=\"text-base text-black font-bold mx-0 my-2.5 p-0 block custom-text-styles\">&#8216;A more difficult period&#8217; \u2013 Groupama-FDJ United looks for answers after David Gaudu delivers another DNF at La Polynormande<\/span><\/div>\n<div class=\"relative recirc-feed sponsored-card min-h-[250px]\" data-recirc-id=\"article-river-stacked-ads:native-cards\" data-mrf-recirculation=\"article-river-ads\" data-nosnippet data-ad-slot-path=\"feed-sponsored-post\" data-attribute-device=\"all\">\n<div class=\"max-w-full sponsored-post--placeholder animate-pulse\">\n<div class=\"relative!\"><span class=\"text-base text-black font-bold mx-0 my-2.5 p-0 block bg-gray-100\">\u00a0<br \/>\u00a0<\/span><\/div>\n<\/div>\n<\/div>\n<\/div>\n<\/div>\n<\/aside>\n<aside class=\"w-full\" data-nosnippet data-mrf-recirculation=\"article-river-stacked\">\n<div data-recirc-id=\"article-river-stacked-solr:latest-articletype\">\n<div class=\"text-white py-4 px-3 mb-4 bg-[#333] uppercase font-bold custom-header-styles\">Latest in News<\/div>\n<div class=\"grid grid-cols-1 gap-4 mt-4 mb-5\">\n<div>\n<div class=\"aspect-[var(--img-listing-aspect-ratio,16\/9)] relative mb-3.5\">\n    <source type=\"image\/webp\" srcset=\"https:\/\/cdn.mos.cms.futurecdn.net\/QL4TfcDkAYHJLFp34Pqnma-840-80.jpg.webp 840w, https:\/\/cdn.mos.cms.futurecdn.net\/QL4TfcDkAYHJLFp34Pqnma-650-80.jpg.webp 650w, https:\/\/cdn.mos.cms.futurecdn.net\/QL4TfcDkAYHJLFp34Pqnma-500-80.jpg.webp 500w, https:\/\/cdn.mos.cms.futurecdn.net\/QL4TfcDkAYHJLFp34Pqnma-450-80.jpg.webp 450w, https:\/\/cdn.mos.cms.futurecdn.net\/QL4TfcDkAYHJLFp34Pqnma-320-80.jpg.webp 320w\" sizes=\"(min-width: 900px) 925px, (min-width: 700px) 450px, calc(100vw - 48px)\" \/><\/div>\n<p><span class=\"custom-subheading-styles\">Teams &amp; Riders<\/span><span class=\"text-base text-black font-bold mx-0 my-2.5 p-0 block custom-text-styles\">&#8216;I think my season&#8217;s over&#8217; &#8211; Lucas Bourgoyne misses momentum at American Criterium Cup with appendectomy<\/span><\/div>\n<div class=\"relative recirc-feed sponsored-card min-h-[250px]\" data-recirc-id=\"article-river-stacked-ads:native-cards\" data-mrf-recirculation=\"article-river-ads\" data-nosnippet data-ad-slot-path=\"feed-sponsored-post\" data-attribute-device=\"all\">\n<div class=\"max-w-full sponsored-post--placeholder animate-pulse\">\n<div class=\"relative!\"><span class=\"text-base text-black font-bold mx-0 my-2.5 p-0 block bg-gray-100\">\u00a0<br \/>\u00a0<\/span><\/div>\n<\/div>\n<\/div>\n<div>\n<div class=\"aspect-[var(--img-listing-aspect-ratio,16\/9)] relative mb-3.5\">\n    <source type=\"image\/webp\" srcset=\"https:\/\/cdn.mos.cms.futurecdn.net\/fJJxXLdzBYSDFcWRkPpb7j-840-80.png.webp 840w, https:\/\/cdn.mos.cms.futurecdn.net\/fJJxXLdzBYSDFcWRkPpb7j-650-80.png.webp 650w, https:\/\/cdn.mos.cms.futurecdn.net\/fJJxXLdzBYSDFcWRkPpb7j-500-80.png.webp 500w, https:\/\/cdn.mos.cms.futurecdn.net\/fJJxXLdzBYSDFcWRkPpb7j-450-80.png.webp 450w, https:\/\/cdn.mos.cms.futurecdn.net\/fJJxXLdzBYSDFcWRkPpb7j-320-80.png.webp 320w\" sizes=\"(min-width: 900px) 925px, (min-width: 700px) 450px, calc(100vw - 48px)\" \/><\/div>\n<p><span class=\"custom-subheading-styles\">Streaming<\/span><span class=\"text-base text-black font-bold mx-0 my-2.5 p-0 block custom-text-styles\">How to watch Vuelta a Espa\u00f1a 2026 \u2013 Live streams and official broadcasters<\/span><\/div>\n<div class=\"relative recirc-feed sponsored-card min-h-[250px]\" data-recirc-id=\"article-river-stacked-ads:native-cards\" data-mrf-recirculation=\"article-river-ads\" data-nosnippet data-ad-slot-path=\"feed-sponsored-post\" data-attribute-device=\"all\">\n<div class=\"max-w-full sponsored-post--placeholder animate-pulse\">\n<div class=\"relative!\"><span class=\"text-base text-black font-bold mx-0 my-2.5 p-0 block bg-gray-100\">\u00a0<br \/>\u00a0<\/span><\/div>\n<\/div>\n<\/div>\n<div>\n<div class=\"aspect-[var(--img-listing-aspect-ratio,16\/9)] relative mb-3.5\">\n    <source type=\"image\/webp\" srcset=\"https:\/\/cdn.mos.cms.futurecdn.net\/bxke9g2XnLi8f4L8R2Rpv7-840-80.jpg.webp 840w, https:\/\/cdn.mos.cms.futurecdn.net\/bxke9g2XnLi8f4L8R2Rpv7-650-80.jpg.webp 650w, https:\/\/cdn.mos.cms.futurecdn.net\/bxke9g2XnLi8f4L8R2Rpv7-500-80.jpg.webp 500w, https:\/\/cdn.mos.cms.futurecdn.net\/bxke9g2XnLi8f4L8R2Rpv7-450-80.jpg.webp 450w, https:\/\/cdn.mos.cms.futurecdn.net\/bxke9g2XnLi8f4L8R2Rpv7-320-80.jpg.webp 320w\" sizes=\"(min-width: 900px) 925px, (min-width: 700px) 450px, calc(100vw - 48px)\" \/><\/div>\n<p><span class=\"custom-subheading-styles\">Teams &amp; Riders<\/span><span class=\"text-base text-black font-bold mx-0 my-2.5 p-0 block custom-text-styles\">No Grand Tour send-off for Nairo Quintana as veteran climber misses Movistar selection for Vuelta a Espa\u00f1a<\/span><\/div>\n<div class=\"relative recirc-feed sponsored-card min-h-[250px]\" data-recirc-id=\"article-river-stacked-ads:native-cards\" data-mrf-recirculation=\"article-river-ads\" data-nosnippet data-ad-slot-path=\"feed-sponsored-post\" data-attribute-device=\"all\">\n<div class=\"max-w-full sponsored-post--placeholder animate-pulse\">\n<div class=\"relative!\"><span class=\"text-base text-black font-bold mx-0 my-2.5 p-0 block bg-gray-100\">\u00a0<br \/>\u00a0<\/span><\/div>\n<\/div>\n<\/div>\n<div>\n<div class=\"aspect-[var(--img-listing-aspect-ratio,16\/9)] relative mb-3.5\">\n    <source type=\"image\/webp\" srcset=\"https:\/\/cdn.mos.cms.futurecdn.net\/mekquUgc6QK5c55XaBzarY-840-80.jpg.webp 840w, https:\/\/cdn.mos.cms.futurecdn.net\/mekquUgc6QK5c55XaBzarY-650-80.jpg.webp 650w, https:\/\/cdn.mos.cms.futurecdn.net\/mekquUgc6QK5c55XaBzarY-500-80.jpg.webp 500w, https:\/\/cdn.mos.cms.futurecdn.net\/mekquUgc6QK5c55XaBzarY-450-80.jpg.webp 450w, https:\/\/cdn.mos.cms.futurecdn.net\/mekquUgc6QK5c55XaBzarY-320-80.jpg.webp 320w\" sizes=\"(min-width: 900px) 925px, (min-width: 700px) 450px, calc(100vw - 48px)\" \/><\/div>\n<p><span class=\"custom-subheading-styles\">Teams &amp; Riders<\/span><span class=\"text-base text-black font-bold mx-0 my-2.5 p-0 block custom-text-styles\">&#8216;We have to be realistic&#8217; \u2013 Red Bull-Bora-Hansgrohe focus on Vuelta a Espa\u00f1a stage wins, Primo\u017e Rogli\u010d\u2019s form will be &#8216;assessed progressively&#8217;<\/span><\/div>\n<div class=\"relative recirc-feed sponsored-card min-h-[250px]\" data-recirc-id=\"article-river-stacked-ads:native-cards\" data-mrf-recirculation=\"article-river-ads\" data-nosnippet data-ad-slot-path=\"feed-sponsored-post\" data-attribute-device=\"all\">\n<div class=\"max-w-full sponsored-post--placeholder animate-pulse\">\n<div class=\"relative!\"><span class=\"text-base text-black font-bold mx-0 my-2.5 p-0 block bg-gray-100\">\u00a0<br \/>\u00a0<\/span><\/div>\n<\/div>\n<\/div>\n<div>\n<div class=\"aspect-[var(--img-listing-aspect-ratio,16\/9)] relative mb-3.5\">\n    <source type=\"image\/webp\" srcset=\"https:\/\/cdn.mos.cms.futurecdn.net\/S8XBVXkADYwhYuZWL5XML3-840-80.jpg.webp 840w, https:\/\/cdn.mos.cms.futurecdn.net\/S8XBVXkADYwhYuZWL5XML3-650-80.jpg.webp 650w, https:\/\/cdn.mos.cms.futurecdn.net\/S8XBVXkADYwhYuZWL5XML3-500-80.jpg.webp 500w, https:\/\/cdn.mos.cms.futurecdn.net\/S8XBVXkADYwhYuZWL5XML3-450-80.jpg.webp 450w, https:\/\/cdn.mos.cms.futurecdn.net\/S8XBVXkADYwhYuZWL5XML3-320-80.jpg.webp 320w\" sizes=\"(min-width: 900px) 925px, (min-width: 700px) 450px, calc(100vw - 48px)\" \/><\/div>\n<p><span class=\"custom-subheading-styles\">Transfers<\/span><span class=\"text-base text-black font-bold mx-0 my-2.5 p-0 block custom-text-styles\">Tadej Poga\u010dar gets a new teammate for 2027 as UAE Team Emirates-XRG sign Italian all-rounder<\/span><\/div>\n<div class=\"relative recirc-feed sponsored-card min-h-[250px]\" data-recirc-id=\"article-river-stacked-ads:native-cards\" data-mrf-recirculation=\"article-river-ads\" data-nosnippet data-ad-slot-path=\"feed-sponsored-post\" data-attribute-device=\"all\">\n<div class=\"max-w-full sponsored-post--placeholder animate-pulse\">\n<div class=\"relative!\"><span class=\"text-base text-black font-bold mx-0 my-2.5 p-0 block bg-gray-100\">\u00a0<br \/>\u00a0<\/span><\/div>\n<\/div>\n<\/div>\n<div>\n<div class=\"aspect-[var(--img-listing-aspect-ratio,16\/9)] relative mb-3.5\">\n    <source type=\"image\/webp\" srcset=\"https:\/\/cdn.mos.cms.futurecdn.net\/N9pFoLkReg7BfAfct59wW4-840-80.jpg.webp 840w, https:\/\/cdn.mos.cms.futurecdn.net\/N9pFoLkReg7BfAfct59wW4-650-80.jpg.webp 650w, https:\/\/cdn.mos.cms.futurecdn.net\/N9pFoLkReg7BfAfct59wW4-500-80.jpg.webp 500w, https:\/\/cdn.mos.cms.futurecdn.net\/N9pFoLkReg7BfAfct59wW4-450-80.jpg.webp 450w, https:\/\/cdn.mos.cms.futurecdn.net\/N9pFoLkReg7BfAfct59wW4-320-80.jpg.webp 320w\" sizes=\"(min-width: 900px) 925px, (min-width: 700px) 450px, calc(100vw - 48px)\" \/><\/div>\n<p><span class=\"custom-subheading-styles\">Teams &amp; Riders<\/span><span class=\"text-base text-black font-bold mx-0 my-2.5 p-0 block custom-text-styles\">Visma-Lease a Bike to be led by Wout van Aert, Matthew Brennan and Sepp Kuss at Vuelta a Espana<\/span><\/div>\n<div class=\"relative recirc-feed sponsored-card min-h-[250px]\" data-recirc-id=\"article-river-stacked-ads:native-cards\" data-mrf-recirculation=\"article-river-ads\" data-nosnippet data-ad-slot-path=\"feed-sponsored-post\" data-attribute-device=\"all\">\n<div class=\"max-w-full sponsored-post--placeholder animate-pulse\">\n<div class=\"relative!\"><span class=\"text-base text-black font-bold mx-0 my-2.5 p-0 block bg-gray-100\">\u00a0<br \/>\u00a0<\/span><\/div>\n<\/div>\n<\/div>\n<\/div>\n<\/div>\n<\/aside>\n<\/section>\n<\/div>\n<\/div>\n<\/div>\n<div id=\"widgetArea17\" class=\"widget-area md:basis-1\/3 widget-area-g-md-vp-1-3 widget-area-g-lg-vp-1-3 widget-area-g-xl-vp-1-3 page-widget-area-17\">\n<div data-widget-type=\"dynamic\" id=\"popular-data\" class=\"clear-both widget widget-dynamic widget-popular-data widget-dynamic-popular-data widget-dynamic-fter-popular-box\">\n<div class=\"wdn-fte-pb pos-relative space-t20\n\"><\/p>\n<div class=\"slice-container popular-box-slice\">\n<section class=\"popular-box\" data-component-name=\"Slice:PopularBox\">\n<div class=\"popular-box__label\">\n<div class=\"popular-box__label__tab popular-box__label__tab--active\" role=\"heading\">\nLATEST ARTICLES\n<\/div>\n<\/div>\n<ol class=\"popular-box__articles-list popular-box__articles-list--active\">\n<li class=\"popular-box__article-list\">\n<div class=\"popular-box__article-list__container\">\n<div class=\"popular-box__article-list__image-wrapper\">\n<div>\n<source type=\"image\/webp\" srcset=\"https:\/\/cdn.mos.cms.futurecdn.net\/QL4TfcDkAYHJLFp34Pqnma-1280-80.jpg.webp 1280w, https:\/\/cdn.mos.cms.futurecdn.net\/QL4TfcDkAYHJLFp34Pqnma-720-80.jpg.webp 720w, https:\/\/cdn.mos.cms.futurecdn.net\/QL4TfcDkAYHJLFp34Pqnma-640-80.jpg.webp 640w, https:\/\/cdn.mos.cms.futurecdn.net\/QL4TfcDkAYHJLFp34Pqnma-320-80.jpg.webp 320w\" sizes=\"99vw\" \/><\/div>\n<\/div>\n<div class=\"popular-box__article-list__content\">\n<div class=\"popular-box__article-list__number-text\">1<\/div>\n<div class=\"popular-box__article-list__heading\">\n<p>&#8216;I think my season&#8217;s over&#8217; &#8211; Lucas Bourgoyne misses momentum at American Criterium Cup with appendectomy<\/p>\n<\/div>\n<\/div>\n<\/div>\n<\/li>\n<li class=\"popular-box__article-list\">\n<div class=\"popular-box__article-list__container\">\n<div class=\"popular-box__article-list__content\">\n<div class=\"popular-box__article-list__number-text\">2<\/div>\n<div class=\"popular-box__article-list__heading\">\n<p>Quinn Simmons, Luke Lamperti, Maggie Coles-Lyster and Kristen Faulkner among WorldTour riders confirmed for Philadelphia Cycling Classic<\/p>\n<\/div>\n<\/div>\n<\/div>\n<\/li>\n<li class=\"popular-box__article-list\">\n<div class=\"popular-box__article-list__container\">\n<div class=\"popular-box__article-list__content\">\n<div class=\"popular-box__article-list__number-text\">3<\/div>\n<div class=\"popular-box__article-list__heading\">\n<p>How to watch Vuelta a Espa\u00f1a 2026 \u2013 Live streams and official broadcasters<\/p>\n<\/div>\n<\/div>\n<\/div>\n<\/li>\n<li class=\"popular-box__article-list\">\n<div class=\"popular-box__article-list__container\">\n<div class=\"popular-box__article-list__content\">\n<div class=\"popular-box__article-list__number-text\">4<\/div>\n<div class=\"popular-box__article-list__heading\">\n<p>Used bibs, \u00a32 jerseys, and fake Rapha wares \u2013 Inside the wild west of buying second-hand cycling kit<\/p>\n<\/div>\n<\/div>\n<\/div>\n<\/li>\n<li class=\"popular-box__article-list\">\n<div class=\"popular-box__article-list__container\">\n<div class=\"popular-box__article-list__content\">\n<div class=\"popular-box__article-list__number-text\">5<\/div>\n<div class=\"popular-box__article-list__heading\">\n<p>Tour du Limousin: 21-year-old Noa Isidore sprints to first pro victory on stage 1 uphill finish<\/p>\n<\/div>\n<\/div>\n<\/div>\n<\/li>\n<\/ol>\n<\/section>\n<\/div>\n<\/div>\n<\/div>\n<\/div>\n<\/div>\n<\/article>\n<div class=\"news-article\">\n<header data-component-name=\"Article:Hero\">\n<nav class=\"breadcrumb\" aria-label=\"Breadcrumbs\">\n<ol>\n<li>\nPro Cycling\n<\/li>\n<li>\nTeams &amp; Riders\n<\/li>\n<li>\nRacing\n<\/li>\n<li>\nRoad\n<\/li>\n<\/ol>\n<\/nav>\n<h1>Quinn Simmons, Luke Lamperti, Maggie Coles-Lyster and Kristen Faulkner among WorldTour riders confirmed for Philadelphia Cycling Classic<\/h1>\n<div class=\"byline-social\">\n<div class=\"vds-byline-block flex flex-row flex-nowrap my-1.5 gap-2 text-left items-start justify-start\" data-component-name=\"Article:BylineBlock\">\n<p>News<\/p>\n<div class=\"my-auto vds-simple-byline\"><span class=\"inline-block vds-author\"><br \/>\nBy<br \/>\nJackie Tyson <\/span><\/p>\n<div class=\"flex gap-1 vds-byline-with-avatar__meta\"><span class=\"vds-date block font-normal tracking-normal normal-case text-xs\"><br \/>\nPublished<br \/>\n<time data-component-name=\"UI:DateTime\" datetime=\"2026-08-18T18:22:55Z\" class=\"relative-date\"><br \/>\n18 August 2026<br \/>\n<\/time><\/span><\/div>\n<\/div>\n<\/div>\n<p class=\"strapline\">2016 elite women&#8217;s winner Megan Guarnier makes return as co-director for CCB Kenetik women&#8217;s squad<\/p>\n<\/div>\n<aside class=\"text-gray-700 flex items-center mx-0 my-5 p-0 justify-start text-left\" id=\"affiliate-disclaimer\" data-component-name=\"AffiliateDisclaimer\" data-hawk-message=\"Affiliate disclaimer removed because hawk deemed there are no affiliate links on this page\">\n<p class=\"text-[color:var(--affiliate-disclaimer--text-color,inherit)] mb-2 text-[length:var(--affiliate-disclaimer--font-size,0.75rem)] leading-[18px] md:text-[13px] [&amp;&gt;a]:text-inherit [&amp;&gt;a]:underline\">\nWhen you purchase through links on our site, we may earn an affiliate commission. Here\u2019s how it works.\n<\/p>\n<\/aside>\n<\/header>\n<\/div>\n<div id=\"article-body\" class=\"text-copy bodyCopy auto paywall-locker\">\n<div data-analytics-id=\"utility-bar\" id=\"utility-bar\" class=\"font-ui-heading flex justify-between items-center py-2 border-t border-b border-gray-300 border-solid mb-5 mx-auto\" data-component-name=\"UtilityBar\" data-mrf-recirculation=\"utility-bar\">\n<div class=\"flex gap-2 text-[#333] subcontainer\">\n<div class=\"relative tooltip-container\" role=\"tooltip\">\n<div data-component-name=\"Social:Dropdown\" role=\"menu\" id=\"utilitybar__dropdown--share\" aria-labelledby=\"utilitybar__button--share\" class=\"absolute left-0 top-full w-44 bg-white rounded-md shadow-md border border-neutral-200 z-[9996] list-none m-0 py-2 px-3 border-solid\">\n<ul class=\"m-0!\">\n<li class=\"!p-0 !m-0 list-none border-b border-gray-200 border-solid\">\n<li class=\"!p-0 !m-0 list-none border-b border-gray-200 border-solid\">\n<p>Facebook<\/p>\n<\/li>\n<li class=\"!p-0 !m-0 list-none border-b border-gray-200 border-solid\">\n<p>X<\/p>\n<\/li>\n<li class=\"!p-0 !m-0 list-none border-b border-gray-200 border-solid\">\n<p>Pinterest<\/p>\n<\/li>\n<li class=\"!p-0 !m-0 list-none border-b border-gray-200 border-solid\">\n<p>Email<\/p>\n<\/li>\n<\/ul>\n<\/div>\n<div class=\"font-ui-heading max-sm:hidden tooltip absolute left-1\/2 bg-gray-900 text-white text-xs leading-none px-3 py-1.5 rounded-md z-[10001] whitespace-nowrap\" id=\"tooltip-share-this-article\" role=\"tooltip\" aria-hidden=\"true\">\nShare this article\n<\/div>\n<\/div>\n<div class=\"relative tooltip-container\" role=\"tooltip\"><span class=\"ml-1 inline-flex h-5 px-2 shrink-0 items-center justify-center self-center overflow-hidden whitespace-nowrap rounded-[10px] bg-primary-500 text-[11px] leading-none font-ui-heading font-semibold text-white\">0<\/span><\/p>\n<div class=\"font-ui-heading max-sm:hidden tooltip absolute left-1\/2 bg-gray-900 text-white text-xs leading-none px-3 py-1.5 rounded-md z-[10001] whitespace-nowrap\" id=\"tooltip-join-the-conversation\" role=\"tooltip\" aria-hidden=\"true\">\nJoin the conversation\n<\/div>\n<\/div>\n<\/div>\n<div class=\"flex gap-2 text-[#333] subcontainer\">\n<div class=\"relative tooltip-container\" role=\"tooltip\">\n<p>Follow us<\/p>\n<div class=\"font-ui-heading max-sm:hidden tooltip absolute left-1\/2 bg-gray-900 text-white text-xs leading-none px-3 py-1.5 rounded-md z-[10001] whitespace-nowrap\" id=\"tooltip-add-us-as-a-preferred-source-on-google\" role=\"tooltip\" aria-hidden=\"true\">\nAdd us as a preferred source on Google\n<\/div>\n<\/div>\n<div class=\"relative tooltip-container\" role=\"tooltip\">\n<div class=\"font-ui-heading max-sm:hidden tooltip absolute left-1\/2 bg-gray-900 text-white text-xs leading-none px-3 py-1.5 rounded-md z-[10001] whitespace-nowrap\" id=\"tooltip-subscribe-to-our-newsletter\" role=\"tooltip\" aria-hidden=\"true\">\nSubscribe to our newsletter\n<\/div>\n<\/div>\n<\/div>\n<\/div>\n<p id=\"elk-4bd2f1a2-9b2d-11f1-baf2-c74b7a6a53d2\">Early rider confirmations began to surface this week for the women&#8217;s and men&#8217;s elite fields at the Philadelphia Cycling Classic p\/b AmeriGas on August 30, with reigning USPro road race champion Quinn Simmons (Lidl-Trek) and current Canadian road race champion Maggie Coles-Lyster (Human Powered Health) were announced by race organisers to compete in the pair of UCI 1.1 races.<\/p>\n<p>Three-time Olympic gold medalist Kristen Faulkner (EF Education-Oatly) and three-time USPro criterium champion Luke Lamperti (EF Education-EasyPost) also headline WorldTour team rosters.<\/p>\n<p id=\"elk-4bd2f1a2-9b2d-11f1-baf2-c74b7a6a53d2-2\" aria-hidden=\"true\" class=\"kiosq-b\">Joining Simmons at Lidl-Trek are 2020 Giro d\u2019Italia winner Tao Geoghegan Hart of Great Britain and Canadian Derek Gee-West, who was fifth overall at this year&#8217;s Giro d&#8217;Italia. Riding alongside Lamperti will be former USPro road race champion Sean Quinn.<\/p>\n<div class=\"my-6 w-full overflow-hidden rounded-[10px] lg:my-8\" data-component-name=\"JwPlayer:Carousel\" data-jwp-carousel data-jwp-carousel-payload=\"{&quot;ids&quot;:{&quot;playerID&quot;:&quot;jYDCcabO&quot;,&quot;searchPlaylistID&quot;:&quot;gwjdoYHD&quot;,&quot;divID&quot;:&quot;botr_gwjdoYHD_jYDCcabO_div&quot;,&quot;fallbackPlaylistID&quot;:&quot;gwjdoYHD&quot;,&quot;fallbackDivID&quot;:&quot;botr_gwjdoYHD_jYDCcabO_div&quot;,&quot;key&quot;:&quot;X9\/mXVGac0NphghLH9hZaqWA5d3dhAM\/Ih07grnEyMLjuO2E&quot;,&quot;tintLogo&quot;:true,&quot;useSearchPlaylist&quot;:false,&quot;enabled&quot;:true},&quot;signPostingEnabled&quot;:true,&quot;signPostingLinkEnabled&quot;:true,&quot;waitForAdLoad&quot;:false,&quot;hidePlayerOnDesktop&quot;:false,&quot;hidePlayerOnMobile&quot;:false,&quot;hidePlayerOnTablet&quot;:false}\">\n<div class=\"flex flex-nowrap items-center justify-between gap-3 bg-zinc-900 px-[14px] py-3\" data-jwp-carousel-header>\n<div class=\"flex min-w-0 shrink items-center\"><span class=\"inline-flex items-center gap-1.5 text-sm font-article-heading capitalize leading-5 text-white whitespace-nowrap\"><span class=\"jwp-carousel-title-desktop\">Latest Videos From<\/span><span class=\"jwp-carousel-brand\">Cyclingnews<\/span><\/span><\/div>\n<\/div>\n<div class=\"min-h-[44px] bg-zinc-900 px-[14px] py-3\" data-jwp-carousel-signposting><a class=\"invisible block truncate text-sm font-bold leading-5 text-white underline decoration-solid underline-offset-2\" data-jwp-carousel-signposting-link href target=\"_blank\" rel=\"noopener noreferrer\"><span data-jwp-carousel-signposting-title>Watch full video here: <\/span><\/a><\/div>\n<\/div>\n<p aria-hidden=\"true\" class=\"kiosq-b\">In the men&#8217;s field of 15 teams, there are a total of five WorldTour squads &#8211; EF Education EasyPost, Lidl-Trek, Lotto\u2013Intermarch\u00e9, NSN Cycling Team, Jayco AlUla &#8211; plus three ProTeams and seven Continental teams.<\/p>\n<p aria-hidden=\"true\" class=\"kiosq-b\">Canyon-SRAM joins EF Education-Oatly and Human Powered Health from the Women&#8217;s WorldTour, with four Continental and 13 elite teams rounding out a 20-team lineup for the women&#8217;s field.<\/p>\n<aside data-component-name=\"Recirculation:ArticleRiver\" data-recirculation-type=\"inline\" data-mrf-recirculation=\"Trending Bar\" data-nosnippet class=\"clear-both pt-2 pb-0 mb-4\"><span class=\"\n            flex\n            after:content-[&apos;&apos;] after:flex-1 after:ml-4 after:my-[0.7rem] after:border-t after:border-solid after:border-t-[#ccc]\n            before:content-[&apos;&apos;] before:flex-1 before:mr-4 before:my-[0.7rem] before:border-t before:border-solid before:border-t-[#ccc]\n            font-article-heading pb-0 text-[length:var(--article-river-title--font-size,1em)] uppercase sm:text-[length:var(--article-river-title--font-size,0.875em)] font-bold\n        \"><br \/>\n            You may like<br \/>\n        <\/span><\/p>\n<ul class=\"flex flex-col gap-0 m-0 max-w-full\">\n<li class=\"m-0 list-none border-b border-solid border-[#ededed] py-2\" data-recirculation-id=\"recirculation-card-1\" id=\"recirculation-inline-1\" data-analytics-id=\"recirculation-inline-1\" data-mrf-recirculation=\"recirculation-inline-1\">\n    <source type=\"image\/webp\" srcset=\"https:\/\/cdn.mos.cms.futurecdn.net\/QnpMiA23HXwhj3osep5Ur4-250-80.jpg.webp 250w, https:\/\/cdn.mos.cms.futurecdn.net\/QnpMiA23HXwhj3osep5Ur4-150-80.jpg.webp 150w\" sizes=\"150px\" \/><span class=\"w-full text-base font-[var(--article-river-item--font-weight,500)] font-article-heading line-clamp-3 md:line-clamp-2\">Riders from Canada, Cuba, Mexico and USA among 13 North Americans in the 2026 Tour de France Femmes<\/span><\/li>\n<li class=\"m-0 list-none border-b border-solid border-[#ededed] py-2\" data-recirculation-id=\"recirculation-card-2\" id=\"recirculation-inline-2\" data-analytics-id=\"recirculation-inline-2\" data-mrf-recirculation=\"recirculation-inline-2\">\n    <source type=\"image\/webp\" srcset=\"https:\/\/cdn.mos.cms.futurecdn.net\/JbdtRhSzSmfnMu7pTobY6T-250-80.jpg.webp 250w, https:\/\/cdn.mos.cms.futurecdn.net\/JbdtRhSzSmfnMu7pTobY6T-150-80.jpg.webp 150w\" sizes=\"150px\" \/><span class=\"w-full text-base font-[var(--article-river-item--font-weight,500)] font-article-heading line-clamp-3 md:line-clamp-2\">Vollering&#8217;s World Championships quest, Courtney&#8217;s WorldTour debut and big transfer intrigue \u2013 Six compelling storylines to follow in women&#8217;s cycling for the rest of 2026<\/span><\/li>\n<li class=\"m-0 list-none border-b border-solid border-[#ccc] py-2\" data-recirculation-id=\"recirculation-card-3\" id=\"recirculation-inline-3\" data-analytics-id=\"recirculation-inline-3\" data-mrf-recirculation=\"recirculation-inline-3\">\n    <source type=\"image\/webp\" srcset=\"https:\/\/cdn.mos.cms.futurecdn.net\/F2rWbFBuCXJYe7mUQLzKVd-250-80.jpg.webp 250w, https:\/\/cdn.mos.cms.futurecdn.net\/F2rWbFBuCXJYe7mUQLzKVd-150-80.jpg.webp 150w\" sizes=\"150px\" \/><span class=\"w-full text-base font-[var(--article-river-item--font-weight,500)] font-article-heading line-clamp-3 md:line-clamp-2\">&#8216;We can all take our opportunities&#8217; \u2013 EF Education-Oatly and world champion Magdeleine Vallieres go stage hunting at Giro d&#8217;Italia Women<\/span><\/li>\n<\/ul>\n<\/aside>\n<p aria-hidden=\"true\" class=\"kiosq-b\">Two notable members of US women&#8217;s domestic squads will be Megan Guarnier, who won the last edition of the women&#8217;s Philadelphia Cycling Classic 10 years ago, and former USPro road champion Lauren Stephens, who was seventh in 2013.<\/p>\n<p aria-hidden=\"true\" class=\"kiosq-b\"><em>Cyclingnews<\/em> confirmed Guarnier will return to the &#8216;Philly&#8217; race as a co-director for CCB Kenetik p\/b Levine Law Group, while Stephens will line up alongside Emma Langley for the Aegis x Leaders of Enchantment squad. Langley won the USPro road title in 2022, a year after Stephens.<\/p>\n<div id=\"slice-container-newsletterForm-articleInbodyContent-KNDH26s4LRBArknrHRQ3se\" class=\"slice-container newsletter-inbodyContent-slice newsletterForm-articleInbodyContent-KNDH26s4LRBArknrHRQ3se slice-container-newsletterForm\">\n<div data-hydrate=\"true\" class=\"newsletter-form__wrapper newsletter-form__wrapper--inbodyContent\">\n<div class=\"newsletter-form__container\">\n<section class=\"newsletter-form__top-bar\">\n<div class=\"newsletter-form__header\">Get The Leadout Newsletter<\/div>\n<\/section>\n<section class=\"newsletter-form__main-section\">\n<p class=\"newsletter-form__strapline\">The latest race content, interviews, features, reviews and expert buying guides, direct to your inbox!<\/p>\n<footer class=\"newsletter-form__footer \">By submitting your information you agree to the Terms &amp; Conditions and Privacy Policy and are aged 16 or over.<\/footer>\n<\/section>\n<\/div>\n<\/div>\n<\/div>\n<p aria-hidden=\"true\" class=\"kiosq-b\">The women\u2019s race begins at 8:30 a.m. EDT on Saturday, August 30, with riders taking on a 14.4-mile (23.1km) circuit four times for a total of 62 miles (100km). The men&#8217;s race follows at 12:00 p.m. EDT, with the men completing eight circuits for nearly 120 miles (200km) of racing. Elite women and men will share a total prize purse of $150,000, split equally.<\/p>\n<p aria-hidden=\"true\" class=\"kiosq-b\">Beginning in 1985 for men and then adding a women&#8217;s race nine years later called The Liberty Classic, the Philadelphia races became a staple for the US calendar. Both races featured the signature 500-metre climb in the Manayunk neighbourhood, the gradient reaching 17% and known as the Manayunk Wall. That climb, and the Lemon Hill section, return for the middle of the course, which begins and ends on the Benjamin Franklin Parkway in Philadelphia on a circuit that replicates the original route.<\/p>\n<p aria-hidden=\"true\" class=\"kiosq-b\">\u201cWe\u2019re bringing the stadium to the streets, giving fans a chance to experience elite cycling up close and be part of the action in a way you simply can\u2019t in most other sports,&#8221; Carlos Rogers, a member of Race Street Partners, which owns the Philadelphia Cycling Classic, said in a recent press release.<\/p>\n<p aria-hidden=\"true\" class=\"kiosq-b\">Both races will be streamed live on 6abc.com, with special updates throughout the day for local television viewers in the Philadelphia market. Viewers across the US and internationally will also have access to the ABC coverage using paid subscriptions with Hulu and Disney+, according to organisers.<\/p>\n<h3 class=\"article-body__section kiosq-b\" id=\"section-philadelphia-cycling-classic-2026-women-s-teams\" aria-hidden=\"true\"><span>Philadelphia Cycling Classic 2026 women&#8217;s teams <\/span><\/h3>\n<h2 id=\"women-s-worldtour-teams-3\" aria-hidden=\"true\" class=\"kiosq-b\">Women&#8217;s WorldTour teams<\/h2>\n<ul id=\"elk-4bd2f346-9b2d-11f1-8edf-b1973bda1150\" aria-hidden=\"true\" class=\"kiosq-b\">\n<li>Canyon-SRAM (GER)<\/li>\n<li>EF Education-Oatly (USA)<\/li>\n<li>Human Powered Health (USA)<\/li>\n<\/ul>\n<h2 id=\"continental-teams-5\" aria-hidden=\"true\" class=\"kiosq-b\">Continental teams<\/h2>\n<ul id=\"elk-4bd2f44a-9b2d-11f1-af19-094ed315d13c\" aria-hidden=\"true\" class=\"kiosq-b\">\n<li>Vini Fantini &#8211; BePink (ITA)<\/li>\n<li>PatoBike-BMC (MEX)<\/li>\n<li>Virginia&#8217;s Blue Ridge TWENTY28 (USA)<\/li>\n<li>XDS China (CHN)<\/li>\n<\/ul>\n<h2 id=\"elite-teams-5\" aria-hidden=\"true\" class=\"kiosq-b\">Elite teams<\/h2>\n<ul id=\"elk-4bd2f602-9b2d-11f1-9bac-67b476dceb73\" aria-hidden=\"true\" class=\"kiosq-b\">\n<li>1KFlips-FTP Racing Jakroo Mixed (USA)<\/li>\n<li>Aegis x Leaders of Enchantment (USA)<\/li>\n<li>AUTOMATIC Racing (USA)<\/li>\n<li>CCB Kenetik p\/b Levine Law Group (USA)<\/li>\n<li>Competitive Edge Racing (USA)<\/li>\n<li>Cyclery Racing &#8211; Abacus Data (CAN)<\/li>\n<li>E\u0301quipe Dynamiks F\u00e9minine (CAN)<\/li>\n<li>Fearless Femme Racing p\/b The Beasley Firm (USA)<\/li>\n<li>HigherDOSE | Renova (USA)<\/li>\n<li>Kingdom Elite Racing (USA)<\/li>\n<li>Milton Revolution Women\u2019s U23 Project (CAN)<\/li>\n<li>Team Winston Salem (USA)<\/li>\n<li>United Cycling (USA)<\/li>\n<\/ul>\n<h3 class=\"article-body__section kiosq-b\" id=\"section-philadelphia-cycling-classic-2026-men-s-teams\" aria-hidden=\"true\"><span>Philadelphia Cycling Classic 2026 men&#8217;s teams <\/span><\/h3>\n<h2 id=\"worldtour-teams-3\" aria-hidden=\"true\" class=\"kiosq-b\">WorldTour teams<\/h2>\n<ul id=\"elk-4bd2f788-9b2d-11f1-ae0b-e1ebdcaf5235\" aria-hidden=\"true\" class=\"kiosq-b\">\n<li>EF Education EasyPost (USA)<\/li>\n<li>Lidl-Trek (GER)<\/li>\n<li>Lotto\u2013Intermarch\u00e9 (BEL)<\/li>\n<li>NSN Cycling Team (SUI)<\/li>\n<li>Team Jayco AlUla (AUS)<\/li>\n<\/ul>\n<h2 id=\"continental-teams-6\" aria-hidden=\"true\" class=\"kiosq-b\">Continental teams<\/h2>\n<ul id=\"elk-4bd2f882-9b2d-11f1-8512-09cb0b534638\" aria-hidden=\"true\" class=\"kiosq-b\">\n<li>Bardiani-CSF 7 Saber (ITA)<\/li>\n<li>Modern Adventure Pro Cycling (USA)<\/li>\n<li>Team Novo Nordisk (USA)<\/li>\n<\/ul>\n<h2 id=\"elite-teams-6\" aria-hidden=\"true\" class=\"kiosq-b\">Elite teams<\/h2>\n<ul id=\"elk-4bd2f986-9b2d-11f1-899a-89e4c5210a92\" aria-hidden=\"true\" class=\"kiosq-b\">\n<li>APS Pro Cycling by Team Cadence Cyclery (USA)<\/li>\n<li>Competitive Edge Racing (USA)<\/li>\n<li>L39ION of Los Angeles (USA)<\/li>\n<li>Meridian Racing p\/b de la Uz (USA)<\/li>\n<li>Nu Colombia (COL)<\/li>\n<li>Project Echelon Racing (USA)<\/li>\n<li>Team Skyline (USA)<\/li>\n<\/ul>\n<p id=\"elk-cf2aa576-9b1f-11f1-a64c-3bac10e3ad09\" aria-hidden=\"true\" class=\"kiosq-b\"><em><strong>For unbeatable coverage across road, gravel and tech, subscribe to Cyclingnews. You&#8217;ll get comprehensive race coverage of La Vuelta a Espa\u00f1a, subscriber-exclusive analysis from our expert columnists, in-depth features and industry-leading tech insight. Plus, the Cyclingnews app lets you follow the action wherever you go!<\/strong><\/em><em><strong>Join today<\/strong><\/em><em><strong>. <\/strong><\/em><\/p>\n<\/div>\n<p>[analyse_source url=&#8221;https:\/\/www.cyclingnews.com\/pro-cycling\/teams-riders\/quinn-simmons-luke-lamperti-maggie-coles-lyster-and-kristen-faulkner-among-worldtour-riders-confirmed-for-philadelphia-cycling-classic\/&#8221;]<\/p>\n","protected":false},"excerpt":{"rendered":"<p>[analyse_image type=&#8221;featured&#8221; src=&#8221;https:\/\/cdn.mos.cms.futurecdn.net\/ZWLJj9gfmCjg62TMpCFt2d-2560-80.jpg&#8221;] 1 Leadville Trail 100 MTB contenders 2026 &#8211; Can anyone unseat Keegan Swenson and who can take the top spot vacated by Kate Courtney? 2 Quinn Simmons returns to Leadville Trail 100 MTB seven years on from his extraordinary teenage debut 3 Vollering&#8217;s World Championships quest, Courtney&#8217;s WorldTour debut and big transfer [&hellip;]<\/p>\n","protected":false},"author":1,"featured_media":0,"comment_status":"open","ping_status":"","sticky":false,"template":"","format":"standard","meta":{"footnotes":""},"categories":[2],"tags":[226,68],"class_list":["post-2100489","post","type-post","status-publish","format-standard","hentry","category-politics","tag-crawlmanager","tag-cyclingnews-com"],"_links":{"self":[{"href":"https:\/\/analyse.optim.biz\/index.php?rest_route=\/wp\/v2\/posts\/2100489","targetHints":{"allow":["GET"]}}],"collection":[{"href":"https:\/\/analyse.optim.biz\/index.php?rest_route=\/wp\/v2\/posts"}],"about":[{"href":"https:\/\/analyse.optim.biz\/index.php?rest_route=\/wp\/v2\/types\/post"}],"author":[{"embeddable":true,"href":"https:\/\/analyse.optim.biz\/index.php?rest_route=\/wp\/v2\/users\/1"}],"replies":[{"embeddable":true,"href":"https:\/\/analyse.optim.biz\/index.php?rest_route=%2Fwp%2Fv2%2Fcomments&post=2100489"}],"version-history":[{"count":0,"href":"https:\/\/analyse.optim.biz\/index.php?rest_route=\/wp\/v2\/posts\/2100489\/revisions"}],"wp:attachment":[{"href":"https:\/\/analyse.optim.biz\/index.php?rest_route=%2Fwp%2Fv2%2Fmedia&parent=2100489"}],"wp:term":[{"taxonomy":"category","embeddable":true,"href":"https:\/\/analyse.optim.biz\/index.php?rest_route=%2Fwp%2Fv2%2Fcategories&post=2100489"},{"taxonomy":"post_tag","embeddable":true,"href":"https:\/\/analyse.optim.biz\/index.php?rest_route=%2Fwp%2Fv2%2Ftags&post=2100489"}],"curies":[{"name":"wp","href":"https:\/\/api.w.org\/{rel}","templated":true}]}}