{"id":2100477,"date":"2026-08-18T11:24:30","date_gmt":"2026-08-18T08:24:30","guid":{"rendered":"https:\/\/analyse.optim.biz\/?p=2100477"},"modified":"2026-08-18T11:24:30","modified_gmt":"2026-08-18T08:24:30","slug":"no-grand-tour-send-off-for-nairo-quintana-as-veteran-climber-misses-movistar-selection-for-vuelta-a-espana","status":"publish","type":"post","link":"https:\/\/analyse.optim.biz\/?p=2100477","title":{"rendered":"No Grand Tour send-off for Nairo Quintana as veteran climber misses Movistar selection for Vuelta a Espa\u00f1a"},"content":{"rendered":"<p>[analyse_image type=&#8221;featured&#8221; src=&#8221;https:\/\/cdn.mos.cms.futurecdn.net\/bxke9g2XnLi8f4L8R2Rpv7-2100-80.jpg&#8221;]<\/p>\n<article class=\"m-0 box-border flex flex-row items-center pr-2.5 gap-[15px] w-[278px] h-20 flex-none upnext-article-divider\" role=\"listitem\" aria-label=\"Recommended article 1 of 3\">\n<div class=\"relative flex-none w-20 h-20\">\n    <source type=\"image\/webp\" srcset=\"https:\/\/cdn.mos.cms.futurecdn.net\/vXx3fTTYeYfvhBsZ8FoUhF-160-80.jpg.webp 160w, https:\/\/cdn.mos.cms.futurecdn.net\/vXx3fTTYeYfvhBsZ8FoUhF-80-80.jpg.webp 80w\" sizes=\"80px\" \/><\/p>\n<div class=\"flex items-center justify-center absolute w-4 h-6 left-0 top-0 bg-white\/90 flex-none z-[1]\" aria-hidden=\"true\"><span class=\"font-normal text-base leading-[17px] tracking-[1.3px] uppercase text-black flex-none\">1<\/span><\/div>\n<\/div>\n<div class=\"flex flex-col items-center justify-center gap-1.5 w-[173px] h-20 flex-none\">\n<p class=\"font-article-heading font-medium text-base leading-[21px] text-gray-800 w-[173px] line-clamp-3 group-hover:underline\">\n                                    Tadej Poga\u010dar vs the rest \u2013 Our analysis of the top 10 contenders at the Vuelta a Espa\u00f1a\n                                <\/p>\n<\/div>\n<\/article>\n<article class=\"m-0 box-border flex flex-row items-center pr-2.5 gap-[15px] w-[278px] h-20 flex-none upnext-article-divider\" role=\"listitem\" aria-label=\"Recommended article 2 of 3\">\n<div class=\"relative flex-none w-20 h-20\">\n    <source type=\"image\/webp\" srcset=\"https:\/\/cdn.mos.cms.futurecdn.net\/diuRNAzua2qpYv8MF4xsEQ-160-80.jpg.webp 160w, https:\/\/cdn.mos.cms.futurecdn.net\/diuRNAzua2qpYv8MF4xsEQ-80-80.jpg.webp 80w\" sizes=\"80px\" \/><\/p>\n<div class=\"flex items-center justify-center absolute w-[18px] h-6 left-0 top-0 bg-white\/90 flex-none z-[1]\" aria-hidden=\"true\"><span class=\"font-normal text-base leading-[17px] tracking-[1.3px] uppercase text-black flex-none\">2<\/span><\/div>\n<\/div>\n<div class=\"flex flex-col items-center justify-center gap-1.5 w-[173px] h-20 flex-none\">\n<p class=\"font-article-heading font-medium text-base leading-[21px] text-gray-800 w-[173px] line-clamp-3 group-hover:underline\">\n                                    Where are all the Vuelta a Espa\u00f1a sprinters? They&#8217;re heading to Belgium instead\n                                <\/p>\n<\/div>\n<\/article>\n<article class=\"m-0 box-border flex flex-row items-center pr-2.5 gap-[15px] w-[278px] h-20 flex-none\" role=\"listitem\" aria-label=\"Recommended article 3 of 3\">\n<div class=\"relative flex-none w-20 h-20\">\n    <source type=\"image\/webp\" srcset=\"https:\/\/cdn.mos.cms.futurecdn.net\/xFW6ij5uHfmnQyVLammWqA-160-80.jpg.webp 160w, https:\/\/cdn.mos.cms.futurecdn.net\/xFW6ij5uHfmnQyVLammWqA-80-80.jpg.webp 80w\" sizes=\"80px\" \/><\/p>\n<div class=\"flex items-center justify-center absolute w-[18px] h-6 left-0 top-0 bg-white\/90 flex-none z-[1]\" aria-hidden=\"true\"><span class=\"font-normal text-base leading-[17px] tracking-[1.3px] uppercase text-black flex-none\">3<\/span><\/div>\n<\/div>\n<div class=\"flex flex-col items-center justify-center gap-1.5 w-[173px] h-20 flex-none\">\n<p class=\"font-article-heading font-medium text-base leading-[21px] text-gray-800 w-[173px] line-clamp-3 group-hover:underline\">\n                                    2027 transfer drama heats up as Grand Tour champion Primoz Rogli\u010d reportedly eyes switch to Lotto-Intermarch\u00e9 for next season\n                                <\/p>\n<\/div>\n<\/article>\n<article class=\"page-content-onecol flex-1\nnews-article article\n\"><\/p>\n<div class=\"widget-area-group widget-area-group-2col flex flex-wrap box-border\">\n<div id=\"widgetArea16\" class=\"widget-area basis-full md:basis-2\/3 widget-area-g-md-vp-2-3 widget-area-g-lg-vp-2-3 widget-area-g-xl-vp-2-3 page-widget-area-16\">\n<div data-widget-type=\"hero\" id=\"hero\" class=\"clear-both widget widget-hero widget-hero widget-hero-hero widget-hero widget-hero-fter-news\">\n<div class=\"news-article\">\n<header data-component-name=\"Article:Hero\">\n<nav class=\"breadcrumb\" aria-label=\"Breadcrumbs\">\n<ol>\n<li>\nPro Cycling\n<\/li>\n<li>\nTeams &amp; Riders\n<\/li>\n<li>\nMovistar Team\n<\/li>\n<li>\nNairo Quintana\n<\/li>\n<\/ol>\n<\/nav>\n<h1>No Grand Tour send-off for Nairo Quintana as veteran climber misses Movistar selection for Vuelta a Espa\u00f1a<\/h1>\n<div class=\"byline-social\">\n<div class=\"vds-byline-block flex flex-row flex-nowrap my-1.5 gap-2 text-left items-start justify-start\" data-component-name=\"Article:BylineBlock\">\n<p>News<\/p>\n<div class=\"my-auto vds-simple-byline\"><span class=\"inline-block vds-author\"><br \/>\nBy<br \/>\nDani Ostanek <\/span><\/p>\n<div class=\"flex gap-1 vds-byline-with-avatar__meta\"><span class=\"vds-date block font-normal tracking-normal normal-case text-xs\"><br \/>\nPublished<br \/>\n<time data-component-name=\"UI:DateTime\" datetime=\"2026-08-18T11:24:30Z\" class=\"relative-date\"><br \/>\n18 August 2026<br \/>\n<\/time><\/span><\/div>\n<\/div>\n<\/div>\n<p class=\"strapline\">Colombian set to retire without one last start at Spanish Grand Tour, which he won in 2014<\/p>\n<\/div>\n<aside class=\"text-gray-700 flex items-center mx-0 my-5 p-0 justify-start text-left\" id=\"affiliate-disclaimer\" data-component-name=\"AffiliateDisclaimer\" data-hawk-message=\"Affiliate disclaimer removed because hawk deemed there are no affiliate links on this page\">\n<p class=\"text-[color:var(--affiliate-disclaimer--text-color,inherit)] mb-2 text-[length:var(--affiliate-disclaimer--font-size,0.75rem)] leading-[18px] md:text-[13px] [&amp;&gt;a]:text-inherit [&amp;&gt;a]:underline\">\nWhen you purchase through links on our site, we may earn an affiliate commission. Here\u2019s how it works.\n<\/p>\n<\/aside>\n<\/header>\n<\/div>\n<\/div>\n<div data-widget-type=\"contentparsed\" id=\"content\" class=\"clear-both widget widget-contentparsed widget-content widget-contentparsed-content widget-content-parsed widget-content-parsed-content_document \">\n<div class=\"wcp-item-content\">\n<section class=\"content-wrapper\">\n<div class=\"box less-space hero-image-wrapper\">\n<figure class=\"mb-0\">\n<source type=\"image\/webp\" srcset=\"https:\/\/cdn.mos.cms.futurecdn.net\/bxke9g2XnLi8f4L8R2Rpv7-1920-80.jpg.webp 1920w, https:\/\/cdn.mos.cms.futurecdn.net\/bxke9g2XnLi8f4L8R2Rpv7-1600-80.jpg.webp 1600w, https:\/\/cdn.mos.cms.futurecdn.net\/bxke9g2XnLi8f4L8R2Rpv7-1200-80.jpg.webp 1200w, https:\/\/cdn.mos.cms.futurecdn.net\/bxke9g2XnLi8f4L8R2Rpv7-1024-80.jpg.webp 1024w, https:\/\/cdn.mos.cms.futurecdn.net\/bxke9g2XnLi8f4L8R2Rpv7-970-80.jpg.webp 970w, https:\/\/cdn.mos.cms.futurecdn.net\/bxke9g2XnLi8f4L8R2Rpv7-750-80.jpg.webp 750w, https:\/\/cdn.mos.cms.futurecdn.net\/bxke9g2XnLi8f4L8R2Rpv7-650-80.jpg.webp 650w, https:\/\/cdn.mos.cms.futurecdn.net\/bxke9g2XnLi8f4L8R2Rpv7-480-80.jpg.webp 480w, https:\/\/cdn.mos.cms.futurecdn.net\/bxke9g2XnLi8f4L8R2Rpv7-320-80.jpg.webp 320w\" sizes=\"(min-width: 1000px) 600px, 100vw\" \/><figcaption class=\"font-article-copy text-(--image--text--color) font-article-copy mt-2\"><span class=\"caption-text font-article-copy\">Nairo Quintana raced the recent Vuelta a Burgos, but he won&#8217;t be competing at the Vuelta a Espa\u00f1a<\/span><span class=\"credit font-article-copy\">(Image credit: Getty Images)<\/span><\/figcaption><\/figure>\n<\/div>\n<div data-component-name=\"Article:JumpTo\" class=\"contents\" data-only-inline=\"1\">\n<div class=\"visible flex flex-row flex-nowrap sticky max-lg:-ml-5 top-[var(--site-header-height,60px)] sm:top-0 z-[9994] w-screen lg:w-full h-[50px] bg-white p-0 mb-5 border-neutral-200 border border-solid\" data-component-name=\"Article:JumpTo:Variants:Inline\" data-analytics-id=\"sticky-nav\" id=\"sticky-nav--inline\" data-mrf-recirculation=\"sticky-nav\">\n<div class=\"flex flex-row w-full h-full overflow-x-scroll overflow-y-hidden tracking-normal overscroll-x-contain\" id=\"sticky-nav__scroll-container\"><span class=\"pl-4 my-auto text-base font-semibold font-article-heading lg:pl-3 lg:text-sm whitespace-nowrap uppercase\">Jump To:<\/span><\/p>\n<ul class=\"flex flex-row w-auto border-y-0\">\n<li class=\"inline-flex after:content-[&apos;&apos;] after:inline-block after:relative after:h-3\/6 after:w-px after:bg-neutral-200 after:top-1\/4\nborder-b-[3px] border-b-(--jumpto-underline-color) border-solid font-semibold \" data-component-name=\"Article:JumpTo:Inline:Link\">\n<p>Full line-up<\/p>\n<\/li>\n<\/ul>\n<\/div>\n<\/div>\n<\/div>\n<div id=\"article-body\" class=\"text-copy bodyCopy auto paywall-locker\">\n<div data-analytics-id=\"utility-bar\" id=\"utility-bar\" class=\"font-ui-heading flex justify-between items-center py-2 border-t border-b border-gray-300 border-solid mb-5 mx-auto\" data-component-name=\"UtilityBar\" data-mrf-recirculation=\"utility-bar\">\n<div class=\"flex gap-2 text-[#333] subcontainer\">\n<div class=\"relative tooltip-container\" role=\"tooltip\">\n<div data-component-name=\"Social:Dropdown\" role=\"menu\" id=\"utilitybar__dropdown--share\" aria-labelledby=\"utilitybar__button--share\" class=\"absolute left-0 top-full w-44 bg-white rounded-md shadow-md border border-neutral-200 z-[9996] list-none m-0 py-2 px-3 border-solid\">\n<ul class=\"m-0!\">\n<li class=\"!p-0 !m-0 list-none border-b border-gray-200 border-solid\">\n<li class=\"!p-0 !m-0 list-none border-b border-gray-200 border-solid\">\n<p>Facebook<\/p>\n<\/li>\n<li class=\"!p-0 !m-0 list-none border-b border-gray-200 border-solid\">\n<p>X<\/p>\n<\/li>\n<li class=\"!p-0 !m-0 list-none border-b border-gray-200 border-solid\">\n<p>Pinterest<\/p>\n<\/li>\n<li class=\"!p-0 !m-0 list-none border-b border-gray-200 border-solid\">\n<p>Email<\/p>\n<\/li>\n<\/ul>\n<\/div>\n<div class=\"font-ui-heading max-sm:hidden tooltip absolute left-1\/2 bg-gray-900 text-white text-xs leading-none px-3 py-1.5 rounded-md z-[10001] whitespace-nowrap\" id=\"tooltip-share-this-article\" role=\"tooltip\" aria-hidden=\"true\">\nShare this article\n<\/div>\n<\/div>\n<div class=\"relative tooltip-container\" role=\"tooltip\"><span class=\"ml-1 inline-flex h-5 px-2 shrink-0 items-center justify-center self-center overflow-hidden whitespace-nowrap rounded-[10px] bg-primary-500 text-[11px] leading-none font-ui-heading font-semibold text-white\">1<\/span><\/p>\n<div class=\"font-ui-heading max-sm:hidden tooltip absolute left-1\/2 bg-gray-900 text-white text-xs leading-none px-3 py-1.5 rounded-md z-[10001] whitespace-nowrap\" id=\"tooltip-join-the-conversation\" role=\"tooltip\" aria-hidden=\"true\">\nJoin the conversation\n<\/div>\n<\/div>\n<\/div>\n<div class=\"flex gap-2 text-[#333] subcontainer\">\n<div class=\"relative tooltip-container\" role=\"tooltip\">\n<p>Follow us<\/p>\n<div class=\"font-ui-heading max-sm:hidden tooltip absolute left-1\/2 bg-gray-900 text-white text-xs leading-none px-3 py-1.5 rounded-md z-[10001] whitespace-nowrap\" id=\"tooltip-add-us-as-a-preferred-source-on-google\" role=\"tooltip\" aria-hidden=\"true\">\nAdd us as a preferred source on Google\n<\/div>\n<\/div>\n<div class=\"relative tooltip-container\" role=\"tooltip\">\n<div class=\"font-ui-heading max-sm:hidden tooltip absolute left-1\/2 bg-gray-900 text-white text-xs leading-none px-3 py-1.5 rounded-md z-[10001] whitespace-nowrap\" id=\"tooltip-subscribe-to-our-newsletter\" role=\"tooltip\" aria-hidden=\"true\">\nSubscribe to our newsletter\n<\/div>\n<\/div>\n<\/div>\n<\/div>\n<p id=\"elk-d0bd9c60-9af5-11f1-9fde-8f81dbc2228f\">There&#8217;ll be no Grand Tour grand finale for the retiring Nairo Quintana this month after the Colombian was surprisingly left out of Movistar&#8217;s selection for the Vuelta a Espa\u00f1a.<\/p>\n<p>Quintana, 36, is racing the final season of his career this year, with 51 race days and eight stage races under his belt to date. He won&#8217;t bow out with a Grand Tour, however, after racing to a solid 18th place at the recent Vuelta a Burgos.<\/p>\n<p id=\"elk-d0bd9c60-9af5-11f1-9fde-8f81dbc2228f-2\" aria-hidden=\"true\" class=\"kiosq-b\">Movistar have instead named an eight-man selection headed up by 23-year-old Cian Uijtdebroeks and 31-year-old Enric Mas.<\/p>\n<div class=\"my-6 w-full overflow-hidden rounded-[10px] lg:my-8\" data-component-name=\"JwPlayer:Carousel\" data-jwp-carousel data-jwp-carousel-payload=\"{&quot;ids&quot;:{&quot;playerID&quot;:&quot;jYDCcabO&quot;,&quot;searchPlaylistID&quot;:&quot;gwjdoYHD&quot;,&quot;divID&quot;:&quot;botr_gwjdoYHD_jYDCcabO_div&quot;,&quot;fallbackPlaylistID&quot;:&quot;gwjdoYHD&quot;,&quot;fallbackDivID&quot;:&quot;botr_gwjdoYHD_jYDCcabO_div&quot;,&quot;key&quot;:&quot;X9\/mXVGac0NphghLH9hZaqWA5d3dhAM\/Ih07grnEyMLjuO2E&quot;,&quot;tintLogo&quot;:true,&quot;useSearchPlaylist&quot;:false,&quot;enabled&quot;:true},&quot;signPostingEnabled&quot;:true,&quot;signPostingLinkEnabled&quot;:true,&quot;waitForAdLoad&quot;:false,&quot;hidePlayerOnDesktop&quot;:false,&quot;hidePlayerOnMobile&quot;:false,&quot;hidePlayerOnTablet&quot;:false}\">\n<div class=\"flex flex-nowrap items-center justify-between gap-3 bg-zinc-900 px-[14px] py-3\" data-jwp-carousel-header>\n<div class=\"flex min-w-0 shrink items-center\"><span class=\"inline-flex items-center gap-1.5 text-sm font-article-heading capitalize leading-5 text-white whitespace-nowrap\"><span class=\"jwp-carousel-title-desktop\">Latest Videos From<\/span><span class=\"jwp-carousel-brand\">Cyclingnews<\/span><\/span><\/div>\n<\/div>\n<div class=\"min-h-[44px] bg-zinc-900 px-[14px] py-3\" data-jwp-carousel-signposting><a class=\"invisible block truncate text-sm font-bold leading-5 text-white underline decoration-solid underline-offset-2\" data-jwp-carousel-signposting-link href target=\"_blank\" rel=\"noopener noreferrer\"><span data-jwp-carousel-signposting-title>Watch full video here: <\/span><\/a><\/div>\n<\/div>\n<div class=\"fancy-box kiosq-b\" id=\"elk-53e0f73a-9af7-11f1-8479-71c9179e133e\" aria-hidden=\"true\">\n<div class=\"fancy_box-title\">More on Vuelta<\/div>\n<div class=\"fancy_box_body\">\n<ul>\n<li><strong>Tadej Poga\u010dar vs the rest \u2013 Our analysis of the top 10 contenders at the Vuelta a Espa\u00f1a<\/strong><\/li>\n<\/ul>\n<\/div>\n<\/div>\n<p id=\"elk-53e0f7d0-9af7-11f1-b4db-edc8dc68bc98\" aria-hidden=\"true\" class=\"kiosq-b\">Earlier this week, Spanish sports paper <em>AS<\/em> reported that Movistar would not be selecting the Colombian veteran, noting that general manager Eusebio Unzu\u00e9 made the final decision.<\/p>\n<p aria-hidden=\"true\" class=\"kiosq-b\"><em>AS<\/em> journalist Dani Miranda reported that the final spot would instead be filled by Venezuelan sprinter Orluis Aular, who earlier this year picked up a second place on stage 4 of the Giro d&#8217;Italia.<\/p>\n<aside data-component-name=\"Recirculation:ArticleRiver\" data-recirculation-type=\"inline\" data-mrf-recirculation=\"Trending Bar\" data-nosnippet class=\"clear-both pt-2 pb-0 mb-4\"><span class=\"\n            flex\n            after:content-[&apos;&apos;] after:flex-1 after:ml-4 after:my-[0.7rem] after:border-t after:border-solid after:border-t-[#ccc]\n            before:content-[&apos;&apos;] before:flex-1 before:mr-4 before:my-[0.7rem] before:border-t before:border-solid before:border-t-[#ccc]\n            font-article-heading pb-0 text-[length:var(--article-river-title--font-size,1em)] uppercase sm:text-[length:var(--article-river-title--font-size,0.875em)] font-bold\n        \"><br \/>\n            You may like<br \/>\n        <\/span><\/p>\n<ul class=\"flex flex-col gap-0 m-0 max-w-full\">\n<li class=\"m-0 list-none border-b border-solid border-[#ededed] py-2\" data-recirculation-id=\"recirculation-card-1\" id=\"recirculation-inline-1\" data-analytics-id=\"recirculation-inline-1\" data-mrf-recirculation=\"recirculation-inline-1\">\n    <source type=\"image\/webp\" srcset=\"https:\/\/cdn.mos.cms.futurecdn.net\/vXx3fTTYeYfvhBsZ8FoUhF-250-80.jpg.webp 250w, https:\/\/cdn.mos.cms.futurecdn.net\/vXx3fTTYeYfvhBsZ8FoUhF-150-80.jpg.webp 150w\" sizes=\"150px\" \/><span class=\"w-full text-base font-[var(--article-river-item--font-weight,500)] font-article-heading line-clamp-3 md:line-clamp-2\">Tadej Poga\u010dar vs the rest \u2013 Our analysis of the top 10 contenders at the Vuelta a Espa\u00f1a<\/span><\/li>\n<li class=\"m-0 list-none border-b border-solid border-[#ededed] py-2\" data-recirculation-id=\"recirculation-card-2\" id=\"recirculation-inline-2\" data-analytics-id=\"recirculation-inline-2\" data-mrf-recirculation=\"recirculation-inline-2\">\n    <source type=\"image\/webp\" srcset=\"https:\/\/cdn.mos.cms.futurecdn.net\/SUrbJubD6PjiiJxNkSg4eS-250-80.jpg.webp 250w, https:\/\/cdn.mos.cms.futurecdn.net\/SUrbJubD6PjiiJxNkSg4eS-150-80.jpg.webp 150w\" sizes=\"150px\" \/><span class=\"w-full text-base font-[var(--article-river-item--font-weight,500)] font-article-heading line-clamp-3 md:line-clamp-2\">\u2018At one point you have to say stop\u2019 \u2013 Damiano Caruso hopes for a final Tour de France ride as he confirms plans to retire this year<\/span><\/li>\n<li class=\"m-0 list-none border-b border-solid border-[#ccc] py-2\" data-recirculation-id=\"recirculation-card-3\" id=\"recirculation-inline-3\" data-analytics-id=\"recirculation-inline-3\" data-mrf-recirculation=\"recirculation-inline-3\">\n    <source type=\"image\/webp\" srcset=\"https:\/\/cdn.mos.cms.futurecdn.net\/FybojdVd79PonXnxEokDBP-250-80.jpg.webp 250w, https:\/\/cdn.mos.cms.futurecdn.net\/FybojdVd79PonXnxEokDBP-150-80.jpg.webp 150w\" sizes=\"150px\" \/><span class=\"w-full text-base font-[var(--article-river-item--font-weight,500)] font-article-heading line-clamp-3 md:line-clamp-2\">&#8216;There&#8217;s no time for nostalgia&#8217;  &#8211; Increasingly fraught fight for last-chance breaks in Tour de France keep 2026 retiree Ion Izagirre focused on race<\/span><\/li>\n<\/ul>\n<\/aside>\n<p aria-hidden=\"true\" class=\"kiosq-b\">Neither the team nor Quintana have yet commented on his exclusion.<\/p>\n<p aria-hidden=\"true\" class=\"kiosq-b\">Quintana had planned for the Vuelta a Espa\u00f1a to be his professional cycling send-off, and <em>AS<\/em> reported that he embarked on a 10-day training camp ahead of the race. With no Vuelta on his schedule for the end of the season \u2013 barring any last-minute drop-outs \u2013 Quintana could instead look to call time on his career with a ride at the Road World Championships in Montreal, Canada.<\/p>\n<div id=\"slice-container-newsletterForm-articleInbodyContent-39tuLJa6uDqTrX8ugUzy9f\" class=\"slice-container newsletter-inbodyContent-slice newsletterForm-articleInbodyContent-39tuLJa6uDqTrX8ugUzy9f slice-container-newsletterForm\">\n<div data-hydrate=\"true\" class=\"newsletter-form__wrapper newsletter-form__wrapper--inbodyContent\">\n<div class=\"newsletter-form__container\">\n<section class=\"newsletter-form__top-bar\">\n<div class=\"newsletter-form__header\">Get The Leadout Newsletter<\/div>\n<\/section>\n<section class=\"newsletter-form__main-section\">\n<p class=\"newsletter-form__strapline\">The latest race content, interviews, features, reviews and expert buying guides, direct to your inbox!<\/p>\n<footer class=\"newsletter-form__footer \">By submitting your information you agree to the Terms &amp; Conditions and Privacy Policy and are aged 16 or over.<\/footer>\n<\/section>\n<\/div>\n<\/div>\n<\/div>\n<p aria-hidden=\"true\" class=\"kiosq-b\">He announced his retirement back in March and has since picked up what look to be the final victories of a storied career which has included Grand Tour triumphs at the 2014 Giro d&#8217;Italia and 2016 Vuelta a Espa\u00f1a. In April, he won a stage and the overall at the Vuelta Asturias, dedicated his win to compatriot Cristian Camilo Mu\u00f1oz, who died earlier in the week.<\/p>\n<p aria-hidden=\"true\" class=\"kiosq-b\">With no Quintana on the Movistar roster in Spain, the team will instead look to Uijtdebroeks and Mas. Iv\u00e1n Romeo, fourth at the Tour de Pologne, Ra\u00fal Garc\u00eda Pierna, in the break eight times at the Tour de France, and Pablo Castrillo, twice a stage winner at the 2024 Vuelta, will provide key support. Aular, Carlos Canal, and 34-year-old road captain Jorge Arcas round out the selection.<\/p>\n<p aria-hidden=\"true\" class=\"kiosq-b\">Belgian racer Uijtdebroeks will be starting his second Grand Tour of the year after falling ill and abandoning during the first week of the Tour de France. The former Tour de l&#8217;Avenir winner has yet to replicate his breakthrough eighth place at the 2023 Vuelta, and Movistar&#8217;s hopes will be high for another top placing.<\/p>\n<p aria-hidden=\"true\" class=\"kiosq-b\">Mas, meanwhile, has been there and done that at Spain&#8217;s biggest race. He has finished on the podium there on four occasions, including three runner-up spots. Fifth place at the recent Vuelta a Burgos suggests he&#8217;s in good form, though with Tadej Poga\u010dar on the start list, a second overall, another second place looks to be the height of his ambitions.<\/p>\n<h3 class=\"article-body__section kiosq-b\" id=\"section-movistar-for-the-2026-vuelta-a-espana\" aria-hidden=\"true\"><span>Movistar for the 2026 Vuelta a Espa\u00f1a <\/span><\/h3>\n<ul id=\"elk-53e0f8a2-9af7-11f1-90bc-b53f37849493\" aria-hidden=\"true\" class=\"kiosq-b\">\n<li>Enric Mas<\/li>\n<li>Cian Uijtdebroeks<\/li>\n<li>Orluis Aular<\/li>\n<li>Iv\u00e1n Romeo<\/li>\n<li>Carlos Canal<\/li>\n<li>Jorge Arcas<\/li>\n<li>Ra\u00fal Garc\u00eda Pierna<\/li>\n<li>Pablo Castrillo<\/li>\n<\/ul>\n<p id=\"elk-d79e6906-9af5-11f1-a345-b10c220cb260\" aria-hidden=\"true\" class=\"kiosq-b\"><em><strong>For unbeatable coverage across road, gravel and tech, subscribe to Cyclingnews. You&#8217;ll get comprehensive race coverage of La Vuelta a Espa\u00f1a, subscriber-exclusive analysis from our expert columnists, in-depth features and industry-leading tech insight. Plus, the Cyclingnews app lets you follow the action wherever you go! <\/strong><\/em><u><em><strong>Join today.<\/strong><\/em><\/u><\/p>\n<\/div>\n<div class=\"block mb-5\" id=\"articleTag\" data-component-name=\"PostArticleLinks\" data-nosnippet data-mrf-recirculation=\"post-article-links\">\n<div class=\"border-b border-b-black border-solid py-2.5 text-black font-bold uppercase\">TOPICS<\/div>\n<nav class=\"py-2.5 flex gap-2.5 flex-wrap\" data-analytics-id=\"article-tag\" data-mrf-recirculation=\"article-tag\">\n<p>Road<\/p>\n<\/nav>\n<\/div>\n<div id=\"slice-container-authorBio-39tuLJa6uDqTrX8ugUzy9f\" class=\"slice-container slice-author-bio authorBio-39tuLJa6uDqTrX8ugUzy9f slice-container-authorBio\">\n<div class=\"author author__default-layout author--separator author--collapsible\" data-hydrate=\"true\">\n<div class=\"author__header\">\n<div class=\"author__avatar-block\">\n<figure class=\"image-wrapped__wrapper\" data-bordeaux-image-check=\"false\">\n<div class=\"image-wrapped__widthsetter\">\n<div class=\"image-wrapped__aspect-padding\">\n<div><source class=\"author__avatar image-wrapped__image image__image\" type=\"image\/webp\" srcset=\"https:\/\/cdn.mos.cms.futurecdn.net\/sZZXd8K4JqxjkRK7teBMFc-140-80.jpg.webp 140w\" sizes=\"99vw\" data-normal=\"https:\/\/cdn.mos.cms.futurecdn.net\/sZZXd8K4JqxjkRK7teBMFc.jpg\" data-original-mos=\"https:\/\/cdn.mos.cms.futurecdn.net\/sZZXd8K4JqxjkRK7teBMFc.jpg\" data-pin-media=\"https:\/\/cdn.mos.cms.futurecdn.net\/sZZXd8K4JqxjkRK7teBMFc.jpg\" data-pin-nopin=\"true\" data-slice-image=\"true\" \/><\/div>\n<\/div>\n<\/div>\n<\/figure>\n<\/div>\n<div class=\"author__heading\">\n<div class=\"author__name\">Dani Ostanek<\/div>\n<div class=\"author__social\">\n<nav class=\"button-social-group author__social-buttons\" aria-labelledby=\"button-social-group- author__social-buttons\">\n<div id=\"button-social-group- author__social-buttons\">Social Links Navigation<\/div>\n<\/nav>\n<\/div>\n<div class=\"author__role\">Senior News Writer<\/div>\n<\/div>\n<\/div>\n<div class=\"author__bio-wrapper\">\n<div class=\"author__biography\">\n<p>Dani Ostanek is Senior News Writer at Cyclingnews, having joined in 2017 as a freelance contributor, later being hired full-time. Her favourite races include the Tour de France Femmes, Paris-Roubaix, Tro-Bro L\u00e9on, and cycling&#8217;s fourth Grand Tour, the Volta a Portugal.<\/p>\n<\/div>\n<\/div>\n<\/div>\n<\/div>\n<\/section>\n<div class=\"relative max-w-[1070px] viafoura-twig-component mt-6 mx-4 lg:mx-0\" data-component-name=\"Viafoura:Comments\" data-nosnippet data-community-guidelines-text=\"&lt;p class=&apos;vfcustom-community-guidelines&apos;&gt;Please follow our &lt;a href=&quot;https:\/\/www.cyclingnews.com\/about\/#section-community-guidelines&quot; target=&quot;_blank&quot;&gt;community guidelines&lt;\/a&gt;.&lt;\/p&gt;\" data-join-the-conversation-text=\"Join the Conversation\">\n<div class=\"absolute top-0 left-0 w-full h-full flex items-center justify-center z-50 bg-white\/90 border-1 rounded-b-[var(--comment-widget-border-radius,0)]\">\n<div class=\"p-2 text-center\">\n<p class=\"mb-3 text-lg!\">You must confirm your public display name before commenting<\/p>\n<p class=\"mb-3 text-sm!\">Please logout and then login again, you will then be prompted to enter your display name.<\/p>\n<\/div>\n<\/div>\n<\/div>\n<section class=\"mx-2 my-5 sm:mx-0\">\n<aside class=\"w-full\" data-nosnippet data-mrf-recirculation=\"article-river-stacked\">\n<div data-recirc-id=\"article-river-stacked-adviser:hybrid\">\n<div class=\"text-white py-4 px-3 mb-4 bg-[#333] uppercase font-bold custom-header-styles\">Read more<\/div>\n<div class=\"grid grid-cols-1 gap-4 mt-4 mb-5\">\n<div>\n<div class=\"aspect-[var(--img-listing-aspect-ratio,16\/9)] relative mb-3.5\">\n    <source type=\"image\/webp\" srcset=\"https:\/\/cdn.mos.cms.futurecdn.net\/vXx3fTTYeYfvhBsZ8FoUhF-840-80.jpg.webp 840w, https:\/\/cdn.mos.cms.futurecdn.net\/vXx3fTTYeYfvhBsZ8FoUhF-650-80.jpg.webp 650w, https:\/\/cdn.mos.cms.futurecdn.net\/vXx3fTTYeYfvhBsZ8FoUhF-500-80.jpg.webp 500w, https:\/\/cdn.mos.cms.futurecdn.net\/vXx3fTTYeYfvhBsZ8FoUhF-450-80.jpg.webp 450w, https:\/\/cdn.mos.cms.futurecdn.net\/vXx3fTTYeYfvhBsZ8FoUhF-320-80.jpg.webp 320w\" sizes=\"(min-width: 900px) 925px, (min-width: 700px) 450px, calc(100vw - 48px)\" \/><\/div>\n<p><span class=\"custom-subheading-styles\">Racing<\/span><span class=\"text-base text-black font-bold mx-0 my-2.5 p-0 block custom-text-styles\">Tadej Poga\u010dar vs the rest \u2013 Our analysis of the top 10 contenders at the Vuelta a Espa\u00f1a<\/span><\/div>\n<div class=\"relative recirc-feed sponsored-card min-h-[250px]\" data-recirc-id=\"article-river-stacked-ads:native-cards\" data-mrf-recirculation=\"article-river-ads\" data-nosnippet data-ad-slot-path=\"feed-sponsored-post\" data-attribute-device=\"all\">\n<div class=\"max-w-full sponsored-post--placeholder animate-pulse\">\n<div class=\"relative!\"><span class=\"text-base text-black font-bold mx-0 my-2.5 p-0 block bg-gray-100\">\u00a0<br \/>\u00a0<\/span><\/div>\n<\/div>\n<\/div>\n<div>\n<div class=\"aspect-[var(--img-listing-aspect-ratio,16\/9)] relative mb-3.5\">\n    <source type=\"image\/webp\" srcset=\"https:\/\/cdn.mos.cms.futurecdn.net\/SUrbJubD6PjiiJxNkSg4eS-840-80.jpg.webp 840w, https:\/\/cdn.mos.cms.futurecdn.net\/SUrbJubD6PjiiJxNkSg4eS-650-80.jpg.webp 650w, https:\/\/cdn.mos.cms.futurecdn.net\/SUrbJubD6PjiiJxNkSg4eS-500-80.jpg.webp 500w, https:\/\/cdn.mos.cms.futurecdn.net\/SUrbJubD6PjiiJxNkSg4eS-450-80.jpg.webp 450w, https:\/\/cdn.mos.cms.futurecdn.net\/SUrbJubD6PjiiJxNkSg4eS-320-80.jpg.webp 320w\" sizes=\"(min-width: 900px) 925px, (min-width: 700px) 450px, calc(100vw - 48px)\" \/><\/div>\n<p><span class=\"custom-subheading-styles\">Teams &amp; Riders<\/span><span class=\"text-base text-black font-bold mx-0 my-2.5 p-0 block custom-text-styles\">\u2018At one point you have to say stop\u2019 \u2013 Damiano Caruso hopes for a final Tour de France ride as he confirms plans to retire this year<\/span><\/div>\n<div class=\"relative recirc-feed sponsored-card min-h-[250px]\" data-recirc-id=\"article-river-stacked-ads:native-cards\" data-mrf-recirculation=\"article-river-ads\" data-nosnippet data-ad-slot-path=\"feed-sponsored-post\" data-attribute-device=\"all\">\n<div class=\"max-w-full sponsored-post--placeholder animate-pulse\">\n<div class=\"relative!\"><span class=\"text-base text-black font-bold mx-0 my-2.5 p-0 block bg-gray-100\">\u00a0<br \/>\u00a0<\/span><\/div>\n<\/div>\n<\/div>\n<div>\n<div class=\"aspect-[var(--img-listing-aspect-ratio,16\/9)] relative mb-3.5\">\n    <source type=\"image\/webp\" srcset=\"https:\/\/cdn.mos.cms.futurecdn.net\/FybojdVd79PonXnxEokDBP-840-80.jpg.webp 840w, https:\/\/cdn.mos.cms.futurecdn.net\/FybojdVd79PonXnxEokDBP-650-80.jpg.webp 650w, https:\/\/cdn.mos.cms.futurecdn.net\/FybojdVd79PonXnxEokDBP-500-80.jpg.webp 500w, https:\/\/cdn.mos.cms.futurecdn.net\/FybojdVd79PonXnxEokDBP-450-80.jpg.webp 450w, https:\/\/cdn.mos.cms.futurecdn.net\/FybojdVd79PonXnxEokDBP-320-80.jpg.webp 320w\" sizes=\"(min-width: 900px) 925px, (min-width: 700px) 450px, calc(100vw - 48px)\" \/><\/div>\n<p><span class=\"custom-subheading-styles\">Teams &amp; Riders<\/span><span class=\"text-base text-black font-bold mx-0 my-2.5 p-0 block custom-text-styles\">&#8216;There&#8217;s no time for nostalgia&#8217;  &#8211; Increasingly fraught fight for last-chance breaks in Tour de France keep 2026 retiree Ion Izagirre focused on race<\/span><\/div>\n<div class=\"relative recirc-feed sponsored-card min-h-[250px]\" data-recirc-id=\"article-river-stacked-ads:native-cards\" data-mrf-recirculation=\"article-river-ads\" data-nosnippet data-ad-slot-path=\"feed-sponsored-post\" data-attribute-device=\"all\">\n<div class=\"max-w-full sponsored-post--placeholder animate-pulse\">\n<div class=\"relative!\"><span class=\"text-base text-black font-bold mx-0 my-2.5 p-0 block bg-gray-100\">\u00a0<br \/>\u00a0<\/span><\/div>\n<\/div>\n<\/div>\n<div>\n<div class=\"aspect-[var(--img-listing-aspect-ratio,16\/9)] relative mb-3.5\">\n    <source type=\"image\/webp\" srcset=\"https:\/\/cdn.mos.cms.futurecdn.net\/uxQp5fRzS4VxGsyfPN95CJ-840-80.png.webp 840w, https:\/\/cdn.mos.cms.futurecdn.net\/uxQp5fRzS4VxGsyfPN95CJ-650-80.png.webp 650w, https:\/\/cdn.mos.cms.futurecdn.net\/uxQp5fRzS4VxGsyfPN95CJ-500-80.png.webp 500w, https:\/\/cdn.mos.cms.futurecdn.net\/uxQp5fRzS4VxGsyfPN95CJ-450-80.png.webp 450w, https:\/\/cdn.mos.cms.futurecdn.net\/uxQp5fRzS4VxGsyfPN95CJ-320-80.png.webp 320w\" sizes=\"(min-width: 900px) 925px, (min-width: 700px) 450px, calc(100vw - 48px)\" \/><\/div>\n<p><span class=\"custom-subheading-styles\">Teams &amp; Riders<\/span><span class=\"text-base text-black font-bold mx-0 my-2.5 p-0 block custom-text-styles\">Tadej Poga\u010dar confirmed for first return to Vuelta a Espa\u00f1a since 2019 Grand Tour debut<\/span><\/div>\n<div class=\"relative recirc-feed sponsored-card min-h-[250px]\" data-recirc-id=\"article-river-stacked-ads:native-cards\" data-mrf-recirculation=\"article-river-ads\" data-nosnippet data-ad-slot-path=\"feed-sponsored-post\" data-attribute-device=\"all\">\n<div class=\"max-w-full sponsored-post--placeholder animate-pulse\">\n<div class=\"relative!\"><span class=\"text-base text-black font-bold mx-0 my-2.5 p-0 block bg-gray-100\">\u00a0<br \/>\u00a0<\/span><\/div>\n<\/div>\n<\/div>\n<div>\n<div class=\"aspect-[var(--img-listing-aspect-ratio,16\/9)] relative mb-3.5\">\n    <source type=\"image\/webp\" srcset=\"https:\/\/cdn.mos.cms.futurecdn.net\/HugKUeN5YEuJpC3Be2ZtWS-840-80.jpg.webp 840w, https:\/\/cdn.mos.cms.futurecdn.net\/HugKUeN5YEuJpC3Be2ZtWS-650-80.jpg.webp 650w, https:\/\/cdn.mos.cms.futurecdn.net\/HugKUeN5YEuJpC3Be2ZtWS-500-80.jpg.webp 500w, https:\/\/cdn.mos.cms.futurecdn.net\/HugKUeN5YEuJpC3Be2ZtWS-450-80.jpg.webp 450w, https:\/\/cdn.mos.cms.futurecdn.net\/HugKUeN5YEuJpC3Be2ZtWS-320-80.jpg.webp 320w\" sizes=\"(min-width: 900px) 925px, (min-width: 700px) 450px, calc(100vw - 48px)\" \/><\/div>\n<p><span class=\"custom-subheading-styles\">Racing<\/span><span class=\"text-base text-black font-bold mx-0 my-2.5 p-0 block custom-text-styles\">Juan Ayuso focuses on Canadian Classics, World Championships and Monument debut at Il Lombardia for second half of season<\/span><\/div>\n<div class=\"relative recirc-feed sponsored-card min-h-[250px]\" data-recirc-id=\"article-river-stacked-ads:native-cards\" data-mrf-recirculation=\"article-river-ads\" data-nosnippet data-ad-slot-path=\"feed-sponsored-post\" data-attribute-device=\"all\">\n<div class=\"max-w-full sponsored-post--placeholder animate-pulse\">\n<div class=\"relative!\"><span class=\"text-base text-black font-bold mx-0 my-2.5 p-0 block bg-gray-100\">\u00a0<br \/>\u00a0<\/span><\/div>\n<\/div>\n<\/div>\n<div>\n<div class=\"aspect-[var(--img-listing-aspect-ratio,16\/9)] relative mb-3.5\">\n    <source type=\"image\/webp\" srcset=\"https:\/\/cdn.mos.cms.futurecdn.net\/qLjJggdWtbVNX4qHkQR7Ka-840-80.jpg.webp 840w, https:\/\/cdn.mos.cms.futurecdn.net\/qLjJggdWtbVNX4qHkQR7Ka-650-80.jpg.webp 650w, https:\/\/cdn.mos.cms.futurecdn.net\/qLjJggdWtbVNX4qHkQR7Ka-500-80.jpg.webp 500w, https:\/\/cdn.mos.cms.futurecdn.net\/qLjJggdWtbVNX4qHkQR7Ka-450-80.jpg.webp 450w, https:\/\/cdn.mos.cms.futurecdn.net\/qLjJggdWtbVNX4qHkQR7Ka-320-80.jpg.webp 320w\" sizes=\"(min-width: 900px) 925px, (min-width: 700px) 450px, calc(100vw - 48px)\" \/><\/div>\n<p><span class=\"custom-subheading-styles\">Pro Cycling<\/span><span class=\"text-base text-black font-bold mx-0 my-2.5 p-0 block custom-text-styles\">&#8216;A bit of a surprise&#8217; \u2013 Egan Bernal sidetracked from Vuelta a Espa\u00f1a build-up with late Tour de France selection<\/span><\/div>\n<div class=\"relative recirc-feed sponsored-card min-h-[250px]\" data-recirc-id=\"article-river-stacked-ads:native-cards\" data-mrf-recirculation=\"article-river-ads\" data-nosnippet data-ad-slot-path=\"feed-sponsored-post\" data-attribute-device=\"all\">\n<div class=\"max-w-full sponsored-post--placeholder animate-pulse\">\n<div class=\"relative!\"><span class=\"text-base text-black font-bold mx-0 my-2.5 p-0 block bg-gray-100\">\u00a0<br \/>\u00a0<\/span><\/div>\n<\/div>\n<\/div>\n<\/div>\n<\/div>\n<\/aside>\n<aside class=\"w-full\" data-nosnippet data-mrf-recirculation=\"article-river-stacked\">\n<div data-recirc-id=\"article-river-stacked-solr:latest-category\">\n<div class=\"text-white py-4 px-3 mb-4 bg-[#333] uppercase font-bold custom-header-styles\">Latest in Teams &amp; Riders<\/div>\n<div class=\"grid grid-cols-1 gap-4 mt-4 mb-5\">\n<div>\n<div class=\"aspect-[var(--img-listing-aspect-ratio,16\/9)] relative mb-3.5\">\n    <source type=\"image\/webp\" srcset=\"https:\/\/cdn.mos.cms.futurecdn.net\/HghRJP9JjYvNXgXBVhkq6h-840-80.jpg.webp 840w, https:\/\/cdn.mos.cms.futurecdn.net\/HghRJP9JjYvNXgXBVhkq6h-650-80.jpg.webp 650w, https:\/\/cdn.mos.cms.futurecdn.net\/HghRJP9JjYvNXgXBVhkq6h-500-80.jpg.webp 500w, https:\/\/cdn.mos.cms.futurecdn.net\/HghRJP9JjYvNXgXBVhkq6h-450-80.jpg.webp 450w, https:\/\/cdn.mos.cms.futurecdn.net\/HghRJP9JjYvNXgXBVhkq6h-320-80.jpg.webp 320w\" sizes=\"(min-width: 900px) 925px, (min-width: 700px) 450px, calc(100vw - 48px)\" \/><\/div>\n<p><span class=\"custom-subheading-styles\">Teams &amp; Riders<\/span><span class=\"text-base text-black font-bold mx-0 my-2.5 p-0 block custom-text-styles\">Bob Jungels calls time on 15-year professional cycling career to take on new business venture<\/span><\/div>\n<div class=\"relative recirc-feed sponsored-card min-h-[250px]\" data-recirc-id=\"article-river-stacked-ads:native-cards\" data-mrf-recirculation=\"article-river-ads\" data-nosnippet data-ad-slot-path=\"feed-sponsored-post\" data-attribute-device=\"all\">\n<div class=\"max-w-full sponsored-post--placeholder animate-pulse\">\n<div class=\"relative!\"><span class=\"text-base text-black font-bold mx-0 my-2.5 p-0 block bg-gray-100\">\u00a0<br \/>\u00a0<\/span><\/div>\n<\/div>\n<\/div>\n<div>\n<div class=\"aspect-[var(--img-listing-aspect-ratio,16\/9)] relative mb-3.5\">\n    <source type=\"image\/webp\" srcset=\"https:\/\/cdn.mos.cms.futurecdn.net\/QL4TfcDkAYHJLFp34Pqnma-840-80.jpg.webp 840w, https:\/\/cdn.mos.cms.futurecdn.net\/QL4TfcDkAYHJLFp34Pqnma-650-80.jpg.webp 650w, https:\/\/cdn.mos.cms.futurecdn.net\/QL4TfcDkAYHJLFp34Pqnma-500-80.jpg.webp 500w, https:\/\/cdn.mos.cms.futurecdn.net\/QL4TfcDkAYHJLFp34Pqnma-450-80.jpg.webp 450w, https:\/\/cdn.mos.cms.futurecdn.net\/QL4TfcDkAYHJLFp34Pqnma-320-80.jpg.webp 320w\" sizes=\"(min-width: 900px) 925px, (min-width: 700px) 450px, calc(100vw - 48px)\" \/><\/div>\n<p><span class=\"custom-subheading-styles\">Teams &amp; Riders<\/span><span class=\"text-base text-black font-bold mx-0 my-2.5 p-0 block custom-text-styles\">&#8216;I think my season&#8217;s over&#8217; &#8211; Lucas Bourgoyne misses momentum at American Criterium Cup with appendectomy<\/span><\/div>\n<div class=\"relative recirc-feed sponsored-card min-h-[250px]\" data-recirc-id=\"article-river-stacked-ads:native-cards\" data-mrf-recirculation=\"article-river-ads\" data-nosnippet data-ad-slot-path=\"feed-sponsored-post\" data-attribute-device=\"all\">\n<div class=\"max-w-full sponsored-post--placeholder animate-pulse\">\n<div class=\"relative!\"><span class=\"text-base text-black font-bold mx-0 my-2.5 p-0 block bg-gray-100\">\u00a0<br \/>\u00a0<\/span><\/div>\n<\/div>\n<\/div>\n<div>\n<div class=\"aspect-[var(--img-listing-aspect-ratio,16\/9)] relative mb-3.5\">\n    <source type=\"image\/webp\" srcset=\"https:\/\/cdn.mos.cms.futurecdn.net\/ZWLJj9gfmCjg62TMpCFt2d-840-80.jpg.webp 840w, https:\/\/cdn.mos.cms.futurecdn.net\/ZWLJj9gfmCjg62TMpCFt2d-650-80.jpg.webp 650w, https:\/\/cdn.mos.cms.futurecdn.net\/ZWLJj9gfmCjg62TMpCFt2d-500-80.jpg.webp 500w, https:\/\/cdn.mos.cms.futurecdn.net\/ZWLJj9gfmCjg62TMpCFt2d-450-80.jpg.webp 450w, https:\/\/cdn.mos.cms.futurecdn.net\/ZWLJj9gfmCjg62TMpCFt2d-320-80.jpg.webp 320w\" sizes=\"(min-width: 900px) 925px, (min-width: 700px) 450px, calc(100vw - 48px)\" \/><\/div>\n<p><span class=\"custom-subheading-styles\">Teams &amp; Riders<\/span><span class=\"text-base text-black font-bold mx-0 my-2.5 p-0 block custom-text-styles\">Quinn Simmons, Luke Lamperti, Maggie Coles-Lyster and Kristen Faulkner among WorldTour riders confirmed for Philadelphia Cycling Classic<\/span><\/div>\n<div class=\"relative recirc-feed sponsored-card min-h-[250px]\" data-recirc-id=\"article-river-stacked-ads:native-cards\" data-mrf-recirculation=\"article-river-ads\" data-nosnippet data-ad-slot-path=\"feed-sponsored-post\" data-attribute-device=\"all\">\n<div class=\"max-w-full sponsored-post--placeholder animate-pulse\">\n<div class=\"relative!\"><span class=\"text-base text-black font-bold mx-0 my-2.5 p-0 block bg-gray-100\">\u00a0<br \/>\u00a0<\/span><\/div>\n<\/div>\n<\/div>\n<div>\n<div class=\"aspect-[var(--img-listing-aspect-ratio,16\/9)] relative mb-3.5\">\n    <source type=\"image\/webp\" srcset=\"https:\/\/cdn.mos.cms.futurecdn.net\/mekquUgc6QK5c55XaBzarY-840-80.jpg.webp 840w, https:\/\/cdn.mos.cms.futurecdn.net\/mekquUgc6QK5c55XaBzarY-650-80.jpg.webp 650w, https:\/\/cdn.mos.cms.futurecdn.net\/mekquUgc6QK5c55XaBzarY-500-80.jpg.webp 500w, https:\/\/cdn.mos.cms.futurecdn.net\/mekquUgc6QK5c55XaBzarY-450-80.jpg.webp 450w, https:\/\/cdn.mos.cms.futurecdn.net\/mekquUgc6QK5c55XaBzarY-320-80.jpg.webp 320w\" sizes=\"(min-width: 900px) 925px, (min-width: 700px) 450px, calc(100vw - 48px)\" \/><\/div>\n<p><span class=\"custom-subheading-styles\">Teams &amp; Riders<\/span><span class=\"text-base text-black font-bold mx-0 my-2.5 p-0 block custom-text-styles\">&#8216;We have to be realistic&#8217; \u2013 Red Bull-Bora-Hansgrohe focus on Vuelta a Espa\u00f1a stage wins, Primo\u017e Rogli\u010d\u2019s form will be &#8216;assessed progressively&#8217;<\/span><\/div>\n<div class=\"relative recirc-feed sponsored-card min-h-[250px]\" data-recirc-id=\"article-river-stacked-ads:native-cards\" data-mrf-recirculation=\"article-river-ads\" data-nosnippet data-ad-slot-path=\"feed-sponsored-post\" data-attribute-device=\"all\">\n<div class=\"max-w-full sponsored-post--placeholder animate-pulse\">\n<div class=\"relative!\"><span class=\"text-base text-black font-bold mx-0 my-2.5 p-0 block bg-gray-100\">\u00a0<br \/>\u00a0<\/span><\/div>\n<\/div>\n<\/div>\n<div>\n<div class=\"aspect-[var(--img-listing-aspect-ratio,16\/9)] relative mb-3.5\">\n    <source type=\"image\/webp\" srcset=\"https:\/\/cdn.mos.cms.futurecdn.net\/S8XBVXkADYwhYuZWL5XML3-840-80.jpg.webp 840w, https:\/\/cdn.mos.cms.futurecdn.net\/S8XBVXkADYwhYuZWL5XML3-650-80.jpg.webp 650w, https:\/\/cdn.mos.cms.futurecdn.net\/S8XBVXkADYwhYuZWL5XML3-500-80.jpg.webp 500w, https:\/\/cdn.mos.cms.futurecdn.net\/S8XBVXkADYwhYuZWL5XML3-450-80.jpg.webp 450w, https:\/\/cdn.mos.cms.futurecdn.net\/S8XBVXkADYwhYuZWL5XML3-320-80.jpg.webp 320w\" sizes=\"(min-width: 900px) 925px, (min-width: 700px) 450px, calc(100vw - 48px)\" \/><\/div>\n<p><span class=\"custom-subheading-styles\">Transfers<\/span><span class=\"text-base text-black font-bold mx-0 my-2.5 p-0 block custom-text-styles\">Tadej Poga\u010dar gets a new teammate for 2027 as UAE Team Emirates-XRG sign Italian all-rounder<\/span><\/div>\n<div class=\"relative recirc-feed sponsored-card min-h-[250px]\" data-recirc-id=\"article-river-stacked-ads:native-cards\" data-mrf-recirculation=\"article-river-ads\" data-nosnippet data-ad-slot-path=\"feed-sponsored-post\" data-attribute-device=\"all\">\n<div class=\"max-w-full sponsored-post--placeholder animate-pulse\">\n<div class=\"relative!\"><span class=\"text-base text-black font-bold mx-0 my-2.5 p-0 block bg-gray-100\">\u00a0<br \/>\u00a0<\/span><\/div>\n<\/div>\n<\/div>\n<div>\n<div class=\"aspect-[var(--img-listing-aspect-ratio,16\/9)] relative mb-3.5\">\n    <source type=\"image\/webp\" srcset=\"https:\/\/cdn.mos.cms.futurecdn.net\/N9pFoLkReg7BfAfct59wW4-840-80.jpg.webp 840w, https:\/\/cdn.mos.cms.futurecdn.net\/N9pFoLkReg7BfAfct59wW4-650-80.jpg.webp 650w, https:\/\/cdn.mos.cms.futurecdn.net\/N9pFoLkReg7BfAfct59wW4-500-80.jpg.webp 500w, https:\/\/cdn.mos.cms.futurecdn.net\/N9pFoLkReg7BfAfct59wW4-450-80.jpg.webp 450w, https:\/\/cdn.mos.cms.futurecdn.net\/N9pFoLkReg7BfAfct59wW4-320-80.jpg.webp 320w\" sizes=\"(min-width: 900px) 925px, (min-width: 700px) 450px, calc(100vw - 48px)\" \/><\/div>\n<p><span class=\"custom-subheading-styles\">Teams &amp; Riders<\/span><span class=\"text-base text-black font-bold mx-0 my-2.5 p-0 block custom-text-styles\">Visma-Lease a Bike to be led by Wout van Aert, Matthew Brennan and Sepp Kuss at Vuelta a Espana<\/span><\/div>\n<div class=\"relative recirc-feed sponsored-card min-h-[250px]\" data-recirc-id=\"article-river-stacked-ads:native-cards\" data-mrf-recirculation=\"article-river-ads\" data-nosnippet data-ad-slot-path=\"feed-sponsored-post\" data-attribute-device=\"all\">\n<div class=\"max-w-full sponsored-post--placeholder animate-pulse\">\n<div class=\"relative!\"><span class=\"text-base text-black font-bold mx-0 my-2.5 p-0 block bg-gray-100\">\u00a0<br \/>\u00a0<\/span><\/div>\n<\/div>\n<\/div>\n<\/div>\n<\/div>\n<\/aside>\n<aside class=\"w-full\" data-nosnippet data-mrf-recirculation=\"article-river-stacked\">\n<div data-recirc-id=\"article-river-stacked-solr:latest-articletype\">\n<div class=\"text-white py-4 px-3 mb-4 bg-[#333] uppercase font-bold custom-header-styles\">Latest in News<\/div>\n<div class=\"grid grid-cols-1 gap-4 mt-4 mb-5\">\n<div>\n<div class=\"aspect-[var(--img-listing-aspect-ratio,16\/9)] relative mb-3.5\">\n    <source type=\"image\/webp\" srcset=\"https:\/\/cdn.mos.cms.futurecdn.net\/HghRJP9JjYvNXgXBVhkq6h-840-80.jpg.webp 840w, https:\/\/cdn.mos.cms.futurecdn.net\/HghRJP9JjYvNXgXBVhkq6h-650-80.jpg.webp 650w, https:\/\/cdn.mos.cms.futurecdn.net\/HghRJP9JjYvNXgXBVhkq6h-500-80.jpg.webp 500w, https:\/\/cdn.mos.cms.futurecdn.net\/HghRJP9JjYvNXgXBVhkq6h-450-80.jpg.webp 450w, https:\/\/cdn.mos.cms.futurecdn.net\/HghRJP9JjYvNXgXBVhkq6h-320-80.jpg.webp 320w\" sizes=\"(min-width: 900px) 925px, (min-width: 700px) 450px, calc(100vw - 48px)\" \/><\/div>\n<p><span class=\"custom-subheading-styles\">Teams &amp; Riders<\/span><span class=\"text-base text-black font-bold mx-0 my-2.5 p-0 block custom-text-styles\">Bob Jungels calls time on 15-year professional cycling career to take on new business venture<\/span><\/div>\n<div class=\"relative recirc-feed sponsored-card min-h-[250px]\" data-recirc-id=\"article-river-stacked-ads:native-cards\" data-mrf-recirculation=\"article-river-ads\" data-nosnippet data-ad-slot-path=\"feed-sponsored-post\" data-attribute-device=\"all\">\n<div class=\"max-w-full sponsored-post--placeholder animate-pulse\">\n<div class=\"relative!\"><span class=\"text-base text-black font-bold mx-0 my-2.5 p-0 block bg-gray-100\">\u00a0<br \/>\u00a0<\/span><\/div>\n<\/div>\n<\/div>\n<div>\n<div class=\"aspect-[var(--img-listing-aspect-ratio,16\/9)] relative mb-3.5\">\n    <source type=\"image\/webp\" srcset=\"https:\/\/cdn.mos.cms.futurecdn.net\/QL4TfcDkAYHJLFp34Pqnma-840-80.jpg.webp 840w, https:\/\/cdn.mos.cms.futurecdn.net\/QL4TfcDkAYHJLFp34Pqnma-650-80.jpg.webp 650w, https:\/\/cdn.mos.cms.futurecdn.net\/QL4TfcDkAYHJLFp34Pqnma-500-80.jpg.webp 500w, https:\/\/cdn.mos.cms.futurecdn.net\/QL4TfcDkAYHJLFp34Pqnma-450-80.jpg.webp 450w, https:\/\/cdn.mos.cms.futurecdn.net\/QL4TfcDkAYHJLFp34Pqnma-320-80.jpg.webp 320w\" sizes=\"(min-width: 900px) 925px, (min-width: 700px) 450px, calc(100vw - 48px)\" \/><\/div>\n<p><span class=\"custom-subheading-styles\">Teams &amp; Riders<\/span><span class=\"text-base text-black font-bold mx-0 my-2.5 p-0 block custom-text-styles\">&#8216;I think my season&#8217;s over&#8217; &#8211; Lucas Bourgoyne misses momentum at American Criterium Cup with appendectomy<\/span><\/div>\n<div class=\"relative recirc-feed sponsored-card min-h-[250px]\" data-recirc-id=\"article-river-stacked-ads:native-cards\" data-mrf-recirculation=\"article-river-ads\" data-nosnippet data-ad-slot-path=\"feed-sponsored-post\" data-attribute-device=\"all\">\n<div class=\"max-w-full sponsored-post--placeholder animate-pulse\">\n<div class=\"relative!\"><span class=\"text-base text-black font-bold mx-0 my-2.5 p-0 block bg-gray-100\">\u00a0<br \/>\u00a0<\/span><\/div>\n<\/div>\n<\/div>\n<div>\n<div class=\"aspect-[var(--img-listing-aspect-ratio,16\/9)] relative mb-3.5\">\n    <source type=\"image\/webp\" srcset=\"https:\/\/cdn.mos.cms.futurecdn.net\/ZWLJj9gfmCjg62TMpCFt2d-840-80.jpg.webp 840w, https:\/\/cdn.mos.cms.futurecdn.net\/ZWLJj9gfmCjg62TMpCFt2d-650-80.jpg.webp 650w, https:\/\/cdn.mos.cms.futurecdn.net\/ZWLJj9gfmCjg62TMpCFt2d-500-80.jpg.webp 500w, https:\/\/cdn.mos.cms.futurecdn.net\/ZWLJj9gfmCjg62TMpCFt2d-450-80.jpg.webp 450w, https:\/\/cdn.mos.cms.futurecdn.net\/ZWLJj9gfmCjg62TMpCFt2d-320-80.jpg.webp 320w\" sizes=\"(min-width: 900px) 925px, (min-width: 700px) 450px, calc(100vw - 48px)\" \/><\/div>\n<p><span class=\"custom-subheading-styles\">Teams &amp; Riders<\/span><span class=\"text-base text-black font-bold mx-0 my-2.5 p-0 block custom-text-styles\">Quinn Simmons, Luke Lamperti, Maggie Coles-Lyster and Kristen Faulkner among WorldTour riders confirmed for Philadelphia Cycling Classic<\/span><\/div>\n<div class=\"relative recirc-feed sponsored-card min-h-[250px]\" data-recirc-id=\"article-river-stacked-ads:native-cards\" data-mrf-recirculation=\"article-river-ads\" data-nosnippet data-ad-slot-path=\"feed-sponsored-post\" data-attribute-device=\"all\">\n<div class=\"max-w-full sponsored-post--placeholder animate-pulse\">\n<div class=\"relative!\"><span class=\"text-base text-black font-bold mx-0 my-2.5 p-0 block bg-gray-100\">\u00a0<br \/>\u00a0<\/span><\/div>\n<\/div>\n<\/div>\n<div>\n<div class=\"aspect-[var(--img-listing-aspect-ratio,16\/9)] relative mb-3.5\">\n    <source type=\"image\/webp\" srcset=\"https:\/\/cdn.mos.cms.futurecdn.net\/fJJxXLdzBYSDFcWRkPpb7j-840-80.png.webp 840w, https:\/\/cdn.mos.cms.futurecdn.net\/fJJxXLdzBYSDFcWRkPpb7j-650-80.png.webp 650w, https:\/\/cdn.mos.cms.futurecdn.net\/fJJxXLdzBYSDFcWRkPpb7j-500-80.png.webp 500w, https:\/\/cdn.mos.cms.futurecdn.net\/fJJxXLdzBYSDFcWRkPpb7j-450-80.png.webp 450w, https:\/\/cdn.mos.cms.futurecdn.net\/fJJxXLdzBYSDFcWRkPpb7j-320-80.png.webp 320w\" sizes=\"(min-width: 900px) 925px, (min-width: 700px) 450px, calc(100vw - 48px)\" \/><\/div>\n<p><span class=\"custom-subheading-styles\">Streaming<\/span><span class=\"text-base text-black font-bold mx-0 my-2.5 p-0 block custom-text-styles\">How to watch Vuelta a Espa\u00f1a 2026 \u2013 Live streams and official broadcasters<\/span><\/div>\n<div class=\"relative recirc-feed sponsored-card min-h-[250px]\" data-recirc-id=\"article-river-stacked-ads:native-cards\" data-mrf-recirculation=\"article-river-ads\" data-nosnippet data-ad-slot-path=\"feed-sponsored-post\" data-attribute-device=\"all\">\n<div class=\"max-w-full sponsored-post--placeholder animate-pulse\">\n<div class=\"relative!\"><span class=\"text-base text-black font-bold mx-0 my-2.5 p-0 block bg-gray-100\">\u00a0<br \/>\u00a0<\/span><\/div>\n<\/div>\n<\/div>\n<div>\n<div class=\"aspect-[var(--img-listing-aspect-ratio,16\/9)] relative mb-3.5\">\n    <source type=\"image\/webp\" srcset=\"https:\/\/cdn.mos.cms.futurecdn.net\/mekquUgc6QK5c55XaBzarY-840-80.jpg.webp 840w, https:\/\/cdn.mos.cms.futurecdn.net\/mekquUgc6QK5c55XaBzarY-650-80.jpg.webp 650w, https:\/\/cdn.mos.cms.futurecdn.net\/mekquUgc6QK5c55XaBzarY-500-80.jpg.webp 500w, https:\/\/cdn.mos.cms.futurecdn.net\/mekquUgc6QK5c55XaBzarY-450-80.jpg.webp 450w, https:\/\/cdn.mos.cms.futurecdn.net\/mekquUgc6QK5c55XaBzarY-320-80.jpg.webp 320w\" sizes=\"(min-width: 900px) 925px, (min-width: 700px) 450px, calc(100vw - 48px)\" \/><\/div>\n<p><span class=\"custom-subheading-styles\">Teams &amp; Riders<\/span><span class=\"text-base text-black font-bold mx-0 my-2.5 p-0 block custom-text-styles\">&#8216;We have to be realistic&#8217; \u2013 Red Bull-Bora-Hansgrohe focus on Vuelta a Espa\u00f1a stage wins, Primo\u017e Rogli\u010d\u2019s form will be &#8216;assessed progressively&#8217;<\/span><\/div>\n<div class=\"relative recirc-feed sponsored-card min-h-[250px]\" data-recirc-id=\"article-river-stacked-ads:native-cards\" data-mrf-recirculation=\"article-river-ads\" data-nosnippet data-ad-slot-path=\"feed-sponsored-post\" data-attribute-device=\"all\">\n<div class=\"max-w-full sponsored-post--placeholder animate-pulse\">\n<div class=\"relative!\"><span class=\"text-base text-black font-bold mx-0 my-2.5 p-0 block bg-gray-100\">\u00a0<br \/>\u00a0<\/span><\/div>\n<\/div>\n<\/div>\n<div>\n<div class=\"aspect-[var(--img-listing-aspect-ratio,16\/9)] relative mb-3.5\">\n    <source type=\"image\/webp\" srcset=\"https:\/\/cdn.mos.cms.futurecdn.net\/S8XBVXkADYwhYuZWL5XML3-840-80.jpg.webp 840w, https:\/\/cdn.mos.cms.futurecdn.net\/S8XBVXkADYwhYuZWL5XML3-650-80.jpg.webp 650w, https:\/\/cdn.mos.cms.futurecdn.net\/S8XBVXkADYwhYuZWL5XML3-500-80.jpg.webp 500w, https:\/\/cdn.mos.cms.futurecdn.net\/S8XBVXkADYwhYuZWL5XML3-450-80.jpg.webp 450w, https:\/\/cdn.mos.cms.futurecdn.net\/S8XBVXkADYwhYuZWL5XML3-320-80.jpg.webp 320w\" sizes=\"(min-width: 900px) 925px, (min-width: 700px) 450px, calc(100vw - 48px)\" \/><\/div>\n<p><span class=\"custom-subheading-styles\">Transfers<\/span><span class=\"text-base text-black font-bold mx-0 my-2.5 p-0 block custom-text-styles\">Tadej Poga\u010dar gets a new teammate for 2027 as UAE Team Emirates-XRG sign Italian all-rounder<\/span><\/div>\n<div class=\"relative recirc-feed sponsored-card min-h-[250px]\" data-recirc-id=\"article-river-stacked-ads:native-cards\" data-mrf-recirculation=\"article-river-ads\" data-nosnippet data-ad-slot-path=\"feed-sponsored-post\" data-attribute-device=\"all\">\n<div class=\"max-w-full sponsored-post--placeholder animate-pulse\">\n<div class=\"relative!\"><span class=\"text-base text-black font-bold mx-0 my-2.5 p-0 block bg-gray-100\">\u00a0<br \/>\u00a0<\/span><\/div>\n<\/div>\n<\/div>\n<\/div>\n<\/div>\n<\/aside>\n<\/section>\n<\/div>\n<\/div>\n<\/div>\n<div id=\"widgetArea17\" class=\"widget-area md:basis-1\/3 widget-area-g-md-vp-1-3 widget-area-g-lg-vp-1-3 widget-area-g-xl-vp-1-3 page-widget-area-17\">\n<div data-widget-type=\"dynamic\" id=\"popular-data\" class=\"clear-both widget widget-dynamic widget-popular-data widget-dynamic-popular-data widget-dynamic-fter-popular-box\">\n<div class=\"wdn-fte-pb pos-relative space-t20\n\"><\/p>\n<div class=\"slice-container popular-box-slice\">\n<section class=\"popular-box\" data-component-name=\"Slice:PopularBox\">\n<div class=\"popular-box__label\">\n<div class=\"popular-box__label__tab popular-box__label__tab--active\" role=\"heading\">\nLATEST ARTICLES\n<\/div>\n<\/div>\n<ol class=\"popular-box__articles-list popular-box__articles-list--active\">\n<li class=\"popular-box__article-list\">\n<div class=\"popular-box__article-list__container\">\n<div class=\"popular-box__article-list__image-wrapper\">\n<div>\n<source type=\"image\/webp\" srcset=\"https:\/\/cdn.mos.cms.futurecdn.net\/HghRJP9JjYvNXgXBVhkq6h-1280-80.jpg.webp 1280w, https:\/\/cdn.mos.cms.futurecdn.net\/HghRJP9JjYvNXgXBVhkq6h-720-80.jpg.webp 720w, https:\/\/cdn.mos.cms.futurecdn.net\/HghRJP9JjYvNXgXBVhkq6h-640-80.jpg.webp 640w, https:\/\/cdn.mos.cms.futurecdn.net\/HghRJP9JjYvNXgXBVhkq6h-320-80.jpg.webp 320w\" sizes=\"99vw\" \/><\/div>\n<\/div>\n<div class=\"popular-box__article-list__content\">\n<div class=\"popular-box__article-list__number-text\">1<\/div>\n<div class=\"popular-box__article-list__heading\">\n<p>Bob Jungels calls time on 15-year professional cycling career to take on new business venture<\/p>\n<\/div>\n<\/div>\n<\/div>\n<\/li>\n<li class=\"popular-box__article-list\">\n<div class=\"popular-box__article-list__container\">\n<div class=\"popular-box__article-list__content\">\n<div class=\"popular-box__article-list__number-text\">2<\/div>\n<div class=\"popular-box__article-list__heading\">\n<p>&#8216;The Vuelta is going to be arduous, even for Tadej&#8217; \u2013 UAE performance head warns that nobody, not even Poga\u010dar, will have it easy this summer in Spain<\/p>\n<\/div>\n<\/div>\n<\/div>\n<\/li>\n<li class=\"popular-box__article-list\">\n<div class=\"popular-box__article-list__container\">\n<div class=\"popular-box__article-list__content\">\n<div class=\"popular-box__article-list__number-text\">3<\/div>\n<div class=\"popular-box__article-list__heading\">\n<p>&#8216;I think my season&#8217;s over&#8217; &#8211; Lucas Bourgoyne misses momentum at American Criterium Cup with appendectomy<\/p>\n<\/div>\n<\/div>\n<\/div>\n<\/li>\n<li class=\"popular-box__article-list\">\n<div class=\"popular-box__article-list__container\">\n<div class=\"popular-box__article-list__content\">\n<div class=\"popular-box__article-list__number-text\">4<\/div>\n<div class=\"popular-box__article-list__heading\">\n<p>Quinn Simmons, Luke Lamperti, Maggie Coles-Lyster and Kristen Faulkner among WorldTour riders confirmed for Philadelphia Cycling Classic<\/p>\n<\/div>\n<\/div>\n<\/div>\n<\/li>\n<li class=\"popular-box__article-list\">\n<div class=\"popular-box__article-list__container\">\n<div class=\"popular-box__article-list__content\">\n<div class=\"popular-box__article-list__number-text\">5<\/div>\n<div class=\"popular-box__article-list__heading\">\n<p>How to watch Vuelta a Espa\u00f1a 2026 \u2013 Live streams and official broadcasters<\/p>\n<\/div>\n<\/div>\n<\/div>\n<\/li>\n<\/ol>\n<\/section>\n<\/div>\n<\/div>\n<\/div>\n<\/div>\n<\/div>\n<\/article>\n<article class=\"page-content-onecol flex-1\nnews-article article\n\"><\/p>\n<div class=\"widget-area-group widget-area-group-2col flex flex-wrap box-border\">\n<div id=\"widgetArea16\" class=\"widget-area basis-full md:basis-2\/3 widget-area-g-md-vp-2-3 widget-area-g-lg-vp-2-3 widget-area-g-xl-vp-2-3 page-widget-area-16\">\n<div data-widget-type=\"hero\" id=\"hero\" class=\"clear-both widget widget-hero widget-hero widget-hero-hero widget-hero widget-hero-fter-news\">\n<div class=\"news-article\">\n<header data-component-name=\"Article:Hero\">\n<nav class=\"breadcrumb\" aria-label=\"Breadcrumbs\">\n<ol>\n<li>\nPro Cycling\n<\/li>\n<li>\nTeams &amp; Riders\n<\/li>\n<li>\nMovistar Team\n<\/li>\n<li>\nNairo Quintana\n<\/li>\n<\/ol>\n<\/nav>\n<h1>No Grand Tour send-off for Nairo Quintana as veteran climber misses Movistar selection for Vuelta a Espa\u00f1a<\/h1>\n<div class=\"byline-social\">\n<div class=\"vds-byline-block flex flex-row flex-nowrap my-1.5 gap-2 text-left items-start justify-start\" data-component-name=\"Article:BylineBlock\">\n<p>News<\/p>\n<div class=\"my-auto vds-simple-byline\"><span class=\"inline-block vds-author\"><br \/>\nBy<br \/>\nDani Ostanek <\/span><\/p>\n<div class=\"flex gap-1 vds-byline-with-avatar__meta\"><span class=\"vds-date block font-normal tracking-normal normal-case text-xs\"><br \/>\nPublished<br \/>\n<time data-component-name=\"UI:DateTime\" datetime=\"2026-08-18T11:24:30Z\" class=\"relative-date\"><br \/>\n18 August 2026<br \/>\n<\/time><\/span><\/div>\n<\/div>\n<\/div>\n<p class=\"strapline\">Colombian set to retire without one last start at Spanish Grand Tour, which he won in 2014<\/p>\n<\/div>\n<aside class=\"text-gray-700 flex items-center mx-0 my-5 p-0 justify-start text-left\" id=\"affiliate-disclaimer\" data-component-name=\"AffiliateDisclaimer\" data-hawk-message=\"Affiliate disclaimer removed because hawk deemed there are no affiliate links on this page\">\n<p class=\"text-[color:var(--affiliate-disclaimer--text-color,inherit)] mb-2 text-[length:var(--affiliate-disclaimer--font-size,0.75rem)] leading-[18px] md:text-[13px] [&amp;&gt;a]:text-inherit [&amp;&gt;a]:underline\">\nWhen you purchase through links on our site, we may earn an affiliate commission. Here\u2019s how it works.\n<\/p>\n<\/aside>\n<\/header>\n<\/div>\n<\/div>\n<div data-widget-type=\"contentparsed\" id=\"content\" class=\"clear-both widget widget-contentparsed widget-content widget-contentparsed-content widget-content-parsed widget-content-parsed-content_document \">\n<div class=\"wcp-item-content\">\n<section class=\"content-wrapper\">\n<div class=\"box less-space hero-image-wrapper\">\n<figure class=\"mb-0\">\n<source type=\"image\/webp\" srcset=\"https:\/\/cdn.mos.cms.futurecdn.net\/bxke9g2XnLi8f4L8R2Rpv7-1920-80.jpg.webp 1920w, https:\/\/cdn.mos.cms.futurecdn.net\/bxke9g2XnLi8f4L8R2Rpv7-1600-80.jpg.webp 1600w, https:\/\/cdn.mos.cms.futurecdn.net\/bxke9g2XnLi8f4L8R2Rpv7-1200-80.jpg.webp 1200w, https:\/\/cdn.mos.cms.futurecdn.net\/bxke9g2XnLi8f4L8R2Rpv7-1024-80.jpg.webp 1024w, https:\/\/cdn.mos.cms.futurecdn.net\/bxke9g2XnLi8f4L8R2Rpv7-970-80.jpg.webp 970w, https:\/\/cdn.mos.cms.futurecdn.net\/bxke9g2XnLi8f4L8R2Rpv7-750-80.jpg.webp 750w, https:\/\/cdn.mos.cms.futurecdn.net\/bxke9g2XnLi8f4L8R2Rpv7-650-80.jpg.webp 650w, https:\/\/cdn.mos.cms.futurecdn.net\/bxke9g2XnLi8f4L8R2Rpv7-480-80.jpg.webp 480w, https:\/\/cdn.mos.cms.futurecdn.net\/bxke9g2XnLi8f4L8R2Rpv7-320-80.jpg.webp 320w\" sizes=\"(min-width: 1000px) 600px, 100vw\" \/><figcaption class=\"font-article-copy text-(--image--text--color) font-article-copy mt-2\"><span class=\"caption-text font-article-copy\">Nairo Quintana raced the recent Vuelta a Burgos, but he won&#8217;t be competing at the Vuelta a Espa\u00f1a<\/span><span class=\"credit font-article-copy\">(Image credit: Getty Images)<\/span><\/figcaption><\/figure>\n<\/div>\n<div data-component-name=\"Article:JumpTo\" class=\"contents\" data-only-inline=\"1\">\n<div class=\"visible flex flex-row flex-nowrap sticky max-lg:-ml-5 top-[var(--site-header-height,60px)] sm:top-0 z-[9994] w-screen lg:w-full h-[50px] bg-white p-0 mb-5 border-neutral-200 border border-solid\" data-component-name=\"Article:JumpTo:Variants:Inline\" data-analytics-id=\"sticky-nav\" id=\"sticky-nav--inline\" data-mrf-recirculation=\"sticky-nav\">\n<div class=\"flex flex-row w-full h-full overflow-x-scroll overflow-y-hidden tracking-normal overscroll-x-contain\" id=\"sticky-nav__scroll-container\"><span class=\"pl-4 my-auto text-base font-semibold font-article-heading lg:pl-3 lg:text-sm whitespace-nowrap uppercase\">Jump To:<\/span><\/p>\n<ul class=\"flex flex-row w-auto border-y-0\">\n<li class=\"inline-flex after:content-[&apos;&apos;] after:inline-block after:relative after:h-3\/6 after:w-px after:bg-neutral-200 after:top-1\/4\nborder-b-[3px] border-b-(--jumpto-underline-color) border-solid font-semibold \" data-component-name=\"Article:JumpTo:Inline:Link\">\n<p>Full line-up<\/p>\n<\/li>\n<\/ul>\n<\/div>\n<\/div>\n<\/div>\n<div id=\"article-body\" class=\"text-copy bodyCopy auto paywall-locker\">\n<div data-analytics-id=\"utility-bar\" id=\"utility-bar\" class=\"font-ui-heading flex justify-between items-center py-2 border-t border-b border-gray-300 border-solid mb-5 mx-auto\" data-component-name=\"UtilityBar\" data-mrf-recirculation=\"utility-bar\">\n<div class=\"flex gap-2 text-[#333] subcontainer\">\n<div class=\"relative tooltip-container\" role=\"tooltip\">\n<div data-component-name=\"Social:Dropdown\" role=\"menu\" id=\"utilitybar__dropdown--share\" aria-labelledby=\"utilitybar__button--share\" class=\"absolute left-0 top-full w-44 bg-white rounded-md shadow-md border border-neutral-200 z-[9996] list-none m-0 py-2 px-3 border-solid\">\n<ul class=\"m-0!\">\n<li class=\"!p-0 !m-0 list-none border-b border-gray-200 border-solid\">\n<li class=\"!p-0 !m-0 list-none border-b border-gray-200 border-solid\">\n<p>Facebook<\/p>\n<\/li>\n<li class=\"!p-0 !m-0 list-none border-b border-gray-200 border-solid\">\n<p>X<\/p>\n<\/li>\n<li class=\"!p-0 !m-0 list-none border-b border-gray-200 border-solid\">\n<p>Pinterest<\/p>\n<\/li>\n<li class=\"!p-0 !m-0 list-none border-b border-gray-200 border-solid\">\n<p>Email<\/p>\n<\/li>\n<\/ul>\n<\/div>\n<div class=\"font-ui-heading max-sm:hidden tooltip absolute left-1\/2 bg-gray-900 text-white text-xs leading-none px-3 py-1.5 rounded-md z-[10001] whitespace-nowrap\" id=\"tooltip-share-this-article\" role=\"tooltip\" aria-hidden=\"true\">\nShare this article\n<\/div>\n<\/div>\n<div class=\"relative tooltip-container\" role=\"tooltip\"><span class=\"ml-1 inline-flex h-5 px-2 shrink-0 items-center justify-center self-center overflow-hidden whitespace-nowrap rounded-[10px] bg-primary-500 text-[11px] leading-none font-ui-heading font-semibold text-white\">1<\/span><\/p>\n<div class=\"font-ui-heading max-sm:hidden tooltip absolute left-1\/2 bg-gray-900 text-white text-xs leading-none px-3 py-1.5 rounded-md z-[10001] whitespace-nowrap\" id=\"tooltip-join-the-conversation\" role=\"tooltip\" aria-hidden=\"true\">\nJoin the conversation\n<\/div>\n<\/div>\n<\/div>\n<div class=\"flex gap-2 text-[#333] subcontainer\">\n<div class=\"relative tooltip-container\" role=\"tooltip\">\n<p>Follow us<\/p>\n<div class=\"font-ui-heading max-sm:hidden tooltip absolute left-1\/2 bg-gray-900 text-white text-xs leading-none px-3 py-1.5 rounded-md z-[10001] whitespace-nowrap\" id=\"tooltip-add-us-as-a-preferred-source-on-google\" role=\"tooltip\" aria-hidden=\"true\">\nAdd us as a preferred source on Google\n<\/div>\n<\/div>\n<div class=\"relative tooltip-container\" role=\"tooltip\">\n<div class=\"font-ui-heading max-sm:hidden tooltip absolute left-1\/2 bg-gray-900 text-white text-xs leading-none px-3 py-1.5 rounded-md z-[10001] whitespace-nowrap\" id=\"tooltip-subscribe-to-our-newsletter\" role=\"tooltip\" aria-hidden=\"true\">\nSubscribe to our newsletter\n<\/div>\n<\/div>\n<\/div>\n<\/div>\n<p id=\"elk-d0bd9c60-9af5-11f1-9fde-8f81dbc2228f\">There&#8217;ll be no Grand Tour grand finale for the retiring Nairo Quintana this month after the Colombian was surprisingly left out of Movistar&#8217;s selection for the Vuelta a Espa\u00f1a.<\/p>\n<p>Quintana, 36, is racing the final season of his career this year, with 51 race days and eight stage races under his belt to date. He won&#8217;t bow out with a Grand Tour, however, after racing to a solid 18th place at the recent Vuelta a Burgos.<\/p>\n<p id=\"elk-d0bd9c60-9af5-11f1-9fde-8f81dbc2228f-2\" aria-hidden=\"true\" class=\"kiosq-b\">Movistar have instead named an eight-man selection headed up by 23-year-old Cian Uijtdebroeks and 31-year-old Enric Mas.<\/p>\n<div class=\"my-6 w-full overflow-hidden rounded-[10px] lg:my-8\" data-component-name=\"JwPlayer:Carousel\" data-jwp-carousel data-jwp-carousel-payload=\"{&quot;ids&quot;:{&quot;playerID&quot;:&quot;jYDCcabO&quot;,&quot;searchPlaylistID&quot;:&quot;gwjdoYHD&quot;,&quot;divID&quot;:&quot;botr_gwjdoYHD_jYDCcabO_div&quot;,&quot;fallbackPlaylistID&quot;:&quot;gwjdoYHD&quot;,&quot;fallbackDivID&quot;:&quot;botr_gwjdoYHD_jYDCcabO_div&quot;,&quot;key&quot;:&quot;X9\/mXVGac0NphghLH9hZaqWA5d3dhAM\/Ih07grnEyMLjuO2E&quot;,&quot;tintLogo&quot;:true,&quot;useSearchPlaylist&quot;:false,&quot;enabled&quot;:true},&quot;signPostingEnabled&quot;:true,&quot;signPostingLinkEnabled&quot;:true,&quot;waitForAdLoad&quot;:false,&quot;hidePlayerOnDesktop&quot;:false,&quot;hidePlayerOnMobile&quot;:false,&quot;hidePlayerOnTablet&quot;:false}\">\n<div class=\"flex flex-nowrap items-center justify-between gap-3 bg-zinc-900 px-[14px] py-3\" data-jwp-carousel-header>\n<div class=\"flex min-w-0 shrink items-center\"><span class=\"inline-flex items-center gap-1.5 text-sm font-article-heading capitalize leading-5 text-white whitespace-nowrap\"><span class=\"jwp-carousel-title-desktop\">Latest Videos From<\/span><span class=\"jwp-carousel-brand\">Cyclingnews<\/span><\/span><\/div>\n<\/div>\n<div class=\"min-h-[44px] bg-zinc-900 px-[14px] py-3\" data-jwp-carousel-signposting><a class=\"invisible block truncate text-sm font-bold leading-5 text-white underline decoration-solid underline-offset-2\" data-jwp-carousel-signposting-link href target=\"_blank\" rel=\"noopener noreferrer\"><span data-jwp-carousel-signposting-title>Watch full video here: <\/span><\/a><\/div>\n<\/div>\n<div class=\"fancy-box kiosq-b\" id=\"elk-53e0f73a-9af7-11f1-8479-71c9179e133e\" aria-hidden=\"true\">\n<div class=\"fancy_box-title\">More on Vuelta<\/div>\n<div class=\"fancy_box_body\">\n<ul>\n<li><strong>Tadej Poga\u010dar vs the rest \u2013 Our analysis of the top 10 contenders at the Vuelta a Espa\u00f1a<\/strong><\/li>\n<\/ul>\n<\/div>\n<\/div>\n<p id=\"elk-53e0f7d0-9af7-11f1-b4db-edc8dc68bc98\" aria-hidden=\"true\" class=\"kiosq-b\">Earlier this week, Spanish sports paper <em>AS<\/em> reported that Movistar would not be selecting the Colombian veteran, noting that general manager Eusebio Unzu\u00e9 made the final decision.<\/p>\n<p aria-hidden=\"true\" class=\"kiosq-b\"><em>AS<\/em> journalist Dani Miranda reported that the final spot would instead be filled by Venezuelan sprinter Orluis Aular, who earlier this year picked up a second place on stage 4 of the Giro d&#8217;Italia.<\/p>\n<aside data-component-name=\"Recirculation:ArticleRiver\" data-recirculation-type=\"inline\" data-mrf-recirculation=\"Trending Bar\" data-nosnippet class=\"clear-both pt-2 pb-0 mb-4\"><span class=\"\n            flex\n            after:content-[&apos;&apos;] after:flex-1 after:ml-4 after:my-[0.7rem] after:border-t after:border-solid after:border-t-[#ccc]\n            before:content-[&apos;&apos;] before:flex-1 before:mr-4 before:my-[0.7rem] before:border-t before:border-solid before:border-t-[#ccc]\n            font-article-heading pb-0 text-[length:var(--article-river-title--font-size,1em)] uppercase sm:text-[length:var(--article-river-title--font-size,0.875em)] font-bold\n        \"><br \/>\n            You may like<br \/>\n        <\/span><\/p>\n<ul class=\"flex flex-col gap-0 m-0 max-w-full\">\n<li class=\"m-0 list-none border-b border-solid border-[#ededed] py-2\" data-recirculation-id=\"recirculation-card-1\" id=\"recirculation-inline-1\" data-analytics-id=\"recirculation-inline-1\" data-mrf-recirculation=\"recirculation-inline-1\">\n    <source type=\"image\/webp\" srcset=\"https:\/\/cdn.mos.cms.futurecdn.net\/vXx3fTTYeYfvhBsZ8FoUhF-250-80.jpg.webp 250w, https:\/\/cdn.mos.cms.futurecdn.net\/vXx3fTTYeYfvhBsZ8FoUhF-150-80.jpg.webp 150w\" sizes=\"150px\" \/><span class=\"w-full text-base font-[var(--article-river-item--font-weight,500)] font-article-heading line-clamp-3 md:line-clamp-2\">Tadej Poga\u010dar vs the rest \u2013 Our analysis of the top 10 contenders at the Vuelta a Espa\u00f1a<\/span><\/li>\n<li class=\"m-0 list-none border-b border-solid border-[#ededed] py-2\" data-recirculation-id=\"recirculation-card-2\" id=\"recirculation-inline-2\" data-analytics-id=\"recirculation-inline-2\" data-mrf-recirculation=\"recirculation-inline-2\">\n    <source type=\"image\/webp\" srcset=\"https:\/\/cdn.mos.cms.futurecdn.net\/SUrbJubD6PjiiJxNkSg4eS-250-80.jpg.webp 250w, https:\/\/cdn.mos.cms.futurecdn.net\/SUrbJubD6PjiiJxNkSg4eS-150-80.jpg.webp 150w\" sizes=\"150px\" \/><span class=\"w-full text-base font-[var(--article-river-item--font-weight,500)] font-article-heading line-clamp-3 md:line-clamp-2\">\u2018At one point you have to say stop\u2019 \u2013 Damiano Caruso hopes for a final Tour de France ride as he confirms plans to retire this year<\/span><\/li>\n<li class=\"m-0 list-none border-b border-solid border-[#ccc] py-2\" data-recirculation-id=\"recirculation-card-3\" id=\"recirculation-inline-3\" data-analytics-id=\"recirculation-inline-3\" data-mrf-recirculation=\"recirculation-inline-3\">\n    <source type=\"image\/webp\" srcset=\"https:\/\/cdn.mos.cms.futurecdn.net\/FybojdVd79PonXnxEokDBP-250-80.jpg.webp 250w, https:\/\/cdn.mos.cms.futurecdn.net\/FybojdVd79PonXnxEokDBP-150-80.jpg.webp 150w\" sizes=\"150px\" \/><span class=\"w-full text-base font-[var(--article-river-item--font-weight,500)] font-article-heading line-clamp-3 md:line-clamp-2\">&#8216;There&#8217;s no time for nostalgia&#8217;  &#8211; Increasingly fraught fight for last-chance breaks in Tour de France keep 2026 retiree Ion Izagirre focused on race<\/span><\/li>\n<\/ul>\n<\/aside>\n<p aria-hidden=\"true\" class=\"kiosq-b\">Neither the team nor Quintana have yet commented on his exclusion.<\/p>\n<p aria-hidden=\"true\" class=\"kiosq-b\">Quintana had planned for the Vuelta a Espa\u00f1a to be his professional cycling send-off, and <em>AS<\/em> reported that he embarked on a 10-day training camp ahead of the race. With no Vuelta on his schedule for the end of the season \u2013 barring any last-minute drop-outs \u2013 Quintana could instead look to call time on his career with a ride at the Road World Championships in Montreal, Canada.<\/p>\n<div id=\"slice-container-newsletterForm-articleInbodyContent-39tuLJa6uDqTrX8ugUzy9f\" class=\"slice-container newsletter-inbodyContent-slice newsletterForm-articleInbodyContent-39tuLJa6uDqTrX8ugUzy9f slice-container-newsletterForm\">\n<div data-hydrate=\"true\" class=\"newsletter-form__wrapper newsletter-form__wrapper--inbodyContent\">\n<div class=\"newsletter-form__container\">\n<section class=\"newsletter-form__top-bar\">\n<div class=\"newsletter-form__header\">Get The Leadout Newsletter<\/div>\n<\/section>\n<section class=\"newsletter-form__main-section\">\n<p class=\"newsletter-form__strapline\">The latest race content, interviews, features, reviews and expert buying guides, direct to your inbox!<\/p>\n<footer class=\"newsletter-form__footer \">By submitting your information you agree to the Terms &amp; Conditions and Privacy Policy and are aged 16 or over.<\/footer>\n<\/section>\n<\/div>\n<\/div>\n<\/div>\n<p aria-hidden=\"true\" class=\"kiosq-b\">He announced his retirement back in March and has since picked up what look to be the final victories of a storied career which has included Grand Tour triumphs at the 2014 Giro d&#8217;Italia and 2016 Vuelta a Espa\u00f1a. In April, he won a stage and the overall at the Vuelta Asturias, dedicated his win to compatriot Cristian Camilo Mu\u00f1oz, who died earlier in the week.<\/p>\n<p aria-hidden=\"true\" class=\"kiosq-b\">With no Quintana on the Movistar roster in Spain, the team will instead look to Uijtdebroeks and Mas. Iv\u00e1n Romeo, fourth at the Tour de Pologne, Ra\u00fal Garc\u00eda Pierna, in the break eight times at the Tour de France, and Pablo Castrillo, twice a stage winner at the 2024 Vuelta, will provide key support. Aular, Carlos Canal, and 34-year-old road captain Jorge Arcas round out the selection.<\/p>\n<p aria-hidden=\"true\" class=\"kiosq-b\">Belgian racer Uijtdebroeks will be starting his second Grand Tour of the year after falling ill and abandoning during the first week of the Tour de France. The former Tour de l&#8217;Avenir winner has yet to replicate his breakthrough eighth place at the 2023 Vuelta, and Movistar&#8217;s hopes will be high for another top placing.<\/p>\n<p aria-hidden=\"true\" class=\"kiosq-b\">Mas, meanwhile, has been there and done that at Spain&#8217;s biggest race. He has finished on the podium there on four occasions, including three runner-up spots. Fifth place at the recent Vuelta a Burgos suggests he&#8217;s in good form, though with Tadej Poga\u010dar on the start list, a second overall, another second place looks to be the height of his ambitions.<\/p>\n<h3 class=\"article-body__section kiosq-b\" id=\"section-movistar-for-the-2026-vuelta-a-espana\" aria-hidden=\"true\"><span>Movistar for the 2026 Vuelta a Espa\u00f1a <\/span><\/h3>\n<ul id=\"elk-53e0f8a2-9af7-11f1-90bc-b53f37849493\" aria-hidden=\"true\" class=\"kiosq-b\">\n<li>Enric Mas<\/li>\n<li>Cian Uijtdebroeks<\/li>\n<li>Orluis Aular<\/li>\n<li>Iv\u00e1n Romeo<\/li>\n<li>Carlos Canal<\/li>\n<li>Jorge Arcas<\/li>\n<li>Ra\u00fal Garc\u00eda Pierna<\/li>\n<li>Pablo Castrillo<\/li>\n<\/ul>\n<p id=\"elk-d79e6906-9af5-11f1-a345-b10c220cb260\" aria-hidden=\"true\" class=\"kiosq-b\"><em><strong>For unbeatable coverage across road, gravel and tech, subscribe to Cyclingnews. You&#8217;ll get comprehensive race coverage of La Vuelta a Espa\u00f1a, subscriber-exclusive analysis from our expert columnists, in-depth features and industry-leading tech insight. Plus, the Cyclingnews app lets you follow the action wherever you go! <\/strong><\/em><u><em><strong>Join today.<\/strong><\/em><\/u><\/p>\n<\/div>\n<div class=\"block mb-5\" id=\"articleTag\" data-component-name=\"PostArticleLinks\" data-nosnippet data-mrf-recirculation=\"post-article-links\">\n<div class=\"border-b border-b-black border-solid py-2.5 text-black font-bold uppercase\">TOPICS<\/div>\n<nav class=\"py-2.5 flex gap-2.5 flex-wrap\" data-analytics-id=\"article-tag\" data-mrf-recirculation=\"article-tag\">\n<p>Road<\/p>\n<\/nav>\n<\/div>\n<div id=\"slice-container-authorBio-39tuLJa6uDqTrX8ugUzy9f\" class=\"slice-container slice-author-bio authorBio-39tuLJa6uDqTrX8ugUzy9f slice-container-authorBio\">\n<div class=\"author author__default-layout author--separator author--collapsible\" data-hydrate=\"true\">\n<div class=\"author__header\">\n<div class=\"author__avatar-block\">\n<figure class=\"image-wrapped__wrapper\" data-bordeaux-image-check=\"false\">\n<div class=\"image-wrapped__widthsetter\">\n<div class=\"image-wrapped__aspect-padding\">\n<div><source class=\"author__avatar image-wrapped__image image__image\" type=\"image\/webp\" srcset=\"https:\/\/cdn.mos.cms.futurecdn.net\/sZZXd8K4JqxjkRK7teBMFc-140-80.jpg.webp 140w\" sizes=\"99vw\" data-normal=\"https:\/\/cdn.mos.cms.futurecdn.net\/sZZXd8K4JqxjkRK7teBMFc.jpg\" data-original-mos=\"https:\/\/cdn.mos.cms.futurecdn.net\/sZZXd8K4JqxjkRK7teBMFc.jpg\" data-pin-media=\"https:\/\/cdn.mos.cms.futurecdn.net\/sZZXd8K4JqxjkRK7teBMFc.jpg\" data-pin-nopin=\"true\" data-slice-image=\"true\" \/><\/div>\n<\/div>\n<\/div>\n<\/figure>\n<\/div>\n<div class=\"author__heading\">\n<div class=\"author__name\">Dani Ostanek<\/div>\n<div class=\"author__social\">\n<nav class=\"button-social-group author__social-buttons\" aria-labelledby=\"button-social-group- author__social-buttons\">\n<div id=\"button-social-group- author__social-buttons\">Social Links Navigation<\/div>\n<\/nav>\n<\/div>\n<div class=\"author__role\">Senior News Writer<\/div>\n<\/div>\n<\/div>\n<div class=\"author__bio-wrapper\">\n<div class=\"author__biography\">\n<p>Dani Ostanek is Senior News Writer at Cyclingnews, having joined in 2017 as a freelance contributor, later being hired full-time. Her favourite races include the Tour de France Femmes, Paris-Roubaix, Tro-Bro L\u00e9on, and cycling&#8217;s fourth Grand Tour, the Volta a Portugal.<\/p>\n<\/div>\n<\/div>\n<\/div>\n<\/div>\n<\/section>\n<div class=\"relative max-w-[1070px] viafoura-twig-component mt-6 mx-4 lg:mx-0\" data-component-name=\"Viafoura:Comments\" data-nosnippet data-community-guidelines-text=\"&lt;p class=&apos;vfcustom-community-guidelines&apos;&gt;Please follow our &lt;a href=&quot;https:\/\/www.cyclingnews.com\/about\/#section-community-guidelines&quot; target=&quot;_blank&quot;&gt;community guidelines&lt;\/a&gt;.&lt;\/p&gt;\" data-join-the-conversation-text=\"Join the Conversation\">\n<div class=\"absolute top-0 left-0 w-full h-full flex items-center justify-center z-50 bg-white\/90 border-1 rounded-b-[var(--comment-widget-border-radius,0)]\">\n<div class=\"p-2 text-center\">\n<p class=\"mb-3 text-lg!\">You must confirm your public display name before commenting<\/p>\n<p class=\"mb-3 text-sm!\">Please logout and then login again, you will then be prompted to enter your display name.<\/p>\n<\/div>\n<\/div>\n<\/div>\n<section class=\"mx-2 my-5 sm:mx-0\">\n<aside class=\"w-full\" data-nosnippet data-mrf-recirculation=\"article-river-stacked\">\n<div data-recirc-id=\"article-river-stacked-adviser:hybrid\">\n<div class=\"text-white py-4 px-3 mb-4 bg-[#333] uppercase font-bold custom-header-styles\">Read more<\/div>\n<div class=\"grid grid-cols-1 gap-4 mt-4 mb-5\">\n<div>\n<div class=\"aspect-[var(--img-listing-aspect-ratio,16\/9)] relative mb-3.5\">\n    <source type=\"image\/webp\" srcset=\"https:\/\/cdn.mos.cms.futurecdn.net\/vXx3fTTYeYfvhBsZ8FoUhF-840-80.jpg.webp 840w, https:\/\/cdn.mos.cms.futurecdn.net\/vXx3fTTYeYfvhBsZ8FoUhF-650-80.jpg.webp 650w, https:\/\/cdn.mos.cms.futurecdn.net\/vXx3fTTYeYfvhBsZ8FoUhF-500-80.jpg.webp 500w, https:\/\/cdn.mos.cms.futurecdn.net\/vXx3fTTYeYfvhBsZ8FoUhF-450-80.jpg.webp 450w, https:\/\/cdn.mos.cms.futurecdn.net\/vXx3fTTYeYfvhBsZ8FoUhF-320-80.jpg.webp 320w\" sizes=\"(min-width: 900px) 925px, (min-width: 700px) 450px, calc(100vw - 48px)\" \/><\/div>\n<p><span class=\"custom-subheading-styles\">Racing<\/span><span class=\"text-base text-black font-bold mx-0 my-2.5 p-0 block custom-text-styles\">Tadej Poga\u010dar vs the rest \u2013 Our analysis of the top 10 contenders at the Vuelta a Espa\u00f1a<\/span><\/div>\n<div class=\"relative recirc-feed sponsored-card min-h-[250px]\" data-recirc-id=\"article-river-stacked-ads:native-cards\" data-mrf-recirculation=\"article-river-ads\" data-nosnippet data-ad-slot-path=\"feed-sponsored-post\" data-attribute-device=\"all\">\n<div class=\"max-w-full sponsored-post--placeholder animate-pulse\">\n<div class=\"relative!\"><span class=\"text-base text-black font-bold mx-0 my-2.5 p-0 block bg-gray-100\">\u00a0<br \/>\u00a0<\/span><\/div>\n<\/div>\n<\/div>\n<div>\n<div class=\"aspect-[var(--img-listing-aspect-ratio,16\/9)] relative mb-3.5\">\n    <source type=\"image\/webp\" srcset=\"https:\/\/cdn.mos.cms.futurecdn.net\/SUrbJubD6PjiiJxNkSg4eS-840-80.jpg.webp 840w, https:\/\/cdn.mos.cms.futurecdn.net\/SUrbJubD6PjiiJxNkSg4eS-650-80.jpg.webp 650w, https:\/\/cdn.mos.cms.futurecdn.net\/SUrbJubD6PjiiJxNkSg4eS-500-80.jpg.webp 500w, https:\/\/cdn.mos.cms.futurecdn.net\/SUrbJubD6PjiiJxNkSg4eS-450-80.jpg.webp 450w, https:\/\/cdn.mos.cms.futurecdn.net\/SUrbJubD6PjiiJxNkSg4eS-320-80.jpg.webp 320w\" sizes=\"(min-width: 900px) 925px, (min-width: 700px) 450px, calc(100vw - 48px)\" \/><\/div>\n<p><span class=\"custom-subheading-styles\">Teams &amp; Riders<\/span><span class=\"text-base text-black font-bold mx-0 my-2.5 p-0 block custom-text-styles\">\u2018At one point you have to say stop\u2019 \u2013 Damiano Caruso hopes for a final Tour de France ride as he confirms plans to retire this year<\/span><\/div>\n<div class=\"relative recirc-feed sponsored-card min-h-[250px]\" data-recirc-id=\"article-river-stacked-ads:native-cards\" data-mrf-recirculation=\"article-river-ads\" data-nosnippet data-ad-slot-path=\"feed-sponsored-post\" data-attribute-device=\"all\">\n<div class=\"max-w-full sponsored-post--placeholder animate-pulse\">\n<div class=\"relative!\"><span class=\"text-base text-black font-bold mx-0 my-2.5 p-0 block bg-gray-100\">\u00a0<br \/>\u00a0<\/span><\/div>\n<\/div>\n<\/div>\n<div>\n<div class=\"aspect-[var(--img-listing-aspect-ratio,16\/9)] relative mb-3.5\">\n    <source type=\"image\/webp\" srcset=\"https:\/\/cdn.mos.cms.futurecdn.net\/FybojdVd79PonXnxEokDBP-840-80.jpg.webp 840w, https:\/\/cdn.mos.cms.futurecdn.net\/FybojdVd79PonXnxEokDBP-650-80.jpg.webp 650w, https:\/\/cdn.mos.cms.futurecdn.net\/FybojdVd79PonXnxEokDBP-500-80.jpg.webp 500w, https:\/\/cdn.mos.cms.futurecdn.net\/FybojdVd79PonXnxEokDBP-450-80.jpg.webp 450w, https:\/\/cdn.mos.cms.futurecdn.net\/FybojdVd79PonXnxEokDBP-320-80.jpg.webp 320w\" sizes=\"(min-width: 900px) 925px, (min-width: 700px) 450px, calc(100vw - 48px)\" \/><\/div>\n<p><span class=\"custom-subheading-styles\">Teams &amp; Riders<\/span><span class=\"text-base text-black font-bold mx-0 my-2.5 p-0 block custom-text-styles\">&#8216;There&#8217;s no time for nostalgia&#8217;  &#8211; Increasingly fraught fight for last-chance breaks in Tour de France keep 2026 retiree Ion Izagirre focused on race<\/span><\/div>\n<div class=\"relative recirc-feed sponsored-card min-h-[250px]\" data-recirc-id=\"article-river-stacked-ads:native-cards\" data-mrf-recirculation=\"article-river-ads\" data-nosnippet data-ad-slot-path=\"feed-sponsored-post\" data-attribute-device=\"all\">\n<div class=\"max-w-full sponsored-post--placeholder animate-pulse\">\n<div class=\"relative!\"><span class=\"text-base text-black font-bold mx-0 my-2.5 p-0 block bg-gray-100\">\u00a0<br \/>\u00a0<\/span><\/div>\n<\/div>\n<\/div>\n<div>\n<div class=\"aspect-[var(--img-listing-aspect-ratio,16\/9)] relative mb-3.5\">\n    <source type=\"image\/webp\" srcset=\"https:\/\/cdn.mos.cms.futurecdn.net\/uxQp5fRzS4VxGsyfPN95CJ-840-80.png.webp 840w, https:\/\/cdn.mos.cms.futurecdn.net\/uxQp5fRzS4VxGsyfPN95CJ-650-80.png.webp 650w, https:\/\/cdn.mos.cms.futurecdn.net\/uxQp5fRzS4VxGsyfPN95CJ-500-80.png.webp 500w, https:\/\/cdn.mos.cms.futurecdn.net\/uxQp5fRzS4VxGsyfPN95CJ-450-80.png.webp 450w, https:\/\/cdn.mos.cms.futurecdn.net\/uxQp5fRzS4VxGsyfPN95CJ-320-80.png.webp 320w\" sizes=\"(min-width: 900px) 925px, (min-width: 700px) 450px, calc(100vw - 48px)\" \/><\/div>\n<p><span class=\"custom-subheading-styles\">Teams &amp; Riders<\/span><span class=\"text-base text-black font-bold mx-0 my-2.5 p-0 block custom-text-styles\">Tadej Poga\u010dar confirmed for first return to Vuelta a Espa\u00f1a since 2019 Grand Tour debut<\/span><\/div>\n<div class=\"relative recirc-feed sponsored-card min-h-[250px]\" data-recirc-id=\"article-river-stacked-ads:native-cards\" data-mrf-recirculation=\"article-river-ads\" data-nosnippet data-ad-slot-path=\"feed-sponsored-post\" data-attribute-device=\"all\">\n<div class=\"max-w-full sponsored-post--placeholder animate-pulse\">\n<div class=\"relative!\"><span class=\"text-base text-black font-bold mx-0 my-2.5 p-0 block bg-gray-100\">\u00a0<br \/>\u00a0<\/span><\/div>\n<\/div>\n<\/div>\n<div>\n<div class=\"aspect-[var(--img-listing-aspect-ratio,16\/9)] relative mb-3.5\">\n    <source type=\"image\/webp\" srcset=\"https:\/\/cdn.mos.cms.futurecdn.net\/HugKUeN5YEuJpC3Be2ZtWS-840-80.jpg.webp 840w, https:\/\/cdn.mos.cms.futurecdn.net\/HugKUeN5YEuJpC3Be2ZtWS-650-80.jpg.webp 650w, https:\/\/cdn.mos.cms.futurecdn.net\/HugKUeN5YEuJpC3Be2ZtWS-500-80.jpg.webp 500w, https:\/\/cdn.mos.cms.futurecdn.net\/HugKUeN5YEuJpC3Be2ZtWS-450-80.jpg.webp 450w, https:\/\/cdn.mos.cms.futurecdn.net\/HugKUeN5YEuJpC3Be2ZtWS-320-80.jpg.webp 320w\" sizes=\"(min-width: 900px) 925px, (min-width: 700px) 450px, calc(100vw - 48px)\" \/><\/div>\n<p><span class=\"custom-subheading-styles\">Racing<\/span><span class=\"text-base text-black font-bold mx-0 my-2.5 p-0 block custom-text-styles\">Juan Ayuso focuses on Canadian Classics, World Championships and Monument debut at Il Lombardia for second half of season<\/span><\/div>\n<div class=\"relative recirc-feed sponsored-card min-h-[250px]\" data-recirc-id=\"article-river-stacked-ads:native-cards\" data-mrf-recirculation=\"article-river-ads\" data-nosnippet data-ad-slot-path=\"feed-sponsored-post\" data-attribute-device=\"all\">\n<div class=\"max-w-full sponsored-post--placeholder animate-pulse\">\n<div class=\"relative!\"><span class=\"text-base text-black font-bold mx-0 my-2.5 p-0 block bg-gray-100\">\u00a0<br \/>\u00a0<\/span><\/div>\n<\/div>\n<\/div>\n<div>\n<div class=\"aspect-[var(--img-listing-aspect-ratio,16\/9)] relative mb-3.5\">\n    <source type=\"image\/webp\" srcset=\"https:\/\/cdn.mos.cms.futurecdn.net\/qLjJggdWtbVNX4qHkQR7Ka-840-80.jpg.webp 840w, https:\/\/cdn.mos.cms.futurecdn.net\/qLjJggdWtbVNX4qHkQR7Ka-650-80.jpg.webp 650w, https:\/\/cdn.mos.cms.futurecdn.net\/qLjJggdWtbVNX4qHkQR7Ka-500-80.jpg.webp 500w, https:\/\/cdn.mos.cms.futurecdn.net\/qLjJggdWtbVNX4qHkQR7Ka-450-80.jpg.webp 450w, https:\/\/cdn.mos.cms.futurecdn.net\/qLjJggdWtbVNX4qHkQR7Ka-320-80.jpg.webp 320w\" sizes=\"(min-width: 900px) 925px, (min-width: 700px) 450px, calc(100vw - 48px)\" \/><\/div>\n<p><span class=\"custom-subheading-styles\">Pro Cycling<\/span><span class=\"text-base text-black font-bold mx-0 my-2.5 p-0 block custom-text-styles\">&#8216;A bit of a surprise&#8217; \u2013 Egan Bernal sidetracked from Vuelta a Espa\u00f1a build-up with late Tour de France selection<\/span><\/div>\n<div class=\"relative recirc-feed sponsored-card min-h-[250px]\" data-recirc-id=\"article-river-stacked-ads:native-cards\" data-mrf-recirculation=\"article-river-ads\" data-nosnippet data-ad-slot-path=\"feed-sponsored-post\" data-attribute-device=\"all\">\n<div class=\"max-w-full sponsored-post--placeholder animate-pulse\">\n<div class=\"relative!\"><span class=\"text-base text-black font-bold mx-0 my-2.5 p-0 block bg-gray-100\">\u00a0<br \/>\u00a0<\/span><\/div>\n<\/div>\n<\/div>\n<\/div>\n<\/div>\n<\/aside>\n<aside class=\"w-full\" data-nosnippet data-mrf-recirculation=\"article-river-stacked\">\n<div data-recirc-id=\"article-river-stacked-solr:latest-category\">\n<div class=\"text-white py-4 px-3 mb-4 bg-[#333] uppercase font-bold custom-header-styles\">Latest in Teams &amp; Riders<\/div>\n<div class=\"grid grid-cols-1 gap-4 mt-4 mb-5\">\n<div>\n<div class=\"aspect-[var(--img-listing-aspect-ratio,16\/9)] relative mb-3.5\">\n    <source type=\"image\/webp\" srcset=\"https:\/\/cdn.mos.cms.futurecdn.net\/HghRJP9JjYvNXgXBVhkq6h-840-80.jpg.webp 840w, https:\/\/cdn.mos.cms.futurecdn.net\/HghRJP9JjYvNXgXBVhkq6h-650-80.jpg.webp 650w, https:\/\/cdn.mos.cms.futurecdn.net\/HghRJP9JjYvNXgXBVhkq6h-500-80.jpg.webp 500w, https:\/\/cdn.mos.cms.futurecdn.net\/HghRJP9JjYvNXgXBVhkq6h-450-80.jpg.webp 450w, https:\/\/cdn.mos.cms.futurecdn.net\/HghRJP9JjYvNXgXBVhkq6h-320-80.jpg.webp 320w\" sizes=\"(min-width: 900px) 925px, (min-width: 700px) 450px, calc(100vw - 48px)\" \/><\/div>\n<p><span class=\"custom-subheading-styles\">Teams &amp; Riders<\/span><span class=\"text-base text-black font-bold mx-0 my-2.5 p-0 block custom-text-styles\">Bob Jungels calls time on 15-year professional cycling career to take on new business venture<\/span><\/div>\n<div class=\"relative recirc-feed sponsored-card min-h-[250px]\" data-recirc-id=\"article-river-stacked-ads:native-cards\" data-mrf-recirculation=\"article-river-ads\" data-nosnippet data-ad-slot-path=\"feed-sponsored-post\" data-attribute-device=\"all\">\n<div class=\"max-w-full sponsored-post--placeholder animate-pulse\">\n<div class=\"relative!\"><span class=\"text-base text-black font-bold mx-0 my-2.5 p-0 block bg-gray-100\">\u00a0<br \/>\u00a0<\/span><\/div>\n<\/div>\n<\/div>\n<div>\n<div class=\"aspect-[var(--img-listing-aspect-ratio,16\/9)] relative mb-3.5\">\n    <source type=\"image\/webp\" srcset=\"https:\/\/cdn.mos.cms.futurecdn.net\/QL4TfcDkAYHJLFp34Pqnma-840-80.jpg.webp 840w, https:\/\/cdn.mos.cms.futurecdn.net\/QL4TfcDkAYHJLFp34Pqnma-650-80.jpg.webp 650w, https:\/\/cdn.mos.cms.futurecdn.net\/QL4TfcDkAYHJLFp34Pqnma-500-80.jpg.webp 500w, https:\/\/cdn.mos.cms.futurecdn.net\/QL4TfcDkAYHJLFp34Pqnma-450-80.jpg.webp 450w, https:\/\/cdn.mos.cms.futurecdn.net\/QL4TfcDkAYHJLFp34Pqnma-320-80.jpg.webp 320w\" sizes=\"(min-width: 900px) 925px, (min-width: 700px) 450px, calc(100vw - 48px)\" \/><\/div>\n<p><span class=\"custom-subheading-styles\">Teams &amp; Riders<\/span><span class=\"text-base text-black font-bold mx-0 my-2.5 p-0 block custom-text-styles\">&#8216;I think my season&#8217;s over&#8217; &#8211; Lucas Bourgoyne misses momentum at American Criterium Cup with appendectomy<\/span><\/div>\n<div class=\"relative recirc-feed sponsored-card min-h-[250px]\" data-recirc-id=\"article-river-stacked-ads:native-cards\" data-mrf-recirculation=\"article-river-ads\" data-nosnippet data-ad-slot-path=\"feed-sponsored-post\" data-attribute-device=\"all\">\n<div class=\"max-w-full sponsored-post--placeholder animate-pulse\">\n<div class=\"relative!\"><span class=\"text-base text-black font-bold mx-0 my-2.5 p-0 block bg-gray-100\">\u00a0<br \/>\u00a0<\/span><\/div>\n<\/div>\n<\/div>\n<div>\n<div class=\"aspect-[var(--img-listing-aspect-ratio,16\/9)] relative mb-3.5\">\n    <source type=\"image\/webp\" srcset=\"https:\/\/cdn.mos.cms.futurecdn.net\/ZWLJj9gfmCjg62TMpCFt2d-840-80.jpg.webp 840w, https:\/\/cdn.mos.cms.futurecdn.net\/ZWLJj9gfmCjg62TMpCFt2d-650-80.jpg.webp 650w, https:\/\/cdn.mos.cms.futurecdn.net\/ZWLJj9gfmCjg62TMpCFt2d-500-80.jpg.webp 500w, https:\/\/cdn.mos.cms.futurecdn.net\/ZWLJj9gfmCjg62TMpCFt2d-450-80.jpg.webp 450w, https:\/\/cdn.mos.cms.futurecdn.net\/ZWLJj9gfmCjg62TMpCFt2d-320-80.jpg.webp 320w\" sizes=\"(min-width: 900px) 925px, (min-width: 700px) 450px, calc(100vw - 48px)\" \/><\/div>\n<p><span class=\"custom-subheading-styles\">Teams &amp; Riders<\/span><span class=\"text-base text-black font-bold mx-0 my-2.5 p-0 block custom-text-styles\">Quinn Simmons, Luke Lamperti, Maggie Coles-Lyster and Kristen Faulkner among WorldTour riders confirmed for Philadelphia Cycling Classic<\/span><\/div>\n<div class=\"relative recirc-feed sponsored-card min-h-[250px]\" data-recirc-id=\"article-river-stacked-ads:native-cards\" data-mrf-recirculation=\"article-river-ads\" data-nosnippet data-ad-slot-path=\"feed-sponsored-post\" data-attribute-device=\"all\">\n<div class=\"max-w-full sponsored-post--placeholder animate-pulse\">\n<div class=\"relative!\"><span class=\"text-base text-black font-bold mx-0 my-2.5 p-0 block bg-gray-100\">\u00a0<br \/>\u00a0<\/span><\/div>\n<\/div>\n<\/div>\n<div>\n<div class=\"aspect-[var(--img-listing-aspect-ratio,16\/9)] relative mb-3.5\">\n    <source type=\"image\/webp\" srcset=\"https:\/\/cdn.mos.cms.futurecdn.net\/mekquUgc6QK5c55XaBzarY-840-80.jpg.webp 840w, https:\/\/cdn.mos.cms.futurecdn.net\/mekquUgc6QK5c55XaBzarY-650-80.jpg.webp 650w, https:\/\/cdn.mos.cms.futurecdn.net\/mekquUgc6QK5c55XaBzarY-500-80.jpg.webp 500w, https:\/\/cdn.mos.cms.futurecdn.net\/mekquUgc6QK5c55XaBzarY-450-80.jpg.webp 450w, https:\/\/cdn.mos.cms.futurecdn.net\/mekquUgc6QK5c55XaBzarY-320-80.jpg.webp 320w\" sizes=\"(min-width: 900px) 925px, (min-width: 700px) 450px, calc(100vw - 48px)\" \/><\/div>\n<p><span class=\"custom-subheading-styles\">Teams &amp; Riders<\/span><span class=\"text-base text-black font-bold mx-0 my-2.5 p-0 block custom-text-styles\">&#8216;We have to be realistic&#8217; \u2013 Red Bull-Bora-Hansgrohe focus on Vuelta a Espa\u00f1a stage wins, Primo\u017e Rogli\u010d\u2019s form will be &#8216;assessed progressively&#8217;<\/span><\/div>\n<div class=\"relative recirc-feed sponsored-card min-h-[250px]\" data-recirc-id=\"article-river-stacked-ads:native-cards\" data-mrf-recirculation=\"article-river-ads\" data-nosnippet data-ad-slot-path=\"feed-sponsored-post\" data-attribute-device=\"all\">\n<div class=\"max-w-full sponsored-post--placeholder animate-pulse\">\n<div class=\"relative!\"><span class=\"text-base text-black font-bold mx-0 my-2.5 p-0 block bg-gray-100\">\u00a0<br \/>\u00a0<\/span><\/div>\n<\/div>\n<\/div>\n<div>\n<div class=\"aspect-[var(--img-listing-aspect-ratio,16\/9)] relative mb-3.5\">\n    <source type=\"image\/webp\" srcset=\"https:\/\/cdn.mos.cms.futurecdn.net\/S8XBVXkADYwhYuZWL5XML3-840-80.jpg.webp 840w, https:\/\/cdn.mos.cms.futurecdn.net\/S8XBVXkADYwhYuZWL5XML3-650-80.jpg.webp 650w, https:\/\/cdn.mos.cms.futurecdn.net\/S8XBVXkADYwhYuZWL5XML3-500-80.jpg.webp 500w, https:\/\/cdn.mos.cms.futurecdn.net\/S8XBVXkADYwhYuZWL5XML3-450-80.jpg.webp 450w, https:\/\/cdn.mos.cms.futurecdn.net\/S8XBVXkADYwhYuZWL5XML3-320-80.jpg.webp 320w\" sizes=\"(min-width: 900px) 925px, (min-width: 700px) 450px, calc(100vw - 48px)\" \/><\/div>\n<p><span class=\"custom-subheading-styles\">Transfers<\/span><span class=\"text-base text-black font-bold mx-0 my-2.5 p-0 block custom-text-styles\">Tadej Poga\u010dar gets a new teammate for 2027 as UAE Team Emirates-XRG sign Italian all-rounder<\/span><\/div>\n<div class=\"relative recirc-feed sponsored-card min-h-[250px]\" data-recirc-id=\"article-river-stacked-ads:native-cards\" data-mrf-recirculation=\"article-river-ads\" data-nosnippet data-ad-slot-path=\"feed-sponsored-post\" data-attribute-device=\"all\">\n<div class=\"max-w-full sponsored-post--placeholder animate-pulse\">\n<div class=\"relative!\"><span class=\"text-base text-black font-bold mx-0 my-2.5 p-0 block bg-gray-100\">\u00a0<br \/>\u00a0<\/span><\/div>\n<\/div>\n<\/div>\n<div>\n<div class=\"aspect-[var(--img-listing-aspect-ratio,16\/9)] relative mb-3.5\">\n    <source type=\"image\/webp\" srcset=\"https:\/\/cdn.mos.cms.futurecdn.net\/N9pFoLkReg7BfAfct59wW4-840-80.jpg.webp 840w, https:\/\/cdn.mos.cms.futurecdn.net\/N9pFoLkReg7BfAfct59wW4-650-80.jpg.webp 650w, https:\/\/cdn.mos.cms.futurecdn.net\/N9pFoLkReg7BfAfct59wW4-500-80.jpg.webp 500w, https:\/\/cdn.mos.cms.futurecdn.net\/N9pFoLkReg7BfAfct59wW4-450-80.jpg.webp 450w, https:\/\/cdn.mos.cms.futurecdn.net\/N9pFoLkReg7BfAfct59wW4-320-80.jpg.webp 320w\" sizes=\"(min-width: 900px) 925px, (min-width: 700px) 450px, calc(100vw - 48px)\" \/><\/div>\n<p><span class=\"custom-subheading-styles\">Teams &amp; Riders<\/span><span class=\"text-base text-black font-bold mx-0 my-2.5 p-0 block custom-text-styles\">Visma-Lease a Bike to be led by Wout van Aert, Matthew Brennan and Sepp Kuss at Vuelta a Espana<\/span><\/div>\n<div class=\"relative recirc-feed sponsored-card min-h-[250px]\" data-recirc-id=\"article-river-stacked-ads:native-cards\" data-mrf-recirculation=\"article-river-ads\" data-nosnippet data-ad-slot-path=\"feed-sponsored-post\" data-attribute-device=\"all\">\n<div class=\"max-w-full sponsored-post--placeholder animate-pulse\">\n<div class=\"relative!\"><span class=\"text-base text-black font-bold mx-0 my-2.5 p-0 block bg-gray-100\">\u00a0<br \/>\u00a0<\/span><\/div>\n<\/div>\n<\/div>\n<\/div>\n<\/div>\n<\/aside>\n<aside class=\"w-full\" data-nosnippet data-mrf-recirculation=\"article-river-stacked\">\n<div data-recirc-id=\"article-river-stacked-solr:latest-articletype\">\n<div class=\"text-white py-4 px-3 mb-4 bg-[#333] uppercase font-bold custom-header-styles\">Latest in News<\/div>\n<div class=\"grid grid-cols-1 gap-4 mt-4 mb-5\">\n<div>\n<div class=\"aspect-[var(--img-listing-aspect-ratio,16\/9)] relative mb-3.5\">\n    <source type=\"image\/webp\" srcset=\"https:\/\/cdn.mos.cms.futurecdn.net\/HghRJP9JjYvNXgXBVhkq6h-840-80.jpg.webp 840w, https:\/\/cdn.mos.cms.futurecdn.net\/HghRJP9JjYvNXgXBVhkq6h-650-80.jpg.webp 650w, https:\/\/cdn.mos.cms.futurecdn.net\/HghRJP9JjYvNXgXBVhkq6h-500-80.jpg.webp 500w, https:\/\/cdn.mos.cms.futurecdn.net\/HghRJP9JjYvNXgXBVhkq6h-450-80.jpg.webp 450w, https:\/\/cdn.mos.cms.futurecdn.net\/HghRJP9JjYvNXgXBVhkq6h-320-80.jpg.webp 320w\" sizes=\"(min-width: 900px) 925px, (min-width: 700px) 450px, calc(100vw - 48px)\" \/><\/div>\n<p><span class=\"custom-subheading-styles\">Teams &amp; Riders<\/span><span class=\"text-base text-black font-bold mx-0 my-2.5 p-0 block custom-text-styles\">Bob Jungels calls time on 15-year professional cycling career to take on new business venture<\/span><\/div>\n<div class=\"relative recirc-feed sponsored-card min-h-[250px]\" data-recirc-id=\"article-river-stacked-ads:native-cards\" data-mrf-recirculation=\"article-river-ads\" data-nosnippet data-ad-slot-path=\"feed-sponsored-post\" data-attribute-device=\"all\">\n<div class=\"max-w-full sponsored-post--placeholder animate-pulse\">\n<div class=\"relative!\"><span class=\"text-base text-black font-bold mx-0 my-2.5 p-0 block bg-gray-100\">\u00a0<br \/>\u00a0<\/span><\/div>\n<\/div>\n<\/div>\n<div>\n<div class=\"aspect-[var(--img-listing-aspect-ratio,16\/9)] relative mb-3.5\">\n    <source type=\"image\/webp\" srcset=\"https:\/\/cdn.mos.cms.futurecdn.net\/QL4TfcDkAYHJLFp34Pqnma-840-80.jpg.webp 840w, https:\/\/cdn.mos.cms.futurecdn.net\/QL4TfcDkAYHJLFp34Pqnma-650-80.jpg.webp 650w, https:\/\/cdn.mos.cms.futurecdn.net\/QL4TfcDkAYHJLFp34Pqnma-500-80.jpg.webp 500w, https:\/\/cdn.mos.cms.futurecdn.net\/QL4TfcDkAYHJLFp34Pqnma-450-80.jpg.webp 450w, https:\/\/cdn.mos.cms.futurecdn.net\/QL4TfcDkAYHJLFp34Pqnma-320-80.jpg.webp 320w\" sizes=\"(min-width: 900px) 925px, (min-width: 700px) 450px, calc(100vw - 48px)\" \/><\/div>\n<p><span class=\"custom-subheading-styles\">Teams &amp; Riders<\/span><span class=\"text-base text-black font-bold mx-0 my-2.5 p-0 block custom-text-styles\">&#8216;I think my season&#8217;s over&#8217; &#8211; Lucas Bourgoyne misses momentum at American Criterium Cup with appendectomy<\/span><\/div>\n<div class=\"relative recirc-feed sponsored-card min-h-[250px]\" data-recirc-id=\"article-river-stacked-ads:native-cards\" data-mrf-recirculation=\"article-river-ads\" data-nosnippet data-ad-slot-path=\"feed-sponsored-post\" data-attribute-device=\"all\">\n<div class=\"max-w-full sponsored-post--placeholder animate-pulse\">\n<div class=\"relative!\"><span class=\"text-base text-black font-bold mx-0 my-2.5 p-0 block bg-gray-100\">\u00a0<br \/>\u00a0<\/span><\/div>\n<\/div>\n<\/div>\n<div>\n<div class=\"aspect-[var(--img-listing-aspect-ratio,16\/9)] relative mb-3.5\">\n    <source type=\"image\/webp\" srcset=\"https:\/\/cdn.mos.cms.futurecdn.net\/ZWLJj9gfmCjg62TMpCFt2d-840-80.jpg.webp 840w, https:\/\/cdn.mos.cms.futurecdn.net\/ZWLJj9gfmCjg62TMpCFt2d-650-80.jpg.webp 650w, https:\/\/cdn.mos.cms.futurecdn.net\/ZWLJj9gfmCjg62TMpCFt2d-500-80.jpg.webp 500w, https:\/\/cdn.mos.cms.futurecdn.net\/ZWLJj9gfmCjg62TMpCFt2d-450-80.jpg.webp 450w, https:\/\/cdn.mos.cms.futurecdn.net\/ZWLJj9gfmCjg62TMpCFt2d-320-80.jpg.webp 320w\" sizes=\"(min-width: 900px) 925px, (min-width: 700px) 450px, calc(100vw - 48px)\" \/><\/div>\n<p><span class=\"custom-subheading-styles\">Teams &amp; Riders<\/span><span class=\"text-base text-black font-bold mx-0 my-2.5 p-0 block custom-text-styles\">Quinn Simmons, Luke Lamperti, Maggie Coles-Lyster and Kristen Faulkner among WorldTour riders confirmed for Philadelphia Cycling Classic<\/span><\/div>\n<div class=\"relative recirc-feed sponsored-card min-h-[250px]\" data-recirc-id=\"article-river-stacked-ads:native-cards\" data-mrf-recirculation=\"article-river-ads\" data-nosnippet data-ad-slot-path=\"feed-sponsored-post\" data-attribute-device=\"all\">\n<div class=\"max-w-full sponsored-post--placeholder animate-pulse\">\n<div class=\"relative!\"><span class=\"text-base text-black font-bold mx-0 my-2.5 p-0 block bg-gray-100\">\u00a0<br \/>\u00a0<\/span><\/div>\n<\/div>\n<\/div>\n<div>\n<div class=\"aspect-[var(--img-listing-aspect-ratio,16\/9)] relative mb-3.5\">\n    <source type=\"image\/webp\" srcset=\"https:\/\/cdn.mos.cms.futurecdn.net\/fJJxXLdzBYSDFcWRkPpb7j-840-80.png.webp 840w, https:\/\/cdn.mos.cms.futurecdn.net\/fJJxXLdzBYSDFcWRkPpb7j-650-80.png.webp 650w, https:\/\/cdn.mos.cms.futurecdn.net\/fJJxXLdzBYSDFcWRkPpb7j-500-80.png.webp 500w, https:\/\/cdn.mos.cms.futurecdn.net\/fJJxXLdzBYSDFcWRkPpb7j-450-80.png.webp 450w, https:\/\/cdn.mos.cms.futurecdn.net\/fJJxXLdzBYSDFcWRkPpb7j-320-80.png.webp 320w\" sizes=\"(min-width: 900px) 925px, (min-width: 700px) 450px, calc(100vw - 48px)\" \/><\/div>\n<p><span class=\"custom-subheading-styles\">Streaming<\/span><span class=\"text-base text-black font-bold mx-0 my-2.5 p-0 block custom-text-styles\">How to watch Vuelta a Espa\u00f1a 2026 \u2013 Live streams and official broadcasters<\/span><\/div>\n<div class=\"relative recirc-feed sponsored-card min-h-[250px]\" data-recirc-id=\"article-river-stacked-ads:native-cards\" data-mrf-recirculation=\"article-river-ads\" data-nosnippet data-ad-slot-path=\"feed-sponsored-post\" data-attribute-device=\"all\">\n<div class=\"max-w-full sponsored-post--placeholder animate-pulse\">\n<div class=\"relative!\"><span class=\"text-base text-black font-bold mx-0 my-2.5 p-0 block bg-gray-100\">\u00a0<br \/>\u00a0<\/span><\/div>\n<\/div>\n<\/div>\n<div>\n<div class=\"aspect-[var(--img-listing-aspect-ratio,16\/9)] relative mb-3.5\">\n    <source type=\"image\/webp\" srcset=\"https:\/\/cdn.mos.cms.futurecdn.net\/mekquUgc6QK5c55XaBzarY-840-80.jpg.webp 840w, https:\/\/cdn.mos.cms.futurecdn.net\/mekquUgc6QK5c55XaBzarY-650-80.jpg.webp 650w, https:\/\/cdn.mos.cms.futurecdn.net\/mekquUgc6QK5c55XaBzarY-500-80.jpg.webp 500w, https:\/\/cdn.mos.cms.futurecdn.net\/mekquUgc6QK5c55XaBzarY-450-80.jpg.webp 450w, https:\/\/cdn.mos.cms.futurecdn.net\/mekquUgc6QK5c55XaBzarY-320-80.jpg.webp 320w\" sizes=\"(min-width: 900px) 925px, (min-width: 700px) 450px, calc(100vw - 48px)\" \/><\/div>\n<p><span class=\"custom-subheading-styles\">Teams &amp; Riders<\/span><span class=\"text-base text-black font-bold mx-0 my-2.5 p-0 block custom-text-styles\">&#8216;We have to be realistic&#8217; \u2013 Red Bull-Bora-Hansgrohe focus on Vuelta a Espa\u00f1a stage wins, Primo\u017e Rogli\u010d\u2019s form will be &#8216;assessed progressively&#8217;<\/span><\/div>\n<div class=\"relative recirc-feed sponsored-card min-h-[250px]\" data-recirc-id=\"article-river-stacked-ads:native-cards\" data-mrf-recirculation=\"article-river-ads\" data-nosnippet data-ad-slot-path=\"feed-sponsored-post\" data-attribute-device=\"all\">\n<div class=\"max-w-full sponsored-post--placeholder animate-pulse\">\n<div class=\"relative!\"><span class=\"text-base text-black font-bold mx-0 my-2.5 p-0 block bg-gray-100\">\u00a0<br \/>\u00a0<\/span><\/div>\n<\/div>\n<\/div>\n<div>\n<div class=\"aspect-[var(--img-listing-aspect-ratio,16\/9)] relative mb-3.5\">\n    <source type=\"image\/webp\" srcset=\"https:\/\/cdn.mos.cms.futurecdn.net\/S8XBVXkADYwhYuZWL5XML3-840-80.jpg.webp 840w, https:\/\/cdn.mos.cms.futurecdn.net\/S8XBVXkADYwhYuZWL5XML3-650-80.jpg.webp 650w, https:\/\/cdn.mos.cms.futurecdn.net\/S8XBVXkADYwhYuZWL5XML3-500-80.jpg.webp 500w, https:\/\/cdn.mos.cms.futurecdn.net\/S8XBVXkADYwhYuZWL5XML3-450-80.jpg.webp 450w, https:\/\/cdn.mos.cms.futurecdn.net\/S8XBVXkADYwhYuZWL5XML3-320-80.jpg.webp 320w\" sizes=\"(min-width: 900px) 925px, (min-width: 700px) 450px, calc(100vw - 48px)\" \/><\/div>\n<p><span class=\"custom-subheading-styles\">Transfers<\/span><span class=\"text-base text-black font-bold mx-0 my-2.5 p-0 block custom-text-styles\">Tadej Poga\u010dar gets a new teammate for 2027 as UAE Team Emirates-XRG sign Italian all-rounder<\/span><\/div>\n<div class=\"relative recirc-feed sponsored-card min-h-[250px]\" data-recirc-id=\"article-river-stacked-ads:native-cards\" data-mrf-recirculation=\"article-river-ads\" data-nosnippet data-ad-slot-path=\"feed-sponsored-post\" data-attribute-device=\"all\">\n<div class=\"max-w-full sponsored-post--placeholder animate-pulse\">\n<div class=\"relative!\"><span class=\"text-base text-black font-bold mx-0 my-2.5 p-0 block bg-gray-100\">\u00a0<br \/>\u00a0<\/span><\/div>\n<\/div>\n<\/div>\n<\/div>\n<\/div>\n<\/aside>\n<\/section>\n<\/div>\n<\/div>\n<\/div>\n<div id=\"widgetArea17\" class=\"widget-area md:basis-1\/3 widget-area-g-md-vp-1-3 widget-area-g-lg-vp-1-3 widget-area-g-xl-vp-1-3 page-widget-area-17\">\n<div data-widget-type=\"dynamic\" id=\"popular-data\" class=\"clear-both widget widget-dynamic widget-popular-data widget-dynamic-popular-data widget-dynamic-fter-popular-box\">\n<div class=\"wdn-fte-pb pos-relative space-t20\n\"><\/p>\n<div class=\"slice-container popular-box-slice\">\n<section class=\"popular-box\" data-component-name=\"Slice:PopularBox\">\n<div class=\"popular-box__label\">\n<div class=\"popular-box__label__tab popular-box__label__tab--active\" role=\"heading\">\nLATEST ARTICLES\n<\/div>\n<\/div>\n<ol class=\"popular-box__articles-list popular-box__articles-list--active\">\n<li class=\"popular-box__article-list\">\n<div class=\"popular-box__article-list__container\">\n<div class=\"popular-box__article-list__image-wrapper\">\n<div>\n<source type=\"image\/webp\" srcset=\"https:\/\/cdn.mos.cms.futurecdn.net\/HghRJP9JjYvNXgXBVhkq6h-1280-80.jpg.webp 1280w, https:\/\/cdn.mos.cms.futurecdn.net\/HghRJP9JjYvNXgXBVhkq6h-720-80.jpg.webp 720w, https:\/\/cdn.mos.cms.futurecdn.net\/HghRJP9JjYvNXgXBVhkq6h-640-80.jpg.webp 640w, https:\/\/cdn.mos.cms.futurecdn.net\/HghRJP9JjYvNXgXBVhkq6h-320-80.jpg.webp 320w\" sizes=\"99vw\" \/><\/div>\n<\/div>\n<div class=\"popular-box__article-list__content\">\n<div class=\"popular-box__article-list__number-text\">1<\/div>\n<div class=\"popular-box__article-list__heading\">\n<p>Bob Jungels calls time on 15-year professional cycling career to take on new business venture<\/p>\n<\/div>\n<\/div>\n<\/div>\n<\/li>\n<li class=\"popular-box__article-list\">\n<div class=\"popular-box__article-list__container\">\n<div class=\"popular-box__article-list__content\">\n<div class=\"popular-box__article-list__number-text\">2<\/div>\n<div class=\"popular-box__article-list__heading\">\n<p>&#8216;The Vuelta is going to be arduous, even for Tadej&#8217; \u2013 UAE performance head warns that nobody, not even Poga\u010dar, will have it easy this summer in Spain<\/p>\n<\/div>\n<\/div>\n<\/div>\n<\/li>\n<li class=\"popular-box__article-list\">\n<div class=\"popular-box__article-list__container\">\n<div class=\"popular-box__article-list__content\">\n<div class=\"popular-box__article-list__number-text\">3<\/div>\n<div class=\"popular-box__article-list__heading\">\n<p>&#8216;I think my season&#8217;s over&#8217; &#8211; Lucas Bourgoyne misses momentum at American Criterium Cup with appendectomy<\/p>\n<\/div>\n<\/div>\n<\/div>\n<\/li>\n<li class=\"popular-box__article-list\">\n<div class=\"popular-box__article-list__container\">\n<div class=\"popular-box__article-list__content\">\n<div class=\"popular-box__article-list__number-text\">4<\/div>\n<div class=\"popular-box__article-list__heading\">\n<p>Quinn Simmons, Luke Lamperti, Maggie Coles-Lyster and Kristen Faulkner among WorldTour riders confirmed for Philadelphia Cycling Classic<\/p>\n<\/div>\n<\/div>\n<\/div>\n<\/li>\n<li class=\"popular-box__article-list\">\n<div class=\"popular-box__article-list__container\">\n<div class=\"popular-box__article-list__content\">\n<div class=\"popular-box__article-list__number-text\">5<\/div>\n<div class=\"popular-box__article-list__heading\">\n<p>How to watch Vuelta a Espa\u00f1a 2026 \u2013 Live streams and official broadcasters<\/p>\n<\/div>\n<\/div>\n<\/div>\n<\/li>\n<\/ol>\n<\/section>\n<\/div>\n<\/div>\n<\/div>\n<\/div>\n<\/div>\n<\/article>\n<div class=\"news-article\">\n<header data-component-name=\"Article:Hero\">\n<nav class=\"breadcrumb\" aria-label=\"Breadcrumbs\">\n<ol>\n<li>\nPro Cycling\n<\/li>\n<li>\nTeams &amp; Riders\n<\/li>\n<li>\nMovistar Team\n<\/li>\n<li>\nNairo Quintana\n<\/li>\n<\/ol>\n<\/nav>\n<h1>No Grand Tour send-off for Nairo Quintana as veteran climber misses Movistar selection for Vuelta a Espa\u00f1a<\/h1>\n<div class=\"byline-social\">\n<div class=\"vds-byline-block flex flex-row flex-nowrap my-1.5 gap-2 text-left items-start justify-start\" data-component-name=\"Article:BylineBlock\">\n<p>News<\/p>\n<div class=\"my-auto vds-simple-byline\"><span class=\"inline-block vds-author\"><br \/>\nBy<br \/>\nDani Ostanek <\/span><\/p>\n<div class=\"flex gap-1 vds-byline-with-avatar__meta\"><span class=\"vds-date block font-normal tracking-normal normal-case text-xs\"><br \/>\nPublished<br \/>\n<time data-component-name=\"UI:DateTime\" datetime=\"2026-08-18T11:24:30Z\" class=\"relative-date\"><br \/>\n18 August 2026<br \/>\n<\/time><\/span><\/div>\n<\/div>\n<\/div>\n<p class=\"strapline\">Colombian set to retire without one last start at Spanish Grand Tour, which he won in 2014<\/p>\n<\/div>\n<aside class=\"text-gray-700 flex items-center mx-0 my-5 p-0 justify-start text-left\" id=\"affiliate-disclaimer\" data-component-name=\"AffiliateDisclaimer\" data-hawk-message=\"Affiliate disclaimer removed because hawk deemed there are no affiliate links on this page\">\n<p class=\"text-[color:var(--affiliate-disclaimer--text-color,inherit)] mb-2 text-[length:var(--affiliate-disclaimer--font-size,0.75rem)] leading-[18px] md:text-[13px] [&amp;&gt;a]:text-inherit [&amp;&gt;a]:underline\">\nWhen you purchase through links on our site, we may earn an affiliate commission. Here\u2019s how it works.\n<\/p>\n<\/aside>\n<\/header>\n<\/div>\n<div id=\"article-body\" class=\"text-copy bodyCopy auto paywall-locker\">\n<div data-analytics-id=\"utility-bar\" id=\"utility-bar\" class=\"font-ui-heading flex justify-between items-center py-2 border-t border-b border-gray-300 border-solid mb-5 mx-auto\" data-component-name=\"UtilityBar\" data-mrf-recirculation=\"utility-bar\">\n<div class=\"flex gap-2 text-[#333] subcontainer\">\n<div class=\"relative tooltip-container\" role=\"tooltip\">\n<div data-component-name=\"Social:Dropdown\" role=\"menu\" id=\"utilitybar__dropdown--share\" aria-labelledby=\"utilitybar__button--share\" class=\"absolute left-0 top-full w-44 bg-white rounded-md shadow-md border border-neutral-200 z-[9996] list-none m-0 py-2 px-3 border-solid\">\n<ul class=\"m-0!\">\n<li class=\"!p-0 !m-0 list-none border-b border-gray-200 border-solid\">\n<li class=\"!p-0 !m-0 list-none border-b border-gray-200 border-solid\">\n<p>Facebook<\/p>\n<\/li>\n<li class=\"!p-0 !m-0 list-none border-b border-gray-200 border-solid\">\n<p>X<\/p>\n<\/li>\n<li class=\"!p-0 !m-0 list-none border-b border-gray-200 border-solid\">\n<p>Pinterest<\/p>\n<\/li>\n<li class=\"!p-0 !m-0 list-none border-b border-gray-200 border-solid\">\n<p>Email<\/p>\n<\/li>\n<\/ul>\n<\/div>\n<div class=\"font-ui-heading max-sm:hidden tooltip absolute left-1\/2 bg-gray-900 text-white text-xs leading-none px-3 py-1.5 rounded-md z-[10001] whitespace-nowrap\" id=\"tooltip-share-this-article\" role=\"tooltip\" aria-hidden=\"true\">\nShare this article\n<\/div>\n<\/div>\n<div class=\"relative tooltip-container\" role=\"tooltip\"><span class=\"ml-1 inline-flex h-5 px-2 shrink-0 items-center justify-center self-center overflow-hidden whitespace-nowrap rounded-[10px] bg-primary-500 text-[11px] leading-none font-ui-heading font-semibold text-white\">1<\/span><\/p>\n<div class=\"font-ui-heading max-sm:hidden tooltip absolute left-1\/2 bg-gray-900 text-white text-xs leading-none px-3 py-1.5 rounded-md z-[10001] whitespace-nowrap\" id=\"tooltip-join-the-conversation\" role=\"tooltip\" aria-hidden=\"true\">\nJoin the conversation\n<\/div>\n<\/div>\n<\/div>\n<div class=\"flex gap-2 text-[#333] subcontainer\">\n<div class=\"relative tooltip-container\" role=\"tooltip\">\n<p>Follow us<\/p>\n<div class=\"font-ui-heading max-sm:hidden tooltip absolute left-1\/2 bg-gray-900 text-white text-xs leading-none px-3 py-1.5 rounded-md z-[10001] whitespace-nowrap\" id=\"tooltip-add-us-as-a-preferred-source-on-google\" role=\"tooltip\" aria-hidden=\"true\">\nAdd us as a preferred source on Google\n<\/div>\n<\/div>\n<div class=\"relative tooltip-container\" role=\"tooltip\">\n<div class=\"font-ui-heading max-sm:hidden tooltip absolute left-1\/2 bg-gray-900 text-white text-xs leading-none px-3 py-1.5 rounded-md z-[10001] whitespace-nowrap\" id=\"tooltip-subscribe-to-our-newsletter\" role=\"tooltip\" aria-hidden=\"true\">\nSubscribe to our newsletter\n<\/div>\n<\/div>\n<\/div>\n<\/div>\n<p id=\"elk-d0bd9c60-9af5-11f1-9fde-8f81dbc2228f\">There&#8217;ll be no Grand Tour grand finale for the retiring Nairo Quintana this month after the Colombian was surprisingly left out of Movistar&#8217;s selection for the Vuelta a Espa\u00f1a.<\/p>\n<p>Quintana, 36, is racing the final season of his career this year, with 51 race days and eight stage races under his belt to date. He won&#8217;t bow out with a Grand Tour, however, after racing to a solid 18th place at the recent Vuelta a Burgos.<\/p>\n<p id=\"elk-d0bd9c60-9af5-11f1-9fde-8f81dbc2228f-2\" aria-hidden=\"true\" class=\"kiosq-b\">Movistar have instead named an eight-man selection headed up by 23-year-old Cian Uijtdebroeks and 31-year-old Enric Mas.<\/p>\n<div class=\"my-6 w-full overflow-hidden rounded-[10px] lg:my-8\" data-component-name=\"JwPlayer:Carousel\" data-jwp-carousel data-jwp-carousel-payload=\"{&quot;ids&quot;:{&quot;playerID&quot;:&quot;jYDCcabO&quot;,&quot;searchPlaylistID&quot;:&quot;gwjdoYHD&quot;,&quot;divID&quot;:&quot;botr_gwjdoYHD_jYDCcabO_div&quot;,&quot;fallbackPlaylistID&quot;:&quot;gwjdoYHD&quot;,&quot;fallbackDivID&quot;:&quot;botr_gwjdoYHD_jYDCcabO_div&quot;,&quot;key&quot;:&quot;X9\/mXVGac0NphghLH9hZaqWA5d3dhAM\/Ih07grnEyMLjuO2E&quot;,&quot;tintLogo&quot;:true,&quot;useSearchPlaylist&quot;:false,&quot;enabled&quot;:true},&quot;signPostingEnabled&quot;:true,&quot;signPostingLinkEnabled&quot;:true,&quot;waitForAdLoad&quot;:false,&quot;hidePlayerOnDesktop&quot;:false,&quot;hidePlayerOnMobile&quot;:false,&quot;hidePlayerOnTablet&quot;:false}\">\n<div class=\"flex flex-nowrap items-center justify-between gap-3 bg-zinc-900 px-[14px] py-3\" data-jwp-carousel-header>\n<div class=\"flex min-w-0 shrink items-center\"><span class=\"inline-flex items-center gap-1.5 text-sm font-article-heading capitalize leading-5 text-white whitespace-nowrap\"><span class=\"jwp-carousel-title-desktop\">Latest Videos From<\/span><span class=\"jwp-carousel-brand\">Cyclingnews<\/span><\/span><\/div>\n<\/div>\n<div class=\"min-h-[44px] bg-zinc-900 px-[14px] py-3\" data-jwp-carousel-signposting><a class=\"invisible block truncate text-sm font-bold leading-5 text-white underline decoration-solid underline-offset-2\" data-jwp-carousel-signposting-link href target=\"_blank\" rel=\"noopener noreferrer\"><span data-jwp-carousel-signposting-title>Watch full video here: <\/span><\/a><\/div>\n<\/div>\n<div class=\"fancy-box kiosq-b\" id=\"elk-53e0f73a-9af7-11f1-8479-71c9179e133e\" aria-hidden=\"true\">\n<div class=\"fancy_box-title\">More on Vuelta<\/div>\n<div class=\"fancy_box_body\">\n<ul>\n<li><strong>Tadej Poga\u010dar vs the rest \u2013 Our analysis of the top 10 contenders at the Vuelta a Espa\u00f1a<\/strong><\/li>\n<\/ul>\n<\/div>\n<\/div>\n<p id=\"elk-53e0f7d0-9af7-11f1-b4db-edc8dc68bc98\" aria-hidden=\"true\" class=\"kiosq-b\">Earlier this week, Spanish sports paper <em>AS<\/em> reported that Movistar would not be selecting the Colombian veteran, noting that general manager Eusebio Unzu\u00e9 made the final decision.<\/p>\n<p aria-hidden=\"true\" class=\"kiosq-b\"><em>AS<\/em> journalist Dani Miranda reported that the final spot would instead be filled by Venezuelan sprinter Orluis Aular, who earlier this year picked up a second place on stage 4 of the Giro d&#8217;Italia.<\/p>\n<aside data-component-name=\"Recirculation:ArticleRiver\" data-recirculation-type=\"inline\" data-mrf-recirculation=\"Trending Bar\" data-nosnippet class=\"clear-both pt-2 pb-0 mb-4\"><span class=\"\n            flex\n            after:content-[&apos;&apos;] after:flex-1 after:ml-4 after:my-[0.7rem] after:border-t after:border-solid after:border-t-[#ccc]\n            before:content-[&apos;&apos;] before:flex-1 before:mr-4 before:my-[0.7rem] before:border-t before:border-solid before:border-t-[#ccc]\n            font-article-heading pb-0 text-[length:var(--article-river-title--font-size,1em)] uppercase sm:text-[length:var(--article-river-title--font-size,0.875em)] font-bold\n        \"><br \/>\n            You may like<br \/>\n        <\/span><\/p>\n<ul class=\"flex flex-col gap-0 m-0 max-w-full\">\n<li class=\"m-0 list-none border-b border-solid border-[#ededed] py-2\" data-recirculation-id=\"recirculation-card-1\" id=\"recirculation-inline-1\" data-analytics-id=\"recirculation-inline-1\" data-mrf-recirculation=\"recirculation-inline-1\">\n    <source type=\"image\/webp\" srcset=\"https:\/\/cdn.mos.cms.futurecdn.net\/vXx3fTTYeYfvhBsZ8FoUhF-250-80.jpg.webp 250w, https:\/\/cdn.mos.cms.futurecdn.net\/vXx3fTTYeYfvhBsZ8FoUhF-150-80.jpg.webp 150w\" sizes=\"150px\" \/><span class=\"w-full text-base font-[var(--article-river-item--font-weight,500)] font-article-heading line-clamp-3 md:line-clamp-2\">Tadej Poga\u010dar vs the rest \u2013 Our analysis of the top 10 contenders at the Vuelta a Espa\u00f1a<\/span><\/li>\n<li class=\"m-0 list-none border-b border-solid border-[#ededed] py-2\" data-recirculation-id=\"recirculation-card-2\" id=\"recirculation-inline-2\" data-analytics-id=\"recirculation-inline-2\" data-mrf-recirculation=\"recirculation-inline-2\">\n    <source type=\"image\/webp\" srcset=\"https:\/\/cdn.mos.cms.futurecdn.net\/SUrbJubD6PjiiJxNkSg4eS-250-80.jpg.webp 250w, https:\/\/cdn.mos.cms.futurecdn.net\/SUrbJubD6PjiiJxNkSg4eS-150-80.jpg.webp 150w\" sizes=\"150px\" \/><span class=\"w-full text-base font-[var(--article-river-item--font-weight,500)] font-article-heading line-clamp-3 md:line-clamp-2\">\u2018At one point you have to say stop\u2019 \u2013 Damiano Caruso hopes for a final Tour de France ride as he confirms plans to retire this year<\/span><\/li>\n<li class=\"m-0 list-none border-b border-solid border-[#ccc] py-2\" data-recirculation-id=\"recirculation-card-3\" id=\"recirculation-inline-3\" data-analytics-id=\"recirculation-inline-3\" data-mrf-recirculation=\"recirculation-inline-3\">\n    <source type=\"image\/webp\" srcset=\"https:\/\/cdn.mos.cms.futurecdn.net\/FybojdVd79PonXnxEokDBP-250-80.jpg.webp 250w, https:\/\/cdn.mos.cms.futurecdn.net\/FybojdVd79PonXnxEokDBP-150-80.jpg.webp 150w\" sizes=\"150px\" \/><span class=\"w-full text-base font-[var(--article-river-item--font-weight,500)] font-article-heading line-clamp-3 md:line-clamp-2\">&#8216;There&#8217;s no time for nostalgia&#8217;  &#8211; Increasingly fraught fight for last-chance breaks in Tour de France keep 2026 retiree Ion Izagirre focused on race<\/span><\/li>\n<\/ul>\n<\/aside>\n<p aria-hidden=\"true\" class=\"kiosq-b\">Neither the team nor Quintana have yet commented on his exclusion.<\/p>\n<p aria-hidden=\"true\" class=\"kiosq-b\">Quintana had planned for the Vuelta a Espa\u00f1a to be his professional cycling send-off, and <em>AS<\/em> reported that he embarked on a 10-day training camp ahead of the race. With no Vuelta on his schedule for the end of the season \u2013 barring any last-minute drop-outs \u2013 Quintana could instead look to call time on his career with a ride at the Road World Championships in Montreal, Canada.<\/p>\n<div id=\"slice-container-newsletterForm-articleInbodyContent-39tuLJa6uDqTrX8ugUzy9f\" class=\"slice-container newsletter-inbodyContent-slice newsletterForm-articleInbodyContent-39tuLJa6uDqTrX8ugUzy9f slice-container-newsletterForm\">\n<div data-hydrate=\"true\" class=\"newsletter-form__wrapper newsletter-form__wrapper--inbodyContent\">\n<div class=\"newsletter-form__container\">\n<section class=\"newsletter-form__top-bar\">\n<div class=\"newsletter-form__header\">Get The Leadout Newsletter<\/div>\n<\/section>\n<section class=\"newsletter-form__main-section\">\n<p class=\"newsletter-form__strapline\">The latest race content, interviews, features, reviews and expert buying guides, direct to your inbox!<\/p>\n<footer class=\"newsletter-form__footer \">By submitting your information you agree to the Terms &amp; Conditions and Privacy Policy and are aged 16 or over.<\/footer>\n<\/section>\n<\/div>\n<\/div>\n<\/div>\n<p aria-hidden=\"true\" class=\"kiosq-b\">He announced his retirement back in March and has since picked up what look to be the final victories of a storied career which has included Grand Tour triumphs at the 2014 Giro d&#8217;Italia and 2016 Vuelta a Espa\u00f1a. In April, he won a stage and the overall at the Vuelta Asturias, dedicated his win to compatriot Cristian Camilo Mu\u00f1oz, who died earlier in the week.<\/p>\n<p aria-hidden=\"true\" class=\"kiosq-b\">With no Quintana on the Movistar roster in Spain, the team will instead look to Uijtdebroeks and Mas. Iv\u00e1n Romeo, fourth at the Tour de Pologne, Ra\u00fal Garc\u00eda Pierna, in the break eight times at the Tour de France, and Pablo Castrillo, twice a stage winner at the 2024 Vuelta, will provide key support. Aular, Carlos Canal, and 34-year-old road captain Jorge Arcas round out the selection.<\/p>\n<p aria-hidden=\"true\" class=\"kiosq-b\">Belgian racer Uijtdebroeks will be starting his second Grand Tour of the year after falling ill and abandoning during the first week of the Tour de France. The former Tour de l&#8217;Avenir winner has yet to replicate his breakthrough eighth place at the 2023 Vuelta, and Movistar&#8217;s hopes will be high for another top placing.<\/p>\n<p aria-hidden=\"true\" class=\"kiosq-b\">Mas, meanwhile, has been there and done that at Spain&#8217;s biggest race. He has finished on the podium there on four occasions, including three runner-up spots. Fifth place at the recent Vuelta a Burgos suggests he&#8217;s in good form, though with Tadej Poga\u010dar on the start list, a second overall, another second place looks to be the height of his ambitions.<\/p>\n<h3 class=\"article-body__section kiosq-b\" id=\"section-movistar-for-the-2026-vuelta-a-espana\" aria-hidden=\"true\"><span>Movistar for the 2026 Vuelta a Espa\u00f1a <\/span><\/h3>\n<ul id=\"elk-53e0f8a2-9af7-11f1-90bc-b53f37849493\" aria-hidden=\"true\" class=\"kiosq-b\">\n<li>Enric Mas<\/li>\n<li>Cian Uijtdebroeks<\/li>\n<li>Orluis Aular<\/li>\n<li>Iv\u00e1n Romeo<\/li>\n<li>Carlos Canal<\/li>\n<li>Jorge Arcas<\/li>\n<li>Ra\u00fal Garc\u00eda Pierna<\/li>\n<li>Pablo Castrillo<\/li>\n<\/ul>\n<p id=\"elk-d79e6906-9af5-11f1-a345-b10c220cb260\" aria-hidden=\"true\" class=\"kiosq-b\"><em><strong>For unbeatable coverage across road, gravel and tech, subscribe to Cyclingnews. You&#8217;ll get comprehensive race coverage of La Vuelta a Espa\u00f1a, subscriber-exclusive analysis from our expert columnists, in-depth features and industry-leading tech insight. Plus, the Cyclingnews app lets you follow the action wherever you go! <\/strong><\/em><u><em><strong>Join today.<\/strong><\/em><\/u><\/p>\n<\/div>\n<p>[analyse_source url=&#8221;https:\/\/www.cyclingnews.com\/pro-cycling\/teams-riders\/no-grand-tour-send-off-for-nairo-quintana-as-veteran-climber-misses-movistar-selection-for-vuelta-a-espana\/&#8221;]<\/p>\n","protected":false},"excerpt":{"rendered":"<p>[analyse_image type=&#8221;featured&#8221; src=&#8221;https:\/\/cdn.mos.cms.futurecdn.net\/bxke9g2XnLi8f4L8R2Rpv7-2100-80.jpg&#8221;] 1 Tadej Poga\u010dar vs the rest \u2013 Our analysis of the top 10 contenders at the Vuelta a Espa\u00f1a 2 Where are all the Vuelta a Espa\u00f1a sprinters? They&#8217;re heading to Belgium instead 3 2027 transfer drama heats up as Grand Tour champion Primoz Rogli\u010d reportedly eyes switch to Lotto-Intermarch\u00e9 for next [&hellip;]<\/p>\n","protected":false},"author":1,"featured_media":0,"comment_status":"open","ping_status":"","sticky":false,"template":"","format":"standard","meta":{"footnotes":""},"categories":[2],"tags":[226,68],"class_list":["post-2100477","post","type-post","status-publish","format-standard","hentry","category-politics","tag-crawlmanager","tag-cyclingnews-com"],"_links":{"self":[{"href":"https:\/\/analyse.optim.biz\/index.php?rest_route=\/wp\/v2\/posts\/2100477","targetHints":{"allow":["GET"]}}],"collection":[{"href":"https:\/\/analyse.optim.biz\/index.php?rest_route=\/wp\/v2\/posts"}],"about":[{"href":"https:\/\/analyse.optim.biz\/index.php?rest_route=\/wp\/v2\/types\/post"}],"author":[{"embeddable":true,"href":"https:\/\/analyse.optim.biz\/index.php?rest_route=\/wp\/v2\/users\/1"}],"replies":[{"embeddable":true,"href":"https:\/\/analyse.optim.biz\/index.php?rest_route=%2Fwp%2Fv2%2Fcomments&post=2100477"}],"version-history":[{"count":0,"href":"https:\/\/analyse.optim.biz\/index.php?rest_route=\/wp\/v2\/posts\/2100477\/revisions"}],"wp:attachment":[{"href":"https:\/\/analyse.optim.biz\/index.php?rest_route=%2Fwp%2Fv2%2Fmedia&parent=2100477"}],"wp:term":[{"taxonomy":"category","embeddable":true,"href":"https:\/\/analyse.optim.biz\/index.php?rest_route=%2Fwp%2Fv2%2Fcategories&post=2100477"},{"taxonomy":"post_tag","embeddable":true,"href":"https:\/\/analyse.optim.biz\/index.php?rest_route=%2Fwp%2Fv2%2Ftags&post=2100477"}],"curies":[{"name":"wp","href":"https:\/\/api.w.org\/{rel}","templated":true}]}}