{"id":2100464,"date":"2026-08-18T09:13:29","date_gmt":"2026-08-18T06:13:29","guid":{"rendered":"https:\/\/analyse.optim.biz\/?p=2100464"},"modified":"2026-08-18T09:13:29","modified_gmt":"2026-08-18T06:13:29","slug":"visma-lease-a-bike-to-be-led-by-wout-van-aert-matthew-brennan-and-sepp-kuss-at-vuelta-a-espana","status":"publish","type":"post","link":"https:\/\/analyse.optim.biz\/?p=2100464","title":{"rendered":"Visma-Lease a Bike to be led by Wout van Aert, Matthew Brennan and Sepp Kuss at Vuelta a Espana"},"content":{"rendered":"<p>[analyse_image type=&#8221;featured&#8221; src=&#8221;https:\/\/cdn.mos.cms.futurecdn.net\/N9pFoLkReg7BfAfct59wW4-2100-80.jpg&#8221;]<\/p>\n<article class=\"m-0 box-border flex flex-row items-center pr-2.5 gap-[15px] w-[278px] h-20 flex-none upnext-article-divider\" role=\"listitem\" aria-label=\"Recommended article 1 of 3\">\n<div class=\"relative flex-none w-20 h-20\">\n<p>    <img decoding=\"async\" src=\"https:\/\/cdn.mos.cms.futurecdn.net\/PFVrm4msxvDUa9i3rBFtmk.jpg\" alt=\"Second place Wout van Aert and winner Daan Soete pictured on the podium after the elite race at the Belgian Gravel Championships, Sunday 16 August 2026 in Grobbendonk. BELGA PHOTO ELIAS ROM (Photo by ELIAS ROM \/ BELGA MAG \/ Belga via AFP)\" loading=\"lazy\" class=\"rounded-[var(--image--border-radius,0)] w-20 h-20 object-cover flex-none rounded-lg\"><\/p>\n<div class=\"flex items-center justify-center absolute w-4 h-6 left-0 top-0 bg-white\/90 flex-none z-[1]\" aria-hidden=\"true\">\n                                    <span class=\"font-normal text-base leading-[17px] tracking-[1.3px] uppercase text-black flex-none\">1<\/span>\n                                <\/div>\n<\/p><\/div>\n<div class=\"flex flex-col items-center justify-center gap-1.5 w-[173px] h-20 flex-none\">\n<p class=\"font-article-heading font-medium text-base leading-[21px] text-gray-800 w-[173px] line-clamp-3 group-hover:underline\">\n                                    Cramps and goosebumps as Wout van Aert beaten by training partner Daan Soete at Belgian Gravel Championships\n                                <\/p>\n<\/p><\/div>\n<\/article>\n<article class=\"m-0 box-border flex flex-row items-center pr-2.5 gap-[15px] w-[278px] h-20 flex-none upnext-article-divider\" role=\"listitem\" aria-label=\"Recommended article 2 of 3\">\n<div class=\"relative flex-none w-20 h-20\">\n<p>    <img decoding=\"async\" src=\"https:\/\/cdn.mos.cms.futurecdn.net\/diuRNAzua2qpYv8MF4xsEQ.jpg\" alt=\"Biniam Girmay, Jasper Philipsen, TIm Merlier, Olav Kooij, and Max Kanter race to the line at the finish of stage 12 of the 2026 Tour de France\" loading=\"lazy\" class=\"rounded-[var(--image--border-radius,0)] w-20 h-20 object-cover flex-none rounded-lg\"><\/p>\n<div class=\"flex items-center justify-center absolute w-[18px] h-6 left-0 top-0 bg-white\/90 flex-none z-[1]\" aria-hidden=\"true\">\n                                    <span class=\"font-normal text-base leading-[17px] tracking-[1.3px] uppercase text-black flex-none\">2<\/span>\n                                <\/div>\n<\/p><\/div>\n<div class=\"flex flex-col items-center justify-center gap-1.5 w-[173px] h-20 flex-none\">\n<p class=\"font-article-heading font-medium text-base leading-[21px] text-gray-800 w-[173px] line-clamp-3 group-hover:underline\">\n                                    Where are all the Vuelta a Espa\u00f1a sprinters? They&#8217;re heading to Belgium instead\n                                <\/p>\n<\/p><\/div>\n<\/article>\n<article class=\"m-0 box-border flex flex-row items-center pr-2.5 gap-[15px] w-[278px] h-20 flex-none\" role=\"listitem\" aria-label=\"Recommended article 3 of 3\">\n<div class=\"relative flex-none w-20 h-20\">\n<p>    <img decoding=\"async\" src=\"https:\/\/cdn.mos.cms.futurecdn.net\/k9zmDrDg9CYQpyHK4MVWeJ.jpg\" alt=\"2020 Strade Bianche: Wout van Aert en route to victory \" loading=\"lazy\" class=\"rounded-[var(--image--border-radius,0)] w-20 h-20 object-cover flex-none rounded-lg\"><\/p>\n<div class=\"flex items-center justify-center absolute w-[18px] h-6 left-0 top-0 bg-white\/90 flex-none z-[1]\" aria-hidden=\"true\">\n                                    <span class=\"font-normal text-base leading-[17px] tracking-[1.3px] uppercase text-black flex-none\">3<\/span>\n                                <\/div>\n<\/p><\/div>\n<div class=\"flex flex-col items-center justify-center gap-1.5 w-[173px] h-20 flex-none\">\n<p class=\"font-article-heading font-medium text-base leading-[21px] text-gray-800 w-[173px] line-clamp-3 group-hover:underline\">\n                                    From road to gravel then back to road: Why is Wout van Aert racing the Belgian Gravel Championships for the first time ever this Sunday?\n                                <\/p>\n<\/p><\/div>\n<\/article>\n<article class=\"page-content-onecol flex-1\nnews-article article\n\"><\/p>\n<div class=\"widget-area-group widget-area-group-2col flex flex-wrap box-border\">\n<div id=\"widgetArea16\" class=\"widget-area basis-full md:basis-2\/3 widget-area-g-md-vp-2-3 widget-area-g-lg-vp-2-3 widget-area-g-xl-vp-2-3 page-widget-area-16\">\n<div data-widget-type=\"hero\" id=\"hero\" class=\"clear-both widget widget-hero widget-hero widget-hero-hero widget-hero widget-hero-fter-news\">\n<div class=\"clear-both widget-header\">\n<\/div>\n<div class=\"news-article\">\n<header data-component-name=\"Article:Hero\">\n<div id=\"kiosq-metered-message\" class=\"kiosq-metered-message-content\"><\/div>\n<nav class=\"breadcrumb\" aria-label=\"Breadcrumbs\">\n<ol>\n<li>\nPro Cycling\n<\/li>\n<li>\nTeams &amp; Riders\n<\/li>\n<li>\nVisma-Lease a Bike\n<\/li>\n<\/ol>\n<\/nav>\n<h1>Visma-Lease a Bike to be led by Wout van Aert, Matthew Brennan and Sepp Kuss at Vuelta a Espana<\/h1>\n<div class=\"byline-social\">\n<div class=\"vds-byline-block flex flex-row flex-nowrap my-1.5 gap-2 text-left items-start justify-start\" data-component-name=\"Article:BylineBlock\">\n<p>News<\/p>\n<div class=\"my-auto vds-simple-byline\">\n<span class=\"inline-block vds-author\"><br \/>\nBy<br \/>\nDani Ostanek <\/span><br \/>\n<span class=\"inline-block h-3 my-auto border-l border-solid vds-simple-byline__divider max-sm:hidden\"><\/span><\/p>\n<div class=\"flex gap-1 vds-byline-with-avatar__meta\">\n<span class=\"vds-date block font-normal tracking-normal normal-case text-xs\"><br \/>\nPublished<br \/>\n<time data-component-name=\"UI:DateTime\" datetime=\"2026-08-18T09:13:29Z\" class=\"relative-date\"><br \/>\n18 August 2026<br \/>\n<\/time><br \/>\n<\/span>\n<\/div>\n<\/div>\n<\/div>\n<p class=\"strapline\">Promising young rider J\u00f8rgen Nordhagen and retiring Steven Kruijswijk also make Dutch squad&#8217;s selection for Spanish Grand Tour<\/p>\n<\/div>\n<aside class=\"text-gray-700 flex items-center mx-0 my-5 p-0 justify-start text-left\" id=\"affiliate-disclaimer\" data-component-name=\"AffiliateDisclaimer\" data-hawk-message=\"Affiliate disclaimer removed because hawk deemed there are no affiliate links on this page\">\n<p class=\"text-[color:var(--affiliate-disclaimer--text-color,inherit)] mb-2 text-[length:var(--affiliate-disclaimer--font-size,0.75rem)] leading-[18px] md:text-[13px] [&amp;&gt;a]:text-inherit [&amp;&gt;a]:underline\">\nWhen you purchase through links on our site, we may earn an affiliate commission. Here\u2019s how it works.\n<\/p>\n<\/aside>\n<\/header>\n<\/div>\n<\/div>\n<div data-widget-type=\"contentparsed\" id=\"content\" class=\"clear-both widget widget-contentparsed widget-content widget-contentparsed-content widget-content-parsed widget-content-parsed-content_document \">\n<div class=\"wcp-item-content\">\n<section class=\"content-wrapper\">\n<div class=\"box less-space hero-image-wrapper\">\n<figure class=\"mb-0\">\n<p><img decoding=\"async\" src=\"https:\/\/cdn.mos.cms.futurecdn.net\/N9pFoLkReg7BfAfct59wW4.jpg\" alt=\"Wout van Aert and Matthew Brennan at the start of Paris-Roubaix 2026\" class=\"rounded-[var(--image--border-radius,0)] block-image-ads hero-image absolute top-0 left-0 w-full h-full object-center\" data-component-name=\"Image\"><figcaption class=\"font-article-copy text-(--image--text--color) font-article-copy mt-2\"> <span class=\"caption-text font-article-copy\">Wout van Aert and Matthew Brennan head up a strong Visma-Lease a Bike selection for the Vuelta a Espa\u00f1a<\/span><br \/>\n<span class=\"credit font-article-copy\">(Image credit: Getty Images)<\/span><br \/>\n<\/figcaption><\/figure>\n<\/div>\n<div id=\"article-body\" class=\"text-copy bodyCopy auto paywall-locker\">\n<div data-analytics-id=\"utility-bar\" id=\"utility-bar\" class=\"font-ui-heading flex justify-between items-center py-2 border-t border-b border-gray-300 border-solid mb-5 mx-auto\" data-component-name=\"UtilityBar\" data-mrf-recirculation=\"utility-bar\">\n<div class=\"flex gap-2 text-[#333] subcontainer\">\n<div class=\"relative tooltip-container\" role=\"tooltip\">\n<div data-component-name=\"Social:Dropdown\" role=\"menu\" id=\"utilitybar__dropdown--share\" aria-labelledby=\"utilitybar__button--share\" class=\"absolute left-0 top-full w-44 bg-white rounded-md shadow-md border border-neutral-200 z-[9996] list-none m-0 py-2 px-3 border-solid\">\n<ul class=\"m-0!\">\n<li class=\"!p-0 !m-0 list-none border-b border-gray-200 border-solid\">\n<\/li>\n<li class=\"!p-0 !m-0 list-none border-b border-gray-200 border-solid\">\n<p>Facebook<\/p>\n<\/li>\n<li class=\"!p-0 !m-0 list-none border-b border-gray-200 border-solid\">\n<p>X<\/p>\n<\/li>\n<li class=\"!p-0 !m-0 list-none border-b border-gray-200 border-solid\">\n<p>Pinterest<\/p>\n<\/li>\n<li class=\"!p-0 !m-0 list-none border-b border-gray-200 border-solid\">\n<p>Email<\/p>\n<\/li>\n<\/ul>\n<\/div>\n<div class=\"font-ui-heading max-sm:hidden tooltip absolute left-1\/2 bg-gray-900 text-white text-xs leading-none px-3 py-1.5 rounded-md z-[10001] whitespace-nowrap\" id=\"tooltip-share-this-article\" role=\"tooltip\" aria-hidden=\"true\">\nShare this article\n<\/div>\n<\/div>\n<div class=\"relative tooltip-container\" role=\"tooltip\">\n<p>    <span class=\"ml-1 inline-flex h-5 px-2 shrink-0 items-center justify-center self-center overflow-hidden whitespace-nowrap rounded-[10px] bg-primary-500 text-[11px] leading-none font-ui-heading font-semibold text-white\">0<\/span><\/p>\n<div class=\"font-ui-heading max-sm:hidden tooltip absolute left-1\/2 bg-gray-900 text-white text-xs leading-none px-3 py-1.5 rounded-md z-[10001] whitespace-nowrap\" id=\"tooltip-join-the-conversation\" role=\"tooltip\" aria-hidden=\"true\">\nJoin the conversation\n<\/div>\n<\/div>\n<\/div>\n<div class=\"flex gap-2 text-[#333] subcontainer\">\n<div class=\"relative tooltip-container\" role=\"tooltip\">\n<p>Follow us<\/p>\n<div class=\"font-ui-heading max-sm:hidden tooltip absolute left-1\/2 bg-gray-900 text-white text-xs leading-none px-3 py-1.5 rounded-md z-[10001] whitespace-nowrap\" id=\"tooltip-add-us-as-a-preferred-source-on-google\" role=\"tooltip\" aria-hidden=\"true\">\nAdd us as a preferred source on Google\n<\/div>\n<\/div>\n<div class=\"relative tooltip-container\" role=\"tooltip\">\n<div class=\"font-ui-heading max-sm:hidden tooltip absolute left-1\/2 bg-gray-900 text-white text-xs leading-none px-3 py-1.5 rounded-md z-[10001] whitespace-nowrap\" id=\"tooltip-subscribe-to-our-newsletter\" role=\"tooltip\" aria-hidden=\"true\">\nSubscribe to our newsletter\n<\/div>\n<\/div>\n<\/div>\n<\/div>\n<p id=\"elk-86746994-9ae2-11f1-923b-49c8bd3a8c03\">Visma-Lease a Bike have announced their squad for the Vuelta a Espa\u00f1a with Wout van Aert, Matthew Brennan, and former race winner Sepp Kuss leading a strong lineup in Spain.<\/p>\n<div id=\"ad-unit-1\" class=\"ad-unit\"><\/div>\n<p>Van Aert is back to Grand Tour action for the first time in over a year after missing out on the Tour de France with an elbow injury sustained in a June training crash. The Belgian has seven wins to his name this season, including Paris-Roubaix and two stages at the Tour Auvergne-Rh\u00f4ne-Alpes.<\/p>\n<p><a id=\"elk-seasonal\"><\/a><\/p>\n<aside data-article-category=\"pro-cycling\" data-block-type=\"embed\" data-render-type=\"fte\" data-skip=\"dealsy\" data-widget-type=\"seasonal\" class=\"ecom-root\"><\/aside>\n<p id=\"elk-86746994-9ae2-11f1-923b-49c8bd3a8c03-2\" aria-hidden=\"true\" class=\"kiosq-b\">His latest outing came on the gravel, however, where he finished second in the Belgian Nationals. Like the rest of his teammates, he&#8217;ll set his sights on stage wins in Spain, with a run at the green points jersey not out of the question.<\/p>\n<div class=\"my-6 w-full overflow-hidden rounded-[10px] lg:my-8\" data-component-name=\"JwPlayer:Carousel\" data-jwp-carousel data-jwp-carousel-payload=\"{&quot;ids&quot;:{&quot;playerID&quot;:&quot;jYDCcabO&quot;,&quot;searchPlaylistID&quot;:&quot;gwjdoYHD&quot;,&quot;divID&quot;:&quot;botr_gwjdoYHD_jYDCcabO_div&quot;,&quot;fallbackPlaylistID&quot;:&quot;gwjdoYHD&quot;,&quot;fallbackDivID&quot;:&quot;botr_gwjdoYHD_jYDCcabO_div&quot;,&quot;key&quot;:&quot;X9\/mXVGac0NphghLH9hZaqWA5d3dhAM\/Ih07grnEyMLjuO2E&quot;,&quot;tintLogo&quot;:true,&quot;useSearchPlaylist&quot;:false,&quot;enabled&quot;:true},&quot;signPostingEnabled&quot;:true,&quot;signPostingLinkEnabled&quot;:true,&quot;waitForAdLoad&quot;:false,&quot;hidePlayerOnDesktop&quot;:false,&quot;hidePlayerOnMobile&quot;:false,&quot;hidePlayerOnTablet&quot;:false}\">\n<div class=\"flex flex-nowrap items-center justify-between gap-3 bg-zinc-900 px-[14px] py-3\" data-jwp-carousel-header>\n<div class=\"flex min-w-0 shrink items-center\"><span class=\"inline-flex items-center gap-1.5 text-sm font-article-heading capitalize leading-5 text-white whitespace-nowrap\"><span class=\"jwp-carousel-title-mobile\"><\/span><span class=\"jwp-carousel-title-desktop\">Latest Videos From<\/span><span class=\"jwp-carousel-brand\">Cyclingnews<\/span><\/span><\/div>\n<\/div>\n<div class=\"aspect-video w-full min-h-[200px] lg:min-h-[330px] relative overflow-hidden bg-black\" data-jwp-carousel-container>\n<div class=\"absolute inset-0 size-full\" data-jwp-carousel-player-host><\/div>\n<div class=\"absolute inset-0 size-full items-center justify-center bg-white\" data-jwp-carousel-fallback><\/div>\n<\/div>\n<div class=\"min-h-[44px] bg-zinc-900 px-[14px] py-3\" data-jwp-carousel-signposting><a class=\"invisible block truncate text-sm font-bold leading-5 text-white underline decoration-solid underline-offset-2\" data-jwp-carousel-signposting-link href target=\"_blank\" rel=\"noopener noreferrer\"><span data-jwp-carousel-signposting-title>Watch full video here: <\/span><\/a><\/div>\n<\/div>\n<p aria-hidden=\"true\" class=\"kiosq-b\">While Van Aert should target hillier and transition stages, as well as the opening 9.4km time trial in Monaco, 21-year-old Brennan is Visma&#8217;s option for the flatter sprints. The Briton is another breakaway candidate, too, and he can handle tougher sprints, making him well-suited to the Vuelta route.<\/p>\n<div id=\"ad-unit-2\" class=\"ad-unit\"><\/div>\n<p aria-hidden=\"true\" class=\"kiosq-b\">Kuurne-Brussel-Kuurne champion Brennan is in good form, heading to Monaco with two stage wins at the recent Vuelta a Burgos under his belt.<\/p>\n<aside data-component-name=\"Recirculation:ArticleRiver\" data-recirculation-type=\"inline\" data-mrf-recirculation=\"Trending Bar\" data-nosnippet class=\"clear-both pt-2 pb-0 mb-4\">\n        <span class=\"\n            flex\n            after:content-[&apos;&apos;] after:flex-1 after:ml-4 after:my-[0.7rem] after:border-t after:border-solid after:border-t-[#ccc]\n            before:content-[&apos;&apos;] before:flex-1 before:mr-4 before:my-[0.7rem] before:border-t before:border-solid before:border-t-[#ccc]\n            font-article-heading pb-0 text-[length:var(--article-river-title--font-size,1em)] uppercase sm:text-[length:var(--article-river-title--font-size,0.875em)] font-bold\n        \"><br \/>\n            You may like<br \/>\n        <\/span><\/p>\n<ul class=\"flex flex-col gap-0 m-0 max-w-full\">\n<li class=\"m-0 list-none border-b border-solid border-[#ededed] py-2\" data-recirculation-id=\"recirculation-card-1\" id=\"recirculation-inline-1\" data-analytics-id=\"recirculation-inline-1\" data-mrf-recirculation=\"recirculation-inline-1\">\n<p>    <img decoding=\"async\" src=\"https:\/\/cdn.mos.cms.futurecdn.net\/jMc5FYzaZrXPxXreaReGbG.jpg\" alt=\"Visma-Lease a Bike riders Sepp Kuss and Jonas Vingegaard lead the peloton on stage 16 of the 2025 Tour de France\" loading=\"lazy\" class=\"rounded-[var(--image--border-radius,0)] aspect-square size-[75px] object-cover shrink-0 rounded-lg\"><\/p>\n<p>                        <span class=\"w-full text-base font-[var(--article-river-item--font-weight,500)] font-article-heading line-clamp-3 md:line-clamp-2\">This is Jonas Vingegaard&#8217;s support squad for the Tour de France, as Visma-Lease a Bike confirm line-up<\/span><\/p>\n<\/li>\n<li class=\"m-0 list-none border-b border-solid border-[#ededed] py-2\" data-recirculation-id=\"recirculation-card-2\" id=\"recirculation-inline-2\" data-analytics-id=\"recirculation-inline-2\" data-mrf-recirculation=\"recirculation-inline-2\">\n<p>    <img decoding=\"async\" src=\"https:\/\/cdn.mos.cms.futurecdn.net\/Av6vwm2k94B2FtcNww6iFd.jpg\" alt=\"Jonas Vingegaard and Wout van Aert during the 2025 Tour de France\" loading=\"lazy\" class=\"rounded-[var(--image--border-radius,0)] aspect-square size-[75px] object-cover shrink-0 rounded-lg\"><\/p>\n<p>                        <span class=\"w-full text-base font-[var(--article-river-item--font-weight,500)] font-article-heading line-clamp-3 md:line-clamp-2\">How do you replace Wout van Aert at the Tour de France? Analysing who could fill the void in Visma&#8217;s supporting cast for Jonas Vingegaard<\/span><\/p>\n<\/li>\n<li class=\"m-0 list-none border-b border-solid border-[#ccc] py-2\" data-recirculation-id=\"recirculation-card-3\" id=\"recirculation-inline-3\" data-analytics-id=\"recirculation-inline-3\" data-mrf-recirculation=\"recirculation-inline-3\">\n<p>    <img decoding=\"async\" src=\"https:\/\/cdn.mos.cms.futurecdn.net\/KJHz54TiAxXu5pmeHkjQWB.jpg\" alt=\"SAINT-CHAMOND, FRANCE - JUNE 11: Wout van Aert of Belgium and Team Visma | Lease a Bike prior to the 78th Tour Auvergne-Rhone-Alpes 2026, Stage 5 a 195.8km stage from Saint-Chamond to Parc des Oiseaux Villars-les-Dombes \/ #UCIWT \/ on June 11, 2026 in Saint-Chamond, France. (Photo by Dario Belingheri\/Getty Images)\" loading=\"lazy\" class=\"rounded-[var(--image--border-radius,0)] aspect-square size-[75px] object-cover shrink-0 rounded-lg\"><\/p>\n<p>                        <span class=\"w-full text-base font-[var(--article-river-item--font-weight,500)] font-article-heading line-clamp-3 md:line-clamp-2\">Wout van Aert ruled out of Tour de France in big blow to Visma-Lease a Bike<\/span><\/p>\n<\/li>\n<\/ul>\n<\/aside>\n<p aria-hidden=\"true\" class=\"kiosq-b\">American climber Sepp Kuss stands out as the team&#8217;s primary option for GC, though the former champion isn&#8217;t likely to repeat his 2023 ride to the red jersey. Kuss is racing his third Grand Tour of the season, having finished 13th at the Giro and Tour, supporting Jonas Vingegaard at both.<\/p>\n<p aria-hidden=\"true\" class=\"kiosq-b\">Kuss won the mountainous stage 19 of the Giro from the breakaway and also came close on the two L&#8217;Alpe d&#8217;Huez days late in the Tour. Expect him to balance battling for a third career stage win with mentoring promising 21-year-old Norwegian J\u00f8rgen Nordhagen. The second-year pro finished second at O Gran Cami\u00f1o and fourth at the Tour de Romandie this season and will be tackling his first Grand Tour.<\/p>\n<div id=\"slice-container-newsletterForm-articleInbodyContent-wkkCNCpW2QgnZ2vbimJdvR\" class=\"slice-container newsletter-inbodyContent-slice newsletterForm-articleInbodyContent-wkkCNCpW2QgnZ2vbimJdvR slice-container-newsletterForm\">\n<div data-hydrate=\"true\" class=\"newsletter-form__wrapper newsletter-form__wrapper--inbodyContent\">\n<div class=\"newsletter-form__container\">\n<section class=\"newsletter-form__top-bar\">\n<div class=\"newsletter-form__header\">Get The Leadout Newsletter<\/div>\n<\/section>\n<section class=\"newsletter-form__main-section\">\n<p class=\"newsletter-form__strapline\">The latest race content, interviews, features, reviews and expert buying guides, direct to your inbox!<\/p>\n<footer class=\"newsletter-form__footer \">By submitting your information you agree to the Terms &amp; Conditions and Privacy Policy and are aged 16 or over.<\/footer>\n<\/section>\n<\/div>\n<\/div>\n<\/div>\n<p aria-hidden=\"true\" class=\"kiosq-b\">French riders Bruno Armirail \u2013 a contender for the opening day time trial \u2013 and Christophe Laporte \u2013 another stage hunter, making his Grand Tour return after a quadriceps tear earlier this year \u2013 are also along for the ride, as is 24-year-old Briton Ben Tulett, who raced to 15th at the Vuelta a Burgos. 39-year-old Steven Kruijswijk, riding his final Grand Tour, rounds out the eight-man selection as road captain.<\/p>\n<p><a id=\"elk-visma-lease-a-bike-for-the-2026-vuelta-a-espana\" aria-hidden=\"true\" class=\"kiosq-b\"><\/a><\/p>\n<h3 class=\"article-body__section kiosq-b\" id=\"section-visma-lease-a-bike-for-the-2026-vuelta-a-espana\" aria-hidden=\"true\"><span>Visma-Lease a Bike for the 2026 Vuelta a Espa\u00f1a<\/span><\/h3>\n<ul id=\"elk-2d50d72a-9af7-11f1-a27b-4f02e93d8f40\" aria-hidden=\"true\" class=\"kiosq-b\">\n<li>Wout van Aert<\/li>\n<li>Matthew Brennan<\/li>\n<li>Sepp Kuss<\/li>\n<li>J\u00f8rgen Nordhagen<\/li>\n<li>Ben Tulett<\/li>\n<li>Steven Kruijswijk<\/li>\n<li>Christophe Laporte<\/li>\n<li>Bruno Armirail<\/li>\n<\/ul>\n<figure id=\"elk-DcLJypvuwg-\" aria-hidden=\"true\" class=\"kiosq-b\">\n<div class=\"instagram-embed\">\n<blockquote class=\"instagram-media\" data-instgrm-captioned data-instgrm-version=\"6\">\n<p>A post shared by Team Visma | Lease a Bike (@teamvisma_leaseabike)<\/p><figcaption><cite><\/p>\n<p>A photo posted by on <\/p>\n<p><\/cite><\/figcaption><\/blockquote>\n<\/div>\n<\/figure>\n<p id=\"elk-ef13f21c-9ae2-11f1-825f-cb64228920be\" aria-hidden=\"true\" class=\"kiosq-b\"><strong>For unbeatable coverage across road, gravel and tech, subscribe to Cyclingnews. You&#8217;ll get comprehensive race coverage of La Vuelta a Espa\u00f1a, subscriber-exclusive analysis from our expert columnists, in-depth features and industry-leading tech insight. Plus, the Cyclingnews app lets you follow the action wherever you go! <\/strong><u><strong>Join today.<\/strong><\/u><\/p>\n<\/div>\n<div id=\"kiosq-app-paywall-js\"><\/div>\n<div id=\"this-will-be-used-for-mpu-2\"><\/div>\n<div class=\"block mb-5\" id=\"articleTag\" data-component-name=\"PostArticleLinks\" data-nosnippet data-mrf-recirculation=\"post-article-links\">\n<div class=\"border-b border-b-black border-solid py-2.5 text-black font-bold uppercase\">TOPICS<\/div>\n<nav class=\"py-2.5 flex gap-2.5 flex-wrap\" data-analytics-id=\"article-tag\" data-mrf-recirculation=\"article-tag\">\n<p>Road<\/p>\n<p>Sepp Kuss<\/p>\n<p>J\u00f8rgen Nordhagen<\/p>\n<p>Wout van Aert<\/p>\n<p>Matthew Brennan<\/p>\n<\/nav>\n<\/div>\n<div id=\"slice-container-authorBio-wkkCNCpW2QgnZ2vbimJdvR\" class=\"slice-container slice-author-bio authorBio-wkkCNCpW2QgnZ2vbimJdvR slice-container-authorBio\">\n<div class=\"author author__default-layout author--separator author--collapsible\" data-hydrate=\"true\">\n<div class=\"author__header\">\n<div class=\"author__avatar-block\">\n<figure class=\"image-wrapped__wrapper\" data-bordeaux-image-check=\"false\">\n<div class=\"image-wrapped__widthsetter\">\n<div class=\"image-wrapped__aspect-padding\">\n<div><img decoding=\"async\" src=\"https:\/\/cdn.mos.cms.futurecdn.net\/sZZXd8K4JqxjkRK7teBMFc.jpg\" alt=\"Dani Ostanek\" class=\"author__avatar image-wrapped__image image__image\" loading=\"lazy\"><\/div>\n<\/div>\n<\/div>\n<\/figure>\n<\/div>\n<div class=\"author__heading\">\n<div class=\"author__name\">Dani Ostanek<\/div>\n<div class=\"author__social\">\n<nav class=\"button-social-group author__social-buttons\" aria-labelledby=\"button-social-group- author__social-buttons\">\n<div id=\"button-social-group- author__social-buttons\">Social Links Navigation<\/div>\n<p><span class=\"button-social__icon button-social__icon-website\"><\/span><span class=\"button-social__icon button-social__icon-email\"><\/span><\/nav>\n<\/div>\n<div class=\"author__role\">Senior News Writer<\/div>\n<\/div>\n<\/div>\n<div class=\"author__bio-wrapper\">\n<div class=\"author__biography\">\n<p>Dani Ostanek is Senior News Writer at Cyclingnews, having joined in 2017 as a freelance contributor, later being hired full-time. Her favourite races include the Tour de France Femmes, Paris-Roubaix, Tro-Bro L\u00e9on, and cycling&#8217;s fourth Grand Tour, the Volta a Portugal.<\/p>\n<\/div>\n<\/div>\n<\/div>\n<\/div>\n<\/section>\n<div id=\"viafoura-comments\" aria-hidden=\"true\"><\/div>\n<div class=\"relative max-w-[1070px] viafoura-twig-component mt-6 mx-4 lg:mx-0\" data-component-name=\"Viafoura:Comments\" data-nosnippet data-community-guidelines-text=\"&lt;p class=&apos;vfcustom-community-guidelines&apos;&gt;Please follow our &lt;a href=&quot;https:\/\/www.cyclingnews.com\/about\/#section-community-guidelines&quot; target=&quot;_blank&quot;&gt;community guidelines&lt;\/a&gt;.&lt;\/p&gt;\" data-join-the-conversation-text=\"Join the Conversation\">\n<div class=\"relative h-(--truncate-height) sm:h-(--truncate-desktop-height) overflow-hidden transition-[height] duration-150\" data-test-id=\"container\" data-component-name=\"Util:Truncate\" id=\"viafoura-comments-container\">\n<div class=\"relative z-10 viafoura rounded-[var(--comment-widget-border-radius,0)]\" id=\"viafoura-comment-wrapper\" data-test-id=\"content\">\n<div class=\"viafoura\">\n<div>\n<\/div>\n<\/div>\n<\/div>\n<div class=\"absolute bg-gradient-to-t from-[var(--truncate-gradient-color,white)] from-50% h-28 z-20 w-full bottom-0 flex items-end justify-center px-0 rounded-none\">\n<\/div>\n<\/div>\n<div class=\"absolute top-0 left-0 w-full h-full flex items-center justify-center z-50 bg-white\/90 border-1 rounded-b-[var(--comment-widget-border-radius,0)]\">\n<div class=\"p-2 text-center\">\n<p class=\"mb-3 text-lg!\">You must confirm your public display name before commenting<\/p>\n<p class=\"mb-3 text-sm!\">Please logout and then login again, you will then be prompted to enter your display name.<\/p>\n<\/div>\n<\/div>\n<\/div>\n<div class=\"infinite-container\" data-analytics-id=\"infinite-container\" data-component-name=\"SponsoredScroll\" data-mrf-recirculation=\"infinite-container\">\n<div class=\"infinite-trigger\" aria-hidden=\"true\"><\/div>\n<\/div>\n<section class=\"mx-2 my-5 sm:mx-0\">\n<aside class=\"w-full\" data-nosnippet data-mrf-recirculation=\"article-river-stacked\">\n<div data-recirc-id=\"article-river-stacked-adviser:hybrid\">\n<div class=\"text-white py-4 px-3 mb-4 bg-[#333] uppercase font-bold custom-header-styles\">Read more<\/div>\n<div class=\"grid grid-cols-1 gap-4 mt-4 mb-5\">\n<div>\n<div class=\"aspect-[var(--img-listing-aspect-ratio,16\/9)] relative mb-3.5\">\n<p>    <img decoding=\"async\" src=\"https:\/\/cdn.mos.cms.futurecdn.net\/jMc5FYzaZrXPxXreaReGbG.jpg\" alt=\"Visma-Lease a Bike riders Sepp Kuss and Jonas Vingegaard lead the peloton on stage 16 of the 2025 Tour de France\" loading=\"lazy\" class=\"rounded-[var(--image--border-radius,0)] object-cover w-full h-full\"><\/p><\/div>\n<p>                                                                                                <span class=\"custom-subheading-styles\">Teams &amp; Riders<\/span><\/p>\n<p>                            <span class=\"text-base text-black font-bold mx-0 my-2.5 p-0 block custom-text-styles\">This is Jonas Vingegaard&#8217;s support squad for the Tour de France, as Visma-Lease a Bike confirm line-up<\/span><\/p><\/div>\n<div class=\"relative recirc-feed sponsored-card min-h-[250px]\" data-recirc-id=\"article-river-stacked-ads:native-cards\" data-mrf-recirculation=\"article-river-ads\" data-nosnippet data-ad-slot-path=\"feed-sponsored-post\" data-attribute-device=\"all\">\n<div class=\"sponsored-post max-w-full [&amp;.sponsored-post--loaded+.sponsored-post--placeholder]:hidden [&amp;[data-bordeaux-hook-loaded]+.sponsored-post--placeholder]:hidden\"><\/div>\n<div class=\"max-w-full sponsored-post--placeholder animate-pulse\">\n<div class=\"relative!\">\n            <span class=\"font-ui-heading bg-(--ad-slot-badge-bg-color) absolute text-xs font-bold leading-[14px] tracking-normal text-left text-white px-2.5 py-[5px] left-0 top-0 empty:hidden\"><\/span><\/p>\n<div class=\"aspect-[var(--img-listing-aspect-ratio,16\/9)] relative bg-gray-200\"><\/div>\n<p>            <span class=\"text-base text-black font-bold mx-0 my-2.5 p-0 block bg-gray-100\">\u00a0<br \/>\u00a0<\/span>\n        <\/div>\n<\/p><\/div>\n<\/div>\n<div>\n<div class=\"aspect-[var(--img-listing-aspect-ratio,16\/9)] relative mb-3.5\">\n<p>    <img decoding=\"async\" src=\"https:\/\/cdn.mos.cms.futurecdn.net\/Av6vwm2k94B2FtcNww6iFd.jpg\" alt=\"Jonas Vingegaard and Wout van Aert during the 2025 Tour de France\" loading=\"lazy\" class=\"rounded-[var(--image--border-radius,0)] object-cover w-full h-full\"><\/p><\/div>\n<p>                                                                                                <span class=\"custom-subheading-styles\">Teams &amp; Riders<\/span><\/p>\n<p>                            <span class=\"text-base text-black font-bold mx-0 my-2.5 p-0 block custom-text-styles\">How do you replace Wout van Aert at the Tour de France? Analysing who could fill the void in Visma&#8217;s supporting cast for Jonas Vingegaard<\/span><\/p><\/div>\n<div class=\"relative recirc-feed sponsored-card min-h-[250px]\" data-recirc-id=\"article-river-stacked-ads:native-cards\" data-mrf-recirculation=\"article-river-ads\" data-nosnippet data-ad-slot-path=\"feed-sponsored-post\" data-attribute-device=\"all\">\n<div class=\"sponsored-post max-w-full [&amp;.sponsored-post--loaded+.sponsored-post--placeholder]:hidden [&amp;[data-bordeaux-hook-loaded]+.sponsored-post--placeholder]:hidden\"><\/div>\n<div class=\"max-w-full sponsored-post--placeholder animate-pulse\">\n<div class=\"relative!\">\n            <span class=\"font-ui-heading bg-(--ad-slot-badge-bg-color) absolute text-xs font-bold leading-[14px] tracking-normal text-left text-white px-2.5 py-[5px] left-0 top-0 empty:hidden\"><\/span><\/p>\n<div class=\"aspect-[var(--img-listing-aspect-ratio,16\/9)] relative bg-gray-200\"><\/div>\n<p>            <span class=\"text-base text-black font-bold mx-0 my-2.5 p-0 block bg-gray-100\">\u00a0<br \/>\u00a0<\/span>\n        <\/div>\n<\/p><\/div>\n<\/div>\n<div>\n<div class=\"aspect-[var(--img-listing-aspect-ratio,16\/9)] relative mb-3.5\">\n<p>    <img decoding=\"async\" src=\"https:\/\/cdn.mos.cms.futurecdn.net\/KJHz54TiAxXu5pmeHkjQWB.jpg\" alt=\"SAINT-CHAMOND, FRANCE - JUNE 11: Wout van Aert of Belgium and Team Visma | Lease a Bike prior to the 78th Tour Auvergne-Rhone-Alpes 2026, Stage 5 a 195.8km stage from Saint-Chamond to Parc des Oiseaux Villars-les-Dombes \/ #UCIWT \/ on June 11, 2026 in Saint-Chamond, France. (Photo by Dario Belingheri\/Getty Images)\" loading=\"lazy\" class=\"rounded-[var(--image--border-radius,0)] object-cover w-full h-full\"><\/p><\/div>\n<p>                                                                                                <span class=\"custom-subheading-styles\">Teams &amp; Riders<\/span><\/p>\n<p>                            <span class=\"text-base text-black font-bold mx-0 my-2.5 p-0 block custom-text-styles\">Wout van Aert ruled out of Tour de France in big blow to Visma-Lease a Bike<\/span><\/p><\/div>\n<div class=\"relative recirc-feed sponsored-card min-h-[250px]\" data-recirc-id=\"article-river-stacked-ads:native-cards\" data-mrf-recirculation=\"article-river-ads\" data-nosnippet data-ad-slot-path=\"feed-sponsored-post\" data-attribute-device=\"all\">\n<div class=\"sponsored-post max-w-full [&amp;.sponsored-post--loaded+.sponsored-post--placeholder]:hidden [&amp;[data-bordeaux-hook-loaded]+.sponsored-post--placeholder]:hidden\"><\/div>\n<div class=\"max-w-full sponsored-post--placeholder animate-pulse\">\n<div class=\"relative!\">\n            <span class=\"font-ui-heading bg-(--ad-slot-badge-bg-color) absolute text-xs font-bold leading-[14px] tracking-normal text-left text-white px-2.5 py-[5px] left-0 top-0 empty:hidden\"><\/span><\/p>\n<div class=\"aspect-[var(--img-listing-aspect-ratio,16\/9)] relative bg-gray-200\"><\/div>\n<p>            <span class=\"text-base text-black font-bold mx-0 my-2.5 p-0 block bg-gray-100\">\u00a0<br \/>\u00a0<\/span>\n        <\/div>\n<\/p><\/div>\n<\/div>\n<div>\n<div class=\"aspect-[var(--img-listing-aspect-ratio,16\/9)] relative mb-3.5\">\n<p>    <img decoding=\"async\" src=\"https:\/\/cdn.mos.cms.futurecdn.net\/RhXSwqfEZrRwHBMMU6XSrD.jpg\" alt=\"Matthew Brennan of Visma-Lease a Bike wins Vuelta a Burgos 2026 stage 1 with teammate Ben Tulett taking second\" loading=\"lazy\" class=\"rounded-[var(--image--border-radius,0)] object-cover w-full h-full\"><\/p><\/div>\n<p>                                                                                                <span class=\"custom-subheading-styles\">Racing<\/span><\/p>\n<p>                            <span class=\"text-base text-black font-bold mx-0 my-2.5 p-0 block custom-text-styles\">Vuelta a Burgos: Matthew Brennan wins uphill sprint to Alto del Castillo on opening stage<\/span><\/p><\/div>\n<div class=\"relative recirc-feed sponsored-card min-h-[250px]\" data-recirc-id=\"article-river-stacked-ads:native-cards\" data-mrf-recirculation=\"article-river-ads\" data-nosnippet data-ad-slot-path=\"feed-sponsored-post\" data-attribute-device=\"all\">\n<div class=\"sponsored-post max-w-full [&amp;.sponsored-post--loaded+.sponsored-post--placeholder]:hidden [&amp;[data-bordeaux-hook-loaded]+.sponsored-post--placeholder]:hidden\"><\/div>\n<div class=\"max-w-full sponsored-post--placeholder animate-pulse\">\n<div class=\"relative!\">\n            <span class=\"font-ui-heading bg-(--ad-slot-badge-bg-color) absolute text-xs font-bold leading-[14px] tracking-normal text-left text-white px-2.5 py-[5px] left-0 top-0 empty:hidden\"><\/span><\/p>\n<div class=\"aspect-[var(--img-listing-aspect-ratio,16\/9)] relative bg-gray-200\"><\/div>\n<p>            <span class=\"text-base text-black font-bold mx-0 my-2.5 p-0 block bg-gray-100\">\u00a0<br \/>\u00a0<\/span>\n        <\/div>\n<\/p><\/div>\n<\/div>\n<div>\n<div class=\"aspect-[var(--img-listing-aspect-ratio,16\/9)] relative mb-3.5\">\n<p>    <img decoding=\"async\" src=\"https:\/\/cdn.mos.cms.futurecdn.net\/4oBtY6G27roy6SRRBKwXuR.jpg\" alt=\"CREST-VOLAND, FRANCE - JUNE 12: Matteo Jorgenson of United States and Team Visma | Lease a Bike crosses the finish line during the 78th Tour Auvergne-Rhone-Alpes 2026, Stage 6 a 182.3km stage from Saint-Vulbas to Crest-Voland 1211m \/ #UCIWT \/ on June 12, 2026 in Crest-Voland, France. (Photo by Dario Belingheri\/Getty Images)\" loading=\"lazy\" class=\"rounded-[var(--image--border-radius,0)] object-cover w-full h-full\"><\/p><\/div>\n<p>                                                                                                <span class=\"custom-subheading-styles\">Teams &amp; Riders<\/span><\/p>\n<p>                            <span class=\"text-base text-black font-bold mx-0 my-2.5 p-0 block custom-text-styles\">Blow for Matteo Jorgenson as illness in Visma-Lease a Bike camp leaves him with just three teammates at Tour Auvergne-Rh\u00f4ne-Alpes<\/span><\/p><\/div>\n<div class=\"relative recirc-feed sponsored-card min-h-[250px]\" data-recirc-id=\"article-river-stacked-ads:native-cards\" data-mrf-recirculation=\"article-river-ads\" data-nosnippet data-ad-slot-path=\"feed-sponsored-post\" data-attribute-device=\"all\">\n<div class=\"sponsored-post max-w-full [&amp;.sponsored-post--loaded+.sponsored-post--placeholder]:hidden [&amp;[data-bordeaux-hook-loaded]+.sponsored-post--placeholder]:hidden\"><\/div>\n<div class=\"max-w-full sponsored-post--placeholder animate-pulse\">\n<div class=\"relative!\">\n            <span class=\"font-ui-heading bg-(--ad-slot-badge-bg-color) absolute text-xs font-bold leading-[14px] tracking-normal text-left text-white px-2.5 py-[5px] left-0 top-0 empty:hidden\"><\/span><\/p>\n<div class=\"aspect-[var(--img-listing-aspect-ratio,16\/9)] relative bg-gray-200\"><\/div>\n<p>            <span class=\"text-base text-black font-bold mx-0 my-2.5 p-0 block bg-gray-100\">\u00a0<br \/>\u00a0<\/span>\n        <\/div>\n<\/p><\/div>\n<\/div>\n<div>\n<div class=\"aspect-[var(--img-listing-aspect-ratio,16\/9)] relative mb-3.5\">\n<p>    <img decoding=\"async\" src=\"https:\/\/cdn.mos.cms.futurecdn.net\/HTpJWy8LFpowMBpT5tsHYn.jpg\" alt=\"PLATEAU DE SOLAISON, FRANCE - JULY 19: Sepp Kuss of United States and Team Visma | Lease a Bike competes while fans cheer at the Plateau de Solaison (1501m) during the 113th Tour de France 2026, Stage 15 a 183.9km a 155.3km stage from Champagnole to Plateau de Solaison 1501m \/ #UCIWT \/ on July 19, 2026 in Plateau de Solaison, France. (Photo by Tim de Waele\/Getty Images)\" loading=\"lazy\" class=\"rounded-[var(--image--border-radius,0)] object-cover w-full h-full\"><\/p><\/div>\n<p>                                                                                                <span class=\"custom-subheading-styles\">Teams &amp; Riders<\/span><\/p>\n<p>                            <span class=\"text-base text-black font-bold mx-0 my-2.5 p-0 block custom-text-styles\">&#8216;The focus is already switched&#8217; &#8211; Visma-Lease a Bike regroup following the crash-out of Tour de France leader Jonas Vingegaard<\/span><\/p><\/div>\n<div class=\"relative recirc-feed sponsored-card min-h-[250px]\" data-recirc-id=\"article-river-stacked-ads:native-cards\" data-mrf-recirculation=\"article-river-ads\" data-nosnippet data-ad-slot-path=\"feed-sponsored-post\" data-attribute-device=\"all\">\n<div class=\"sponsored-post max-w-full [&amp;.sponsored-post--loaded+.sponsored-post--placeholder]:hidden [&amp;[data-bordeaux-hook-loaded]+.sponsored-post--placeholder]:hidden\"><\/div>\n<div class=\"max-w-full sponsored-post--placeholder animate-pulse\">\n<div class=\"relative!\">\n            <span class=\"font-ui-heading bg-(--ad-slot-badge-bg-color) absolute text-xs font-bold leading-[14px] tracking-normal text-left text-white px-2.5 py-[5px] left-0 top-0 empty:hidden\"><\/span><\/p>\n<div class=\"aspect-[var(--img-listing-aspect-ratio,16\/9)] relative bg-gray-200\"><\/div>\n<p>            <span class=\"text-base text-black font-bold mx-0 my-2.5 p-0 block bg-gray-100\">\u00a0<br \/>\u00a0<\/span>\n        <\/div>\n<\/p><\/div>\n<\/div><\/div>\n<\/p><\/div>\n<\/aside>\n<aside class=\"w-full\" data-nosnippet data-mrf-recirculation=\"article-river-stacked\">\n<div data-recirc-id=\"article-river-stacked-solr:latest-category\">\n<div class=\"text-white py-4 px-3 mb-4 bg-[#333] uppercase font-bold custom-header-styles\">Latest in Teams &amp; Riders<\/div>\n<div class=\"grid grid-cols-1 gap-4 mt-4 mb-5\">\n<div>\n<div class=\"aspect-[var(--img-listing-aspect-ratio,16\/9)] relative mb-3.5\">\n<p>    <img decoding=\"async\" src=\"https:\/\/cdn.mos.cms.futurecdn.net\/mekquUgc6QK5c55XaBzarY.jpg\" alt=\"Primoz Roglic (Red Bull Bora - hansgrohe) wins the 2024 Vuelta a Espa\u00f1a. (Photo by Tim de Waele\/Getty Images)\" loading=\"lazy\" class=\"rounded-[var(--image--border-radius,0)] object-cover w-full h-full\"><\/p><\/div>\n<p>                                                                                                <span class=\"custom-subheading-styles\">Teams &amp; Riders<\/span><\/p>\n<p>                            <span class=\"text-base text-black font-bold mx-0 my-2.5 p-0 block custom-text-styles\">&#8216;We have to be realistic&#8217; \u2013 Red Bull-Bora-Hansgrohe focus on Vuelta a Espa\u00f1a stage wins, Primo\u017e Rogli\u010d\u2019s form will be &#8216;assessed progressively&#8217;<\/span><\/p><\/div>\n<div class=\"relative recirc-feed sponsored-card min-h-[250px]\" data-recirc-id=\"article-river-stacked-ads:native-cards\" data-mrf-recirculation=\"article-river-ads\" data-nosnippet data-ad-slot-path=\"feed-sponsored-post\" data-attribute-device=\"all\">\n<div class=\"sponsored-post max-w-full [&amp;.sponsored-post--loaded+.sponsored-post--placeholder]:hidden [&amp;[data-bordeaux-hook-loaded]+.sponsored-post--placeholder]:hidden\"><\/div>\n<div class=\"max-w-full sponsored-post--placeholder animate-pulse\">\n<div class=\"relative!\">\n            <span class=\"font-ui-heading bg-(--ad-slot-badge-bg-color) absolute text-xs font-bold leading-[14px] tracking-normal text-left text-white px-2.5 py-[5px] left-0 top-0 empty:hidden\"><\/span><\/p>\n<div class=\"aspect-[var(--img-listing-aspect-ratio,16\/9)] relative bg-gray-200\"><\/div>\n<p>            <span class=\"text-base text-black font-bold mx-0 my-2.5 p-0 block bg-gray-100\">\u00a0<br \/>\u00a0<\/span>\n        <\/div>\n<\/p><\/div>\n<\/div>\n<div>\n<div class=\"aspect-[var(--img-listing-aspect-ratio,16\/9)] relative mb-3.5\">\n<p>    <img decoding=\"async\" src=\"https:\/\/cdn.mos.cms.futurecdn.net\/S8XBVXkADYwhYuZWL5XML3.jpg\" alt=\"Italian Marco Frigo of NSN Cycling Team pictured in action during stage 18 of the 2026 Tour de France cycling race, a stage of 185km from Voiron to Orcieres-Merlette, on Thursday 23 July 2026. The 113th edition of the Tour de France starts on Saturday 4 July in Barcelona, Spain, and will finish in Paris, France on the 26th of July. BELGA PHOTO POOL PETE GODING (Photo by POOL PETE GODING \/ BELGA MAG \/ Belga \/ AFP via Getty Images)\" loading=\"lazy\" class=\"rounded-[var(--image--border-radius,0)] object-cover w-full h-full\"><\/p><\/div>\n<p>                                                                                                <span class=\"custom-subheading-styles\">Transfers<\/span><\/p>\n<p>                            <span class=\"text-base text-black font-bold mx-0 my-2.5 p-0 block custom-text-styles\">Tadej Poga\u010dar gets a new teammate for 2027 as UAE Team Emirates-XRG sign Italian all-rounder<\/span><\/p><\/div>\n<div class=\"relative recirc-feed sponsored-card min-h-[250px]\" data-recirc-id=\"article-river-stacked-ads:native-cards\" data-mrf-recirculation=\"article-river-ads\" data-nosnippet data-ad-slot-path=\"feed-sponsored-post\" data-attribute-device=\"all\">\n<div class=\"sponsored-post max-w-full [&amp;.sponsored-post--loaded+.sponsored-post--placeholder]:hidden [&amp;[data-bordeaux-hook-loaded]+.sponsored-post--placeholder]:hidden\"><\/div>\n<div class=\"max-w-full sponsored-post--placeholder animate-pulse\">\n<div class=\"relative!\">\n            <span class=\"font-ui-heading bg-(--ad-slot-badge-bg-color) absolute text-xs font-bold leading-[14px] tracking-normal text-left text-white px-2.5 py-[5px] left-0 top-0 empty:hidden\"><\/span><\/p>\n<div class=\"aspect-[var(--img-listing-aspect-ratio,16\/9)] relative bg-gray-200\"><\/div>\n<p>            <span class=\"text-base text-black font-bold mx-0 my-2.5 p-0 block bg-gray-100\">\u00a0<br \/>\u00a0<\/span>\n        <\/div>\n<\/p><\/div>\n<\/div>\n<div>\n<div class=\"aspect-[var(--img-listing-aspect-ratio,16\/9)] relative mb-3.5\">\n<p>    <img decoding=\"async\" src=\"https:\/\/cdn.mos.cms.futurecdn.net\/6ntNBKnYyenk3bn9BZe4gm.jpg\" alt=\"GUMIEL DE IZAN, SPAIN - AUGUST 04: David Gaudu of France and Team Groupama - FDJ United prior to the 48th Vuelta a Burgos 2026, Stage 1 a 165km stage from Gumiel de Izan to Burgos (Alto del Castillo) 924m on August 04, 2026 in Gumiel de Izan, Spain. (Photo by Antonio Baixauli\/Getty Images)\" loading=\"lazy\" class=\"rounded-[var(--image--border-radius,0)] object-cover w-full h-full\"><\/p><\/div>\n<p>                                                                                                <span class=\"custom-subheading-styles\">Teams &amp; Riders<\/span><\/p>\n<p>                            <span class=\"text-base text-black font-bold mx-0 my-2.5 p-0 block custom-text-styles\">&#8216;A more difficult period&#8217; \u2013 Groupama-FDJ United looks for answers after David Gaudu delivers another DNF at La Polynormande<\/span><\/p><\/div>\n<div class=\"relative recirc-feed sponsored-card min-h-[250px]\" data-recirc-id=\"article-river-stacked-ads:native-cards\" data-mrf-recirculation=\"article-river-ads\" data-nosnippet data-ad-slot-path=\"feed-sponsored-post\" data-attribute-device=\"all\">\n<div class=\"sponsored-post max-w-full [&amp;.sponsored-post--loaded+.sponsored-post--placeholder]:hidden [&amp;[data-bordeaux-hook-loaded]+.sponsored-post--placeholder]:hidden\"><\/div>\n<div class=\"max-w-full sponsored-post--placeholder animate-pulse\">\n<div class=\"relative!\">\n            <span class=\"font-ui-heading bg-(--ad-slot-badge-bg-color) absolute text-xs font-bold leading-[14px] tracking-normal text-left text-white px-2.5 py-[5px] left-0 top-0 empty:hidden\"><\/span><\/p>\n<div class=\"aspect-[var(--img-listing-aspect-ratio,16\/9)] relative bg-gray-200\"><\/div>\n<p>            <span class=\"text-base text-black font-bold mx-0 my-2.5 p-0 block bg-gray-100\">\u00a0<br \/>\u00a0<\/span>\n        <\/div>\n<\/p><\/div>\n<\/div>\n<div>\n<div class=\"aspect-[var(--img-listing-aspect-ratio,16\/9)] relative mb-3.5\">\n<p>    <img decoding=\"async\" src=\"https:\/\/cdn.mos.cms.futurecdn.net\/didDWkuxCx3NhnzuvisdbR.png\" alt=\"Photo of Lauren De Crescenzo riding the Life Time Grand Prix Leadville 100 MTB 2026\" loading=\"lazy\" class=\"rounded-[var(--image--border-radius,0)] object-cover w-full h-full\"><\/p><\/div>\n<p>                                                                                                <span class=\"custom-subheading-styles\">Teams &amp; Riders<\/span><\/p>\n<p>                            <span class=\"text-base text-black font-bold mx-0 my-2.5 p-0 block custom-text-styles\">&#8216;The Leadville nobody knew&#8217; \u2013 Revised course eliminates final &#8216;gut punch&#8217; of Powerline climb but Columbine and elevation keep you humble<\/span><\/p><\/div>\n<div class=\"relative recirc-feed sponsored-card min-h-[250px]\" data-recirc-id=\"article-river-stacked-ads:native-cards\" data-mrf-recirculation=\"article-river-ads\" data-nosnippet data-ad-slot-path=\"feed-sponsored-post\" data-attribute-device=\"all\">\n<div class=\"sponsored-post max-w-full [&amp;.sponsored-post--loaded+.sponsored-post--placeholder]:hidden [&amp;[data-bordeaux-hook-loaded]+.sponsored-post--placeholder]:hidden\"><\/div>\n<div class=\"max-w-full sponsored-post--placeholder animate-pulse\">\n<div class=\"relative!\">\n            <span class=\"font-ui-heading bg-(--ad-slot-badge-bg-color) absolute text-xs font-bold leading-[14px] tracking-normal text-left text-white px-2.5 py-[5px] left-0 top-0 empty:hidden\"><\/span><\/p>\n<div class=\"aspect-[var(--img-listing-aspect-ratio,16\/9)] relative bg-gray-200\"><\/div>\n<p>            <span class=\"text-base text-black font-bold mx-0 my-2.5 p-0 block bg-gray-100\">\u00a0<br \/>\u00a0<\/span>\n        <\/div>\n<\/p><\/div>\n<\/div>\n<div>\n<div class=\"aspect-[var(--img-listing-aspect-ratio,16\/9)] relative mb-3.5\">\n<p>    <img decoding=\"async\" src=\"https:\/\/cdn.mos.cms.futurecdn.net\/NmTFaZugsyPHYYiivsi9wN.jpg\" alt=\"2026 Kuurne-Brussels-Kuurne: Arnaud De Lie in action\" loading=\"lazy\" class=\"rounded-[var(--image--border-radius,0)] object-cover w-full h-full\"><\/p><\/div>\n<p>                                                                                                <span class=\"custom-subheading-styles\">Transfers<\/span><\/p>\n<p>                            <span class=\"text-base text-black font-bold mx-0 my-2.5 p-0 block custom-text-styles\">Leading sprinter and Classics specialist Arnaud De Lie confirms signing with Tudor until end of 2030<\/span><\/p><\/div>\n<div class=\"relative recirc-feed sponsored-card min-h-[250px]\" data-recirc-id=\"article-river-stacked-ads:native-cards\" data-mrf-recirculation=\"article-river-ads\" data-nosnippet data-ad-slot-path=\"feed-sponsored-post\" data-attribute-device=\"all\">\n<div class=\"sponsored-post max-w-full [&amp;.sponsored-post--loaded+.sponsored-post--placeholder]:hidden [&amp;[data-bordeaux-hook-loaded]+.sponsored-post--placeholder]:hidden\"><\/div>\n<div class=\"max-w-full sponsored-post--placeholder animate-pulse\">\n<div class=\"relative!\">\n            <span class=\"font-ui-heading bg-(--ad-slot-badge-bg-color) absolute text-xs font-bold leading-[14px] tracking-normal text-left text-white px-2.5 py-[5px] left-0 top-0 empty:hidden\"><\/span><\/p>\n<div class=\"aspect-[var(--img-listing-aspect-ratio,16\/9)] relative bg-gray-200\"><\/div>\n<p>            <span class=\"text-base text-black font-bold mx-0 my-2.5 p-0 block bg-gray-100\">\u00a0<br \/>\u00a0<\/span>\n        <\/div>\n<\/p><\/div>\n<\/div>\n<div>\n<div class=\"aspect-[var(--img-listing-aspect-ratio,16\/9)] relative mb-3.5\">\n<p>    <img decoding=\"async\" src=\"https:\/\/cdn.mos.cms.futurecdn.net\/L2R7ycKXtrUQqbuojPkc5V.jpg\" alt=\"2026 Itzulia Basque Country stage 6: Andrew August wins his first WorldTour race\" loading=\"lazy\" class=\"rounded-[var(--image--border-radius,0)] object-cover w-full h-full\"><\/p><\/div>\n<p>                                                                                                <span class=\"custom-subheading-styles\">Transfers<\/span><\/p>\n<p>                            <span class=\"text-base text-black font-bold mx-0 my-2.5 p-0 block custom-text-styles\">Pinarello-Q36.5 sign deal with talented young American racer AJ August for 2027<\/span><\/p><\/div>\n<div class=\"relative recirc-feed sponsored-card min-h-[250px]\" data-recirc-id=\"article-river-stacked-ads:native-cards\" data-mrf-recirculation=\"article-river-ads\" data-nosnippet data-ad-slot-path=\"feed-sponsored-post\" data-attribute-device=\"all\">\n<div class=\"sponsored-post max-w-full [&amp;.sponsored-post--loaded+.sponsored-post--placeholder]:hidden [&amp;[data-bordeaux-hook-loaded]+.sponsored-post--placeholder]:hidden\"><\/div>\n<div class=\"max-w-full sponsored-post--placeholder animate-pulse\">\n<div class=\"relative!\">\n            <span class=\"font-ui-heading bg-(--ad-slot-badge-bg-color) absolute text-xs font-bold leading-[14px] tracking-normal text-left text-white px-2.5 py-[5px] left-0 top-0 empty:hidden\"><\/span><\/p>\n<div class=\"aspect-[var(--img-listing-aspect-ratio,16\/9)] relative bg-gray-200\"><\/div>\n<p>            <span class=\"text-base text-black font-bold mx-0 my-2.5 p-0 block bg-gray-100\">\u00a0<br \/>\u00a0<\/span>\n        <\/div>\n<\/p><\/div>\n<\/div><\/div>\n<\/p><\/div>\n<\/aside>\n<aside class=\"w-full\" data-nosnippet data-mrf-recirculation=\"article-river-stacked\">\n<div data-recirc-id=\"article-river-stacked-solr:latest-articletype\">\n<div class=\"text-white py-4 px-3 mb-4 bg-[#333] uppercase font-bold custom-header-styles\">Latest in News<\/div>\n<div class=\"grid grid-cols-1 gap-4 mt-4 mb-5\">\n<div>\n<div class=\"aspect-[var(--img-listing-aspect-ratio,16\/9)] relative mb-3.5\">\n<p>    <img decoding=\"async\" src=\"https:\/\/cdn.mos.cms.futurecdn.net\/mekquUgc6QK5c55XaBzarY.jpg\" alt=\"Primoz Roglic (Red Bull Bora - hansgrohe) wins the 2024 Vuelta a Espa\u00f1a. (Photo by Tim de Waele\/Getty Images)\" loading=\"lazy\" class=\"rounded-[var(--image--border-radius,0)] object-cover w-full h-full\"><\/p><\/div>\n<p>                                                                                                <span class=\"custom-subheading-styles\">Teams &amp; Riders<\/span><\/p>\n<p>                            <span class=\"text-base text-black font-bold mx-0 my-2.5 p-0 block custom-text-styles\">&#8216;We have to be realistic&#8217; \u2013 Red Bull-Bora-Hansgrohe focus on Vuelta a Espa\u00f1a stage wins, Primo\u017e Rogli\u010d\u2019s form will be &#8216;assessed progressively&#8217;<\/span><\/p><\/div>\n<div class=\"relative recirc-feed sponsored-card min-h-[250px]\" data-recirc-id=\"article-river-stacked-ads:native-cards\" data-mrf-recirculation=\"article-river-ads\" data-nosnippet data-ad-slot-path=\"feed-sponsored-post\" data-attribute-device=\"all\">\n<div class=\"sponsored-post max-w-full [&amp;.sponsored-post--loaded+.sponsored-post--placeholder]:hidden [&amp;[data-bordeaux-hook-loaded]+.sponsored-post--placeholder]:hidden\"><\/div>\n<div class=\"max-w-full sponsored-post--placeholder animate-pulse\">\n<div class=\"relative!\">\n            <span class=\"font-ui-heading bg-(--ad-slot-badge-bg-color) absolute text-xs font-bold leading-[14px] tracking-normal text-left text-white px-2.5 py-[5px] left-0 top-0 empty:hidden\"><\/span><\/p>\n<div class=\"aspect-[var(--img-listing-aspect-ratio,16\/9)] relative bg-gray-200\"><\/div>\n<p>            <span class=\"text-base text-black font-bold mx-0 my-2.5 p-0 block bg-gray-100\">\u00a0<br \/>\u00a0<\/span>\n        <\/div>\n<\/p><\/div>\n<\/div>\n<div>\n<div class=\"aspect-[var(--img-listing-aspect-ratio,16\/9)] relative mb-3.5\">\n<p>    <img decoding=\"async\" src=\"https:\/\/cdn.mos.cms.futurecdn.net\/S8XBVXkADYwhYuZWL5XML3.jpg\" alt=\"Italian Marco Frigo of NSN Cycling Team pictured in action during stage 18 of the 2026 Tour de France cycling race, a stage of 185km from Voiron to Orcieres-Merlette, on Thursday 23 July 2026. The 113th edition of the Tour de France starts on Saturday 4 July in Barcelona, Spain, and will finish in Paris, France on the 26th of July. BELGA PHOTO POOL PETE GODING (Photo by POOL PETE GODING \/ BELGA MAG \/ Belga \/ AFP via Getty Images)\" loading=\"lazy\" class=\"rounded-[var(--image--border-radius,0)] object-cover w-full h-full\"><\/p><\/div>\n<p>                                                                                                <span class=\"custom-subheading-styles\">Transfers<\/span><\/p>\n<p>                            <span class=\"text-base text-black font-bold mx-0 my-2.5 p-0 block custom-text-styles\">Tadej Poga\u010dar gets a new teammate for 2027 as UAE Team Emirates-XRG sign Italian all-rounder<\/span><\/p><\/div>\n<div class=\"relative recirc-feed sponsored-card min-h-[250px]\" data-recirc-id=\"article-river-stacked-ads:native-cards\" data-mrf-recirculation=\"article-river-ads\" data-nosnippet data-ad-slot-path=\"feed-sponsored-post\" data-attribute-device=\"all\">\n<div class=\"sponsored-post max-w-full [&amp;.sponsored-post--loaded+.sponsored-post--placeholder]:hidden [&amp;[data-bordeaux-hook-loaded]+.sponsored-post--placeholder]:hidden\"><\/div>\n<div class=\"max-w-full sponsored-post--placeholder animate-pulse\">\n<div class=\"relative!\">\n            <span class=\"font-ui-heading bg-(--ad-slot-badge-bg-color) absolute text-xs font-bold leading-[14px] tracking-normal text-left text-white px-2.5 py-[5px] left-0 top-0 empty:hidden\"><\/span><\/p>\n<div class=\"aspect-[var(--img-listing-aspect-ratio,16\/9)] relative bg-gray-200\"><\/div>\n<p>            <span class=\"text-base text-black font-bold mx-0 my-2.5 p-0 block bg-gray-100\">\u00a0<br \/>\u00a0<\/span>\n        <\/div>\n<\/p><\/div>\n<\/div>\n<div>\n<div class=\"aspect-[var(--img-listing-aspect-ratio,16\/9)] relative mb-3.5\">\n<p>    <img decoding=\"async\" src=\"https:\/\/cdn.mos.cms.futurecdn.net\/6ntNBKnYyenk3bn9BZe4gm.jpg\" alt=\"GUMIEL DE IZAN, SPAIN - AUGUST 04: David Gaudu of France and Team Groupama - FDJ United prior to the 48th Vuelta a Burgos 2026, Stage 1 a 165km stage from Gumiel de Izan to Burgos (Alto del Castillo) 924m on August 04, 2026 in Gumiel de Izan, Spain. (Photo by Antonio Baixauli\/Getty Images)\" loading=\"lazy\" class=\"rounded-[var(--image--border-radius,0)] object-cover w-full h-full\"><\/p><\/div>\n<p>                                                                                                <span class=\"custom-subheading-styles\">Teams &amp; Riders<\/span><\/p>\n<p>                            <span class=\"text-base text-black font-bold mx-0 my-2.5 p-0 block custom-text-styles\">&#8216;A more difficult period&#8217; \u2013 Groupama-FDJ United looks for answers after David Gaudu delivers another DNF at La Polynormande<\/span><\/p><\/div>\n<div class=\"relative recirc-feed sponsored-card min-h-[250px]\" data-recirc-id=\"article-river-stacked-ads:native-cards\" data-mrf-recirculation=\"article-river-ads\" data-nosnippet data-ad-slot-path=\"feed-sponsored-post\" data-attribute-device=\"all\">\n<div class=\"sponsored-post max-w-full [&amp;.sponsored-post--loaded+.sponsored-post--placeholder]:hidden [&amp;[data-bordeaux-hook-loaded]+.sponsored-post--placeholder]:hidden\"><\/div>\n<div class=\"max-w-full sponsored-post--placeholder animate-pulse\">\n<div class=\"relative!\">\n            <span class=\"font-ui-heading bg-(--ad-slot-badge-bg-color) absolute text-xs font-bold leading-[14px] tracking-normal text-left text-white px-2.5 py-[5px] left-0 top-0 empty:hidden\"><\/span><\/p>\n<div class=\"aspect-[var(--img-listing-aspect-ratio,16\/9)] relative bg-gray-200\"><\/div>\n<p>            <span class=\"text-base text-black font-bold mx-0 my-2.5 p-0 block bg-gray-100\">\u00a0<br \/>\u00a0<\/span>\n        <\/div>\n<\/p><\/div>\n<\/div>\n<div>\n<div class=\"aspect-[var(--img-listing-aspect-ratio,16\/9)] relative mb-3.5\">\n<p>    <img decoding=\"async\" src=\"https:\/\/cdn.mos.cms.futurecdn.net\/RyT39Rm6mVMRSyhLcSCtYe.jpg\" alt=\"CARCASSONNE, FRANCE - JULY 07: Mathieu van der Poel of Netherlands and Team Alpecin-Premier Tech prior to the 113th Tour de France 2026, Stage 4 a 181.9km stage from Carcassonne to Foix \/ #UCIWT \/ on July 07, 2026 in Carcassonne, France. (Photo by  Dario Belingheri\/Getty Images)\" loading=\"lazy\" class=\"rounded-[var(--image--border-radius,0)] object-cover w-full h-full\"><\/p><\/div>\n<p>                                                                                                <span class=\"custom-subheading-styles\">Racing<\/span><\/p>\n<p>                            <span class=\"text-base text-black font-bold mx-0 my-2.5 p-0 block custom-text-styles\">Mathieu van der Poel&#8217;s 2026 mountain bike return confirmed with place on World Cup start list at Les Gets<\/span><\/p><\/div>\n<div class=\"relative recirc-feed sponsored-card min-h-[250px]\" data-recirc-id=\"article-river-stacked-ads:native-cards\" data-mrf-recirculation=\"article-river-ads\" data-nosnippet data-ad-slot-path=\"feed-sponsored-post\" data-attribute-device=\"all\">\n<div class=\"sponsored-post max-w-full [&amp;.sponsored-post--loaded+.sponsored-post--placeholder]:hidden [&amp;[data-bordeaux-hook-loaded]+.sponsored-post--placeholder]:hidden\"><\/div>\n<div class=\"max-w-full sponsored-post--placeholder animate-pulse\">\n<div class=\"relative!\">\n            <span class=\"font-ui-heading bg-(--ad-slot-badge-bg-color) absolute text-xs font-bold leading-[14px] tracking-normal text-left text-white px-2.5 py-[5px] left-0 top-0 empty:hidden\"><\/span><\/p>\n<div class=\"aspect-[var(--img-listing-aspect-ratio,16\/9)] relative bg-gray-200\"><\/div>\n<p>            <span class=\"text-base text-black font-bold mx-0 my-2.5 p-0 block bg-gray-100\">\u00a0<br \/>\u00a0<\/span>\n        <\/div>\n<\/p><\/div>\n<\/div>\n<div>\n<div class=\"aspect-[var(--img-listing-aspect-ratio,16\/9)] relative mb-3.5\">\n<p>    <img decoding=\"async\" src=\"https:\/\/cdn.mos.cms.futurecdn.net\/NmTFaZugsyPHYYiivsi9wN.jpg\" alt=\"2026 Kuurne-Brussels-Kuurne: Arnaud De Lie in action\" loading=\"lazy\" class=\"rounded-[var(--image--border-radius,0)] object-cover w-full h-full\"><\/p><\/div>\n<p>                                                                                                <span class=\"custom-subheading-styles\">Transfers<\/span><\/p>\n<p>                            <span class=\"text-base text-black font-bold mx-0 my-2.5 p-0 block custom-text-styles\">Leading sprinter and Classics specialist Arnaud De Lie confirms signing with Tudor until end of 2030<\/span><\/p><\/div>\n<div class=\"relative recirc-feed sponsored-card min-h-[250px]\" data-recirc-id=\"article-river-stacked-ads:native-cards\" data-mrf-recirculation=\"article-river-ads\" data-nosnippet data-ad-slot-path=\"feed-sponsored-post\" data-attribute-device=\"all\">\n<div class=\"sponsored-post max-w-full [&amp;.sponsored-post--loaded+.sponsored-post--placeholder]:hidden [&amp;[data-bordeaux-hook-loaded]+.sponsored-post--placeholder]:hidden\"><\/div>\n<div class=\"max-w-full sponsored-post--placeholder animate-pulse\">\n<div class=\"relative!\">\n            <span class=\"font-ui-heading bg-(--ad-slot-badge-bg-color) absolute text-xs font-bold leading-[14px] tracking-normal text-left text-white px-2.5 py-[5px] left-0 top-0 empty:hidden\"><\/span><\/p>\n<div class=\"aspect-[var(--img-listing-aspect-ratio,16\/9)] relative bg-gray-200\"><\/div>\n<p>            <span class=\"text-base text-black font-bold mx-0 my-2.5 p-0 block bg-gray-100\">\u00a0<br \/>\u00a0<\/span>\n        <\/div>\n<\/p><\/div>\n<\/div>\n<div>\n<div class=\"aspect-[var(--img-listing-aspect-ratio,16\/9)] relative mb-3.5\">\n<p>    <img decoding=\"async\" src=\"https:\/\/cdn.mos.cms.futurecdn.net\/L2R7ycKXtrUQqbuojPkc5V.jpg\" alt=\"2026 Itzulia Basque Country stage 6: Andrew August wins his first WorldTour race\" loading=\"lazy\" class=\"rounded-[var(--image--border-radius,0)] object-cover w-full h-full\"><\/p><\/div>\n<p>                                                                                                <span class=\"custom-subheading-styles\">Transfers<\/span><\/p>\n<p>                            <span class=\"text-base text-black font-bold mx-0 my-2.5 p-0 block custom-text-styles\">Pinarello-Q36.5 sign deal with talented young American racer AJ August for 2027<\/span><\/p><\/div>\n<div class=\"relative recirc-feed sponsored-card min-h-[250px]\" data-recirc-id=\"article-river-stacked-ads:native-cards\" data-mrf-recirculation=\"article-river-ads\" data-nosnippet data-ad-slot-path=\"feed-sponsored-post\" data-attribute-device=\"all\">\n<div class=\"sponsored-post max-w-full [&amp;.sponsored-post--loaded+.sponsored-post--placeholder]:hidden [&amp;[data-bordeaux-hook-loaded]+.sponsored-post--placeholder]:hidden\"><\/div>\n<div class=\"max-w-full sponsored-post--placeholder animate-pulse\">\n<div class=\"relative!\">\n            <span class=\"font-ui-heading bg-(--ad-slot-badge-bg-color) absolute text-xs font-bold leading-[14px] tracking-normal text-left text-white px-2.5 py-[5px] left-0 top-0 empty:hidden\"><\/span><\/p>\n<div class=\"aspect-[var(--img-listing-aspect-ratio,16\/9)] relative bg-gray-200\"><\/div>\n<p>            <span class=\"text-base text-black font-bold mx-0 my-2.5 p-0 block bg-gray-100\">\u00a0<br \/>\u00a0<\/span>\n        <\/div>\n<\/p><\/div>\n<\/div><\/div>\n<\/p><\/div>\n<\/aside>\n<\/section>\n<div class=\"related-articles-block\">\n<\/div>\n<\/div>\n<\/div>\n<div data-widget-type=\"ads\" id=\"ads-middle-1\" class=\"clear-both widget widget-ads widget-ads-middle-1 widget-ads-ads-middle-1 widget-no-data widget-ads-flexi_ads_middle1\">\n<div id=\"bdx_flexi_ads_middle1\" data-type=\"ads\" data-ads-type=\"bordeaux\" class=\"flexi_ads_middle1\"><\/div>\n<\/div>\n<\/div>\n<div id=\"widgetArea17\" class=\"widget-area md:basis-1\/3 widget-area-g-md-vp-1-3 widget-area-g-lg-vp-1-3 widget-area-g-xl-vp-1-3 page-widget-area-17\">\n<div data-widget-type=\"empty\" id=\"sidebar\" class=\"clear-both widget widget-empty widget-sidebar widget-empty-sidebar widget-no-data widget-empty\">\n<\/div>\n<div data-widget-type=\"empty\" id=\"sidebar-top\" class=\"clear-both widget widget-empty widget-sidebar-top widget-empty-sidebar-top ad-unit widget-no-data widget-empty\">\n<\/div>\n<div data-widget-type=\"contentparsed\" id=\"follow-us-on-google-news\" class=\"clear-both widget widget-contentparsed widget-follow-us-on-google-news widget-contentparsed-follow-us-on-google-news widget-content-parsed widget-content-parsed-curated \">\n<div class=\"wcp-item-content\">\n<\/div>\n<\/div>\n<div data-widget-type=\"empty\" id=\"sidebar-popular-top\" class=\"clear-both widget widget-empty widget-sidebar-popular-top widget-empty-sidebar-popular-top ad-unit widget-no-data widget-empty\">\n<\/div>\n<div data-widget-type=\"dynamic\" id=\"popular-data\" class=\"clear-both widget widget-dynamic widget-popular-data widget-dynamic-popular-data widget-dynamic-fter-popular-box\">\n<div class=\"clear-both widget-header\">\n<\/div>\n<div class=\"wdn-fte-pb pos-relative space-t20\n\"><\/p>\n<div class=\"slice-container popular-box-slice\">\n<section class=\"popular-box\" data-component-name=\"Slice:PopularBox\">\n<div class=\"popular-box__label\">\n<div class=\"popular-box__label__tab popular-box__label__tab--active\" role=\"heading\">\nLATEST ARTICLES\n<\/div>\n<\/div>\n<ol class=\"popular-box__articles-list popular-box__articles-list--active\">\n<li class=\"popular-box__article-list\">\n<div class=\"popular-box__article-list__container\">\n<div class=\"popular-box__article-list__image-wrapper\">\n<div>\n<p><img decoding=\"async\" src=\"https:\/\/cdn.mos.cms.futurecdn.net\/S8XBVXkADYwhYuZWL5XML3.jpg\" alt=\"Italian Marco Frigo of NSN Cycling Team pictured in action during stage 18 of the 2026 Tour de France cycling race, a stage of 185km from Voiron to Orcieres-Merlette, on Thursday 23 July 2026. The 113th edition of the Tour de France starts on Saturday 4 July in Barcelona, Spain, and will finish in Paris, France on the 26th of July. BELGA PHOTO POOL PETE GODING (Photo by POOL PETE GODING \/ BELGA MAG \/ Belga \/ AFP via Getty Images)\" loading=\"lazy\" class=\"rounded-[var(--image--border-radius,0)] popular-box__article-list__image image__image\"><\/p>\n<\/div>\n<\/div>\n<div class=\"popular-box__article-list__content\">\n<div class=\"popular-box__article-list__number-text\">1<\/div>\n<div class=\"popular-box__article-list__heading\">\n<p>Tadej Poga\u010dar gets a new teammate for 2027 as UAE Team Emirates-XRG sign Italian all-rounder<\/p>\n<\/div>\n<\/div>\n<\/div>\n<\/li>\n<li class=\"popular-box__article-list\">\n<div class=\"popular-box__article-list__container\">\n<div class=\"popular-box__article-list__content\">\n<div class=\"popular-box__article-list__number-text\">2<\/div>\n<div class=\"popular-box__article-list__heading\">\n<p>Visma-Lease a Bike to be led by Wout van Aert, Matthew Brennan and Sepp Kuss at Vuelta a Espana<\/p>\n<\/div>\n<\/div>\n<\/div>\n<\/li>\n<li class=\"popular-box__article-list\">\n<div class=\"popular-box__article-list__container\">\n<div class=\"popular-box__article-list__content\">\n<div class=\"popular-box__article-list__number-text\">3<\/div>\n<div class=\"popular-box__article-list__heading\">\n<p>&#8216;A more difficult period&#8217; \u2013 Groupama-FDJ United looks for answers after David Gaudu delivers another DNF at La Polynormande<\/p>\n<\/div>\n<\/div>\n<\/div>\n<\/li>\n<li class=\"popular-box__article-list\">\n<div class=\"popular-box__article-list__container\">\n<div class=\"popular-box__article-list__content\">\n<div class=\"popular-box__article-list__number-text\">4<\/div>\n<div class=\"popular-box__article-list__heading\">\n<p>Mathieu van der Poel&#8217;s 2026 mountain bike return confirmed with place on World Cup start list at Les Gets<\/p>\n<\/div>\n<\/div>\n<\/div>\n<\/li>\n<li class=\"popular-box__article-list\">\n<div class=\"popular-box__article-list__container\">\n<div class=\"popular-box__article-list__content\">\n<div class=\"popular-box__article-list__number-text\">5<\/div>\n<div class=\"popular-box__article-list__heading\">\n<p>American Criterium Cup: Aline Seitz holds off Skylar Schneider while Justin Williams earns men&#8217;s sprint victory on tight circuit in Salt Lake City<\/p>\n<\/div>\n<\/div>\n<\/div>\n<\/li>\n<\/ol>\n<\/section>\n<\/div>\n<\/div>\n<\/div>\n<div data-widget-type=\"empty\" id=\"sidebar-popular-bottom\" class=\"clear-both widget widget-empty widget-sidebar-popular-bottom widget-empty-sidebar-popular-bottom ad-unit widget-no-data widget-empty\">\n<\/div>\n<\/div>\n<\/div>\n<\/article>\n<article class=\"page-content-onecol flex-1\nnews-article article\n\"><\/p>\n<div class=\"widget-area-group widget-area-group-2col flex flex-wrap box-border\">\n<div id=\"widgetArea16\" class=\"widget-area basis-full md:basis-2\/3 widget-area-g-md-vp-2-3 widget-area-g-lg-vp-2-3 widget-area-g-xl-vp-2-3 page-widget-area-16\">\n<div data-widget-type=\"hero\" id=\"hero\" class=\"clear-both widget widget-hero widget-hero widget-hero-hero widget-hero widget-hero-fter-news\">\n<div class=\"clear-both widget-header\">\n<\/div>\n<div class=\"news-article\">\n<header data-component-name=\"Article:Hero\">\n<div id=\"kiosq-metered-message\" class=\"kiosq-metered-message-content\"><\/div>\n<nav class=\"breadcrumb\" aria-label=\"Breadcrumbs\">\n<ol>\n<li>\nPro Cycling\n<\/li>\n<li>\nTeams &amp; Riders\n<\/li>\n<li>\nVisma-Lease a Bike\n<\/li>\n<\/ol>\n<\/nav>\n<h1>Visma-Lease a Bike to be led by Wout van Aert, Matthew Brennan and Sepp Kuss at Vuelta a Espana<\/h1>\n<div class=\"byline-social\">\n<div class=\"vds-byline-block flex flex-row flex-nowrap my-1.5 gap-2 text-left items-start justify-start\" data-component-name=\"Article:BylineBlock\">\n<p>News<\/p>\n<div class=\"my-auto vds-simple-byline\">\n<span class=\"inline-block vds-author\"><br \/>\nBy<br \/>\nDani Ostanek <\/span><br \/>\n<span class=\"inline-block h-3 my-auto border-l border-solid vds-simple-byline__divider max-sm:hidden\"><\/span><\/p>\n<div class=\"flex gap-1 vds-byline-with-avatar__meta\">\n<span class=\"vds-date block font-normal tracking-normal normal-case text-xs\"><br \/>\nPublished<br \/>\n<time data-component-name=\"UI:DateTime\" datetime=\"2026-08-18T09:13:29Z\" class=\"relative-date\"><br \/>\n18 August 2026<br \/>\n<\/time><br \/>\n<\/span>\n<\/div>\n<\/div>\n<\/div>\n<p class=\"strapline\">Promising young rider J\u00f8rgen Nordhagen and retiring Steven Kruijswijk also make Dutch squad&#8217;s selection for Spanish Grand Tour<\/p>\n<\/div>\n<aside class=\"text-gray-700 flex items-center mx-0 my-5 p-0 justify-start text-left\" id=\"affiliate-disclaimer\" data-component-name=\"AffiliateDisclaimer\" data-hawk-message=\"Affiliate disclaimer removed because hawk deemed there are no affiliate links on this page\">\n<p class=\"text-[color:var(--affiliate-disclaimer--text-color,inherit)] mb-2 text-[length:var(--affiliate-disclaimer--font-size,0.75rem)] leading-[18px] md:text-[13px] [&amp;&gt;a]:text-inherit [&amp;&gt;a]:underline\">\nWhen you purchase through links on our site, we may earn an affiliate commission. Here\u2019s how it works.\n<\/p>\n<\/aside>\n<\/header>\n<\/div>\n<\/div>\n<div data-widget-type=\"contentparsed\" id=\"content\" class=\"clear-both widget widget-contentparsed widget-content widget-contentparsed-content widget-content-parsed widget-content-parsed-content_document \">\n<div class=\"wcp-item-content\">\n<section class=\"content-wrapper\">\n<div class=\"box less-space hero-image-wrapper\">\n<figure class=\"mb-0\">\n<p><img decoding=\"async\" src=\"https:\/\/cdn.mos.cms.futurecdn.net\/N9pFoLkReg7BfAfct59wW4.jpg\" alt=\"Wout van Aert and Matthew Brennan at the start of Paris-Roubaix 2026\" class=\"rounded-[var(--image--border-radius,0)] block-image-ads hero-image absolute top-0 left-0 w-full h-full object-center\" data-component-name=\"Image\"><figcaption class=\"font-article-copy text-(--image--text--color) font-article-copy mt-2\"> <span class=\"caption-text font-article-copy\">Wout van Aert and Matthew Brennan head up a strong Visma-Lease a Bike selection for the Vuelta a Espa\u00f1a<\/span><br \/>\n<span class=\"credit font-article-copy\">(Image credit: Getty Images)<\/span><br \/>\n<\/figcaption><\/figure>\n<\/div>\n<div id=\"article-body\" class=\"text-copy bodyCopy auto paywall-locker\">\n<div data-analytics-id=\"utility-bar\" id=\"utility-bar\" class=\"font-ui-heading flex justify-between items-center py-2 border-t border-b border-gray-300 border-solid mb-5 mx-auto\" data-component-name=\"UtilityBar\" data-mrf-recirculation=\"utility-bar\">\n<div class=\"flex gap-2 text-[#333] subcontainer\">\n<div class=\"relative tooltip-container\" role=\"tooltip\">\n<div data-component-name=\"Social:Dropdown\" role=\"menu\" id=\"utilitybar__dropdown--share\" aria-labelledby=\"utilitybar__button--share\" class=\"absolute left-0 top-full w-44 bg-white rounded-md shadow-md border border-neutral-200 z-[9996] list-none m-0 py-2 px-3 border-solid\">\n<ul class=\"m-0!\">\n<li class=\"!p-0 !m-0 list-none border-b border-gray-200 border-solid\">\n<\/li>\n<li class=\"!p-0 !m-0 list-none border-b border-gray-200 border-solid\">\n<p>Facebook<\/p>\n<\/li>\n<li class=\"!p-0 !m-0 list-none border-b border-gray-200 border-solid\">\n<p>X<\/p>\n<\/li>\n<li class=\"!p-0 !m-0 list-none border-b border-gray-200 border-solid\">\n<p>Pinterest<\/p>\n<\/li>\n<li class=\"!p-0 !m-0 list-none border-b border-gray-200 border-solid\">\n<p>Email<\/p>\n<\/li>\n<\/ul>\n<\/div>\n<div class=\"font-ui-heading max-sm:hidden tooltip absolute left-1\/2 bg-gray-900 text-white text-xs leading-none px-3 py-1.5 rounded-md z-[10001] whitespace-nowrap\" id=\"tooltip-share-this-article\" role=\"tooltip\" aria-hidden=\"true\">\nShare this article\n<\/div>\n<\/div>\n<div class=\"relative tooltip-container\" role=\"tooltip\">\n<p>    <span class=\"ml-1 inline-flex h-5 px-2 shrink-0 items-center justify-center self-center overflow-hidden whitespace-nowrap rounded-[10px] bg-primary-500 text-[11px] leading-none font-ui-heading font-semibold text-white\">0<\/span><\/p>\n<div class=\"font-ui-heading max-sm:hidden tooltip absolute left-1\/2 bg-gray-900 text-white text-xs leading-none px-3 py-1.5 rounded-md z-[10001] whitespace-nowrap\" id=\"tooltip-join-the-conversation\" role=\"tooltip\" aria-hidden=\"true\">\nJoin the conversation\n<\/div>\n<\/div>\n<\/div>\n<div class=\"flex gap-2 text-[#333] subcontainer\">\n<div class=\"relative tooltip-container\" role=\"tooltip\">\n<p>Follow us<\/p>\n<div class=\"font-ui-heading max-sm:hidden tooltip absolute left-1\/2 bg-gray-900 text-white text-xs leading-none px-3 py-1.5 rounded-md z-[10001] whitespace-nowrap\" id=\"tooltip-add-us-as-a-preferred-source-on-google\" role=\"tooltip\" aria-hidden=\"true\">\nAdd us as a preferred source on Google\n<\/div>\n<\/div>\n<div class=\"relative tooltip-container\" role=\"tooltip\">\n<div class=\"font-ui-heading max-sm:hidden tooltip absolute left-1\/2 bg-gray-900 text-white text-xs leading-none px-3 py-1.5 rounded-md z-[10001] whitespace-nowrap\" id=\"tooltip-subscribe-to-our-newsletter\" role=\"tooltip\" aria-hidden=\"true\">\nSubscribe to our newsletter\n<\/div>\n<\/div>\n<\/div>\n<\/div>\n<p id=\"elk-86746994-9ae2-11f1-923b-49c8bd3a8c03\">Visma-Lease a Bike have announced their squad for the Vuelta a Espa\u00f1a with Wout van Aert, Matthew Brennan, and former race winner Sepp Kuss leading a strong lineup in Spain.<\/p>\n<div id=\"ad-unit-1\" class=\"ad-unit\"><\/div>\n<p>Van Aert is back to Grand Tour action for the first time in over a year after missing out on the Tour de France with an elbow injury sustained in a June training crash. The Belgian has seven wins to his name this season, including Paris-Roubaix and two stages at the Tour Auvergne-Rh\u00f4ne-Alpes.<\/p>\n<p><a id=\"elk-seasonal\"><\/a><\/p>\n<aside data-article-category=\"pro-cycling\" data-block-type=\"embed\" data-render-type=\"fte\" data-skip=\"dealsy\" data-widget-type=\"seasonal\" class=\"ecom-root\"><\/aside>\n<p id=\"elk-86746994-9ae2-11f1-923b-49c8bd3a8c03-2\" aria-hidden=\"true\" class=\"kiosq-b\">His latest outing came on the gravel, however, where he finished second in the Belgian Nationals. Like the rest of his teammates, he&#8217;ll set his sights on stage wins in Spain, with a run at the green points jersey not out of the question.<\/p>\n<div class=\"my-6 w-full overflow-hidden rounded-[10px] lg:my-8\" data-component-name=\"JwPlayer:Carousel\" data-jwp-carousel data-jwp-carousel-payload=\"{&quot;ids&quot;:{&quot;playerID&quot;:&quot;jYDCcabO&quot;,&quot;searchPlaylistID&quot;:&quot;gwjdoYHD&quot;,&quot;divID&quot;:&quot;botr_gwjdoYHD_jYDCcabO_div&quot;,&quot;fallbackPlaylistID&quot;:&quot;gwjdoYHD&quot;,&quot;fallbackDivID&quot;:&quot;botr_gwjdoYHD_jYDCcabO_div&quot;,&quot;key&quot;:&quot;X9\/mXVGac0NphghLH9hZaqWA5d3dhAM\/Ih07grnEyMLjuO2E&quot;,&quot;tintLogo&quot;:true,&quot;useSearchPlaylist&quot;:false,&quot;enabled&quot;:true},&quot;signPostingEnabled&quot;:true,&quot;signPostingLinkEnabled&quot;:true,&quot;waitForAdLoad&quot;:false,&quot;hidePlayerOnDesktop&quot;:false,&quot;hidePlayerOnMobile&quot;:false,&quot;hidePlayerOnTablet&quot;:false}\">\n<div class=\"flex flex-nowrap items-center justify-between gap-3 bg-zinc-900 px-[14px] py-3\" data-jwp-carousel-header>\n<div class=\"flex min-w-0 shrink items-center\"><span class=\"inline-flex items-center gap-1.5 text-sm font-article-heading capitalize leading-5 text-white whitespace-nowrap\"><span class=\"jwp-carousel-title-mobile\"><\/span><span class=\"jwp-carousel-title-desktop\">Latest Videos From<\/span><span class=\"jwp-carousel-brand\">Cyclingnews<\/span><\/span><\/div>\n<\/div>\n<div class=\"aspect-video w-full min-h-[200px] lg:min-h-[330px] relative overflow-hidden bg-black\" data-jwp-carousel-container>\n<div class=\"absolute inset-0 size-full\" data-jwp-carousel-player-host><\/div>\n<div class=\"absolute inset-0 size-full items-center justify-center bg-white\" data-jwp-carousel-fallback><\/div>\n<\/div>\n<div class=\"min-h-[44px] bg-zinc-900 px-[14px] py-3\" data-jwp-carousel-signposting><a class=\"invisible block truncate text-sm font-bold leading-5 text-white underline decoration-solid underline-offset-2\" data-jwp-carousel-signposting-link href target=\"_blank\" rel=\"noopener noreferrer\"><span data-jwp-carousel-signposting-title>Watch full video here: <\/span><\/a><\/div>\n<\/div>\n<p aria-hidden=\"true\" class=\"kiosq-b\">While Van Aert should target hillier and transition stages, as well as the opening 9.4km time trial in Monaco, 21-year-old Brennan is Visma&#8217;s option for the flatter sprints. The Briton is another breakaway candidate, too, and he can handle tougher sprints, making him well-suited to the Vuelta route.<\/p>\n<div id=\"ad-unit-2\" class=\"ad-unit\"><\/div>\n<p aria-hidden=\"true\" class=\"kiosq-b\">Kuurne-Brussel-Kuurne champion Brennan is in good form, heading to Monaco with two stage wins at the recent Vuelta a Burgos under his belt.<\/p>\n<aside data-component-name=\"Recirculation:ArticleRiver\" data-recirculation-type=\"inline\" data-mrf-recirculation=\"Trending Bar\" data-nosnippet class=\"clear-both pt-2 pb-0 mb-4\">\n        <span class=\"\n            flex\n            after:content-[&apos;&apos;] after:flex-1 after:ml-4 after:my-[0.7rem] after:border-t after:border-solid after:border-t-[#ccc]\n            before:content-[&apos;&apos;] before:flex-1 before:mr-4 before:my-[0.7rem] before:border-t before:border-solid before:border-t-[#ccc]\n            font-article-heading pb-0 text-[length:var(--article-river-title--font-size,1em)] uppercase sm:text-[length:var(--article-river-title--font-size,0.875em)] font-bold\n        \"><br \/>\n            You may like<br \/>\n        <\/span><\/p>\n<ul class=\"flex flex-col gap-0 m-0 max-w-full\">\n<li class=\"m-0 list-none border-b border-solid border-[#ededed] py-2\" data-recirculation-id=\"recirculation-card-1\" id=\"recirculation-inline-1\" data-analytics-id=\"recirculation-inline-1\" data-mrf-recirculation=\"recirculation-inline-1\">\n<p>    <img decoding=\"async\" src=\"https:\/\/cdn.mos.cms.futurecdn.net\/jMc5FYzaZrXPxXreaReGbG.jpg\" alt=\"Visma-Lease a Bike riders Sepp Kuss and Jonas Vingegaard lead the peloton on stage 16 of the 2025 Tour de France\" loading=\"lazy\" class=\"rounded-[var(--image--border-radius,0)] aspect-square size-[75px] object-cover shrink-0 rounded-lg\"><\/p>\n<p>                        <span class=\"w-full text-base font-[var(--article-river-item--font-weight,500)] font-article-heading line-clamp-3 md:line-clamp-2\">This is Jonas Vingegaard&#8217;s support squad for the Tour de France, as Visma-Lease a Bike confirm line-up<\/span><\/p>\n<\/li>\n<li class=\"m-0 list-none border-b border-solid border-[#ededed] py-2\" data-recirculation-id=\"recirculation-card-2\" id=\"recirculation-inline-2\" data-analytics-id=\"recirculation-inline-2\" data-mrf-recirculation=\"recirculation-inline-2\">\n<p>    <img decoding=\"async\" src=\"https:\/\/cdn.mos.cms.futurecdn.net\/Av6vwm2k94B2FtcNww6iFd.jpg\" alt=\"Jonas Vingegaard and Wout van Aert during the 2025 Tour de France\" loading=\"lazy\" class=\"rounded-[var(--image--border-radius,0)] aspect-square size-[75px] object-cover shrink-0 rounded-lg\"><\/p>\n<p>                        <span class=\"w-full text-base font-[var(--article-river-item--font-weight,500)] font-article-heading line-clamp-3 md:line-clamp-2\">How do you replace Wout van Aert at the Tour de France? Analysing who could fill the void in Visma&#8217;s supporting cast for Jonas Vingegaard<\/span><\/p>\n<\/li>\n<li class=\"m-0 list-none border-b border-solid border-[#ccc] py-2\" data-recirculation-id=\"recirculation-card-3\" id=\"recirculation-inline-3\" data-analytics-id=\"recirculation-inline-3\" data-mrf-recirculation=\"recirculation-inline-3\">\n<p>    <img decoding=\"async\" src=\"https:\/\/cdn.mos.cms.futurecdn.net\/KJHz54TiAxXu5pmeHkjQWB.jpg\" alt=\"SAINT-CHAMOND, FRANCE - JUNE 11: Wout van Aert of Belgium and Team Visma | Lease a Bike prior to the 78th Tour Auvergne-Rhone-Alpes 2026, Stage 5 a 195.8km stage from Saint-Chamond to Parc des Oiseaux Villars-les-Dombes \/ #UCIWT \/ on June 11, 2026 in Saint-Chamond, France. (Photo by Dario Belingheri\/Getty Images)\" loading=\"lazy\" class=\"rounded-[var(--image--border-radius,0)] aspect-square size-[75px] object-cover shrink-0 rounded-lg\"><\/p>\n<p>                        <span class=\"w-full text-base font-[var(--article-river-item--font-weight,500)] font-article-heading line-clamp-3 md:line-clamp-2\">Wout van Aert ruled out of Tour de France in big blow to Visma-Lease a Bike<\/span><\/p>\n<\/li>\n<\/ul>\n<\/aside>\n<p aria-hidden=\"true\" class=\"kiosq-b\">American climber Sepp Kuss stands out as the team&#8217;s primary option for GC, though the former champion isn&#8217;t likely to repeat his 2023 ride to the red jersey. Kuss is racing his third Grand Tour of the season, having finished 13th at the Giro and Tour, supporting Jonas Vingegaard at both.<\/p>\n<p aria-hidden=\"true\" class=\"kiosq-b\">Kuss won the mountainous stage 19 of the Giro from the breakaway and also came close on the two L&#8217;Alpe d&#8217;Huez days late in the Tour. Expect him to balance battling for a third career stage win with mentoring promising 21-year-old Norwegian J\u00f8rgen Nordhagen. The second-year pro finished second at O Gran Cami\u00f1o and fourth at the Tour de Romandie this season and will be tackling his first Grand Tour.<\/p>\n<div id=\"slice-container-newsletterForm-articleInbodyContent-wkkCNCpW2QgnZ2vbimJdvR\" class=\"slice-container newsletter-inbodyContent-slice newsletterForm-articleInbodyContent-wkkCNCpW2QgnZ2vbimJdvR slice-container-newsletterForm\">\n<div data-hydrate=\"true\" class=\"newsletter-form__wrapper newsletter-form__wrapper--inbodyContent\">\n<div class=\"newsletter-form__container\">\n<section class=\"newsletter-form__top-bar\">\n<div class=\"newsletter-form__header\">Get The Leadout Newsletter<\/div>\n<\/section>\n<section class=\"newsletter-form__main-section\">\n<p class=\"newsletter-form__strapline\">The latest race content, interviews, features, reviews and expert buying guides, direct to your inbox!<\/p>\n<footer class=\"newsletter-form__footer \">By submitting your information you agree to the Terms &amp; Conditions and Privacy Policy and are aged 16 or over.<\/footer>\n<\/section>\n<\/div>\n<\/div>\n<\/div>\n<p aria-hidden=\"true\" class=\"kiosq-b\">French riders Bruno Armirail \u2013 a contender for the opening day time trial \u2013 and Christophe Laporte \u2013 another stage hunter, making his Grand Tour return after a quadriceps tear earlier this year \u2013 are also along for the ride, as is 24-year-old Briton Ben Tulett, who raced to 15th at the Vuelta a Burgos. 39-year-old Steven Kruijswijk, riding his final Grand Tour, rounds out the eight-man selection as road captain.<\/p>\n<p><a id=\"elk-visma-lease-a-bike-for-the-2026-vuelta-a-espana\" aria-hidden=\"true\" class=\"kiosq-b\"><\/a><\/p>\n<h3 class=\"article-body__section kiosq-b\" id=\"section-visma-lease-a-bike-for-the-2026-vuelta-a-espana\" aria-hidden=\"true\"><span>Visma-Lease a Bike for the 2026 Vuelta a Espa\u00f1a<\/span><\/h3>\n<ul id=\"elk-2d50d72a-9af7-11f1-a27b-4f02e93d8f40\" aria-hidden=\"true\" class=\"kiosq-b\">\n<li>Wout van Aert<\/li>\n<li>Matthew Brennan<\/li>\n<li>Sepp Kuss<\/li>\n<li>J\u00f8rgen Nordhagen<\/li>\n<li>Ben Tulett<\/li>\n<li>Steven Kruijswijk<\/li>\n<li>Christophe Laporte<\/li>\n<li>Bruno Armirail<\/li>\n<\/ul>\n<figure id=\"elk-DcLJypvuwg-\" aria-hidden=\"true\" class=\"kiosq-b\">\n<div class=\"instagram-embed\">\n<blockquote class=\"instagram-media\" data-instgrm-captioned data-instgrm-version=\"6\">\n<p>A post shared by Team Visma | Lease a Bike (@teamvisma_leaseabike)<\/p><figcaption><cite><\/p>\n<p>A photo posted by on <\/p>\n<p><\/cite><\/figcaption><\/blockquote>\n<\/div>\n<\/figure>\n<p id=\"elk-ef13f21c-9ae2-11f1-825f-cb64228920be\" aria-hidden=\"true\" class=\"kiosq-b\"><strong>For unbeatable coverage across road, gravel and tech, subscribe to Cyclingnews. You&#8217;ll get comprehensive race coverage of La Vuelta a Espa\u00f1a, subscriber-exclusive analysis from our expert columnists, in-depth features and industry-leading tech insight. Plus, the Cyclingnews app lets you follow the action wherever you go! <\/strong><u><strong>Join today.<\/strong><\/u><\/p>\n<\/div>\n<div id=\"kiosq-app-paywall-js\"><\/div>\n<div id=\"this-will-be-used-for-mpu-2\"><\/div>\n<div class=\"block mb-5\" id=\"articleTag\" data-component-name=\"PostArticleLinks\" data-nosnippet data-mrf-recirculation=\"post-article-links\">\n<div class=\"border-b border-b-black border-solid py-2.5 text-black font-bold uppercase\">TOPICS<\/div>\n<nav class=\"py-2.5 flex gap-2.5 flex-wrap\" data-analytics-id=\"article-tag\" data-mrf-recirculation=\"article-tag\">\n<p>Road<\/p>\n<p>Sepp Kuss<\/p>\n<p>J\u00f8rgen Nordhagen<\/p>\n<p>Wout van Aert<\/p>\n<p>Matthew Brennan<\/p>\n<\/nav>\n<\/div>\n<div id=\"slice-container-authorBio-wkkCNCpW2QgnZ2vbimJdvR\" class=\"slice-container slice-author-bio authorBio-wkkCNCpW2QgnZ2vbimJdvR slice-container-authorBio\">\n<div class=\"author author__default-layout author--separator author--collapsible\" data-hydrate=\"true\">\n<div class=\"author__header\">\n<div class=\"author__avatar-block\">\n<figure class=\"image-wrapped__wrapper\" data-bordeaux-image-check=\"false\">\n<div class=\"image-wrapped__widthsetter\">\n<div class=\"image-wrapped__aspect-padding\">\n<div><img decoding=\"async\" src=\"https:\/\/cdn.mos.cms.futurecdn.net\/sZZXd8K4JqxjkRK7teBMFc.jpg\" alt=\"Dani Ostanek\" class=\"author__avatar image-wrapped__image image__image\" loading=\"lazy\"><\/div>\n<\/div>\n<\/div>\n<\/figure>\n<\/div>\n<div class=\"author__heading\">\n<div class=\"author__name\">Dani Ostanek<\/div>\n<div class=\"author__social\">\n<nav class=\"button-social-group author__social-buttons\" aria-labelledby=\"button-social-group- author__social-buttons\">\n<div id=\"button-social-group- author__social-buttons\">Social Links Navigation<\/div>\n<p><span class=\"button-social__icon button-social__icon-website\"><\/span><span class=\"button-social__icon button-social__icon-email\"><\/span><\/nav>\n<\/div>\n<div class=\"author__role\">Senior News Writer<\/div>\n<\/div>\n<\/div>\n<div class=\"author__bio-wrapper\">\n<div class=\"author__biography\">\n<p>Dani Ostanek is Senior News Writer at Cyclingnews, having joined in 2017 as a freelance contributor, later being hired full-time. Her favourite races include the Tour de France Femmes, Paris-Roubaix, Tro-Bro L\u00e9on, and cycling&#8217;s fourth Grand Tour, the Volta a Portugal.<\/p>\n<\/div>\n<\/div>\n<\/div>\n<\/div>\n<\/section>\n<div id=\"viafoura-comments\" aria-hidden=\"true\"><\/div>\n<div class=\"relative max-w-[1070px] viafoura-twig-component mt-6 mx-4 lg:mx-0\" data-component-name=\"Viafoura:Comments\" data-nosnippet data-community-guidelines-text=\"&lt;p class=&apos;vfcustom-community-guidelines&apos;&gt;Please follow our &lt;a href=&quot;https:\/\/www.cyclingnews.com\/about\/#section-community-guidelines&quot; target=&quot;_blank&quot;&gt;community guidelines&lt;\/a&gt;.&lt;\/p&gt;\" data-join-the-conversation-text=\"Join the Conversation\">\n<div class=\"relative h-(--truncate-height) sm:h-(--truncate-desktop-height) overflow-hidden transition-[height] duration-150\" data-test-id=\"container\" data-component-name=\"Util:Truncate\" id=\"viafoura-comments-container\">\n<div class=\"relative z-10 viafoura rounded-[var(--comment-widget-border-radius,0)]\" id=\"viafoura-comment-wrapper\" data-test-id=\"content\">\n<div class=\"viafoura\">\n<div>\n<\/div>\n<\/div>\n<\/div>\n<div class=\"absolute bg-gradient-to-t from-[var(--truncate-gradient-color,white)] from-50% h-28 z-20 w-full bottom-0 flex items-end justify-center px-0 rounded-none\">\n<\/div>\n<\/div>\n<div class=\"absolute top-0 left-0 w-full h-full flex items-center justify-center z-50 bg-white\/90 border-1 rounded-b-[var(--comment-widget-border-radius,0)]\">\n<div class=\"p-2 text-center\">\n<p class=\"mb-3 text-lg!\">You must confirm your public display name before commenting<\/p>\n<p class=\"mb-3 text-sm!\">Please logout and then login again, you will then be prompted to enter your display name.<\/p>\n<\/div>\n<\/div>\n<\/div>\n<div class=\"infinite-container\" data-analytics-id=\"infinite-container\" data-component-name=\"SponsoredScroll\" data-mrf-recirculation=\"infinite-container\">\n<div class=\"infinite-trigger\" aria-hidden=\"true\"><\/div>\n<\/div>\n<section class=\"mx-2 my-5 sm:mx-0\">\n<aside class=\"w-full\" data-nosnippet data-mrf-recirculation=\"article-river-stacked\">\n<div data-recirc-id=\"article-river-stacked-adviser:hybrid\">\n<div class=\"text-white py-4 px-3 mb-4 bg-[#333] uppercase font-bold custom-header-styles\">Read more<\/div>\n<div class=\"grid grid-cols-1 gap-4 mt-4 mb-5\">\n<div>\n<div class=\"aspect-[var(--img-listing-aspect-ratio,16\/9)] relative mb-3.5\">\n<p>    <img decoding=\"async\" src=\"https:\/\/cdn.mos.cms.futurecdn.net\/jMc5FYzaZrXPxXreaReGbG.jpg\" alt=\"Visma-Lease a Bike riders Sepp Kuss and Jonas Vingegaard lead the peloton on stage 16 of the 2025 Tour de France\" loading=\"lazy\" class=\"rounded-[var(--image--border-radius,0)] object-cover w-full h-full\"><\/p><\/div>\n<p>                                                                                                <span class=\"custom-subheading-styles\">Teams &amp; Riders<\/span><\/p>\n<p>                            <span class=\"text-base text-black font-bold mx-0 my-2.5 p-0 block custom-text-styles\">This is Jonas Vingegaard&#8217;s support squad for the Tour de France, as Visma-Lease a Bike confirm line-up<\/span><\/p><\/div>\n<div class=\"relative recirc-feed sponsored-card min-h-[250px]\" data-recirc-id=\"article-river-stacked-ads:native-cards\" data-mrf-recirculation=\"article-river-ads\" data-nosnippet data-ad-slot-path=\"feed-sponsored-post\" data-attribute-device=\"all\">\n<div class=\"sponsored-post max-w-full [&amp;.sponsored-post--loaded+.sponsored-post--placeholder]:hidden [&amp;[data-bordeaux-hook-loaded]+.sponsored-post--placeholder]:hidden\"><\/div>\n<div class=\"max-w-full sponsored-post--placeholder animate-pulse\">\n<div class=\"relative!\">\n            <span class=\"font-ui-heading bg-(--ad-slot-badge-bg-color) absolute text-xs font-bold leading-[14px] tracking-normal text-left text-white px-2.5 py-[5px] left-0 top-0 empty:hidden\"><\/span><\/p>\n<div class=\"aspect-[var(--img-listing-aspect-ratio,16\/9)] relative bg-gray-200\"><\/div>\n<p>            <span class=\"text-base text-black font-bold mx-0 my-2.5 p-0 block bg-gray-100\">\u00a0<br \/>\u00a0<\/span>\n        <\/div>\n<\/p><\/div>\n<\/div>\n<div>\n<div class=\"aspect-[var(--img-listing-aspect-ratio,16\/9)] relative mb-3.5\">\n<p>    <img decoding=\"async\" src=\"https:\/\/cdn.mos.cms.futurecdn.net\/Av6vwm2k94B2FtcNww6iFd.jpg\" alt=\"Jonas Vingegaard and Wout van Aert during the 2025 Tour de France\" loading=\"lazy\" class=\"rounded-[var(--image--border-radius,0)] object-cover w-full h-full\"><\/p><\/div>\n<p>                                                                                                <span class=\"custom-subheading-styles\">Teams &amp; Riders<\/span><\/p>\n<p>                            <span class=\"text-base text-black font-bold mx-0 my-2.5 p-0 block custom-text-styles\">How do you replace Wout van Aert at the Tour de France? Analysing who could fill the void in Visma&#8217;s supporting cast for Jonas Vingegaard<\/span><\/p><\/div>\n<div class=\"relative recirc-feed sponsored-card min-h-[250px]\" data-recirc-id=\"article-river-stacked-ads:native-cards\" data-mrf-recirculation=\"article-river-ads\" data-nosnippet data-ad-slot-path=\"feed-sponsored-post\" data-attribute-device=\"all\">\n<div class=\"sponsored-post max-w-full [&amp;.sponsored-post--loaded+.sponsored-post--placeholder]:hidden [&amp;[data-bordeaux-hook-loaded]+.sponsored-post--placeholder]:hidden\"><\/div>\n<div class=\"max-w-full sponsored-post--placeholder animate-pulse\">\n<div class=\"relative!\">\n            <span class=\"font-ui-heading bg-(--ad-slot-badge-bg-color) absolute text-xs font-bold leading-[14px] tracking-normal text-left text-white px-2.5 py-[5px] left-0 top-0 empty:hidden\"><\/span><\/p>\n<div class=\"aspect-[var(--img-listing-aspect-ratio,16\/9)] relative bg-gray-200\"><\/div>\n<p>            <span class=\"text-base text-black font-bold mx-0 my-2.5 p-0 block bg-gray-100\">\u00a0<br \/>\u00a0<\/span>\n        <\/div>\n<\/p><\/div>\n<\/div>\n<div>\n<div class=\"aspect-[var(--img-listing-aspect-ratio,16\/9)] relative mb-3.5\">\n<p>    <img decoding=\"async\" src=\"https:\/\/cdn.mos.cms.futurecdn.net\/KJHz54TiAxXu5pmeHkjQWB.jpg\" alt=\"SAINT-CHAMOND, FRANCE - JUNE 11: Wout van Aert of Belgium and Team Visma | Lease a Bike prior to the 78th Tour Auvergne-Rhone-Alpes 2026, Stage 5 a 195.8km stage from Saint-Chamond to Parc des Oiseaux Villars-les-Dombes \/ #UCIWT \/ on June 11, 2026 in Saint-Chamond, France. (Photo by Dario Belingheri\/Getty Images)\" loading=\"lazy\" class=\"rounded-[var(--image--border-radius,0)] object-cover w-full h-full\"><\/p><\/div>\n<p>                                                                                                <span class=\"custom-subheading-styles\">Teams &amp; Riders<\/span><\/p>\n<p>                            <span class=\"text-base text-black font-bold mx-0 my-2.5 p-0 block custom-text-styles\">Wout van Aert ruled out of Tour de France in big blow to Visma-Lease a Bike<\/span><\/p><\/div>\n<div class=\"relative recirc-feed sponsored-card min-h-[250px]\" data-recirc-id=\"article-river-stacked-ads:native-cards\" data-mrf-recirculation=\"article-river-ads\" data-nosnippet data-ad-slot-path=\"feed-sponsored-post\" data-attribute-device=\"all\">\n<div class=\"sponsored-post max-w-full [&amp;.sponsored-post--loaded+.sponsored-post--placeholder]:hidden [&amp;[data-bordeaux-hook-loaded]+.sponsored-post--placeholder]:hidden\"><\/div>\n<div class=\"max-w-full sponsored-post--placeholder animate-pulse\">\n<div class=\"relative!\">\n            <span class=\"font-ui-heading bg-(--ad-slot-badge-bg-color) absolute text-xs font-bold leading-[14px] tracking-normal text-left text-white px-2.5 py-[5px] left-0 top-0 empty:hidden\"><\/span><\/p>\n<div class=\"aspect-[var(--img-listing-aspect-ratio,16\/9)] relative bg-gray-200\"><\/div>\n<p>            <span class=\"text-base text-black font-bold mx-0 my-2.5 p-0 block bg-gray-100\">\u00a0<br \/>\u00a0<\/span>\n        <\/div>\n<\/p><\/div>\n<\/div>\n<div>\n<div class=\"aspect-[var(--img-listing-aspect-ratio,16\/9)] relative mb-3.5\">\n<p>    <img decoding=\"async\" src=\"https:\/\/cdn.mos.cms.futurecdn.net\/RhXSwqfEZrRwHBMMU6XSrD.jpg\" alt=\"Matthew Brennan of Visma-Lease a Bike wins Vuelta a Burgos 2026 stage 1 with teammate Ben Tulett taking second\" loading=\"lazy\" class=\"rounded-[var(--image--border-radius,0)] object-cover w-full h-full\"><\/p><\/div>\n<p>                                                                                                <span class=\"custom-subheading-styles\">Racing<\/span><\/p>\n<p>                            <span class=\"text-base text-black font-bold mx-0 my-2.5 p-0 block custom-text-styles\">Vuelta a Burgos: Matthew Brennan wins uphill sprint to Alto del Castillo on opening stage<\/span><\/p><\/div>\n<div class=\"relative recirc-feed sponsored-card min-h-[250px]\" data-recirc-id=\"article-river-stacked-ads:native-cards\" data-mrf-recirculation=\"article-river-ads\" data-nosnippet data-ad-slot-path=\"feed-sponsored-post\" data-attribute-device=\"all\">\n<div class=\"sponsored-post max-w-full [&amp;.sponsored-post--loaded+.sponsored-post--placeholder]:hidden [&amp;[data-bordeaux-hook-loaded]+.sponsored-post--placeholder]:hidden\"><\/div>\n<div class=\"max-w-full sponsored-post--placeholder animate-pulse\">\n<div class=\"relative!\">\n            <span class=\"font-ui-heading bg-(--ad-slot-badge-bg-color) absolute text-xs font-bold leading-[14px] tracking-normal text-left text-white px-2.5 py-[5px] left-0 top-0 empty:hidden\"><\/span><\/p>\n<div class=\"aspect-[var(--img-listing-aspect-ratio,16\/9)] relative bg-gray-200\"><\/div>\n<p>            <span class=\"text-base text-black font-bold mx-0 my-2.5 p-0 block bg-gray-100\">\u00a0<br \/>\u00a0<\/span>\n        <\/div>\n<\/p><\/div>\n<\/div>\n<div>\n<div class=\"aspect-[var(--img-listing-aspect-ratio,16\/9)] relative mb-3.5\">\n<p>    <img decoding=\"async\" src=\"https:\/\/cdn.mos.cms.futurecdn.net\/4oBtY6G27roy6SRRBKwXuR.jpg\" alt=\"CREST-VOLAND, FRANCE - JUNE 12: Matteo Jorgenson of United States and Team Visma | Lease a Bike crosses the finish line during the 78th Tour Auvergne-Rhone-Alpes 2026, Stage 6 a 182.3km stage from Saint-Vulbas to Crest-Voland 1211m \/ #UCIWT \/ on June 12, 2026 in Crest-Voland, France. (Photo by Dario Belingheri\/Getty Images)\" loading=\"lazy\" class=\"rounded-[var(--image--border-radius,0)] object-cover w-full h-full\"><\/p><\/div>\n<p>                                                                                                <span class=\"custom-subheading-styles\">Teams &amp; Riders<\/span><\/p>\n<p>                            <span class=\"text-base text-black font-bold mx-0 my-2.5 p-0 block custom-text-styles\">Blow for Matteo Jorgenson as illness in Visma-Lease a Bike camp leaves him with just three teammates at Tour Auvergne-Rh\u00f4ne-Alpes<\/span><\/p><\/div>\n<div class=\"relative recirc-feed sponsored-card min-h-[250px]\" data-recirc-id=\"article-river-stacked-ads:native-cards\" data-mrf-recirculation=\"article-river-ads\" data-nosnippet data-ad-slot-path=\"feed-sponsored-post\" data-attribute-device=\"all\">\n<div class=\"sponsored-post max-w-full [&amp;.sponsored-post--loaded+.sponsored-post--placeholder]:hidden [&amp;[data-bordeaux-hook-loaded]+.sponsored-post--placeholder]:hidden\"><\/div>\n<div class=\"max-w-full sponsored-post--placeholder animate-pulse\">\n<div class=\"relative!\">\n            <span class=\"font-ui-heading bg-(--ad-slot-badge-bg-color) absolute text-xs font-bold leading-[14px] tracking-normal text-left text-white px-2.5 py-[5px] left-0 top-0 empty:hidden\"><\/span><\/p>\n<div class=\"aspect-[var(--img-listing-aspect-ratio,16\/9)] relative bg-gray-200\"><\/div>\n<p>            <span class=\"text-base text-black font-bold mx-0 my-2.5 p-0 block bg-gray-100\">\u00a0<br \/>\u00a0<\/span>\n        <\/div>\n<\/p><\/div>\n<\/div>\n<div>\n<div class=\"aspect-[var(--img-listing-aspect-ratio,16\/9)] relative mb-3.5\">\n<p>    <img decoding=\"async\" src=\"https:\/\/cdn.mos.cms.futurecdn.net\/HTpJWy8LFpowMBpT5tsHYn.jpg\" alt=\"PLATEAU DE SOLAISON, FRANCE - JULY 19: Sepp Kuss of United States and Team Visma | Lease a Bike competes while fans cheer at the Plateau de Solaison (1501m) during the 113th Tour de France 2026, Stage 15 a 183.9km a 155.3km stage from Champagnole to Plateau de Solaison 1501m \/ #UCIWT \/ on July 19, 2026 in Plateau de Solaison, France. (Photo by Tim de Waele\/Getty Images)\" loading=\"lazy\" class=\"rounded-[var(--image--border-radius,0)] object-cover w-full h-full\"><\/p><\/div>\n<p>                                                                                                <span class=\"custom-subheading-styles\">Teams &amp; Riders<\/span><\/p>\n<p>                            <span class=\"text-base text-black font-bold mx-0 my-2.5 p-0 block custom-text-styles\">&#8216;The focus is already switched&#8217; &#8211; Visma-Lease a Bike regroup following the crash-out of Tour de France leader Jonas Vingegaard<\/span><\/p><\/div>\n<div class=\"relative recirc-feed sponsored-card min-h-[250px]\" data-recirc-id=\"article-river-stacked-ads:native-cards\" data-mrf-recirculation=\"article-river-ads\" data-nosnippet data-ad-slot-path=\"feed-sponsored-post\" data-attribute-device=\"all\">\n<div class=\"sponsored-post max-w-full [&amp;.sponsored-post--loaded+.sponsored-post--placeholder]:hidden [&amp;[data-bordeaux-hook-loaded]+.sponsored-post--placeholder]:hidden\"><\/div>\n<div class=\"max-w-full sponsored-post--placeholder animate-pulse\">\n<div class=\"relative!\">\n            <span class=\"font-ui-heading bg-(--ad-slot-badge-bg-color) absolute text-xs font-bold leading-[14px] tracking-normal text-left text-white px-2.5 py-[5px] left-0 top-0 empty:hidden\"><\/span><\/p>\n<div class=\"aspect-[var(--img-listing-aspect-ratio,16\/9)] relative bg-gray-200\"><\/div>\n<p>            <span class=\"text-base text-black font-bold mx-0 my-2.5 p-0 block bg-gray-100\">\u00a0<br \/>\u00a0<\/span>\n        <\/div>\n<\/p><\/div>\n<\/div><\/div>\n<\/p><\/div>\n<\/aside>\n<aside class=\"w-full\" data-nosnippet data-mrf-recirculation=\"article-river-stacked\">\n<div data-recirc-id=\"article-river-stacked-solr:latest-category\">\n<div class=\"text-white py-4 px-3 mb-4 bg-[#333] uppercase font-bold custom-header-styles\">Latest in Teams &amp; Riders<\/div>\n<div class=\"grid grid-cols-1 gap-4 mt-4 mb-5\">\n<div>\n<div class=\"aspect-[var(--img-listing-aspect-ratio,16\/9)] relative mb-3.5\">\n<p>    <img decoding=\"async\" src=\"https:\/\/cdn.mos.cms.futurecdn.net\/mekquUgc6QK5c55XaBzarY.jpg\" alt=\"Primoz Roglic (Red Bull Bora - hansgrohe) wins the 2024 Vuelta a Espa\u00f1a. (Photo by Tim de Waele\/Getty Images)\" loading=\"lazy\" class=\"rounded-[var(--image--border-radius,0)] object-cover w-full h-full\"><\/p><\/div>\n<p>                                                                                                <span class=\"custom-subheading-styles\">Teams &amp; Riders<\/span><\/p>\n<p>                            <span class=\"text-base text-black font-bold mx-0 my-2.5 p-0 block custom-text-styles\">&#8216;We have to be realistic&#8217; \u2013 Red Bull-Bora-Hansgrohe focus on Vuelta a Espa\u00f1a stage wins, Primo\u017e Rogli\u010d\u2019s form will be &#8216;assessed progressively&#8217;<\/span><\/p><\/div>\n<div class=\"relative recirc-feed sponsored-card min-h-[250px]\" data-recirc-id=\"article-river-stacked-ads:native-cards\" data-mrf-recirculation=\"article-river-ads\" data-nosnippet data-ad-slot-path=\"feed-sponsored-post\" data-attribute-device=\"all\">\n<div class=\"sponsored-post max-w-full [&amp;.sponsored-post--loaded+.sponsored-post--placeholder]:hidden [&amp;[data-bordeaux-hook-loaded]+.sponsored-post--placeholder]:hidden\"><\/div>\n<div class=\"max-w-full sponsored-post--placeholder animate-pulse\">\n<div class=\"relative!\">\n            <span class=\"font-ui-heading bg-(--ad-slot-badge-bg-color) absolute text-xs font-bold leading-[14px] tracking-normal text-left text-white px-2.5 py-[5px] left-0 top-0 empty:hidden\"><\/span><\/p>\n<div class=\"aspect-[var(--img-listing-aspect-ratio,16\/9)] relative bg-gray-200\"><\/div>\n<p>            <span class=\"text-base text-black font-bold mx-0 my-2.5 p-0 block bg-gray-100\">\u00a0<br \/>\u00a0<\/span>\n        <\/div>\n<\/p><\/div>\n<\/div>\n<div>\n<div class=\"aspect-[var(--img-listing-aspect-ratio,16\/9)] relative mb-3.5\">\n<p>    <img decoding=\"async\" src=\"https:\/\/cdn.mos.cms.futurecdn.net\/S8XBVXkADYwhYuZWL5XML3.jpg\" alt=\"Italian Marco Frigo of NSN Cycling Team pictured in action during stage 18 of the 2026 Tour de France cycling race, a stage of 185km from Voiron to Orcieres-Merlette, on Thursday 23 July 2026. The 113th edition of the Tour de France starts on Saturday 4 July in Barcelona, Spain, and will finish in Paris, France on the 26th of July. BELGA PHOTO POOL PETE GODING (Photo by POOL PETE GODING \/ BELGA MAG \/ Belga \/ AFP via Getty Images)\" loading=\"lazy\" class=\"rounded-[var(--image--border-radius,0)] object-cover w-full h-full\"><\/p><\/div>\n<p>                                                                                                <span class=\"custom-subheading-styles\">Transfers<\/span><\/p>\n<p>                            <span class=\"text-base text-black font-bold mx-0 my-2.5 p-0 block custom-text-styles\">Tadej Poga\u010dar gets a new teammate for 2027 as UAE Team Emirates-XRG sign Italian all-rounder<\/span><\/p><\/div>\n<div class=\"relative recirc-feed sponsored-card min-h-[250px]\" data-recirc-id=\"article-river-stacked-ads:native-cards\" data-mrf-recirculation=\"article-river-ads\" data-nosnippet data-ad-slot-path=\"feed-sponsored-post\" data-attribute-device=\"all\">\n<div class=\"sponsored-post max-w-full [&amp;.sponsored-post--loaded+.sponsored-post--placeholder]:hidden [&amp;[data-bordeaux-hook-loaded]+.sponsored-post--placeholder]:hidden\"><\/div>\n<div class=\"max-w-full sponsored-post--placeholder animate-pulse\">\n<div class=\"relative!\">\n            <span class=\"font-ui-heading bg-(--ad-slot-badge-bg-color) absolute text-xs font-bold leading-[14px] tracking-normal text-left text-white px-2.5 py-[5px] left-0 top-0 empty:hidden\"><\/span><\/p>\n<div class=\"aspect-[var(--img-listing-aspect-ratio,16\/9)] relative bg-gray-200\"><\/div>\n<p>            <span class=\"text-base text-black font-bold mx-0 my-2.5 p-0 block bg-gray-100\">\u00a0<br \/>\u00a0<\/span>\n        <\/div>\n<\/p><\/div>\n<\/div>\n<div>\n<div class=\"aspect-[var(--img-listing-aspect-ratio,16\/9)] relative mb-3.5\">\n<p>    <img decoding=\"async\" src=\"https:\/\/cdn.mos.cms.futurecdn.net\/6ntNBKnYyenk3bn9BZe4gm.jpg\" alt=\"GUMIEL DE IZAN, SPAIN - AUGUST 04: David Gaudu of France and Team Groupama - FDJ United prior to the 48th Vuelta a Burgos 2026, Stage 1 a 165km stage from Gumiel de Izan to Burgos (Alto del Castillo) 924m on August 04, 2026 in Gumiel de Izan, Spain. (Photo by Antonio Baixauli\/Getty Images)\" loading=\"lazy\" class=\"rounded-[var(--image--border-radius,0)] object-cover w-full h-full\"><\/p><\/div>\n<p>                                                                                                <span class=\"custom-subheading-styles\">Teams &amp; Riders<\/span><\/p>\n<p>                            <span class=\"text-base text-black font-bold mx-0 my-2.5 p-0 block custom-text-styles\">&#8216;A more difficult period&#8217; \u2013 Groupama-FDJ United looks for answers after David Gaudu delivers another DNF at La Polynormande<\/span><\/p><\/div>\n<div class=\"relative recirc-feed sponsored-card min-h-[250px]\" data-recirc-id=\"article-river-stacked-ads:native-cards\" data-mrf-recirculation=\"article-river-ads\" data-nosnippet data-ad-slot-path=\"feed-sponsored-post\" data-attribute-device=\"all\">\n<div class=\"sponsored-post max-w-full [&amp;.sponsored-post--loaded+.sponsored-post--placeholder]:hidden [&amp;[data-bordeaux-hook-loaded]+.sponsored-post--placeholder]:hidden\"><\/div>\n<div class=\"max-w-full sponsored-post--placeholder animate-pulse\">\n<div class=\"relative!\">\n            <span class=\"font-ui-heading bg-(--ad-slot-badge-bg-color) absolute text-xs font-bold leading-[14px] tracking-normal text-left text-white px-2.5 py-[5px] left-0 top-0 empty:hidden\"><\/span><\/p>\n<div class=\"aspect-[var(--img-listing-aspect-ratio,16\/9)] relative bg-gray-200\"><\/div>\n<p>            <span class=\"text-base text-black font-bold mx-0 my-2.5 p-0 block bg-gray-100\">\u00a0<br \/>\u00a0<\/span>\n        <\/div>\n<\/p><\/div>\n<\/div>\n<div>\n<div class=\"aspect-[var(--img-listing-aspect-ratio,16\/9)] relative mb-3.5\">\n<p>    <img decoding=\"async\" src=\"https:\/\/cdn.mos.cms.futurecdn.net\/didDWkuxCx3NhnzuvisdbR.png\" alt=\"Photo of Lauren De Crescenzo riding the Life Time Grand Prix Leadville 100 MTB 2026\" loading=\"lazy\" class=\"rounded-[var(--image--border-radius,0)] object-cover w-full h-full\"><\/p><\/div>\n<p>                                                                                                <span class=\"custom-subheading-styles\">Teams &amp; Riders<\/span><\/p>\n<p>                            <span class=\"text-base text-black font-bold mx-0 my-2.5 p-0 block custom-text-styles\">&#8216;The Leadville nobody knew&#8217; \u2013 Revised course eliminates final &#8216;gut punch&#8217; of Powerline climb but Columbine and elevation keep you humble<\/span><\/p><\/div>\n<div class=\"relative recirc-feed sponsored-card min-h-[250px]\" data-recirc-id=\"article-river-stacked-ads:native-cards\" data-mrf-recirculation=\"article-river-ads\" data-nosnippet data-ad-slot-path=\"feed-sponsored-post\" data-attribute-device=\"all\">\n<div class=\"sponsored-post max-w-full [&amp;.sponsored-post--loaded+.sponsored-post--placeholder]:hidden [&amp;[data-bordeaux-hook-loaded]+.sponsored-post--placeholder]:hidden\"><\/div>\n<div class=\"max-w-full sponsored-post--placeholder animate-pulse\">\n<div class=\"relative!\">\n            <span class=\"font-ui-heading bg-(--ad-slot-badge-bg-color) absolute text-xs font-bold leading-[14px] tracking-normal text-left text-white px-2.5 py-[5px] left-0 top-0 empty:hidden\"><\/span><\/p>\n<div class=\"aspect-[var(--img-listing-aspect-ratio,16\/9)] relative bg-gray-200\"><\/div>\n<p>            <span class=\"text-base text-black font-bold mx-0 my-2.5 p-0 block bg-gray-100\">\u00a0<br \/>\u00a0<\/span>\n        <\/div>\n<\/p><\/div>\n<\/div>\n<div>\n<div class=\"aspect-[var(--img-listing-aspect-ratio,16\/9)] relative mb-3.5\">\n<p>    <img decoding=\"async\" src=\"https:\/\/cdn.mos.cms.futurecdn.net\/NmTFaZugsyPHYYiivsi9wN.jpg\" alt=\"2026 Kuurne-Brussels-Kuurne: Arnaud De Lie in action\" loading=\"lazy\" class=\"rounded-[var(--image--border-radius,0)] object-cover w-full h-full\"><\/p><\/div>\n<p>                                                                                                <span class=\"custom-subheading-styles\">Transfers<\/span><\/p>\n<p>                            <span class=\"text-base text-black font-bold mx-0 my-2.5 p-0 block custom-text-styles\">Leading sprinter and Classics specialist Arnaud De Lie confirms signing with Tudor until end of 2030<\/span><\/p><\/div>\n<div class=\"relative recirc-feed sponsored-card min-h-[250px]\" data-recirc-id=\"article-river-stacked-ads:native-cards\" data-mrf-recirculation=\"article-river-ads\" data-nosnippet data-ad-slot-path=\"feed-sponsored-post\" data-attribute-device=\"all\">\n<div class=\"sponsored-post max-w-full [&amp;.sponsored-post--loaded+.sponsored-post--placeholder]:hidden [&amp;[data-bordeaux-hook-loaded]+.sponsored-post--placeholder]:hidden\"><\/div>\n<div class=\"max-w-full sponsored-post--placeholder animate-pulse\">\n<div class=\"relative!\">\n            <span class=\"font-ui-heading bg-(--ad-slot-badge-bg-color) absolute text-xs font-bold leading-[14px] tracking-normal text-left text-white px-2.5 py-[5px] left-0 top-0 empty:hidden\"><\/span><\/p>\n<div class=\"aspect-[var(--img-listing-aspect-ratio,16\/9)] relative bg-gray-200\"><\/div>\n<p>            <span class=\"text-base text-black font-bold mx-0 my-2.5 p-0 block bg-gray-100\">\u00a0<br \/>\u00a0<\/span>\n        <\/div>\n<\/p><\/div>\n<\/div>\n<div>\n<div class=\"aspect-[var(--img-listing-aspect-ratio,16\/9)] relative mb-3.5\">\n<p>    <img decoding=\"async\" src=\"https:\/\/cdn.mos.cms.futurecdn.net\/L2R7ycKXtrUQqbuojPkc5V.jpg\" alt=\"2026 Itzulia Basque Country stage 6: Andrew August wins his first WorldTour race\" loading=\"lazy\" class=\"rounded-[var(--image--border-radius,0)] object-cover w-full h-full\"><\/p><\/div>\n<p>                                                                                                <span class=\"custom-subheading-styles\">Transfers<\/span><\/p>\n<p>                            <span class=\"text-base text-black font-bold mx-0 my-2.5 p-0 block custom-text-styles\">Pinarello-Q36.5 sign deal with talented young American racer AJ August for 2027<\/span><\/p><\/div>\n<div class=\"relative recirc-feed sponsored-card min-h-[250px]\" data-recirc-id=\"article-river-stacked-ads:native-cards\" data-mrf-recirculation=\"article-river-ads\" data-nosnippet data-ad-slot-path=\"feed-sponsored-post\" data-attribute-device=\"all\">\n<div class=\"sponsored-post max-w-full [&amp;.sponsored-post--loaded+.sponsored-post--placeholder]:hidden [&amp;[data-bordeaux-hook-loaded]+.sponsored-post--placeholder]:hidden\"><\/div>\n<div class=\"max-w-full sponsored-post--placeholder animate-pulse\">\n<div class=\"relative!\">\n            <span class=\"font-ui-heading bg-(--ad-slot-badge-bg-color) absolute text-xs font-bold leading-[14px] tracking-normal text-left text-white px-2.5 py-[5px] left-0 top-0 empty:hidden\"><\/span><\/p>\n<div class=\"aspect-[var(--img-listing-aspect-ratio,16\/9)] relative bg-gray-200\"><\/div>\n<p>            <span class=\"text-base text-black font-bold mx-0 my-2.5 p-0 block bg-gray-100\">\u00a0<br \/>\u00a0<\/span>\n        <\/div>\n<\/p><\/div>\n<\/div><\/div>\n<\/p><\/div>\n<\/aside>\n<aside class=\"w-full\" data-nosnippet data-mrf-recirculation=\"article-river-stacked\">\n<div data-recirc-id=\"article-river-stacked-solr:latest-articletype\">\n<div class=\"text-white py-4 px-3 mb-4 bg-[#333] uppercase font-bold custom-header-styles\">Latest in News<\/div>\n<div class=\"grid grid-cols-1 gap-4 mt-4 mb-5\">\n<div>\n<div class=\"aspect-[var(--img-listing-aspect-ratio,16\/9)] relative mb-3.5\">\n<p>    <img decoding=\"async\" src=\"https:\/\/cdn.mos.cms.futurecdn.net\/mekquUgc6QK5c55XaBzarY.jpg\" alt=\"Primoz Roglic (Red Bull Bora - hansgrohe) wins the 2024 Vuelta a Espa\u00f1a. (Photo by Tim de Waele\/Getty Images)\" loading=\"lazy\" class=\"rounded-[var(--image--border-radius,0)] object-cover w-full h-full\"><\/p><\/div>\n<p>                                                                                                <span class=\"custom-subheading-styles\">Teams &amp; Riders<\/span><\/p>\n<p>                            <span class=\"text-base text-black font-bold mx-0 my-2.5 p-0 block custom-text-styles\">&#8216;We have to be realistic&#8217; \u2013 Red Bull-Bora-Hansgrohe focus on Vuelta a Espa\u00f1a stage wins, Primo\u017e Rogli\u010d\u2019s form will be &#8216;assessed progressively&#8217;<\/span><\/p><\/div>\n<div class=\"relative recirc-feed sponsored-card min-h-[250px]\" data-recirc-id=\"article-river-stacked-ads:native-cards\" data-mrf-recirculation=\"article-river-ads\" data-nosnippet data-ad-slot-path=\"feed-sponsored-post\" data-attribute-device=\"all\">\n<div class=\"sponsored-post max-w-full [&amp;.sponsored-post--loaded+.sponsored-post--placeholder]:hidden [&amp;[data-bordeaux-hook-loaded]+.sponsored-post--placeholder]:hidden\"><\/div>\n<div class=\"max-w-full sponsored-post--placeholder animate-pulse\">\n<div class=\"relative!\">\n            <span class=\"font-ui-heading bg-(--ad-slot-badge-bg-color) absolute text-xs font-bold leading-[14px] tracking-normal text-left text-white px-2.5 py-[5px] left-0 top-0 empty:hidden\"><\/span><\/p>\n<div class=\"aspect-[var(--img-listing-aspect-ratio,16\/9)] relative bg-gray-200\"><\/div>\n<p>            <span class=\"text-base text-black font-bold mx-0 my-2.5 p-0 block bg-gray-100\">\u00a0<br \/>\u00a0<\/span>\n        <\/div>\n<\/p><\/div>\n<\/div>\n<div>\n<div class=\"aspect-[var(--img-listing-aspect-ratio,16\/9)] relative mb-3.5\">\n<p>    <img decoding=\"async\" src=\"https:\/\/cdn.mos.cms.futurecdn.net\/S8XBVXkADYwhYuZWL5XML3.jpg\" alt=\"Italian Marco Frigo of NSN Cycling Team pictured in action during stage 18 of the 2026 Tour de France cycling race, a stage of 185km from Voiron to Orcieres-Merlette, on Thursday 23 July 2026. The 113th edition of the Tour de France starts on Saturday 4 July in Barcelona, Spain, and will finish in Paris, France on the 26th of July. BELGA PHOTO POOL PETE GODING (Photo by POOL PETE GODING \/ BELGA MAG \/ Belga \/ AFP via Getty Images)\" loading=\"lazy\" class=\"rounded-[var(--image--border-radius,0)] object-cover w-full h-full\"><\/p><\/div>\n<p>                                                                                                <span class=\"custom-subheading-styles\">Transfers<\/span><\/p>\n<p>                            <span class=\"text-base text-black font-bold mx-0 my-2.5 p-0 block custom-text-styles\">Tadej Poga\u010dar gets a new teammate for 2027 as UAE Team Emirates-XRG sign Italian all-rounder<\/span><\/p><\/div>\n<div class=\"relative recirc-feed sponsored-card min-h-[250px]\" data-recirc-id=\"article-river-stacked-ads:native-cards\" data-mrf-recirculation=\"article-river-ads\" data-nosnippet data-ad-slot-path=\"feed-sponsored-post\" data-attribute-device=\"all\">\n<div class=\"sponsored-post max-w-full [&amp;.sponsored-post--loaded+.sponsored-post--placeholder]:hidden [&amp;[data-bordeaux-hook-loaded]+.sponsored-post--placeholder]:hidden\"><\/div>\n<div class=\"max-w-full sponsored-post--placeholder animate-pulse\">\n<div class=\"relative!\">\n            <span class=\"font-ui-heading bg-(--ad-slot-badge-bg-color) absolute text-xs font-bold leading-[14px] tracking-normal text-left text-white px-2.5 py-[5px] left-0 top-0 empty:hidden\"><\/span><\/p>\n<div class=\"aspect-[var(--img-listing-aspect-ratio,16\/9)] relative bg-gray-200\"><\/div>\n<p>            <span class=\"text-base text-black font-bold mx-0 my-2.5 p-0 block bg-gray-100\">\u00a0<br \/>\u00a0<\/span>\n        <\/div>\n<\/p><\/div>\n<\/div>\n<div>\n<div class=\"aspect-[var(--img-listing-aspect-ratio,16\/9)] relative mb-3.5\">\n<p>    <img decoding=\"async\" src=\"https:\/\/cdn.mos.cms.futurecdn.net\/6ntNBKnYyenk3bn9BZe4gm.jpg\" alt=\"GUMIEL DE IZAN, SPAIN - AUGUST 04: David Gaudu of France and Team Groupama - FDJ United prior to the 48th Vuelta a Burgos 2026, Stage 1 a 165km stage from Gumiel de Izan to Burgos (Alto del Castillo) 924m on August 04, 2026 in Gumiel de Izan, Spain. (Photo by Antonio Baixauli\/Getty Images)\" loading=\"lazy\" class=\"rounded-[var(--image--border-radius,0)] object-cover w-full h-full\"><\/p><\/div>\n<p>                                                                                                <span class=\"custom-subheading-styles\">Teams &amp; Riders<\/span><\/p>\n<p>                            <span class=\"text-base text-black font-bold mx-0 my-2.5 p-0 block custom-text-styles\">&#8216;A more difficult period&#8217; \u2013 Groupama-FDJ United looks for answers after David Gaudu delivers another DNF at La Polynormande<\/span><\/p><\/div>\n<div class=\"relative recirc-feed sponsored-card min-h-[250px]\" data-recirc-id=\"article-river-stacked-ads:native-cards\" data-mrf-recirculation=\"article-river-ads\" data-nosnippet data-ad-slot-path=\"feed-sponsored-post\" data-attribute-device=\"all\">\n<div class=\"sponsored-post max-w-full [&amp;.sponsored-post--loaded+.sponsored-post--placeholder]:hidden [&amp;[data-bordeaux-hook-loaded]+.sponsored-post--placeholder]:hidden\"><\/div>\n<div class=\"max-w-full sponsored-post--placeholder animate-pulse\">\n<div class=\"relative!\">\n            <span class=\"font-ui-heading bg-(--ad-slot-badge-bg-color) absolute text-xs font-bold leading-[14px] tracking-normal text-left text-white px-2.5 py-[5px] left-0 top-0 empty:hidden\"><\/span><\/p>\n<div class=\"aspect-[var(--img-listing-aspect-ratio,16\/9)] relative bg-gray-200\"><\/div>\n<p>            <span class=\"text-base text-black font-bold mx-0 my-2.5 p-0 block bg-gray-100\">\u00a0<br \/>\u00a0<\/span>\n        <\/div>\n<\/p><\/div>\n<\/div>\n<div>\n<div class=\"aspect-[var(--img-listing-aspect-ratio,16\/9)] relative mb-3.5\">\n<p>    <img decoding=\"async\" src=\"https:\/\/cdn.mos.cms.futurecdn.net\/RyT39Rm6mVMRSyhLcSCtYe.jpg\" alt=\"CARCASSONNE, FRANCE - JULY 07: Mathieu van der Poel of Netherlands and Team Alpecin-Premier Tech prior to the 113th Tour de France 2026, Stage 4 a 181.9km stage from Carcassonne to Foix \/ #UCIWT \/ on July 07, 2026 in Carcassonne, France. (Photo by  Dario Belingheri\/Getty Images)\" loading=\"lazy\" class=\"rounded-[var(--image--border-radius,0)] object-cover w-full h-full\"><\/p><\/div>\n<p>                                                                                                <span class=\"custom-subheading-styles\">Racing<\/span><\/p>\n<p>                            <span class=\"text-base text-black font-bold mx-0 my-2.5 p-0 block custom-text-styles\">Mathieu van der Poel&#8217;s 2026 mountain bike return confirmed with place on World Cup start list at Les Gets<\/span><\/p><\/div>\n<div class=\"relative recirc-feed sponsored-card min-h-[250px]\" data-recirc-id=\"article-river-stacked-ads:native-cards\" data-mrf-recirculation=\"article-river-ads\" data-nosnippet data-ad-slot-path=\"feed-sponsored-post\" data-attribute-device=\"all\">\n<div class=\"sponsored-post max-w-full [&amp;.sponsored-post--loaded+.sponsored-post--placeholder]:hidden [&amp;[data-bordeaux-hook-loaded]+.sponsored-post--placeholder]:hidden\"><\/div>\n<div class=\"max-w-full sponsored-post--placeholder animate-pulse\">\n<div class=\"relative!\">\n            <span class=\"font-ui-heading bg-(--ad-slot-badge-bg-color) absolute text-xs font-bold leading-[14px] tracking-normal text-left text-white px-2.5 py-[5px] left-0 top-0 empty:hidden\"><\/span><\/p>\n<div class=\"aspect-[var(--img-listing-aspect-ratio,16\/9)] relative bg-gray-200\"><\/div>\n<p>            <span class=\"text-base text-black font-bold mx-0 my-2.5 p-0 block bg-gray-100\">\u00a0<br \/>\u00a0<\/span>\n        <\/div>\n<\/p><\/div>\n<\/div>\n<div>\n<div class=\"aspect-[var(--img-listing-aspect-ratio,16\/9)] relative mb-3.5\">\n<p>    <img decoding=\"async\" src=\"https:\/\/cdn.mos.cms.futurecdn.net\/NmTFaZugsyPHYYiivsi9wN.jpg\" alt=\"2026 Kuurne-Brussels-Kuurne: Arnaud De Lie in action\" loading=\"lazy\" class=\"rounded-[var(--image--border-radius,0)] object-cover w-full h-full\"><\/p><\/div>\n<p>                                                                                                <span class=\"custom-subheading-styles\">Transfers<\/span><\/p>\n<p>                            <span class=\"text-base text-black font-bold mx-0 my-2.5 p-0 block custom-text-styles\">Leading sprinter and Classics specialist Arnaud De Lie confirms signing with Tudor until end of 2030<\/span><\/p><\/div>\n<div class=\"relative recirc-feed sponsored-card min-h-[250px]\" data-recirc-id=\"article-river-stacked-ads:native-cards\" data-mrf-recirculation=\"article-river-ads\" data-nosnippet data-ad-slot-path=\"feed-sponsored-post\" data-attribute-device=\"all\">\n<div class=\"sponsored-post max-w-full [&amp;.sponsored-post--loaded+.sponsored-post--placeholder]:hidden [&amp;[data-bordeaux-hook-loaded]+.sponsored-post--placeholder]:hidden\"><\/div>\n<div class=\"max-w-full sponsored-post--placeholder animate-pulse\">\n<div class=\"relative!\">\n            <span class=\"font-ui-heading bg-(--ad-slot-badge-bg-color) absolute text-xs font-bold leading-[14px] tracking-normal text-left text-white px-2.5 py-[5px] left-0 top-0 empty:hidden\"><\/span><\/p>\n<div class=\"aspect-[var(--img-listing-aspect-ratio,16\/9)] relative bg-gray-200\"><\/div>\n<p>            <span class=\"text-base text-black font-bold mx-0 my-2.5 p-0 block bg-gray-100\">\u00a0<br \/>\u00a0<\/span>\n        <\/div>\n<\/p><\/div>\n<\/div>\n<div>\n<div class=\"aspect-[var(--img-listing-aspect-ratio,16\/9)] relative mb-3.5\">\n<p>    <img decoding=\"async\" src=\"https:\/\/cdn.mos.cms.futurecdn.net\/L2R7ycKXtrUQqbuojPkc5V.jpg\" alt=\"2026 Itzulia Basque Country stage 6: Andrew August wins his first WorldTour race\" loading=\"lazy\" class=\"rounded-[var(--image--border-radius,0)] object-cover w-full h-full\"><\/p><\/div>\n<p>                                                                                                <span class=\"custom-subheading-styles\">Transfers<\/span><\/p>\n<p>                            <span class=\"text-base text-black font-bold mx-0 my-2.5 p-0 block custom-text-styles\">Pinarello-Q36.5 sign deal with talented young American racer AJ August for 2027<\/span><\/p><\/div>\n<div class=\"relative recirc-feed sponsored-card min-h-[250px]\" data-recirc-id=\"article-river-stacked-ads:native-cards\" data-mrf-recirculation=\"article-river-ads\" data-nosnippet data-ad-slot-path=\"feed-sponsored-post\" data-attribute-device=\"all\">\n<div class=\"sponsored-post max-w-full [&amp;.sponsored-post--loaded+.sponsored-post--placeholder]:hidden [&amp;[data-bordeaux-hook-loaded]+.sponsored-post--placeholder]:hidden\"><\/div>\n<div class=\"max-w-full sponsored-post--placeholder animate-pulse\">\n<div class=\"relative!\">\n            <span class=\"font-ui-heading bg-(--ad-slot-badge-bg-color) absolute text-xs font-bold leading-[14px] tracking-normal text-left text-white px-2.5 py-[5px] left-0 top-0 empty:hidden\"><\/span><\/p>\n<div class=\"aspect-[var(--img-listing-aspect-ratio,16\/9)] relative bg-gray-200\"><\/div>\n<p>            <span class=\"text-base text-black font-bold mx-0 my-2.5 p-0 block bg-gray-100\">\u00a0<br \/>\u00a0<\/span>\n        <\/div>\n<\/p><\/div>\n<\/div><\/div>\n<\/p><\/div>\n<\/aside>\n<\/section>\n<div class=\"related-articles-block\">\n<\/div>\n<\/div>\n<\/div>\n<div data-widget-type=\"ads\" id=\"ads-middle-1\" class=\"clear-both widget widget-ads widget-ads-middle-1 widget-ads-ads-middle-1 widget-no-data widget-ads-flexi_ads_middle1\">\n<div id=\"bdx_flexi_ads_middle1\" data-type=\"ads\" data-ads-type=\"bordeaux\" class=\"flexi_ads_middle1\"><\/div>\n<\/div>\n<\/div>\n<div id=\"widgetArea17\" class=\"widget-area md:basis-1\/3 widget-area-g-md-vp-1-3 widget-area-g-lg-vp-1-3 widget-area-g-xl-vp-1-3 page-widget-area-17\">\n<div data-widget-type=\"empty\" id=\"sidebar\" class=\"clear-both widget widget-empty widget-sidebar widget-empty-sidebar widget-no-data widget-empty\">\n<\/div>\n<div data-widget-type=\"empty\" id=\"sidebar-top\" class=\"clear-both widget widget-empty widget-sidebar-top widget-empty-sidebar-top ad-unit widget-no-data widget-empty\">\n<\/div>\n<div data-widget-type=\"contentparsed\" id=\"follow-us-on-google-news\" class=\"clear-both widget widget-contentparsed widget-follow-us-on-google-news widget-contentparsed-follow-us-on-google-news widget-content-parsed widget-content-parsed-curated \">\n<div class=\"wcp-item-content\">\n<\/div>\n<\/div>\n<div data-widget-type=\"empty\" id=\"sidebar-popular-top\" class=\"clear-both widget widget-empty widget-sidebar-popular-top widget-empty-sidebar-popular-top ad-unit widget-no-data widget-empty\">\n<\/div>\n<div data-widget-type=\"dynamic\" id=\"popular-data\" class=\"clear-both widget widget-dynamic widget-popular-data widget-dynamic-popular-data widget-dynamic-fter-popular-box\">\n<div class=\"clear-both widget-header\">\n<\/div>\n<div class=\"wdn-fte-pb pos-relative space-t20\n\"><\/p>\n<div class=\"slice-container popular-box-slice\">\n<section class=\"popular-box\" data-component-name=\"Slice:PopularBox\">\n<div class=\"popular-box__label\">\n<div class=\"popular-box__label__tab popular-box__label__tab--active\" role=\"heading\">\nLATEST ARTICLES\n<\/div>\n<\/div>\n<ol class=\"popular-box__articles-list popular-box__articles-list--active\">\n<li class=\"popular-box__article-list\">\n<div class=\"popular-box__article-list__container\">\n<div class=\"popular-box__article-list__image-wrapper\">\n<div>\n<p><img decoding=\"async\" src=\"https:\/\/cdn.mos.cms.futurecdn.net\/S8XBVXkADYwhYuZWL5XML3.jpg\" alt=\"Italian Marco Frigo of NSN Cycling Team pictured in action during stage 18 of the 2026 Tour de France cycling race, a stage of 185km from Voiron to Orcieres-Merlette, on Thursday 23 July 2026. The 113th edition of the Tour de France starts on Saturday 4 July in Barcelona, Spain, and will finish in Paris, France on the 26th of July. BELGA PHOTO POOL PETE GODING (Photo by POOL PETE GODING \/ BELGA MAG \/ Belga \/ AFP via Getty Images)\" loading=\"lazy\" class=\"rounded-[var(--image--border-radius,0)] popular-box__article-list__image image__image\"><\/p>\n<\/div>\n<\/div>\n<div class=\"popular-box__article-list__content\">\n<div class=\"popular-box__article-list__number-text\">1<\/div>\n<div class=\"popular-box__article-list__heading\">\n<p>Tadej Poga\u010dar gets a new teammate for 2027 as UAE Team Emirates-XRG sign Italian all-rounder<\/p>\n<\/div>\n<\/div>\n<\/div>\n<\/li>\n<li class=\"popular-box__article-list\">\n<div class=\"popular-box__article-list__container\">\n<div class=\"popular-box__article-list__content\">\n<div class=\"popular-box__article-list__number-text\">2<\/div>\n<div class=\"popular-box__article-list__heading\">\n<p>Visma-Lease a Bike to be led by Wout van Aert, Matthew Brennan and Sepp Kuss at Vuelta a Espana<\/p>\n<\/div>\n<\/div>\n<\/div>\n<\/li>\n<li class=\"popular-box__article-list\">\n<div class=\"popular-box__article-list__container\">\n<div class=\"popular-box__article-list__content\">\n<div class=\"popular-box__article-list__number-text\">3<\/div>\n<div class=\"popular-box__article-list__heading\">\n<p>&#8216;A more difficult period&#8217; \u2013 Groupama-FDJ United looks for answers after David Gaudu delivers another DNF at La Polynormande<\/p>\n<\/div>\n<\/div>\n<\/div>\n<\/li>\n<li class=\"popular-box__article-list\">\n<div class=\"popular-box__article-list__container\">\n<div class=\"popular-box__article-list__content\">\n<div class=\"popular-box__article-list__number-text\">4<\/div>\n<div class=\"popular-box__article-list__heading\">\n<p>Mathieu van der Poel&#8217;s 2026 mountain bike return confirmed with place on World Cup start list at Les Gets<\/p>\n<\/div>\n<\/div>\n<\/div>\n<\/li>\n<li class=\"popular-box__article-list\">\n<div class=\"popular-box__article-list__container\">\n<div class=\"popular-box__article-list__content\">\n<div class=\"popular-box__article-list__number-text\">5<\/div>\n<div class=\"popular-box__article-list__heading\">\n<p>American Criterium Cup: Aline Seitz holds off Skylar Schneider while Justin Williams earns men&#8217;s sprint victory on tight circuit in Salt Lake City<\/p>\n<\/div>\n<\/div>\n<\/div>\n<\/li>\n<\/ol>\n<\/section>\n<\/div>\n<\/div>\n<\/div>\n<div data-widget-type=\"empty\" id=\"sidebar-popular-bottom\" class=\"clear-both widget widget-empty widget-sidebar-popular-bottom widget-empty-sidebar-popular-bottom ad-unit widget-no-data widget-empty\">\n<\/div>\n<\/div>\n<\/div>\n<\/article>\n<div class=\"news-article\">\n<header data-component-name=\"Article:Hero\">\n<div id=\"kiosq-metered-message\" class=\"kiosq-metered-message-content\"><\/div>\n<nav class=\"breadcrumb\" aria-label=\"Breadcrumbs\">\n<ol>\n<li>\nPro Cycling\n<\/li>\n<li>\nTeams &amp; Riders\n<\/li>\n<li>\nVisma-Lease a Bike\n<\/li>\n<\/ol>\n<\/nav>\n<h1>Visma-Lease a Bike to be led by Wout van Aert, Matthew Brennan and Sepp Kuss at Vuelta a Espana<\/h1>\n<div class=\"byline-social\">\n<div class=\"vds-byline-block flex flex-row flex-nowrap my-1.5 gap-2 text-left items-start justify-start\" data-component-name=\"Article:BylineBlock\">\n<p>News<\/p>\n<div class=\"my-auto vds-simple-byline\">\n<span class=\"inline-block vds-author\"><br \/>\nBy<br \/>\nDani Ostanek <\/span><br \/>\n<span class=\"inline-block h-3 my-auto border-l border-solid vds-simple-byline__divider max-sm:hidden\"><\/span><\/p>\n<div class=\"flex gap-1 vds-byline-with-avatar__meta\">\n<span class=\"vds-date block font-normal tracking-normal normal-case text-xs\"><br \/>\nPublished<br \/>\n<time data-component-name=\"UI:DateTime\" datetime=\"2026-08-18T09:13:29Z\" class=\"relative-date\"><br \/>\n18 August 2026<br \/>\n<\/time><br \/>\n<\/span>\n<\/div>\n<\/div>\n<\/div>\n<p class=\"strapline\">Promising young rider J\u00f8rgen Nordhagen and retiring Steven Kruijswijk also make Dutch squad&#8217;s selection for Spanish Grand Tour<\/p>\n<\/div>\n<aside class=\"text-gray-700 flex items-center mx-0 my-5 p-0 justify-start text-left\" id=\"affiliate-disclaimer\" data-component-name=\"AffiliateDisclaimer\" data-hawk-message=\"Affiliate disclaimer removed because hawk deemed there are no affiliate links on this page\">\n<p class=\"text-[color:var(--affiliate-disclaimer--text-color,inherit)] mb-2 text-[length:var(--affiliate-disclaimer--font-size,0.75rem)] leading-[18px] md:text-[13px] [&amp;&gt;a]:text-inherit [&amp;&gt;a]:underline\">\nWhen you purchase through links on our site, we may earn an affiliate commission. Here\u2019s how it works.\n<\/p>\n<\/aside>\n<\/header>\n<\/div>\n<div id=\"article-body\" class=\"text-copy bodyCopy auto paywall-locker\">\n<div data-analytics-id=\"utility-bar\" id=\"utility-bar\" class=\"font-ui-heading flex justify-between items-center py-2 border-t border-b border-gray-300 border-solid mb-5 mx-auto\" data-component-name=\"UtilityBar\" data-mrf-recirculation=\"utility-bar\">\n<div class=\"flex gap-2 text-[#333] subcontainer\">\n<div class=\"relative tooltip-container\" role=\"tooltip\">\n<div data-component-name=\"Social:Dropdown\" role=\"menu\" id=\"utilitybar__dropdown--share\" aria-labelledby=\"utilitybar__button--share\" class=\"absolute left-0 top-full w-44 bg-white rounded-md shadow-md border border-neutral-200 z-[9996] list-none m-0 py-2 px-3 border-solid\">\n<ul class=\"m-0!\">\n<li class=\"!p-0 !m-0 list-none border-b border-gray-200 border-solid\">\n<\/li>\n<li class=\"!p-0 !m-0 list-none border-b border-gray-200 border-solid\">\n<p>Facebook<\/p>\n<\/li>\n<li class=\"!p-0 !m-0 list-none border-b border-gray-200 border-solid\">\n<p>X<\/p>\n<\/li>\n<li class=\"!p-0 !m-0 list-none border-b border-gray-200 border-solid\">\n<p>Pinterest<\/p>\n<\/li>\n<li class=\"!p-0 !m-0 list-none border-b border-gray-200 border-solid\">\n<p>Email<\/p>\n<\/li>\n<\/ul>\n<\/div>\n<div class=\"font-ui-heading max-sm:hidden tooltip absolute left-1\/2 bg-gray-900 text-white text-xs leading-none px-3 py-1.5 rounded-md z-[10001] whitespace-nowrap\" id=\"tooltip-share-this-article\" role=\"tooltip\" aria-hidden=\"true\">\nShare this article\n<\/div>\n<\/div>\n<div class=\"relative tooltip-container\" role=\"tooltip\">\n<p>    <span class=\"ml-1 inline-flex h-5 px-2 shrink-0 items-center justify-center self-center overflow-hidden whitespace-nowrap rounded-[10px] bg-primary-500 text-[11px] leading-none font-ui-heading font-semibold text-white\">0<\/span><\/p>\n<div class=\"font-ui-heading max-sm:hidden tooltip absolute left-1\/2 bg-gray-900 text-white text-xs leading-none px-3 py-1.5 rounded-md z-[10001] whitespace-nowrap\" id=\"tooltip-join-the-conversation\" role=\"tooltip\" aria-hidden=\"true\">\nJoin the conversation\n<\/div>\n<\/div>\n<\/div>\n<div class=\"flex gap-2 text-[#333] subcontainer\">\n<div class=\"relative tooltip-container\" role=\"tooltip\">\n<p>Follow us<\/p>\n<div class=\"font-ui-heading max-sm:hidden tooltip absolute left-1\/2 bg-gray-900 text-white text-xs leading-none px-3 py-1.5 rounded-md z-[10001] whitespace-nowrap\" id=\"tooltip-add-us-as-a-preferred-source-on-google\" role=\"tooltip\" aria-hidden=\"true\">\nAdd us as a preferred source on Google\n<\/div>\n<\/div>\n<div class=\"relative tooltip-container\" role=\"tooltip\">\n<div class=\"font-ui-heading max-sm:hidden tooltip absolute left-1\/2 bg-gray-900 text-white text-xs leading-none px-3 py-1.5 rounded-md z-[10001] whitespace-nowrap\" id=\"tooltip-subscribe-to-our-newsletter\" role=\"tooltip\" aria-hidden=\"true\">\nSubscribe to our newsletter\n<\/div>\n<\/div>\n<\/div>\n<\/div>\n<p id=\"elk-86746994-9ae2-11f1-923b-49c8bd3a8c03\">Visma-Lease a Bike have announced their squad for the Vuelta a Espa\u00f1a with Wout van Aert, Matthew Brennan, and former race winner Sepp Kuss leading a strong lineup in Spain.<\/p>\n<div id=\"ad-unit-1\" class=\"ad-unit\"><\/div>\n<p>Van Aert is back to Grand Tour action for the first time in over a year after missing out on the Tour de France with an elbow injury sustained in a June training crash. The Belgian has seven wins to his name this season, including Paris-Roubaix and two stages at the Tour Auvergne-Rh\u00f4ne-Alpes.<\/p>\n<p><a id=\"elk-seasonal\"><\/a><\/p>\n<aside data-article-category=\"pro-cycling\" data-block-type=\"embed\" data-render-type=\"fte\" data-skip=\"dealsy\" data-widget-type=\"seasonal\" class=\"ecom-root\"><\/aside>\n<p id=\"elk-86746994-9ae2-11f1-923b-49c8bd3a8c03-2\" aria-hidden=\"true\" class=\"kiosq-b\">His latest outing came on the gravel, however, where he finished second in the Belgian Nationals. Like the rest of his teammates, he&#8217;ll set his sights on stage wins in Spain, with a run at the green points jersey not out of the question.<\/p>\n<div class=\"my-6 w-full overflow-hidden rounded-[10px] lg:my-8\" data-component-name=\"JwPlayer:Carousel\" data-jwp-carousel data-jwp-carousel-payload=\"{&quot;ids&quot;:{&quot;playerID&quot;:&quot;jYDCcabO&quot;,&quot;searchPlaylistID&quot;:&quot;gwjdoYHD&quot;,&quot;divID&quot;:&quot;botr_gwjdoYHD_jYDCcabO_div&quot;,&quot;fallbackPlaylistID&quot;:&quot;gwjdoYHD&quot;,&quot;fallbackDivID&quot;:&quot;botr_gwjdoYHD_jYDCcabO_div&quot;,&quot;key&quot;:&quot;X9\/mXVGac0NphghLH9hZaqWA5d3dhAM\/Ih07grnEyMLjuO2E&quot;,&quot;tintLogo&quot;:true,&quot;useSearchPlaylist&quot;:false,&quot;enabled&quot;:true},&quot;signPostingEnabled&quot;:true,&quot;signPostingLinkEnabled&quot;:true,&quot;waitForAdLoad&quot;:false,&quot;hidePlayerOnDesktop&quot;:false,&quot;hidePlayerOnMobile&quot;:false,&quot;hidePlayerOnTablet&quot;:false}\">\n<div class=\"flex flex-nowrap items-center justify-between gap-3 bg-zinc-900 px-[14px] py-3\" data-jwp-carousel-header>\n<div class=\"flex min-w-0 shrink items-center\"><span class=\"inline-flex items-center gap-1.5 text-sm font-article-heading capitalize leading-5 text-white whitespace-nowrap\"><span class=\"jwp-carousel-title-mobile\"><\/span><span class=\"jwp-carousel-title-desktop\">Latest Videos From<\/span><span class=\"jwp-carousel-brand\">Cyclingnews<\/span><\/span><\/div>\n<\/div>\n<div class=\"aspect-video w-full min-h-[200px] lg:min-h-[330px] relative overflow-hidden bg-black\" data-jwp-carousel-container>\n<div class=\"absolute inset-0 size-full\" data-jwp-carousel-player-host><\/div>\n<div class=\"absolute inset-0 size-full items-center justify-center bg-white\" data-jwp-carousel-fallback><\/div>\n<\/div>\n<div class=\"min-h-[44px] bg-zinc-900 px-[14px] py-3\" data-jwp-carousel-signposting><a class=\"invisible block truncate text-sm font-bold leading-5 text-white underline decoration-solid underline-offset-2\" data-jwp-carousel-signposting-link href target=\"_blank\" rel=\"noopener noreferrer\"><span data-jwp-carousel-signposting-title>Watch full video here: <\/span><\/a><\/div>\n<\/div>\n<p aria-hidden=\"true\" class=\"kiosq-b\">While Van Aert should target hillier and transition stages, as well as the opening 9.4km time trial in Monaco, 21-year-old Brennan is Visma&#8217;s option for the flatter sprints. The Briton is another breakaway candidate, too, and he can handle tougher sprints, making him well-suited to the Vuelta route.<\/p>\n<div id=\"ad-unit-2\" class=\"ad-unit\"><\/div>\n<p aria-hidden=\"true\" class=\"kiosq-b\">Kuurne-Brussel-Kuurne champion Brennan is in good form, heading to Monaco with two stage wins at the recent Vuelta a Burgos under his belt.<\/p>\n<aside data-component-name=\"Recirculation:ArticleRiver\" data-recirculation-type=\"inline\" data-mrf-recirculation=\"Trending Bar\" data-nosnippet class=\"clear-both pt-2 pb-0 mb-4\">\n        <span class=\"\n            flex\n            after:content-[&apos;&apos;] after:flex-1 after:ml-4 after:my-[0.7rem] after:border-t after:border-solid after:border-t-[#ccc]\n            before:content-[&apos;&apos;] before:flex-1 before:mr-4 before:my-[0.7rem] before:border-t before:border-solid before:border-t-[#ccc]\n            font-article-heading pb-0 text-[length:var(--article-river-title--font-size,1em)] uppercase sm:text-[length:var(--article-river-title--font-size,0.875em)] font-bold\n        \"><br \/>\n            You may like<br \/>\n        <\/span><\/p>\n<ul class=\"flex flex-col gap-0 m-0 max-w-full\">\n<li class=\"m-0 list-none border-b border-solid border-[#ededed] py-2\" data-recirculation-id=\"recirculation-card-1\" id=\"recirculation-inline-1\" data-analytics-id=\"recirculation-inline-1\" data-mrf-recirculation=\"recirculation-inline-1\">\n<p>    <img decoding=\"async\" src=\"https:\/\/cdn.mos.cms.futurecdn.net\/jMc5FYzaZrXPxXreaReGbG.jpg\" alt=\"Visma-Lease a Bike riders Sepp Kuss and Jonas Vingegaard lead the peloton on stage 16 of the 2025 Tour de France\" loading=\"lazy\" class=\"rounded-[var(--image--border-radius,0)] aspect-square size-[75px] object-cover shrink-0 rounded-lg\"><\/p>\n<p>                        <span class=\"w-full text-base font-[var(--article-river-item--font-weight,500)] font-article-heading line-clamp-3 md:line-clamp-2\">This is Jonas Vingegaard&#8217;s support squad for the Tour de France, as Visma-Lease a Bike confirm line-up<\/span><\/p>\n<\/li>\n<li class=\"m-0 list-none border-b border-solid border-[#ededed] py-2\" data-recirculation-id=\"recirculation-card-2\" id=\"recirculation-inline-2\" data-analytics-id=\"recirculation-inline-2\" data-mrf-recirculation=\"recirculation-inline-2\">\n<p>    <img decoding=\"async\" src=\"https:\/\/cdn.mos.cms.futurecdn.net\/Av6vwm2k94B2FtcNww6iFd.jpg\" alt=\"Jonas Vingegaard and Wout van Aert during the 2025 Tour de France\" loading=\"lazy\" class=\"rounded-[var(--image--border-radius,0)] aspect-square size-[75px] object-cover shrink-0 rounded-lg\"><\/p>\n<p>                        <span class=\"w-full text-base font-[var(--article-river-item--font-weight,500)] font-article-heading line-clamp-3 md:line-clamp-2\">How do you replace Wout van Aert at the Tour de France? Analysing who could fill the void in Visma&#8217;s supporting cast for Jonas Vingegaard<\/span><\/p>\n<\/li>\n<li class=\"m-0 list-none border-b border-solid border-[#ccc] py-2\" data-recirculation-id=\"recirculation-card-3\" id=\"recirculation-inline-3\" data-analytics-id=\"recirculation-inline-3\" data-mrf-recirculation=\"recirculation-inline-3\">\n<p>    <img decoding=\"async\" src=\"https:\/\/cdn.mos.cms.futurecdn.net\/KJHz54TiAxXu5pmeHkjQWB.jpg\" alt=\"SAINT-CHAMOND, FRANCE - JUNE 11: Wout van Aert of Belgium and Team Visma | Lease a Bike prior to the 78th Tour Auvergne-Rhone-Alpes 2026, Stage 5 a 195.8km stage from Saint-Chamond to Parc des Oiseaux Villars-les-Dombes \/ #UCIWT \/ on June 11, 2026 in Saint-Chamond, France. (Photo by Dario Belingheri\/Getty Images)\" loading=\"lazy\" class=\"rounded-[var(--image--border-radius,0)] aspect-square size-[75px] object-cover shrink-0 rounded-lg\"><\/p>\n<p>                        <span class=\"w-full text-base font-[var(--article-river-item--font-weight,500)] font-article-heading line-clamp-3 md:line-clamp-2\">Wout van Aert ruled out of Tour de France in big blow to Visma-Lease a Bike<\/span><\/p>\n<\/li>\n<\/ul>\n<\/aside>\n<p aria-hidden=\"true\" class=\"kiosq-b\">American climber Sepp Kuss stands out as the team&#8217;s primary option for GC, though the former champion isn&#8217;t likely to repeat his 2023 ride to the red jersey. Kuss is racing his third Grand Tour of the season, having finished 13th at the Giro and Tour, supporting Jonas Vingegaard at both.<\/p>\n<p aria-hidden=\"true\" class=\"kiosq-b\">Kuss won the mountainous stage 19 of the Giro from the breakaway and also came close on the two L&#8217;Alpe d&#8217;Huez days late in the Tour. Expect him to balance battling for a third career stage win with mentoring promising 21-year-old Norwegian J\u00f8rgen Nordhagen. The second-year pro finished second at O Gran Cami\u00f1o and fourth at the Tour de Romandie this season and will be tackling his first Grand Tour.<\/p>\n<div id=\"slice-container-newsletterForm-articleInbodyContent-wkkCNCpW2QgnZ2vbimJdvR\" class=\"slice-container newsletter-inbodyContent-slice newsletterForm-articleInbodyContent-wkkCNCpW2QgnZ2vbimJdvR slice-container-newsletterForm\">\n<div data-hydrate=\"true\" class=\"newsletter-form__wrapper newsletter-form__wrapper--inbodyContent\">\n<div class=\"newsletter-form__container\">\n<section class=\"newsletter-form__top-bar\">\n<div class=\"newsletter-form__header\">Get The Leadout Newsletter<\/div>\n<\/section>\n<section class=\"newsletter-form__main-section\">\n<p class=\"newsletter-form__strapline\">The latest race content, interviews, features, reviews and expert buying guides, direct to your inbox!<\/p>\n<footer class=\"newsletter-form__footer \">By submitting your information you agree to the Terms &amp; Conditions and Privacy Policy and are aged 16 or over.<\/footer>\n<\/section>\n<\/div>\n<\/div>\n<\/div>\n<p aria-hidden=\"true\" class=\"kiosq-b\">French riders Bruno Armirail \u2013 a contender for the opening day time trial \u2013 and Christophe Laporte \u2013 another stage hunter, making his Grand Tour return after a quadriceps tear earlier this year \u2013 are also along for the ride, as is 24-year-old Briton Ben Tulett, who raced to 15th at the Vuelta a Burgos. 39-year-old Steven Kruijswijk, riding his final Grand Tour, rounds out the eight-man selection as road captain.<\/p>\n<p><a id=\"elk-visma-lease-a-bike-for-the-2026-vuelta-a-espana\" aria-hidden=\"true\" class=\"kiosq-b\"><\/a><\/p>\n<h3 class=\"article-body__section kiosq-b\" id=\"section-visma-lease-a-bike-for-the-2026-vuelta-a-espana\" aria-hidden=\"true\"><span>Visma-Lease a Bike for the 2026 Vuelta a Espa\u00f1a<\/span><\/h3>\n<ul id=\"elk-2d50d72a-9af7-11f1-a27b-4f02e93d8f40\" aria-hidden=\"true\" class=\"kiosq-b\">\n<li>Wout van Aert<\/li>\n<li>Matthew Brennan<\/li>\n<li>Sepp Kuss<\/li>\n<li>J\u00f8rgen Nordhagen<\/li>\n<li>Ben Tulett<\/li>\n<li>Steven Kruijswijk<\/li>\n<li>Christophe Laporte<\/li>\n<li>Bruno Armirail<\/li>\n<\/ul>\n<figure id=\"elk-DcLJypvuwg-\" aria-hidden=\"true\" class=\"kiosq-b\">\n<div class=\"instagram-embed\">\n<blockquote class=\"instagram-media\" data-instgrm-captioned data-instgrm-version=\"6\">\n<p>A post shared by Team Visma | Lease a Bike (@teamvisma_leaseabike)<\/p><figcaption><cite><\/p>\n<p>A photo posted by on <\/p>\n<p><\/cite><\/figcaption><\/blockquote>\n<\/div>\n<\/figure>\n<p id=\"elk-ef13f21c-9ae2-11f1-825f-cb64228920be\" aria-hidden=\"true\" class=\"kiosq-b\"><strong>For unbeatable coverage across road, gravel and tech, subscribe to Cyclingnews. You&#8217;ll get comprehensive race coverage of La Vuelta a Espa\u00f1a, subscriber-exclusive analysis from our expert columnists, in-depth features and industry-leading tech insight. Plus, the Cyclingnews app lets you follow the action wherever you go! <\/strong><u><strong>Join today.<\/strong><\/u><\/p>\n<\/div>\n<p>[analyse_source url=&#8221;https:\/\/www.cyclingnews.com\/pro-cycling\/teams-riders\/visma-lease-a-bike-to-be-led-by-wout-van-aert-matthew-brennan-and-sepp-kuss-at-vuelta-a-espana\/&#8221;]<\/p>\n","protected":false},"excerpt":{"rendered":"<p>[analyse_image type=&#8221;featured&#8221; src=&#8221;https:\/\/cdn.mos.cms.futurecdn.net\/N9pFoLkReg7BfAfct59wW4-2100-80.jpg&#8221;] 1 Cramps and goosebumps as Wout van Aert beaten by training partner Daan Soete at Belgian Gravel Championships 2 Where are all the Vuelta a Espa\u00f1a sprinters? They&#8217;re heading to Belgium instead 3 From road to gravel then back to road: Why is Wout van Aert racing the Belgian Gravel Championships for [&hellip;]<\/p>\n","protected":false},"author":1,"featured_media":0,"comment_status":"open","ping_status":"","sticky":false,"template":"","format":"standard","meta":{"footnotes":""},"categories":[2],"tags":[226,68],"class_list":["post-2100464","post","type-post","status-publish","format-standard","hentry","category-politics","tag-crawlmanager","tag-cyclingnews-com"],"_links":{"self":[{"href":"https:\/\/analyse.optim.biz\/index.php?rest_route=\/wp\/v2\/posts\/2100464","targetHints":{"allow":["GET"]}}],"collection":[{"href":"https:\/\/analyse.optim.biz\/index.php?rest_route=\/wp\/v2\/posts"}],"about":[{"href":"https:\/\/analyse.optim.biz\/index.php?rest_route=\/wp\/v2\/types\/post"}],"author":[{"embeddable":true,"href":"https:\/\/analyse.optim.biz\/index.php?rest_route=\/wp\/v2\/users\/1"}],"replies":[{"embeddable":true,"href":"https:\/\/analyse.optim.biz\/index.php?rest_route=%2Fwp%2Fv2%2Fcomments&post=2100464"}],"version-history":[{"count":0,"href":"https:\/\/analyse.optim.biz\/index.php?rest_route=\/wp\/v2\/posts\/2100464\/revisions"}],"wp:attachment":[{"href":"https:\/\/analyse.optim.biz\/index.php?rest_route=%2Fwp%2Fv2%2Fmedia&parent=2100464"}],"wp:term":[{"taxonomy":"category","embeddable":true,"href":"https:\/\/analyse.optim.biz\/index.php?rest_route=%2Fwp%2Fv2%2Fcategories&post=2100464"},{"taxonomy":"post_tag","embeddable":true,"href":"https:\/\/analyse.optim.biz\/index.php?rest_route=%2Fwp%2Fv2%2Ftags&post=2100464"}],"curies":[{"name":"wp","href":"https:\/\/api.w.org\/{rel}","templated":true}]}}