{"id":2100387,"date":"2026-08-19T07:14:41","date_gmt":"2026-08-19T04:14:41","guid":{"rendered":"https:\/\/analyse.optim.biz\/?p=2100387"},"modified":"2026-08-19T07:14:41","modified_gmt":"2026-08-19T04:14:41","slug":"legislatia-ue-ar-putea-deschide-o-noua-cale-pentru-dominic-fritz-de-ce-cetatenia-germana-poate-conta-in-disputa-privind-mandatul-de-primar","status":"publish","type":"post","link":"https:\/\/analyse.optim.biz\/?p=2100387","title":{"rendered":"Legisla\u021bia UE ar putea deschide o nou\u0103 cale pentru Dominic Fritz. De ce cet\u0103\u021benia german\u0103 poate conta \u00een disputa privind mandatul de primar"},"content":{"rendered":"<p>[analyse_image type=&#8221;featured&#8221; src=&#8221;https:\/\/infovaslui.ro\/wp-content\/uploads\/2026\/08\/dominic-fritz-usr.jpg&#8221;]<\/p>\n<div class=\"tdb-block-inner td-fix-index\"><a class=\"tdb-logo-a\" href=\"https:\/\/infovaslui.ro\/\" title=\"INFO Vaslui\"><span class=\"tdb-logo-img-wrap\"><img loading=\"lazy\" decoding=\"async\" class=\"tdb-logo-img td-retina-data\" data-retina=\"https:\/\/infovaslui.ro\/wp-content\/uploads\/2024\/12\/Black-and-Yellow-Modern-Personal-Logo-4-e1734058775656.png\" src=\"https:\/\/infovaslui.ro\/wp-content\/uploads\/2024\/12\/Black-and-Yellow-Modern-Personal-Logo-4-e1734058775656.png\" alt=\"\u0218tiri din Vaslui\" title=\"INFO Vaslui\" width=\"157\" height=\"96\"><\/span><\/a><\/div>\n<div class=\"tdb-block-inner td-fix-index\"><a class=\"tdb-logo-a\" href=\"https:\/\/infovaslui.ro\/\" title=\"INFO Vaslui\"><span class=\"tdb-logo-img-wrap\"><img loading=\"lazy\" decoding=\"async\" class=\"tdb-logo-img td-retina-data\" data-retina=\"https:\/\/infovaslui.ro\/wp-content\/uploads\/2024\/12\/Black-and-Yellow-Modern-Personal-Logo-4-e1734058775656.png\" src=\"https:\/\/infovaslui.ro\/wp-content\/uploads\/2024\/12\/Black-and-Yellow-Modern-Personal-Logo-4-e1734058775656.png\" alt=\"\u0218tiri din Vaslui\" title=\"INFO Vaslui\" width=\"157\" height=\"96\"><\/span><\/a><\/div>\n<div class=\"tdb-block-inner td-fix-index\">\n<div class=\"tdb-head-date-txt\">miercuri, august 19, 2026<\/div>\n<\/div>\n<div class=\"tdb-block-inner td-fix-index\"><a class=\"tdb-logo-a\" href=\"https:\/\/infovaslui.ro\/\" title=\"INFO Vaslui\"><span class=\"tdb-logo-img-wrap\"><img loading=\"lazy\" decoding=\"async\" class=\"tdb-logo-img td-retina-data\" data-retina=\"https:\/\/infovaslui.ro\/wp-content\/uploads\/2024\/12\/Black-and-Yellow-Modern-Personal-Logo-1-e1734054980362.png\" src=\"https:\/\/infovaslui.ro\/wp-content\/uploads\/2024\/12\/Black-and-Yellow-Modern-Personal-Logo-1-e1734054980362.png\" alt=\"\u0218tiri din Vaslui\" title=\"INFO Vaslui\" width=\"161\" height=\"99\"><\/span><\/a><\/div>\n<div class=\"tdb-block-inner td-fix-index\"><a class=\"tdb-logo-a\" href=\"https:\/\/infovaslui.ro\/\" title=\"INFO Vaslui\"><span class=\"tdb-logo-img-wrap\"><img loading=\"lazy\" decoding=\"async\" class=\"tdb-logo-img td-retina-data\" data-retina=\"https:\/\/infovaslui.ro\/wp-content\/uploads\/2024\/12\/Black-and-Yellow-Modern-Personal-Logo-1-e1734054980362.png\" src=\"https:\/\/infovaslui.ro\/wp-content\/uploads\/2024\/12\/Black-and-Yellow-Modern-Personal-Logo-1-e1734054980362.png\" alt=\"\u0218tiri din Vaslui\" title=\"INFO Vaslui\" width=\"161\" height=\"99\"><\/span><\/a><\/div>\n<div class=\"tdb-block-inner td-fix-index\"><span><a title class=\"tdb-entry-crumb\" href=\"https:\/\/infovaslui.ro\/\">Acas\u0103<\/a><\/span><span><a title=\"Vede\u021bi toate articolele \u00een Justi\u021bie\" class=\"tdb-entry-crumb\" href=\"https:\/\/infovaslui.ro\/category\/justitie\/\">Justi\u021bie<\/a><\/span><span class=\"tdb-bred-no-url-last\">Legisla\u021bia UE ar putea deschide o nou\u0103 cale pentru Dominic Fritz. De&#8230;<\/span><\/div>\n<div class=\"tdb-block-inner td-fix-index\">\n<h1 class=\"tdb-title-text\">Legisla\u021bia UE ar putea deschide o nou\u0103 cale pentru Dominic Fritz. De ce cet\u0103\u021benia german\u0103 poate conta \u00een disputa privind mandatul de primar<\/h1>\n<\/div>\n<div class=\"tdb-block-inner td-fix-index\">\n<div class=\"tdb-author-name-wrap\"><span class=\"tdb-author-by\">Scris de: <\/span><a class=\"tdb-author-name\" href=\"https:\/\/infovaslui.ro\/author\/alexandru-ababei\/\">Alexandru Ababei<\/a><\/div>\n<\/div>\n<div class=\"tdb-block-inner td-fix-index\"><time class=\"entry-date updated td-module-date\" datetime=\"2026-08-19T10:14:41+03:00\">19 august 2026<\/time><\/div>\n<div class=\"td_block_wrap tdb_single_content tdi_106 td-pb-border-top td_block_template_1 td-post-content tagdiv-type\" data-td-block-uid=\"tdi_106\">\n<div class=\"tdb-block-inner td-fix-index\">\n<p><em><strong>Posibila \u00eencetare a mandatului de primar al Timi\u0219oarei al lui Dominic Fritz ar putea ajunge nu doar la Curtea European\u0103 a Drepturilor Omului, ci \u0219i \u00een fa\u021ba Cur\u021bii de Justi\u021bie a Uniunii Europene. Fostul europarlamentar Alin Mitu\u021ba sus\u021bine c\u0103 cet\u0103\u021benia german\u0103 a lui Fritz introduce \u00een aceast\u0103 disput\u0103 o component\u0103 distinct\u0103 de drept european, deoarece acesta a candidat \u0219i a fost ales \u00een Rom\u00e2nia \u00een baza unui drept garantat cet\u0103\u021benilor Uniunii Europene.<\/strong><\/em><\/p>\n<p>Argumentul apare \u00een contextul controversei privind legea care ar putea conduce la \u00eencetarea mandatului lui Dominic Fritz. Primarul Timi\u0219oarei a anun\u021bat deja c\u0103 inten\u021bioneaz\u0103 s\u0103 \u00ee\u0219i apere mandatul pe cale juridic\u0103, acuz\u00e2nd aplicarea retroactiv\u0103 a unei sanc\u021biuni.<\/p>\n<p>Potrivit lui Alin Mitu\u021ba, cazul ar putea avea \u00eens\u0103 o dimensiune european\u0103 suplimentar\u0103 tocmai pentru c\u0103 Fritz este cet\u0103\u021bean german.<\/p>\n<h2>Dreptul lui Dominic Fritz de a candida \u00een Rom\u00e2nia este garantat de legisla\u021bia UE<\/h2>\n<p>Articolul 22 alineatul 1 din Tratatul privind Func\u021bionarea Uniunii Europene stabile\u0219te c\u0103 un cet\u0103\u021bean european care locuie\u0219te \u00eentr-un alt stat membru are dreptul s\u0103 voteze \u0219i s\u0103 candideze la alegerile locale \u00een statul respectiv, \u00een acelea\u0219i condi\u021bii ca cet\u0103\u021benii acestuia.<\/p>\n<p>Acela\u0219i principiu este prev\u0103zut \u0219i de Directiva 94\/80, care reglementeaz\u0103 exercitarea dreptului de vot \u0219i de a candida la alegerile locale pentru cet\u0103\u021benii UE care locuiesc \u00eentr-un alt stat membru.<\/p>\n<p>Alin Mitu\u021ba consider\u0103 c\u0103 tocmai acest lucru ar putea aduce o eventual\u0103 \u00eencetare a mandatului lui Fritz \u00een sfera dreptului european.<\/p>\n<p><em>\u201eDominic Fritz a fost ales prin aplicarea legisla\u021biei europene care d\u0103 dreptul cet\u0103\u021benilor UE (cet\u0103\u021bean german, \u00een cazul lui) s\u0103 candideze la alegerile locale din statul membru \u00een care \u00ee\u0219i au re\u0219edin\u021ba\u201d<\/em>, a explicat fostul europarlamentar.<\/p>\n<p>\u00cen opinia sa, dac\u0103 \u00eencetarea mandatului ar afecta exercitarea unui drept conferit prin tratatele europene, m\u0103sura ar putea fi analizat\u0103 \u0219i din perspectiva Cartei Drepturilor Fundamentale a Uniunii Europene.<\/p>\n<h2>Carta UE garanteaz\u0103 drepturile electorale ale cet\u0103\u021benilor europeni<\/h2>\n<p>Articolul 40 din Carta Drepturilor Fundamentale a UE consacr\u0103 dreptul cet\u0103\u021benilor Uniunii de a alege \u0219i de a fi ale\u0219i la alegerile locale \u00een statul membru \u00een care locuiesc, chiar dac\u0103 nu au cet\u0103\u021benia statului respectiv.<\/p>\n<p>\u00cen discu\u021bie ar putea intra \u0219i articolul 49 al Cartei, invocat de Alin Mitu\u021ba \u00een leg\u0103tur\u0103 cu principiul neretroactivit\u0103\u021bii.<\/p>\n<p><em>\u201ePosibila \u00eencetare a mandatului s\u0103u ar aduce prejudicii dreptului conferit de tratatele UE, prin urmare intr\u0103 \u00een sfera controlului dreptului european \u0219i trebuie s\u0103 respecte inclusiv articolul 49 din Carta Drepturilor Fundamentale a UE\u201d<\/em>, sus\u021bine Mitu\u021ba.<\/p>\n<p>Aceasta este \u00eens\u0103 o interpretare juridic\u0103 formulat\u0103 de fostul europarlamentar. Stabilirea aplicabilit\u0103\u021bii acestor dispozi\u021bii \u00een cazul concret ar reveni instan\u021belor.<\/p>\n<h2>CJUE s-a pronun\u021bat anterior asupra drepturilor electorale ale cet\u0103\u021benilor UE<\/h2>\n<p>Argumentul este sus\u021binut \u0219i prin raportare la jurispruden\u021ba Cur\u021bii de Justi\u021bie a Uniunii Europene.<\/p>\n<p>\u00centr-o hot\u0103r\u00e2re a Marii Camere din noiembrie 2024 privind Polonia, CJUE a analizat situa\u021bia cet\u0103\u021benilor altor state membre c\u0103rora legisla\u021bia polonez\u0103 nu le permitea s\u0103 devin\u0103 membri ai partidelor politice.<\/p>\n<p>Curtea a apreciat c\u0103 o asemenea diferen\u021b\u0103 \u00eei putea pune \u00eentr-o pozi\u021bie dezavantajoas\u0103 fa\u021b\u0103 de cet\u0103\u021benii polonezi \u00een exercitarea drepturilor electorale.<\/p>\n<p>Hot\u0103r\u00e2rea este relevant\u0103 pentru principiul potrivit c\u0103ruia dreptul cet\u0103\u021benilor europeni de a candida \u00een alt stat membru trebuie s\u0103 poat\u0103 fi exercitat efectiv.<\/p>\n<p>Cazul lui Dominic Fritz ar avea \u00eens\u0103 circumstan\u021be juridice diferite, iar eventuala aplicare a acestor principii ar trebui stabilit\u0103 de instan\u021b\u0103.<\/p>\n<h2>Ar putea fi analizat\u0103 \u0219i propor\u021bionalitatea sanc\u021biunii<\/h2>\n<p>Un alt articol al Cartei care ar putea deveni relevant este articolul 52, care stabile\u0219te condi\u021biile \u00een care pot fi limitate drepturile recunoscute de document.<\/p>\n<p>O restr\u00e2ngere trebuie s\u0103 fie prev\u0103zut\u0103 de lege, s\u0103 respecte substan\u021ba dreptului \u0219i principiul propor\u021bionalit\u0103\u021bii \u0219i s\u0103 urm\u0103reasc\u0103 un obiectiv de interes general recunoscut de Uniune sau protejarea drepturilor altor persoane.<\/p>\n<p>\u00cen cazul \u00een care o instan\u021b\u0103 rom\u00e2n\u0103 ar considera c\u0103 \u00eencetarea mandatului intr\u0103 \u00een sfera dreptului european garantat de articolul 40, ar putea ap\u0103rea astfel \u0219i problema propor\u021bionalit\u0103\u021bii m\u0103surii.<\/p>\n<h2>Cum ar putea ajunge cazul lui Dominic Fritz la CJUE<\/h2>\n<p>O eventual\u0103 interven\u021bie a Cur\u021bii de Justi\u021bie a Uniunii Europene nu ar \u00eensemna c\u0103 Dominic Fritz se poate adresa pur \u0219i simplu direct Cur\u021bii de la Luxemburg pentru ca aceasta s\u0103 decid\u0103 dac\u0103 r\u0103m\u00e2ne primar.<\/p>\n<p>Potrivit mecanismului descris, dac\u0103 prefectul ar constata \u00eencetarea mandatului, ordinul ar putea fi contestat la instan\u021ba de contencios administrativ.<\/p>\n<p>\u00cen cadrul procesului, instan\u021ba rom\u00e2n\u0103 ar putea sesiza CJUE prin mecanismul \u00eentreb\u0103rii preliminare prev\u0103zut de articolul 267 din Tratatul privind Func\u021bionarea Uniunii Europene.<\/p>\n<p>Curtea de la Luxemburg ar urma s\u0103 interpreteze dispozi\u021biile relevante ale dreptului UE, nu s\u0103 decid\u0103 direct cine ocup\u0103 func\u021bia de primar al Timi\u0219oarei.<\/p>\n<p>Ulterior, instan\u021ba din Rom\u00e2nia ar solu\u021biona cauza \u021bin\u00e2nd cont de interpretarea oferit\u0103 de CJUE.<\/p>\n<p>Alin Mitu\u021ba sus\u021bine c\u0103, dac\u0103 instan\u021ba european\u0103 ar considera \u00eencetarea mandatului incompatibil\u0103 cu dreptul Uniunii, judec\u0103torul na\u021bional ar trebui s\u0103 aplice dreptul european \u0219i s\u0103 lase neaplicat\u0103 o norm\u0103 na\u021bional\u0103 contrar\u0103.<\/p>\n<h2>Cet\u0103\u021benia german\u0103 \u00eei creeaz\u0103 lui Fritz o situa\u021bie juridic\u0103 aparte<\/h2>\n<p>Elementul care diferen\u021biaz\u0103 cazul lui Dominic Fritz de cel al unui primar rom\u00e2n este chiar modul \u00een care acesta \u0219i-a exercitat dreptul de a candida.<\/p>\n<p>Fiind cet\u0103\u021bean german cu re\u0219edin\u021ba \u00een Rom\u00e2nia, posibilitatea sa de a participa la alegerile locale deriv\u0103 inclusiv din drepturile acordate cet\u0103\u021benilor Uniunii Europene.<\/p>\n<p>Tocmai de aceea, sus\u021bine Alin Mitu\u021ba, disputa privind \u00eencetarea mandatului ar putea dep\u0103\u0219i cadrul strict al legisla\u021biei rom\u00e2ne\u0219ti.<\/p>\n<p>R\u0103m\u00e2ne \u00eens\u0103 de v\u0103zut dac\u0103 legea va produce efectiv \u00eencetarea mandatului lui Dominic Fritz, dac\u0103 va exista un ordin al prefectului \u0219i, ulterior, dac\u0103 instan\u021ba sesizat\u0103 va considera necesar\u0103 adresarea unei \u00eentreb\u0103ri preliminare Cur\u021bii de Justi\u021bie a Uniunii Europene.<\/p>\n<\/div>\n<\/div>\n<div class=\"tdb-block-inner td-fix-index\">\n<p><em><strong>Posibila \u00eencetare a mandatului de primar al Timi\u0219oarei al lui Dominic Fritz ar putea ajunge nu doar la Curtea European\u0103 a Drepturilor Omului, ci \u0219i \u00een fa\u021ba Cur\u021bii de Justi\u021bie a Uniunii Europene. Fostul europarlamentar Alin Mitu\u021ba sus\u021bine c\u0103 cet\u0103\u021benia german\u0103 a lui Fritz introduce \u00een aceast\u0103 disput\u0103 o component\u0103 distinct\u0103 de drept european, deoarece acesta a candidat \u0219i a fost ales \u00een Rom\u00e2nia \u00een baza unui drept garantat cet\u0103\u021benilor Uniunii Europene.<\/strong><\/em><\/p>\n<p>Argumentul apare \u00een contextul controversei privind legea care ar putea conduce la \u00eencetarea mandatului lui Dominic Fritz. Primarul Timi\u0219oarei a anun\u021bat deja c\u0103 inten\u021bioneaz\u0103 s\u0103 \u00ee\u0219i apere mandatul pe cale juridic\u0103, acuz\u00e2nd aplicarea retroactiv\u0103 a unei sanc\u021biuni.<\/p>\n<p>Potrivit lui Alin Mitu\u021ba, cazul ar putea avea \u00eens\u0103 o dimensiune european\u0103 suplimentar\u0103 tocmai pentru c\u0103 Fritz este cet\u0103\u021bean german.<\/p>\n<h2>Dreptul lui Dominic Fritz de a candida \u00een Rom\u00e2nia este garantat de legisla\u021bia UE<\/h2>\n<p>Articolul 22 alineatul 1 din Tratatul privind Func\u021bionarea Uniunii Europene stabile\u0219te c\u0103 un cet\u0103\u021bean european care locuie\u0219te \u00eentr-un alt stat membru are dreptul s\u0103 voteze \u0219i s\u0103 candideze la alegerile locale \u00een statul respectiv, \u00een acelea\u0219i condi\u021bii ca cet\u0103\u021benii acestuia.<\/p>\n<p>Acela\u0219i principiu este prev\u0103zut \u0219i de Directiva 94\/80, care reglementeaz\u0103 exercitarea dreptului de vot \u0219i de a candida la alegerile locale pentru cet\u0103\u021benii UE care locuiesc \u00eentr-un alt stat membru.<\/p>\n<p>Alin Mitu\u021ba consider\u0103 c\u0103 tocmai acest lucru ar putea aduce o eventual\u0103 \u00eencetare a mandatului lui Fritz \u00een sfera dreptului european.<\/p>\n<p><em>\u201eDominic Fritz a fost ales prin aplicarea legisla\u021biei europene care d\u0103 dreptul cet\u0103\u021benilor UE (cet\u0103\u021bean german, \u00een cazul lui) s\u0103 candideze la alegerile locale din statul membru \u00een care \u00ee\u0219i au re\u0219edin\u021ba\u201d<\/em>, a explicat fostul europarlamentar.<\/p>\n<p>\u00cen opinia sa, dac\u0103 \u00eencetarea mandatului ar afecta exercitarea unui drept conferit prin tratatele europene, m\u0103sura ar putea fi analizat\u0103 \u0219i din perspectiva Cartei Drepturilor Fundamentale a Uniunii Europene.<\/p>\n<h2>Carta UE garanteaz\u0103 drepturile electorale ale cet\u0103\u021benilor europeni<\/h2>\n<p>Articolul 40 din Carta Drepturilor Fundamentale a UE consacr\u0103 dreptul cet\u0103\u021benilor Uniunii de a alege \u0219i de a fi ale\u0219i la alegerile locale \u00een statul membru \u00een care locuiesc, chiar dac\u0103 nu au cet\u0103\u021benia statului respectiv.<\/p>\n<p>\u00cen discu\u021bie ar putea intra \u0219i articolul 49 al Cartei, invocat de Alin Mitu\u021ba \u00een leg\u0103tur\u0103 cu principiul neretroactivit\u0103\u021bii.<\/p>\n<p><em>\u201ePosibila \u00eencetare a mandatului s\u0103u ar aduce prejudicii dreptului conferit de tratatele UE, prin urmare intr\u0103 \u00een sfera controlului dreptului european \u0219i trebuie s\u0103 respecte inclusiv articolul 49 din Carta Drepturilor Fundamentale a UE\u201d<\/em>, sus\u021bine Mitu\u021ba.<\/p>\n<p>Aceasta este \u00eens\u0103 o interpretare juridic\u0103 formulat\u0103 de fostul europarlamentar. Stabilirea aplicabilit\u0103\u021bii acestor dispozi\u021bii \u00een cazul concret ar reveni instan\u021belor.<\/p>\n<h2>CJUE s-a pronun\u021bat anterior asupra drepturilor electorale ale cet\u0103\u021benilor UE<\/h2>\n<p>Argumentul este sus\u021binut \u0219i prin raportare la jurispruden\u021ba Cur\u021bii de Justi\u021bie a Uniunii Europene.<\/p>\n<p>\u00centr-o hot\u0103r\u00e2re a Marii Camere din noiembrie 2024 privind Polonia, CJUE a analizat situa\u021bia cet\u0103\u021benilor altor state membre c\u0103rora legisla\u021bia polonez\u0103 nu le permitea s\u0103 devin\u0103 membri ai partidelor politice.<\/p>\n<p>Curtea a apreciat c\u0103 o asemenea diferen\u021b\u0103 \u00eei putea pune \u00eentr-o pozi\u021bie dezavantajoas\u0103 fa\u021b\u0103 de cet\u0103\u021benii polonezi \u00een exercitarea drepturilor electorale.<\/p>\n<p>Hot\u0103r\u00e2rea este relevant\u0103 pentru principiul potrivit c\u0103ruia dreptul cet\u0103\u021benilor europeni de a candida \u00een alt stat membru trebuie s\u0103 poat\u0103 fi exercitat efectiv.<\/p>\n<p>Cazul lui Dominic Fritz ar avea \u00eens\u0103 circumstan\u021be juridice diferite, iar eventuala aplicare a acestor principii ar trebui stabilit\u0103 de instan\u021b\u0103.<\/p>\n<h2>Ar putea fi analizat\u0103 \u0219i propor\u021bionalitatea sanc\u021biunii<\/h2>\n<p>Un alt articol al Cartei care ar putea deveni relevant este articolul 52, care stabile\u0219te condi\u021biile \u00een care pot fi limitate drepturile recunoscute de document.<\/p>\n<p>O restr\u00e2ngere trebuie s\u0103 fie prev\u0103zut\u0103 de lege, s\u0103 respecte substan\u021ba dreptului \u0219i principiul propor\u021bionalit\u0103\u021bii \u0219i s\u0103 urm\u0103reasc\u0103 un obiectiv de interes general recunoscut de Uniune sau protejarea drepturilor altor persoane.<\/p>\n<p>\u00cen cazul \u00een care o instan\u021b\u0103 rom\u00e2n\u0103 ar considera c\u0103 \u00eencetarea mandatului intr\u0103 \u00een sfera dreptului european garantat de articolul 40, ar putea ap\u0103rea astfel \u0219i problema propor\u021bionalit\u0103\u021bii m\u0103surii.<\/p>\n<h2>Cum ar putea ajunge cazul lui Dominic Fritz la CJUE<\/h2>\n<p>O eventual\u0103 interven\u021bie a Cur\u021bii de Justi\u021bie a Uniunii Europene nu ar \u00eensemna c\u0103 Dominic Fritz se poate adresa pur \u0219i simplu direct Cur\u021bii de la Luxemburg pentru ca aceasta s\u0103 decid\u0103 dac\u0103 r\u0103m\u00e2ne primar.<\/p>\n<p>Potrivit mecanismului descris, dac\u0103 prefectul ar constata \u00eencetarea mandatului, ordinul ar putea fi contestat la instan\u021ba de contencios administrativ.<\/p>\n<p>\u00cen cadrul procesului, instan\u021ba rom\u00e2n\u0103 ar putea sesiza CJUE prin mecanismul \u00eentreb\u0103rii preliminare prev\u0103zut de articolul 267 din Tratatul privind Func\u021bionarea Uniunii Europene.<\/p>\n<p>Curtea de la Luxemburg ar urma s\u0103 interpreteze dispozi\u021biile relevante ale dreptului UE, nu s\u0103 decid\u0103 direct cine ocup\u0103 func\u021bia de primar al Timi\u0219oarei.<\/p>\n<p>Ulterior, instan\u021ba din Rom\u00e2nia ar solu\u021biona cauza \u021bin\u00e2nd cont de interpretarea oferit\u0103 de CJUE.<\/p>\n<p>Alin Mitu\u021ba sus\u021bine c\u0103, dac\u0103 instan\u021ba european\u0103 ar considera \u00eencetarea mandatului incompatibil\u0103 cu dreptul Uniunii, judec\u0103torul na\u021bional ar trebui s\u0103 aplice dreptul european \u0219i s\u0103 lase neaplicat\u0103 o norm\u0103 na\u021bional\u0103 contrar\u0103.<\/p>\n<h2>Cet\u0103\u021benia german\u0103 \u00eei creeaz\u0103 lui Fritz o situa\u021bie juridic\u0103 aparte<\/h2>\n<p>Elementul care diferen\u021biaz\u0103 cazul lui Dominic Fritz de cel al unui primar rom\u00e2n este chiar modul \u00een care acesta \u0219i-a exercitat dreptul de a candida.<\/p>\n<p>Fiind cet\u0103\u021bean german cu re\u0219edin\u021ba \u00een Rom\u00e2nia, posibilitatea sa de a participa la alegerile locale deriv\u0103 inclusiv din drepturile acordate cet\u0103\u021benilor Uniunii Europene.<\/p>\n<p>Tocmai de aceea, sus\u021bine Alin Mitu\u021ba, disputa privind \u00eencetarea mandatului ar putea dep\u0103\u0219i cadrul strict al legisla\u021biei rom\u00e2ne\u0219ti.<\/p>\n<p>R\u0103m\u00e2ne \u00eens\u0103 de v\u0103zut dac\u0103 legea va produce efectiv \u00eencetarea mandatului lui Dominic Fritz, dac\u0103 va exista un ordin al prefectului \u0219i, ulterior, dac\u0103 instan\u021ba sesizat\u0103 va considera necesar\u0103 adresarea unei \u00eentreb\u0103ri preliminare Cur\u021bii de Justi\u021bie a Uniunii Europene.<\/p>\n<\/div>\n<div class=\"tdb-block-inner td-fix-index\">\n<div class=\"tdb-next-post tdb-next-post-bg tdb-post-prev\"><span>Articolul precedent<\/span><\/p>\n<div class=\"td-module-container\">\n<div class=\"next-prev-title\"><a href=\"https:\/\/infovaslui.ro\/politia-vaslui-dezminte-informatiile-despre-fetele-strigatoare-postarea-contine-informatii-false-exista-sesizari\/\">Poli\u021bia Vaslui dezminte informa\u021biile despre \u201efetele strig\u0103toare\u201d: \u201ePostarea con\u021bine informa\u021bii false. Nu exist\u0103 sesiz\u0103ri\u201d<\/a><\/div>\n<\/div>\n<\/div>\n<\/div>\n<div class=\"tdb-block-inner td-fix-index\"><a class=\"tdb-logo-a\" href=\"https:\/\/infovaslui.ro\/\" title=\"INFO Vaslui\"><span class=\"tdb-logo-img-wrap\"><img decoding=\"async\" class=\"tdb-logo-img td-retina-data\" data-retina=\"https:\/\/infovaslui.ro\/wp-content\/uploads\/2024\/12\/Black-and-Yellow-Modern-Personal-Logo-1-e1734054980362.png\" src=\"https:\/\/infovaslui.ro\/wp-content\/uploads\/2024\/12\/Black-and-Yellow-Modern-Personal-Logo-1-e1734054980362.png\" alt=\"\u0218tiri din Vaslui\" title=\"INFO Vaslui\"><\/span><span class=\"tdb-logo-text-wrap\"><span class=\"tdb-logo-text-title\">INFO Vaslui<\/span><span class=\"tdb-logo-text-tagline\">\u0218tiri de interes<\/span><\/span><\/a><\/div>\n<p>[analyse_source url=&#8221;https:\/\/infovaslui.ro\/legislatia-putea-deschide-noua-cale-dominic-fritz-cetatenia-germana-poate-conta-disputa-privind-mandatul-primar\/#new_tab&#8221;]<\/p>\n","protected":false},"excerpt":{"rendered":"<p>[analyse_image type=&#8221;featured&#8221; src=&#8221;https:\/\/infovaslui.ro\/wp-content\/uploads\/2026\/08\/dominic-fritz-usr.jpg&#8221;] miercuri, august 19, 2026 Acas\u0103Justi\u021bieLegisla\u021bia UE ar putea deschide o nou\u0103 cale pentru Dominic Fritz. De&#8230; Legisla\u021bia UE ar putea deschide o nou\u0103 cale pentru Dominic Fritz. De ce cet\u0103\u021benia german\u0103 poate conta \u00een disputa privind mandatul de primar Scris de: Alexandru Ababei 19 august 2026 Posibila \u00eencetare a mandatului de primar [&hellip;]<\/p>\n","protected":false},"author":1,"featured_media":0,"comment_status":"open","ping_status":"","sticky":false,"template":"","format":"standard","meta":{"footnotes":""},"categories":[89],"tags":[226,217],"class_list":["post-2100387","post","type-post","status-publish","format-standard","hentry","category-romania","tag-crawlmanager","tag-vaslui-robo-stiri-ro"],"_links":{"self":[{"href":"https:\/\/analyse.optim.biz\/index.php?rest_route=\/wp\/v2\/posts\/2100387","targetHints":{"allow":["GET"]}}],"collection":[{"href":"https:\/\/analyse.optim.biz\/index.php?rest_route=\/wp\/v2\/posts"}],"about":[{"href":"https:\/\/analyse.optim.biz\/index.php?rest_route=\/wp\/v2\/types\/post"}],"author":[{"embeddable":true,"href":"https:\/\/analyse.optim.biz\/index.php?rest_route=\/wp\/v2\/users\/1"}],"replies":[{"embeddable":true,"href":"https:\/\/analyse.optim.biz\/index.php?rest_route=%2Fwp%2Fv2%2Fcomments&post=2100387"}],"version-history":[{"count":0,"href":"https:\/\/analyse.optim.biz\/index.php?rest_route=\/wp\/v2\/posts\/2100387\/revisions"}],"wp:attachment":[{"href":"https:\/\/analyse.optim.biz\/index.php?rest_route=%2Fwp%2Fv2%2Fmedia&parent=2100387"}],"wp:term":[{"taxonomy":"category","embeddable":true,"href":"https:\/\/analyse.optim.biz\/index.php?rest_route=%2Fwp%2Fv2%2Fcategories&post=2100387"},{"taxonomy":"post_tag","embeddable":true,"href":"https:\/\/analyse.optim.biz\/index.php?rest_route=%2Fwp%2Fv2%2Ftags&post=2100387"}],"curies":[{"name":"wp","href":"https:\/\/api.w.org\/{rel}","templated":true}]}}