{"id":2100386,"date":"2026-08-19T07:20:40","date_gmt":"2026-08-19T04:20:40","guid":{"rendered":"https:\/\/analyse.optim.biz\/?p=2100386"},"modified":"2026-08-19T07:20:40","modified_gmt":"2026-08-19T04:20:40","slug":"parintele-pimen-vlad-mesaj-despre-inceputul-fiecarei-zile-sa-nu-plecam-in-zi-cu-sufletul-nemancat","status":"publish","type":"post","link":"https:\/\/analyse.optim.biz\/?p=2100386","title":{"rendered":"P\u0103rintele Pimen Vlad, mesaj despre \u00eenceputul fiec\u0103rei zile: \u201eS\u0103 nu plec\u0103m \u00een zi cu sufletul nem\u00e2ncat\u201d"},"content":{"rendered":"<p>[analyse_image type=&#8221;featured&#8221; src=&#8221;https:\/\/infovaslui.ro\/wp-content\/uploads\/2026\/08\/parintele-pimen-vlad.jpg&#8221;]<\/p>\n<div class=\"tdb-block-inner td-fix-index\"><a class=\"tdb-logo-a\" href=\"https:\/\/infovaslui.ro\/\" title=\"INFO Vaslui\"><span class=\"tdb-logo-img-wrap\"><img loading=\"lazy\" decoding=\"async\" class=\"tdb-logo-img td-retina-data\" data-retina=\"https:\/\/infovaslui.ro\/wp-content\/uploads\/2024\/12\/Black-and-Yellow-Modern-Personal-Logo-4-e1734058775656.png\" src=\"https:\/\/infovaslui.ro\/wp-content\/uploads\/2024\/12\/Black-and-Yellow-Modern-Personal-Logo-4-e1734058775656.png\" alt=\"\u0218tiri din Vaslui\" title=\"INFO Vaslui\" width=\"157\" height=\"96\"><\/span><\/a><\/div>\n<div class=\"tdb-block-inner td-fix-index\"><a class=\"tdb-logo-a\" href=\"https:\/\/infovaslui.ro\/\" title=\"INFO Vaslui\"><span class=\"tdb-logo-img-wrap\"><img loading=\"lazy\" decoding=\"async\" class=\"tdb-logo-img td-retina-data\" data-retina=\"https:\/\/infovaslui.ro\/wp-content\/uploads\/2024\/12\/Black-and-Yellow-Modern-Personal-Logo-4-e1734058775656.png\" src=\"https:\/\/infovaslui.ro\/wp-content\/uploads\/2024\/12\/Black-and-Yellow-Modern-Personal-Logo-4-e1734058775656.png\" alt=\"\u0218tiri din Vaslui\" title=\"INFO Vaslui\" width=\"157\" height=\"96\"><\/span><\/a><\/div>\n<div class=\"tdb-block-inner td-fix-index\">\n<div class=\"tdb-head-date-txt\">miercuri, august 19, 2026<\/div>\n<\/div>\n<div class=\"tdb-block-inner td-fix-index\"><a class=\"tdb-logo-a\" href=\"https:\/\/infovaslui.ro\/\" title=\"INFO Vaslui\"><span class=\"tdb-logo-img-wrap\"><img loading=\"lazy\" decoding=\"async\" class=\"tdb-logo-img td-retina-data\" data-retina=\"https:\/\/infovaslui.ro\/wp-content\/uploads\/2024\/12\/Black-and-Yellow-Modern-Personal-Logo-1-e1734054980362.png\" src=\"https:\/\/infovaslui.ro\/wp-content\/uploads\/2024\/12\/Black-and-Yellow-Modern-Personal-Logo-1-e1734054980362.png\" alt=\"\u0218tiri din Vaslui\" title=\"INFO Vaslui\" width=\"161\" height=\"99\"><\/span><\/a><\/div>\n<div class=\"tdb-block-inner td-fix-index\"><a class=\"tdb-logo-a\" href=\"https:\/\/infovaslui.ro\/\" title=\"INFO Vaslui\"><span class=\"tdb-logo-img-wrap\"><img loading=\"lazy\" decoding=\"async\" class=\"tdb-logo-img td-retina-data\" data-retina=\"https:\/\/infovaslui.ro\/wp-content\/uploads\/2024\/12\/Black-and-Yellow-Modern-Personal-Logo-1-e1734054980362.png\" src=\"https:\/\/infovaslui.ro\/wp-content\/uploads\/2024\/12\/Black-and-Yellow-Modern-Personal-Logo-1-e1734054980362.png\" alt=\"\u0218tiri din Vaslui\" title=\"INFO Vaslui\" width=\"161\" height=\"99\"><\/span><\/a><\/div>\n<div class=\"tdb-block-inner td-fix-index\"><span><a title class=\"tdb-entry-crumb\" href=\"https:\/\/infovaslui.ro\/\">Acas\u0103<\/a><\/span><span><a title=\"Vede\u021bi toate articolele \u00een Social\" class=\"tdb-entry-crumb\" href=\"https:\/\/infovaslui.ro\/category\/social\/\">Social<\/a><\/span><span class=\"tdb-bred-no-url-last\">P\u0103rintele Pimen Vlad, mesaj despre \u00eenceputul fiec\u0103rei zile: \u201eS\u0103 nu plec\u0103m \u00een&#8230;<\/span><\/div>\n<div class=\"tdb-block-inner td-fix-index\">\n<h1 class=\"tdb-title-text\">P\u0103rintele Pimen Vlad, mesaj despre \u00eenceputul fiec\u0103rei zile: \u201eS\u0103 nu plec\u0103m \u00een zi cu sufletul nem\u00e2ncat\u201d<\/h1>\n<\/div>\n<div class=\"tdb-block-inner td-fix-index\">\n<div class=\"tdb-author-name-wrap\"><span class=\"tdb-author-by\">Scris de: <\/span><a class=\"tdb-author-name\" href=\"https:\/\/infovaslui.ro\/author\/alexandru-ababei\/\">Alexandru Ababei<\/a><\/div>\n<\/div>\n<div class=\"tdb-block-inner td-fix-index\"><time class=\"entry-date updated td-module-date\" datetime=\"2026-08-19T10:20:40+03:00\">19 august 2026<\/time><\/div>\n<div class=\"td_block_wrap tdb_single_content tdi_106 td-pb-border-top td_block_template_1 td-post-content tagdiv-type\" data-td-block-uid=\"tdi_106\">\n<div class=\"tdb-block-inner td-fix-index\">\n<p><em><strong>P\u0103rintele Pimen Vlad a transmis un mesaj despre importan\u021ba rug\u0103ciunii de diminea\u021b\u0103 \u0219i despre puterea rug\u0103ciunii p\u0103rin\u021bilor pentru copiii lor. \u00centr-o perioad\u0103 \u00een care ziua \u00eencepe pentru mul\u021bi oameni direct cu telefonul, serviciul \u0219i grijile cotidiene, p\u0103rintele \u00eei \u00eendeamn\u0103 pe credincio\u0219i s\u0103 p\u0103streze c\u00e2teva clipe pentru Dumnezeu \u00eenainte de a intra \u00een ritmul obi\u0219nuit al zilei.<\/strong><\/em><\/p>\n<p>Mesajul porne\u0219te de la un obicei devenit firesc pentru foarte mul\u021bi oameni. Imediat dup\u0103 trezire, aten\u021bia se \u00eendreapt\u0103 c\u0103tre telefon, problemele care trebuie rezolvate, serviciu \u0219i toate responsabilit\u0103\u021bile zilei.<\/p>\n<p>P\u0103rintele Pimen Vlad spune c\u0103 un cre\u0219tin poate \u00eencepe \u00eens\u0103 diminea\u021ba altfel, chiar \u0219i atunci c\u00e2nd timpul este limitat.<\/p>\n<p><em>\u201eNu trebuie neap\u0103rat cuvinte multe. O cruce f\u0103cut\u0103 cu luare-aminte, un \u00abTat\u0103l nostru\u00bb, c\u00e2teva rug\u0103ciuni din pravil\u0103 \u0219i o cerere spus\u0103 din inim\u0103 pot a\u0219eza altfel \u00eentreaga zi\u201d<\/em>, transmite p\u0103rintele.<\/p>\n<h2>\u201eRug\u0103ciunea ne preg\u0103te\u0219te sufletul\u201d<\/h2>\n<p>P\u0103rintele Pimen atrage aten\u021bia c\u0103 rug\u0103ciunea nu \u00eenseamn\u0103 c\u0103 problemele \u0219i \u00eencerc\u0103rile vor disp\u0103rea din via\u021ba omului.<\/p>\n<p>Rolul ei este, \u00een schimb, acela de a-l \u00eent\u0103ri suflete\u0219te pentru ceea ce urmeaz\u0103.<\/p>\n<p><em>\u201eRug\u0103ciunea nu ne promite c\u0103 nu vom \u00eent\u00e2lni necazuri, ci ne preg\u0103te\u0219te sufletul s\u0103 nu fim birui\u021bi de ele\u201d<\/em>, explic\u0103 p\u0103rintele.<\/p>\n<p>Este \u0219i motivul pentru care primele minute ale dimine\u021bii pot avea o semnifica\u021bie aparte. \u00cenaintea grijilor \u0219i a agita\u021biei, omul \u00ee\u0219i poate \u00eendrepta pentru c\u00e2teva clipe g\u00e2ndul c\u0103tre Dumnezeu.<\/p>\n<h2>Rug\u0103ciunea p\u0103rin\u021bilor pentru copii<\/h2>\n<p>O parte important\u0103 a mesajului este dedicat\u0103 p\u0103rin\u021bilor \u0219i rug\u0103ciunii pentru copiii lor.<\/p>\n<p>Odat\u0103 cu trecerea anilor, p\u0103rintele nu mai poate fi permanent l\u00e2ng\u0103 copil. Acesta pleac\u0103 la \u0219coal\u0103, la serviciu, la drum sau ajunge s\u0103 tr\u0103iasc\u0103 departe de cas\u0103.<\/p>\n<p><em>\u201eDar \u00eel po\u021bi \u00eencredin\u021ba lui Dumnezeu: \u00abDoamne, p\u0103ze\u0219te-l unde eu nu pot ajunge. Lumineaz\u0103-l c\u00e2nd eu nu-i pot vorbi. Fere\u0219te-l de r\u0103u \u0219i d\u0103-i minte bun\u0103\u00bb\u201d<\/em>, spune Pimen Vlad.<\/p>\n<p>P\u0103rintele subliniaz\u0103 \u00eens\u0103 c\u0103 rug\u0103ciunea trebuie \u00een\u021beleas\u0103 \u00een sensul ei cre\u0219tin \u0219i nu ca un substitut pentru responsabilitatea pe care mama \u0219i tat\u0103l o au fa\u021b\u0103 de copil.<\/p>\n<p><em>\u201eRug\u0103ciunea p\u0103rintelui nu este un talisman \u0219i nu \u00eenlocuie\u0219te grija \u0219i educa\u021bia, dar este o \u00eencredin\u021bare vie a copilului \u00een purtarea de grij\u0103 a lui Dumnezeu.\u201d<\/em><\/p>\n<h2>\u201eS\u0103 nu plec\u0103m \u00een zi cu sufletul nem\u00e2ncat\u201d<\/h2>\n<p>\u00cen finalul mesajului, Pimen Vlad folose\u0219te o compara\u021bie simpl\u0103 \u00eentre lucrurile pentru care oamenii \u00ee\u0219i fac timp \u00een fiecare diminea\u021b\u0103 \u0219i grija pentru propria via\u021b\u0103 sufleteasc\u0103.<\/p>\n<p><em>\u201eHr\u0103nim trupul, \u00eenc\u0103rc\u0103m telefonul, verific\u0103m dac\u0103 avem bani \u0219i chei, dar uit\u0103m s\u0103 ne \u00eent\u0103rim inima\u201d<\/em>, spune p\u0103rintele.<\/p>\n<p>De aici vine \u0219i \u00eendemnul central al mesajului s\u0103u: <em>\u201eS\u0103 nu plec\u0103m \u00een zi cu sufletul nem\u00e2ncat.\u201d<\/em><\/p>\n<p>Rug\u0103ciunea de diminea\u021b\u0103 este prezentat\u0103 ca un moment prin care omul \u00ee\u0219i aminte\u0219te cine este \u0219i \u00een m\u00e2inile Cui \u00ee\u0219i \u00eencredin\u021beaz\u0103 ziua.<\/p>\n<p>Iar pentru p\u0103rin\u021bi, rug\u0103ciunea r\u0103m\u00e2ne o modalitate de a-\u0219i purta copiii \u00een suflet indiferent de distan\u021b\u0103.<\/p>\n<p><em>\u201eC\u00e2nd un p\u0103rinte \u00ee\u0219i pomene\u0219te copiii \u00eenaintea lui Dumnezeu, \u00eei poart\u0103 \u00een inim\u0103 chiar \u0219i atunci c\u00e2nd nu-i mai poate \u021bine de m\u00e2n\u0103\u201d<\/em>, este mesajul transmis de p\u0103rintele Pimen Vlad.<\/p>\n<\/div>\n<\/div>\n<div class=\"tdb-block-inner td-fix-index\">\n<p><em><strong>P\u0103rintele Pimen Vlad a transmis un mesaj despre importan\u021ba rug\u0103ciunii de diminea\u021b\u0103 \u0219i despre puterea rug\u0103ciunii p\u0103rin\u021bilor pentru copiii lor. \u00centr-o perioad\u0103 \u00een care ziua \u00eencepe pentru mul\u021bi oameni direct cu telefonul, serviciul \u0219i grijile cotidiene, p\u0103rintele \u00eei \u00eendeamn\u0103 pe credincio\u0219i s\u0103 p\u0103streze c\u00e2teva clipe pentru Dumnezeu \u00eenainte de a intra \u00een ritmul obi\u0219nuit al zilei.<\/strong><\/em><\/p>\n<p>Mesajul porne\u0219te de la un obicei devenit firesc pentru foarte mul\u021bi oameni. Imediat dup\u0103 trezire, aten\u021bia se \u00eendreapt\u0103 c\u0103tre telefon, problemele care trebuie rezolvate, serviciu \u0219i toate responsabilit\u0103\u021bile zilei.<\/p>\n<p>P\u0103rintele Pimen Vlad spune c\u0103 un cre\u0219tin poate \u00eencepe \u00eens\u0103 diminea\u021ba altfel, chiar \u0219i atunci c\u00e2nd timpul este limitat.<\/p>\n<p><em>\u201eNu trebuie neap\u0103rat cuvinte multe. O cruce f\u0103cut\u0103 cu luare-aminte, un \u00abTat\u0103l nostru\u00bb, c\u00e2teva rug\u0103ciuni din pravil\u0103 \u0219i o cerere spus\u0103 din inim\u0103 pot a\u0219eza altfel \u00eentreaga zi\u201d<\/em>, transmite p\u0103rintele.<\/p>\n<h2>\u201eRug\u0103ciunea ne preg\u0103te\u0219te sufletul\u201d<\/h2>\n<p>P\u0103rintele Pimen atrage aten\u021bia c\u0103 rug\u0103ciunea nu \u00eenseamn\u0103 c\u0103 problemele \u0219i \u00eencerc\u0103rile vor disp\u0103rea din via\u021ba omului.<\/p>\n<p>Rolul ei este, \u00een schimb, acela de a-l \u00eent\u0103ri suflete\u0219te pentru ceea ce urmeaz\u0103.<\/p>\n<p><em>\u201eRug\u0103ciunea nu ne promite c\u0103 nu vom \u00eent\u00e2lni necazuri, ci ne preg\u0103te\u0219te sufletul s\u0103 nu fim birui\u021bi de ele\u201d<\/em>, explic\u0103 p\u0103rintele.<\/p>\n<p>Este \u0219i motivul pentru care primele minute ale dimine\u021bii pot avea o semnifica\u021bie aparte. \u00cenaintea grijilor \u0219i a agita\u021biei, omul \u00ee\u0219i poate \u00eendrepta pentru c\u00e2teva clipe g\u00e2ndul c\u0103tre Dumnezeu.<\/p>\n<h2>Rug\u0103ciunea p\u0103rin\u021bilor pentru copii<\/h2>\n<p>O parte important\u0103 a mesajului este dedicat\u0103 p\u0103rin\u021bilor \u0219i rug\u0103ciunii pentru copiii lor.<\/p>\n<p>Odat\u0103 cu trecerea anilor, p\u0103rintele nu mai poate fi permanent l\u00e2ng\u0103 copil. Acesta pleac\u0103 la \u0219coal\u0103, la serviciu, la drum sau ajunge s\u0103 tr\u0103iasc\u0103 departe de cas\u0103.<\/p>\n<p><em>\u201eDar \u00eel po\u021bi \u00eencredin\u021ba lui Dumnezeu: \u00abDoamne, p\u0103ze\u0219te-l unde eu nu pot ajunge. Lumineaz\u0103-l c\u00e2nd eu nu-i pot vorbi. Fere\u0219te-l de r\u0103u \u0219i d\u0103-i minte bun\u0103\u00bb\u201d<\/em>, spune Pimen Vlad.<\/p>\n<p>P\u0103rintele subliniaz\u0103 \u00eens\u0103 c\u0103 rug\u0103ciunea trebuie \u00een\u021beleas\u0103 \u00een sensul ei cre\u0219tin \u0219i nu ca un substitut pentru responsabilitatea pe care mama \u0219i tat\u0103l o au fa\u021b\u0103 de copil.<\/p>\n<p><em>\u201eRug\u0103ciunea p\u0103rintelui nu este un talisman \u0219i nu \u00eenlocuie\u0219te grija \u0219i educa\u021bia, dar este o \u00eencredin\u021bare vie a copilului \u00een purtarea de grij\u0103 a lui Dumnezeu.\u201d<\/em><\/p>\n<h2>\u201eS\u0103 nu plec\u0103m \u00een zi cu sufletul nem\u00e2ncat\u201d<\/h2>\n<p>\u00cen finalul mesajului, Pimen Vlad folose\u0219te o compara\u021bie simpl\u0103 \u00eentre lucrurile pentru care oamenii \u00ee\u0219i fac timp \u00een fiecare diminea\u021b\u0103 \u0219i grija pentru propria via\u021b\u0103 sufleteasc\u0103.<\/p>\n<p><em>\u201eHr\u0103nim trupul, \u00eenc\u0103rc\u0103m telefonul, verific\u0103m dac\u0103 avem bani \u0219i chei, dar uit\u0103m s\u0103 ne \u00eent\u0103rim inima\u201d<\/em>, spune p\u0103rintele.<\/p>\n<p>De aici vine \u0219i \u00eendemnul central al mesajului s\u0103u: <em>\u201eS\u0103 nu plec\u0103m \u00een zi cu sufletul nem\u00e2ncat.\u201d<\/em><\/p>\n<p>Rug\u0103ciunea de diminea\u021b\u0103 este prezentat\u0103 ca un moment prin care omul \u00ee\u0219i aminte\u0219te cine este \u0219i \u00een m\u00e2inile Cui \u00ee\u0219i \u00eencredin\u021beaz\u0103 ziua.<\/p>\n<p>Iar pentru p\u0103rin\u021bi, rug\u0103ciunea r\u0103m\u00e2ne o modalitate de a-\u0219i purta copiii \u00een suflet indiferent de distan\u021b\u0103.<\/p>\n<p><em>\u201eC\u00e2nd un p\u0103rinte \u00ee\u0219i pomene\u0219te copiii \u00eenaintea lui Dumnezeu, \u00eei poart\u0103 \u00een inim\u0103 chiar \u0219i atunci c\u00e2nd nu-i mai poate \u021bine de m\u00e2n\u0103\u201d<\/em>, este mesajul transmis de p\u0103rintele Pimen Vlad.<\/p>\n<\/div>\n<div class=\"tdb-block-inner td-fix-index\">\n<div class=\"tdb-next-post tdb-next-post-bg tdb-post-prev\"><span>Articolul precedent<\/span><\/p>\n<div class=\"td-module-container\">\n<div class=\"next-prev-title\"><a href=\"https:\/\/infovaslui.ro\/barladul-serviciu-ingrijire-domiciliu-persoanele-varstnice-cine-poate-beneficia-solicita-sprijinul\/\">B\u00e2rladul are un nou serviciu de \u00eengrijire la domiciliu pentru persoanele v\u00e2rstnice. Cine poate beneficia \u0219i cum se solicit\u0103 sprijinul<\/a><\/div>\n<\/div>\n<\/div>\n<\/div>\n<div class=\"tdb-block-inner td-fix-index\"><a class=\"tdb-logo-a\" href=\"https:\/\/infovaslui.ro\/\" title=\"INFO Vaslui\"><span class=\"tdb-logo-img-wrap\"><img decoding=\"async\" class=\"tdb-logo-img td-retina-data\" data-retina=\"https:\/\/infovaslui.ro\/wp-content\/uploads\/2024\/12\/Black-and-Yellow-Modern-Personal-Logo-1-e1734054980362.png\" src=\"https:\/\/infovaslui.ro\/wp-content\/uploads\/2024\/12\/Black-and-Yellow-Modern-Personal-Logo-1-e1734054980362.png\" alt=\"\u0218tiri din Vaslui\" title=\"INFO Vaslui\"><\/span><span class=\"tdb-logo-text-wrap\"><span class=\"tdb-logo-text-title\">INFO Vaslui<\/span><span class=\"tdb-logo-text-tagline\">\u0218tiri de interes<\/span><\/span><\/a><\/div>\n<p>[analyse_source url=&#8221;https:\/\/infovaslui.ro\/parintele-pimen-vlad-mesaj-despre-inceputul-fiecarei-zile-plecam-sufletul-nemancat\/#new_tab&#8221;]<\/p>\n","protected":false},"excerpt":{"rendered":"<p>[analyse_image type=&#8221;featured&#8221; src=&#8221;https:\/\/infovaslui.ro\/wp-content\/uploads\/2026\/08\/parintele-pimen-vlad.jpg&#8221;] miercuri, august 19, 2026 Acas\u0103SocialP\u0103rintele Pimen Vlad, mesaj despre \u00eenceputul fiec\u0103rei zile: \u201eS\u0103 nu plec\u0103m \u00een&#8230; P\u0103rintele Pimen Vlad, mesaj despre \u00eenceputul fiec\u0103rei zile: \u201eS\u0103 nu plec\u0103m \u00een zi cu sufletul nem\u00e2ncat\u201d Scris de: Alexandru Ababei 19 august 2026 P\u0103rintele Pimen Vlad a transmis un mesaj despre importan\u021ba rug\u0103ciunii de diminea\u021b\u0103 \u0219i [&hellip;]<\/p>\n","protected":false},"author":1,"featured_media":0,"comment_status":"open","ping_status":"","sticky":false,"template":"","format":"standard","meta":{"footnotes":""},"categories":[89],"tags":[226,217],"class_list":["post-2100386","post","type-post","status-publish","format-standard","hentry","category-romania","tag-crawlmanager","tag-vaslui-robo-stiri-ro"],"_links":{"self":[{"href":"https:\/\/analyse.optim.biz\/index.php?rest_route=\/wp\/v2\/posts\/2100386","targetHints":{"allow":["GET"]}}],"collection":[{"href":"https:\/\/analyse.optim.biz\/index.php?rest_route=\/wp\/v2\/posts"}],"about":[{"href":"https:\/\/analyse.optim.biz\/index.php?rest_route=\/wp\/v2\/types\/post"}],"author":[{"embeddable":true,"href":"https:\/\/analyse.optim.biz\/index.php?rest_route=\/wp\/v2\/users\/1"}],"replies":[{"embeddable":true,"href":"https:\/\/analyse.optim.biz\/index.php?rest_route=%2Fwp%2Fv2%2Fcomments&post=2100386"}],"version-history":[{"count":0,"href":"https:\/\/analyse.optim.biz\/index.php?rest_route=\/wp\/v2\/posts\/2100386\/revisions"}],"wp:attachment":[{"href":"https:\/\/analyse.optim.biz\/index.php?rest_route=%2Fwp%2Fv2%2Fmedia&parent=2100386"}],"wp:term":[{"taxonomy":"category","embeddable":true,"href":"https:\/\/analyse.optim.biz\/index.php?rest_route=%2Fwp%2Fv2%2Fcategories&post=2100386"},{"taxonomy":"post_tag","embeddable":true,"href":"https:\/\/analyse.optim.biz\/index.php?rest_route=%2Fwp%2Fv2%2Ftags&post=2100386"}],"curies":[{"name":"wp","href":"https:\/\/api.w.org\/{rel}","templated":true}]}}