{"id":2100385,"date":"2026-08-19T07:03:07","date_gmt":"2026-08-19T04:03:07","guid":{"rendered":"https:\/\/analyse.optim.biz\/?p=2100385"},"modified":"2026-08-19T07:03:07","modified_gmt":"2026-08-19T04:03:07","slug":"peste-550-de-tineri-se-intalnesc-sambata-la-vaslui-intalnirea-tinerilor-ortodocsi-din-vaslui-itov-2026-ajunge-la-editia-a-viii-a","status":"publish","type":"post","link":"https:\/\/analyse.optim.biz\/?p=2100385","title":{"rendered":"Peste 550 de tineri se \u00eent\u00e2lnesc s\u00e2mb\u0103t\u0103 la Vaslui. \u00cent\u00e2lnirea Tinerilor Ortodoc\u0219i din Vaslui \u2013 ITOV 2026 ajunge la edi\u021bia a VIII-a"},"content":{"rendered":"<p>[analyse_image type=&#8221;featured&#8221; src=&#8221;https:\/\/infovaslui.ro\/wp-content\/uploads\/2026\/08\/itov2026.webp&#8221;]<\/p>\n<div class=\"tdb-block-inner td-fix-index\"><a class=\"tdb-logo-a\" href=\"https:\/\/infovaslui.ro\/\" title=\"INFO Vaslui\"><span class=\"tdb-logo-img-wrap\"><img loading=\"lazy\" decoding=\"async\" class=\"tdb-logo-img td-retina-data\" data-retina=\"https:\/\/infovaslui.ro\/wp-content\/uploads\/2024\/12\/Black-and-Yellow-Modern-Personal-Logo-4-e1734058775656.png\" src=\"https:\/\/infovaslui.ro\/wp-content\/uploads\/2024\/12\/Black-and-Yellow-Modern-Personal-Logo-4-e1734058775656.png\" alt=\"\u0218tiri din Vaslui\" title=\"INFO Vaslui\" width=\"157\" height=\"96\"><\/span><\/a><\/div>\n<div class=\"tdb-block-inner td-fix-index\"><a class=\"tdb-logo-a\" href=\"https:\/\/infovaslui.ro\/\" title=\"INFO Vaslui\"><span class=\"tdb-logo-img-wrap\"><img loading=\"lazy\" decoding=\"async\" class=\"tdb-logo-img td-retina-data\" data-retina=\"https:\/\/infovaslui.ro\/wp-content\/uploads\/2024\/12\/Black-and-Yellow-Modern-Personal-Logo-4-e1734058775656.png\" src=\"https:\/\/infovaslui.ro\/wp-content\/uploads\/2024\/12\/Black-and-Yellow-Modern-Personal-Logo-4-e1734058775656.png\" alt=\"\u0218tiri din Vaslui\" title=\"INFO Vaslui\" width=\"157\" height=\"96\"><\/span><\/a><\/div>\n<div class=\"tdb-block-inner td-fix-index\">\n<div class=\"tdb-head-date-txt\">miercuri, august 19, 2026<\/div>\n<\/div>\n<div class=\"tdb-block-inner td-fix-index\"><a class=\"tdb-logo-a\" href=\"https:\/\/infovaslui.ro\/\" title=\"INFO Vaslui\"><span class=\"tdb-logo-img-wrap\"><img loading=\"lazy\" decoding=\"async\" class=\"tdb-logo-img td-retina-data\" data-retina=\"https:\/\/infovaslui.ro\/wp-content\/uploads\/2024\/12\/Black-and-Yellow-Modern-Personal-Logo-1-e1734054980362.png\" src=\"https:\/\/infovaslui.ro\/wp-content\/uploads\/2024\/12\/Black-and-Yellow-Modern-Personal-Logo-1-e1734054980362.png\" alt=\"\u0218tiri din Vaslui\" title=\"INFO Vaslui\" width=\"161\" height=\"99\"><\/span><\/a><\/div>\n<div class=\"tdb-block-inner td-fix-index\"><a class=\"tdb-logo-a\" href=\"https:\/\/infovaslui.ro\/\" title=\"INFO Vaslui\"><span class=\"tdb-logo-img-wrap\"><img loading=\"lazy\" decoding=\"async\" class=\"tdb-logo-img td-retina-data\" data-retina=\"https:\/\/infovaslui.ro\/wp-content\/uploads\/2024\/12\/Black-and-Yellow-Modern-Personal-Logo-1-e1734054980362.png\" src=\"https:\/\/infovaslui.ro\/wp-content\/uploads\/2024\/12\/Black-and-Yellow-Modern-Personal-Logo-1-e1734054980362.png\" alt=\"\u0218tiri din Vaslui\" title=\"INFO Vaslui\" width=\"161\" height=\"99\"><\/span><\/a><\/div>\n<div class=\"tdb-block-inner td-fix-index\"><span><a title class=\"tdb-entry-crumb\" href=\"https:\/\/infovaslui.ro\/\">Acas\u0103<\/a><\/span><span><a title=\"Vede\u021bi toate articolele \u00een Evenimente\" class=\"tdb-entry-crumb\" href=\"https:\/\/infovaslui.ro\/category\/evenimente\/\">Evenimente<\/a><\/span><span class=\"tdb-bred-no-url-last\">Peste 550 de tineri se \u00eent\u00e2lnesc s\u00e2mb\u0103t\u0103 la Vaslui. \u00cent\u00e2lnirea Tinerilor Ortodoc\u0219i&#8230;<\/span><\/div>\n<div class=\"tdb-block-inner td-fix-index\">\n<h1 class=\"tdb-title-text\">Peste 550 de tineri se \u00eent\u00e2lnesc s\u00e2mb\u0103t\u0103 la Vaslui. \u00cent\u00e2lnirea Tinerilor Ortodoc\u0219i din Vaslui \u2013 ITOV 2026 ajunge la edi\u021bia a VIII-a<\/h1>\n<\/div>\n<div class=\"tdb-block-inner td-fix-index\">\n<div class=\"tdb-author-name-wrap\"><span class=\"tdb-author-by\">Scris de: <\/span><a class=\"tdb-author-name\" href=\"https:\/\/infovaslui.ro\/author\/alexandru-ababei\/\">Alexandru Ababei<\/a><\/div>\n<\/div>\n<div class=\"tdb-block-inner td-fix-index\"><time class=\"entry-date updated td-module-date\" datetime=\"2026-08-19T10:03:07+03:00\">19 august 2026<\/time><\/div>\n<div class=\"td_block_wrap tdb_single_content tdi_106 td-pb-border-top td_block_template_1 td-post-content tagdiv-type\" data-td-block-uid=\"tdi_106\">\n<div class=\"tdb-block-inner td-fix-index\">\n<p><em><strong>Municipiul Vaslui va g\u0103zdui s\u00e2mb\u0103t\u0103, 22 august 2026, cea de-a VIII-a edi\u021bie a \u00cent\u00e2lnirii Tinerilor Ortodoc\u0219i din Vaslui \u2013 ITOV. Peste 550 de tineri din \u00eentreaga Eparhie a Hu\u0219ilor sunt a\u0219tepta\u021bi la eveniment, al\u0103turi de aproximativ 50 de voluntari. Programul cuprinde Sf\u00e2nta Liturghie, o conferin\u021b\u0103 sus\u021binut\u0103 de p\u0103rintele Nicolae Dima, ateliere interactive \u0219i un spectacol artistic \u00een Parcul Copou.<\/strong><\/em><\/p>\n<p>Evenimentul se desf\u0103\u0219oar\u0103 cu binecuv\u00e2ntarea Preasfin\u021bitului P\u0103rinte Ignatie, Episcopul Hu\u0219ilor, iar tema edi\u021biei din acest an este \u201eCum s\u0103 devin un erou al credin\u021bei\u201d.<\/p>\n<p>ITOV 2026 este organizat de Episcopia Hu\u0219ilor, cu sprijinul Secretariatului de Stat pentru Culte \u0219i al Consiliului Jude\u021bean Vaslui, prin Centrul Jude\u021bean Cultural Vaslui.<\/p>\n<p>\u00cent\u00e2lnirea \u00ee\u0219i propune s\u0103 aduc\u0103 tinerii \u00eempreun\u0103 \u00een jurul credin\u021bei, dar \u0219i s\u0103 creeze un cadru pentru dialog, educa\u021bie, socializare \u0219i activit\u0103\u021bi adaptate preocup\u0103rilor acestora.<\/p>\n<h2>Ziua \u00eencepe cu Sf\u00e2nta Liturghie<\/h2>\n<p>Programul va \u00eencepe la ora 07:00, la Biserica \u201eSfin\u021bii Apostoli Petru \u0219i Pavel\u201d din municipiul Vaslui, unde Sf\u00e2nta Liturghie va fi oficiat\u0103 de Preasfin\u021bitul P\u0103rinte Ignatie, Episcopul Hu\u0219ilor.<\/p>\n<p>Slujba este programat\u0103 p\u00e2n\u0103 la ora 09:30, dup\u0103 care participan\u021bii se vor deplasa c\u0103tre Parcul Copou, unde va avea loc \u00eenregistrarea tinerilor.<\/p>\n<p>Deschiderea oficial\u0103 a \u00cent\u00e2lnirii Tinerilor Ortodoc\u0219i din Vaslui este programat\u0103 pentru ora 10:30. Vor fi intonate Imnul Na\u021bional \u0219i imnul ITOV, dup\u0103 care Preasfin\u021bitul P\u0103rinte Ignatie va adresa cuv\u00e2ntul de deschidere. La eveniment vor lua cuv\u00e2ntul \u0219i reprezentan\u021bi ai autorit\u0103\u021bilor jude\u021bene \u0219i locale.<\/p>\n<h2>P\u0103rintele Nicolae Dima va sus\u021bine conferin\u021ba \u201eCum s\u0103 devin un erou al credin\u021bei\u201d<\/h2>\n<p>Unul dintre principalele momente ale zilei va fi conferin\u021ba dedicat\u0103 tinerilor, programat\u0103 \u00eentre orele 11:00 \u0219i 13:00.<\/p>\n<p>Invitat este p\u0103rintele Nicolae Dima, de la Biserica \u201eSf\u00e2ntul Nicolae Dintr-o Zi\u201d din Bucure\u0219ti, care va vorbi chiar despre tema edi\u021biei din acest an, \u201eCum s\u0103 devin un erou al credin\u021bei\u201d.<\/p>\n<p>Conferin\u021ba va avea \u0219i o component\u0103 interactiv\u0103. Tinerii vor putea adresa \u00eentreb\u0103ri, acestea urm\u00e2nd s\u0103 fie colectate \u00een scris de voluntari \u0219i transmise c\u0103tre scen\u0103.<\/p>\n<p>Potrivit organizatorilor, p\u0103rintele Nicolae Dima este cunoscut pentru activitatea pastoral\u0103 \u0219i pentru \u00eent\u00e2lnirile \u0219i conferin\u021bele dedicate \u00een special tinerilor \u0219i familiilor. \u00centre 2007 \u0219i 2014 a ocupat func\u021bia de director general al Trinitas TV.<\/p>\n<p>La Vaslui, acesta va aborda tema curajului de a tr\u0103i credin\u021ba \u00eentr-o societate aflat\u0103 \u00eentr-o continu\u0103 schimbare.<\/p>\n<p>Conferin\u021ba va avea intrarea liber\u0103 \u0219i, potrivit comunicatului organizatorilor, va putea fi urm\u0103rit\u0103 \u0219i online, pe pagina de Facebook a Episcopiei Hu\u0219ilor.<\/p>\n<h2>Ateliere interactive \u00een Parcul Copou<\/h2>\n<p>Dup\u0103 conferin\u021b\u0103, \u00eentre orele 13:00 \u0219i 14:00 este programat\u0103 masa de pr\u00e2nz, iar partea a doua a zilei va fi dedicat\u0103 activit\u0103\u021bilor interactive.<\/p>\n<p>\u00centre orele 14:00 \u0219i 16:00, participan\u021bii vor putea lua parte la mai multe ateliere organizate \u00een Parcul Copou.<\/p>\n<p>Programul oficial include jocuri educative nonformale, atelierul \u201e\u00centreab\u0103 preotul!\u201d, activit\u0103\u021bi de folk, muzic\u0103 \u0219i dans, dar \u0219i \u00eent\u00e2lniri cu reprezentan\u021bii Biroului pentru Siguran\u021ba \u0218colar\u0103 din cadrul Poli\u021biei.<\/p>\n<p>Un alt atelier va aborda prevenirea infrac\u021bionalit\u0103\u021bii \u0219i a consumului de droguri.<\/p>\n<p>Prin aceste activit\u0103\u021bi, organizatorii urm\u0103resc ca \u00eent\u00e2lnirea s\u0103 dep\u0103\u0219easc\u0103 formatul unei conferin\u021be \u0219i s\u0103 ofere tinerilor posibilitatea de a participa direct, de a pune \u00eentreb\u0103ri \u0219i de a discuta despre probleme apropiate de realitatea lor.<\/p>\n<h2>F-Charm, invitat special la spectacolul ITOV 2026<\/h2>\n<p>Ultima parte a evenimentului va fi dedicat\u0103 muzicii.<\/p>\n<p>De la ora 17:00, \u00een Parcul Copou va \u00eencepe spectacolul artistic. Potrivit comunicatului transmis de organizatori, pe scen\u0103 vor urca artistele locale Delia Gandore \u0219i Simona Maria Be\u0219leag\u0103.<\/p>\n<p>Invitatul special al edi\u021biei ITOV 2026 este F-Charm &amp; Band.<\/p>\n<p>Programul oficial al Episcopiei Hu\u0219ilor prevede desf\u0103\u0219urarea spectacolului p\u00e2n\u0103 la ora 18:30, c\u00e2nd va avea loc \u00eenchiderea evenimentului.<\/p>\n<p>La final este prev\u0103zut \u0219i un moment \u00een care participan\u021bii vor putea transmite impresii despre experien\u021ba din cadrul edi\u021biei din acest an.<\/p>\n<h2>Peste 550 de tineri, a\u0219tepta\u021bi la Vaslui<\/h2>\n<p>Ajuns\u0103 la cea de-a VIII-a edi\u021bie, \u00cent\u00e2lnirea Tinerilor Ortodoc\u0219i din Vaslui a devenit unul dintre evenimentele dedicate tinerilor organizate de Episcopia Hu\u0219ilor.<\/p>\n<p>Edi\u021bia din 2026 va reuni peste 550 de participan\u021bi din Eparhie, iar aproximativ 50 de voluntari vor contribui la organizarea activit\u0103\u021bilor pe parcursul zilei.<\/p>\n<p>ITOV are loc cu numai dou\u0103 zile \u00eenaintea \u00cent\u00e2lnirii Tinerilor Ortodoc\u0219i din Moldova, programat\u0103 \u00een perioada 24\u201325 august, la Piatra Neam\u021b, unde sunt a\u0219tepta\u021bi aproximativ 1.000 de tineri din eparhiile Moldovei, Republica Moldova \u0219i Ucraina. Printre delega\u021biile participante se num\u0103r\u0103 \u0219i cea a Episcopiei Hu\u0219ilor.<\/p>\n<p>Pentru tinerii vasluieni, ziua de 22 august va aduce astfel aproape 12 ore de activit\u0103\u021bi, de la Sf\u00e2nta Liturghie de diminea\u021b\u0103 \u0219i conferin\u021ba din Parcul Copou p\u00e2n\u0103 la ateliere \u0219i spectacolul care va \u00eencheia cea de-a VIII-a edi\u021bie a ITOV. Programul oficial confirm\u0103 desf\u0103\u0219urarea evenimentului s\u00e2mb\u0103t\u0103, 22 august 2026, \u00een municipiul Vaslui.<\/p>\n<figure id=\"attachment_23786\" aria-describedby=\"caption-attachment-23786\" class=\"wp-caption aligncenter\"><a href=\"https:\/\/infovaslui.ro\/wp-content\/uploads\/2026\/08\/program-itov2026vaslui.png\"><img loading=\"lazy\" decoding=\"async\" class=\"size-full wp-image-23786\" src=\"https:\/\/infovaslui.ro\/wp-content\/uploads\/2026\/08\/program-itov2026vaslui.png\" alt=\"program ITOV 2026 Vaslui\" width=\"805\" height=\"640\"><\/a><figcaption id=\"caption-attachment-23786\" class=\"wp-caption-text\">program ITOV 2026 Vaslui<\/figcaption><\/figure>\n<\/div>\n<\/div>\n<div class=\"tdb-block-inner td-fix-index\">\n<p><em><strong>Municipiul Vaslui va g\u0103zdui s\u00e2mb\u0103t\u0103, 22 august 2026, cea de-a VIII-a edi\u021bie a \u00cent\u00e2lnirii Tinerilor Ortodoc\u0219i din Vaslui \u2013 ITOV. Peste 550 de tineri din \u00eentreaga Eparhie a Hu\u0219ilor sunt a\u0219tepta\u021bi la eveniment, al\u0103turi de aproximativ 50 de voluntari. Programul cuprinde Sf\u00e2nta Liturghie, o conferin\u021b\u0103 sus\u021binut\u0103 de p\u0103rintele Nicolae Dima, ateliere interactive \u0219i un spectacol artistic \u00een Parcul Copou.<\/strong><\/em><\/p>\n<p>Evenimentul se desf\u0103\u0219oar\u0103 cu binecuv\u00e2ntarea Preasfin\u021bitului P\u0103rinte Ignatie, Episcopul Hu\u0219ilor, iar tema edi\u021biei din acest an este \u201eCum s\u0103 devin un erou al credin\u021bei\u201d.<\/p>\n<p>ITOV 2026 este organizat de Episcopia Hu\u0219ilor, cu sprijinul Secretariatului de Stat pentru Culte \u0219i al Consiliului Jude\u021bean Vaslui, prin Centrul Jude\u021bean Cultural Vaslui.<\/p>\n<p>\u00cent\u00e2lnirea \u00ee\u0219i propune s\u0103 aduc\u0103 tinerii \u00eempreun\u0103 \u00een jurul credin\u021bei, dar \u0219i s\u0103 creeze un cadru pentru dialog, educa\u021bie, socializare \u0219i activit\u0103\u021bi adaptate preocup\u0103rilor acestora.<\/p>\n<h2>Ziua \u00eencepe cu Sf\u00e2nta Liturghie<\/h2>\n<p>Programul va \u00eencepe la ora 07:00, la Biserica \u201eSfin\u021bii Apostoli Petru \u0219i Pavel\u201d din municipiul Vaslui, unde Sf\u00e2nta Liturghie va fi oficiat\u0103 de Preasfin\u021bitul P\u0103rinte Ignatie, Episcopul Hu\u0219ilor.<\/p>\n<p>Slujba este programat\u0103 p\u00e2n\u0103 la ora 09:30, dup\u0103 care participan\u021bii se vor deplasa c\u0103tre Parcul Copou, unde va avea loc \u00eenregistrarea tinerilor.<\/p>\n<p>Deschiderea oficial\u0103 a \u00cent\u00e2lnirii Tinerilor Ortodoc\u0219i din Vaslui este programat\u0103 pentru ora 10:30. Vor fi intonate Imnul Na\u021bional \u0219i imnul ITOV, dup\u0103 care Preasfin\u021bitul P\u0103rinte Ignatie va adresa cuv\u00e2ntul de deschidere. La eveniment vor lua cuv\u00e2ntul \u0219i reprezentan\u021bi ai autorit\u0103\u021bilor jude\u021bene \u0219i locale.<\/p>\n<h2>P\u0103rintele Nicolae Dima va sus\u021bine conferin\u021ba \u201eCum s\u0103 devin un erou al credin\u021bei\u201d<\/h2>\n<p>Unul dintre principalele momente ale zilei va fi conferin\u021ba dedicat\u0103 tinerilor, programat\u0103 \u00eentre orele 11:00 \u0219i 13:00.<\/p>\n<p>Invitat este p\u0103rintele Nicolae Dima, de la Biserica \u201eSf\u00e2ntul Nicolae Dintr-o Zi\u201d din Bucure\u0219ti, care va vorbi chiar despre tema edi\u021biei din acest an, \u201eCum s\u0103 devin un erou al credin\u021bei\u201d.<\/p>\n<p>Conferin\u021ba va avea \u0219i o component\u0103 interactiv\u0103. Tinerii vor putea adresa \u00eentreb\u0103ri, acestea urm\u00e2nd s\u0103 fie colectate \u00een scris de voluntari \u0219i transmise c\u0103tre scen\u0103.<\/p>\n<p>Potrivit organizatorilor, p\u0103rintele Nicolae Dima este cunoscut pentru activitatea pastoral\u0103 \u0219i pentru \u00eent\u00e2lnirile \u0219i conferin\u021bele dedicate \u00een special tinerilor \u0219i familiilor. \u00centre 2007 \u0219i 2014 a ocupat func\u021bia de director general al Trinitas TV.<\/p>\n<p>La Vaslui, acesta va aborda tema curajului de a tr\u0103i credin\u021ba \u00eentr-o societate aflat\u0103 \u00eentr-o continu\u0103 schimbare.<\/p>\n<p>Conferin\u021ba va avea intrarea liber\u0103 \u0219i, potrivit comunicatului organizatorilor, va putea fi urm\u0103rit\u0103 \u0219i online, pe pagina de Facebook a Episcopiei Hu\u0219ilor.<\/p>\n<h2>Ateliere interactive \u00een Parcul Copou<\/h2>\n<p>Dup\u0103 conferin\u021b\u0103, \u00eentre orele 13:00 \u0219i 14:00 este programat\u0103 masa de pr\u00e2nz, iar partea a doua a zilei va fi dedicat\u0103 activit\u0103\u021bilor interactive.<\/p>\n<p>\u00centre orele 14:00 \u0219i 16:00, participan\u021bii vor putea lua parte la mai multe ateliere organizate \u00een Parcul Copou.<\/p>\n<p>Programul oficial include jocuri educative nonformale, atelierul \u201e\u00centreab\u0103 preotul!\u201d, activit\u0103\u021bi de folk, muzic\u0103 \u0219i dans, dar \u0219i \u00eent\u00e2lniri cu reprezentan\u021bii Biroului pentru Siguran\u021ba \u0218colar\u0103 din cadrul Poli\u021biei.<\/p>\n<p>Un alt atelier va aborda prevenirea infrac\u021bionalit\u0103\u021bii \u0219i a consumului de droguri.<\/p>\n<p>Prin aceste activit\u0103\u021bi, organizatorii urm\u0103resc ca \u00eent\u00e2lnirea s\u0103 dep\u0103\u0219easc\u0103 formatul unei conferin\u021be \u0219i s\u0103 ofere tinerilor posibilitatea de a participa direct, de a pune \u00eentreb\u0103ri \u0219i de a discuta despre probleme apropiate de realitatea lor.<\/p>\n<h2>F-Charm, invitat special la spectacolul ITOV 2026<\/h2>\n<p>Ultima parte a evenimentului va fi dedicat\u0103 muzicii.<\/p>\n<p>De la ora 17:00, \u00een Parcul Copou va \u00eencepe spectacolul artistic. Potrivit comunicatului transmis de organizatori, pe scen\u0103 vor urca artistele locale Delia Gandore \u0219i Simona Maria Be\u0219leag\u0103.<\/p>\n<p>Invitatul special al edi\u021biei ITOV 2026 este F-Charm &amp; Band.<\/p>\n<p>Programul oficial al Episcopiei Hu\u0219ilor prevede desf\u0103\u0219urarea spectacolului p\u00e2n\u0103 la ora 18:30, c\u00e2nd va avea loc \u00eenchiderea evenimentului.<\/p>\n<p>La final este prev\u0103zut \u0219i un moment \u00een care participan\u021bii vor putea transmite impresii despre experien\u021ba din cadrul edi\u021biei din acest an.<\/p>\n<h2>Peste 550 de tineri, a\u0219tepta\u021bi la Vaslui<\/h2>\n<p>Ajuns\u0103 la cea de-a VIII-a edi\u021bie, \u00cent\u00e2lnirea Tinerilor Ortodoc\u0219i din Vaslui a devenit unul dintre evenimentele dedicate tinerilor organizate de Episcopia Hu\u0219ilor.<\/p>\n<p>Edi\u021bia din 2026 va reuni peste 550 de participan\u021bi din Eparhie, iar aproximativ 50 de voluntari vor contribui la organizarea activit\u0103\u021bilor pe parcursul zilei.<\/p>\n<p>ITOV are loc cu numai dou\u0103 zile \u00eenaintea \u00cent\u00e2lnirii Tinerilor Ortodoc\u0219i din Moldova, programat\u0103 \u00een perioada 24\u201325 august, la Piatra Neam\u021b, unde sunt a\u0219tepta\u021bi aproximativ 1.000 de tineri din eparhiile Moldovei, Republica Moldova \u0219i Ucraina. Printre delega\u021biile participante se num\u0103r\u0103 \u0219i cea a Episcopiei Hu\u0219ilor.<\/p>\n<p>Pentru tinerii vasluieni, ziua de 22 august va aduce astfel aproape 12 ore de activit\u0103\u021bi, de la Sf\u00e2nta Liturghie de diminea\u021b\u0103 \u0219i conferin\u021ba din Parcul Copou p\u00e2n\u0103 la ateliere \u0219i spectacolul care va \u00eencheia cea de-a VIII-a edi\u021bie a ITOV. Programul oficial confirm\u0103 desf\u0103\u0219urarea evenimentului s\u00e2mb\u0103t\u0103, 22 august 2026, \u00een municipiul Vaslui.<\/p>\n<figure id=\"attachment_23786\" aria-describedby=\"caption-attachment-23786\" class=\"wp-caption aligncenter\"><a href=\"https:\/\/infovaslui.ro\/wp-content\/uploads\/2026\/08\/program-itov2026vaslui.png\"><img loading=\"lazy\" decoding=\"async\" class=\"size-full wp-image-23786\" src=\"https:\/\/infovaslui.ro\/wp-content\/uploads\/2026\/08\/program-itov2026vaslui.png\" alt=\"program ITOV 2026 Vaslui\" width=\"805\" height=\"640\"><\/a><figcaption id=\"caption-attachment-23786\" class=\"wp-caption-text\">program ITOV 2026 Vaslui<\/figcaption><\/figure>\n<\/div>\n<div class=\"tdb-block-inner td-fix-index\">\n<div class=\"tdb-next-post tdb-next-post-bg tdb-post-prev\"><span>Articolul precedent<\/span><\/p>\n<div class=\"td-module-container\">\n<div class=\"next-prev-title\"><a href=\"https:\/\/infovaslui.ro\/sarbatoare-muntenii-comunitatea-adunata-ziua-comunei-artisti-indragiti-traditii-locale\/\">S\u0103rb\u0103toare la Muntenii de Sus. Comunitatea, adunat\u0103 la Ziua Comunei cu arti\u0219ti \u00eendr\u0103gi\u021bi \u0219i tradi\u021bii locale<\/a><\/div>\n<\/div>\n<\/div>\n<\/div>\n<div class=\"tdb-block-inner td-fix-index\"><a class=\"tdb-logo-a\" href=\"https:\/\/infovaslui.ro\/\" title=\"INFO Vaslui\"><span class=\"tdb-logo-img-wrap\"><img decoding=\"async\" class=\"tdb-logo-img td-retina-data\" data-retina=\"https:\/\/infovaslui.ro\/wp-content\/uploads\/2024\/12\/Black-and-Yellow-Modern-Personal-Logo-1-e1734054980362.png\" src=\"https:\/\/infovaslui.ro\/wp-content\/uploads\/2024\/12\/Black-and-Yellow-Modern-Personal-Logo-1-e1734054980362.png\" alt=\"\u0218tiri din Vaslui\" title=\"INFO Vaslui\"><\/span><span class=\"tdb-logo-text-wrap\"><span class=\"tdb-logo-text-title\">INFO Vaslui<\/span><span class=\"tdb-logo-text-tagline\">\u0218tiri de interes<\/span><\/span><\/a><\/div>\n<p>[analyse_source url=&#8221;https:\/\/infovaslui.ro\/peste-550-tineri-intalnesc-sambata-vaslui-intalnirea-tinerilor-ortodocsi-vaslui-itov-2026-ajunge-editia-viii\/#new_tab&#8221;]<\/p>\n","protected":false},"excerpt":{"rendered":"<p>[analyse_image type=&#8221;featured&#8221; src=&#8221;https:\/\/infovaslui.ro\/wp-content\/uploads\/2026\/08\/itov2026.webp&#8221;] miercuri, august 19, 2026 Acas\u0103EvenimentePeste 550 de tineri se \u00eent\u00e2lnesc s\u00e2mb\u0103t\u0103 la Vaslui. \u00cent\u00e2lnirea Tinerilor Ortodoc\u0219i&#8230; Peste 550 de tineri se \u00eent\u00e2lnesc s\u00e2mb\u0103t\u0103 la Vaslui. \u00cent\u00e2lnirea Tinerilor Ortodoc\u0219i din Vaslui \u2013 ITOV 2026 ajunge la edi\u021bia a VIII-a Scris de: Alexandru Ababei 19 august 2026 Municipiul Vaslui va g\u0103zdui s\u00e2mb\u0103t\u0103, 22 august [&hellip;]<\/p>\n","protected":false},"author":1,"featured_media":0,"comment_status":"open","ping_status":"","sticky":false,"template":"","format":"standard","meta":{"footnotes":""},"categories":[89],"tags":[226,217],"class_list":["post-2100385","post","type-post","status-publish","format-standard","hentry","category-romania","tag-crawlmanager","tag-vaslui-robo-stiri-ro"],"_links":{"self":[{"href":"https:\/\/analyse.optim.biz\/index.php?rest_route=\/wp\/v2\/posts\/2100385","targetHints":{"allow":["GET"]}}],"collection":[{"href":"https:\/\/analyse.optim.biz\/index.php?rest_route=\/wp\/v2\/posts"}],"about":[{"href":"https:\/\/analyse.optim.biz\/index.php?rest_route=\/wp\/v2\/types\/post"}],"author":[{"embeddable":true,"href":"https:\/\/analyse.optim.biz\/index.php?rest_route=\/wp\/v2\/users\/1"}],"replies":[{"embeddable":true,"href":"https:\/\/analyse.optim.biz\/index.php?rest_route=%2Fwp%2Fv2%2Fcomments&post=2100385"}],"version-history":[{"count":0,"href":"https:\/\/analyse.optim.biz\/index.php?rest_route=\/wp\/v2\/posts\/2100385\/revisions"}],"wp:attachment":[{"href":"https:\/\/analyse.optim.biz\/index.php?rest_route=%2Fwp%2Fv2%2Fmedia&parent=2100385"}],"wp:term":[{"taxonomy":"category","embeddable":true,"href":"https:\/\/analyse.optim.biz\/index.php?rest_route=%2Fwp%2Fv2%2Fcategories&post=2100385"},{"taxonomy":"post_tag","embeddable":true,"href":"https:\/\/analyse.optim.biz\/index.php?rest_route=%2Fwp%2Fv2%2Ftags&post=2100385"}],"curies":[{"name":"wp","href":"https:\/\/api.w.org\/{rel}","templated":true}]}}