{"id":2100384,"date":"2026-08-19T07:07:33","date_gmt":"2026-08-19T04:07:33","guid":{"rendered":"https:\/\/analyse.optim.biz\/?p=2100384"},"modified":"2026-08-19T07:07:33","modified_gmt":"2026-08-19T04:07:33","slug":"barladul-are-un-nou-serviciu-de-ingrijire-la-domiciliu-pentru-persoanele-varstnice-cine-poate-beneficia-si-cum-se-solicita-sprijinul","status":"publish","type":"post","link":"https:\/\/analyse.optim.biz\/?p=2100384","title":{"rendered":"B\u00e2rladul are un nou serviciu de \u00eengrijire la domiciliu pentru persoanele v\u00e2rstnice. Cine poate beneficia \u0219i cum se solicit\u0103 sprijinul"},"content":{"rendered":"<p>[analyse_image type=&#8221;featured&#8221; src=&#8221;https:\/\/infovaslui.ro\/wp-content\/uploads\/2026\/08\/ingrijire-domiciliu-varstnici.jpeg&#8221;]<\/p>\n<div class=\"tdb-block-inner td-fix-index\"><a class=\"tdb-logo-a\" href=\"https:\/\/infovaslui.ro\/\" title=\"INFO Vaslui\"><span class=\"tdb-logo-img-wrap\"><img loading=\"lazy\" decoding=\"async\" class=\"tdb-logo-img td-retina-data\" data-retina=\"https:\/\/infovaslui.ro\/wp-content\/uploads\/2024\/12\/Black-and-Yellow-Modern-Personal-Logo-4-e1734058775656.png\" src=\"https:\/\/infovaslui.ro\/wp-content\/uploads\/2024\/12\/Black-and-Yellow-Modern-Personal-Logo-4-e1734058775656.png\" alt=\"\u0218tiri din Vaslui\" title=\"INFO Vaslui\" width=\"157\" height=\"96\"><\/span><\/a><\/div>\n<div class=\"tdb-block-inner td-fix-index\"><a class=\"tdb-logo-a\" href=\"https:\/\/infovaslui.ro\/\" title=\"INFO Vaslui\"><span class=\"tdb-logo-img-wrap\"><img loading=\"lazy\" decoding=\"async\" class=\"tdb-logo-img td-retina-data\" data-retina=\"https:\/\/infovaslui.ro\/wp-content\/uploads\/2024\/12\/Black-and-Yellow-Modern-Personal-Logo-4-e1734058775656.png\" src=\"https:\/\/infovaslui.ro\/wp-content\/uploads\/2024\/12\/Black-and-Yellow-Modern-Personal-Logo-4-e1734058775656.png\" alt=\"\u0218tiri din Vaslui\" title=\"INFO Vaslui\" width=\"157\" height=\"96\"><\/span><\/a><\/div>\n<div class=\"tdb-block-inner td-fix-index\">\n<div class=\"tdb-head-date-txt\">miercuri, august 19, 2026<\/div>\n<\/div>\n<div class=\"tdb-block-inner td-fix-index\"><a class=\"tdb-logo-a\" href=\"https:\/\/infovaslui.ro\/\" title=\"INFO Vaslui\"><span class=\"tdb-logo-img-wrap\"><img loading=\"lazy\" decoding=\"async\" class=\"tdb-logo-img td-retina-data\" data-retina=\"https:\/\/infovaslui.ro\/wp-content\/uploads\/2024\/12\/Black-and-Yellow-Modern-Personal-Logo-1-e1734054980362.png\" src=\"https:\/\/infovaslui.ro\/wp-content\/uploads\/2024\/12\/Black-and-Yellow-Modern-Personal-Logo-1-e1734054980362.png\" alt=\"\u0218tiri din Vaslui\" title=\"INFO Vaslui\" width=\"161\" height=\"99\"><\/span><\/a><\/div>\n<div class=\"tdb-block-inner td-fix-index\"><a class=\"tdb-logo-a\" href=\"https:\/\/infovaslui.ro\/\" title=\"INFO Vaslui\"><span class=\"tdb-logo-img-wrap\"><img loading=\"lazy\" decoding=\"async\" class=\"tdb-logo-img td-retina-data\" data-retina=\"https:\/\/infovaslui.ro\/wp-content\/uploads\/2024\/12\/Black-and-Yellow-Modern-Personal-Logo-1-e1734054980362.png\" src=\"https:\/\/infovaslui.ro\/wp-content\/uploads\/2024\/12\/Black-and-Yellow-Modern-Personal-Logo-1-e1734054980362.png\" alt=\"\u0218tiri din Vaslui\" title=\"INFO Vaslui\" width=\"161\" height=\"99\"><\/span><\/a><\/div>\n<div class=\"tdb-block-inner td-fix-index\"><span><a title class=\"tdb-entry-crumb\" href=\"https:\/\/infovaslui.ro\/\">Acas\u0103<\/a><\/span><span><a title=\"Vede\u021bi toate articolele \u00een Social\" class=\"tdb-entry-crumb\" href=\"https:\/\/infovaslui.ro\/category\/social\/\">Social<\/a><\/span><span class=\"tdb-bred-no-url-last\">B\u00e2rladul are un nou serviciu de \u00eengrijire la domiciliu pentru persoanele v\u00e2rstnice&#8230;.<\/span><\/div>\n<div class=\"tdb-block-inner td-fix-index\">\n<h1 class=\"tdb-title-text\">B\u00e2rladul are un nou serviciu de \u00eengrijire la domiciliu pentru persoanele v\u00e2rstnice. Cine poate beneficia \u0219i cum se solicit\u0103 sprijinul<\/h1>\n<\/div>\n<div class=\"tdb-block-inner td-fix-index\">\n<div class=\"tdb-author-name-wrap\"><span class=\"tdb-author-by\">Scris de: <\/span><a class=\"tdb-author-name\" href=\"https:\/\/infovaslui.ro\/author\/alexandru-ababei\/\">Alexandru Ababei<\/a><\/div>\n<\/div>\n<div class=\"tdb-block-inner td-fix-index\"><time class=\"entry-date updated td-module-date\" datetime=\"2026-08-19T10:07:33+03:00\">19 august 2026<\/time><\/div>\n<div class=\"td_block_wrap tdb_single_content tdi_106 td-pb-border-top td_block_template_1 td-post-content tagdiv-type\" data-td-block-uid=\"tdi_106\">\n<div class=\"tdb-block-inner td-fix-index\">\n<p><em><strong>Persoanele v\u00e2rstnice din municipiul B\u00e2rlad care au nevoie de ajutor \u00een via\u021ba de zi cu zi pot beneficia de servicii de \u00eengrijire chiar \u00een propria locuin\u021b\u0103. Direc\u021bia de Asisten\u021b\u0103 Social\u0103 B\u00e2rlad pune la dispozi\u021bie Serviciul de \u00cengrijire la Domiciliu pentru Persoane V\u00e2rstnice, destinat seniorilor de peste 65 de ani afla\u021bi \u00een situa\u021bii de dependen\u021b\u0103 sau vulnerabilitate.<\/strong><\/em><\/p>\n<p>Serviciul a fost \u00eenfiin\u021bat \u00een cadrul proiectului \u201eServicii de \u00eengrijire la domiciliu pentru persoane v\u00e2rstnice din municipiul B\u00e2rlad\u201d, cod SMIS 346622, al c\u0103rui beneficiar este Municipiul B\u00e2rlad.<\/p>\n<p>Proiectul este cofinan\u021bat din Fondul Social European Plus, prin Programul Incluziune \u0219i Demnitate Social\u0103 2021\u20132027, iar serviciul este furnizat prin Direc\u021bia de Asisten\u021b\u0103 Social\u0103 B\u00e2rlad.<\/p>\n<p>Scopul este ca persoanele v\u00e2rstnice care au nevoie de ajutor s\u0103 poat\u0103 beneficia de sprijin, siguran\u021b\u0103 \u0219i \u00eengrijire \u00een propriul c\u0103min.<\/p>\n<h2>Cine poate beneficia de serviciul de \u00eengrijire la domiciliu<\/h2>\n<p>Potrivit informa\u021biilor prezentate de Direc\u021bia de Asisten\u021b\u0103 Social\u0103 B\u00e2rlad, serviciul se adreseaz\u0103 persoanelor cu v\u00e2rsta de peste 65 de ani, din municipiul B\u00e2rlad.<\/p>\n<p>Sunt vizate \u00een special persoanele care se afl\u0103 \u00eentr-o situa\u021bie de dependen\u021b\u0103 sau vulnerabilitate \u0219i cele care \u00eent\u00e2mpin\u0103 dificult\u0103\u021bi \u00een realizarea activit\u0103\u021bilor zilnice.<\/p>\n<p>De asemenea, serviciul se adreseaz\u0103 seniorilor care locuiesc singuri sau care nu beneficiaz\u0103 de suficient sprijin din partea familiei.<\/p>\n<p>Printre criteriile prezentate se num\u0103r\u0103 \u0219i situa\u021bia veniturilor. Pot fi eligibile persoanele care nu realizeaz\u0103 venituri proprii sau ale c\u0103ror venituri lunare sunt sub nivelul salariului minim brut pe economie.<\/p>\n<p>\u00cen acela\u0219i timp, sunt avute \u00een vedere persoanele care au nevoie de sprijin social, medical sau de \u00eengrijire personal\u0103 \u0219i care nu beneficiaz\u0103 \u00een mod constant de servicii similare.<\/p>\n<h2>Fiecare beneficiar va fi evaluat \u00eenainte de acordarea sprijinului<\/h2>\n<p>\u00cendeplinirea condi\u021biilor nu este stabilit\u0103 doar pe baza unei solicit\u0103ri. Situa\u021bia fiec\u0103rei persoane va fi analizat\u0103 individual de c\u0103tre speciali\u0219ti.<\/p>\n<p>Evaluarea presupune realizarea unei anchete sociale, stabilirea gradului de dependen\u021b\u0103, o evaluare sociomedical\u0103 \u0219i analizarea documentelor justificative.<\/p>\n<p>Direc\u021bia de Asisten\u021b\u0103 Social\u0103 precizeaz\u0103 c\u0103 selec\u021bia beneficiarilor se realizeaz\u0103 f\u0103r\u0103 discriminare, \u00een func\u021bie de nevoile reale \u0219i de gradul de vulnerabilitate.<\/p>\n<p>Prin acest mecanism, sprijinul poate fi direc\u021bionat c\u0103tre persoanele v\u00e2rstnice care au cea mai mare nevoie de ajutor pentru a putea continua s\u0103 tr\u0103iasc\u0103 \u00een propriul c\u0103min.<\/p>\n<h2>Cine poate solicita sprijin pentru o persoan\u0103 v\u00e2rstnic\u0103<\/h2>\n<p>Demersurile pot fi f\u0103cute chiar de persoana v\u00e2rstnic\u0103, \u00eens\u0103 solicitarea poate veni \u0219i din partea celor apropia\u021bi.<\/p>\n<p>Un membru al familiei, reprezentantul legal, medicul de familie sau o alt\u0103 persoan\u0103 apropiat\u0103 poate contacta Direc\u021bia de Asisten\u021b\u0103 Social\u0103 B\u00e2rlad pentru a cere informa\u021bii \u0219i pentru a afla \u00een ce condi\u021bii seniorul poate beneficia de serviciu.<\/p>\n<p>Persoanele interesate pot solicita detalii despre condi\u021biile de \u00eenscriere, documentele necesare, evaluarea la domiciliu, serviciile disponibile \u0219i includerea \u00een grupul \u021bint\u0103 al proiectului.<\/p>\n<h2>Unde pot cere informa\u021bii b\u00e2rl\u0103denii<\/h2>\n<p>Direc\u021bia de Asisten\u021b\u0103 Social\u0103 B\u00e2rlad poate fi contactat\u0103 la sediul din Bulevardul Epureanu nr. 35, la num\u0103rul de telefon 0335 800 180 sau prin e-mail la barlad@vs.e-adm.ro.<\/p>\n<p>Serviciul de \u00cengrijire la Domiciliu pentru Persoane V\u00e2rstnice \u00ee\u0219i are sediul \u00een incinta Centrului de Zi pentru Persoane V\u00e2rstnice \u201eIoni\u021b\u0103 Titi\u00adna\u0219\u201d, situat pe strada Nicolae Tonitza nr. 9 din municipiul B\u00e2rlad.<\/p>\n<p>Pentru informa\u021bii poate fi apelat num\u0103rul 0335 803 063.<\/p>\n<p>Noul serviciu completeaz\u0103 astfel m\u0103surile sociale destinate seniorilor din municipiu \u0219i urm\u0103re\u0219te s\u0103 le ofere persoanelor vulnerabile posibilitatea de a primi \u00eengrijirea \u0219i sprijinul de care au nevoie f\u0103r\u0103 a fi nevoite s\u0103 \u00ee\u0219i p\u0103r\u0103seasc\u0103 locuin\u021ba.<\/p>\n<\/div>\n<\/div>\n<div class=\"tdb-block-inner td-fix-index\">\n<p><em><strong>Persoanele v\u00e2rstnice din municipiul B\u00e2rlad care au nevoie de ajutor \u00een via\u021ba de zi cu zi pot beneficia de servicii de \u00eengrijire chiar \u00een propria locuin\u021b\u0103. Direc\u021bia de Asisten\u021b\u0103 Social\u0103 B\u00e2rlad pune la dispozi\u021bie Serviciul de \u00cengrijire la Domiciliu pentru Persoane V\u00e2rstnice, destinat seniorilor de peste 65 de ani afla\u021bi \u00een situa\u021bii de dependen\u021b\u0103 sau vulnerabilitate.<\/strong><\/em><\/p>\n<p>Serviciul a fost \u00eenfiin\u021bat \u00een cadrul proiectului \u201eServicii de \u00eengrijire la domiciliu pentru persoane v\u00e2rstnice din municipiul B\u00e2rlad\u201d, cod SMIS 346622, al c\u0103rui beneficiar este Municipiul B\u00e2rlad.<\/p>\n<p>Proiectul este cofinan\u021bat din Fondul Social European Plus, prin Programul Incluziune \u0219i Demnitate Social\u0103 2021\u20132027, iar serviciul este furnizat prin Direc\u021bia de Asisten\u021b\u0103 Social\u0103 B\u00e2rlad.<\/p>\n<p>Scopul este ca persoanele v\u00e2rstnice care au nevoie de ajutor s\u0103 poat\u0103 beneficia de sprijin, siguran\u021b\u0103 \u0219i \u00eengrijire \u00een propriul c\u0103min.<\/p>\n<h2>Cine poate beneficia de serviciul de \u00eengrijire la domiciliu<\/h2>\n<p>Potrivit informa\u021biilor prezentate de Direc\u021bia de Asisten\u021b\u0103 Social\u0103 B\u00e2rlad, serviciul se adreseaz\u0103 persoanelor cu v\u00e2rsta de peste 65 de ani, din municipiul B\u00e2rlad.<\/p>\n<p>Sunt vizate \u00een special persoanele care se afl\u0103 \u00eentr-o situa\u021bie de dependen\u021b\u0103 sau vulnerabilitate \u0219i cele care \u00eent\u00e2mpin\u0103 dificult\u0103\u021bi \u00een realizarea activit\u0103\u021bilor zilnice.<\/p>\n<p>De asemenea, serviciul se adreseaz\u0103 seniorilor care locuiesc singuri sau care nu beneficiaz\u0103 de suficient sprijin din partea familiei.<\/p>\n<p>Printre criteriile prezentate se num\u0103r\u0103 \u0219i situa\u021bia veniturilor. Pot fi eligibile persoanele care nu realizeaz\u0103 venituri proprii sau ale c\u0103ror venituri lunare sunt sub nivelul salariului minim brut pe economie.<\/p>\n<p>\u00cen acela\u0219i timp, sunt avute \u00een vedere persoanele care au nevoie de sprijin social, medical sau de \u00eengrijire personal\u0103 \u0219i care nu beneficiaz\u0103 \u00een mod constant de servicii similare.<\/p>\n<h2>Fiecare beneficiar va fi evaluat \u00eenainte de acordarea sprijinului<\/h2>\n<p>\u00cendeplinirea condi\u021biilor nu este stabilit\u0103 doar pe baza unei solicit\u0103ri. Situa\u021bia fiec\u0103rei persoane va fi analizat\u0103 individual de c\u0103tre speciali\u0219ti.<\/p>\n<p>Evaluarea presupune realizarea unei anchete sociale, stabilirea gradului de dependen\u021b\u0103, o evaluare sociomedical\u0103 \u0219i analizarea documentelor justificative.<\/p>\n<p>Direc\u021bia de Asisten\u021b\u0103 Social\u0103 precizeaz\u0103 c\u0103 selec\u021bia beneficiarilor se realizeaz\u0103 f\u0103r\u0103 discriminare, \u00een func\u021bie de nevoile reale \u0219i de gradul de vulnerabilitate.<\/p>\n<p>Prin acest mecanism, sprijinul poate fi direc\u021bionat c\u0103tre persoanele v\u00e2rstnice care au cea mai mare nevoie de ajutor pentru a putea continua s\u0103 tr\u0103iasc\u0103 \u00een propriul c\u0103min.<\/p>\n<h2>Cine poate solicita sprijin pentru o persoan\u0103 v\u00e2rstnic\u0103<\/h2>\n<p>Demersurile pot fi f\u0103cute chiar de persoana v\u00e2rstnic\u0103, \u00eens\u0103 solicitarea poate veni \u0219i din partea celor apropia\u021bi.<\/p>\n<p>Un membru al familiei, reprezentantul legal, medicul de familie sau o alt\u0103 persoan\u0103 apropiat\u0103 poate contacta Direc\u021bia de Asisten\u021b\u0103 Social\u0103 B\u00e2rlad pentru a cere informa\u021bii \u0219i pentru a afla \u00een ce condi\u021bii seniorul poate beneficia de serviciu.<\/p>\n<p>Persoanele interesate pot solicita detalii despre condi\u021biile de \u00eenscriere, documentele necesare, evaluarea la domiciliu, serviciile disponibile \u0219i includerea \u00een grupul \u021bint\u0103 al proiectului.<\/p>\n<h2>Unde pot cere informa\u021bii b\u00e2rl\u0103denii<\/h2>\n<p>Direc\u021bia de Asisten\u021b\u0103 Social\u0103 B\u00e2rlad poate fi contactat\u0103 la sediul din Bulevardul Epureanu nr. 35, la num\u0103rul de telefon 0335 800 180 sau prin e-mail la barlad@vs.e-adm.ro.<\/p>\n<p>Serviciul de \u00cengrijire la Domiciliu pentru Persoane V\u00e2rstnice \u00ee\u0219i are sediul \u00een incinta Centrului de Zi pentru Persoane V\u00e2rstnice \u201eIoni\u021b\u0103 Titi\u00adna\u0219\u201d, situat pe strada Nicolae Tonitza nr. 9 din municipiul B\u00e2rlad.<\/p>\n<p>Pentru informa\u021bii poate fi apelat num\u0103rul 0335 803 063.<\/p>\n<p>Noul serviciu completeaz\u0103 astfel m\u0103surile sociale destinate seniorilor din municipiu \u0219i urm\u0103re\u0219te s\u0103 le ofere persoanelor vulnerabile posibilitatea de a primi \u00eengrijirea \u0219i sprijinul de care au nevoie f\u0103r\u0103 a fi nevoite s\u0103 \u00ee\u0219i p\u0103r\u0103seasc\u0103 locuin\u021ba.<\/p>\n<\/div>\n<div class=\"tdb-block-inner td-fix-index\">\n<div class=\"tdb-next-post tdb-next-post-bg tdb-post-prev\"><span>Articolul precedent<\/span><\/p>\n<div class=\"td-module-container\">\n<div class=\"next-prev-title\"><a href=\"https:\/\/infovaslui.ro\/durere-fara-margini-dodesti-trupurile-celor-frati-17-19-inecati-olimp-fost-aduse-acasa\/\">Durere f\u0103r\u0103 margini la Dode\u0219ti. Trupurile celor doi fra\u021bi de 17 \u0219i 19 ani, \u00eeneca\u021bi la Olimp, au fost aduse acas\u0103<\/a><\/div>\n<\/div>\n<\/div>\n<div class=\"tdb-next-post tdb-next-post-bg tdb-post-next\"><span>Articolul urm\u0103tor<\/span><\/p>\n<div class=\"td-module-container\">\n<div class=\"next-prev-title\"><a href=\"https:\/\/infovaslui.ro\/parintele-pimen-vlad-mesaj-despre-inceputul-fiecarei-zile-plecam-sufletul-nemancat\/\">P\u0103rintele Pimen Vlad, mesaj despre \u00eenceputul fiec\u0103rei zile: \u201eS\u0103 nu plec\u0103m \u00een zi cu sufletul nem\u00e2ncat\u201d<\/a><\/div>\n<\/div>\n<\/div>\n<\/div>\n<div class=\"tdb-block-inner td-fix-index\"><a class=\"tdb-logo-a\" href=\"https:\/\/infovaslui.ro\/\" title=\"INFO Vaslui\"><span class=\"tdb-logo-img-wrap\"><img decoding=\"async\" class=\"tdb-logo-img td-retina-data\" data-retina=\"https:\/\/infovaslui.ro\/wp-content\/uploads\/2024\/12\/Black-and-Yellow-Modern-Personal-Logo-1-e1734054980362.png\" src=\"https:\/\/infovaslui.ro\/wp-content\/uploads\/2024\/12\/Black-and-Yellow-Modern-Personal-Logo-1-e1734054980362.png\" alt=\"\u0218tiri din Vaslui\" title=\"INFO Vaslui\"><\/span><span class=\"tdb-logo-text-wrap\"><span class=\"tdb-logo-text-title\">INFO Vaslui<\/span><span class=\"tdb-logo-text-tagline\">\u0218tiri de interes<\/span><\/span><\/a><\/div>\n<p>[analyse_source url=&#8221;https:\/\/infovaslui.ro\/barladul-serviciu-ingrijire-domiciliu-persoanele-varstnice-cine-poate-beneficia-solicita-sprijinul\/#new_tab&#8221;]<\/p>\n","protected":false},"excerpt":{"rendered":"<p>[analyse_image type=&#8221;featured&#8221; src=&#8221;https:\/\/infovaslui.ro\/wp-content\/uploads\/2026\/08\/ingrijire-domiciliu-varstnici.jpeg&#8221;] miercuri, august 19, 2026 Acas\u0103SocialB\u00e2rladul are un nou serviciu de \u00eengrijire la domiciliu pentru persoanele v\u00e2rstnice&#8230;. B\u00e2rladul are un nou serviciu de \u00eengrijire la domiciliu pentru persoanele v\u00e2rstnice. Cine poate beneficia \u0219i cum se solicit\u0103 sprijinul Scris de: Alexandru Ababei 19 august 2026 Persoanele v\u00e2rstnice din municipiul B\u00e2rlad care au nevoie de [&hellip;]<\/p>\n","protected":false},"author":1,"featured_media":0,"comment_status":"open","ping_status":"","sticky":false,"template":"","format":"standard","meta":{"footnotes":""},"categories":[89],"tags":[226,217],"class_list":["post-2100384","post","type-post","status-publish","format-standard","hentry","category-romania","tag-crawlmanager","tag-vaslui-robo-stiri-ro"],"_links":{"self":[{"href":"https:\/\/analyse.optim.biz\/index.php?rest_route=\/wp\/v2\/posts\/2100384","targetHints":{"allow":["GET"]}}],"collection":[{"href":"https:\/\/analyse.optim.biz\/index.php?rest_route=\/wp\/v2\/posts"}],"about":[{"href":"https:\/\/analyse.optim.biz\/index.php?rest_route=\/wp\/v2\/types\/post"}],"author":[{"embeddable":true,"href":"https:\/\/analyse.optim.biz\/index.php?rest_route=\/wp\/v2\/users\/1"}],"replies":[{"embeddable":true,"href":"https:\/\/analyse.optim.biz\/index.php?rest_route=%2Fwp%2Fv2%2Fcomments&post=2100384"}],"version-history":[{"count":0,"href":"https:\/\/analyse.optim.biz\/index.php?rest_route=\/wp\/v2\/posts\/2100384\/revisions"}],"wp:attachment":[{"href":"https:\/\/analyse.optim.biz\/index.php?rest_route=%2Fwp%2Fv2%2Fmedia&parent=2100384"}],"wp:term":[{"taxonomy":"category","embeddable":true,"href":"https:\/\/analyse.optim.biz\/index.php?rest_route=%2Fwp%2Fv2%2Fcategories&post=2100384"},{"taxonomy":"post_tag","embeddable":true,"href":"https:\/\/analyse.optim.biz\/index.php?rest_route=%2Fwp%2Fv2%2Ftags&post=2100384"}],"curies":[{"name":"wp","href":"https:\/\/api.w.org\/{rel}","templated":true}]}}