{"id":2100352,"date":"2026-08-18T09:05:44","date_gmt":"2026-08-18T06:05:44","guid":{"rendered":"https:\/\/analyse.optim.biz\/?p=2100352"},"modified":"2026-08-18T09:05:44","modified_gmt":"2026-08-18T06:05:44","slug":"allen-coliban-usr-dominic-fritz-este-un-model-pentru-romania","status":"publish","type":"post","link":"https:\/\/analyse.optim.biz\/?p=2100352","title":{"rendered":"Allen Coliban (USR): Dominic Fritz este un model pentru Rom\u00e2nia"},"content":{"rendered":"<p>[analyse_image type=&#8221;featured&#8221; src=&#8221;https:\/\/renasterea.ro\/ro\/wp-content\/uploads\/2026\/08\/coliban-fritz-toiu.jpghttps:\/\/renasterea.ro\/ro\/wp-content\/uploads\/2026\/08\/coliban-fritz-toiu.jpg&#8221;]<\/p>\n<div class=\"entry-content\"><img loading=\"lazy\" decoding=\"async\" width=\"650\" height=\"433\" src=\"https:\/\/renasterea.ro\/ro\/wp-content\/uploads\/2026\/08\/coliban-fritz-toiu.jpg\" class=\"attachment-medium size-medium wp-post-image\" alt=\"Allen Coliban (USR): Dominic Fritz este un model pentru Rom\u00e2nia\" title=\"Allen Coliban (USR): Dominic Fritz este un model pentru Rom\u00e2nia 1\"><\/p>\n<h4>Primarul Timi\u0219oarei, Dominic Fritz, este un model pentru USR \u0219i pentru Rom\u00e2nia, spune la RFI deputatul Allen Coliban. Reac\u021bia sa vine dup\u0103 ce judec\u0103torii CCR au stabilit c\u0103 amendamentul PSD la legea ANI care \u00eel vizeaz\u0103 pe liderul Uniunii Salva\u021bi Rom\u00e2nia este constitu\u021bional.<\/h4>\n<p>Asta \u00eenseamn\u0103 c\u0103 primarul Timi\u0219oarei ar urma s\u0103-\u0219i piard\u0103 mandatul, dup\u0103 ce a fost g\u0103sit \u00een conflict de interese. \u201eNu exist\u0103 motive pentru care Dominic Fritz s\u0103 renun\u021be la \u0219efia USR\u201d, spune Coliban.<\/p>\n<p>Allen Coliban \u00eel ap\u0103r\u0103 pe Dominic Fritz, dup\u0103 decizia CCR.<\/p>\n<p>\u201eDominic Fritz pentru noi \u0219i pentru Rom\u00e2nia credem c\u0103 este un model, nu este \u00een nici un caz tiparul unui om corupt, a\u0219a cum ne-au obi\u0219nuit partidele \u0219i mai ales PSD-ul, \u00een ultimii 36 de ani. C\u00e2nd vorbim despre corup\u021bie, vorbim despre bani \u00een portbagaje, vorbim despre bani \u00een cutii de pantofi, vorbim despre venituri nejustificate \u0219i opulen\u021ba pe care o afi\u0219eaz\u0103 ace\u0219ti politicieni, lucru care nu se reg\u0103se\u0219te nici \u00een cazul USR-ului, nici \u00een cazul lui Dominic Fritz\u201d.<\/p>\n<p>Deputatul USR \u00eel laud\u0103 pe liderul USR: \u201eDominic Fritz este un om care a venit \u00een Rom\u00e2nia s\u0103 fac\u0103 voluntariat la casele de copii, s-a \u00eendr\u0103gostit de \u021bara asta, a r\u0103mas aici \u0219i a ob\u021binut \u0219i cet\u0103\u021benia \u0219i a pus um\u0103rul la schimbare\u201d.<\/p>\n<p>\u201eCe este imoral \u00een ce a f\u0103cut Dominic Fritz?\u201d<\/p>\n<p>La remarca realizatorului c\u0103 model sau nu, Dominic Fritz are totu\u0219i o decizie definitiv\u0103 a instan\u021bei de conflict de interese, Allen Coliban a precizat: \u201eA\u0219a este, o decizie pe care a anun\u021bat c\u0103 o va contesta, o va ataca la CEDO, este dreptul s\u0103u s\u0103 fac\u0103 asta (\u2026). Ce este imoral sau care sunt beneficiile, care este prejudiciul, care este fapta antisocial\u0103 pe care Dominic a f\u0103cut-o \u0219i care i se repro\u0219eaz\u0103, atunci c\u00e2nd el a semnat o documenta\u021bie f\u0103cut\u0103 de primarul dinaintea lui, \u00een a doua zi de mandat? I s-a spus c\u0103 nu are cum s\u0103 nu fac\u0103 asta, pentru c\u0103 ar fi un abuz\u201d.<\/p>\n<p>\u00centrebat dac\u0103 USR ar fi reac\u021bionat la fel, \u00een cazul \u00een care \u00een locul lui Dominic Fritz ar fi fost cineva de la PSD, deputatul a r\u0103spuns: \u201eCu siguran\u021b\u0103 c\u0103 ar fi trebuit s\u0103 avem aceea\u0219i dezbatere, \u00eens\u0103 ce v\u0103d \u0219i vedem cu to\u021bii de ani \u0219i ani de zile, c\u0103 \u00een cazul PSD-ului \u0219i \u00een cazul dilemelor PSD-ului, se refer\u0103 la 1,2 milioane de lei ascun\u0219i \u00een portbagaje, la \u0219p\u0103gi documentate \u0219i interceptate de c\u0103tre organele de anchet\u0103, lucruri cu totul diferite dec\u00e2t o problem\u0103, o chichi\u021b\u0103 tehnic\u0103, din care nimeni nu a avut vreun prejudiciu sau vreun beneficiu real\u201d.<\/p>\n<h2>CITE\u015eTE \u015eI: <span><a href=\"https:\/\/renasterea.ro\/semnal-de-alarma-tras-de-un-renumit-medic-din-timisoara-alergia-la-ambrozie-poate-aparea-chiar-si-la-copii-cu-varsta-mai-mica-de-un-an-iar-expunerea-la-polen-poate-declansa-simptome-de-astm\/\">Semnal de alarm\u0103 tras de un renumit medic din Timi\u015foara: alergia la ambrozie poate ap\u0103rea chiar \u0219i la copii cu v\u00e2rsta mai mic\u0103 de un an, iar expunerea la polen poate declan\u0219a simptome de astm<\/a><\/span><\/h2>\n<p>\u00centrebat dac\u0103 e nevoie de un Congres la USR, Allen Coliban a precizat: \u201eNoi avem oricum un Congres convocat pentru toamn\u0103, pentru alegerea organelor de conducere na\u021bional\u0103, Biroul Na\u021bional. De aici \u00eencolo, e o discu\u021bie pe care s\u0103 o avem \u0219i \u00een primul r\u00e2nd Dominic Fritz a avut o ie\u0219ire public\u0103, lupta continu\u0103, va merge \u0219i la CEDO, cred c\u0103 este absolut normal s\u0103 fac\u0103 acest lucru, tot \u00een numele drept\u0103\u021bii \u0219i de aici \u00eencolo, Dominic Fritz are toat\u0103 sus\u021binerea noastr\u0103, pentru c\u0103 a dovedit \u0219i la Prim\u0103ria Timi\u0219oara \u0219i \u00een rolul pe care \u0219i l-a asumat \u00een fruntea partidului, c\u0103 este un lider \u0219i un om de care politica rom\u00e2neasc\u0103 are mult\u0103 nevoie (\u2026). Din punctul meu de vedere, nu exist\u0103 motive pentru care Dominic Fritz s\u0103 renun\u021be la \u0219efia USR\u201d.<\/p>\n<p><em>(sursa:\u00a0<a href=\"https:\/\/mediafax.ro\/\" target=\"_blank\" rel=\"noopener\">Mediafax<\/a>)<\/em><\/p>\n<p><em>Sursa foto: Facebook \/ Allen Coliban<\/em><\/p>\n<\/div>\n<p>[analyse_source url=&#8221;https:\/\/renasterea.ro\/allen-coliban-usr-dominic-fritz-este-un-model-pentru-romania\/&#8221;]<\/p>\n","protected":false},"excerpt":{"rendered":"<p>[analyse_image type=&#8221;featured&#8221; src=&#8221;https:\/\/renasterea.ro\/ro\/wp-content\/uploads\/2026\/08\/coliban-fritz-toiu.jpghttps:\/\/renasterea.ro\/ro\/wp-content\/uploads\/2026\/08\/coliban-fritz-toiu.jpg&#8221;] Primarul Timi\u0219oarei, Dominic Fritz, este un model pentru USR \u0219i pentru Rom\u00e2nia, spune la RFI deputatul Allen Coliban. Reac\u021bia sa vine dup\u0103 ce judec\u0103torii CCR au stabilit c\u0103 amendamentul PSD la legea ANI care \u00eel vizeaz\u0103 pe liderul Uniunii Salva\u021bi Rom\u00e2nia este constitu\u021bional. Asta \u00eenseamn\u0103 c\u0103 primarul Timi\u0219oarei ar urma s\u0103-\u0219i piard\u0103 [&hellip;]<\/p>\n","protected":false},"author":1,"featured_media":0,"comment_status":"open","ping_status":"","sticky":false,"template":"","format":"standard","meta":{"footnotes":""},"categories":[89],"tags":[226,188],"class_list":["post-2100352","post","type-post","status-publish","format-standard","hentry","category-romania","tag-crawlmanager","tag-renasterea-ro"],"_links":{"self":[{"href":"https:\/\/analyse.optim.biz\/index.php?rest_route=\/wp\/v2\/posts\/2100352","targetHints":{"allow":["GET"]}}],"collection":[{"href":"https:\/\/analyse.optim.biz\/index.php?rest_route=\/wp\/v2\/posts"}],"about":[{"href":"https:\/\/analyse.optim.biz\/index.php?rest_route=\/wp\/v2\/types\/post"}],"author":[{"embeddable":true,"href":"https:\/\/analyse.optim.biz\/index.php?rest_route=\/wp\/v2\/users\/1"}],"replies":[{"embeddable":true,"href":"https:\/\/analyse.optim.biz\/index.php?rest_route=%2Fwp%2Fv2%2Fcomments&post=2100352"}],"version-history":[{"count":0,"href":"https:\/\/analyse.optim.biz\/index.php?rest_route=\/wp\/v2\/posts\/2100352\/revisions"}],"wp:attachment":[{"href":"https:\/\/analyse.optim.biz\/index.php?rest_route=%2Fwp%2Fv2%2Fmedia&parent=2100352"}],"wp:term":[{"taxonomy":"category","embeddable":true,"href":"https:\/\/analyse.optim.biz\/index.php?rest_route=%2Fwp%2Fv2%2Fcategories&post=2100352"},{"taxonomy":"post_tag","embeddable":true,"href":"https:\/\/analyse.optim.biz\/index.php?rest_route=%2Fwp%2Fv2%2Ftags&post=2100352"}],"curies":[{"name":"wp","href":"https:\/\/api.w.org\/{rel}","templated":true}]}}