{"id":2100310,"date":"2026-08-18T11:25:39","date_gmt":"2026-08-18T08:25:39","guid":{"rendered":"https:\/\/analyse.optim.biz\/?p=2100310"},"modified":"2026-08-18T11:25:39","modified_gmt":"2026-08-18T08:25:39","slug":"ultima-ora-trei-ambulante-trimise-la-un-accident-produs-pe-autostrada-a7-in-zona-buzaului","status":"publish","type":"post","link":"https:\/\/analyse.optim.biz\/?p=2100310","title":{"rendered":"ULTIMA OR\u0102 | Trei ambulan\u021be, trimise la un accident produs pe Autostrada A7, \u00een zona Buz\u0103ului"},"content":{"rendered":"<p>[analyse_image type=&#8221;featured&#8221; src=&#8221;https:\/\/gazetabuzoiana.ro\/wp-content\/uploads\/2024\/03\/accident.jpg&#8221;]<\/p>\n<div class=\"entry-content entry clearfix\">\n<p class=\"wp-block-paragraph\">Un accident rutier s-a produs \u00een urm\u0103 cu pu\u021bin timp pe Autostrada A7, pe sensul de mers c\u0103tre Foc\u0219ani, \u00een zona Buz\u0103ului. Din primele informa\u021bii, la locul evenimentului au fost direc\u021bionate trei ambulan\u021be ale Serviciului de Ambulan\u021b\u0103 Jude\u021bean Buz\u0103u.<\/p>\n<p class=\"wp-block-paragraph\">Num\u0103rul echipajelor medicale trimise c\u0103tre locul accidentului indic\u0103 faptul c\u0103 nu pare s\u0103 fie vorba despre un incident minor, \u00eens\u0103, \u00een acest moment, nu avem informa\u021bii oficiale despre num\u0103rul persoanelor implicate, eventualele victime sau starea acestora.<\/p>\n<p class=\"wp-block-paragraph\">Potrivit informa\u021biilorpe care le de\u021binem deocamdat\u0103, accidentul ar fi implicat mai multe autoturisme, iar traficul pe sensul c\u0103tre Foc\u0219ani ar fi fost temporar blocat.<\/p>\n<p class=\"wp-block-paragraph\">A\u0219tept\u0103m informa\u021bii oficiale de la Biroul de Pres\u0103 al IPJ Buz\u0103u, care p\u00e2n\u0103 la aceast\u0103 or\u0103 nu a transmis un comunicat cu privire la accident.<\/p>\n<p class=\"wp-block-paragraph\">Vom reveni imediat ce autorit\u0103\u021bile vor comunica date despre circumstan\u021bele producerii accidentului \u0219i despre eventualele victime.<\/p>\n<div class=\"post-bottom-meta post-bottom-tags post-tags-modern\">\n<div class=\"post-bottom-meta-title\"> Etichete<\/div>\n<p><span class=\"tagcloud\"><a href=\"https:\/\/gazetabuzoiana.ro\/tag\/accident-a7\/\" rel=\"tag\">accident A7<\/a><a href=\"https:\/\/gazetabuzoiana.ro\/tag\/accident-rutier\/\" rel=\"tag\">accident rutier<\/a><a href=\"https:\/\/gazetabuzoiana.ro\/tag\/ambulanta\/\" rel=\"tag\">ambulan\u021b\u0103<\/a><a href=\"https:\/\/gazetabuzoiana.ro\/tag\/autostrada-a7\/\" rel=\"tag\">autostrada A7<\/a><a href=\"https:\/\/gazetabuzoiana.ro\/tag\/buzau-2\/\" rel=\"tag\">Buz\u0103u<\/a><a href=\"https:\/\/gazetabuzoiana.ro\/tag\/ipj-buzau-2\/\" rel=\"tag\">IPJ Buz\u0103u<\/a><a href=\"https:\/\/gazetabuzoiana.ro\/tag\/saj-buzau\/\" rel=\"tag\">SAJ Buz\u0103u<\/a><a href=\"https:\/\/gazetabuzoiana.ro\/tag\/serviciul-de-ambulanta-judetean-buzau\/\" rel=\"tag\">Serviciul de Ambulan\u021b\u0103 Jude\u021bean Buz\u0103u<\/a><a href=\"https:\/\/gazetabuzoiana.ro\/tag\/trafic-rutier\/\" rel=\"tag\">trafic rutier<\/a><a href=\"https:\/\/gazetabuzoiana.ro\/tag\/ultima-ora-2\/\" rel=\"tag\">ultima or\u0103<\/a><\/span><\/div>\n<\/div>\n<p>[analyse_source url=&#8221;https:\/\/gazetabuzoiana.ro\/2026\/08\/18\/ultima-ora-trei-ambulante-trimise-la-un-accident-produs-pe-autostrada-a7-in-zona-buzaului\/&#8221;]<\/p>\n","protected":false},"excerpt":{"rendered":"<p>[analyse_image type=&#8221;featured&#8221; src=&#8221;https:\/\/gazetabuzoiana.ro\/wp-content\/uploads\/2024\/03\/accident.jpg&#8221;] Un accident rutier s-a produs \u00een urm\u0103 cu pu\u021bin timp pe Autostrada A7, pe sensul de mers c\u0103tre Foc\u0219ani, \u00een zona Buz\u0103ului. Din primele informa\u021bii, la locul evenimentului au fost direc\u021bionate trei ambulan\u021be ale Serviciului de Ambulan\u021b\u0103 Jude\u021bean Buz\u0103u. Num\u0103rul echipajelor medicale trimise c\u0103tre locul accidentului indic\u0103 faptul c\u0103 nu pare s\u0103 [&hellip;]<\/p>\n","protected":false},"author":1,"featured_media":0,"comment_status":"open","ping_status":"","sticky":false,"template":"","format":"standard","meta":{"footnotes":""},"categories":[2],"tags":[226,38],"class_list":["post-2100310","post","type-post","status-publish","format-standard","hentry","category-politics","tag-crawlmanager","tag-gazetabuzoiana-ro"],"_links":{"self":[{"href":"https:\/\/analyse.optim.biz\/index.php?rest_route=\/wp\/v2\/posts\/2100310","targetHints":{"allow":["GET"]}}],"collection":[{"href":"https:\/\/analyse.optim.biz\/index.php?rest_route=\/wp\/v2\/posts"}],"about":[{"href":"https:\/\/analyse.optim.biz\/index.php?rest_route=\/wp\/v2\/types\/post"}],"author":[{"embeddable":true,"href":"https:\/\/analyse.optim.biz\/index.php?rest_route=\/wp\/v2\/users\/1"}],"replies":[{"embeddable":true,"href":"https:\/\/analyse.optim.biz\/index.php?rest_route=%2Fwp%2Fv2%2Fcomments&post=2100310"}],"version-history":[{"count":0,"href":"https:\/\/analyse.optim.biz\/index.php?rest_route=\/wp\/v2\/posts\/2100310\/revisions"}],"wp:attachment":[{"href":"https:\/\/analyse.optim.biz\/index.php?rest_route=%2Fwp%2Fv2%2Fmedia&parent=2100310"}],"wp:term":[{"taxonomy":"category","embeddable":true,"href":"https:\/\/analyse.optim.biz\/index.php?rest_route=%2Fwp%2Fv2%2Fcategories&post=2100310"},{"taxonomy":"post_tag","embeddable":true,"href":"https:\/\/analyse.optim.biz\/index.php?rest_route=%2Fwp%2Fv2%2Ftags&post=2100310"}],"curies":[{"name":"wp","href":"https:\/\/api.w.org\/{rel}","templated":true}]}}