{"id":2100308,"date":"2026-08-18T09:45:09","date_gmt":"2026-08-18T06:45:09","guid":{"rendered":"https:\/\/analyse.optim.biz\/?p=2100308"},"modified":"2026-08-18T09:45:09","modified_gmt":"2026-08-18T06:45:09","slug":"marea-balaceala-se-muta-pe-platoul-dacia-o-schimbare-pe-care-o-salutam","status":"publish","type":"post","link":"https:\/\/analyse.optim.biz\/?p=2100308","title":{"rendered":"Marea B\u0103l\u0103ceal\u0103 se mut\u0103 pe Platoul Dacia! O schimbare pe care o salut\u0103m"},"content":{"rendered":"<p>[analyse_image type=&#8221;featured&#8221; src=&#8221;https:\/\/gazetabuzoiana.ro\/wp-content\/uploads\/2026\/08\/oana-gloria.png&#8221;]<\/p>\n<div class=\"entry-content entry clearfix\">\n<p class=\"wp-block-paragraph\">SCM Gloria Buz\u0103u \u0219i viceprimarul municipiului Buz\u0103u, Oana Gheorghiu, coorganizatorii evenimentului \u201eMarea B\u0103l\u0103ceal\u0103\u201d, au anun\u021bat oficial c\u0103 evenimentul nu va mai avea loc pe Stadionul Gloria, ci pe Platoul Dacia, pe data de 22 august.<\/p>\n<p class=\"wp-block-paragraph\"><em>Gazeta Buzoian\u0103<\/em> salut\u0103 aceast\u0103 decizie, dar, mai ales, faptul c\u0103 municipalitatea a \u021binut cont de semnalele ap\u0103rute \u00een ultimele zile \u00een leg\u0103tur\u0103 cu alegerea loca\u021biei \u0219i a datei de organizare a evenimentului. Ini\u021bial, evenimentul a fost programat pe data de 15 august, de <em>Adormirea Maicii Domnului<\/em>, pe Stadionul Gloria.<\/p>\n<p class=\"wp-block-paragraph\">Demn de men\u021bionat este faptul c\u0103  nu doar <em>Gazeta Buzoian\u0103 <\/em>a vorbit despre acest subiect. \u00cen jurul acestei probleme s-au adunat \u0219i vocile altor jurnali\u0219ti buzoieni, precum Vali Mocanu, Cosmin \u0218ontic\u0103 \u0219i Andrei Pi\u021bigoi, care, din informa\u021biile noastre, a f\u0103cut \u0219i demersuri concrete \u00een acest sens, plus alte voci din pres\u0103 care s-au exprimat public cu privire la nepotrivirea locului ales ini\u021bial, adic\u0103 pe Stadionul Gloria.<\/p>\n<p class=\"wp-block-paragraph\">At\u00e2t schimbarea datei la care va avea loc evenimentul, c\u00e2t \u0219i a loca\u021biei nu trebuie privite ca pe o victorie a presei \u00een fa\u021ba municipalit\u0103\u021bii, ci ca pe un semnal venit din mai multe direc\u021bii, pe care administra\u021bia a avut bun\u0103voin\u021ba s\u0103-l ia \u00een calcul firesc, f\u0103r\u0103 s\u0103 fie nevoie s\u0103 transform\u0103m totul \u00eentr-un conflict.<\/p>\n<p class=\"wp-block-paragraph\">Nu consider\u0103m c\u0103 alegerea ini\u021bial\u0103 a Stadionului Gloria a fost f\u0103cut\u0103 cu rea-credin\u021b\u0103, dar pentru c\u0103 \u00een urma acestor reac\u021bii s-a g\u0103sit o alt\u0103 variant\u0103, este un lucru pe care \u00eel apreciem. Pentru foarte mul\u021bi dintre noi, Stadionul Gloria este un templu, unde nu po\u021bi organiza orice \u0219i ne bucur\u0103m c\u0103 administra\u021bia municipal\u0103 a \u00een\u021beles \u0219i a \u021binut cont de acest lucru.<\/p>\n<p class=\"wp-block-paragraph\">Platoul Dacia pare o alegere mai potrivit\u0103 pentru un astfel de eveniment, mai ales pentru c\u0103 \u201eMarea B\u0103l\u0103ceal\u0103\u201d este g\u00e2ndit\u0103 pentru copii \u0219i pentru familiile care vor s\u0103 se bucure de o zi de distrac\u021bie \u00een aer liber.<\/p>\n<p class=\"wp-block-paragraph\">R\u0103m\u00e2ne \u00eens\u0103 un aspect la care sper\u0103m ca organizatorii s\u0103 fie foarte aten\u021bi \u0219i anume siguran\u021ba participan\u021bilor, pentru c\u0103 au existat sesiz\u0103ri din partea unor buzoieni c\u0103 pavajul de pe Platoul Dacia devine foarte alunecos atunci c\u00e2nd este ud. Iar la un eveniment \u00een care apa va fi, evident, prezent\u0103 din abunden\u021b\u0103, acest lucru trebuie luat \u00een calcul. Suntem convin\u0219i c\u0103 SCM Gloria Buz\u0103u \u0219i Prim\u0103ria Buz\u0103u vor \u021bine cont \u0219i de acest aspect \u0219i vor lua m\u0103surile necesare pentru ca cei mici s\u0103 se poat\u0103 bucura de eveniment \u00een siguran\u021b\u0103.<\/p>\n<p class=\"wp-block-paragraph\">Noi sper\u0103m doar ca lucrurile s\u0103 mearg\u0103 bine, copiii s\u0103 se bucure, s\u0103 fie \u00een siguran\u021b\u0103, iar p\u0103rin\u021bii s\u0103 stea lini\u0219ti\u021bi, \u0219tiind c\u0103 cei mici sunt bine. <\/p>\n<p class=\"wp-block-paragraph\">Pentru noi, discu\u021bia despre \u201eMarea B\u0103l\u0103ceal\u0103\u201d se \u00eencheie aici. Am spus ce am avut de spus, organizatorii au \u021binut cont de vocea jurnali\u0219tilor \u0219i a cet\u0103\u021benilor \u0219i au f\u0103cut schimb\u0103ri. Nu ne r\u0103m\u00e2ne dec\u00e2t s\u0103 avem \u00eencredere c\u0103 municipalitatea va organiza acest eveniment \u00een cele mai bune condi\u021bii.<\/p>\n<p class=\"wp-block-paragraph\">Le dorim copiilor \u0219i p\u0103rin\u021bilor distrac\u021bie din plin, iar celor care se ocup\u0103 de organizare o zi f\u0103r\u0103 probleme, la al c\u0103rei final presa s\u0103 titreze despre reu\u0219ita acestui eveniment.<\/p>\n<figure class=\"wp-block-image size-large\"><img decoding=\"async\" loading=\"lazy\" width=\"724\" height=\"1024\" src=\"https:\/\/gazetabuzoiana.ro\/wp-content\/uploads\/2026\/08\/platoul-dacia-724x1024.jpeg\" alt class=\"wp-image-22165\"><\/figure>\n<div class=\"post-bottom-meta post-bottom-tags post-tags-modern\">\n<div class=\"post-bottom-meta-title\"> Etichete<\/div>\n<p><span class=\"tagcloud\"><a href=\"https:\/\/gazetabuzoiana.ro\/tag\/administratia-locala\/\" rel=\"tag\">administra\u021bia local\u0103<\/a><a href=\"https:\/\/gazetabuzoiana.ro\/tag\/buzau-2\/\" rel=\"tag\">Buz\u0103u<\/a><a href=\"https:\/\/gazetabuzoiana.ro\/tag\/comunitatea-buzoiana\/\" rel=\"tag\">comunitatea buzoian\u0103<\/a><a href=\"https:\/\/gazetabuzoiana.ro\/tag\/copii\/\" rel=\"tag\">copii<\/a><a href=\"https:\/\/gazetabuzoiana.ro\/tag\/distractie\/\" rel=\"tag\">distrac\u021bie<\/a><a href=\"https:\/\/gazetabuzoiana.ro\/tag\/evenimente-pentru-copii\/\" rel=\"tag\">evenimente pentru copii<\/a><a href=\"https:\/\/gazetabuzoiana.ro\/tag\/gazeta-buzoiana-2\/\" rel=\"tag\">Gazeta Buzoian\u0103<\/a><a href=\"https:\/\/gazetabuzoiana.ro\/tag\/marea-balaceala\/\" rel=\"tag\">Marea B\u0103l\u0103ceal\u0103<\/a><a href=\"https:\/\/gazetabuzoiana.ro\/tag\/oana-gheorghiu\/\" rel=\"tag\">oana gheorghiu<\/a><a href=\"https:\/\/gazetabuzoiana.ro\/tag\/platoul-dacia\/\" rel=\"tag\">Platoul Dacia<\/a><a href=\"https:\/\/gazetabuzoiana.ro\/tag\/presa-buzoiana\/\" rel=\"tag\">presa buzoian\u0103<\/a><a href=\"https:\/\/gazetabuzoiana.ro\/tag\/primaria-buzau\/\" rel=\"tag\">Prim\u0103ria Buz\u0103u<\/a><a href=\"https:\/\/gazetabuzoiana.ro\/tag\/scm-gloria-buzau\/\" rel=\"tag\">SCM Gloria Buz\u0103u<\/a><a href=\"https:\/\/gazetabuzoiana.ro\/tag\/siguranta-copiilor\/\" rel=\"tag\">siguran\u021ba copiilor<\/a><a href=\"https:\/\/gazetabuzoiana.ro\/tag\/stadionul-gloria\/\" rel=\"tag\">stadionul gloria<\/a><\/span><\/div>\n<\/div>\n<p>[analyse_source url=&#8221;https:\/\/gazetabuzoiana.ro\/2026\/08\/18\/marea-balaceala-se-muta-pe-platoul-dacia-o-schimbare-pe-care-o-salutam\/&#8221;]<\/p>\n","protected":false},"excerpt":{"rendered":"<p>[analyse_image type=&#8221;featured&#8221; src=&#8221;https:\/\/gazetabuzoiana.ro\/wp-content\/uploads\/2026\/08\/oana-gloria.png&#8221;] SCM Gloria Buz\u0103u \u0219i viceprimarul municipiului Buz\u0103u, Oana Gheorghiu, coorganizatorii evenimentului \u201eMarea B\u0103l\u0103ceal\u0103\u201d, au anun\u021bat oficial c\u0103 evenimentul nu va mai avea loc pe Stadionul Gloria, ci pe Platoul Dacia, pe data de 22 august. Gazeta Buzoian\u0103 salut\u0103 aceast\u0103 decizie, dar, mai ales, faptul c\u0103 municipalitatea a \u021binut cont de semnalele ap\u0103rute [&hellip;]<\/p>\n","protected":false},"author":1,"featured_media":0,"comment_status":"open","ping_status":"","sticky":false,"template":"","format":"standard","meta":{"footnotes":""},"categories":[2],"tags":[226,38],"class_list":["post-2100308","post","type-post","status-publish","format-standard","hentry","category-politics","tag-crawlmanager","tag-gazetabuzoiana-ro"],"_links":{"self":[{"href":"https:\/\/analyse.optim.biz\/index.php?rest_route=\/wp\/v2\/posts\/2100308","targetHints":{"allow":["GET"]}}],"collection":[{"href":"https:\/\/analyse.optim.biz\/index.php?rest_route=\/wp\/v2\/posts"}],"about":[{"href":"https:\/\/analyse.optim.biz\/index.php?rest_route=\/wp\/v2\/types\/post"}],"author":[{"embeddable":true,"href":"https:\/\/analyse.optim.biz\/index.php?rest_route=\/wp\/v2\/users\/1"}],"replies":[{"embeddable":true,"href":"https:\/\/analyse.optim.biz\/index.php?rest_route=%2Fwp%2Fv2%2Fcomments&post=2100308"}],"version-history":[{"count":0,"href":"https:\/\/analyse.optim.biz\/index.php?rest_route=\/wp\/v2\/posts\/2100308\/revisions"}],"wp:attachment":[{"href":"https:\/\/analyse.optim.biz\/index.php?rest_route=%2Fwp%2Fv2%2Fmedia&parent=2100308"}],"wp:term":[{"taxonomy":"category","embeddable":true,"href":"https:\/\/analyse.optim.biz\/index.php?rest_route=%2Fwp%2Fv2%2Fcategories&post=2100308"},{"taxonomy":"post_tag","embeddable":true,"href":"https:\/\/analyse.optim.biz\/index.php?rest_route=%2Fwp%2Fv2%2Ftags&post=2100308"}],"curies":[{"name":"wp","href":"https:\/\/api.w.org\/{rel}","templated":true}]}}