{"id":2100307,"date":"2026-08-18T11:42:26","date_gmt":"2026-08-18T08:42:26","guid":{"rendered":"https:\/\/analyse.optim.biz\/?p=2100307"},"modified":"2026-08-18T11:42:26","modified_gmt":"2026-08-18T08:42:26","slug":"173-de-functii-de-conducere-scoase-la-concurs-in-scolile-din-buzau-inscrierile-incep-in-septembrie","status":"publish","type":"post","link":"https:\/\/analyse.optim.biz\/?p=2100307","title":{"rendered":"173 de func\u021bii de conducere scoase la concurs \u00een \u0219colile din Buz\u0103u. \u00censcrierile \u00eencep \u00een septembrie"},"content":{"rendered":"<p>[analyse_image type=&#8221;featured&#8221; src=&#8221;https:\/\/gazetabuzoiana.ro\/wp-content\/uploads\/2026\/08\/directori-scoli-990&#215;660-1.jpg&#8221;]<\/p>\n<div class=\"entry-content entry clearfix\">\n<p class=\"wp-block-paragraph\">Inspectoratul \u0218colar Jude\u021bean Buz\u0103u a anun\u021bat organizarea, \u00een perioada august-decembrie 2026, a concursului pentru ocuparea func\u021biilor vacante de director \u0219i director adjunct din unit\u0103\u021bile de \u00eenv\u0103\u021b\u0103m\u00e2nt preuniversitar de stat din jude\u021b.<\/p>\n<p class=\"wp-block-paragraph\">Pentru aceast\u0103 sesiune sunt scoase la concurs 173 de func\u021bii de conducere. Dintre acestea, 127 sunt func\u021bii de director \u0219i 46 de func\u021bii de director adjunct. Lista a fost aprobat\u0103 de Consiliul de Administra\u021bie al Inspectoratului \u0218colar Jude\u021bean Buz\u0103u \u00een data de 13 august 2026.<\/p>\n<p class=\"wp-block-paragraph\">Printre unit\u0103\u021bile de \u00eenv\u0103\u021b\u0103m\u00e2nt pentru care apar func\u021bii vacante se num\u0103r\u0103 Colegiul Na\u021bional \u201eB.P. Hasdeu\u201d, Colegiul Na\u021bional \u201eMihai Eminescu\u201d, Colegiul Na\u021bional Pedagogic \u201eSpiru Haret\u201d, Liceul cu Program Sportiv \u201eIolanda Bala\u0219 Soter\u201d \u0219i Liceul Teoretic de Informatic\u0103 \u201eAlexandru Marghiloman\u201d, at\u00e2t pentru func\u021bii de director, c\u00e2t \u0219i, \u00een unele cazuri, pentru director adjunct. Lista complet\u0103 cu func\u021biile vacante este cuprins\u0103 \u00een documentele publicate de ISJ Buz\u0103u.<\/p>\n<p class=\"wp-block-paragraph\">Concursul este destinat cadrelor didactice care \u00eendeplinesc cumulativ condi\u021biile prev\u0103zute de metodologia aprobat\u0103 prin Ordinul nr. 4.155\/2026. Printre cerin\u021be se num\u0103r\u0103 absolvirea studiilor superioare cu diplom\u0103 de licen\u021b\u0103 sau atestat de echivalare, statutul de titular \u00een \u00eenv\u0103\u021b\u0103m\u00e2ntul preuniversitar, cu contract de munc\u0103 pe perioad\u0103 nedeterminat\u0103, \u0219i o vechime de cel pu\u021bin cinci ani \u00een \u00eenv\u0103\u021b\u0103m\u00e2ntul preuniversitar. Candida\u021bii trebuie, de asemenea, s\u0103 fi ob\u021binut calificativul \u201eFoarte bine\u201d \u00een ultimii doi ani \u0219colari \u00eencheia\u021bi lucra\u021bi efectiv la catedr\u0103, \u00een condi\u021biile prev\u0103zute de metodologie.<\/p>\n<p class=\"wp-block-paragraph\">Un candidat poate opta, \u00een cadrul acestei sesiuni, pentru maximum trei func\u021bii de conducere dintre cele publicate ca vacante.<\/p>\n<p class=\"wp-block-paragraph\">Potrivit calendarului aprobat de Ministerul Educa\u021biei \u0219i Cercet\u0103rii, \u00eenscrierile se fac \u00een perioada 14 septembrie \u2013 2 octombrie 2026, prin aplica\u021bia informatic\u0103 dedicat\u0103. Verificarea dosarelor este programat\u0103 \u00eentre 15 septembrie \u0219i 7 octombrie, iar lista final\u0103 a candida\u021bilor admi\u0219i \u0219i respin\u0219i dup\u0103 verificarea dosarelor va fi publicat\u0103 pe 9 octombrie.<\/p>\n<p class=\"wp-block-paragraph\">Prima prob\u0103, cea de evaluare a competen\u021belor, va avea loc pe 13 octombrie. Aceasta urm\u0103re\u0219te capacit\u0103\u021bile \u0219i aptitudinile personale ale candidatului. Proba scris\u0103 este programat\u0103 pentru 20 octombrie, iar rezultatele finale ale acestei etape, dup\u0103 solu\u021bionarea contesta\u021biilor, vor fi afi\u0219ate pe 22 octombrie.<\/p>\n<p class=\"wp-block-paragraph\">Ulterior urmeaz\u0103 evaluarea administrativ\u0103 a proiectelor planurilor manageriale sau, dup\u0103 caz, a proiectelor planurilor de ac\u021biune, iar probele de interviu sunt programate \u00een perioada 12-27 noiembrie 2026.<\/p>\n<p class=\"wp-block-paragraph\">Rezultatele finale ale concursului vor fi afi\u0219ate pe 9 decembrie 2026. Candida\u021bii declara\u021bi admi\u0219i pentru mai multe func\u021bii \u00ee\u0219i vor exprima op\u021biunea pe 10 decembrie, iar deciziile de numire urmeaz\u0103 s\u0103 fie emise p\u00e2n\u0103 la 16 decembrie, cu intrare \u00een vigoare de la 1 ianuarie 2027.<\/p>\n<p class=\"wp-block-paragraph\">Concursul este organizat \u00een baza Legii \u00eenv\u0103\u021b\u0103m\u00e2ntului preuniversitar nr. 198\/2023, a metodologiei aprobate prin Ordinul nr. 4.155\/2026 \u0219i a calendarului stabilit prin Ordinul nr. 4.622 din 6 august 2026.<\/p>\n<p class=\"wp-block-paragraph\">Informa\u021biile complete privind func\u021biile vacante, condi\u021biile de participare, documentele necesare, metodologia, bibliografia \u0219i calendarul concursului sunt disponibile pe site-ul Inspectoratului \u0218colar Jude\u021bean Buz\u0103u, \u00een sec\u021biunea dedicat\u0103 concursului pentru func\u021biile de director \u0219i director adjunct.<\/p>\n<div class=\"post-bottom-meta post-bottom-tags post-tags-modern\">\n<div class=\"post-bottom-meta-title\"> Etichete<\/div>\n<p><span class=\"tagcloud\"><a href=\"https:\/\/gazetabuzoiana.ro\/tag\/buzau-2\/\" rel=\"tag\">Buz\u0103u<\/a><a href=\"https:\/\/gazetabuzoiana.ro\/tag\/concurs-conducere-scoli\/\" rel=\"tag\">concurs conducere \u0219coli<\/a><a href=\"https:\/\/gazetabuzoiana.ro\/tag\/concurs-directori\/\" rel=\"tag\">concurs directori<\/a><a href=\"https:\/\/gazetabuzoiana.ro\/tag\/directori-adjuncti\/\" rel=\"tag\">directori adjunc\u021bi<\/a><a href=\"https:\/\/gazetabuzoiana.ro\/tag\/directori-scoli\/\" rel=\"tag\">directori \u0219coli<\/a><a href=\"https:\/\/gazetabuzoiana.ro\/tag\/educatie-buzau\/\" rel=\"tag\">Educa\u021bie Buz\u0103u<\/a><a href=\"https:\/\/gazetabuzoiana.ro\/tag\/functii-vacante\/\" rel=\"tag\">func\u021bii vacante<\/a><a href=\"https:\/\/gazetabuzoiana.ro\/tag\/inspectoratul-scolar-judetean-buzau\/\" rel=\"tag\">Inspectoratul \u0218colar Jude\u021bean Buz\u0103u<\/a><a href=\"https:\/\/gazetabuzoiana.ro\/tag\/invatamant-buzau\/\" rel=\"tag\">\u00eenv\u0103\u021b\u0103m\u00e2nt Buz\u0103u<\/a><a href=\"https:\/\/gazetabuzoiana.ro\/tag\/licee-buzau\/\" rel=\"tag\">licee Buz\u0103u<\/a><a href=\"https:\/\/gazetabuzoiana.ro\/tag\/scoli-buzau\/\" rel=\"tag\">\u0219coli Buz\u0103u<\/a><\/span><\/div>\n<\/div>\n<p>[analyse_source url=&#8221;https:\/\/gazetabuzoiana.ro\/2026\/08\/18\/173-de-functii-de-conducere-scoase-la-concurs-in-scolile-din-buzau-inscrierile-incep-in-septembrie\/&#8221;]<\/p>\n","protected":false},"excerpt":{"rendered":"<p>[analyse_image type=&#8221;featured&#8221; src=&#8221;https:\/\/gazetabuzoiana.ro\/wp-content\/uploads\/2026\/08\/directori-scoli-990&#215;660-1.jpg&#8221;] Inspectoratul \u0218colar Jude\u021bean Buz\u0103u a anun\u021bat organizarea, \u00een perioada august-decembrie 2026, a concursului pentru ocuparea func\u021biilor vacante de director \u0219i director adjunct din unit\u0103\u021bile de \u00eenv\u0103\u021b\u0103m\u00e2nt preuniversitar de stat din jude\u021b. Pentru aceast\u0103 sesiune sunt scoase la concurs 173 de func\u021bii de conducere. Dintre acestea, 127 sunt func\u021bii de director \u0219i 46 [&hellip;]<\/p>\n","protected":false},"author":1,"featured_media":0,"comment_status":"open","ping_status":"","sticky":false,"template":"","format":"standard","meta":{"footnotes":""},"categories":[2],"tags":[226,38],"class_list":["post-2100307","post","type-post","status-publish","format-standard","hentry","category-politics","tag-crawlmanager","tag-gazetabuzoiana-ro"],"_links":{"self":[{"href":"https:\/\/analyse.optim.biz\/index.php?rest_route=\/wp\/v2\/posts\/2100307","targetHints":{"allow":["GET"]}}],"collection":[{"href":"https:\/\/analyse.optim.biz\/index.php?rest_route=\/wp\/v2\/posts"}],"about":[{"href":"https:\/\/analyse.optim.biz\/index.php?rest_route=\/wp\/v2\/types\/post"}],"author":[{"embeddable":true,"href":"https:\/\/analyse.optim.biz\/index.php?rest_route=\/wp\/v2\/users\/1"}],"replies":[{"embeddable":true,"href":"https:\/\/analyse.optim.biz\/index.php?rest_route=%2Fwp%2Fv2%2Fcomments&post=2100307"}],"version-history":[{"count":0,"href":"https:\/\/analyse.optim.biz\/index.php?rest_route=\/wp\/v2\/posts\/2100307\/revisions"}],"wp:attachment":[{"href":"https:\/\/analyse.optim.biz\/index.php?rest_route=%2Fwp%2Fv2%2Fmedia&parent=2100307"}],"wp:term":[{"taxonomy":"category","embeddable":true,"href":"https:\/\/analyse.optim.biz\/index.php?rest_route=%2Fwp%2Fv2%2Fcategories&post=2100307"},{"taxonomy":"post_tag","embeddable":true,"href":"https:\/\/analyse.optim.biz\/index.php?rest_route=%2Fwp%2Fv2%2Ftags&post=2100307"}],"curies":[{"name":"wp","href":"https:\/\/api.w.org\/{rel}","templated":true}]}}