{"id":2100306,"date":"2026-08-18T16:44:00","date_gmt":"2026-08-18T13:44:00","guid":{"rendered":"https:\/\/analyse.optim.biz\/?p=2100306"},"modified":"2026-08-18T16:44:00","modified_gmt":"2026-08-18T13:44:00","slug":"blocuri-reabilitate-cu-fatade-in-culori-noi","status":"publish","type":"post","link":"https:\/\/analyse.optim.biz\/?p=2100306","title":{"rendered":"Blocuri reabilitate, cu fa\u021bade \u00een culori noi"},"content":{"rendered":"<p>[analyse_image type=&#8221;featured&#8221; src=&#8221;https:\/\/www.campusbuzau.ro\/wp-content\/uploads\/2026\/08\/BLOC-COLOR.jpghttps:\/\/www.campusbuzau.ro\/wp-content\/uploads\/2026\/08\/BLOC-COLOR.jpg&#8221;]<\/p>\n<div class=\"entry-content\">\n<p><strong><em>Blocurile reabilitate energetic \u00een ultima perioad\u0103 au primit \u0219i un aspect nou, odat\u0103 cu refacerea fa\u021badelor. Schimbarea este vizibil\u0103 \u00een mai multe zone ale Buz\u0103ului, unde cl\u0103diri care aveau un aspect degradat fiind \u00a0zugr\u0103vite \u00een culori diferite.<\/em><\/strong><\/p>\n<p>Unul dintre exemple este blocul de la intrarea \u00een ora\u0219 dinspre Foc\u0219ani. Dup\u0103 lucr\u0103rile de reabilitare, fa\u021bada are un aspect diferit fa\u021b\u0103 de cel de dinaintea interven\u021biei. <\/p>\n<p>\u0218i celelalte blocuri incluse \u00een programul de reabilitare din acest an au trecut prin acela\u0219i tip de opera\u021bie. Pentru locatari, diferen\u021ba este vizibil\u0103 mai ales dup\u0103 \u00eendep\u0103rtarea schelelor \u0219i finalizarea fa\u021badelor.<\/p>\n<p>Pe re\u021belele de socializare, unii buzoieni au cerut ca aceea\u0219i abordare s\u0103 fie folosit\u0103 \u0219i la urm\u0103toarele blocuri care vor intra \u00een programul de reabilitare, inclusiv la cele \u0219ase imobile din zona central\u0103.<\/p>\n<p>Edilul a explicat anterior c\u0103, odat\u0103 cu lucr\u0103rile de eficientizare energetic\u0103, fa\u021badele vor fi ref\u0103cute \u0219i din punct de vedere estetic, fiind avute \u00een vedere culori care s\u0103 schimbe aspectul zonelor de blocuri.<\/p>\n<p>Reabilitarea energetic\u0103 a blocurilor reprezint\u0103 astfel \u0219i o oportunitate pentru schimbarea aspectului exterior al cl\u0103dirilor. \u00cen paralel, municipalitatea a luat \u00een calcul \u0219i alte solu\u021bii pentru \u00eembun\u0103t\u0103\u021birea aspectului urban, inclusiv picturi pe fa\u021badele unor blocuri care permit astfel de interven\u021bii.<\/p>\n<figure class=\"wp-block-embed is-type-video is-provider-youtube wp-block-embed-youtube wp-embed-aspect-16-9 wp-has-aspect-ratio\">\n<div class=\"wp-block-embed__wrapper\">\n<iframe loading=\"lazy\" title=\"SCHIMBARE VIZIBIL\u0102 PENTRU BLOCURILE REABILITATE\" width=\"500\" height=\"281\" src=\"https:\/\/www.youtube.com\/embed\/pOiXEKueqx4?feature=oembed\" frameborder allow=\"accelerometer; autoplay; clipboard-write; encrypted-media; gyroscope; picture-in-picture; web-share\" referrerpolicy=\"strict-origin-when-cross-origin\" allowfullscreen><\/iframe>\n<\/div>\n<\/figure>\n<\/div>\n<p>[analyse_source url=&#8221;https:\/\/www.campusbuzau.ro\/blocuri-frumoase-edilii-sunt-felicitati-pentru-infrumusetarea-fatadelor\/&#8221;]<\/p>\n","protected":false},"excerpt":{"rendered":"<p>[analyse_image type=&#8221;featured&#8221; src=&#8221;https:\/\/www.campusbuzau.ro\/wp-content\/uploads\/2026\/08\/BLOC-COLOR.jpghttps:\/\/www.campusbuzau.ro\/wp-content\/uploads\/2026\/08\/BLOC-COLOR.jpg&#8221;] Blocurile reabilitate energetic \u00een ultima perioad\u0103 au primit \u0219i un aspect nou, odat\u0103 cu refacerea fa\u021badelor. Schimbarea este vizibil\u0103 \u00een mai multe zone ale Buz\u0103ului, unde cl\u0103diri care aveau un aspect degradat fiind \u00a0zugr\u0103vite \u00een culori diferite. Unul dintre exemple este blocul de la intrarea \u00een ora\u0219 dinspre Foc\u0219ani. Dup\u0103 lucr\u0103rile de [&hellip;]<\/p>\n","protected":false},"author":1,"featured_media":0,"comment_status":"open","ping_status":"","sticky":false,"template":"","format":"standard","meta":{"footnotes":""},"categories":[2],"tags":[118,226],"class_list":["post-2100306","post","type-post","status-publish","format-standard","hentry","category-politics","tag-campusbuzau-ro","tag-crawlmanager"],"_links":{"self":[{"href":"https:\/\/analyse.optim.biz\/index.php?rest_route=\/wp\/v2\/posts\/2100306","targetHints":{"allow":["GET"]}}],"collection":[{"href":"https:\/\/analyse.optim.biz\/index.php?rest_route=\/wp\/v2\/posts"}],"about":[{"href":"https:\/\/analyse.optim.biz\/index.php?rest_route=\/wp\/v2\/types\/post"}],"author":[{"embeddable":true,"href":"https:\/\/analyse.optim.biz\/index.php?rest_route=\/wp\/v2\/users\/1"}],"replies":[{"embeddable":true,"href":"https:\/\/analyse.optim.biz\/index.php?rest_route=%2Fwp%2Fv2%2Fcomments&post=2100306"}],"version-history":[{"count":0,"href":"https:\/\/analyse.optim.biz\/index.php?rest_route=\/wp\/v2\/posts\/2100306\/revisions"}],"wp:attachment":[{"href":"https:\/\/analyse.optim.biz\/index.php?rest_route=%2Fwp%2Fv2%2Fmedia&parent=2100306"}],"wp:term":[{"taxonomy":"category","embeddable":true,"href":"https:\/\/analyse.optim.biz\/index.php?rest_route=%2Fwp%2Fv2%2Fcategories&post=2100306"},{"taxonomy":"post_tag","embeddable":true,"href":"https:\/\/analyse.optim.biz\/index.php?rest_route=%2Fwp%2Fv2%2Ftags&post=2100306"}],"curies":[{"name":"wp","href":"https:\/\/api.w.org\/{rel}","templated":true}]}}