{"id":2100305,"date":"2026-08-18T16:43:00","date_gmt":"2026-08-18T13:43:00","guid":{"rendered":"https:\/\/analyse.optim.biz\/?p=2100305"},"modified":"2026-08-18T16:43:00","modified_gmt":"2026-08-18T13:43:00","slug":"smochine-direct-din-pom-livada-unde-clientul-isi-culege-singur-fructele","status":"publish","type":"post","link":"https:\/\/analyse.optim.biz\/?p=2100305","title":{"rendered":"Smochine direct din pom. Livada unde clientul \u00ee\u0219i culege singur fructele"},"content":{"rendered":"<p>[analyse_image type=&#8221;featured&#8221; src=&#8221;https:\/\/www.campusbuzau.ro\/wp-content\/uploads\/2026\/08\/smochine-1.jpghttps:\/\/www.campusbuzau.ro\/wp-content\/uploads\/2026\/08\/smochine-1.jpg&#8221;]<\/p>\n<div class=\"entry-content\">\n<p><strong><em><mark class=\"has-inline-color has-maincolor-color\">Dac\u0103 p\u00e2n\u0103 acum cump\u0103ram smochinele din pia\u021b\u0103 sau de la supermarket, acum le putem culege direct din pom. O livad\u0103 din comuna Verne\u0219ti a deschis larg por\u021bile pentru clien\u021bi, care intr\u0103 gratuit, gust\u0103 fructele pe loc \u0219i pleac\u0103 acas\u0103 cu smochine culese chiar de ei.<\/mark><\/em><\/strong><\/p>\n<p>Oana \u0219i Stefan au ajuns \u00een livada din Verne\u0219ti de diminea\u021b\u0103. Sunt printre primii care au venit s\u0103 culeag\u0103 smochine \u00een acest sezon. Rom\u00e2nca \u0219i so\u021bul ei german s-au mutat, \u00een urm\u0103 cu trei ani, \u00eentr-un sat de deal din jude\u021bul Buz\u0103u. Au ales via\u021ba aproape de natur\u0103, iar culesul smochinelor a devenit una dintre micile lor bucurii. <\/p>\n<p>Cu g\u0103le\u021bile preg\u0103tite, clien\u021bii aleg fructele direct din pom. Unii le m\u0103n\u00e2nc\u0103 pe loc, al\u021bii le duc acas\u0103 pentru dulcea\u021b\u0103 sau alte bun\u0103t\u0103\u021bi. <\/p>\n<figure class=\"wp-block-image size-full is-resized\"><img loading=\"lazy\" decoding=\"async\" width=\"900\" height=\"529\" src=\"https:\/\/www.campusbuzau.ro\/wp-content\/uploads\/2026\/08\/smochine-3.jpg\" alt class=\"wp-image-156473\"><\/figure>\n<p>Smochinele proaspete atrag oameni din mai multe zone ale \u021b\u0103rii. Au venit clien\u021bi inclusiv din Ia\u0219i, Suceava, Boto\u0219ani, Mure\u0219, Cluj \u0219i Constan\u021ba.<\/p>\n<p>Fiecare smochin\u0103 c\u00e2nt\u0103re\u0219te \u00eentre 25 \u0219i 30 de grame \u0219i este numai bun\u0103 de m\u00e2ncat direct din pom. Fructele provin din Orientul Mijlociu \u0219i din zona Mediteranei, \u00eens\u0103 temperaturile tot mai ridicate din ultimii ani le permit s\u0103 fie cultivate cu succes \u0219i \u00een Rom\u00e2nia. La Verne\u0219ti, oamenii pot vedea cum un fruct considerat exotic p\u00e2n\u0103 nu demult poate fi cules chiar de ei. <\/p>\n<figure class=\"wp-block-image size-full is-resized\"><img loading=\"lazy\" decoding=\"async\" width=\"900\" height=\"503\" src=\"https:\/\/www.campusbuzau.ro\/wp-content\/uploads\/2026\/08\/smochine-2.jpg\" alt class=\"wp-image-156472\"><\/figure>\n<p>Livada de smochini din Verne\u0219ti se \u00eentinde pe un hectar, iar produc\u0103torul spune c\u0103 a f\u0103cut aproape toat\u0103 munca singur. \u00cen perioada recoltatului, prime\u0219te ajutor de la so\u021bie \u0219i fiic\u0103. Pentru sezonul 2026, livada s-a deschis pe 14 august \u0219i poate fi vizitat\u0103 zilnic, \u00eentre orele 8:00 \u0219i 18:00.<\/p>\n<figure class=\"wp-block-embed is-type-video is-provider-youtube wp-block-embed-youtube wp-embed-aspect-16-9 wp-has-aspect-ratio\">\n<div class=\"wp-block-embed__wrapper\">\n<iframe loading=\"lazy\" title=\"SMOCHINE DIRECT DIN POM \u00ceNTR-O LIVAD\u0102 DIN VERNE\u015eTI\" width=\"500\" height=\"281\" src=\"https:\/\/www.youtube.com\/embed\/sw_Je9WT3dA?feature=oembed\" frameborder allow=\"accelerometer; autoplay; clipboard-write; encrypted-media; gyroscope; picture-in-picture; web-share\" referrerpolicy=\"strict-origin-when-cross-origin\" allowfullscreen><\/iframe>\n<\/div>\n<\/figure>\n<\/div>\n<p>[analyse_source url=&#8221;https:\/\/www.campusbuzau.ro\/smochine-direct-din-pom-livada-unde-clientul-isi-culege-singur-fructele\/&#8221;]<\/p>\n","protected":false},"excerpt":{"rendered":"<p>[analyse_image type=&#8221;featured&#8221; src=&#8221;https:\/\/www.campusbuzau.ro\/wp-content\/uploads\/2026\/08\/smochine-1.jpghttps:\/\/www.campusbuzau.ro\/wp-content\/uploads\/2026\/08\/smochine-1.jpg&#8221;] Dac\u0103 p\u00e2n\u0103 acum cump\u0103ram smochinele din pia\u021b\u0103 sau de la supermarket, acum le putem culege direct din pom. O livad\u0103 din comuna Verne\u0219ti a deschis larg por\u021bile pentru clien\u021bi, care intr\u0103 gratuit, gust\u0103 fructele pe loc \u0219i pleac\u0103 acas\u0103 cu smochine culese chiar de ei. Oana \u0219i Stefan au ajuns \u00een livada [&hellip;]<\/p>\n","protected":false},"author":1,"featured_media":0,"comment_status":"open","ping_status":"","sticky":false,"template":"","format":"standard","meta":{"footnotes":""},"categories":[2],"tags":[118,226],"class_list":["post-2100305","post","type-post","status-publish","format-standard","hentry","category-politics","tag-campusbuzau-ro","tag-crawlmanager"],"_links":{"self":[{"href":"https:\/\/analyse.optim.biz\/index.php?rest_route=\/wp\/v2\/posts\/2100305","targetHints":{"allow":["GET"]}}],"collection":[{"href":"https:\/\/analyse.optim.biz\/index.php?rest_route=\/wp\/v2\/posts"}],"about":[{"href":"https:\/\/analyse.optim.biz\/index.php?rest_route=\/wp\/v2\/types\/post"}],"author":[{"embeddable":true,"href":"https:\/\/analyse.optim.biz\/index.php?rest_route=\/wp\/v2\/users\/1"}],"replies":[{"embeddable":true,"href":"https:\/\/analyse.optim.biz\/index.php?rest_route=%2Fwp%2Fv2%2Fcomments&post=2100305"}],"version-history":[{"count":0,"href":"https:\/\/analyse.optim.biz\/index.php?rest_route=\/wp\/v2\/posts\/2100305\/revisions"}],"wp:attachment":[{"href":"https:\/\/analyse.optim.biz\/index.php?rest_route=%2Fwp%2Fv2%2Fmedia&parent=2100305"}],"wp:term":[{"taxonomy":"category","embeddable":true,"href":"https:\/\/analyse.optim.biz\/index.php?rest_route=%2Fwp%2Fv2%2Fcategories&post=2100305"},{"taxonomy":"post_tag","embeddable":true,"href":"https:\/\/analyse.optim.biz\/index.php?rest_route=%2Fwp%2Fv2%2Ftags&post=2100305"}],"curies":[{"name":"wp","href":"https:\/\/api.w.org\/{rel}","templated":true}]}}