{"id":2100303,"date":"2026-08-18T16:41:00","date_gmt":"2026-08-18T13:41:00","guid":{"rendered":"https:\/\/analyse.optim.biz\/?p=2100303"},"modified":"2026-08-18T16:41:00","modified_gmt":"2026-08-18T13:41:00","slug":"supercupa-buzaului-se-joaca-doua-etape-semifinalele-sambata-finala-pe-26-august","status":"publish","type":"post","link":"https:\/\/analyse.optim.biz\/?p=2100303","title":{"rendered":"Supercupa Buz\u0103ului se joac\u0103 dou\u0103 etape. Semifinalele s\u00e2mb\u0103t\u0103, finala pe 26 august"},"content":{"rendered":"<p>[analyse_image type=&#8221;featured&#8221; src=&#8221;https:\/\/www.campusbuzau.ro\/wp-content\/uploads\/2026\/08\/WhatsApp-Image-2026-08-17-at-22.20.39.jpeghttps:\/\/www.campusbuzau.ro\/wp-content\/uploads\/2026\/08\/WhatsApp-Image-2026-08-17-at-22.20.39.jpeg&#8221;]<\/p>\n<div class=\"entry-content\">\n<p><strong><em><mark class=\"has-inline-color has-maincolor-color\">Dup\u0103 c\u00e2\u021biva ani buni \u00een care Supercupa Buz\u0103ului a fost o afacere \u00eentre echipele din fotbalul jude\u021bean, edi\u021bia din acest an aduce din nou la start o forma\u021bie de Liga a III-a. Este vorba despre Petrolul, campioana jude\u021bului Buz\u0103u \u00een sezonul trecut, care a reu\u0219it promovarea \u00een e\u0219alonul al treilea \u0219i va avea astfel ocazia s\u0103 lupte pentru primul trofeu al sezonului \u00eempotriva unor adversare pe care le-a \u00eent\u00e2lnit \u00een fotbalul jude\u021bean.<\/mark><\/em><\/strong><\/p>\n<p>Competi\u021bia se va disputa \u00eencep\u00e2nd de s\u00e2mb\u0103t\u0103, 22 august, c\u00e2nd sunt programate cele dou\u0103 semifinale. De la ora 18.00, Petrolul Berca o va \u00eent\u00e2lni pe Carpa\u021bi Nehoiu, partida urm\u00e2nd s\u0103 se dispute pe terenul Diadema din Gher\u0103seni.<\/p>\n<p>\u00cen acela\u0219i timp, la baza Unirea C\u0103p\u0103\u021b\u00e2ne\u0219ti, pe terenul sintetic din M\u0103r\u0103cineni, se va juca cealalt\u0103 semifinal\u0103, \u00eentre Av\u00e2ntul Glodeanu-Sili\u0219tea \u0219i ACS Vadu Pa\u0219ii.<\/p>\n<p>Regulamentul competi\u021biei nu las\u0103 loc pentru prelungiri. \u00cen cazul \u00een care una dintre semifinale se \u00eencheie la egalitate dup\u0103 timpul regulamentar, c\u00e2\u0219tig\u0103toarea va fi stabilit\u0103 direct la loviturile de departajare.<\/p>\n<p>Finala Supercupei este programat\u0103 miercuri, 26 august, de la ora 18.00, la Pietroasele. Va fi meciul care va decide c\u00e2\u0219tig\u0103toarea trofeului, \u00eentr-o confruntare \u00een care Petrolul Berca poate bifa o premier\u0103 important\u0103 dup\u0103 promovarea \u00een Liga a III-a.<\/p>\n<p>Pentru forma\u021bia din Berca, competi\u021bia vine \u00eentr-un moment aparte. Pentru elevii lui Ionu\u021b Damir, semifinala Supercupei \u201cpic\u0103\u201d perfect, pentru a-i men\u021bine la un ritm decent. Asta deoarece Federa\u021bia Rom\u00e2n\u0103 de Fotbal \u00eenc\u0103 are probleme \u00een a completa seriile ligii a 3-a, p\u00e2n\u0103 acum nefiind anun\u021bat nici m\u0103car calendarul competi\u021biei.<\/p>\n<p>De specificat, anul acesta de\u021bin\u0103toarea nu-\u0219i va putea ap\u0103ra trofeul. Ast\u0103 var\u0103, Team S\u0103geata c\u00e2\u0219tiga, 4-2,\u00a0 dup\u0103 o final\u0103 cu Carpa\u021bi Nehoiu.<\/p>\n<figure class=\"wp-block-embed is-type-video is-provider-youtube wp-block-embed-youtube wp-embed-aspect-16-9 wp-has-aspect-ratio\">\n<div class=\"wp-block-embed__wrapper\">\n<iframe loading=\"lazy\" title=\"SUPERCUPA BUZ\u0102ULUI SE JOAC\u0102 \u00ceN DOU\u0102 ETAPE\" width=\"500\" height=\"281\" src=\"https:\/\/www.youtube.com\/embed\/zuwgR6WNSKI?feature=oembed\" frameborder allow=\"accelerometer; autoplay; clipboard-write; encrypted-media; gyroscope; picture-in-picture; web-share\" referrerpolicy=\"strict-origin-when-cross-origin\" allowfullscreen><\/iframe>\n<\/div>\n<\/figure>\n<\/div>\n<p>[analyse_source url=&#8221;https:\/\/www.campusbuzau.ro\/supercupa-buzaului-se-joaca-doua-etape-semifinalele-sambata-finala-pe-26-august\/&#8221;]<\/p>\n","protected":false},"excerpt":{"rendered":"<p>[analyse_image type=&#8221;featured&#8221; src=&#8221;https:\/\/www.campusbuzau.ro\/wp-content\/uploads\/2026\/08\/WhatsApp-Image-2026-08-17-at-22.20.39.jpeghttps:\/\/www.campusbuzau.ro\/wp-content\/uploads\/2026\/08\/WhatsApp-Image-2026-08-17-at-22.20.39.jpeg&#8221;] Dup\u0103 c\u00e2\u021biva ani buni \u00een care Supercupa Buz\u0103ului a fost o afacere \u00eentre echipele din fotbalul jude\u021bean, edi\u021bia din acest an aduce din nou la start o forma\u021bie de Liga a III-a. Este vorba despre Petrolul, campioana jude\u021bului Buz\u0103u \u00een sezonul trecut, care a reu\u0219it promovarea \u00een e\u0219alonul al treilea \u0219i va [&hellip;]<\/p>\n","protected":false},"author":1,"featured_media":0,"comment_status":"open","ping_status":"","sticky":false,"template":"","format":"standard","meta":{"footnotes":""},"categories":[2],"tags":[118,226],"class_list":["post-2100303","post","type-post","status-publish","format-standard","hentry","category-politics","tag-campusbuzau-ro","tag-crawlmanager"],"_links":{"self":[{"href":"https:\/\/analyse.optim.biz\/index.php?rest_route=\/wp\/v2\/posts\/2100303","targetHints":{"allow":["GET"]}}],"collection":[{"href":"https:\/\/analyse.optim.biz\/index.php?rest_route=\/wp\/v2\/posts"}],"about":[{"href":"https:\/\/analyse.optim.biz\/index.php?rest_route=\/wp\/v2\/types\/post"}],"author":[{"embeddable":true,"href":"https:\/\/analyse.optim.biz\/index.php?rest_route=\/wp\/v2\/users\/1"}],"replies":[{"embeddable":true,"href":"https:\/\/analyse.optim.biz\/index.php?rest_route=%2Fwp%2Fv2%2Fcomments&post=2100303"}],"version-history":[{"count":0,"href":"https:\/\/analyse.optim.biz\/index.php?rest_route=\/wp\/v2\/posts\/2100303\/revisions"}],"wp:attachment":[{"href":"https:\/\/analyse.optim.biz\/index.php?rest_route=%2Fwp%2Fv2%2Fmedia&parent=2100303"}],"wp:term":[{"taxonomy":"category","embeddable":true,"href":"https:\/\/analyse.optim.biz\/index.php?rest_route=%2Fwp%2Fv2%2Fcategories&post=2100303"},{"taxonomy":"post_tag","embeddable":true,"href":"https:\/\/analyse.optim.biz\/index.php?rest_route=%2Fwp%2Fv2%2Ftags&post=2100303"}],"curies":[{"name":"wp","href":"https:\/\/api.w.org\/{rel}","templated":true}]}}