{"id":2100298,"date":"2026-08-18T08:59:47","date_gmt":"2026-08-18T05:59:47","guid":{"rendered":"https:\/\/analyse.optim.biz\/?p=2100298"},"modified":"2026-08-18T08:59:47","modified_gmt":"2026-08-18T05:59:47","slug":"biaf-la-ramnicu-sarat-trei-zile-de-distractie-pentru-copii-si-adulti-iata-programul-evenimentelor","status":"publish","type":"post","link":"https:\/\/analyse.optim.biz\/?p=2100298","title":{"rendered":"BIAF la R\u00e2mnicu S\u0103rat. Trei zile de distrac\u021bie pentru copii \u0219i adul\u021bi. Iat\u0103 programul evenimentelor!"},"content":{"rendered":"<p>[analyse_image type=&#8221;featured&#8221; src=&#8221;https:\/\/www.campusbuzau.ro\/wp-content\/uploads\/2026\/08\/biaf-rm-sarat.jpeghttps:\/\/www.campusbuzau.ro\/wp-content\/uploads\/2026\/08\/biaf-rm-sarat.jpeg&#8221;]<\/p>\n<div class=\"entry-content\">\n<p><strong><em><a href=\"https:\/\/www.facebook.com\/biafRomania\" data-type=\"link\" data-id=\"https:\/\/www.facebook.com\/biafRomania\">Buz\u0103u International Arts Festival<\/a><\/em> ajunge \u0219i \u00een R\u00e2mnicu S\u0103rat, unde vor fi trei zile de distrac\u021bie at\u00e2t pentru copii, c\u00e2t \u0219i pentru adul\u021bi. <\/strong><\/p>\n<p><strong>Vineri, s\u00e2mb\u0103t\u0103 \u0219i duminic\u0103, r\u00e2mnicenii vor avea parte de mai multe evenimente, la <a href=\"https:\/\/www.facebook.com\/centrulculturalfloricacristoforeanu\" data-type=\"link\" data-id=\"https:\/\/www.facebook.com\/centrulculturalfloricacristoforeanu\"><em>Centrul Cultural \u201eFlorica Cristoforeanu\u201d<\/em><\/a>. <\/strong><\/p>\n<figure class=\"wp-block-image size-large\"><img loading=\"lazy\" decoding=\"async\" width=\"700\" height=\"1024\" src=\"https:\/\/www.campusbuzau.ro\/wp-content\/uploads\/2026\/08\/WhatsApp-Image-2026-08-18-at-11.26.51-700x1024.jpeg\" alt class=\"wp-image-156440\"><\/figure>\n<p><strong>VINERI<\/strong><\/p>\n<p><strong>PENTRU COPII<\/strong><\/p>\n<p>17:00 \u2013 Filmul \u201ePok\u00e9mon \u2013 Detectivul Pikachu\u201d<br \/>19:00 \u2013 Teatru pentru copii \u201eCol\u021bi\u0219or\u201d<\/p>\n<p><strong>PENTRU ADOLESCEN\u021aI \u0218I ADUL\u021aI<\/strong><br \/>17:00 \u2013 Expozi\u021bie fotografie de platou Theodor Tudose \u2013 \u201eNebunul\u201d<\/p>\n<p><strong>S\u00c2MB\u0102T\u0102<\/strong><\/p>\n<p><strong>PENTRU COPII<\/strong><br \/>17:00 \u2013 Desene animate \u201eGOAT \u2013 Cel mai tare din parcare\u201d<br \/>18:30 \u2013 21:30 \u2013 Picioroange, ateliere pentru copii, jonglerii<\/p>\n<p><strong>PENTRU ADOLESCEN\u021aI \u0218I ADUL\u021aI<\/strong><br \/>15:00 \u2013 Filmul \u201eSuperman\u201d<br \/>19:00 \u2013 Filmul \u201eNebunul\u201d<\/p>\n<p><strong>DUMINIC\u0102<\/strong><\/p>\n<p><strong>PENTRU COPII<\/strong><br \/>17:00 \u2013 Desene animate \u201eMoana 2\u201d<br \/>18:30 \u2013 21:30 \u2013 Picioroange, ateliere pentru copii, jonglerii<\/p>\n<p><strong>PENTRU ADOLESCEN\u021aI \u0218I ADUL\u021aI<\/strong><br \/>15:00 \u2013 Filmul \u201eThe Movie\u201d<br \/>19:00 \u2013 Teatru \u201e\u00cembl\u00e2nzirea scorpiei\u201d<\/p>\n<\/div>\n<p>[analyse_source url=&#8221;https:\/\/www.campusbuzau.ro\/biaf-ramnicu-sarat-program-evenimente\/&#8221;]<\/p>\n","protected":false},"excerpt":{"rendered":"<p>[analyse_image type=&#8221;featured&#8221; src=&#8221;https:\/\/www.campusbuzau.ro\/wp-content\/uploads\/2026\/08\/biaf-rm-sarat.jpeghttps:\/\/www.campusbuzau.ro\/wp-content\/uploads\/2026\/08\/biaf-rm-sarat.jpeg&#8221;] Buz\u0103u International Arts Festival ajunge \u0219i \u00een R\u00e2mnicu S\u0103rat, unde vor fi trei zile de distrac\u021bie at\u00e2t pentru copii, c\u00e2t \u0219i pentru adul\u021bi. Vineri, s\u00e2mb\u0103t\u0103 \u0219i duminic\u0103, r\u00e2mnicenii vor avea parte de mai multe evenimente, la Centrul Cultural \u201eFlorica Cristoforeanu\u201d. VINERI PENTRU COPII 17:00 \u2013 Filmul \u201ePok\u00e9mon \u2013 Detectivul Pikachu\u201d19:00 \u2013 Teatru [&hellip;]<\/p>\n","protected":false},"author":1,"featured_media":0,"comment_status":"open","ping_status":"","sticky":false,"template":"","format":"standard","meta":{"footnotes":""},"categories":[2],"tags":[118,226],"class_list":["post-2100298","post","type-post","status-publish","format-standard","hentry","category-politics","tag-campusbuzau-ro","tag-crawlmanager"],"_links":{"self":[{"href":"https:\/\/analyse.optim.biz\/index.php?rest_route=\/wp\/v2\/posts\/2100298","targetHints":{"allow":["GET"]}}],"collection":[{"href":"https:\/\/analyse.optim.biz\/index.php?rest_route=\/wp\/v2\/posts"}],"about":[{"href":"https:\/\/analyse.optim.biz\/index.php?rest_route=\/wp\/v2\/types\/post"}],"author":[{"embeddable":true,"href":"https:\/\/analyse.optim.biz\/index.php?rest_route=\/wp\/v2\/users\/1"}],"replies":[{"embeddable":true,"href":"https:\/\/analyse.optim.biz\/index.php?rest_route=%2Fwp%2Fv2%2Fcomments&post=2100298"}],"version-history":[{"count":0,"href":"https:\/\/analyse.optim.biz\/index.php?rest_route=\/wp\/v2\/posts\/2100298\/revisions"}],"wp:attachment":[{"href":"https:\/\/analyse.optim.biz\/index.php?rest_route=%2Fwp%2Fv2%2Fmedia&parent=2100298"}],"wp:term":[{"taxonomy":"category","embeddable":true,"href":"https:\/\/analyse.optim.biz\/index.php?rest_route=%2Fwp%2Fv2%2Fcategories&post=2100298"},{"taxonomy":"post_tag","embeddable":true,"href":"https:\/\/analyse.optim.biz\/index.php?rest_route=%2Fwp%2Fv2%2Ftags&post=2100298"}],"curies":[{"name":"wp","href":"https:\/\/api.w.org\/{rel}","templated":true}]}}