{"id":2100293,"date":"2026-08-17T09:57:50","date_gmt":"2026-08-17T06:57:50","guid":{"rendered":"https:\/\/analyse.optim.biz\/?p=2100293"},"modified":"2026-08-17T09:57:50","modified_gmt":"2026-08-17T06:57:50","slug":"40-de-copii-cu-rezultate-bune-la-invatatura-au-plecat-in-tabere-gratuite-la-colti","status":"publish","type":"post","link":"https:\/\/analyse.optim.biz\/?p=2100293","title":{"rendered":"40 de copii cu rezultate bune la \u00eenv\u0103\u021b\u0103tur\u0103 au plecat \u00een tabere gratuite la Col\u021bi"},"content":{"rendered":"<p>[analyse_image type=&#8221;featured&#8221; src=&#8221;https:\/\/www.observatorulbuzoian.ro\/wp-content\/uploads\/2026\/08\/Tabere-CJ-Buzau-5.jpg&#8221;]<\/p>\n<div class=\"td-post-content tagdiv-type\">\n<p class=\"isSelectedEnd\">Patruzeci de copii din jude\u021bul Buz\u0103u particip\u0103, \u00een perioada 17\u201320 august, la dou\u0103 tabere gratuite organizate de Consiliul Jude\u021bean Buz\u0103u \u00een comuna Col\u021bi. Programul se adreseaz\u0103 copiilor din medii defavorizate care au ob\u021binut rezultate foarte bune la \u00eenv\u0103\u021b\u0103tur\u0103.<\/p>\n<p class=\"isSelectedEnd\">Ini\u021biativa se afl\u0103 la cea de-a doua edi\u021bie, dup\u0103 ce Consiliul Jude\u021bean Buz\u0103u a organizat astfel de tabere \u0219i anul trecut.<\/p>\n<p>                    #tdi_63  .td-doubleSlider-2 .td-item1 {<br \/>\n                        background: url(https:\/\/www.observatorulbuzoian.ro\/wp-content\/uploads\/2026\/08\/Tabere-CJ-Buzau-1-80&#215;60.jpg) 0 0 no-repeat;<br \/>\n                    }<br \/>\n                    #tdi_63  .td-doubleSlider-2 .td-item2 {<br \/>\n                        background: url(https:\/\/www.observatorulbuzoian.ro\/wp-content\/uploads\/2026\/08\/Tabere-CJ-Buzau-2-80&#215;60.jpg) 0 0 no-repeat;<br \/>\n                    }<br \/>\n                    #tdi_63  .td-doubleSlider-2 .td-item3 {<br \/>\n                        background: url(https:\/\/www.observatorulbuzoian.ro\/wp-content\/uploads\/2026\/08\/Tabere-CJ-Buzau-3-80&#215;60.jpg) 0 0 no-repeat;<br \/>\n                    }<br \/>\n                    #tdi_63  .td-doubleSlider-2 .td-item4 {<br \/>\n                        background: url(https:\/\/www.observatorulbuzoian.ro\/wp-content\/uploads\/2026\/08\/Tabere-CJ-Buzau-4-80&#215;60.jpg) 0 0 no-repeat;<br \/>\n                    }<br \/>\n                    #tdi_63  .td-doubleSlider-2 .td-item5 {<br \/>\n                        background: url(https:\/\/www.observatorulbuzoian.ro\/wp-content\/uploads\/2026\/08\/Tabere-CJ-Buzau-5-80&#215;60.jpg) 0 0 no-repeat;<br \/>\n                    }<br \/>\n                    #tdi_63  .td-doubleSlider-2 .td-item6 {<br \/>\n                        background: url(https:\/\/www.observatorulbuzoian.ro\/wp-content\/uploads\/2026\/08\/Tabere-CJ-Buzau-6-80&#215;60.jpg) 0 0 no-repeat;<br \/>\n                    }<br \/>\n                    #tdi_63  .td-doubleSlider-2 .td-item7 {<br \/>\n                        background: url(https:\/\/www.observatorulbuzoian.ro\/wp-content\/uploads\/2026\/08\/Tabere-CJ-Buzau-7-80&#215;60.jpg) 0 0 no-repeat;<br \/>\n                    }<\/p>\n<div id=\"tdi_63\" class=\"td-gallery td-slide-on-2-columns\">\n<div class=\"post_td_gallery\">\n<div class=\"td-gallery-slide-top\">\n<div class=\"td-gallery-controls-wrapper\">\n<div class=\"td-gallery-slide-count\"><span class=\"td-gallery-slide-item-focus\">1<\/span> de 7<\/div>\n<\/div>\n<\/div>\n<div class=\"td-doubleSlider-1 \">\n<div class=\"td-slider\">\n<div class=\"td-slide-item td-item1\">\n<figure class=\"td-slide-galery-figure td-slide-popup-gallery\"><a class=\"slide-gallery-image-link\" href=\"https:\/\/www.observatorulbuzoian.ro\/wp-content\/uploads\/2026\/08\/Tabere-CJ-Buzau-1.jpg\" title=\"Tabere CJ Buzau-1\" data-caption data-description><img decoding=\"async\" src=\"https:\/\/www.observatorulbuzoian.ro\/wp-content\/uploads\/2026\/08\/Tabere-CJ-Buzau-1-627x420.jpg\" alt><img decoding=\"async\" src=\"https:\/\/www.observatorulbuzoian.ro\/wp-content\/uploads\/2026\/08\/Tabere-CJ-Buzau-1-627x420.jpg\" alt><\/a><\/figure>\n<\/div>\n<div class=\"td-slide-item td-item2\">\n<figure class=\"td-slide-galery-figure td-slide-popup-gallery\"><a class=\"slide-gallery-image-link\" href=\"https:\/\/www.observatorulbuzoian.ro\/wp-content\/uploads\/2026\/08\/Tabere-CJ-Buzau-2.jpg\" title=\"Tabere CJ Buzau-2\" data-caption data-description><img decoding=\"async\" src=\"https:\/\/www.observatorulbuzoian.ro\/wp-content\/uploads\/2026\/08\/Tabere-CJ-Buzau-2-628x420.jpg\" alt><img decoding=\"async\" src=\"https:\/\/www.observatorulbuzoian.ro\/wp-content\/uploads\/2026\/08\/Tabere-CJ-Buzau-2-628x420.jpg\" alt><\/a><\/figure>\n<\/div>\n<div class=\"td-slide-item td-item3\">\n<figure class=\"td-slide-galery-figure td-slide-popup-gallery\"><a class=\"slide-gallery-image-link\" href=\"https:\/\/www.observatorulbuzoian.ro\/wp-content\/uploads\/2026\/08\/Tabere-CJ-Buzau-3.jpg\" title=\"Tabere CJ Buzau-3\" data-caption data-description><img decoding=\"async\" src=\"https:\/\/www.observatorulbuzoian.ro\/wp-content\/uploads\/2026\/08\/Tabere-CJ-Buzau-3-629x420.jpg\" alt><img decoding=\"async\" src=\"https:\/\/www.observatorulbuzoian.ro\/wp-content\/uploads\/2026\/08\/Tabere-CJ-Buzau-3-629x420.jpg\" alt><\/a><\/figure>\n<\/div>\n<div class=\"td-slide-item td-item4\">\n<figure class=\"td-slide-galery-figure td-slide-popup-gallery\"><a class=\"slide-gallery-image-link\" href=\"https:\/\/www.observatorulbuzoian.ro\/wp-content\/uploads\/2026\/08\/Tabere-CJ-Buzau-4.jpg\" title=\"Tabere CJ Buzau-4\" data-caption data-description><img decoding=\"async\" src=\"https:\/\/www.observatorulbuzoian.ro\/wp-content\/uploads\/2026\/08\/Tabere-CJ-Buzau-4-630x420.jpg\" alt><img decoding=\"async\" src=\"https:\/\/www.observatorulbuzoian.ro\/wp-content\/uploads\/2026\/08\/Tabere-CJ-Buzau-4-630x420.jpg\" alt><\/a><\/figure>\n<\/div>\n<div class=\"td-slide-item td-item5\">\n<figure class=\"td-slide-galery-figure td-slide-popup-gallery\"><a class=\"slide-gallery-image-link\" href=\"https:\/\/www.observatorulbuzoian.ro\/wp-content\/uploads\/2026\/08\/Tabere-CJ-Buzau-5.jpg\" title=\"Tabere CJ Buzau-5\" data-caption data-description><img decoding=\"async\" src=\"https:\/\/www.observatorulbuzoian.ro\/wp-content\/uploads\/2026\/08\/Tabere-CJ-Buzau-5-628x420.jpg\" alt><img decoding=\"async\" src=\"https:\/\/www.observatorulbuzoian.ro\/wp-content\/uploads\/2026\/08\/Tabere-CJ-Buzau-5-628x420.jpg\" alt><\/a><\/figure>\n<\/div>\n<div class=\"td-slide-item td-item6\">\n<figure class=\"td-slide-galery-figure td-slide-popup-gallery\"><a class=\"slide-gallery-image-link\" href=\"https:\/\/www.observatorulbuzoian.ro\/wp-content\/uploads\/2026\/08\/Tabere-CJ-Buzau-6.jpg\" title=\"Tabere CJ Buzau-6\" data-caption data-description><img decoding=\"async\" src=\"https:\/\/www.observatorulbuzoian.ro\/wp-content\/uploads\/2026\/08\/Tabere-CJ-Buzau-6-630x420.jpg\" alt><img decoding=\"async\" src=\"https:\/\/www.observatorulbuzoian.ro\/wp-content\/uploads\/2026\/08\/Tabere-CJ-Buzau-6-630x420.jpg\" alt><\/a><\/figure>\n<\/div>\n<div class=\"td-slide-item td-item7\">\n<figure class=\"td-slide-galery-figure td-slide-popup-gallery\"><a class=\"slide-gallery-image-link\" href=\"https:\/\/www.observatorulbuzoian.ro\/wp-content\/uploads\/2026\/08\/Tabere-CJ-Buzau-7.jpg\" title=\"Tabere CJ Buzau-7\" data-caption data-description><img decoding=\"async\" src=\"https:\/\/www.observatorulbuzoian.ro\/wp-content\/uploads\/2026\/08\/Tabere-CJ-Buzau-7-627x420.jpg\" alt><img decoding=\"async\" src=\"https:\/\/www.observatorulbuzoian.ro\/wp-content\/uploads\/2026\/08\/Tabere-CJ-Buzau-7-627x420.jpg\" alt><\/a><\/figure>\n<\/div>\n<\/div>\n<\/div>\n<\/div>\n<\/div>\n<p class=\"isSelectedEnd\">Cei 40 de beneficiari sunt \u00eemp\u0103r\u021bi\u021bi \u00een dou\u0103 grupuri de c\u00e2te 20 de copii. Primul grup este format din elevi proveni\u021bi din mai multe localit\u0103\u021bi ale jude\u021bului, iar cel de-al doilea din copii afla\u021bi \u00een eviden\u021ba Direc\u021biei Generale de Asisten\u021b\u0103 Social\u0103 \u0219i Protec\u021bia Copilului Buz\u0103u.<\/p>\n<p class=\"isSelectedEnd\">Participan\u021bii sunt caza\u021bi la Casa Lila \u0219i Aluni\u0219 Retreat, \u00een regim de pensiune complet\u0103. Pe parcursul celor patru zile, copiii vor lua parte la un atelier de ol\u0103rit, vor face drume\u021bii \u00een c\u0103utarea chihlimbarului \u0219i vor vizita Muzeul Chihlimbarului din Col\u021bi.<\/p>\n<p class=\"isSelectedEnd\">Activit\u0103\u021bile au fost concepute pentru a \u00eembina explorarea naturii cu descoperirea me\u0219te\u0219ugurilor \u0219i a tradi\u021biilor locale.<\/p>\n<p>Potrivit reprezentan\u021bilor Consiliului Jude\u021bean Buz\u0103u, taberele au \u0219i o important\u0103 component\u0103 educativ\u0103, contribuind la dezvoltarea personal\u0103, social\u0103 \u0219i emo\u021bional\u0103 a copiilor. Experien\u021bele tr\u0103ite \u00eempreun\u0103 \u00eei pot ajuta pe elevi s\u0103 \u00ee\u0219i dezvolte spiritul de echip\u0103, s\u0103 capete mai mult\u0103 \u00eencredere \u00een propriile for\u021be \u0219i s\u0103 cunoasc\u0103 mai bine tradi\u021biile zonei.<\/p>\n<\/div>\n<p>[analyse_source url=&#8221;https:\/\/www.observatorulbuzoian.ro\/40-de-copii-cu-rezultate-bune-la-invatatura-au-plecat-in-tabere-gratuite-la-colti\/&#8221;]<\/p>\n","protected":false},"excerpt":{"rendered":"<p>[analyse_image type=&#8221;featured&#8221; src=&#8221;https:\/\/www.observatorulbuzoian.ro\/wp-content\/uploads\/2026\/08\/Tabere-CJ-Buzau-5.jpg&#8221;] Patruzeci de copii din jude\u021bul Buz\u0103u particip\u0103, \u00een perioada 17\u201320 august, la dou\u0103 tabere gratuite organizate de Consiliul Jude\u021bean Buz\u0103u \u00een comuna Col\u021bi. Programul se adreseaz\u0103 copiilor din medii defavorizate care au ob\u021binut rezultate foarte bune la \u00eenv\u0103\u021b\u0103tur\u0103. Ini\u021biativa se afl\u0103 la cea de-a doua edi\u021bie, dup\u0103 ce Consiliul Jude\u021bean Buz\u0103u a [&hellip;]<\/p>\n","protected":false},"author":1,"featured_media":0,"comment_status":"open","ping_status":"","sticky":false,"template":"","format":"standard","meta":{"footnotes":""},"categories":[2],"tags":[226,82],"class_list":["post-2100293","post","type-post","status-publish","format-standard","hentry","category-politics","tag-crawlmanager","tag-observatorulbuzoian-ro"],"_links":{"self":[{"href":"https:\/\/analyse.optim.biz\/index.php?rest_route=\/wp\/v2\/posts\/2100293","targetHints":{"allow":["GET"]}}],"collection":[{"href":"https:\/\/analyse.optim.biz\/index.php?rest_route=\/wp\/v2\/posts"}],"about":[{"href":"https:\/\/analyse.optim.biz\/index.php?rest_route=\/wp\/v2\/types\/post"}],"author":[{"embeddable":true,"href":"https:\/\/analyse.optim.biz\/index.php?rest_route=\/wp\/v2\/users\/1"}],"replies":[{"embeddable":true,"href":"https:\/\/analyse.optim.biz\/index.php?rest_route=%2Fwp%2Fv2%2Fcomments&post=2100293"}],"version-history":[{"count":0,"href":"https:\/\/analyse.optim.biz\/index.php?rest_route=\/wp\/v2\/posts\/2100293\/revisions"}],"wp:attachment":[{"href":"https:\/\/analyse.optim.biz\/index.php?rest_route=%2Fwp%2Fv2%2Fmedia&parent=2100293"}],"wp:term":[{"taxonomy":"category","embeddable":true,"href":"https:\/\/analyse.optim.biz\/index.php?rest_route=%2Fwp%2Fv2%2Fcategories&post=2100293"},{"taxonomy":"post_tag","embeddable":true,"href":"https:\/\/analyse.optim.biz\/index.php?rest_route=%2Fwp%2Fv2%2Ftags&post=2100293"}],"curies":[{"name":"wp","href":"https:\/\/api.w.org\/{rel}","templated":true}]}}