{"id":2100209,"date":"2026-08-18T23:30:00","date_gmt":"2026-08-18T20:30:00","guid":{"rendered":"https:\/\/analyse.optim.biz\/?p=2100209"},"modified":"2026-08-18T23:30:00","modified_gmt":"2026-08-18T20:30:00","slug":"noaptea-muzeelor-la-sate-ajunge-in-patru-locuri-din-judet-arta-traditii-obiceiuri-mestesuguri-istorie-de-vazut-pe-29-august","status":"publish","type":"post","link":"https:\/\/analyse.optim.biz\/?p=2100209","title":{"rendered":"Noaptea Muzeelor la Sate ajunge \u00een patru\u00a0locuri din jude\u021b. Art\u0103, tradi\u021bii, obiceiuri, me\u0219te\u0219uguri, istorie, de v\u0103zut pe 29 august!"},"content":{"rendered":"<p>[analyse_image type=&#8221;featured&#8221; src=&#8221;https:\/\/www.monitoruldevaslui.ro\/wp-content\/uploads\/2026\/08\/Noaptea-muzeelor-sate-Vaslui-2026.png&#8221;]<\/p>\n<div class=\"tdb-block-inner td-fix-index\"><a class=\"tdb-logo-a\" href=\"https:\/\/www.monitoruldevaslui.ro\/\"><span class=\"tdb-logo-img-wrap\"><img decoding=\"async\" class=\"tdb-logo-img td-retina-data\" data-retina=\"https:\/\/www.monitoruldevaslui.ro\/wp-content\/uploads\/2025\/07\/Monitorul-logo-motto-2.png\" src=\"https:\/\/www.monitoruldevaslui.ro\/wp-content\/uploads\/2025\/07\/Monitorul-logo-motto-2.png\" alt=\"Logo\" title><\/span><span class=\"tdb-logo-text-wrap\"><span class=\"tdb-logo-text-title\">News<\/span><span class=\"tdb-logo-text-tagline\">Hub<\/span><\/span><\/a><\/div>\n<div class=\"tdb-block-inner td-fix-index\"><a class=\"tdb-logo-a\" href=\"https:\/\/www.monitoruldevaslui.ro\/\"><span class=\"tdb-logo-img-wrap\"><img decoding=\"async\" class=\"tdb-logo-img td-retina-data\" data-retina=\"https:\/\/www.monitoruldevaslui.ro\/wp-content\/uploads\/2025\/07\/Monitorul-logo-motto-2.png\" src=\"https:\/\/www.monitoruldevaslui.ro\/wp-content\/uploads\/2025\/07\/Monitorul-logo-motto-2.png\" alt=\"Logo\" title><\/span><\/a><\/div>\n<div class=\"tdb-block-inner td-fix-index\">\n<div class=\"tdb-weather-deg-wrap\" data-block-uid=\"tdb_header_weather_uid\"><span class=\"tdb-weather-deg\">16.7<\/span><span class=\"tdb-weather-unit\">C<\/span><\/div>\n<div class=\"tdb-weather-city\">Vaslui<\/div>\n<\/div>\n<div class=\"td-post-content tagdiv-type\">\n<p class=\"wp-block-paragraph\"><strong>\u201e<\/strong><strong>Col\u021bi\u0219orul meu de alt\u0103dat\u0103<\/strong><strong>\u201d, cu \u201eicoane, candele \u0219i taine\u201d; <\/strong><strong>Muzeului Etnografic \u201eGheorghe Foc\u0219a\u201d din \u0218uletea<\/strong><strong>, cu <\/strong><strong>patrimoniul etnografic local<\/strong><strong>; <\/strong><strong>muzeul s\u0103tesc \u201eCasa R\u0103z\u0103\u0219ului\u201d Pogone\u0219ti<\/strong><strong>, cu via\u021ba r\u0103ze\u0219ilor \u00een m\u0103rturii \u0219i documente; \u0219i <\/strong><strong>Muzeul S\u0103tesc din Sauca<\/strong><strong>, cu <\/strong><strong>me\u0219te\u0219uguri, tradi\u021bii, obiceiuri, art<\/strong><strong>\u0103<\/strong><strong>\u00a0popular\u0103<\/strong><strong>\u00a0\u0219i<\/strong><strong>\u00a0art<\/strong><strong>\u0103<\/strong><strong>\u00a0culinar\u0103<\/strong><strong>, vor <\/strong><strong>particip<\/strong><strong>a<\/strong><strong>\u00a0s\u00e2mb\u0103t\u0103, 29 august 2026, la edi\u021bia a IV-a a evenimentului \u201eNoaptea Muzeelor la Sate\u201d. Programul se desf\u0103\u0219oar\u0103 \u00eentre orele 16:00 \u0219i 22:00, iar accesul publicului este gratuit.<\/strong><\/p>\n<div class=\"wp-block-image\">\n<figure class=\"aligncenter size-large is-resized\"><img loading=\"lazy\" decoding=\"async\" width=\"1024\" height=\"585\" src=\"https:\/\/www.monitoruldevaslui.ro\/wp-content\/uploads\/2026\/08\/Noaptea-muzeelor-sate-Vaslui-2026-1024x585.png\" alt class=\"wp-image-99989\"><\/figure>\n<\/div>\n<p class=\"wp-block-paragraph\">\u00cen \u00eentreaga \u021bar\u0103, edi\u021bia din acest an a evenimentului \u201eNoaptea muzeelor la sate\u201d are 161 de obiective, \u00een 36 de jude\u021be \u0219i 11 raioane din Republica Moldova.\u00a0\u00cen jude\u021bul Vaslui exist\u0103 patru obiective\u00a0muzeale, care\u00a0\u00ee\u0219i vor deschide\u00a0por\u021bile s\u00e2mb\u0103t\u0103, 29 august 2026, pentru \u201eNoaptea Muzeelor la Sate\u201d, manifestare ajuns\u0103 \u00een acest an la cea de-a IV-a edi\u021bie.<\/p>\n<p class=\"wp-block-paragraph\">Iat\u0103 prezentarea acestora de c\u0103tre organizatori<\/p>\n<p class=\"wp-block-paragraph\">\u201eLa edi\u021bia din acest an a Nop\u021bii Muzeelor, <strong>Col\u021bi\u0219orul meu de alt\u0103dat\u0103<\/strong>\u00a0\u00ee\u0219i deschide por\u021bile pentru o experien\u021b\u0103 imersiv\u0103 dedicat\u0103 dorului, mo\u0219tenirii str\u0103bune \u0219i tihnei de alt\u0103dat\u0103. Sub conceptul \u201eIcoane, candele \u0219i taine: Analize la lumina l\u0103mpii\u201d, transform\u0103m spa\u021biul expozi\u021bional \u00eentr-o vatr\u0103 vie a satului rom\u00e2nesc, unde sacrul se \u00eemplete\u0219te cu via\u021ba de zi cu zi, iar lumina cald\u0103 a l\u0103mpilor cu gaz aduce la via\u021b\u0103 pove\u0219ti uitate.<\/p>\n<p class=\"wp-block-paragraph\">Program \u0219i puncte de atrac\u021bie<\/p>\n<p class=\"wp-block-paragraph\">Scurt\u0103 expozi\u021bie de icoane \u0219i l\u0103mpi vechi.\u00a0O colec\u021bie deosebit\u0103 de icoane vechi, candele \u0219i l\u0103mpi de colec\u021bie aduse de colaboratorul nostru, Lavin Teslariu, care ofer\u0103 pretextul perfect pentru a ne opri \u0219i a face \u201eanalize\u201d calde, la lumina l\u0103mpii, despre credin\u021b\u0103, trecut \u0219i taine str\u0103bune.<\/p>\n<p class=\"wp-block-paragraph\">Atelier pentru copii. \u201eScrisori de alt\u0103dat\u0103\u201d:\u00a0Cei mici sunt invita\u021bi s\u0103 redescopere farmecul coresponden\u021bei scrise de m\u00e2n\u0103! Cu h\u00e2rtie patinat\u0103, peni\u021b\u0103, cerneal\u0103 \u0219i pecete de cear\u0103, copiii vor \u00eenv\u0103\u021ba s\u0103 a\u0219tearn\u0103 pe h\u00e2rtie g\u00e2nduri, secrete \u0219i scrisori dedicate bunicilor, p\u0103rin\u021bilor sau prietenilor, la fel ca pe vremuri.<\/p>\n<p class=\"wp-block-paragraph\">Lada de zestre. Costume populare \u0219i me\u0219te\u0219uguri:\u00a0O expunere dedicat\u0103 portului tradi\u021bional rom\u00e2nesc \u0219i m\u0103iestriei lucrului de m\u00e2n\u0103, celebr\u00e2nd frumuse\u021bea \u0219i migala me\u0219te\u0219ugurilor autentice.<\/p>\n<p class=\"wp-block-paragraph\">Degustare de bucate tradi\u021bionale.\u00a0Vizitatorii sunt pofti\u021bi s\u0103 guste din bucate preg\u0103tite dup\u0103 re\u021bete vechi, la fel ca la \u0219ez\u0103torile de alt\u0103dat\u0103.<\/p>\n<p class=\"wp-block-paragraph\">Jocurile copil\u0103riei de alt\u0103dat\u0103.\u00a0Un spa\u021biu interactiv unde cei mici redescoper\u0103 bucuria jocurilor simple din uli\u021ba satului, iar cei mari \u00ee\u0219i pot reaminti de anii copil\u0103riei.<\/p>\n<p class=\"wp-block-paragraph\">Proiec\u021bie de film rom\u00e2nesc.\u00a0Serat\u0103 cinematografic\u0103 dedicat\u0103 unui film clasic rom\u00e2nesc, rulat \u00eentr-o atmosfer\u0103 plin\u0103 de nostalgie \u0219i farmec retro.<\/p>\n<p class=\"wp-block-paragraph\">Sesiuni de povestiri la lumina l\u0103mpii<\/p>\n<p class=\"wp-block-paragraph\">Evenimentul se va \u00eencheia cu sesiuni de povestiri la lumina l\u0103mpii, unde b\u0103tr\u00e2nii satului vor \u00eemp\u0103rt\u0103\u0219i amintiri \u0219i legende locale. Mituri, obiceiuri, supersti\u021bii, toate vor putea fi dezvoltate \u00een cadrul evenimentului. \u00cen aceast\u0103 atmosfer\u0103 intim\u0103 \u0219i plin\u0103 de c\u0103ldur\u0103, vizitatorii vor putea asculta pove\u0219ti despre via\u021ba de odinioar\u0103, despre obiceiuri \u0219i tradi\u021bii care au modelat identitatea comunit\u0103\u021bii din B\u0103lteni. Aceste sesiuni vor fi o adev\u0103rat\u0103 c\u0103l\u0103torie \u00een timp, oferind o perspectiv\u0103 vie asupra istoriei \u0219i culturii satului\u201d.<\/p>\n<p class=\"wp-block-paragraph\">\u201eMuzeul \u201eVasile P\u00e2rvan\u201d din B\u00e2rlad s-a al\u0103turat, cu mul\u021bi ani \u00een urm\u0103, ini\u021biativei \u201eNoaptea Muzeelor\u201d, propun\u00e2nd de fiecare dat\u0103 publicului evenimente cu un bogat con\u021binut cultural \u0219i \u0219tiin\u021bific, menite s\u0103 valorifice \u0219i s\u0103 promoveze patrimoniul muzeal \u0219i s\u0103 faciliteze accesul comunit\u0103\u021bii la cultur\u0103.<\/p>\n<p class=\"wp-block-paragraph\">\u00cencep\u00e2nd cu data de 24 iunie 2026, patrimoniul \u0219i activitatea Muzeului \u201eVasile P\u00e2rvan\u201d s-au extins prin includerea \u00een circuitul muzeal a <strong>Muzeului Etnografic \u201eGheorghe Foc\u0219a\u201d, din comuna \u0218uletea<\/strong>, jude\u021bul Vaslui. Acest obiectiv muzeal reprezint\u0103 un important spa\u021biu de conservare \u0219i valorificare a patrimoniului etnografic local, oferind vizitatorilor posibilitatea de a descoperi elemente definitorii pentru cultura tradi\u021bional\u0103, pentru modul de via\u021b\u0103 \u0219i pentru identitatea comunit\u0103\u021bilor rurale din aceast\u0103 zon\u0103 a Moldovei.<\/p>\n<p class=\"wp-block-paragraph\">Muzeul b\u00e2rl\u0103dean reprezint\u0103 una dintre institu\u021biile culturale de referin\u021b\u0103 ale jude\u021bului Vaslui, de\u021bin\u00e2nd \u00een prezent patru sec\u021bii, respectiv: Istorie \u2013 Arheologie; Art\u0103; Personalit\u0103\u021bi B\u00e2rl\u0103dene \u0219i Bibliotec\u0103; \u0218tiin\u021bele Universului \u0219i ale Vie\u021bii. Muzeul de\u021bine, \u00eens\u0103, \u0219i un fond semnificativ de bunuri cu valoare etnografic\u0103: obiecte tradi\u021bionale de art\u0103 popular\u0103, piese artizanale, obiecte din gospod\u0103ria tradi\u021bional\u0103, textile \u0219i alte elemente de port tradi\u021bional, unelte, artefacte \u0219i instala\u021bii me\u0219te\u0219ug\u0103re\u0219ti specifice culturii tradi\u021bionale. Acest patrimoniu, acumulat de-a lungul timpului prin dona\u021bii, reprezint\u0103 o component\u0103 important\u0103 a identit\u0103\u021bii culturale locale \u0219i regionale. \u00cen acest context, crearea unei Sec\u021bii de Etnografie r\u0103spunde unei necesit\u0103\u021bi reale de documentare, protejare \u0219i valorificare a patrimoniului cultural tradi\u021bional specific zonei. Jude\u021bul Vaslui p\u0103streaz\u0103 un fond etnografic deosebit de valoros, reflectat \u00een arhitectura rural\u0103, me\u0219te\u0219ugurile locale, portul popular, tradi\u021biile orale \u0219i practicile comunitare, elemente care, \u00een absen\u021ba unor interven\u021bii institu\u021bionale, risc\u0103 s\u0103 se piard\u0103 sau s\u0103 se fragmenteze.<\/p>\n<p class=\"wp-block-paragraph\">Muzeul amplasat \u00een mediul rural, \u00een localitatea \u0218uletea, jude\u021bul Vaslui, propune publicului vizitator o expozi\u021bie cu tematic\u0103 tradi\u021bional\u0103, orientat\u0103 spre valorile culturale \u0219i patrimoniul material \u0219i imaterial al zonei. Expozi\u021bia surprinde un traseu tematic menit s\u0103 ilustreze universul satului tradi\u021bional, structurat \u00een cinci spa\u021bii reprezentative care prezint\u0103 via\u021ba spiritual\u0103, educa\u021bional\u0103, cultural\u0103 \u0219i domestic\u0103 a comunit\u0103\u021bii rurale. Fiecare exponat spune o poveste despre via\u021ba satului de alt\u0103dat\u0103, despre munc\u0103, credin\u021b\u0103 \u0219i demnitate. Deschiderea Sec\u021biei de Etnografie la \u0218uletea reprezint\u0103, f\u0103r\u0103 \u00eendoial\u0103, un pas important \u00een promovarea culturii locale \u0219i \u00een consolidarea sentimentului de apartenen\u021b\u0103 la aceast\u0103 comunitate.<\/p>\n<p class=\"wp-block-paragraph\">\u00cenfiin\u021barea acestei noi structuri muzeale va permite dezvoltarea unui cadru coerent de cercetare interdisciplinar\u0103, de conservare a patrimoniului material \u0219i imaterial \u0219i de mediere cultural\u0103, contribuind la consolidarea identit\u0103\u021bii culturale locale \u0219i la implicarea activ\u0103 a comunit\u0103\u021bilor \u00een procesele de transmitere a tradi\u021biilor.<\/p>\n<p class=\"wp-block-paragraph\">Prin participarea la programul \u201eNoaptea Muzeelor la Sate\u201d, Muzeul \u201eVasile P\u00e2rvan\u201d \u00ee\u0219i propune s\u0103 aduc\u0103 \u00een aten\u021bia publicului valoarea patrimoniului rural \u0219i importan\u021ba conserv\u0103rii acestuia pentru genera\u021biile viitoare\u201d.<\/p>\n<p class=\"wp-block-paragraph\">\u201e\u00cen toamna anului 1999 se aniverseaz\u0103 125 de ani de activitate a \u0218colii gimnaziale din Pogone\u0219ti, atestat\u0103 documentar \u00een baza unui stat de plat\u0103 din octombrie 1874 pentru \u00eenv\u0103\u021b\u0103torul Dimitrie Negru\u021biu, nume pe care \u00eel poart\u0103 \u00een prezent \u0219coala din sat \u2013 \u0218coala gimnazial\u0103 \u201eDimitrie Negru\u021biu\u201d Pogone\u0219ti, jude\u021bul Vaslui. \u00centre timp, \u00een 2024 s-au s\u0103rb\u0103torit 150 de ani ai \u0219colii.<\/p>\n<p class=\"wp-block-paragraph\">Cu prilejul anivers\u0103rii din 1999 s-au pus bazele \u00eenfiin\u021b\u0103rii unei asocia\u021bii, astfel c\u0103 \u00een prim\u0103vara anului 2000, \u00een urma unei Hot\u0103r\u00e2ri Judec\u0103tore\u0219ti, a luat fiin\u021b\u0103 Asocia\u021bia \u201eTinere vlastare-2000\u201d. \u00cen statutul asocia\u021biei, \u00eentre obiectivele prev\u0103zute era \u0219i \u00eenfiin\u021barea unui muzeu s\u0103tesc. Prin urmare, \u00een anul urm\u0103tor, 2000, asocia\u021bia c\u00e2\u0219tig\u0103 un proiect, \u201eEtnografia \u0219i folclorul \u2013 matrice a spiritualit\u0103\u021bii rom\u00e2ne\u0219ti\u201d, finan\u021bat de c\u0103tre Direc\u021bia de tineret \u0219i sport Vaslui. Prin acest proiect s-a f\u0103cut o deplasare la Muzeul satului Bucure\u0219ti, s-a vizitat muzeul \u0219i grupul folcloric \u201eR\u0103ze\u0219ii\u201d a ap\u0103rut pentru prima dat\u0103 pe un post de televiziune (TVR 1) \u00een cadrul emisiunii \u201eO vedet\u0103 popular\u0103\u201d. La \u00eentoarcere s-a aplicat un chestionar prin care se urm\u0103rea \u00eenfiin\u021barea unui muzeu s\u0103tesc prin efectuarea de munc\u0103 patriotic\u0103, dona\u021bii \u00een lucruri (\u021bes\u0103turi, cus\u0103turi, broderii, diferite obiecte din lut sau lemn etc.) sau chiar bani (la nevoie).<\/p>\n<p class=\"wp-block-paragraph\">R\u0103spunsurile au fost afirmative, demersurile \u0219i lucrul au \u00eenceput \u0219i \u00een anii urm\u0103tori (2002-2005) s-a lucrat, s-a muncit pe un teren viran oferit de Prim\u0103ria \u0219i Consiliul local la construc\u021bia \u0219i dotarea <strong>muzeului s\u0103tesc \u201eCasa R\u0103z\u0103\u0219ului\u201d Pogone\u0219ti<\/strong>, jude\u021bul Vaslui. \u00centre orele 19:00-23:00, vizitatorii mai pot vedea la muzeu fotografii, trofee, diplome ale r\u0103ze\u0219ilor din Pogone\u0219ti \u0219i alte documente despre sat, \u0219coal\u0103 sau biseric\u0103.<\/p>\n<p class=\"wp-block-paragraph\">\u00cen \u00eencheierea activit\u0103\u021bii desf\u0103\u0219urate \u00een parteneriat cu Prim\u0103ria \u0219i Consiliul local Pogone\u0219ti \u0219i cu \u0219coala gimnazial\u0103 \u201eDimitrie Negru\u021biu\u201d Pogone\u0219ti, va fi sus\u021binut un program artistic de c\u0103tre orchestra micilor r\u0103ze\u0219i \u0219i Grupul folcloric \u201eR\u0103ze\u0219ii\u201d din Pogone\u0219ti\u201d.<\/p>\n<p class=\"wp-block-paragraph\">\u201eEvenimentul Noaptea Muzeelor la Sate, din 29 august 2026, o s\u0103 schimbe sensul de \u00eenaintare a ma\u0219inilor, \u00eencep\u00e2nd cu ora 17.00, doar c\u0103tre<strong>\u00a0Muzeul S\u0103tesc din Sauca<\/strong>\u00a0(Muzeul S\u0103tesc din Sauca este amenajat \u0219i administrat de mine, f\u0103r\u0103 s\u0103 fiu retribuit\u0103), unde vor descoperi at\u00e2t de multe \u0219i diversificate exponate, \u00eenc\u00e2t nici nu-\u0219i pot \u00eenchipui. Aici vor \u00eent\u00e2lni istoria, cultura, me\u0219te\u0219ugurile, tradi\u021biile, obiceiurile, arta popular\u0103, arta culinar\u0103, dar \u0219i rezisten\u021ba la greu. Vor putea vizita expozi\u021bia \u201eCioplitul \u00een lemn \u2013 Credin\u021b\u0103, Tradi\u021bie, Me\u0219te\u0219ug\u201d, organizat\u0103 cu prilejul anivers\u0103rii a 150 de ani de la na\u0219terea marelui sculptor rom\u00e2n Constantin Br\u00e2ncu\u0219i, precum \u0219i expozi\u021biile \u201e\u0218tergarul\u201d \u0219i vase din lemn cu specificul \u201eCovata\u201d. Exponatele fac parte din Patrimoniul Muzeului S\u0103tesc din Sauca.<\/p>\n<p class=\"wp-block-paragraph\">Locuitorii satelor l\u0103zene nu aveau studii \u00eenalte, aveau \u00eens\u0103 o mo\u0219tenire solid\u0103 a me\u0219te\u0219ugurilor, din tat\u0103-n fiu, astfel c\u0103 gospodarii din satele l\u0103zene sunt recunoscu\u021bi dup\u0103 me\u0219te\u0219ugul pe care \u00eel practic\u0103: t\u00e2mplar, dogar, croitor, cojocar, fierar, cioban, sobar\u2026 La fiecare exponat din lemn, \u00eei voi prezenta semnifica\u021bia \u00een tradi\u021bia popular\u0103.<\/p>\n<p class=\"wp-block-paragraph\">Evenimentul Noaptea Muzeelor la Sate din Muzeul s\u0103tesc din Sauca se va desf\u0103\u0219ura sub titlul \u201eUnde-s m\u00e2inile muncite?\u201d, inspirat din poezia cu acela\u0219i titlu a poetei din Vaslui Angelica Manole, \u0219i o s\u0103 ia aspectul de clac\u0103, eu fiind gospodarul satului, muzeograf, ghid, moderator, organizator \u0219i ce o mai da bunul Dumnezeu.<\/p>\n<p class=\"wp-block-paragraph\">Am invitat la clac\u0103 elevi ai \u0219colii gimnaziale Mihai Eminescu din Laza, tineri din satele l\u0103zene, membri din Liga Scriitorilor din Rom\u00e2nia \u2013 filiala \u201eMovila lui Burcel\u201d Vaslui, din care \u0219i eu fac parte, b\u0103tr\u00e2ni ce \u0219tiu rostul la \u021besut, tors, dijghiocat pop\u00e2\u0219oi folosind exponatul din lemn \u201ebudal\u0103u\u201d, boghit p\u0103st\u0103ile de bob \u0219i de fasole, r\u00e2\u0219nit gr\u0103un\u021be, decojit gr\u00e2ul cu ajutorul exponatului \u201echiua\u201d. Am invitat \u0219i tineri c\u0103rora eu le-am lucrat costume populare, tineri ce ne vor c\u00e2nta \u0219i \u00eenc\u00e2nta cu glasurile lor.<\/p>\n<p class=\"wp-block-paragraph\">La clac\u0103, to\u021bi vor munci pentru gospodarul organizator, dar nu vor fi pl\u0103ti\u021bi, a\u0219a-i la clac\u0103, \u00eens\u0103 eu \u00eei voi omeni cu pl\u0103cinte poale-n br\u00e2u coapte pe frunz\u0103 de hrean, \u00een cuptorul de c\u0103r\u0103mid\u0103 din muzeu, astfel voi pune \u00een valoare \u0219i gastronomia local\u0103. Pl\u0103cintele poale-n br\u00e2u vor fi modelate de tineretul participant.<\/p>\n<p class=\"wp-block-paragraph\">\u00cen curtea din fa\u021ba Muzeului S\u0103tesc din Sauca, vom forma Hora satului, apoi ne vom hodini pe balo\u021bii din paie acoperi\u021bi cu \u021bolicele lucrate \u00een r\u0103zboiul de \u021besut din muzeu, dep\u0103n\u00e2nd amintirile mo\u0219ilor \u0219i str\u0103mo\u0219ilor care au lucrat exponatele donate Muzeului S\u0103tesc din Sauca\u201d.<\/p>\n<p class=\"wp-block-paragraph\">\u00cen \u00eentreaga \u021bar\u0103, s\u00e2mb\u0103t\u0103, 29 august 2026, muzee s\u0103te\u0219ti, case memoriale, biserici de lemn \u0219i colec\u021biile din sate se vor deschide\u00a0publicului pentru o singur\u0103 noapte.<\/p>\n<\/div>\n<p>[analyse_source url=&#8221;https:\/\/www.monitoruldevaslui.ro\/2026\/08\/noaptea-muzeelor-la-sate-ajunge-in-patru-locuri-din-judet-arta-traditii-obiceiuri-mestesuguri-istorie-de-vazut-pe-29-august\/#new_tab&#8221;]<\/p>\n","protected":false},"excerpt":{"rendered":"<p>[analyse_image type=&#8221;featured&#8221; src=&#8221;https:\/\/www.monitoruldevaslui.ro\/wp-content\/uploads\/2026\/08\/Noaptea-muzeelor-sate-Vaslui-2026.png&#8221;] NewsHub 16.7C Vaslui \u201eCol\u021bi\u0219orul meu de alt\u0103dat\u0103\u201d, cu \u201eicoane, candele \u0219i taine\u201d; Muzeului Etnografic \u201eGheorghe Foc\u0219a\u201d din \u0218uletea, cu patrimoniul etnografic local; muzeul s\u0103tesc \u201eCasa R\u0103z\u0103\u0219ului\u201d Pogone\u0219ti, cu via\u021ba r\u0103ze\u0219ilor \u00een m\u0103rturii \u0219i documente; \u0219i Muzeul S\u0103tesc din Sauca, cu me\u0219te\u0219uguri, tradi\u021bii, obiceiuri, art\u0103\u00a0popular\u0103\u00a0\u0219i\u00a0art\u0103\u00a0culinar\u0103, vor participa\u00a0s\u00e2mb\u0103t\u0103, 29 august 2026, la edi\u021bia a [&hellip;]<\/p>\n","protected":false},"author":1,"featured_media":0,"comment_status":"open","ping_status":"","sticky":false,"template":"","format":"standard","meta":{"footnotes":""},"categories":[89],"tags":[226,217],"class_list":["post-2100209","post","type-post","status-publish","format-standard","hentry","category-romania","tag-crawlmanager","tag-vaslui-robo-stiri-ro"],"_links":{"self":[{"href":"https:\/\/analyse.optim.biz\/index.php?rest_route=\/wp\/v2\/posts\/2100209","targetHints":{"allow":["GET"]}}],"collection":[{"href":"https:\/\/analyse.optim.biz\/index.php?rest_route=\/wp\/v2\/posts"}],"about":[{"href":"https:\/\/analyse.optim.biz\/index.php?rest_route=\/wp\/v2\/types\/post"}],"author":[{"embeddable":true,"href":"https:\/\/analyse.optim.biz\/index.php?rest_route=\/wp\/v2\/users\/1"}],"replies":[{"embeddable":true,"href":"https:\/\/analyse.optim.biz\/index.php?rest_route=%2Fwp%2Fv2%2Fcomments&post=2100209"}],"version-history":[{"count":0,"href":"https:\/\/analyse.optim.biz\/index.php?rest_route=\/wp\/v2\/posts\/2100209\/revisions"}],"wp:attachment":[{"href":"https:\/\/analyse.optim.biz\/index.php?rest_route=%2Fwp%2Fv2%2Fmedia&parent=2100209"}],"wp:term":[{"taxonomy":"category","embeddable":true,"href":"https:\/\/analyse.optim.biz\/index.php?rest_route=%2Fwp%2Fv2%2Fcategories&post=2100209"},{"taxonomy":"post_tag","embeddable":true,"href":"https:\/\/analyse.optim.biz\/index.php?rest_route=%2Fwp%2Fv2%2Ftags&post=2100209"}],"curies":[{"name":"wp","href":"https:\/\/api.w.org\/{rel}","templated":true}]}}