{"id":210020,"date":"2014-03-08T12:28:16","date_gmt":"2014-03-08T09:28:16","guid":{"rendered":"https:\/\/analyse.optim.biz\/?p=210020"},"modified":"2014-03-08T12:28:16","modified_gmt":"2014-03-08T09:28:16","slug":"traian-basescu-ponta-antonescu-si-dragnea-vor-plati-factura-minciunii","status":"publish","type":"post","link":"https:\/\/analyse.optim.biz\/?p=210020","title":{"rendered":"Traian B\u0103sescu: Ponta, Antonescu \u015fi Dragnea \u201evor pl\u0103ti factura minciunii\u201d"},"content":{"rendered":"<div class=\"entry data-app-meta data-app-meta-article\" data-embed-base-url-canonical=\"https:\/\/www.digi24.ro\/embed\/stiri\/actualitate\/politica\/traian-basescu-ponta-antonescu-si-dragnea-vor-plati-factura-minciunii-211475\">\n<p data-index=\"1\">\u00centrebat, \u00een cadrul unui<a href=\"http:\/\/www.protv.ro\" target=\"_blank\" data-skip-linkfix=\"1\" rel=\"noopener\"> interviu televizat<\/a>, dac\u0103 \u00een politic\u0103 spectacolul este mai important dec\u00e2t adev\u0103rul, Traian B\u0103sescu a spus: \u201e\u00cen politic\u0103 merge cu minciuna p\u00e2n\u0103 la un punct. Po\u0163i s\u0103 \u00eencerci s\u0103 te ar\u0103\u0163i a fi altceva, p\u00e2n\u0103 se prinde lumea \u015fi atunci ai o factur\u0103 extrem de ridicat\u0103 de pl\u0103tit. Eu pot s\u0103 spun c\u00e2\u0163iva politicieni: Ponta, Antonescu \u015fi Dragnea. Sunt trei politicieni care vor pl\u0103ti factura minciunii.&#8221;<\/p>\n<p data-index=\"2\">\u00cen acela\u015fi interviu, \u015feful statului spune c\u0103 va pleca de la Cotroceni cu convingerea c\u0103 a f\u0103cut tot ce a putut pentru poporul rom\u00e2n.<\/p>\n<p data-index=\"3\">\u201e<span>Uneori, politicienii \u00eemi creeaz\u0103 un sentiment de neputin\u0163\u0103 extraordinar, dar eu o \u0163in pe a mea. Patzaichin a ie\u015fit campion olimpic cu pagaia rupt\u0103. Eu nu ies campion cu clasa politic\u0103 care vrea s\u0103 modifice Codul Penal, s\u0103 promoveze Legea amnistiei, dar m\u0103car o s\u0103 am convingerea c\u0103 am f\u0103cut tot ce am putut. Dac\u0103 eu a\u015f fi fost comandant pe Titanic, nu se scufunda,\u201d a mai spus Traian B\u0103sescu.<\/span><\/p>\n<\/div>\n<p> Source URL: https:\/\/www.digi24.ro\/stiri\/actualitate\/politica\/traian-basescu-ponta-antonescu-si-dragnea-vor-plati-factura-minciunii-211475<\/p>\n","protected":false},"excerpt":{"rendered":"<p>\u00centrebat, \u00een cadrul unui interviu televizat, dac\u0103 \u00een politic\u0103 spectacolul este mai important dec\u00e2t adev\u0103rul, Traian B\u0103sescu a spus: \u201e\u00cen politic\u0103 merge cu minciuna p\u00e2n\u0103 la un punct. Po\u0163i s\u0103 \u00eencerci s\u0103 te ar\u0103\u0163i a fi altceva, p\u00e2n\u0103 se prinde lumea \u015fi atunci ai o factur\u0103 extrem de ridicat\u0103 de pl\u0103tit. Eu pot s\u0103 spun [&hellip;]<\/p>\n","protected":false},"author":1,"featured_media":210021,"comment_status":"open","ping_status":"","sticky":false,"template":"","format":"standard","meta":{"footnotes":""},"categories":[2],"tags":[11],"class_list":["post-210020","post","type-post","status-publish","format-standard","has-post-thumbnail","hentry","category-politics","tag-digi24"],"_links":{"self":[{"href":"https:\/\/analyse.optim.biz\/index.php?rest_route=\/wp\/v2\/posts\/210020","targetHints":{"allow":["GET"]}}],"collection":[{"href":"https:\/\/analyse.optim.biz\/index.php?rest_route=\/wp\/v2\/posts"}],"about":[{"href":"https:\/\/analyse.optim.biz\/index.php?rest_route=\/wp\/v2\/types\/post"}],"author":[{"embeddable":true,"href":"https:\/\/analyse.optim.biz\/index.php?rest_route=\/wp\/v2\/users\/1"}],"replies":[{"embeddable":true,"href":"https:\/\/analyse.optim.biz\/index.php?rest_route=%2Fwp%2Fv2%2Fcomments&post=210020"}],"version-history":[{"count":0,"href":"https:\/\/analyse.optim.biz\/index.php?rest_route=\/wp\/v2\/posts\/210020\/revisions"}],"wp:featuredmedia":[{"embeddable":true,"href":"https:\/\/analyse.optim.biz\/index.php?rest_route=\/wp\/v2\/media\/210021"}],"wp:attachment":[{"href":"https:\/\/analyse.optim.biz\/index.php?rest_route=%2Fwp%2Fv2%2Fmedia&parent=210020"}],"wp:term":[{"taxonomy":"category","embeddable":true,"href":"https:\/\/analyse.optim.biz\/index.php?rest_route=%2Fwp%2Fv2%2Fcategories&post=210020"},{"taxonomy":"post_tag","embeddable":true,"href":"https:\/\/analyse.optim.biz\/index.php?rest_route=%2Fwp%2Fv2%2Ftags&post=210020"}],"curies":[{"name":"wp","href":"https:\/\/api.w.org\/{rel}","templated":true}]}}