{"id":210009,"date":"2014-03-08T14:19:18","date_gmt":"2014-03-08T11:19:18","guid":{"rendered":"https:\/\/analyse.optim.biz\/?p=210009"},"modified":"2014-03-08T14:19:18","modified_gmt":"2014-03-08T11:19:18","slug":"victor-ponta-negocierea-cu-traian-basescu-mai-usoara-decat-cu-irina","status":"publish","type":"post","link":"https:\/\/analyse.optim.biz\/?p=210009","title":{"rendered":"Victor Ponta: Negocierea cu Traian B\u0103sescu, mai u\u0219oar\u0103 dec\u00e2t cu Irina"},"content":{"rendered":"<div class=\"entry data-app-meta data-app-meta-article\" data-embed-base-url-canonical=\"https:\/\/www.digi24.ro\/embed\/stiri\/actualitate\/politica\/victor-ponta-negocierea-cu-traian-basescu-mai-usoara-decat-cu-irina-211499\">\n<p data-index=\"1\">\u201eAm incercat s\u0103 negociez inainte de a veni aici cu Irina s\u0103 vin\u0103 aici l\u00e2ng\u0103 mine s\u0103 m\u0103 ia de pe scen\u0103. Nu cred c\u0103 reu\u015fesc. V-am zis eu c\u0103 negocierea cu B\u0103sescu e u\u015foar\u0103\u201d, a spus Victor Ponta.<\/p>\n<p data-index=\"2\">\u00cen cele de urm\u0103, premierul \u015fi-a convins fiica, so\u0163ia, dar \u015fi mama s\u0103 urce al\u0103turi de el pe scen\u0103.<\/p>\n<p data-index=\"3\">Victor Ponta le-a m\u0103rturisit doamnelor din PSD c\u0103 a crescut \u00eentr-o familie \u00een care femeile aveau majoritate, a\u015fa c\u0103 a fost nevoit s\u0103 se supun\u0103 deciziilor lor.<\/p>\n<p data-index=\"4\">\u201e<span>\u015ei la Guvern am ajuns la fel. De munc\u0103 se ocupa Rovana, de bani se ocup\u0103 tot o femeie, Ioana\u201d, a spus el.<\/span><\/p>\n<p data-index=\"5\">Victor Ponta se referea la noul ministru al Muncii, Rovana Plumb, \u0219i de noul ministru de Finan\u021be, Ioana Petrescu.<\/p>\n<\/div>\n<p> Source URL: https:\/\/www.digi24.ro\/stiri\/actualitate\/politica\/victor-ponta-negocierea-cu-traian-basescu-mai-usoara-decat-cu-irina-211499<\/p>\n","protected":false},"excerpt":{"rendered":"<p>\u201eAm incercat s\u0103 negociez inainte de a veni aici cu Irina s\u0103 vin\u0103 aici l\u00e2ng\u0103 mine s\u0103 m\u0103 ia de pe scen\u0103. Nu cred c\u0103 reu\u015fesc. V-am zis eu c\u0103 negocierea cu B\u0103sescu e u\u015foar\u0103\u201d, a spus Victor Ponta. \u00cen cele de urm\u0103, premierul \u015fi-a convins fiica, so\u0163ia, dar \u015fi mama s\u0103 urce al\u0103turi de [&hellip;]<\/p>\n","protected":false},"author":1,"featured_media":210010,"comment_status":"open","ping_status":"","sticky":false,"template":"","format":"standard","meta":{"footnotes":""},"categories":[2],"tags":[11],"class_list":["post-210009","post","type-post","status-publish","format-standard","has-post-thumbnail","hentry","category-politics","tag-digi24"],"_links":{"self":[{"href":"https:\/\/analyse.optim.biz\/index.php?rest_route=\/wp\/v2\/posts\/210009","targetHints":{"allow":["GET"]}}],"collection":[{"href":"https:\/\/analyse.optim.biz\/index.php?rest_route=\/wp\/v2\/posts"}],"about":[{"href":"https:\/\/analyse.optim.biz\/index.php?rest_route=\/wp\/v2\/types\/post"}],"author":[{"embeddable":true,"href":"https:\/\/analyse.optim.biz\/index.php?rest_route=\/wp\/v2\/users\/1"}],"replies":[{"embeddable":true,"href":"https:\/\/analyse.optim.biz\/index.php?rest_route=%2Fwp%2Fv2%2Fcomments&post=210009"}],"version-history":[{"count":0,"href":"https:\/\/analyse.optim.biz\/index.php?rest_route=\/wp\/v2\/posts\/210009\/revisions"}],"wp:featuredmedia":[{"embeddable":true,"href":"https:\/\/analyse.optim.biz\/index.php?rest_route=\/wp\/v2\/media\/210010"}],"wp:attachment":[{"href":"https:\/\/analyse.optim.biz\/index.php?rest_route=%2Fwp%2Fv2%2Fmedia&parent=210009"}],"wp:term":[{"taxonomy":"category","embeddable":true,"href":"https:\/\/analyse.optim.biz\/index.php?rest_route=%2Fwp%2Fv2%2Fcategories&post=210009"},{"taxonomy":"post_tag","embeddable":true,"href":"https:\/\/analyse.optim.biz\/index.php?rest_route=%2Fwp%2Fv2%2Ftags&post=210009"}],"curies":[{"name":"wp","href":"https:\/\/api.w.org\/{rel}","templated":true}]}}