{"id":2099991,"date":"2026-08-18T18:42:36","date_gmt":"2026-08-18T15:42:36","guid":{"rendered":"https:\/\/analyse.optim.biz\/?p=2099991"},"modified":"2026-08-18T18:42:36","modified_gmt":"2026-08-18T15:42:36","slug":"numerarul-se-mentine-ferm-in-ue-in-ciuda-impulsului-pentru-platile-digitale-din-zona-euro","status":"publish","type":"post","link":"https:\/\/analyse.optim.biz\/?p=2099991","title":{"rendered":"Numerarul se men\u021bine ferm \u00een UE, \u00een ciuda impulsului pentru pl\u0103\u021bile digitale din zona euro"},"content":{"rendered":"<p>[analyse_image type=&#8221;featured&#8221; src=&#8221;https:\/\/r3media.ro\/wp-content\/uploads\/2026\/01\/bancnota-euro.pnghttps:\/\/r3media.ro\/wp-content\/uploads\/2026\/01\/bancnota-euro.png&#8221;]<\/p>\n<article id=\"template-id-109\" class=\"post-109 tdb_templates type-tdb_templates status-publish post\">\n<div id=\"tdi_2\" class=\"tdc-zone\">\n<div class=\"tdc_zone tdi_3  wpb_row td-pb-row\">\n<div id=\"tdi_4\" class=\"tdc-row\">\n<div class=\"vc_row tdi_5  wpb_row td-pb-row\">\n<div class=\"vc_column tdi_7  wpb_column vc_column_container tdc-column td-pb-span8\">\n<div class=\"wpb_wrapper\">\n<div class=\"td_block_wrap tdb_breadcrumbs tdi_8 td-pb-border-top td_block_template_1 tdb-breadcrumbs \" data-td-block-uid=\"tdi_8\">\n<div class=\"tdb-block-inner td-fix-index\"><span><a title=\"Vede\u021bi toate articolele \u00een FEATURED\" class=\"tdb-entry-crumb\" href=\"https:\/\/r3media.ro\/category\/featured\/\">FEATURED<\/a><\/span><span class=\"tdb-bred-no-url-last\">Numerarul se men\u021bine ferm \u00een UE, \u00een ciuda impulsului pentru pl\u0103\u021bile digitale&#8230;<\/span><\/div>\n<\/div>\n<div class=\"td_block_wrap tdb_single_categories tdi_9 td-pb-border-top td_block_template_1 \" data-td-block-uid=\"tdi_9\">\n<div class=\"tdb-category td-fix-index\"><a class=\"tdb-entry-category\" href=\"https:\/\/r3media.ro\/category\/featured\/\">FEATURED<\/a><a class=\"tdb-entry-category\" href=\"https:\/\/r3media.ro\/category\/stiri\/\">\u0218TIRI<\/a><\/div>\n<\/div>\n<div class=\"td_block_wrap tdb_title tdi_10 tdb-single-title td-pb-border-top td_block_template_1\" data-td-block-uid=\"tdi_10\">\n<div class=\"tdb-block-inner td-fix-index\">\n<h1 class=\"tdb-title-text\">Numerarul se men\u021bine ferm \u00een UE, \u00een ciuda impulsului pentru pl\u0103\u021bile digitale din zona euro<\/h1>\n<\/div>\n<\/div>\n<div class=\"vc_row_inner tdi_12  vc_row vc_inner wpb_row td-pb-row\">\n<div class=\"vc_column_inner tdi_14  wpb_column vc_column_container tdc-inner-column td-pb-span12\">\n<div class=\"vc_column-inner\">\n<div class=\"wpb_wrapper\">\n<div class=\"td_block_wrap tdb_single_author tdi_15 td-pb-border-top td_block_template_1 tdb-post-meta\" data-td-block-uid=\"tdi_15\">\n<div class=\"tdb-block-inner td-fix-index\">\n<div class=\"tdb-author-name-wrap\"><a class=\"tdb-author-name\" href=\"https:\/\/r3media.ro\/author\/oana\/\">Oana Ivan<\/a><\/div>\n<\/div>\n<\/div>\n<div class=\"td_block_wrap tdb_single_date tdi_16 td-pb-border-top td_block_template_1 tdb-post-meta\" data-td-block-uid=\"tdi_16\">\n<div class=\"tdb-block-inner td-fix-index\"><time class=\"entry-date updated td-module-date\" datetime=\"2026-08-18T21:42:36+03:00\">18\/08\/2026<\/time><\/div>\n<\/div>\n<\/div>\n<\/div>\n<\/div>\n<\/div>\n<div class=\"td_block_wrap tdb_single_featured_image tdi_17 tdb-content-horiz-left td-pb-border-top td_block_template_1\" data-td-block-uid=\"tdi_17\">\n<div class=\"tdb-block-inner td-fix-index\">\n<figure><figcaption class=\"tdb-caption-text\">Unsplash<\/figcaption><\/figure>\n<\/div>\n<\/div>\n<div class=\"td_block_wrap tdb_single_content tdi_18 td-pb-border-top td_block_template_1 td-post-content tagdiv-type\" data-td-block-uid=\"tdi_18\">\n<div class=\"tdb-block-inner td-fix-index\">\n<p><strong><a href=\"https:\/\/r3media.ro\/tag\/banca-centrala-europeana-bce\/\" target=\"_blank\" rel=\"noopener\">Banca Central\u0103 European\u0103 (BCE)<\/a> a publicat un nou studiu care arat\u0103 c\u0103 numerarul r\u0103m\u00e2ne metoda de plat\u0103 cea mai larg acceptat\u0103 de companiile din \u00eentregul bloc monetar. Asta se \u00eent\u00e2mpl\u0103 \u00een ciuda impulsului pentru pl\u0103\u021bile digitale din zona euro, potrivit <a href=\"https:\/\/fintech.global\/2026\/08\/18\/cash-holds-firm-despite-euro-areas-digital-payment-push\/\" target=\"_blank\" rel=\"noopener\">Fintech<\/a>.<\/strong><\/p>\n<p>Concluziile arat\u0103 c\u0103 92% dintre companiile care v\u00e2nd bunuri \u0219i servicii din spa\u021bii fizice \u00een sectoarele comer\u021bului cu am\u0103nuntul, ospitalit\u0103\u021bii \u0219i artelor, divertismentului \u0219i recreerii au acceptat numerar \u00een 2026. Procentul a crescut u\u0219or, fa\u021b\u0103 de 90% \u00een 2024. BCE a declarat c\u0103 acest lucru marcheaz\u0103 o revenire a accept\u0103rii numerarului \u00een urma sc\u0103derilor din timpul pandemiei.<\/p>\n<p>Pl\u0103\u021bile cu cardul au r\u0103mas \u00een general constante \u00een aceea\u0219i perioad\u0103. Ele au fost acceptate de 88% dintre companii at\u00e2t \u00een \u200b\u200b2024, c\u00e2t \u0219i \u00een 2026. Pl\u0103\u021bile mobile au \u00eenregistrat cea mai accentuat\u0103 schimbare. Acceptarea aproape s-a dublat, de la 36% la 68% dintre companii. Acest lucru indic\u0103 o adoptare rapid\u0103 a op\u021biunilor de plat\u0103 contactless \u0219i bazate pe aplica\u021bii mai degrab\u0103 al\u0103turi dec\u00e2t \u00een locul numerarului.<\/p>\n<h2><strong>Numerarul se men\u021bine ferm \u00een UE, \u00een ciuda impulsului pentru pl\u0103\u021bile digitale din zona euro<\/strong><\/h2>\n<p>\u00a0<\/p>\n<p>Un sfert dintre companiile din zona euro au declarat c\u0103 au luat m\u0103suri active pentru a \u00eencuraja clien\u021bii s\u0103 apeleze la pl\u0103\u021bile digitale, cum ar fi instalarea de case de marcat care proceseaz\u0103 doar <a href=\"https:\/\/r3media.ro\/tag\/disparitia-banilor-fizici-numerar\/\" target=\"_blank\" rel=\"noopener\">tranzac\u021bii f\u0103r\u0103 numerar<\/a> sau reducerea num\u0103rului de case de marcat care accept\u0103 numerar. Aproximativ 13% dintre companii au introdus terminale de autoservire, reflect\u00e2nd o schimbare mai ampl\u0103 \u00een modul \u00een care sunt gestionate tranzac\u021biile cu am\u0103nuntul.<\/p>\n<p>Companiile au declarat BCE c\u0103 preferin\u021bele consumatorilor, securitatea \u0219i u\u0219urin\u021ba \u00een utilizare au fost principalii factori care influen\u021beaz\u0103 metodele de plat\u0103 pe care le aleg s\u0103 le accepte. Numerarul a p\u0103strat avantaje clare \u00een ochii multor firme. Banii fizici asigura confiden\u021bialitatea \u0219i fiabilitatea, chiar \u0219i pe m\u0103sur\u0103 ce infrastructura digital\u0103 se extinde.<\/p>\n<p>Banca Central\u0103 European\u0103 a realizat studiul prin chestionarea a 8.205 companii din toate cele 21 de \u021b\u0103ri din zona euro. Interviurile au fost efectuate \u00eentre februarie \u0219i aprilie 2026.<\/p>\n<p>\u00cenc\u0103 de la finalul anului trecut, Banca Central\u0103 European\u0103 <a href=\"https:\/\/r3media.ro\/banca-centrala-europeana-bce-recomanda-pastrare-numerar-acasa-instabilitate-majora\/\" target=\"_blank\" rel=\"noopener\">recomanda<\/a> cet\u0103\u021benilor s\u0103 p\u0103streze acas\u0103 numerar \u201esuficient pentru a acoperi necesit\u0103\u021bile esen\u021biale timp de aproximativ 72 de ore\u201d. Anali\u0219tii BCE au analizat la acea vreme patru crize care au lovit Europa \u00een ultimii ani:<\/p>\n<ul>\n<li>pandemia de Covid-19;<\/li>\n<li>invazia Ucrainei de c\u0103tre Rusia;<\/li>\n<li>blackout-ul spaniol din aprilie 2025;<\/li>\n<li>criza datoriei suverane din Grecia.<\/li>\n<\/ul>\n<p>\u201eNu toate crizele conduc \u00een mod sistematic la o cerere puternic\u0103 de numerar, dar cazurile studiate ofer\u0103 un test de rezisten\u021b\u0103 al func\u021biei numerarului atunci c\u00e2nd economia, infrastructurile critice sau \u00eencrederea public\u0103 sunt puternic puse la \u00eencercare\u201d, se arat\u0103 \u00een document.<\/p>\n<h2><strong>BNR le-a recomandat rom\u00e2nilor s\u0103 p\u0103streze rezerve \u00een numerar<\/strong><\/h2>\n<p>\u00a0<\/p>\n<p>Recent, <a href=\"https:\/\/r3media.ro\/tag\/banca-nationala-a-romaniei-bnr\/\" target=\"_blank\" rel=\"noopener\">B<strong>anca Na\u021bional\u0103 a Rom\u00e2niei (BNR)<\/strong><\/a> le-a recomandat \u0219i ea rom\u00e2nilor s\u0103 p\u0103streze rezerve de numerar. Banca a precizat c\u0103 numerarul r\u0103m\u00e2ne o component\u0103 esen\u021bial\u0103 a sistemului monetar. \u00cen plus, numerarul se poate dovedi relevant \u00een situa\u021bii de criz\u0103, potrivit BNR.<\/p>\n<p>\u201eNumerarul r\u0103m\u00e2ne \u00eens\u0103 o component\u0103 esen\u021bial\u0103 a sistemului monetar, iar asigurarea accesului popula\u021biei \u0219i agen\u021bilor economici la numerar este una dintre preocup\u0103rile constante ale BNR, \u00een concordan\u021b\u0103 cu nevoile reale ale acestora. Accesul la numerar are un rol important \u00een asigurarea particip\u0103rii la activit\u0103\u021bile economice, c\u00e2t \u0219i ca instrument de asigurare a incluziunii financiare, \u00een special \u00een regiunile cu infrastructur\u0103 financiar\u0103 slab dezvoltat\u0103\u201c, a transmis Banca Na\u021bional\u0103 a Rom\u00e2niei.\u021b<\/p>\n<p>\u00cen ultimii ani, numero\u0219i formatori de opinie s-au pozi\u021bionat \u00een favoarea pl\u0103\u021bilor cash \u00een detrimentul celor electronice. \u00centr-o postare pe Facebook, jurnalistul M\u0103d\u0103lin Ionescu a afirmat c\u0103 eliminarea banilor cash din circula\u021bie reprezint\u0103 <strong><a href=\"https:\/\/r3media.ro\/madalin-ionescu-eliminare-bani-cash-inceput-dictatura-guverne-banci-corporatii-numerar-periculos-libertate\/\" target=\"_blank\" rel=\"noopener\">\u00eenceputul unei dictaturi<\/a><\/strong>. Acum mai bine de un an el vorbea exact de problemele prezentate \u00een prezent de BNR.<\/p>\n<p>La fel ca M\u0103d\u0103lin Ionescu, Mircea Badea <strong><a href=\"https:\/\/r3media.ro\/plata-cu-cardul-mircea-badea-nu-mai-plec-de-acasa-fara-bani-cash-spalarea-pe-creier-a-oamenilor-de-pe-planeta-este-ingrozitoare-dar-oamenii-merita\/\" target=\"_blank\" rel=\"noopener\">a anun\u021bat c\u0103 nu mai pleac\u0103 f\u0103r\u0103 bani cash<\/a><\/strong>\u00a0la el.<\/p>\n<div class=\"crp_related     crp-masonry\">\n<h2>\u00ceN CONTEXT<\/h2>\n<ul>\n<li><a href=\"https:\/\/r3media.ro\/banca-centrala-europeana-bce-recomanda-pastrare-numerar-acasa-instabilitate-majora\/\" class=\"crp_link post-113327\"><span class=\"crp_title\">Banca Central\u0103 European\u0103 (BCE) recomand\u0103 cet\u0103\u021benilor s\u0103 p\u0103streze acas\u0103 numerar \u201esuficient\u2026<\/span><\/a><\/li>\n<li><a href=\"https:\/\/r3media.ro\/gheorghe-piperea-euro-digital-obligatie-certificat-vaccinare\/\" class=\"crp_link post-119733\"><span class=\"crp_title\">Europarlamentarul Gheorghe Piperea: Op\u021biunea pentru euro digital se va putea transforma \u00een\u2026<\/span><\/a><\/li>\n<li><a href=\"https:\/\/r3media.ro\/bnr-recomanda-romani-rezerve-de-cash-atacuri-cibernetice-numerar-relevant-criza\/\" class=\"crp_link post-120512\"><span class=\"crp_title\">BNR le recomand\u0103 rom\u00e2nilor s\u0103 p\u0103streze rezerve de cash: Numerarul se poate dovedi relevant \u00een criz\u0103<\/span><\/a><\/li>\n<li><a href=\"https:\/\/r3media.ro\/uber-introduce-plata-cash-noua-zeelanda-proiect-pilot-companie-acceptare-numerar-clienti\/\" class=\"crp_link post-120843\"><span class=\"crp_title\">Uber introduce plata cash \u00een Noua Zeeland\u0103. Un proiect-pilot a ar\u0103tat companiei c\u0103\u2026<\/span><\/a><\/li>\n<li><a href=\"https:\/\/r3media.ro\/victorie-a-libertatii-slovenia-parlamentul-votat-introducere-constitutie-drept-utilizare-numerar-cetateni\/\" class=\"crp_link post-114394\"><span class=\"crp_title\">Victorie a libert\u0103\u021bii \u00een Slovenia: Parlamentul a votat introducerea \u00een Constitu\u021bie a\u2026<\/span><\/a><\/li>\n<li><a href=\"https:\/\/r3media.ro\/gheorghe-piperea-europarlamentar-aur-ecr-un-atac-cibernetic-poate-bloca-platile-bancomatele-si-accesul-la-conturile-bancare-numerarul-trebuie-protejat-ca-ultima-garantie-a-independentei-financiar\/\" class=\"crp_link post-120326\"><span class=\"crp_title\">Gheorghe Piperea (europarlamentar AUR\/ECR): Un atac cibernetic poate bloca pl\u0103\u021bile,\u2026<\/span><\/a><\/li>\n<li><a href=\"https:\/\/r3media.ro\/elvetia-cetatean-lasat-scoata-propriii-bani-banca-cetatenii-revolta-magazine-cafenele-restaurante-nu-accepta-numerarul\/\" class=\"crp_link post-114582\"><span class=\"crp_title\">Elve\u021bia | Un cet\u0103\u021bean nu a fost l\u0103sat s\u0103-\u0219i scoat\u0103 propriii bani din banc\u0103. Cet\u0103\u021benii se\u2026<\/span><\/a><\/li>\n<li><a href=\"https:\/\/r3media.ro\/mugur-isarescu-bnr-taie-adoptare-moneda-euro-digital-bani-numerar-populatie\/\" class=\"crp_link post-113276\"><span class=\"crp_title\">Mugur Is\u0103rescu taie din fa\u0219\u0103 adoptarea monedei euro digitale: Nu e vorba doar c\u0103 sunt un\u2026<\/span><\/a><\/li>\n<\/ul>\n<\/div>\n<\/div>\n<\/div>\n<div class=\"td_block_wrap tdb_single_tags tdi_19 td-pb-border-top td_block_template_1\" data-td-block-uid=\"tdi_19\">\n<div class=\"tdb-block-inner td-fix-index\">\n<ul class=\"tdb-tags\">\n<li><span>SUBIECTE FIERBIN\u021aI<\/span><\/li>\n<li><a href=\"https:\/\/r3media.ro\/tag\/disparitia-banilor-fizici-numerar\/\">disparitia banilor fizici (numerar)<\/a><\/li>\n<li><a href=\"https:\/\/r3media.ro\/tag\/plati-online-vs-plati-cash\/\">plati online vs plati cash<\/a><\/li>\n<li><a href=\"https:\/\/r3media.ro\/tag\/uniunea-europeana-ue\/\">Uniunea Europeana (ue)<\/a><\/li>\n<\/ul>\n<\/div>\n<\/div>\n<div class=\"td_block_wrap td_block_9 tdi_20 td_with_ajax_pagination td-pb-border-top td_block_template_1 td-column-2 td_block_padding td_block_bot_line\" data-td-block-uid=\"tdi_20\">\n<div class=\"td-block-title-wrap\">\n<h4 class=\"block-title td-block-title\"><span class=\"td-pulldown-size\">CITE\u0218TE MAI MULT<\/span><\/h4>\n<\/div>\n<div id=\"tdi_20\" class=\"td_block_inner\">\n<div class=\"td-block-row\">\n<div class=\"td-block-span6\">\n<div class=\"td_module_8 td_module_wrap\">\n<div class=\"item-details\">\n<h3 class=\"entry-title td-module-title\"><a href=\"https:\/\/r3media.ro\/presedintele-serbiei-razboiul-din-ucraina\/\" rel=\"bookmark\" title=\"Pre\u0219edintele Serbiei nu crede c\u0103 r\u0103zboiul din Ucraina se termin\u0103 cur\u00e2nd: Cred c\u0103 ne afl\u0103m la \u00eenceputul unui r\u0103zboi mult, mult mai mare\">Pre\u0219edintele Serbiei nu crede c\u0103 r\u0103zboiul din Ucraina se termin\u0103 cur\u00e2nd: Cred c\u0103 ne&#8230;<\/a><\/h3>\n<div class=\"td-module-meta-info\"><a href=\"https:\/\/r3media.ro\/category\/actualitate\/\" class=\"td-post-category\">ACTUALITATE<\/a><span class=\"td-post-author-name\"><a href=\"https:\/\/r3media.ro\/author\/teodor_stan\/\">Teodor Stan<\/a><span>&#8211;<\/span><\/span><span class=\"td-post-date\"><time class=\"entry-date updated td-module-date\" datetime=\"2026-08-10T12:22:44+03:00\">10\/08\/2026<\/time><\/span><\/div>\n<\/div>\n<\/div>\n<\/div>\n<div class=\"td-block-span6\">\n<div class=\"td_module_8 td_module_wrap\">\n<div class=\"item-details\">\n<h3 class=\"entry-title td-module-title\"><a href=\"https:\/\/r3media.ro\/fara-apa-fara-curent-fara-viitor-cum-au-sacrificat-pro-europenii-romania-pe-altarul-ecologiei-ieftine\/\" rel=\"bookmark\" title=\"F\u0103r\u0103 ap\u0103, f\u0103r\u0103 curent, f\u0103r\u0103 viitor: cum au sacrificat pro-europenii Rom\u00e2nia pe altarul ecologiei ieftine\">F\u0103r\u0103 ap\u0103, f\u0103r\u0103 curent, f\u0103r\u0103 viitor: cum au sacrificat pro-europenii Rom\u00e2nia pe altarul ecologiei&#8230;<\/a><\/h3>\n<div class=\"td-module-meta-info\"><a href=\"https:\/\/r3media.ro\/category\/actualitate\/\" class=\"td-post-category\">ACTUALITATE<\/a><span class=\"td-post-author-name\"><a href=\"https:\/\/r3media.ro\/author\/paul_lazar\/\">Paul-Daniel Laz\u0103r<\/a><span>&#8211;<\/span><\/span><span class=\"td-post-date\"><time class=\"entry-date updated td-module-date\" datetime=\"2026-08-08T22:30:54+03:00\">08\/08\/2026<\/time><\/span><\/div>\n<\/div>\n<\/div>\n<\/div>\n<\/div>\n<div class=\"td-block-row\">\n<div class=\"td-block-span6\">\n<div class=\"td_module_8 td_module_wrap\">\n<div class=\"item-details\">\n<h3 class=\"entry-title td-module-title\"><a href=\"https:\/\/r3media.ro\/show-iluzie-si-realitate-de-la-the-truman-show-la-son-of-a-rich\/\" rel=\"bookmark\" title=\"Show, iluzie \u0219i realitate: de la The Truman Show la Son of a Rich\">Show, iluzie \u0219i realitate: de la The Truman Show la Son of a Rich<\/a><\/h3>\n<div class=\"td-module-meta-info\"><a href=\"https:\/\/r3media.ro\/category\/actualitate\/\" class=\"td-post-category\">ACTUALITATE<\/a><span class=\"td-post-author-name\"><a href=\"https:\/\/r3media.ro\/author\/costi_balasoiu\/\">Constantin B\u0103l\u0103\u0219oiu<\/a><span>&#8211;<\/span><\/span><span class=\"td-post-date\"><time class=\"entry-date updated td-module-date\" datetime=\"2026-08-08T15:30:25+03:00\">08\/08\/2026<\/time><\/span><\/div>\n<\/div>\n<\/div>\n<\/div>\n<div class=\"td-block-span6\">\n<div class=\"td_module_8 td_module_wrap\">\n<div class=\"item-details\">\n<h3 class=\"entry-title td-module-title\"><a href=\"https:\/\/r3media.ro\/fani-stapanul-inelelor-surpriza-sezonul-3-sauron\/\" rel=\"bookmark\" title=\"Fanii \u201eSt\u0103p\u00e2nul Inelelor\u201c ar putea avea o surpriz\u0103 \u00een sezonul 3 din serialul \u201eInelele Puterii\u201c. Sauron se va confrunta cu o creatur\u0103 de temut\">Fanii \u201eSt\u0103p\u00e2nul Inelelor\u201c ar putea avea o surpriz\u0103 \u00een sezonul 3 din serialul \u201eInelele&#8230;<\/a><\/h3>\n<div class=\"td-module-meta-info\"><a href=\"https:\/\/r3media.ro\/category\/actualitate\/\" class=\"td-post-category\">ACTUALITATE<\/a><span class=\"td-post-author-name\"><a href=\"https:\/\/r3media.ro\/author\/oana\/\">Oana Ivan<\/a><span>&#8211;<\/span><\/span><span class=\"td-post-date\"><time class=\"entry-date updated td-module-date\" datetime=\"2026-08-08T00:19:31+03:00\">08\/08\/2026<\/time><\/span><\/div>\n<\/div>\n<\/div>\n<\/div>\n<\/div>\n<div class=\"td-block-row\">\n<div class=\"td-block-span6\">\n<div class=\"td_module_8 td_module_wrap\">\n<div class=\"item-details\">\n<h3 class=\"entry-title td-module-title\"><a href=\"https:\/\/r3media.ro\/david-popovici-fair-play-sportivi-rusi-competitii\/\" rel=\"bookmark\" title=\"David Popovici, fair-play la revenirea sportivilor ru\u0219i \u00een competi\u021bii: Le urez succes, sper s\u0103 fiu mai bun dec\u00e2t ei\">David Popovici, fair-play la revenirea sportivilor ru\u0219i \u00een competi\u021bii: Le urez succes, sper s\u0103&#8230;<\/a><\/h3>\n<div class=\"td-module-meta-info\"><a href=\"https:\/\/r3media.ro\/category\/actualitate\/\" class=\"td-post-category\">ACTUALITATE<\/a><span class=\"td-post-author-name\"><a href=\"https:\/\/r3media.ro\/author\/redactia\/\">Redac\u021bia<\/a><span>&#8211;<\/span><\/span><span class=\"td-post-date\"><time class=\"entry-date updated td-module-date\" datetime=\"2026-08-07T15:07:51+03:00\">07\/08\/2026<\/time><\/span><\/div>\n<\/div>\n<\/div>\n<\/div>\n<div class=\"td-block-span6\">\n<div class=\"td_module_8 td_module_wrap\">\n<div class=\"item-details\">\n<h3 class=\"entry-title td-module-title\"><a href=\"https:\/\/r3media.ro\/kia-recheama-service-prima-generatie-masini-electrice-e-niro-risc-incendiu\/\" rel=\"bookmark\" title=\"Kia recheam\u0103 \u00een service prima genera\u021bie de ma\u0219ini electrice e-Niro din cauza riscului de incendiu\">Kia recheam\u0103 \u00een service prima genera\u021bie de ma\u0219ini electrice e-Niro din cauza riscului de&#8230;<\/a><\/h3>\n<div class=\"td-module-meta-info\"><a href=\"https:\/\/r3media.ro\/category\/actualitate\/\" class=\"td-post-category\">ACTUALITATE<\/a><span class=\"td-post-author-name\"><a href=\"https:\/\/r3media.ro\/author\/oana\/\">Oana Ivan<\/a><span>&#8211;<\/span><\/span><span class=\"td-post-date\"><time class=\"entry-date updated td-module-date\" datetime=\"2026-08-06T17:07:42+03:00\">06\/08\/2026<\/time><\/span><\/div>\n<\/div>\n<\/div>\n<\/div>\n<\/div>\n<div class=\"td-block-row\">\n<div class=\"td-block-span6\">\n<div class=\"td_module_8 td_module_wrap\">\n<div class=\"item-details\">\n<h3 class=\"entry-title td-module-title\"><a href=\"https:\/\/r3media.ro\/drona-gasita-mare-mamaia-zona-loft-video\/\" rel=\"bookmark\" title=\"VIDEO | O dron\u0103 a fost g\u0103sit\u0103 \u00een mare, \u00een Mamaia, \u00een zona Loft\">VIDEO | O dron\u0103 a fost g\u0103sit\u0103 \u00een mare, \u00een Mamaia, \u00een zona Loft<\/a><\/h3>\n<div class=\"td-module-meta-info\"><a href=\"https:\/\/r3media.ro\/category\/actualitate\/\" class=\"td-post-category\">ACTUALITATE<\/a><span class=\"td-post-author-name\"><a href=\"https:\/\/r3media.ro\/author\/oana\/\">Oana Ivan<\/a><span>&#8211;<\/span><\/span><span class=\"td-post-date\"><time class=\"entry-date updated td-module-date\" datetime=\"2026-08-05T21:48:11+03:00\">05\/08\/2026<\/time><\/span><\/div>\n<\/div>\n<\/div>\n<\/div>\n<div class=\"td-block-span6\">\n<div class=\"td_module_8 td_module_wrap\">\n<div class=\"item-details\">\n<h3 class=\"entry-title td-module-title\"><a href=\"https:\/\/r3media.ro\/cand-incepe-scoala-in-2026-structura-an-nou-scolar\/\" rel=\"bookmark\" title=\"C\u00e2nd \u00eencepe \u0219coala \u00een 2026: Structura noului an \u0219colar, vacan\u021bele \u0219i zilele libere\">C\u00e2nd \u00eencepe \u0219coala \u00een 2026: Structura noului an \u0219colar, vacan\u021bele \u0219i zilele libere<\/a><\/h3>\n<div class=\"td-module-meta-info\"><a href=\"https:\/\/r3media.ro\/category\/actualitate\/\" class=\"td-post-category\">ACTUALITATE<\/a><span class=\"td-post-author-name\"><a href=\"https:\/\/r3media.ro\/author\/oana\/\">Oana Ivan<\/a><span>&#8211;<\/span><\/span><span class=\"td-post-date\"><time class=\"entry-date updated td-module-date\" datetime=\"2026-08-03T22:23:20+03:00\">03\/08\/2026<\/time><\/span><\/div>\n<\/div>\n<\/div>\n<\/div>\n<\/div>\n<div class=\"td-block-row\">\n<div class=\"td-block-span6\">\n<div class=\"td_module_8 td_module_wrap\">\n<div class=\"item-details\">\n<h3 class=\"entry-title td-module-title\"><a href=\"https:\/\/r3media.ro\/tara-europa-norvegia-masini-electrice-inmatriculate-cota-ridicata\/\" rel=\"bookmark\" title=\"\u021aara din Europa unde aproape toate ma\u0219inile \u00eenmatriculate sune electrice. Cota a ajuns la 97,6% \u00een iulie\">\u021aara din Europa unde aproape toate ma\u0219inile \u00eenmatriculate sune electrice. Cota a ajuns la&#8230;<\/a><\/h3>\n<div class=\"td-module-meta-info\"><a href=\"https:\/\/r3media.ro\/category\/actualitate\/\" class=\"td-post-category\">ACTUALITATE<\/a><span class=\"td-post-author-name\"><a href=\"https:\/\/r3media.ro\/author\/oana\/\">Oana Ivan<\/a><span>&#8211;<\/span><\/span><span class=\"td-post-date\"><time class=\"entry-date updated td-module-date\" datetime=\"2026-08-03T17:01:21+03:00\">03\/08\/2026<\/time><\/span><\/div>\n<\/div>\n<\/div>\n<\/div>\n<div class=\"td-block-span6\">\n<div class=\"td_module_8 td_module_wrap\">\n<div class=\"item-details\">\n<h3 class=\"entry-title td-module-title\"><a href=\"https:\/\/r3media.ro\/puterea-mitologica-instalata-a-romaniei\/\" rel=\"bookmark\" title=\"Puterea mitologic\u0103 instalat\u0103 a Rom\u00e2niei\">Puterea mitologic\u0103 instalat\u0103 a Rom\u00e2niei<\/a><\/h3>\n<div class=\"td-module-meta-info\"><a href=\"https:\/\/r3media.ro\/category\/opinii\/\" class=\"td-post-category\">OPINII<\/a><span class=\"td-post-author-name\"><a href=\"https:\/\/r3media.ro\/author\/tru\/\">TRU (Traian Ungureanu)<\/a><span>&#8211;<\/span><\/span><span class=\"td-post-date\"><time class=\"entry-date updated td-module-date\" datetime=\"2026-08-02T22:08:04+03:00\">02\/08\/2026<\/time><\/span><\/div>\n<\/div>\n<\/div>\n<\/div>\n<\/div>\n<div class=\"td-block-row\">\n<div class=\"td-block-span6\">\n<div class=\"td_module_8 td_module_wrap\">\n<div class=\"item-details\">\n<h3 class=\"entry-title td-module-title\"><a href=\"https:\/\/r3media.ro\/hyundai-recheama-service-masini-electrice-inster-risc-incendiu\/\" rel=\"bookmark\" title=\"Hyundai recheam\u0103 \u00een service zeci de mii de ma\u0219ini electrice din cauza riscului de incendiu\">Hyundai recheam\u0103 \u00een service zeci de mii de ma\u0219ini electrice din cauza riscului de&#8230;<\/a><\/h3>\n<div class=\"td-module-meta-info\"><a href=\"https:\/\/r3media.ro\/category\/actualitate\/\" class=\"td-post-category\">ACTUALITATE<\/a><span class=\"td-post-author-name\"><a href=\"https:\/\/r3media.ro\/author\/oana\/\">Oana Ivan<\/a><span>&#8211;<\/span><\/span><span class=\"td-post-date\"><time class=\"entry-date updated td-module-date\" datetime=\"2026-08-02T08:34:05+03:00\">02\/08\/2026<\/time><\/span><\/div>\n<\/div>\n<\/div>\n<\/div>\n<div class=\"td-block-span6\">\n<div class=\"td_module_8 td_module_wrap\">\n<div class=\"item-details\">\n<h3 class=\"entry-title td-module-title\"><a href=\"https:\/\/r3media.ro\/dragostea-care-transcende-epoci-descult-in-parc-1967\/\" rel=\"bookmark\" title=\"Dragostea care transcende epoci \u2014 Descul\u021b \u00een parc (1967)\">Dragostea care transcende epoci \u2014 Descul\u021b \u00een parc (1967)<\/a><\/h3>\n<div class=\"td-module-meta-info\"><a href=\"https:\/\/r3media.ro\/category\/opinii\/\" class=\"td-post-category\">OPINII<\/a><span class=\"td-post-author-name\"><a href=\"https:\/\/r3media.ro\/author\/costi_balasoiu\/\">Constantin B\u0103l\u0103\u0219oiu<\/a><span>&#8211;<\/span><\/span><span class=\"td-post-date\"><time class=\"entry-date updated td-module-date\" datetime=\"2026-08-01T13:45:14+03:00\">01\/08\/2026<\/time><\/span><\/div>\n<\/div>\n<\/div>\n<\/div>\n<\/div>\n<\/div>\n<div class=\"td-load-more-wrap td-load-more-infinite-wrap\" id=\"infinite-lm-tdi_20\"><a href=\"https:\/\/r3media.ro\/numerarul-uniunea-europeana-impuls-platile-digitale-zona-euro\/\" class=\"td_ajax_load_more td_ajax_load_more_js\" aria-label=\"\u00cenc\u0103rca\u021bi mai multe\" id=\"next-page-tdi_20\" data-td_block_id=\"tdi_20\">\u00cenc\u0103rca\u021bi mai multe<\/a><\/div>\n<\/div>\n<div class=\"td_block_wrap tdb_single_comments tdi_21 tdb-comm-layout2 td-pb-border-top td_block_template_1\" data-td-block-uid=\"tdi_21\">\n<div class=\"tdb-block-inner td-fix-index\">\n<div class=\"comments\" id=\"comments\">\n<div id=\"respond\" class=\"comment-respond\">\n<h3 id=\"reply-title\" class=\"comment-reply-title\">AI CEVA DE SPUS? <small><a rel=\"nofollow\" id=\"cancel-comment-reply-link\" href=\"https:\/\/r3media.ro\/numerarul-uniunea-europeana-impuls-platile-digitale-zona-euro\/#respond\">Renun\u021ba\u021bi la r\u0103spuns<\/a><\/small><\/h3>\n<div class=\"comment-form-input-wrap td-form-comment\">\n<div class=\"td-warning-comment\">V\u0103 rug\u0103m s\u0103 introduce\u021bi comentariul dvs.!<\/div>\n<\/div>\n<div class=\"comment-form-input-wrap td-form-author\">\n<div class=\"td-warning-author\">Introduce\u021bi aici numele dvs.<\/div>\n<\/div>\n<div class=\"comment-form-input-wrap td-form-email\">\n<div class=\"td-warning-email-error\">A\u021bi introdus o adres\u0103 de e-mail incorect\u0103!<\/div>\n<div class=\"td-warning-email\">V\u0103 rug\u0103m s\u0103 introduce\u021bi adresa dvs. de e-mail aici<\/div>\n<\/div>\n<\/div>\n<\/div>\n<\/div>\n<\/div>\n<\/div>\n<\/div>\n<div class=\"vc_column tdi_23  wpb_column vc_column_container tdc-column td-pb-span4 td-is-sticky\">\n<div class=\"wpb_wrapper\" data-sticky-enabled-on=\"W3RydWUsdHJ1ZSx0cnVlLHRydWVd\" data-sticky-offset=\"20\" data-sticky-is-width-auto=\"W2ZhbHNlLGZhbHNlLGZhbHNlLGZhbHNlXQ==\">\n<div class=\"wpb_wrapper td_block_wrap vc_widget_sidebar tdi_25 \">\n<div class=\"td_block_wrap td_block_7 td_block_widget tdi_26 td-pb-border-top td_block_template_1 td-column-1 td_block_padding\" data-td-block-uid=\"tdi_26\">\n<div class=\"td-block-title-wrap\">\n<h4 class=\"block-title td-block-title\"><span class=\"td-pulldown-size\">Articole RELA\u021aIONATE<\/span><\/h4>\n<\/div>\n<div id=\"tdi_26\" class=\"td_block_inner\">\n<div class=\"td-block-span12\">\n<div class=\"td_module_6 td_module_wrap td-animation-stack\">\n<div class=\"td-module-thumb\"><a href=\"https:\/\/r3media.ro\/actori-sportivi-oameni-de-afaceri-ong-germania-descurajare-nemti-saxonia-anhalt-vot-afd\/\" rel=\"bookmark\" class=\"td-image-wrap \" title=\"Actori, sportivi, oameni de afaceri, Antifa \u0219i alte ONG-uri din Germania \u00ee\u0219i unesc for\u021bele pentru \u00eencerca s\u0103-i descurajeze pe nem\u021bii din Saxonia-Anhalt s\u0103 voteze cu AfD\"><img loading=\"lazy\" decoding=\"async\" class=\"entry-thumb\" src=\"https:\/\/r3media.ro\/wp-content\/uploads\/2026\/08\/protest-anti-afd-germania-100x70.jpg\" alt title=\"Actori, sportivi, oameni de afaceri, Antifa \u0219i alte ONG-uri din Germania \u00ee\u0219i unesc for\u021bele pentru \u00eencerca s\u0103-i descurajeze pe nem\u021bii din Saxonia-Anhalt s\u0103 voteze cu AfD\" width=\"100\" height=\"70\"><\/a><\/div>\n<div class=\"item-details\">\n<h3 class=\"entry-title td-module-title\"><a href=\"https:\/\/r3media.ro\/actori-sportivi-oameni-de-afaceri-ong-germania-descurajare-nemti-saxonia-anhalt-vot-afd\/\" rel=\"bookmark\" title=\"Actori, sportivi, oameni de afaceri, Antifa \u0219i alte ONG-uri din Germania \u00ee\u0219i unesc for\u021bele pentru \u00eencerca s\u0103-i descurajeze pe nem\u021bii din Saxonia-Anhalt s\u0103 voteze cu AfD\">Actori, sportivi, oameni de afaceri, Antifa \u0219i alte ONG-uri din Germania&#8230;<\/a><\/h3>\n<div class=\"td-module-meta-info\"><span class=\"td-post-date\"><time class=\"entry-date updated td-module-date\" datetime=\"2026-08-18T21:13:46+03:00\">18\/08\/2026<\/time><\/span><\/div>\n<\/div>\n<\/div>\n<\/div>\n<div class=\"td-block-span12\">\n<div class=\"td_module_6 td_module_wrap td-animation-stack\">\n<div class=\"td-module-thumb\"><a href=\"https:\/\/r3media.ro\/supermarket-anglia-suspnda-utilizare-inteligenta-artificiala-ia-recunoastere-faciala-client-acuzat-hotie\/\" rel=\"bookmark\" class=\"td-image-wrap \" title=\"Un supermarket din Anglia suspend\u0103 utilizarea inteligen\u021bei artificiale (IA) pentru recunoa\u0219tere facial\u0103 dup\u0103 ce un client a fost acuzat pe nedrept de ho\u021bie\"><img loading=\"lazy\" decoding=\"async\" class=\"entry-thumb\" src=\"https:\/\/r3media.ro\/wp-content\/uploads\/2026\/08\/supermarket-anglia-100x70.jpg\" alt=\"supermarket anglia\" title=\"Un supermarket din Anglia suspend\u0103 utilizarea inteligen\u021bei artificiale (IA) pentru recunoa\u0219tere facial\u0103 dup\u0103 ce un client a fost acuzat pe nedrept de ho\u021bie\" width=\"100\" height=\"70\"><\/a><\/div>\n<div class=\"item-details\">\n<h3 class=\"entry-title td-module-title\"><a href=\"https:\/\/r3media.ro\/supermarket-anglia-suspnda-utilizare-inteligenta-artificiala-ia-recunoastere-faciala-client-acuzat-hotie\/\" rel=\"bookmark\" title=\"Un supermarket din Anglia suspend\u0103 utilizarea inteligen\u021bei artificiale (IA) pentru recunoa\u0219tere facial\u0103 dup\u0103 ce un client a fost acuzat pe nedrept de ho\u021bie\">Un supermarket din Anglia suspend\u0103 utilizarea inteligen\u021bei artificiale (IA) pentru recunoa\u0219tere&#8230;<\/a><\/h3>\n<div class=\"td-module-meta-info\"><span class=\"td-post-date\"><time class=\"entry-date updated td-module-date\" datetime=\"2026-08-18T20:36:52+03:00\">18\/08\/2026<\/time><\/span><\/div>\n<\/div>\n<\/div>\n<\/div>\n<div class=\"td-block-span12\">\n<div class=\"td_module_6 td_module_wrap td-animation-stack\">\n<div class=\"td-module-thumb\"><a href=\"https:\/\/r3media.ro\/sustinatori-dominic-fritz-timisoara-protest-decizie-curtea-constitutionala\/\" rel=\"bookmark\" class=\"td-image-wrap \" title=\"Sus\u021bin\u0103torii lui Dominic Fritz din Timi\u0219oara ies \u00een strad\u0103 pentru a protesta fa\u021b\u0103 de decizia Cur\u021bii Constitu\u021bionale\"><img loading=\"lazy\" decoding=\"async\" class=\"entry-thumb\" src=\"https:\/\/r3media.ro\/wp-content\/uploads\/2022\/05\/steaguri-fritz-100x70.jpg\" alt title=\"Sus\u021bin\u0103torii lui Dominic Fritz din Timi\u0219oara ies \u00een strad\u0103 pentru a protesta fa\u021b\u0103 de decizia Cur\u021bii Constitu\u021bionale\" width=\"100\" height=\"70\"><\/a><\/div>\n<div class=\"item-details\">\n<h3 class=\"entry-title td-module-title\"><a href=\"https:\/\/r3media.ro\/sustinatori-dominic-fritz-timisoara-protest-decizie-curtea-constitutionala\/\" rel=\"bookmark\" title=\"Sus\u021bin\u0103torii lui Dominic Fritz din Timi\u0219oara ies \u00een strad\u0103 pentru a protesta fa\u021b\u0103 de decizia Cur\u021bii Constitu\u021bionale\">Sus\u021bin\u0103torii lui Dominic Fritz din Timi\u0219oara ies \u00een strad\u0103 pentru a&#8230;<\/a><\/h3>\n<div class=\"td-module-meta-info\"><span class=\"td-post-date\"><time class=\"entry-date updated td-module-date\" datetime=\"2026-08-18T20:10:30+03:00\">18\/08\/2026<\/time><\/span><\/div>\n<\/div>\n<\/div>\n<\/div>\n<div class=\"td-block-span12\">\n<div class=\"td_module_6 td_module_wrap td-animation-stack\">\n<div class=\"td-module-thumb\"><a href=\"https:\/\/r3media.ro\/criza-apei-loveste-statele-unite-ale-americii-specialisti-dezastru-natural\/\" rel=\"bookmark\" class=\"td-image-wrap \" title=\"Criza apei love\u0219te puternic Statele Unite ale Americii: cele mai mari rezervoare din \u021bar\u0103 r\u0103m\u00e2n f\u0103r\u0103 ap\u0103 iar speciali\u0219tii vorbesc de un \u201edezastru natural\u201d\"><img loading=\"lazy\" decoding=\"async\" class=\"entry-thumb\" src=\"https:\/\/r3media.ro\/wp-content\/uploads\/2026\/08\/lacul-powell-sua-100x70.jpg\" alt title=\"Criza apei love\u0219te puternic Statele Unite ale Americii: cele mai mari rezervoare din \u021bar\u0103 r\u0103m\u00e2n f\u0103r\u0103 ap\u0103 iar speciali\u0219tii vorbesc de un \u201edezastru natural\u201d\" width=\"100\" height=\"70\"><\/a><\/div>\n<div class=\"item-details\">\n<h3 class=\"entry-title td-module-title\"><a href=\"https:\/\/r3media.ro\/criza-apei-loveste-statele-unite-ale-americii-specialisti-dezastru-natural\/\" rel=\"bookmark\" title=\"Criza apei love\u0219te puternic Statele Unite ale Americii: cele mai mari rezervoare din \u021bar\u0103 r\u0103m\u00e2n f\u0103r\u0103 ap\u0103 iar speciali\u0219tii vorbesc de un \u201edezastru natural\u201d\">Criza apei love\u0219te puternic Statele Unite ale Americii: cele mai mari&#8230;<\/a><\/h3>\n<div class=\"td-module-meta-info\"><span class=\"td-post-date\"><time class=\"entry-date updated td-module-date\" datetime=\"2026-08-18T18:09:42+03:00\">18\/08\/2026<\/time><\/span><\/div>\n<\/div>\n<\/div>\n<\/div>\n<div class=\"td-block-span12\">\n<div class=\"td_module_6 td_module_wrap td-animation-stack\">\n<div class=\"td-module-thumb\"><a href=\"https:\/\/r3media.ro\/casa-scrum-pompieri-masina-electrica-incendiu-malaezia\/\" rel=\"bookmark\" class=\"td-image-wrap \" title=\"O cas\u0103 cu dou\u0103 etaje s-a f\u0103cut scrum. Pompierii cred c\u0103 de vin\u0103 a fost o ma\u0219in\u0103 electric\u0103 ce se afla la \u00eenc\u0103rcat\"><img loading=\"lazy\" decoding=\"async\" class=\"entry-thumb\" src=\"https:\/\/r3media.ro\/wp-content\/uploads\/2023\/07\/pompieri-incendii-incendiu-1536x1075-1-100x70.webp\" alt title=\"O cas\u0103 cu dou\u0103 etaje s-a f\u0103cut scrum. Pompierii cred c\u0103 de vin\u0103 a fost o ma\u0219in\u0103 electric\u0103 ce se afla la \u00eenc\u0103rcat\" width=\"100\" height=\"70\"><\/a><\/div>\n<div class=\"item-details\">\n<h3 class=\"entry-title td-module-title\"><a href=\"https:\/\/r3media.ro\/casa-scrum-pompieri-masina-electrica-incendiu-malaezia\/\" rel=\"bookmark\" title=\"O cas\u0103 cu dou\u0103 etaje s-a f\u0103cut scrum. Pompierii cred c\u0103 de vin\u0103 a fost o ma\u0219in\u0103 electric\u0103 ce se afla la \u00eenc\u0103rcat\">O cas\u0103 cu dou\u0103 etaje s-a f\u0103cut scrum. Pompierii cred c\u0103&#8230;<\/a><\/h3>\n<div class=\"td-module-meta-info\"><span class=\"td-post-date\"><time class=\"entry-date updated td-module-date\" datetime=\"2026-08-18T17:39:11+03:00\">18\/08\/2026<\/time><\/span><\/div>\n<\/div>\n<\/div>\n<\/div>\n<div class=\"td-block-span12\">\n<div class=\"td_module_6 td_module_wrap td-animation-stack\">\n<div class=\"td-module-thumb\"><a href=\"https:\/\/r3media.ro\/marius-totolici-nepot-mircea-rednic-infarct-mort\/\" rel=\"bookmark\" class=\"td-image-wrap \" title=\"Marius Totolici, nepotul lui Mircea Rednic, a murit fulger\u0103tor la 37 de ani. A f\u0103cut infarct \u00een somn\"><img loading=\"lazy\" decoding=\"async\" class=\"entry-thumb\" src=\"https:\/\/r3media.ro\/wp-content\/uploads\/2023\/07\/spital-medic-pacient-sanatate-100x70.jpg\" alt title=\"Marius Totolici, nepotul lui Mircea Rednic, a murit fulger\u0103tor la 37 de ani. A f\u0103cut infarct \u00een somn\" width=\"100\" height=\"70\"><\/a><\/div>\n<div class=\"item-details\">\n<h3 class=\"entry-title td-module-title\"><a href=\"https:\/\/r3media.ro\/marius-totolici-nepot-mircea-rednic-infarct-mort\/\" rel=\"bookmark\" title=\"Marius Totolici, nepotul lui Mircea Rednic, a murit fulger\u0103tor la 37 de ani. A f\u0103cut infarct \u00een somn\">Marius Totolici, nepotul lui Mircea Rednic, a murit fulger\u0103tor la 37&#8230;<\/a><\/h3>\n<div class=\"td-module-meta-info\"><span class=\"td-post-date\"><time class=\"entry-date updated td-module-date\" datetime=\"2026-08-17T20:45:16+03:00\">17\/08\/2026<\/time><\/span><\/div>\n<\/div>\n<\/div>\n<\/div>\n<div class=\"td-block-span12\">\n<div class=\"td_module_6 td_module_wrap td-animation-stack\">\n<div class=\"td-module-thumb\"><a href=\"https:\/\/r3media.ro\/142-miliarde-euro-romania-6-luni-2026-radu-georgescu-romania-safari\/\" rel=\"bookmark\" class=\"td-image-wrap \" title=\"14,2 miliarde de euro au ie\u0219it din Rom\u00e2nia \u00een primele 6 luni din 2026. Radu Georgescu: Nu exclud ca peste 10 ani, \u021bara s\u0103 fie ca un safari, unde str\u0103inii vor merge cu blindate prin ora\u0219e ca s\u0103 vad\u0103 ur\u0219i\"><img loading=\"lazy\" decoding=\"async\" class=\"entry-thumb\" src=\"https:\/\/r3media.ro\/wp-content\/uploads\/2025\/08\/radu-georgescu-100x70.png\" alt title=\"14,2 miliarde de euro au ie\u0219it din Rom\u00e2nia \u00een primele 6 luni din 2026. Radu Georgescu: Nu exclud ca peste 10 ani, \u021bara s\u0103 fie ca un safari, unde str\u0103inii vor merge cu blindate prin ora\u0219e ca s\u0103 vad\u0103 ur\u0219i\" width=\"100\" height=\"70\"><\/a><\/div>\n<div class=\"item-details\">\n<h3 class=\"entry-title td-module-title\"><a href=\"https:\/\/r3media.ro\/142-miliarde-euro-romania-6-luni-2026-radu-georgescu-romania-safari\/\" rel=\"bookmark\" title=\"14,2 miliarde de euro au ie\u0219it din Rom\u00e2nia \u00een primele 6 luni din 2026. Radu Georgescu: Nu exclud ca peste 10 ani, \u021bara s\u0103 fie ca un safari, unde str\u0103inii vor merge cu blindate prin ora\u0219e ca s\u0103 vad\u0103 ur\u0219i\">14,2 miliarde de euro au ie\u0219it din Rom\u00e2nia \u00een primele 6&#8230;<\/a><\/h3>\n<div class=\"td-module-meta-info\"><span class=\"td-post-date\"><time class=\"entry-date updated td-module-date\" datetime=\"2026-08-17T17:39:22+03:00\">17\/08\/2026<\/time><\/span><\/div>\n<\/div>\n<\/div>\n<\/div>\n<\/div>\n<\/div>\n<aside class=\"td_block_template_1 widget widget_recent_comments\">\n<h4 class=\"block-title\"><span>INTR\u0102 \u00ceN DISCU\u021aIE!<\/span><\/h4>\n<ul id=\"recentcomments\">\n<li class=\"recentcomments\"><span class=\"comment-author-link\">Nicu<\/span> la <a href=\"https:\/\/r3media.ro\/ccr-amendamentul-fritz-lleea-integritatii-constitutional-primar-timisoara-mandat\/#comment-40391\">CCR: Amendamentul Fritz la Legea Integrit\u0103\u021bii este constitu\u021bional. Primarul Timi\u0219oarei \u00ee\u0219i pierde mandatul c\u00e2nd lege intr\u0103 \u00een vigoare<\/a><\/li>\n<li class=\"recentcomments\"><span class=\"comment-author-link\"><a href=\"http:\/\/Radiogergescu@yahoo.com\" class=\"url\" rel=\"ugc external nofollow\">Radio Georgescu<\/a><\/span> la <a href=\"https:\/\/r3media.ro\/142-miliarde-euro-romania-6-luni-2026-radu-georgescu-romania-safari\/#comment-40390\">14,2 miliarde de euro au ie\u0219it din Rom\u00e2nia \u00een primele 6 luni din 2026. Radu Georgescu: Nu exclud ca peste 10 ani, \u021bara s\u0103 fie ca un safari, unde str\u0103inii vor merge cu blindate prin ora\u0219e ca s\u0103 vad\u0103 ur\u0219i<\/a><\/li>\n<li class=\"recentcomments\"><span class=\"comment-author-link\">Aa<\/span> la <a href=\"https:\/\/r3media.ro\/142-miliarde-euro-romania-6-luni-2026-radu-georgescu-romania-safari\/#comment-40389\">14,2 miliarde de euro au ie\u0219it din Rom\u00e2nia \u00een primele 6 luni din 2026. Radu Georgescu: Nu exclud ca peste 10 ani, \u021bara s\u0103 fie ca un safari, unde str\u0103inii vor merge cu blindate prin ora\u0219e ca s\u0103 vad\u0103 ur\u0219i<\/a><\/li>\n<li class=\"recentcomments\"><span class=\"comment-author-link\">Leo<\/span> la <a href=\"https:\/\/r3media.ro\/142-miliarde-euro-romania-6-luni-2026-radu-georgescu-romania-safari\/#comment-40388\">14,2 miliarde de euro au ie\u0219it din Rom\u00e2nia \u00een primele 6 luni din 2026. Radu Georgescu: Nu exclud ca peste 10 ani, \u021bara s\u0103 fie ca un safari, unde str\u0103inii vor merge cu blindate prin ora\u0219e ca s\u0103 vad\u0103 ur\u0219i<\/a><\/li>\n<li class=\"recentcomments\"><span class=\"comment-author-link\">Mihai<\/span> la <a href=\"https:\/\/r3media.ro\/142-miliarde-euro-romania-6-luni-2026-radu-georgescu-romania-safari\/#comment-40387\">14,2 miliarde de euro au ie\u0219it din Rom\u00e2nia \u00een primele 6 luni din 2026. Radu Georgescu: Nu exclud ca peste 10 ani, \u021bara s\u0103 fie ca un safari, unde str\u0103inii vor merge cu blindate prin ora\u0219e ca s\u0103 vad\u0103 ur\u0219i<\/a><\/li>\n<li class=\"recentcomments\"><span class=\"comment-author-link\">Nicolae<\/span> la <a href=\"https:\/\/r3media.ro\/video-david-popovici-aur-la-200-m-liber-la-europenele-de-la-paris-aici-e-romania\/#comment-40386\">VIDEO | David Popovici, aur la 200 m liber la Europenele de la Paris: Aici e Rom\u00e2nia!<\/a><\/li>\n<li class=\"recentcomments\"><span class=\"comment-author-link\">Arsenie<\/span> la <a href=\"https:\/\/r3media.ro\/cornel-nistorescu-ambulanta-recea-cristur-stiri-false-interzicere\/#comment-40385\">Cornel Nistorescu, despre incidentul cu ambulan\u021ba de la Recea-Cristur: Statul rom\u00e2n a\u0219teapt\u0103 s\u0103 interzic\u0103 \u0219tirile false \u0219i, pe l\u00eeng\u0103, tot ce nu convine puterii<\/a><\/li>\n<\/ul>\n<\/aside>\n<aside class=\"td_block_template_1 widget widget_search\">\n<h4 class=\"block-title\"><span>CAUT\u0102 \u0218I VEI G\u0102SI<\/span><\/h4>\n<\/aside>\n<\/div>\n<\/div>\n<\/div>\n<\/div>\n<\/div>\n<\/div>\n<\/div>\n<p><span class=\"td-page-meta\"><\/span><span class=\"td-page-meta\"><span class=\"td-page-meta\"><\/span><\/span><span class=\"td-page-meta\"><\/span><\/article>\n<\/p>\n<div class=\"td_block_wrap tdb_single_content tdi_18 td-pb-border-top td_block_template_1 td-post-content tagdiv-type\" data-td-block-uid=\"tdi_18\">\n<div class=\"tdb-block-inner td-fix-index\">\n<p><strong><a href=\"https:\/\/r3media.ro\/tag\/banca-centrala-europeana-bce\/\" target=\"_blank\" rel=\"noopener\">Banca Central\u0103 European\u0103 (BCE)<\/a> a publicat un nou studiu care arat\u0103 c\u0103 numerarul r\u0103m\u00e2ne metoda de plat\u0103 cea mai larg acceptat\u0103 de companiile din \u00eentregul bloc monetar. Asta se \u00eent\u00e2mpl\u0103 \u00een ciuda impulsului pentru pl\u0103\u021bile digitale din zona euro, potrivit <a href=\"https:\/\/fintech.global\/2026\/08\/18\/cash-holds-firm-despite-euro-areas-digital-payment-push\/\" target=\"_blank\" rel=\"noopener\">Fintech<\/a>.<\/strong><\/p>\n<p>Concluziile arat\u0103 c\u0103 92% dintre companiile care v\u00e2nd bunuri \u0219i servicii din spa\u021bii fizice \u00een sectoarele comer\u021bului cu am\u0103nuntul, ospitalit\u0103\u021bii \u0219i artelor, divertismentului \u0219i recreerii au acceptat numerar \u00een 2026. Procentul a crescut u\u0219or, fa\u021b\u0103 de 90% \u00een 2024. BCE a declarat c\u0103 acest lucru marcheaz\u0103 o revenire a accept\u0103rii numerarului \u00een urma sc\u0103derilor din timpul pandemiei.<\/p>\n<p>Pl\u0103\u021bile cu cardul au r\u0103mas \u00een general constante \u00een aceea\u0219i perioad\u0103. Ele au fost acceptate de 88% dintre companii at\u00e2t \u00een \u200b\u200b2024, c\u00e2t \u0219i \u00een 2026. Pl\u0103\u021bile mobile au \u00eenregistrat cea mai accentuat\u0103 schimbare. Acceptarea aproape s-a dublat, de la 36% la 68% dintre companii. Acest lucru indic\u0103 o adoptare rapid\u0103 a op\u021biunilor de plat\u0103 contactless \u0219i bazate pe aplica\u021bii mai degrab\u0103 al\u0103turi dec\u00e2t \u00een locul numerarului.<\/p>\n<h2><strong>Numerarul se men\u021bine ferm \u00een UE, \u00een ciuda impulsului pentru pl\u0103\u021bile digitale din zona euro<\/strong><\/h2>\n<p>\u00a0<\/p>\n<p>Un sfert dintre companiile din zona euro au declarat c\u0103 au luat m\u0103suri active pentru a \u00eencuraja clien\u021bii s\u0103 apeleze la pl\u0103\u021bile digitale, cum ar fi instalarea de case de marcat care proceseaz\u0103 doar <a href=\"https:\/\/r3media.ro\/tag\/disparitia-banilor-fizici-numerar\/\" target=\"_blank\" rel=\"noopener\">tranzac\u021bii f\u0103r\u0103 numerar<\/a> sau reducerea num\u0103rului de case de marcat care accept\u0103 numerar. Aproximativ 13% dintre companii au introdus terminale de autoservire, reflect\u00e2nd o schimbare mai ampl\u0103 \u00een modul \u00een care sunt gestionate tranzac\u021biile cu am\u0103nuntul.<\/p>\n<p>Companiile au declarat BCE c\u0103 preferin\u021bele consumatorilor, securitatea \u0219i u\u0219urin\u021ba \u00een utilizare au fost principalii factori care influen\u021beaz\u0103 metodele de plat\u0103 pe care le aleg s\u0103 le accepte. Numerarul a p\u0103strat avantaje clare \u00een ochii multor firme. Banii fizici asigura confiden\u021bialitatea \u0219i fiabilitatea, chiar \u0219i pe m\u0103sur\u0103 ce infrastructura digital\u0103 se extinde.<\/p>\n<p>Banca Central\u0103 European\u0103 a realizat studiul prin chestionarea a 8.205 companii din toate cele 21 de \u021b\u0103ri din zona euro. Interviurile au fost efectuate \u00eentre februarie \u0219i aprilie 2026.<\/p>\n<p>\u00cenc\u0103 de la finalul anului trecut, Banca Central\u0103 European\u0103 <a href=\"https:\/\/r3media.ro\/banca-centrala-europeana-bce-recomanda-pastrare-numerar-acasa-instabilitate-majora\/\" target=\"_blank\" rel=\"noopener\">recomanda<\/a> cet\u0103\u021benilor s\u0103 p\u0103streze acas\u0103 numerar \u201esuficient pentru a acoperi necesit\u0103\u021bile esen\u021biale timp de aproximativ 72 de ore\u201d. Anali\u0219tii BCE au analizat la acea vreme patru crize care au lovit Europa \u00een ultimii ani:<\/p>\n<ul>\n<li>pandemia de Covid-19;<\/li>\n<li>invazia Ucrainei de c\u0103tre Rusia;<\/li>\n<li>blackout-ul spaniol din aprilie 2025;<\/li>\n<li>criza datoriei suverane din Grecia.<\/li>\n<\/ul>\n<p>\u201eNu toate crizele conduc \u00een mod sistematic la o cerere puternic\u0103 de numerar, dar cazurile studiate ofer\u0103 un test de rezisten\u021b\u0103 al func\u021biei numerarului atunci c\u00e2nd economia, infrastructurile critice sau \u00eencrederea public\u0103 sunt puternic puse la \u00eencercare\u201d, se arat\u0103 \u00een document.<\/p>\n<h2><strong>BNR le-a recomandat rom\u00e2nilor s\u0103 p\u0103streze rezerve \u00een numerar<\/strong><\/h2>\n<p>\u00a0<\/p>\n<p>Recent, <a href=\"https:\/\/r3media.ro\/tag\/banca-nationala-a-romaniei-bnr\/\" target=\"_blank\" rel=\"noopener\">B<strong>anca Na\u021bional\u0103 a Rom\u00e2niei (BNR)<\/strong><\/a> le-a recomandat \u0219i ea rom\u00e2nilor s\u0103 p\u0103streze rezerve de numerar. Banca a precizat c\u0103 numerarul r\u0103m\u00e2ne o component\u0103 esen\u021bial\u0103 a sistemului monetar. \u00cen plus, numerarul se poate dovedi relevant \u00een situa\u021bii de criz\u0103, potrivit BNR.<\/p>\n<p>\u201eNumerarul r\u0103m\u00e2ne \u00eens\u0103 o component\u0103 esen\u021bial\u0103 a sistemului monetar, iar asigurarea accesului popula\u021biei \u0219i agen\u021bilor economici la numerar este una dintre preocup\u0103rile constante ale BNR, \u00een concordan\u021b\u0103 cu nevoile reale ale acestora. Accesul la numerar are un rol important \u00een asigurarea particip\u0103rii la activit\u0103\u021bile economice, c\u00e2t \u0219i ca instrument de asigurare a incluziunii financiare, \u00een special \u00een regiunile cu infrastructur\u0103 financiar\u0103 slab dezvoltat\u0103\u201c, a transmis Banca Na\u021bional\u0103 a Rom\u00e2niei.\u021b<\/p>\n<p>\u00cen ultimii ani, numero\u0219i formatori de opinie s-au pozi\u021bionat \u00een favoarea pl\u0103\u021bilor cash \u00een detrimentul celor electronice. \u00centr-o postare pe Facebook, jurnalistul M\u0103d\u0103lin Ionescu a afirmat c\u0103 eliminarea banilor cash din circula\u021bie reprezint\u0103 <strong><a href=\"https:\/\/r3media.ro\/madalin-ionescu-eliminare-bani-cash-inceput-dictatura-guverne-banci-corporatii-numerar-periculos-libertate\/\" target=\"_blank\" rel=\"noopener\">\u00eenceputul unei dictaturi<\/a><\/strong>. Acum mai bine de un an el vorbea exact de problemele prezentate \u00een prezent de BNR.<\/p>\n<p>La fel ca M\u0103d\u0103lin Ionescu, Mircea Badea <strong><a href=\"https:\/\/r3media.ro\/plata-cu-cardul-mircea-badea-nu-mai-plec-de-acasa-fara-bani-cash-spalarea-pe-creier-a-oamenilor-de-pe-planeta-este-ingrozitoare-dar-oamenii-merita\/\" target=\"_blank\" rel=\"noopener\">a anun\u021bat c\u0103 nu mai pleac\u0103 f\u0103r\u0103 bani cash<\/a><\/strong>\u00a0la el.<\/p>\n<div class=\"crp_related     crp-masonry\">\n<h2>\u00ceN CONTEXT<\/h2>\n<ul>\n<li><a href=\"https:\/\/r3media.ro\/banca-centrala-europeana-bce-recomanda-pastrare-numerar-acasa-instabilitate-majora\/\" class=\"crp_link post-113327\"><span class=\"crp_title\">Banca Central\u0103 European\u0103 (BCE) recomand\u0103 cet\u0103\u021benilor s\u0103 p\u0103streze acas\u0103 numerar \u201esuficient\u2026<\/span><\/a><\/li>\n<li><a href=\"https:\/\/r3media.ro\/gheorghe-piperea-euro-digital-obligatie-certificat-vaccinare\/\" class=\"crp_link post-119733\"><span class=\"crp_title\">Europarlamentarul Gheorghe Piperea: Op\u021biunea pentru euro digital se va putea transforma \u00een\u2026<\/span><\/a><\/li>\n<li><a href=\"https:\/\/r3media.ro\/bnr-recomanda-romani-rezerve-de-cash-atacuri-cibernetice-numerar-relevant-criza\/\" class=\"crp_link post-120512\"><span class=\"crp_title\">BNR le recomand\u0103 rom\u00e2nilor s\u0103 p\u0103streze rezerve de cash: Numerarul se poate dovedi relevant \u00een criz\u0103<\/span><\/a><\/li>\n<li><a href=\"https:\/\/r3media.ro\/uber-introduce-plata-cash-noua-zeelanda-proiect-pilot-companie-acceptare-numerar-clienti\/\" class=\"crp_link post-120843\"><span class=\"crp_title\">Uber introduce plata cash \u00een Noua Zeeland\u0103. Un proiect-pilot a ar\u0103tat companiei c\u0103\u2026<\/span><\/a><\/li>\n<li><a href=\"https:\/\/r3media.ro\/victorie-a-libertatii-slovenia-parlamentul-votat-introducere-constitutie-drept-utilizare-numerar-cetateni\/\" class=\"crp_link post-114394\"><span class=\"crp_title\">Victorie a libert\u0103\u021bii \u00een Slovenia: Parlamentul a votat introducerea \u00een Constitu\u021bie a\u2026<\/span><\/a><\/li>\n<li><a href=\"https:\/\/r3media.ro\/gheorghe-piperea-europarlamentar-aur-ecr-un-atac-cibernetic-poate-bloca-platile-bancomatele-si-accesul-la-conturile-bancare-numerarul-trebuie-protejat-ca-ultima-garantie-a-independentei-financiar\/\" class=\"crp_link post-120326\"><span class=\"crp_title\">Gheorghe Piperea (europarlamentar AUR\/ECR): Un atac cibernetic poate bloca pl\u0103\u021bile,\u2026<\/span><\/a><\/li>\n<li><a href=\"https:\/\/r3media.ro\/elvetia-cetatean-lasat-scoata-propriii-bani-banca-cetatenii-revolta-magazine-cafenele-restaurante-nu-accepta-numerarul\/\" class=\"crp_link post-114582\"><span class=\"crp_title\">Elve\u021bia | Un cet\u0103\u021bean nu a fost l\u0103sat s\u0103-\u0219i scoat\u0103 propriii bani din banc\u0103. Cet\u0103\u021benii se\u2026<\/span><\/a><\/li>\n<li><a href=\"https:\/\/r3media.ro\/mugur-isarescu-bnr-taie-adoptare-moneda-euro-digital-bani-numerar-populatie\/\" class=\"crp_link post-113276\"><span class=\"crp_title\">Mugur Is\u0103rescu taie din fa\u0219\u0103 adoptarea monedei euro digitale: Nu e vorba doar c\u0103 sunt un\u2026<\/span><\/a><\/li>\n<\/ul>\n<\/div>\n<\/div>\n<\/div>\n<p>[analyse_source url=&#8221;https:\/\/r3media.ro\/numerarul-uniunea-europeana-impuls-platile-digitale-zona-euro\/&#8221;]<\/p>\n","protected":false},"excerpt":{"rendered":"<p>[analyse_image type=&#8221;featured&#8221; src=&#8221;https:\/\/r3media.ro\/wp-content\/uploads\/2026\/01\/bancnota-euro.pnghttps:\/\/r3media.ro\/wp-content\/uploads\/2026\/01\/bancnota-euro.png&#8221;] FEATUREDNumerarul se men\u021bine ferm \u00een UE, \u00een ciuda impulsului pentru pl\u0103\u021bile digitale&#8230; FEATURED\u0218TIRI Numerarul se men\u021bine ferm \u00een UE, \u00een ciuda impulsului pentru pl\u0103\u021bile digitale din zona euro Oana Ivan 18\/08\/2026 Unsplash Banca Central\u0103 European\u0103 (BCE) a publicat un nou studiu care arat\u0103 c\u0103 numerarul r\u0103m\u00e2ne metoda de plat\u0103 cea mai larg [&hellip;]<\/p>\n","protected":false},"author":1,"featured_media":0,"comment_status":"open","ping_status":"","sticky":false,"template":"","format":"standard","meta":{"footnotes":""},"categories":[89],"tags":[226,93],"class_list":["post-2099991","post","type-post","status-publish","format-standard","hentry","category-romania","tag-crawlmanager","tag-r3media-ro"],"_links":{"self":[{"href":"https:\/\/analyse.optim.biz\/index.php?rest_route=\/wp\/v2\/posts\/2099991","targetHints":{"allow":["GET"]}}],"collection":[{"href":"https:\/\/analyse.optim.biz\/index.php?rest_route=\/wp\/v2\/posts"}],"about":[{"href":"https:\/\/analyse.optim.biz\/index.php?rest_route=\/wp\/v2\/types\/post"}],"author":[{"embeddable":true,"href":"https:\/\/analyse.optim.biz\/index.php?rest_route=\/wp\/v2\/users\/1"}],"replies":[{"embeddable":true,"href":"https:\/\/analyse.optim.biz\/index.php?rest_route=%2Fwp%2Fv2%2Fcomments&post=2099991"}],"version-history":[{"count":0,"href":"https:\/\/analyse.optim.biz\/index.php?rest_route=\/wp\/v2\/posts\/2099991\/revisions"}],"wp:attachment":[{"href":"https:\/\/analyse.optim.biz\/index.php?rest_route=%2Fwp%2Fv2%2Fmedia&parent=2099991"}],"wp:term":[{"taxonomy":"category","embeddable":true,"href":"https:\/\/analyse.optim.biz\/index.php?rest_route=%2Fwp%2Fv2%2Fcategories&post=2099991"},{"taxonomy":"post_tag","embeddable":true,"href":"https:\/\/analyse.optim.biz\/index.php?rest_route=%2Fwp%2Fv2%2Ftags&post=2099991"}],"curies":[{"name":"wp","href":"https:\/\/api.w.org\/{rel}","templated":true}]}}