{"id":2099983,"date":"2026-08-18T17:36:52","date_gmt":"2026-08-18T14:36:52","guid":{"rendered":"https:\/\/analyse.optim.biz\/?p=2099983"},"modified":"2026-08-18T17:36:52","modified_gmt":"2026-08-18T14:36:52","slug":"un-supermarket-din-anglia-suspenda-utilizarea-inteligentei-artificiale-ia-pentru-recunoastere-faciala-dupa-ce-un-client-a-fost-acuzat-pe-nedrept-de-hotie","status":"publish","type":"post","link":"https:\/\/analyse.optim.biz\/?p=2099983","title":{"rendered":"Un supermarket din Anglia suspend\u0103 utilizarea inteligen\u021bei artificiale (IA) pentru recunoa\u0219tere facial\u0103 dup\u0103 ce un client a fost acuzat pe nedrept de ho\u021bie"},"content":{"rendered":"<p>[analyse_image type=&#8221;featured&#8221; src=&#8221;https:\/\/r3media.ro\/wp-content\/uploads\/2026\/08\/supermarket-anglia-scaled-e1787074478424.jpghttps:\/\/r3media.ro\/wp-content\/uploads\/2026\/08\/supermarket-anglia-scaled-e1787074478424.jpg&#8221;]<\/p>\n<article id=\"template-id-109\" class=\"post-109 tdb_templates type-tdb_templates status-publish post\">\n<div id=\"tdi_2\" class=\"tdc-zone\">\n<div class=\"tdc_zone tdi_3  wpb_row td-pb-row\">\n<div id=\"tdi_4\" class=\"tdc-row\">\n<div class=\"vc_row tdi_5  wpb_row td-pb-row\">\n<div class=\"vc_column tdi_7  wpb_column vc_column_container tdc-column td-pb-span8\">\n<div class=\"wpb_wrapper\">\n<div class=\"td_block_wrap tdb_breadcrumbs tdi_8 td-pb-border-top td_block_template_1 tdb-breadcrumbs \" data-td-block-uid=\"tdi_8\">\n<div class=\"tdb-block-inner td-fix-index\"><span><a title=\"Vede\u021bi toate articolele \u00een FEATURED\" class=\"tdb-entry-crumb\" href=\"https:\/\/r3media.ro\/category\/featured\/\">FEATURED<\/a><\/span><span class=\"tdb-bred-no-url-last\">Un supermarket din Anglia suspend\u0103 utilizarea inteligen\u021bei artificiale (IA) pentru recunoa\u0219tere facial\u0103&#8230;<\/span><\/div>\n<\/div>\n<div class=\"td_block_wrap tdb_single_categories tdi_9 td-pb-border-top td_block_template_1 \" data-td-block-uid=\"tdi_9\">\n<div class=\"tdb-category td-fix-index\"><a class=\"tdb-entry-category\" href=\"https:\/\/r3media.ro\/category\/featured\/\">FEATURED<\/a><\/div>\n<\/div>\n<div class=\"td_block_wrap tdb_title tdi_10 tdb-single-title td-pb-border-top td_block_template_1\" data-td-block-uid=\"tdi_10\">\n<div class=\"tdb-block-inner td-fix-index\">\n<h1 class=\"tdb-title-text\">Un supermarket din Anglia suspend\u0103 utilizarea inteligen\u021bei artificiale (IA) pentru recunoa\u0219tere facial\u0103 dup\u0103 ce un client a fost acuzat pe nedrept de ho\u021bie<\/h1>\n<\/div>\n<\/div>\n<div class=\"vc_row_inner tdi_12  vc_row vc_inner wpb_row td-pb-row\">\n<div class=\"vc_column_inner tdi_14  wpb_column vc_column_container tdc-inner-column td-pb-span12\">\n<div class=\"vc_column-inner\">\n<div class=\"wpb_wrapper\">\n<div class=\"td_block_wrap tdb_single_author tdi_15 td-pb-border-top td_block_template_1 tdb-post-meta\" data-td-block-uid=\"tdi_15\">\n<div class=\"tdb-block-inner td-fix-index\">\n<div class=\"tdb-author-name-wrap\"><a class=\"tdb-author-name\" href=\"https:\/\/r3media.ro\/author\/oana\/\">Oana Ivan<\/a><\/div>\n<\/div>\n<\/div>\n<div class=\"td_block_wrap tdb_single_date tdi_16 td-pb-border-top td_block_template_1 tdb-post-meta\" data-td-block-uid=\"tdi_16\">\n<div class=\"tdb-block-inner td-fix-index\"><time class=\"entry-date updated td-module-date\" datetime=\"2026-08-18T20:36:52+03:00\">18\/08\/2026<\/time><\/div>\n<\/div>\n<\/div>\n<\/div>\n<\/div>\n<\/div>\n<div class=\"td_block_wrap tdb_single_featured_image tdi_17 tdb-content-horiz-left td-pb-border-top td_block_template_1\" data-td-block-uid=\"tdi_17\">\n<div class=\"tdb-block-inner td-fix-index\">\n<figure><figcaption class=\"tdb-caption-text\">Surs\u0103 &#8211; Unsplash<\/figcaption><\/figure>\n<\/div>\n<\/div>\n<div class=\"td_block_wrap tdb_single_content tdi_18 td-pb-border-top td_block_template_1 td-post-content tagdiv-type\" data-td-block-uid=\"tdi_18\">\n<div class=\"tdb-block-inner td-fix-index\">\n<p><strong>Sainsbury\u2019s, un <a href=\"https:\/\/r3media.ro\/tag\/supermarket\/\" target=\"_blank\" rel=\"noopener\">supermarket<\/a> din Anglia, a suspendat utilizarea inteligen\u021bei artificiale (IA) pentru recunoa\u0219terea facial\u0103 dup\u0103 ce un client a fost acuzat pe nedrept de ho\u021bie, potrivit <a href=\"https:\/\/www.bbc.com\/news\/articles\/cddjlmeqjgyo\" target=\"_blank\" rel=\"noopener\">BBC<\/a>.<\/strong><\/p>\n<p>Matt Arnold, \u00een v\u00e2rst\u0103 de 46 de ani, a descris \u00eentreaga experien\u021b\u0103 drept o \u201eprivire terifiant\u0103 a viitorului\u201d. El a avertizat c\u0103 tehnologia de supraveghere a comer\u021bului cu am\u0103nuntul risc\u0103 s\u0103 umileasc\u0103 clien\u021bii. Potrivit acestuia, personalul se va sim\u021bi obligat s\u0103 urmeze alerte automate f\u0103r\u0103 a aplica logica uman\u0103.<\/p>\n<p>Supermarketul a declarat c\u0103 \u0219i-a cerut scuze fa\u021b\u0103 de Arnold \u0219i a sus\u021binut c\u0103 gre\u0219eala a fost \u201ecauzat\u0103 de o eroare uman\u0103\u201d, dar criticii au cerut eliminarea tehnologiei.<\/p>\n<h2><strong>Un client a fost acuzat pe nedrept de ho\u021bie \u00eentr-un supermarket din Anglia<\/strong><\/h2>\n<p>\u00a0<\/p>\n<p>Incidentul a avut loc pe 6 august. Arnold a\u0219tepta la o cas\u0103 <a href=\"https:\/\/r3media.ro\/tag\/selfs-ervice\/\" target=\"_blank\" rel=\"noopener\">self service<\/a> ca un membru al personalului s\u0103 aprobe o achizi\u021bie de alcool. Dup\u0103 ce \u0219i-a scanat deja produsele al\u0103turi de cardul s\u0103u de fidelitate Nectar, el a spus c\u0103 i-a f\u0103cut semn unui angajat s\u0103 vin\u0103.<\/p>\n<p>Imediat a fost abordat de doi membri ai conducerii \u0219i i s-a spus c\u0103 nu poate fi servit din cauza unui incident \u201epetrecut la \u00eenceputul s\u0103pt\u0103m\u00e2nii\u201d.<\/p>\n<p>\u201eAu venit \u0219i mi-au spus c\u0103 trebuie s\u0103 plec. Membrul personalului a spus c\u0103 am fost identificat de inteligen\u021ba artificial\u0103. Mi-au zis c\u0103 camerele m-au semnalat\u201d, a declarat el pentru BBC Londra.<\/p>\n<p>\u201eUn ho\u021b din magazine nu se plimb\u0103 cu at\u00e2tea cump\u0103r\u0103turi, nu le scaneaz\u0103, nu \u00ee\u0219i introduce cardul Nectar. Dar ceea ce m-a sup\u0103rat a fost g\u00e2ndul c\u0103 \u0103sta ar putea fi viitorul. Oamenii ascult\u0103 pur \u0219i simplu ce le spune aparatul s\u0103 fac\u0103 f\u0103r\u0103 s\u0103 se g\u00e2ndeasc\u0103 la consecin\u021be\u201d, a precizat Matt Arnold.<\/p>\n<p>\u00cen timp ce era escortat \u00een afara sediului, el s-a uitat pe un monitor CCTV \u0219i a v\u0103zut un cerc ro\u0219u \u00een jurul fe\u021bei sale.<\/p>\n<p>Sediul central Sainsbury\u2019s l-a contactat pe Arnold a doua zi pentru a-\u0219i cere scuze. Supermarketul a sus\u021binut c\u0103 incidentul a fost cauzat de o \u201eeroare uman\u0103\u201d \u0219i nu de o defec\u021biune a software-ului.<\/p>\n<p>Nu este prima dat\u0103 c\u00e2nd un sistem de recunoa\u0219tere facial\u0103 Sainsbury\u2019s \u2013 furnizat de firma de tehnologie Facewatch \u2013 a dus la interceptarea unui cump\u0103r\u0103tor nevinovat.<\/p>\n<p>\u00cen septembrie, Warren Rajah a fost obligat s\u0103 p\u0103r\u0103seasc\u0103 o sucursal\u0103 din Elephant and Castle dup\u0103 ce a fost semnalat \u00een mod eronat de acela\u0219i software Facewatch. Firma de securitate a confirmat ulterior c\u0103 nici m\u0103car nu era \u00een sistemul s\u0103u. Acest incident a fost, de asemenea, atribuit \u201eerorii umane\u201d de c\u0103tre Sainsbury\u2019s.<\/p>\n<h2><strong>Recunoa\u0219terea facial\u0103 pe baza inteligen\u021bei artificiale d\u0103 rateuri<\/strong><\/h2>\n<p>\u00a0<\/p>\n<p>Arnold a spus c\u0103 experien\u021ba sa l-a f\u0103cut s\u0103 cread\u0103 c\u0103 personalul se chinuia s\u0103 opereze sistemul \u00eentr-un mediu aglomerat al magazinelor.<\/p>\n<p>\u201eChiar dac\u0103 ceea ce mi s-a \u00eent\u00e2mplat a fost oribil, \u00eemi pare r\u0103u pentru personal. Se vor \u00eent\u00e2mpla gre\u0219eli. Nu sunt preg\u0103ti\u021bi pentru a implementa corect inteligen\u021ba artificial\u0103\u201d, a spus el.<\/p>\n<p>Un purt\u0103tor de cuv\u00e2nt al Sainsbury\u2019s a confirmat c\u0103 tehnologia a fost suspendat\u0103 la magazinul Dulwich din sud-estul Londrei \u00een timp ce are loc o anchet\u0103. Totu\u0219i, a ap\u0103rat implementarea pe scar\u0103 larg\u0103 a sistemului invoc\u00e2nd escaladarea infrac\u021biunilor.<\/p>\n<p>\u201eL-am contactat pe domnul Arnold pentru a ne cere scuze pentru experien\u021ba sa la hipermarketul nostru din Dulwich. Incidentul a fost cauzat de o eroare uman\u0103, nu de tehnologia de recunoa\u0219tere facial\u0103. Clien\u021bii pot fi lini\u0219ti\u021bi c\u0103 sistemul Facewatch are o rat\u0103 de precizie de 99,98%. Fiecare potrivire este revizuit\u0103 de un manager instruit\u201d, a transmis respectivul supermarket din Anglia.<\/p>\n<p>Un purt\u0103tor de cuv\u00e2nt al Facewatch a mai spus c\u0103 tehnologia lor \u201enu a fost de vin\u0103\u201d \u00een acest caz.<\/p>\n<div class=\"crp_related     crp-masonry\">\n<h2>\u00ceN CONTEXT<\/h2>\n<ul>\n<li><a href=\"https:\/\/r3media.ro\/fara-tine-in-google-r3media-dispare-iata-ce-poti-face-in-10-secunde\/\" class=\"crp_link post-119031\"><span class=\"crp_title\">F\u0103r\u0103 tine \u00een Google, R3media dispare. Iat\u0103 ce po\u021bi face \u00een 10 secunde<\/span><\/a><\/li>\n<li><a href=\"https:\/\/r3media.ro\/marea-britanie-apa-inteligenta-artificiala-romania-centru-ai-restrictii-consum-apa\/\" class=\"crp_link post-120415\"><span class=\"crp_title\">Marea Britanie nu mai are suficient\u0103 ap\u0103 pentru Inteligen\u021ba Artificial\u0103, dar Rom\u00e2nia vrea s\u0103\u2026<\/span><\/a><\/li>\n<li><a href=\"https:\/\/r3media.ro\/reducere-10-supermarket-stat-new-york-discount-clienti-case-self-service\/\" class=\"crp_link post-120707\"><span class=\"crp_title\">Reducere de 10% la supermarket: Statul New York ar putea oferi un discount clien\u021bilor care\u2026<\/span><\/a><\/li>\n<li><a href=\"https:\/\/r3media.ro\/danemarca-introduce-reguli-stricte-combatere-frauda-inteligenta-artificiala-scoli\/\" class=\"crp_link post-120935\"><span class=\"crp_title\">Danemarca introduce reguli stricte pentru combaterea fraudei cu inteligen\u021b\u0103 artificial\u0103 (IA)\u2026<\/span><\/a><\/li>\n<li><a href=\"https:\/\/r3media.ro\/papa-leon-impotriva-inteligenta-artificiala-razboi\/\" class=\"crp_link post-117086\"><span class=\"crp_title\">Papa Leon ia pozi\u021bie \u00eempotriva utiliz\u0103rii inteligen\u021bei artificiale \u00een r\u0103zboi<\/span><\/a><\/li>\n<li><a href=\"https:\/\/r3media.ro\/franta-anglia-finala-mica-cupa-mondiala-les-bleus-the-three-lions-lupta-medalie-bronz\/\" class=\"crp_link post-120104\"><span class=\"crp_title\">Fran\u021ba 4 &#8211; 6 Anglia, finala mic\u0103 la Cupa Mondial\u0103 2026: Britanicii au c\u00e2\u0219tigat medalia de bronz<\/span><\/a><\/li>\n<li><a href=\"https:\/\/r3media.ro\/spania-argentina-finala-cupa-mondiala-2026-la-albiceleste-victorie-anglia-semifinale-2-1\/\" class=\"crp_link post-119999\"><span class=\"crp_title\">Spania &#8211; Argentina, finala Cupei Mondiale 2026: \u201eLa Albiceleste\u201c au \u00eentors scorul \u0219i au\u2026<\/span><\/a><\/li>\n<li><a href=\"https:\/\/r3media.ro\/concedieri-oracle-romania-500-de-angajati-inteligenta-artificiala\/\" class=\"crp_link post-119037\"><span class=\"crp_title\">Val nou de concedieri la Oracle Rom\u00e2nia: aproximativ 500 de angaja\u021bi, pe fondul reorient\u0103rii\u2026<\/span><\/a><\/li>\n<\/ul>\n<\/div>\n<\/div>\n<\/div>\n<div class=\"td_block_wrap tdb_single_tags tdi_19 td-pb-border-top td_block_template_1\" data-td-block-uid=\"tdi_19\">\n<div class=\"tdb-block-inner td-fix-index\">\n<ul class=\"tdb-tags\">\n<li><span>SUBIECTE FIERBIN\u021aI<\/span><\/li>\n<li><a href=\"https:\/\/r3media.ro\/tag\/anglia\/\">Anglia<\/a><\/li>\n<li><a href=\"https:\/\/r3media.ro\/tag\/inteligenta-artificiala-ai\/\">inteligen\u021b\u0103 artificial\u0103 (AI)<\/a><\/li>\n<li><a href=\"https:\/\/r3media.ro\/tag\/recunoastere-faciala\/\">recunoastere faciala<\/a><\/li>\n<li><a href=\"https:\/\/r3media.ro\/tag\/supermarket\/\">supermarket<\/a><\/li>\n<\/ul>\n<\/div>\n<\/div>\n<div class=\"td_block_wrap td_block_9 tdi_20 td_with_ajax_pagination td-pb-border-top td_block_template_1 td-column-2 td_block_padding td_block_bot_line\" data-td-block-uid=\"tdi_20\">\n<div class=\"td-block-title-wrap\">\n<h4 class=\"block-title td-block-title\"><span class=\"td-pulldown-size\">CITE\u0218TE MAI MULT<\/span><\/h4>\n<\/div>\n<div id=\"tdi_20\" class=\"td_block_inner\">\n<div class=\"td-block-row\">\n<div class=\"td-block-span6\">\n<div class=\"td_module_8 td_module_wrap\">\n<div class=\"item-details\">\n<h3 class=\"entry-title td-module-title\"><a href=\"https:\/\/r3media.ro\/presedintele-serbiei-razboiul-din-ucraina\/\" rel=\"bookmark\" title=\"Pre\u0219edintele Serbiei nu crede c\u0103 r\u0103zboiul din Ucraina se termin\u0103 cur\u00e2nd: Cred c\u0103 ne afl\u0103m la \u00eenceputul unui r\u0103zboi mult, mult mai mare\">Pre\u0219edintele Serbiei nu crede c\u0103 r\u0103zboiul din Ucraina se termin\u0103 cur\u00e2nd: Cred c\u0103 ne&#8230;<\/a><\/h3>\n<div class=\"td-module-meta-info\"><a href=\"https:\/\/r3media.ro\/category\/actualitate\/\" class=\"td-post-category\">ACTUALITATE<\/a><span class=\"td-post-author-name\"><a href=\"https:\/\/r3media.ro\/author\/teodor_stan\/\">Teodor Stan<\/a><span>&#8211;<\/span><\/span><span class=\"td-post-date\"><time class=\"entry-date updated td-module-date\" datetime=\"2026-08-10T12:22:44+03:00\">10\/08\/2026<\/time><\/span><\/div>\n<\/div>\n<\/div>\n<\/div>\n<div class=\"td-block-span6\">\n<div class=\"td_module_8 td_module_wrap\">\n<div class=\"item-details\">\n<h3 class=\"entry-title td-module-title\"><a href=\"https:\/\/r3media.ro\/fara-apa-fara-curent-fara-viitor-cum-au-sacrificat-pro-europenii-romania-pe-altarul-ecologiei-ieftine\/\" rel=\"bookmark\" title=\"F\u0103r\u0103 ap\u0103, f\u0103r\u0103 curent, f\u0103r\u0103 viitor: cum au sacrificat pro-europenii Rom\u00e2nia pe altarul ecologiei ieftine\">F\u0103r\u0103 ap\u0103, f\u0103r\u0103 curent, f\u0103r\u0103 viitor: cum au sacrificat pro-europenii Rom\u00e2nia pe altarul ecologiei&#8230;<\/a><\/h3>\n<div class=\"td-module-meta-info\"><a href=\"https:\/\/r3media.ro\/category\/actualitate\/\" class=\"td-post-category\">ACTUALITATE<\/a><span class=\"td-post-author-name\"><a href=\"https:\/\/r3media.ro\/author\/paul_lazar\/\">Paul-Daniel Laz\u0103r<\/a><span>&#8211;<\/span><\/span><span class=\"td-post-date\"><time class=\"entry-date updated td-module-date\" datetime=\"2026-08-08T22:30:54+03:00\">08\/08\/2026<\/time><\/span><\/div>\n<\/div>\n<\/div>\n<\/div>\n<\/div>\n<div class=\"td-block-row\">\n<div class=\"td-block-span6\">\n<div class=\"td_module_8 td_module_wrap\">\n<div class=\"item-details\">\n<h3 class=\"entry-title td-module-title\"><a href=\"https:\/\/r3media.ro\/show-iluzie-si-realitate-de-la-the-truman-show-la-son-of-a-rich\/\" rel=\"bookmark\" title=\"Show, iluzie \u0219i realitate: de la The Truman Show la Son of a Rich\">Show, iluzie \u0219i realitate: de la The Truman Show la Son of a Rich<\/a><\/h3>\n<div class=\"td-module-meta-info\"><a href=\"https:\/\/r3media.ro\/category\/actualitate\/\" class=\"td-post-category\">ACTUALITATE<\/a><span class=\"td-post-author-name\"><a href=\"https:\/\/r3media.ro\/author\/costi_balasoiu\/\">Constantin B\u0103l\u0103\u0219oiu<\/a><span>&#8211;<\/span><\/span><span class=\"td-post-date\"><time class=\"entry-date updated td-module-date\" datetime=\"2026-08-08T15:30:25+03:00\">08\/08\/2026<\/time><\/span><\/div>\n<\/div>\n<\/div>\n<\/div>\n<div class=\"td-block-span6\">\n<div class=\"td_module_8 td_module_wrap\">\n<div class=\"item-details\">\n<h3 class=\"entry-title td-module-title\"><a href=\"https:\/\/r3media.ro\/fani-stapanul-inelelor-surpriza-sezonul-3-sauron\/\" rel=\"bookmark\" title=\"Fanii \u201eSt\u0103p\u00e2nul Inelelor\u201c ar putea avea o surpriz\u0103 \u00een sezonul 3 din serialul \u201eInelele Puterii\u201c. Sauron se va confrunta cu o creatur\u0103 de temut\">Fanii \u201eSt\u0103p\u00e2nul Inelelor\u201c ar putea avea o surpriz\u0103 \u00een sezonul 3 din serialul \u201eInelele&#8230;<\/a><\/h3>\n<div class=\"td-module-meta-info\"><a href=\"https:\/\/r3media.ro\/category\/actualitate\/\" class=\"td-post-category\">ACTUALITATE<\/a><span class=\"td-post-author-name\"><a href=\"https:\/\/r3media.ro\/author\/oana\/\">Oana Ivan<\/a><span>&#8211;<\/span><\/span><span class=\"td-post-date\"><time class=\"entry-date updated td-module-date\" datetime=\"2026-08-08T00:19:31+03:00\">08\/08\/2026<\/time><\/span><\/div>\n<\/div>\n<\/div>\n<\/div>\n<\/div>\n<div class=\"td-block-row\">\n<div class=\"td-block-span6\">\n<div class=\"td_module_8 td_module_wrap\">\n<div class=\"item-details\">\n<h3 class=\"entry-title td-module-title\"><a href=\"https:\/\/r3media.ro\/david-popovici-fair-play-sportivi-rusi-competitii\/\" rel=\"bookmark\" title=\"David Popovici, fair-play la revenirea sportivilor ru\u0219i \u00een competi\u021bii: Le urez succes, sper s\u0103 fiu mai bun dec\u00e2t ei\">David Popovici, fair-play la revenirea sportivilor ru\u0219i \u00een competi\u021bii: Le urez succes, sper s\u0103&#8230;<\/a><\/h3>\n<div class=\"td-module-meta-info\"><a href=\"https:\/\/r3media.ro\/category\/actualitate\/\" class=\"td-post-category\">ACTUALITATE<\/a><span class=\"td-post-author-name\"><a href=\"https:\/\/r3media.ro\/author\/redactia\/\">Redac\u021bia<\/a><span>&#8211;<\/span><\/span><span class=\"td-post-date\"><time class=\"entry-date updated td-module-date\" datetime=\"2026-08-07T15:07:51+03:00\">07\/08\/2026<\/time><\/span><\/div>\n<\/div>\n<\/div>\n<\/div>\n<div class=\"td-block-span6\">\n<div class=\"td_module_8 td_module_wrap\">\n<div class=\"item-details\">\n<h3 class=\"entry-title td-module-title\"><a href=\"https:\/\/r3media.ro\/kia-recheama-service-prima-generatie-masini-electrice-e-niro-risc-incendiu\/\" rel=\"bookmark\" title=\"Kia recheam\u0103 \u00een service prima genera\u021bie de ma\u0219ini electrice e-Niro din cauza riscului de incendiu\">Kia recheam\u0103 \u00een service prima genera\u021bie de ma\u0219ini electrice e-Niro din cauza riscului de&#8230;<\/a><\/h3>\n<div class=\"td-module-meta-info\"><a href=\"https:\/\/r3media.ro\/category\/actualitate\/\" class=\"td-post-category\">ACTUALITATE<\/a><span class=\"td-post-author-name\"><a href=\"https:\/\/r3media.ro\/author\/oana\/\">Oana Ivan<\/a><span>&#8211;<\/span><\/span><span class=\"td-post-date\"><time class=\"entry-date updated td-module-date\" datetime=\"2026-08-06T17:07:42+03:00\">06\/08\/2026<\/time><\/span><\/div>\n<\/div>\n<\/div>\n<\/div>\n<\/div>\n<div class=\"td-block-row\">\n<div class=\"td-block-span6\">\n<div class=\"td_module_8 td_module_wrap\">\n<div class=\"item-details\">\n<h3 class=\"entry-title td-module-title\"><a href=\"https:\/\/r3media.ro\/drona-gasita-mare-mamaia-zona-loft-video\/\" rel=\"bookmark\" title=\"VIDEO | O dron\u0103 a fost g\u0103sit\u0103 \u00een mare, \u00een Mamaia, \u00een zona Loft\">VIDEO | O dron\u0103 a fost g\u0103sit\u0103 \u00een mare, \u00een Mamaia, \u00een zona Loft<\/a><\/h3>\n<div class=\"td-module-meta-info\"><a href=\"https:\/\/r3media.ro\/category\/actualitate\/\" class=\"td-post-category\">ACTUALITATE<\/a><span class=\"td-post-author-name\"><a href=\"https:\/\/r3media.ro\/author\/oana\/\">Oana Ivan<\/a><span>&#8211;<\/span><\/span><span class=\"td-post-date\"><time class=\"entry-date updated td-module-date\" datetime=\"2026-08-05T21:48:11+03:00\">05\/08\/2026<\/time><\/span><\/div>\n<\/div>\n<\/div>\n<\/div>\n<div class=\"td-block-span6\">\n<div class=\"td_module_8 td_module_wrap\">\n<div class=\"item-details\">\n<h3 class=\"entry-title td-module-title\"><a href=\"https:\/\/r3media.ro\/cand-incepe-scoala-in-2026-structura-an-nou-scolar\/\" rel=\"bookmark\" title=\"C\u00e2nd \u00eencepe \u0219coala \u00een 2026: Structura noului an \u0219colar, vacan\u021bele \u0219i zilele libere\">C\u00e2nd \u00eencepe \u0219coala \u00een 2026: Structura noului an \u0219colar, vacan\u021bele \u0219i zilele libere<\/a><\/h3>\n<div class=\"td-module-meta-info\"><a href=\"https:\/\/r3media.ro\/category\/actualitate\/\" class=\"td-post-category\">ACTUALITATE<\/a><span class=\"td-post-author-name\"><a href=\"https:\/\/r3media.ro\/author\/oana\/\">Oana Ivan<\/a><span>&#8211;<\/span><\/span><span class=\"td-post-date\"><time class=\"entry-date updated td-module-date\" datetime=\"2026-08-03T22:23:20+03:00\">03\/08\/2026<\/time><\/span><\/div>\n<\/div>\n<\/div>\n<\/div>\n<\/div>\n<div class=\"td-block-row\">\n<div class=\"td-block-span6\">\n<div class=\"td_module_8 td_module_wrap\">\n<div class=\"item-details\">\n<h3 class=\"entry-title td-module-title\"><a href=\"https:\/\/r3media.ro\/tara-europa-norvegia-masini-electrice-inmatriculate-cota-ridicata\/\" rel=\"bookmark\" title=\"\u021aara din Europa unde aproape toate ma\u0219inile \u00eenmatriculate sune electrice. Cota a ajuns la 97,6% \u00een iulie\">\u021aara din Europa unde aproape toate ma\u0219inile \u00eenmatriculate sune electrice. Cota a ajuns la&#8230;<\/a><\/h3>\n<div class=\"td-module-meta-info\"><a href=\"https:\/\/r3media.ro\/category\/actualitate\/\" class=\"td-post-category\">ACTUALITATE<\/a><span class=\"td-post-author-name\"><a href=\"https:\/\/r3media.ro\/author\/oana\/\">Oana Ivan<\/a><span>&#8211;<\/span><\/span><span class=\"td-post-date\"><time class=\"entry-date updated td-module-date\" datetime=\"2026-08-03T17:01:21+03:00\">03\/08\/2026<\/time><\/span><\/div>\n<\/div>\n<\/div>\n<\/div>\n<div class=\"td-block-span6\">\n<div class=\"td_module_8 td_module_wrap\">\n<div class=\"item-details\">\n<h3 class=\"entry-title td-module-title\"><a href=\"https:\/\/r3media.ro\/puterea-mitologica-instalata-a-romaniei\/\" rel=\"bookmark\" title=\"Puterea mitologic\u0103 instalat\u0103 a Rom\u00e2niei\">Puterea mitologic\u0103 instalat\u0103 a Rom\u00e2niei<\/a><\/h3>\n<div class=\"td-module-meta-info\"><a href=\"https:\/\/r3media.ro\/category\/opinii\/\" class=\"td-post-category\">OPINII<\/a><span class=\"td-post-author-name\"><a href=\"https:\/\/r3media.ro\/author\/tru\/\">TRU (Traian Ungureanu)<\/a><span>&#8211;<\/span><\/span><span class=\"td-post-date\"><time class=\"entry-date updated td-module-date\" datetime=\"2026-08-02T22:08:04+03:00\">02\/08\/2026<\/time><\/span><\/div>\n<\/div>\n<\/div>\n<\/div>\n<\/div>\n<div class=\"td-block-row\">\n<div class=\"td-block-span6\">\n<div class=\"td_module_8 td_module_wrap\">\n<div class=\"item-details\">\n<h3 class=\"entry-title td-module-title\"><a href=\"https:\/\/r3media.ro\/hyundai-recheama-service-masini-electrice-inster-risc-incendiu\/\" rel=\"bookmark\" title=\"Hyundai recheam\u0103 \u00een service zeci de mii de ma\u0219ini electrice din cauza riscului de incendiu\">Hyundai recheam\u0103 \u00een service zeci de mii de ma\u0219ini electrice din cauza riscului de&#8230;<\/a><\/h3>\n<div class=\"td-module-meta-info\"><a href=\"https:\/\/r3media.ro\/category\/actualitate\/\" class=\"td-post-category\">ACTUALITATE<\/a><span class=\"td-post-author-name\"><a href=\"https:\/\/r3media.ro\/author\/oana\/\">Oana Ivan<\/a><span>&#8211;<\/span><\/span><span class=\"td-post-date\"><time class=\"entry-date updated td-module-date\" datetime=\"2026-08-02T08:34:05+03:00\">02\/08\/2026<\/time><\/span><\/div>\n<\/div>\n<\/div>\n<\/div>\n<div class=\"td-block-span6\">\n<div class=\"td_module_8 td_module_wrap\">\n<div class=\"item-details\">\n<h3 class=\"entry-title td-module-title\"><a href=\"https:\/\/r3media.ro\/dragostea-care-transcende-epoci-descult-in-parc-1967\/\" rel=\"bookmark\" title=\"Dragostea care transcende epoci \u2014 Descul\u021b \u00een parc (1967)\">Dragostea care transcende epoci \u2014 Descul\u021b \u00een parc (1967)<\/a><\/h3>\n<div class=\"td-module-meta-info\"><a href=\"https:\/\/r3media.ro\/category\/opinii\/\" class=\"td-post-category\">OPINII<\/a><span class=\"td-post-author-name\"><a href=\"https:\/\/r3media.ro\/author\/costi_balasoiu\/\">Constantin B\u0103l\u0103\u0219oiu<\/a><span>&#8211;<\/span><\/span><span class=\"td-post-date\"><time class=\"entry-date updated td-module-date\" datetime=\"2026-08-01T13:45:14+03:00\">01\/08\/2026<\/time><\/span><\/div>\n<\/div>\n<\/div>\n<\/div>\n<\/div>\n<\/div>\n<div class=\"td-load-more-wrap td-load-more-infinite-wrap\" id=\"infinite-lm-tdi_20\"><a href=\"https:\/\/r3media.ro\/supermarket-anglia-suspnda-utilizare-inteligenta-artificiala-ia-recunoastere-faciala-client-acuzat-hotie\/\" class=\"td_ajax_load_more td_ajax_load_more_js\" aria-label=\"\u00cenc\u0103rca\u021bi mai multe\" id=\"next-page-tdi_20\" data-td_block_id=\"tdi_20\">\u00cenc\u0103rca\u021bi mai multe<\/a><\/div>\n<\/div>\n<div class=\"td_block_wrap tdb_single_comments tdi_21 tdb-comm-layout2 td-pb-border-top td_block_template_1\" data-td-block-uid=\"tdi_21\">\n<div class=\"tdb-block-inner td-fix-index\">\n<div class=\"comments\" id=\"comments\">\n<div id=\"respond\" class=\"comment-respond\">\n<h3 id=\"reply-title\" class=\"comment-reply-title\">AI CEVA DE SPUS? <small><a rel=\"nofollow\" id=\"cancel-comment-reply-link\" href=\"https:\/\/r3media.ro\/supermarket-anglia-suspnda-utilizare-inteligenta-artificiala-ia-recunoastere-faciala-client-acuzat-hotie\/?fbclid=IwcGRvZgRleHRuA2FlbQIxMQBzcnRjBmFwcF9pZAwyNTYyODEwNDA1NTgAAR4R4X44i-fuD-3iDejcannL3Rxs55PyicNss-VByfKcacdmqaxBU4yTUTulWw_aem_8F4tdisGvYGUNrrcTqrR3A#respond\">Renun\u021ba\u021bi la r\u0103spuns<\/a><\/small><\/h3>\n<div class=\"comment-form-input-wrap td-form-comment\">\n<div class=\"td-warning-comment\">V\u0103 rug\u0103m s\u0103 introduce\u021bi comentariul dvs.!<\/div>\n<\/div>\n<div class=\"comment-form-input-wrap td-form-author\">\n<div class=\"td-warning-author\">Introduce\u021bi aici numele dvs.<\/div>\n<\/div>\n<div class=\"comment-form-input-wrap td-form-email\">\n<div class=\"td-warning-email-error\">A\u021bi introdus o adres\u0103 de e-mail incorect\u0103!<\/div>\n<div class=\"td-warning-email\">V\u0103 rug\u0103m s\u0103 introduce\u021bi adresa dvs. de e-mail aici<\/div>\n<\/div>\n<\/div>\n<\/div>\n<\/div>\n<\/div>\n<\/div>\n<\/div>\n<div class=\"vc_column tdi_23  wpb_column vc_column_container tdc-column td-pb-span4 td-is-sticky\">\n<div class=\"wpb_wrapper\" data-sticky-enabled-on=\"W3RydWUsdHJ1ZSx0cnVlLHRydWVd\" data-sticky-offset=\"20\" data-sticky-is-width-auto=\"W2ZhbHNlLGZhbHNlLGZhbHNlLGZhbHNlXQ==\">\n<div class=\"wpb_wrapper td_block_wrap vc_widget_sidebar tdi_25 \">\n<div class=\"td_block_wrap td_block_7 td_block_widget tdi_26 td-pb-border-top td_block_template_1 td-column-1 td_block_padding\" data-td-block-uid=\"tdi_26\">\n<div class=\"td-block-title-wrap\">\n<h4 class=\"block-title td-block-title\"><span class=\"td-pulldown-size\">Articole RELA\u021aIONATE<\/span><\/h4>\n<\/div>\n<div id=\"tdi_26\" class=\"td_block_inner\">\n<div class=\"td-block-span12\">\n<div class=\"td_module_6 td_module_wrap td-animation-stack\">\n<div class=\"td-module-thumb\"><a href=\"https:\/\/r3media.ro\/numerarul-uniunea-europeana-impuls-platile-digitale-zona-euro\/\" rel=\"bookmark\" class=\"td-image-wrap \" title=\"Numerarul se men\u021bine ferm \u00een UE, \u00een ciuda impulsului pentru pl\u0103\u021bile digitale din zona euro\"><img loading=\"lazy\" decoding=\"async\" class=\"entry-thumb\" src=\"https:\/\/r3media.ro\/wp-content\/uploads\/2026\/01\/bancnota-euro-100x70.png\" alt title=\"Numerarul se men\u021bine ferm \u00een UE, \u00een ciuda impulsului pentru pl\u0103\u021bile digitale din zona euro\" width=\"100\" height=\"70\"><\/a><\/div>\n<div class=\"item-details\">\n<h3 class=\"entry-title td-module-title\"><a href=\"https:\/\/r3media.ro\/numerarul-uniunea-europeana-impuls-platile-digitale-zona-euro\/\" rel=\"bookmark\" title=\"Numerarul se men\u021bine ferm \u00een UE, \u00een ciuda impulsului pentru pl\u0103\u021bile digitale din zona euro\">Numerarul se men\u021bine ferm \u00een UE, \u00een ciuda impulsului pentru pl\u0103\u021bile&#8230;<\/a><\/h3>\n<div class=\"td-module-meta-info\"><span class=\"td-post-date\"><time class=\"entry-date updated td-module-date\" datetime=\"2026-08-18T21:42:36+03:00\">18\/08\/2026<\/time><\/span><\/div>\n<\/div>\n<\/div>\n<\/div>\n<div class=\"td-block-span12\">\n<div class=\"td_module_6 td_module_wrap td-animation-stack\">\n<div class=\"td-module-thumb\"><a href=\"https:\/\/r3media.ro\/actori-sportivi-oameni-de-afaceri-ong-germania-descurajare-nemti-saxonia-anhalt-vot-afd\/\" rel=\"bookmark\" class=\"td-image-wrap \" title=\"Actori, sportivi, oameni de afaceri, Antifa \u0219i alte ONG-uri din Germania \u00ee\u0219i unesc for\u021bele pentru \u00eencerca s\u0103-i descurajeze pe nem\u021bii din Saxonia-Anhalt s\u0103 voteze cu AfD\"><img loading=\"lazy\" decoding=\"async\" class=\"entry-thumb\" src=\"https:\/\/r3media.ro\/wp-content\/uploads\/2026\/08\/protest-anti-afd-germania-100x70.jpg\" alt title=\"Actori, sportivi, oameni de afaceri, Antifa \u0219i alte ONG-uri din Germania \u00ee\u0219i unesc for\u021bele pentru \u00eencerca s\u0103-i descurajeze pe nem\u021bii din Saxonia-Anhalt s\u0103 voteze cu AfD\" width=\"100\" height=\"70\"><\/a><\/div>\n<div class=\"item-details\">\n<h3 class=\"entry-title td-module-title\"><a href=\"https:\/\/r3media.ro\/actori-sportivi-oameni-de-afaceri-ong-germania-descurajare-nemti-saxonia-anhalt-vot-afd\/\" rel=\"bookmark\" title=\"Actori, sportivi, oameni de afaceri, Antifa \u0219i alte ONG-uri din Germania \u00ee\u0219i unesc for\u021bele pentru \u00eencerca s\u0103-i descurajeze pe nem\u021bii din Saxonia-Anhalt s\u0103 voteze cu AfD\">Actori, sportivi, oameni de afaceri, Antifa \u0219i alte ONG-uri din Germania&#8230;<\/a><\/h3>\n<div class=\"td-module-meta-info\"><span class=\"td-post-date\"><time class=\"entry-date updated td-module-date\" datetime=\"2026-08-18T21:13:46+03:00\">18\/08\/2026<\/time><\/span><\/div>\n<\/div>\n<\/div>\n<\/div>\n<div class=\"td-block-span12\">\n<div class=\"td_module_6 td_module_wrap td-animation-stack\">\n<div class=\"td-module-thumb\"><a href=\"https:\/\/r3media.ro\/sustinatori-dominic-fritz-timisoara-protest-decizie-curtea-constitutionala\/\" rel=\"bookmark\" class=\"td-image-wrap \" title=\"Sus\u021bin\u0103torii lui Dominic Fritz din Timi\u0219oara ies \u00een strad\u0103 pentru a protesta fa\u021b\u0103 de decizia Cur\u021bii Constitu\u021bionale\"><img loading=\"lazy\" decoding=\"async\" class=\"entry-thumb\" src=\"https:\/\/r3media.ro\/wp-content\/uploads\/2022\/05\/steaguri-fritz-100x70.jpg\" alt title=\"Sus\u021bin\u0103torii lui Dominic Fritz din Timi\u0219oara ies \u00een strad\u0103 pentru a protesta fa\u021b\u0103 de decizia Cur\u021bii Constitu\u021bionale\" width=\"100\" height=\"70\"><\/a><\/div>\n<div class=\"item-details\">\n<h3 class=\"entry-title td-module-title\"><a href=\"https:\/\/r3media.ro\/sustinatori-dominic-fritz-timisoara-protest-decizie-curtea-constitutionala\/\" rel=\"bookmark\" title=\"Sus\u021bin\u0103torii lui Dominic Fritz din Timi\u0219oara ies \u00een strad\u0103 pentru a protesta fa\u021b\u0103 de decizia Cur\u021bii Constitu\u021bionale\">Sus\u021bin\u0103torii lui Dominic Fritz din Timi\u0219oara ies \u00een strad\u0103 pentru a&#8230;<\/a><\/h3>\n<div class=\"td-module-meta-info\"><span class=\"td-post-date\"><time class=\"entry-date updated td-module-date\" datetime=\"2026-08-18T20:10:30+03:00\">18\/08\/2026<\/time><\/span><\/div>\n<\/div>\n<\/div>\n<\/div>\n<div class=\"td-block-span12\">\n<div class=\"td_module_6 td_module_wrap td-animation-stack\">\n<div class=\"td-module-thumb\"><a href=\"https:\/\/r3media.ro\/criza-apei-loveste-statele-unite-ale-americii-specialisti-dezastru-natural\/\" rel=\"bookmark\" class=\"td-image-wrap \" title=\"Criza apei love\u0219te puternic Statele Unite ale Americii: cele mai mari rezervoare din \u021bar\u0103 r\u0103m\u00e2n f\u0103r\u0103 ap\u0103 iar speciali\u0219tii vorbesc de un \u201edezastru natural\u201d\"><img loading=\"lazy\" decoding=\"async\" class=\"entry-thumb\" src=\"https:\/\/r3media.ro\/wp-content\/uploads\/2026\/08\/lacul-powell-sua-100x70.jpg\" alt title=\"Criza apei love\u0219te puternic Statele Unite ale Americii: cele mai mari rezervoare din \u021bar\u0103 r\u0103m\u00e2n f\u0103r\u0103 ap\u0103 iar speciali\u0219tii vorbesc de un \u201edezastru natural\u201d\" width=\"100\" height=\"70\"><\/a><\/div>\n<div class=\"item-details\">\n<h3 class=\"entry-title td-module-title\"><a href=\"https:\/\/r3media.ro\/criza-apei-loveste-statele-unite-ale-americii-specialisti-dezastru-natural\/\" rel=\"bookmark\" title=\"Criza apei love\u0219te puternic Statele Unite ale Americii: cele mai mari rezervoare din \u021bar\u0103 r\u0103m\u00e2n f\u0103r\u0103 ap\u0103 iar speciali\u0219tii vorbesc de un \u201edezastru natural\u201d\">Criza apei love\u0219te puternic Statele Unite ale Americii: cele mai mari&#8230;<\/a><\/h3>\n<div class=\"td-module-meta-info\"><span class=\"td-post-date\"><time class=\"entry-date updated td-module-date\" datetime=\"2026-08-18T18:09:42+03:00\">18\/08\/2026<\/time><\/span><\/div>\n<\/div>\n<\/div>\n<\/div>\n<div class=\"td-block-span12\">\n<div class=\"td_module_6 td_module_wrap td-animation-stack\">\n<div class=\"td-module-thumb\"><a href=\"https:\/\/r3media.ro\/casa-scrum-pompieri-masina-electrica-incendiu-malaezia\/\" rel=\"bookmark\" class=\"td-image-wrap \" title=\"O cas\u0103 cu dou\u0103 etaje s-a f\u0103cut scrum. Pompierii cred c\u0103 de vin\u0103 a fost o ma\u0219in\u0103 electric\u0103 ce se afla la \u00eenc\u0103rcat\"><img loading=\"lazy\" decoding=\"async\" class=\"entry-thumb\" src=\"https:\/\/r3media.ro\/wp-content\/uploads\/2023\/07\/pompieri-incendii-incendiu-1536x1075-1-100x70.webp\" alt title=\"O cas\u0103 cu dou\u0103 etaje s-a f\u0103cut scrum. Pompierii cred c\u0103 de vin\u0103 a fost o ma\u0219in\u0103 electric\u0103 ce se afla la \u00eenc\u0103rcat\" width=\"100\" height=\"70\"><\/a><\/div>\n<div class=\"item-details\">\n<h3 class=\"entry-title td-module-title\"><a href=\"https:\/\/r3media.ro\/casa-scrum-pompieri-masina-electrica-incendiu-malaezia\/\" rel=\"bookmark\" title=\"O cas\u0103 cu dou\u0103 etaje s-a f\u0103cut scrum. Pompierii cred c\u0103 de vin\u0103 a fost o ma\u0219in\u0103 electric\u0103 ce se afla la \u00eenc\u0103rcat\">O cas\u0103 cu dou\u0103 etaje s-a f\u0103cut scrum. Pompierii cred c\u0103&#8230;<\/a><\/h3>\n<div class=\"td-module-meta-info\"><span class=\"td-post-date\"><time class=\"entry-date updated td-module-date\" datetime=\"2026-08-18T17:39:11+03:00\">18\/08\/2026<\/time><\/span><\/div>\n<\/div>\n<\/div>\n<\/div>\n<div class=\"td-block-span12\">\n<div class=\"td_module_6 td_module_wrap td-animation-stack\">\n<div class=\"td-module-thumb\"><a href=\"https:\/\/r3media.ro\/marius-totolici-nepot-mircea-rednic-infarct-mort\/\" rel=\"bookmark\" class=\"td-image-wrap \" title=\"Marius Totolici, nepotul lui Mircea Rednic, a murit fulger\u0103tor la 37 de ani. A f\u0103cut infarct \u00een somn\"><img loading=\"lazy\" decoding=\"async\" class=\"entry-thumb\" src=\"https:\/\/r3media.ro\/wp-content\/uploads\/2023\/07\/spital-medic-pacient-sanatate-100x70.jpg\" alt title=\"Marius Totolici, nepotul lui Mircea Rednic, a murit fulger\u0103tor la 37 de ani. A f\u0103cut infarct \u00een somn\" width=\"100\" height=\"70\"><\/a><\/div>\n<div class=\"item-details\">\n<h3 class=\"entry-title td-module-title\"><a href=\"https:\/\/r3media.ro\/marius-totolici-nepot-mircea-rednic-infarct-mort\/\" rel=\"bookmark\" title=\"Marius Totolici, nepotul lui Mircea Rednic, a murit fulger\u0103tor la 37 de ani. A f\u0103cut infarct \u00een somn\">Marius Totolici, nepotul lui Mircea Rednic, a murit fulger\u0103tor la 37&#8230;<\/a><\/h3>\n<div class=\"td-module-meta-info\"><span class=\"td-post-date\"><time class=\"entry-date updated td-module-date\" datetime=\"2026-08-17T20:45:16+03:00\">17\/08\/2026<\/time><\/span><\/div>\n<\/div>\n<\/div>\n<\/div>\n<div class=\"td-block-span12\">\n<div class=\"td_module_6 td_module_wrap td-animation-stack\">\n<div class=\"td-module-thumb\"><a href=\"https:\/\/r3media.ro\/142-miliarde-euro-romania-6-luni-2026-radu-georgescu-romania-safari\/\" rel=\"bookmark\" class=\"td-image-wrap \" title=\"14,2 miliarde de euro au ie\u0219it din Rom\u00e2nia \u00een primele 6 luni din 2026. Radu Georgescu: Nu exclud ca peste 10 ani, \u021bara s\u0103 fie ca un safari, unde str\u0103inii vor merge cu blindate prin ora\u0219e ca s\u0103 vad\u0103 ur\u0219i\"><img loading=\"lazy\" decoding=\"async\" class=\"entry-thumb\" src=\"https:\/\/r3media.ro\/wp-content\/uploads\/2025\/08\/radu-georgescu-100x70.png\" alt title=\"14,2 miliarde de euro au ie\u0219it din Rom\u00e2nia \u00een primele 6 luni din 2026. Radu Georgescu: Nu exclud ca peste 10 ani, \u021bara s\u0103 fie ca un safari, unde str\u0103inii vor merge cu blindate prin ora\u0219e ca s\u0103 vad\u0103 ur\u0219i\" width=\"100\" height=\"70\"><\/a><\/div>\n<div class=\"item-details\">\n<h3 class=\"entry-title td-module-title\"><a href=\"https:\/\/r3media.ro\/142-miliarde-euro-romania-6-luni-2026-radu-georgescu-romania-safari\/\" rel=\"bookmark\" title=\"14,2 miliarde de euro au ie\u0219it din Rom\u00e2nia \u00een primele 6 luni din 2026. Radu Georgescu: Nu exclud ca peste 10 ani, \u021bara s\u0103 fie ca un safari, unde str\u0103inii vor merge cu blindate prin ora\u0219e ca s\u0103 vad\u0103 ur\u0219i\">14,2 miliarde de euro au ie\u0219it din Rom\u00e2nia \u00een primele 6&#8230;<\/a><\/h3>\n<div class=\"td-module-meta-info\"><span class=\"td-post-date\"><time class=\"entry-date updated td-module-date\" datetime=\"2026-08-17T17:39:22+03:00\">17\/08\/2026<\/time><\/span><\/div>\n<\/div>\n<\/div>\n<\/div>\n<\/div>\n<\/div>\n<aside class=\"td_block_template_1 widget widget_recent_comments\">\n<h4 class=\"block-title\"><span>INTR\u0102 \u00ceN DISCU\u021aIE!<\/span><\/h4>\n<ul id=\"recentcomments\">\n<li class=\"recentcomments\"><span class=\"comment-author-link\">Nicu<\/span> la <a href=\"https:\/\/r3media.ro\/ccr-amendamentul-fritz-lleea-integritatii-constitutional-primar-timisoara-mandat\/#comment-40391\">CCR: Amendamentul Fritz la Legea Integrit\u0103\u021bii este constitu\u021bional. Primarul Timi\u0219oarei \u00ee\u0219i pierde mandatul c\u00e2nd lege intr\u0103 \u00een vigoare<\/a><\/li>\n<li class=\"recentcomments\"><span class=\"comment-author-link\"><a href=\"http:\/\/Radiogergescu@yahoo.com\" class=\"url\" rel=\"ugc external nofollow\">Radio Georgescu<\/a><\/span> la <a href=\"https:\/\/r3media.ro\/142-miliarde-euro-romania-6-luni-2026-radu-georgescu-romania-safari\/#comment-40390\">14,2 miliarde de euro au ie\u0219it din Rom\u00e2nia \u00een primele 6 luni din 2026. Radu Georgescu: Nu exclud ca peste 10 ani, \u021bara s\u0103 fie ca un safari, unde str\u0103inii vor merge cu blindate prin ora\u0219e ca s\u0103 vad\u0103 ur\u0219i<\/a><\/li>\n<li class=\"recentcomments\"><span class=\"comment-author-link\">Aa<\/span> la <a href=\"https:\/\/r3media.ro\/142-miliarde-euro-romania-6-luni-2026-radu-georgescu-romania-safari\/#comment-40389\">14,2 miliarde de euro au ie\u0219it din Rom\u00e2nia \u00een primele 6 luni din 2026. Radu Georgescu: Nu exclud ca peste 10 ani, \u021bara s\u0103 fie ca un safari, unde str\u0103inii vor merge cu blindate prin ora\u0219e ca s\u0103 vad\u0103 ur\u0219i<\/a><\/li>\n<li class=\"recentcomments\"><span class=\"comment-author-link\">Leo<\/span> la <a href=\"https:\/\/r3media.ro\/142-miliarde-euro-romania-6-luni-2026-radu-georgescu-romania-safari\/#comment-40388\">14,2 miliarde de euro au ie\u0219it din Rom\u00e2nia \u00een primele 6 luni din 2026. Radu Georgescu: Nu exclud ca peste 10 ani, \u021bara s\u0103 fie ca un safari, unde str\u0103inii vor merge cu blindate prin ora\u0219e ca s\u0103 vad\u0103 ur\u0219i<\/a><\/li>\n<li class=\"recentcomments\"><span class=\"comment-author-link\">Mihai<\/span> la <a href=\"https:\/\/r3media.ro\/142-miliarde-euro-romania-6-luni-2026-radu-georgescu-romania-safari\/#comment-40387\">14,2 miliarde de euro au ie\u0219it din Rom\u00e2nia \u00een primele 6 luni din 2026. Radu Georgescu: Nu exclud ca peste 10 ani, \u021bara s\u0103 fie ca un safari, unde str\u0103inii vor merge cu blindate prin ora\u0219e ca s\u0103 vad\u0103 ur\u0219i<\/a><\/li>\n<li class=\"recentcomments\"><span class=\"comment-author-link\">Nicolae<\/span> la <a href=\"https:\/\/r3media.ro\/video-david-popovici-aur-la-200-m-liber-la-europenele-de-la-paris-aici-e-romania\/#comment-40386\">VIDEO | David Popovici, aur la 200 m liber la Europenele de la Paris: Aici e Rom\u00e2nia!<\/a><\/li>\n<li class=\"recentcomments\"><span class=\"comment-author-link\">Arsenie<\/span> la <a href=\"https:\/\/r3media.ro\/cornel-nistorescu-ambulanta-recea-cristur-stiri-false-interzicere\/#comment-40385\">Cornel Nistorescu, despre incidentul cu ambulan\u021ba de la Recea-Cristur: Statul rom\u00e2n a\u0219teapt\u0103 s\u0103 interzic\u0103 \u0219tirile false \u0219i, pe l\u00eeng\u0103, tot ce nu convine puterii<\/a><\/li>\n<\/ul>\n<\/aside>\n<aside class=\"td_block_template_1 widget widget_search\">\n<h4 class=\"block-title\"><span>CAUT\u0102 \u0218I VEI G\u0102SI<\/span><\/h4>\n<\/aside>\n<\/div>\n<\/div>\n<\/div>\n<\/div>\n<\/div>\n<\/div>\n<\/div>\n<p><span class=\"td-page-meta\"><\/span><span class=\"td-page-meta\"><span class=\"td-page-meta\"><\/span><\/span><span class=\"td-page-meta\"><\/span><\/article>\n<\/p>\n<div class=\"td_block_wrap tdb_single_content tdi_18 td-pb-border-top td_block_template_1 td-post-content tagdiv-type\" data-td-block-uid=\"tdi_18\">\n<div class=\"tdb-block-inner td-fix-index\">\n<p><strong>Sainsbury\u2019s, un <a href=\"https:\/\/r3media.ro\/tag\/supermarket\/\" target=\"_blank\" rel=\"noopener\">supermarket<\/a> din Anglia, a suspendat utilizarea inteligen\u021bei artificiale (IA) pentru recunoa\u0219terea facial\u0103 dup\u0103 ce un client a fost acuzat pe nedrept de ho\u021bie, potrivit <a href=\"https:\/\/www.bbc.com\/news\/articles\/cddjlmeqjgyo\" target=\"_blank\" rel=\"noopener\">BBC<\/a>.<\/strong><\/p>\n<p>Matt Arnold, \u00een v\u00e2rst\u0103 de 46 de ani, a descris \u00eentreaga experien\u021b\u0103 drept o \u201eprivire terifiant\u0103 a viitorului\u201d. El a avertizat c\u0103 tehnologia de supraveghere a comer\u021bului cu am\u0103nuntul risc\u0103 s\u0103 umileasc\u0103 clien\u021bii. Potrivit acestuia, personalul se va sim\u021bi obligat s\u0103 urmeze alerte automate f\u0103r\u0103 a aplica logica uman\u0103.<\/p>\n<p>Supermarketul a declarat c\u0103 \u0219i-a cerut scuze fa\u021b\u0103 de Arnold \u0219i a sus\u021binut c\u0103 gre\u0219eala a fost \u201ecauzat\u0103 de o eroare uman\u0103\u201d, dar criticii au cerut eliminarea tehnologiei.<\/p>\n<h2><strong>Un client a fost acuzat pe nedrept de ho\u021bie \u00eentr-un supermarket din Anglia<\/strong><\/h2>\n<p>\u00a0<\/p>\n<p>Incidentul a avut loc pe 6 august. Arnold a\u0219tepta la o cas\u0103 <a href=\"https:\/\/r3media.ro\/tag\/selfs-ervice\/\" target=\"_blank\" rel=\"noopener\">self service<\/a> ca un membru al personalului s\u0103 aprobe o achizi\u021bie de alcool. Dup\u0103 ce \u0219i-a scanat deja produsele al\u0103turi de cardul s\u0103u de fidelitate Nectar, el a spus c\u0103 i-a f\u0103cut semn unui angajat s\u0103 vin\u0103.<\/p>\n<p>Imediat a fost abordat de doi membri ai conducerii \u0219i i s-a spus c\u0103 nu poate fi servit din cauza unui incident \u201epetrecut la \u00eenceputul s\u0103pt\u0103m\u00e2nii\u201d.<\/p>\n<p>\u201eAu venit \u0219i mi-au spus c\u0103 trebuie s\u0103 plec. Membrul personalului a spus c\u0103 am fost identificat de inteligen\u021ba artificial\u0103. Mi-au zis c\u0103 camerele m-au semnalat\u201d, a declarat el pentru BBC Londra.<\/p>\n<p>\u201eUn ho\u021b din magazine nu se plimb\u0103 cu at\u00e2tea cump\u0103r\u0103turi, nu le scaneaz\u0103, nu \u00ee\u0219i introduce cardul Nectar. Dar ceea ce m-a sup\u0103rat a fost g\u00e2ndul c\u0103 \u0103sta ar putea fi viitorul. Oamenii ascult\u0103 pur \u0219i simplu ce le spune aparatul s\u0103 fac\u0103 f\u0103r\u0103 s\u0103 se g\u00e2ndeasc\u0103 la consecin\u021be\u201d, a precizat Matt Arnold.<\/p>\n<p>\u00cen timp ce era escortat \u00een afara sediului, el s-a uitat pe un monitor CCTV \u0219i a v\u0103zut un cerc ro\u0219u \u00een jurul fe\u021bei sale.<\/p>\n<p>Sediul central Sainsbury\u2019s l-a contactat pe Arnold a doua zi pentru a-\u0219i cere scuze. Supermarketul a sus\u021binut c\u0103 incidentul a fost cauzat de o \u201eeroare uman\u0103\u201d \u0219i nu de o defec\u021biune a software-ului.<\/p>\n<p>Nu este prima dat\u0103 c\u00e2nd un sistem de recunoa\u0219tere facial\u0103 Sainsbury\u2019s \u2013 furnizat de firma de tehnologie Facewatch \u2013 a dus la interceptarea unui cump\u0103r\u0103tor nevinovat.<\/p>\n<p>\u00cen septembrie, Warren Rajah a fost obligat s\u0103 p\u0103r\u0103seasc\u0103 o sucursal\u0103 din Elephant and Castle dup\u0103 ce a fost semnalat \u00een mod eronat de acela\u0219i software Facewatch. Firma de securitate a confirmat ulterior c\u0103 nici m\u0103car nu era \u00een sistemul s\u0103u. Acest incident a fost, de asemenea, atribuit \u201eerorii umane\u201d de c\u0103tre Sainsbury\u2019s.<\/p>\n<h2><strong>Recunoa\u0219terea facial\u0103 pe baza inteligen\u021bei artificiale d\u0103 rateuri<\/strong><\/h2>\n<p>\u00a0<\/p>\n<p>Arnold a spus c\u0103 experien\u021ba sa l-a f\u0103cut s\u0103 cread\u0103 c\u0103 personalul se chinuia s\u0103 opereze sistemul \u00eentr-un mediu aglomerat al magazinelor.<\/p>\n<p>\u201eChiar dac\u0103 ceea ce mi s-a \u00eent\u00e2mplat a fost oribil, \u00eemi pare r\u0103u pentru personal. Se vor \u00eent\u00e2mpla gre\u0219eli. Nu sunt preg\u0103ti\u021bi pentru a implementa corect inteligen\u021ba artificial\u0103\u201d, a spus el.<\/p>\n<p>Un purt\u0103tor de cuv\u00e2nt al Sainsbury\u2019s a confirmat c\u0103 tehnologia a fost suspendat\u0103 la magazinul Dulwich din sud-estul Londrei \u00een timp ce are loc o anchet\u0103. Totu\u0219i, a ap\u0103rat implementarea pe scar\u0103 larg\u0103 a sistemului invoc\u00e2nd escaladarea infrac\u021biunilor.<\/p>\n<p>\u201eL-am contactat pe domnul Arnold pentru a ne cere scuze pentru experien\u021ba sa la hipermarketul nostru din Dulwich. Incidentul a fost cauzat de o eroare uman\u0103, nu de tehnologia de recunoa\u0219tere facial\u0103. Clien\u021bii pot fi lini\u0219ti\u021bi c\u0103 sistemul Facewatch are o rat\u0103 de precizie de 99,98%. Fiecare potrivire este revizuit\u0103 de un manager instruit\u201d, a transmis respectivul supermarket din Anglia.<\/p>\n<p>Un purt\u0103tor de cuv\u00e2nt al Facewatch a mai spus c\u0103 tehnologia lor \u201enu a fost de vin\u0103\u201d \u00een acest caz.<\/p>\n<div class=\"crp_related     crp-masonry\">\n<h2>\u00ceN CONTEXT<\/h2>\n<ul>\n<li><a href=\"https:\/\/r3media.ro\/fara-tine-in-google-r3media-dispare-iata-ce-poti-face-in-10-secunde\/\" class=\"crp_link post-119031\"><span class=\"crp_title\">F\u0103r\u0103 tine \u00een Google, R3media dispare. Iat\u0103 ce po\u021bi face \u00een 10 secunde<\/span><\/a><\/li>\n<li><a href=\"https:\/\/r3media.ro\/marea-britanie-apa-inteligenta-artificiala-romania-centru-ai-restrictii-consum-apa\/\" class=\"crp_link post-120415\"><span class=\"crp_title\">Marea Britanie nu mai are suficient\u0103 ap\u0103 pentru Inteligen\u021ba Artificial\u0103, dar Rom\u00e2nia vrea s\u0103\u2026<\/span><\/a><\/li>\n<li><a href=\"https:\/\/r3media.ro\/reducere-10-supermarket-stat-new-york-discount-clienti-case-self-service\/\" class=\"crp_link post-120707\"><span class=\"crp_title\">Reducere de 10% la supermarket: Statul New York ar putea oferi un discount clien\u021bilor care\u2026<\/span><\/a><\/li>\n<li><a href=\"https:\/\/r3media.ro\/danemarca-introduce-reguli-stricte-combatere-frauda-inteligenta-artificiala-scoli\/\" class=\"crp_link post-120935\"><span class=\"crp_title\">Danemarca introduce reguli stricte pentru combaterea fraudei cu inteligen\u021b\u0103 artificial\u0103 (IA)\u2026<\/span><\/a><\/li>\n<li><a href=\"https:\/\/r3media.ro\/papa-leon-impotriva-inteligenta-artificiala-razboi\/\" class=\"crp_link post-117086\"><span class=\"crp_title\">Papa Leon ia pozi\u021bie \u00eempotriva utiliz\u0103rii inteligen\u021bei artificiale \u00een r\u0103zboi<\/span><\/a><\/li>\n<li><a href=\"https:\/\/r3media.ro\/franta-anglia-finala-mica-cupa-mondiala-les-bleus-the-three-lions-lupta-medalie-bronz\/\" class=\"crp_link post-120104\"><span class=\"crp_title\">Fran\u021ba 4 &#8211; 6 Anglia, finala mic\u0103 la Cupa Mondial\u0103 2026: Britanicii au c\u00e2\u0219tigat medalia de bronz<\/span><\/a><\/li>\n<li><a href=\"https:\/\/r3media.ro\/spania-argentina-finala-cupa-mondiala-2026-la-albiceleste-victorie-anglia-semifinale-2-1\/\" class=\"crp_link post-119999\"><span class=\"crp_title\">Spania &#8211; Argentina, finala Cupei Mondiale 2026: \u201eLa Albiceleste\u201c au \u00eentors scorul \u0219i au\u2026<\/span><\/a><\/li>\n<li><a href=\"https:\/\/r3media.ro\/concedieri-oracle-romania-500-de-angajati-inteligenta-artificiala\/\" class=\"crp_link post-119037\"><span class=\"crp_title\">Val nou de concedieri la Oracle Rom\u00e2nia: aproximativ 500 de angaja\u021bi, pe fondul reorient\u0103rii\u2026<\/span><\/a><\/li>\n<\/ul>\n<\/div>\n<\/div>\n<\/div>\n<p>[analyse_source url=&#8221;https:\/\/r3media.ro\/supermarket-anglia-suspnda-utilizare-inteligenta-artificiala-ia-recunoastere-faciala-client-acuzat-hotie\/&#8221;]<\/p>\n","protected":false},"excerpt":{"rendered":"<p>[analyse_image type=&#8221;featured&#8221; src=&#8221;https:\/\/r3media.ro\/wp-content\/uploads\/2026\/08\/supermarket-anglia-scaled-e1787074478424.jpghttps:\/\/r3media.ro\/wp-content\/uploads\/2026\/08\/supermarket-anglia-scaled-e1787074478424.jpg&#8221;] FEATUREDUn supermarket din Anglia suspend\u0103 utilizarea inteligen\u021bei artificiale (IA) pentru recunoa\u0219tere facial\u0103&#8230; FEATURED Un supermarket din Anglia suspend\u0103 utilizarea inteligen\u021bei artificiale (IA) pentru recunoa\u0219tere facial\u0103 dup\u0103 ce un client a fost acuzat pe nedrept de ho\u021bie Oana Ivan 18\/08\/2026 Surs\u0103 &#8211; Unsplash Sainsbury\u2019s, un supermarket din Anglia, a suspendat utilizarea inteligen\u021bei artificiale [&hellip;]<\/p>\n","protected":false},"author":1,"featured_media":0,"comment_status":"open","ping_status":"","sticky":false,"template":"","format":"standard","meta":{"footnotes":""},"categories":[89],"tags":[226,93],"class_list":["post-2099983","post","type-post","status-publish","format-standard","hentry","category-romania","tag-crawlmanager","tag-r3media-ro"],"_links":{"self":[{"href":"https:\/\/analyse.optim.biz\/index.php?rest_route=\/wp\/v2\/posts\/2099983","targetHints":{"allow":["GET"]}}],"collection":[{"href":"https:\/\/analyse.optim.biz\/index.php?rest_route=\/wp\/v2\/posts"}],"about":[{"href":"https:\/\/analyse.optim.biz\/index.php?rest_route=\/wp\/v2\/types\/post"}],"author":[{"embeddable":true,"href":"https:\/\/analyse.optim.biz\/index.php?rest_route=\/wp\/v2\/users\/1"}],"replies":[{"embeddable":true,"href":"https:\/\/analyse.optim.biz\/index.php?rest_route=%2Fwp%2Fv2%2Fcomments&post=2099983"}],"version-history":[{"count":0,"href":"https:\/\/analyse.optim.biz\/index.php?rest_route=\/wp\/v2\/posts\/2099983\/revisions"}],"wp:attachment":[{"href":"https:\/\/analyse.optim.biz\/index.php?rest_route=%2Fwp%2Fv2%2Fmedia&parent=2099983"}],"wp:term":[{"taxonomy":"category","embeddable":true,"href":"https:\/\/analyse.optim.biz\/index.php?rest_route=%2Fwp%2Fv2%2Fcategories&post=2099983"},{"taxonomy":"post_tag","embeddable":true,"href":"https:\/\/analyse.optim.biz\/index.php?rest_route=%2Fwp%2Fv2%2Ftags&post=2099983"}],"curies":[{"name":"wp","href":"https:\/\/api.w.org\/{rel}","templated":true}]}}