{"id":209998,"date":"2014-03-08T15:16:44","date_gmt":"2014-03-08T12:16:44","guid":{"rendered":"https:\/\/analyse.optim.biz\/?p=209998"},"modified":"2014-03-08T15:16:44","modified_gmt":"2014-03-08T12:16:44","slug":"victor-ponta-ar-putea-candida-la-alegerile-prezidentiale-din-partea-psd","status":"publish","type":"post","link":"https:\/\/analyse.optim.biz\/?p=209998","title":{"rendered":"Victor Ponta ar putea candida la alegerile preziden\u021biale din partea PSD"},"content":{"rendered":"<div class=\"entry data-app-meta data-app-meta-article\" data-embed-base-url-canonical=\"https:\/\/www.digi24.ro\/embed\/stiri\/actualitate\/politica\/victor-ponta-ar-putea-candida-la-alegerile-prezidentiale-din-partea-psd-211510\">\n<p data-index=\"1\">\u00centrebat dac\u0103 va candida la alegerile preziden\u021biale, <strong>Victor Ponta<\/strong> a r\u0103spuns c\u0103 PSD \u00eel va sus\u021bine pe cel mai bine clasat din sondaje.<\/p>\n<p data-index=\"2\">Zilele trecute erau informa\u021bii cum c\u0103 <a href=\"https:\/\/www.digi24.ro\/Stiri\/Digi24\/Actualitate\/Politica\/Liderii+PSD+din+teritoriu+il+vor+pe+Victor+Ponta+candidat+la+Pre\" target=\"_blank\" data-skip-linkfix=\"1\" rel=\"noopener\">membrii PSD i-ar cere lui Victor Ponta s\u0103 candideze la alegerile preziden\u021biale<\/a> dup\u0103 ruperea USL. Astfel c\u0103 reporterii l-au \u00eentrebat dac\u0103 va candida. Victor Ponta nu a dat un r\u0103spuns tran\u0219ant, \u00eens\u0103 este pentru prima data c\u00e2nd premierul spune c\u0103 ar putea s\u0103 candideze.<\/p>\n<p data-index=\"3\"><em>Declara\u021bia lui Victor Ponta<\/em><\/p>\n<p data-index=\"4\"><strong>Victor Ponta<\/strong> a mai spus c\u0103, \u00een cursa pentru fotoliul de la Cotroceni, <strong>PSD<\/strong> va sus\u021bine pe cel mai bine clasat \u00een sondajele de opinie \u0219i f\u0103cea referire la <strong>Sorin Oprescu, Mugur Is\u0103rescu<\/strong>, eventual la<strong> C\u0103lin Popescu T\u0103riceanu<\/strong>.<\/p>\n<p data-index=\"5\">Totodat\u0103, Ponta a spus c\u0103 dac\u0103 el, cu c\u00e2teva luni \u00eenainte de alegri, va fi cel mai bine clasat \u00een sondaje, atunci \u00ee\u0219i va asuma acest rol de candidat din partea PSD la preziden\u021biale.<\/p>\n<p data-index=\"6\">\u201eCu candidatura, lucrurile, din punctul meu de vedere, sunt destul de clare. Prima op\u021biune este refacerea USL \u0219i un candidat comun al\u0103turi de liberali. Dac\u0103 nu exist\u0103 aceast\u0103 variant\u0103 \u0219i nu va fi din cauza noastr\u0103, atunci a doua variant\u0103 este aceea de a sprijini unul din candida\u021bii care sunt dori\u021bi de poporul rom\u00e2n, nu de <strong>PSD, PC sau UNPR<\/strong>. Aici lista deja e foarte scurt\u0103, Mugur Is\u0103rescu, Sorin Oprescu, C\u0103lin Popescu T\u0103riceanu \u0219i de la noi din partid, at\u00e2t c\u00e2t m\u0103 uit, domnul Geoan\u0103 \u0219i cu mine suntem cei care putem candida cu \u0219anse. Cine va fi acest candidat? Cel care va fi dorit de rom\u00e2ni \u0219i vom stabili lucrul acesta dup\u0103 25 mai\u201d, a declarat Victor Ponta.<\/p>\n<p data-index=\"7\">Totodat\u0103, Ponta a afirmat c\u0103 \u00ee\u0219i dore\u0219te s\u0103 r\u0103m\u00e2n\u0103 prim-ministru \u0219i a reiterat c\u0103 locul de candidat la preziden\u021biale i se cuvine unui membru PNL.<\/p>\n<p data-index=\"8\">\u00a0.<\/p>\n<\/div>\n<p> Source URL: https:\/\/www.digi24.ro\/stiri\/actualitate\/politica\/victor-ponta-ar-putea-candida-la-alegerile-prezidentiale-din-partea-psd-211510<\/p>\n","protected":false},"excerpt":{"rendered":"<p>\u00centrebat dac\u0103 va candida la alegerile preziden\u021biale, Victor Ponta a r\u0103spuns c\u0103 PSD \u00eel va sus\u021bine pe cel mai bine clasat din sondaje. Zilele trecute erau informa\u021bii cum c\u0103 membrii PSD i-ar cere lui Victor Ponta s\u0103 candideze la alegerile preziden\u021biale dup\u0103 ruperea USL. Astfel c\u0103 reporterii l-au \u00eentrebat dac\u0103 va candida. Victor Ponta nu [&hellip;]<\/p>\n","protected":false},"author":1,"featured_media":209999,"comment_status":"open","ping_status":"","sticky":false,"template":"","format":"standard","meta":{"footnotes":""},"categories":[2],"tags":[11],"class_list":["post-209998","post","type-post","status-publish","format-standard","has-post-thumbnail","hentry","category-politics","tag-digi24"],"_links":{"self":[{"href":"https:\/\/analyse.optim.biz\/index.php?rest_route=\/wp\/v2\/posts\/209998","targetHints":{"allow":["GET"]}}],"collection":[{"href":"https:\/\/analyse.optim.biz\/index.php?rest_route=\/wp\/v2\/posts"}],"about":[{"href":"https:\/\/analyse.optim.biz\/index.php?rest_route=\/wp\/v2\/types\/post"}],"author":[{"embeddable":true,"href":"https:\/\/analyse.optim.biz\/index.php?rest_route=\/wp\/v2\/users\/1"}],"replies":[{"embeddable":true,"href":"https:\/\/analyse.optim.biz\/index.php?rest_route=%2Fwp%2Fv2%2Fcomments&post=209998"}],"version-history":[{"count":0,"href":"https:\/\/analyse.optim.biz\/index.php?rest_route=\/wp\/v2\/posts\/209998\/revisions"}],"wp:featuredmedia":[{"embeddable":true,"href":"https:\/\/analyse.optim.biz\/index.php?rest_route=\/wp\/v2\/media\/209999"}],"wp:attachment":[{"href":"https:\/\/analyse.optim.biz\/index.php?rest_route=%2Fwp%2Fv2%2Fmedia&parent=209998"}],"wp:term":[{"taxonomy":"category","embeddable":true,"href":"https:\/\/analyse.optim.biz\/index.php?rest_route=%2Fwp%2Fv2%2Fcategories&post=209998"},{"taxonomy":"post_tag","embeddable":true,"href":"https:\/\/analyse.optim.biz\/index.php?rest_route=%2Fwp%2Fv2%2Ftags&post=209998"}],"curies":[{"name":"wp","href":"https:\/\/api.w.org\/{rel}","templated":true}]}}