{"id":2099679,"date":"2026-08-18T08:31:18","date_gmt":"2026-08-18T05:31:18","guid":{"rendered":"https:\/\/analyse.optim.biz\/?p=2099679"},"modified":"2026-08-18T08:31:18","modified_gmt":"2026-08-18T05:31:18","slug":"semnal-de-alarma-tras-de-un-renumit-medic-din-timisoara-alergia-la-ambrozie-poate-aparea-chiar-si-la-copii","status":"publish","type":"post","link":"https:\/\/analyse.optim.biz\/?p=2099679","title":{"rendered":"Semnal de alarm\u0103 tras de un renumit medic din Timi\u015foara: alergia la ambrozie poate ap\u0103rea chiar \u0219i la copii"},"content":{"rendered":"<p>[analyse_image type=&#8221;featured&#8221; src=&#8221;https:\/\/renasterea.ro\/ro\/wp-content\/uploads\/Ioana-Ciuca.jpghttps:\/\/renasterea.ro\/ro\/wp-content\/uploads\/Ioana-Ciuca.jpg&#8221;]<\/p>\n<div class=\"entry-content\"><img loading=\"lazy\" decoding=\"async\" width=\"589\" height=\"460\" src=\"https:\/\/renasterea.ro\/ro\/wp-content\/uploads\/Ioana-Ciuca-589x460.jpg\" class=\"attachment-medium size-medium wp-post-image\" alt=\"Semnal de alarm\u0103 tras de un renumit medic din Timi\u015foara: alergia la ambrozie poate ap\u0103rea chiar \u0219i la copii cu v\u00e2rsta mai mic\u0103 de un an, iar expunerea la polen poate declan\u0219a simptome de astm\" title=\"Semnal de alarm\u0103 tras de un renumit medic din Timi\u015foara: alergia la ambrozie poate ap\u0103rea chiar \u0219i la copii cu v\u00e2rsta mai mic\u0103 de un an, iar expunerea la polen poate declan\u0219a simptome de astm 1\"><\/p>\n<h4>Chiar dac\u0103, \u00een general, simptomele alergiei la polenul de ambrozie se dezvolt\u0103 dup\u0103 mai mul\u021bi ani de expunere \u0219i sunt \u00eent\u00e2lnite \u00een jurul v\u00e2rstei de 4 ani, sensibilizarea IgE la alergeni poate ap\u0103rea \u0219i la copiii cu v\u00e2rste de la sub 1 an la 3 ani.<\/h4>\n<p>Perioada cuprins\u0103 \u00eentre mijlocul lunii august \u0219i septembrie este cea \u00een care polenul de ambrozie ajunge \u00een cantit\u0103\u021bi mari \u00een aer.<\/p>\n<p>\u00cen timpul sezonului de ambrozie, o plant\u0103 poate elibera un miliard de gr\u0103uncioare de polen \u00een aer, pe care v\u00e2ntul le poart\u0103 p\u00e2n\u0103 la 3 km. Astfel, evitarea expunerii la polenul de ambrozie este aproape imposibil\u0103.<\/p>\n<p>\u201ePentru copiii care au dezvoltat sensibilit\u0103\u021bi, asta poate \u00eensemna mai mult dec\u00e2t str\u0103nut, nas \u00eenfundat, secre\u021bii nazale sau ochi ro\u0219ii \u0219i l\u0103crimare. Atunci c\u00e2nd reac\u021bia alergic\u0103 afecteaz\u0103 \u0219i c\u0103ile respiratorii inferioare, pot ap\u0103rea tusea, respira\u021bia \u0219uier\u0103toare, acel wheezing, senza\u021bia de lips\u0103 de aer sau de ap\u0103sare \u00een piept. Asta \u00eenseamn\u0103 c\u0103 expunerea poate declan\u0219a simptome de astm alergic. \u00cen acela\u0219i timp, la copiii care au deja un diagnostic de astm, ambrozia poate duce la pierderea controlului bolii \u0219i la apari\u021bia unor exacerb\u0103ri\u201d, spune prof. dr. Ioana Ciuc\u0103, medic primar pneumolog pediatru \u2013 coordonator Compartimentul de Pneumologie Pediatric\u0103 \u2013 Clinica de Pediatrie Bega Timi\u0219oara.<\/p>\n<p>\u00cen zilele cu o concentra\u021bie ridicat\u0103 de polen, expunerea copilului poate fi redus\u0103 prin limitarea timpului petrecut \u00een aer liber, schimbarea hainelor dup\u0103 revenirea acas\u0103 \u0219i sp\u0103larea fe\u021bei \u0219i a p\u0103rului. Hainele \u0219i lenjeria nu ar trebui uscate \u00een exterior \u00een perioadele \u00een care nivelul polenului este ridicat. \u00cen acela\u0219i timp, trebuie urm\u0103rit calendarul polinic pentru evitarea expunerii \u00een orele de v\u00e2rf ale zilelor c\u0103lduroase.<\/p>\n<p>\u00cen cazul copiilor diagnostica\u021bi cu astm, tratamentul recomandat de medic trebuie continuat \u0219i administrat corect pe \u00eentreaga perioad\u0103 indicat\u0103. Apari\u021bia sau accentuarea simptomelor respiratorii necesit\u0103 o reevaluare medical\u0103 \u0219i, dac\u0103 este nevoie, adaptarea tratamentului.<\/p>\n<p>\u201eTrebuie spus c\u0103 nu orice copil alergic la ambrozie va dezvolta astm. Exist\u0103, \u00eens\u0103, o leg\u0103tur\u0103 str\u00e2ns\u0103 \u00eentre rinita alergic\u0103 \u0219i astm, cele dou\u0103 afec\u021biuni put\u00e2nd ap\u0103rea \u00eempreun\u0103. De aceea, tusea repetat\u0103, \u00een special noaptea sau la efort, episoadele de respira\u021bie \u0219uier\u0103toare ori dificult\u0103\u021bile de respira\u021bie care apar sau se accentueaz\u0103 \u00een perioada poleniz\u0103rii ambroziei nu trebuie ignorate. Un factor de risc pentru dezvoltarea astmului este \u0219i prezen\u021ba dermatitei atopice \u00een copil\u0103rie, care poate sugera predispozi\u021bia alergic\u0103 a copilului, a\u0219a-numitul mar\u0219 alergic continu\u00e2nd cu rinita alergic\u0103 \u0219i posibil astm\u201d, a precizat prof. dr. Ioana Ciuc\u0103.<\/p>\n<h2>CITE\u015eTE \u015eI: <span><a href=\"https:\/\/renasterea.ro\/tata-si-fiu-paramedici-smurd-unul-de-la-isu-hunedoara-si-celalalt-de-la-isu-timis-au-salvat-un-tanar-de-la-inec\/\">Tat\u0103 \u0219i fiu, paramedici SMURD, unul de la ISU Hunedoara \u0219i cel\u0103lalt de la ISU Timi\u0219, au salvat un t\u00e2n\u0103r de la \u00eenec<\/a><\/span><\/h2>\n<p>\u00cen cazul astmului alergic, expunerea repetat\u0103 la cantit\u0103\u021bi mari de polen de ambrozie poate determina exacerb\u0103rile, care pot fi uneori extrem de severe. Aceste episoade pot duce la o agravare rapid\u0103 a simptomelor \u0219i pot necesita administrarea medica\u021biei de urgen\u021b\u0103 sau chiar prezentarea la spital. Riscul este mai mare atunci c\u00e2nd astmul nu este bine controlat sau tratamentul recomandat nu este administrat corect.<\/p>\n<\/div>\n<p>[analyse_source url=&#8221;https:\/\/renasterea.ro\/semnal-de-alarma-tras-de-un-renumit-medic-din-timisoara-alergia-la-ambrozie-poate-aparea-chiar-si-la-copii-cu-varsta-mai-mica-de-un-an-iar-expunerea-la-polen-poate-declansa-simptome-de-astm\/&#8221;]<\/p>\n","protected":false},"excerpt":{"rendered":"<p>[analyse_image type=&#8221;featured&#8221; src=&#8221;https:\/\/renasterea.ro\/ro\/wp-content\/uploads\/Ioana-Ciuca.jpghttps:\/\/renasterea.ro\/ro\/wp-content\/uploads\/Ioana-Ciuca.jpg&#8221;] Chiar dac\u0103, \u00een general, simptomele alergiei la polenul de ambrozie se dezvolt\u0103 dup\u0103 mai mul\u021bi ani de expunere \u0219i sunt \u00eent\u00e2lnite \u00een jurul v\u00e2rstei de 4 ani, sensibilizarea IgE la alergeni poate ap\u0103rea \u0219i la copiii cu v\u00e2rste de la sub 1 an la 3 ani. Perioada cuprins\u0103 \u00eentre mijlocul lunii august [&hellip;]<\/p>\n","protected":false},"author":1,"featured_media":0,"comment_status":"open","ping_status":"","sticky":false,"template":"","format":"standard","meta":{"footnotes":""},"categories":[89],"tags":[226,188],"class_list":["post-2099679","post","type-post","status-publish","format-standard","hentry","category-romania","tag-crawlmanager","tag-renasterea-ro"],"_links":{"self":[{"href":"https:\/\/analyse.optim.biz\/index.php?rest_route=\/wp\/v2\/posts\/2099679","targetHints":{"allow":["GET"]}}],"collection":[{"href":"https:\/\/analyse.optim.biz\/index.php?rest_route=\/wp\/v2\/posts"}],"about":[{"href":"https:\/\/analyse.optim.biz\/index.php?rest_route=\/wp\/v2\/types\/post"}],"author":[{"embeddable":true,"href":"https:\/\/analyse.optim.biz\/index.php?rest_route=\/wp\/v2\/users\/1"}],"replies":[{"embeddable":true,"href":"https:\/\/analyse.optim.biz\/index.php?rest_route=%2Fwp%2Fv2%2Fcomments&post=2099679"}],"version-history":[{"count":0,"href":"https:\/\/analyse.optim.biz\/index.php?rest_route=\/wp\/v2\/posts\/2099679\/revisions"}],"wp:attachment":[{"href":"https:\/\/analyse.optim.biz\/index.php?rest_route=%2Fwp%2Fv2%2Fmedia&parent=2099679"}],"wp:term":[{"taxonomy":"category","embeddable":true,"href":"https:\/\/analyse.optim.biz\/index.php?rest_route=%2Fwp%2Fv2%2Fcategories&post=2099679"},{"taxonomy":"post_tag","embeddable":true,"href":"https:\/\/analyse.optim.biz\/index.php?rest_route=%2Fwp%2Fv2%2Ftags&post=2099679"}],"curies":[{"name":"wp","href":"https:\/\/api.w.org\/{rel}","templated":true}]}}